{"id":7922,"date":"2021-11-02T11:57:23","date_gmt":"2021-11-02T09:57:23","guid":{"rendered":"http:\/\/abspace.yves-rocher.com\/be\/?p=7922"},"modified":"2023-10-24T17:46:48","modified_gmt":"2023-10-24T15:46:48","slug":"nos-idees-de-cadeaux-de-noel","status":"publish","type":"post","link":"https:\/\/abspace.yves-rocher.com\/be\/fr\/nos-idees-de-cadeaux-de-noel\/","title":{"rendered":"Nos id\u00e9es de cadeaux de No\u00ebl"},"content":{"rendered":"<div id=\"pl-7922\"  class=\"panel-layout\" ><div id=\"pg-7922-0\"  class=\"panel-grid panel-no-style\" ><div id=\"pgc-7922-0-0\"  class=\"panel-grid-cell\" >            <div class=\"textWidget header-description \">\r\n                <p>Les f\u00eates approchent\u00a0! Plongez dans la magie de No\u00ebl en d\u00e9couvrant notre s\u00e9lection parfaite pour faire plaisir \u00e0 vos proches.\n<\/p>\r\n            <\/div>\r\n    <\/div><\/div><div id=\"pg-7922-1\"  class=\"panel-grid panel-no-style\" ><div id=\"pgc-7922-1-0\"  class=\"panel-grid-cell\" ><div id=\"panel-7922-1-0-0\" class=\"so-panel widget widget_sow-editor panel-first-child panel-last-child\" data-index=\"1\" ><div\n\t\t\t\n\t\t\tclass=\"so-widget-sow-editor so-widget-sow-editor-base\"\n\t\t\t\n\t\t>\n<div class=\"siteorigin-widget-tinymce textwidget\">\n\t<h5>Il est d\u00e9j\u00e0 temps de se rapprocher du moment tant attendu, celui de pr\u00e9voir ce que vous allez offrir \u00e0 vos proches pour Noel. D\u00e9couvrez nos palettes make-up, kits craquants, senteurs in\u00e9dites. En ligne ou en magasin, aucun doute, vous allez trouver de quoi faire plaisir \u00e0 ceux que vous aimez.<\/h5>\n<\/div>\n<\/div><\/div><\/div><\/div><div id=\"pg-7922-2\"  class=\"panel-grid panel-no-style\" ><div id=\"pgc-7922-2-0\"  class=\"panel-grid-cell\" ><div id=\"panel-7922-2-0-0\" class=\"so-panel widget widget_sow-editor panel-first-child panel-last-child\" data-index=\"2\" ><div\n\t\t\t\n\t\t\tclass=\"so-widget-sow-editor so-widget-sow-editor-base\"\n\t\t\t\n\t\t>\n<div class=\"siteorigin-widget-tinymce textwidget\">\n\t<h2>\u00a0<\/h2>\n<h2>\u00a0<\/h2>\n<h2><strong>Les senteurs in\u00e9dites de Noel<\/strong><\/h2>\n<p>Cette ann\u00e9e, nous avons mis \u00e0 l\u2019honneur 4<strong>\u00a0senteurs in\u00e9dites <\/strong>pour les f\u00eates de Noel\u00a0!<\/p>\n<p>D\u00e9couvrez d\u2019abord la senteur <strong>Litchi Givr\u00e9<\/strong>, aux notes fraiches et fruit\u00e9es, puis la senteur <b>Infusion d'\u00c9pices<\/b>, plut\u00f4t\u00a0gourmande et r\u00e9confortante.\u00a0Retrouvez ces senteurs, entre autres, sous forme de kit comprenant un Gel Douche, un Gommage en gel, un Lait Corps et un Baume \u00e0 L\u00e8vres.<\/p>\n<p>La troisi\u00e8me senteur est <strong>Karit\u00e9 &amp; Douceur d'Amandes<\/strong>, \u00e0 la formule riche et nourrissante. Retrouvez cette senteur sous forme de kit comprenant un Douche Surgras, un Gommage Corps et un Lait Corps. Enfin, laissez-vous envo\u00fbter par <strong>Voile Dor\u00e9<\/strong>, un m\u00e9lange sophistiqu\u00e9 et r\u00e9confortant r\u00e9v\u00e9lant une vanille \u00e9pic\u00e9e chaleureuse.\u00a0<\/p>\n<\/div>\n<\/div><\/div><\/div><div id=\"pgc-7922-2-1\"  class=\"panel-grid-cell\" ><div id=\"panel-7922-2-1-0\" class=\"so-panel widget widget_sow-image panel-first-child panel-last-child\" data-index=\"3\" ><div\n\t\t\t\n\t\t\tclass=\"so-widget-sow-image so-widget-sow-image-default-8b5b6f678277-7922\"\n\t\t\t\n\t\t>\r\n\r\n\r\n<div class=\"sow-image-container\">\r\n    <a href=\"https:\/\/www.yves-rocher.be\/fr\/collection-noel\/c\/OS\" >\r\n    <img loading=\"lazy\" decoding=\"async\" src=\"https:\/\/abspace.yves-rocher.com\/be\/wp-content\/uploads\/sites\/5\/2021\/11\/1027401-Compo_Noel_2023_4.jpg\" width=\"1000\" height=\"1000\" srcset=\"\"          class=\"so-widget-image\" \/>\r\n\r\n    \r\n    <\/a>\r\n    <\/div>\r\n\r\n<\/div><\/div><\/div><\/div><div id=\"pg-7922-3\"  class=\"panel-grid panel-no-style\" ><div id=\"pgc-7922-3-0\"  class=\"panel-grid-cell\" ><div id=\"panel-7922-3-0-0\" class=\"so-panel widget panel-first-child panel-last-child\" data-index=\"4\" ><\/div><\/div><\/div><div id=\"pg-7922-4\"  class=\"panel-grid panel-no-style\" ><div id=\"pgc-7922-4-0\"  class=\"panel-grid-cell\" ><div id=\"panel-7922-4-0-0\" class=\"so-panel widget widget_sow-image panel-first-child panel-last-child\" data-index=\"5\" ><div\n\t\t\t\n\t\t\tclass=\"so-widget-sow-image so-widget-sow-image-default-8b5b6f678277-7922\"\n\t\t\t\n\t\t>\r\n\r\n\r\n<div class=\"sow-image-container\">\r\n    <a href=\"https:\/\/www.yves-rocher.be\/fr\/parfum\/parfum-feminin\/sets\/c\/31300\" >\r\n    <img loading=\"lazy\" decoding=\"async\" src=\"https:\/\/abspace.yves-rocher.com\/be\/wp-content\/uploads\/sites\/5\/2021\/11\/679b6d72-2e51-4434-a468-d0e478d82408-e1691496737178.png\" width=\"870\" height=\"592\" srcset=\"\" title=\"679b6d72-2e51-4434-a468-d0e478d82408\"          class=\"so-widget-image\" \/>\r\n\r\n    \r\n    <\/a>\r\n    <\/div>\r\n\r\n<\/div><\/div><\/div><div id=\"pgc-7922-4-1\"  class=\"panel-grid-cell\" ><div id=\"panel-7922-4-1-0\" class=\"so-panel widget widget_sow-editor panel-first-child panel-last-child\" data-index=\"6\" ><div\n\t\t\t\n\t\t\tclass=\"so-widget-sow-editor so-widget-sow-editor-base\"\n\t\t\t\n\t\t>\n<div class=\"siteorigin-widget-tinymce textwidget\">\n\t<h2>\u00a0<\/h2>\n<h2><strong>Les coffrets parfums<\/strong><\/h2>\n<p>La deuxi\u00e8me star de No\u00ebl est souvent le coffret parfum. Cette ann\u00e9e, le premier coffret que nous vous faisons d\u00e9couvrir est le coffret <strong>Voile Dor\u00e9<\/strong>. Le joli coffret aux \u00e9clats dor\u00e9s renferme un duo de produits parfum\u00e9 pour vous plonger sans plus attendre dans l'esprit de Noel ! D\u00e9couvrez les notes vanill\u00e9es et \u00e9pic\u00e9es de la nouvelle senteur dans\u00a0 ce coffret compos\u00e9 de l'<strong>Eau de Toilette <\/strong>(100ml) et du <strong>Gel Douche Parfum\u00e9<\/strong>\u00a0(70g).\u00a0<\/p>\n<p>D\u00e9couvrez aussi le <strong>coffret<\/strong>\u00a0<strong>Comme une Evidence<\/strong>, compos\u00e9 d'une <strong>Eau de parfum<\/strong> (50ml), d'un <strong>Vaporisateur de sac<\/strong> (10ml) et d'une<strong> Cr\u00e8me Mains <\/strong>(30ml). Les coffrets vous offrent un rituel parfum\u00e9 \u00e0 emporter partout avec soi !<\/p>\n<\/div>\n<\/div><\/div><\/div><\/div><div id=\"pg-7922-5\"  class=\"panel-grid panel-no-style\" ><div id=\"pgc-7922-5-0\"  class=\"panel-grid-cell\" ><div id=\"panel-7922-5-0-0\" class=\"so-panel widget widget_sow-editor panel-first-child panel-last-child\" data-index=\"7\" ><div\n\t\t\t\n\t\t\tclass=\"so-widget-sow-editor so-widget-sow-editor-base\"\n\t\t\t\n\t\t>\n<div class=\"siteorigin-widget-tinymce textwidget\">\n\t<p>Dans <strong>le coffret Verte Envol\u00e9e<\/strong>, retrouvez toute l'\u00e9motion des senteurs de <strong>herbes folles<\/strong> dans un \u00e9crin compos\u00e9 d'une Eau de Parfum Verte Envol\u00e9e de 30 ml et d'un Parfum Solide Verte Envol\u00e9e de 13 g. La senteur fraiche et stimulante Verte Envol\u00e9e vous permet de renouer avec votre vitalit\u00e9.<\/p>\n<p>Enfin, si vous cherchez \u00e0 faire plaisir \u00e0 un homme, d\u00e9couvrez <strong>l\u2019eau de toilette Bois de Sauge<\/strong>. Cette Eau de Toilette incarne un sentiment de libert\u00e9 et d\u2019aventure gr\u00e2ce \u00e0 la fra\u00eecheur aromatique de la <strong>Sauge<\/strong> se m\u00ealant \u00e0 l\u2019intensit\u00e9 du <strong>Bois de Ga\u00efac et du Patchouli.<\/strong><\/p>\n<\/div>\n<\/div><\/div><\/div><div id=\"pgc-7922-5-1\"  class=\"panel-grid-cell\" ><div id=\"panel-7922-5-1-0\" class=\"so-panel widget widget_sow-image panel-first-child panel-last-child\" data-index=\"8\" ><div\n\t\t\t\n\t\t\tclass=\"so-widget-sow-image so-widget-sow-image-default-8b5b6f678277-7922\"\n\t\t\t\n\t\t>\r\n\r\n\r\n<div class=\"sow-image-container\">\r\n    <a href=\"https:\/\/www.yves-rocher.be\/fr\/parfum\/parfum-feminin\/sets\/c\/31300\" >\r\n    <img loading=\"lazy\" decoding=\"async\" src=\"https:\/\/abspace.yves-rocher.com\/be\/wp-content\/uploads\/sites\/5\/2021\/11\/900205-Eau-de-Parfum-Verte-Envolee-e1691498108694.png\" width=\"1000\" height=\"582\" srcset=\"\" title=\"900205-Eau de Parfum Verte Envol\u00e9e\"          class=\"so-widget-image\" \/>\r\n\r\n    \r\n    <\/a>\r\n    <\/div>\r\n\r\n<\/div><\/div><\/div><\/div><div id=\"pg-7922-6\"  class=\"panel-grid panel-no-style\" ><div id=\"pgc-7922-6-0\"  class=\"panel-grid-cell\" ><div id=\"panel-7922-6-0-0\" class=\"so-panel widget panel-first-child panel-last-child\" data-index=\"9\" ><\/div><\/div><\/div><div id=\"pg-7922-7\"  class=\"panel-grid panel-no-style\" ><div id=\"pgc-7922-7-0\"  class=\"panel-grid-cell\" ><div id=\"panel-7922-7-0-0\" class=\"so-panel widget widget_sow-image panel-first-child panel-last-child\" data-index=\"10\" ><div\n\t\t\t\n\t\t\tclass=\"so-widget-sow-image so-widget-sow-image-default-8b5b6f678277-7922\"\n\t\t\t\n\t\t>\r\n\r\n\r\n<div class=\"sow-image-container\">\r\n    <a href=\"https:\/\/www.yves-rocher.be\/fr\/collection-noel\/c\/OS?q=:relevance:limitedEdition:Maquillage+de+F%C3%AAte\" >\r\n    <img loading=\"lazy\" decoding=\"async\" src=\"https:\/\/abspace.yves-rocher.com\/be\/wp-content\/uploads\/sites\/5\/2021\/11\/1022490-DIGITAL-Noel-2023-e1691498611931.jpg\" width=\"667\" height=\"512\" srcset=\"\" title=\"1022490-DIGITAL No\u00ebl 2023\"          class=\"so-widget-image\" \/>\r\n\r\n    \r\n    <\/a>\r\n    <\/div>\r\n\r\n<\/div><\/div><\/div><div id=\"pgc-7922-7-1\"  class=\"panel-grid-cell\" ><div id=\"panel-7922-7-1-0\" class=\"so-panel widget widget_sow-editor panel-first-child panel-last-child\" data-index=\"11\" ><div\n\t\t\t\n\t\t\tclass=\"so-widget-sow-editor so-widget-sow-editor-base\"\n\t\t\t\n\t\t>\n<div class=\"siteorigin-widget-tinymce textwidget\">\n\t<h2>\u00a0<\/h2>\n<h2><strong>Les palettes, l\u2019incontournable de Noel<\/strong><\/h2>\n<p>Les <strong>palettes de maquillage<\/strong> sont un incontournable de Noel et font toujours plaisir, peu importe si on en poss\u00e8de d\u00e9j\u00e0 une bonne quinzaine. Nous sommes toujours excit\u00e9s \u00e0 l\u2019id\u00e9e de d\u00e9couvrir de nouvelles teintes \u00e0 combiner \u00e0 l\u2019infini. Pour ce No\u00ebl, voici <strong>3 palettes<\/strong> d'Or et d'\u00c9pices de tailles et de teintes diff\u00e9rentes en \u00e9dition limit\u00e9e.<\/p>\n<p>La 1<sup>\u00e8re<\/sup> est la palette avec 3 teintes \u00e0 emmener partout, parfaite pour des looks nudes et p\u00e9tillants. La 2\u00e8me est la palette\u00a0 en 9 teintes diff\u00e9rentes inspir\u00e9es des couleurs de la nature, pour un regard \u00e9tincelant. La 3e palette est la grande palette<strong>.<\/strong> Gr\u00e2ce \u00e0 ses 12 teintes, 2 fards \u00e0 paupi\u00e8res et son highlighter, elle vous permettra d\u2019exprimer votre cr\u00e9ativit\u00e9 !<\/p>\n<\/div>\n<\/div><\/div><\/div><\/div><div id=\"pg-7922-8\"  class=\"panel-grid panel-no-style\" ><div id=\"pgc-7922-8-0\"  class=\"panel-grid-cell\" ><div id=\"panel-7922-8-0-0\" class=\"so-panel widget panel-first-child panel-last-child\" data-index=\"12\" ><\/div><\/div><\/div><div id=\"pg-7922-9\"  class=\"panel-grid panel-no-style\" ><div id=\"pgc-7922-9-0\"  class=\"panel-grid-cell\" ><div id=\"panel-7922-9-0-0\" class=\"so-panel widget widget_sow-editor panel-first-child\" data-index=\"13\" ><div\n\t\t\t\n\t\t\tclass=\"so-widget-sow-editor so-widget-sow-editor-base\"\n\t\t\t\n\t\t>\n<div class=\"siteorigin-widget-tinymce textwidget\">\n\t<h2>\u00a0<\/h2>\n<h2>\u00a0<\/h2>\n<h2><strong>Le calendrier du Nouvel An<\/strong><\/h2>\n<p>Vous connaissez le calendrier de l\u2019avent, d\u00e9couvrez maintenant le <strong>calendrier du Nouvel An<\/strong>\u00a0qui ferait un cadeau parfait \u00e0 offrir !<\/p>\n<p>Chaque jour, entre No\u00ebl et le nouvel an, d\u00e9couvrez une nouvelle surprise maquillage pour composer son extraordinaire look de fin d\u2019ann\u00e9e ! Qu\u2019attendez-vous pour surprendre vos proches avec de nouvelles surprises jusqu\u2019au Nouvel An ?<\/p>\n<\/div>\n<\/div><\/div><div id=\"panel-7922-9-0-1\" class=\"so-panel widget panel-last-child\" data-index=\"14\" ><\/div><\/div><div id=\"pgc-7922-9-1\"  class=\"panel-grid-cell\" ><div id=\"panel-7922-9-1-0\" class=\"so-panel widget widget_sow-image panel-first-child panel-last-child\" data-index=\"15\" ><div\n\t\t\t\n\t\t\tclass=\"so-widget-sow-image so-widget-sow-image-default-8b5b6f678277-7922\"\n\t\t\t\n\t\t>\r\n\r\n\r\n<div class=\"sow-image-container\">\r\n    <a href=\"https:\/\/www.yves-rocher.be\/fr\/maquillage\/le-calendrier-du-nouvel-an-collection-de-noel\/p\/02693\" >\r\n    <img loading=\"lazy\" decoding=\"async\" src=\"https:\/\/abspace.yves-rocher.com\/be\/wp-content\/uploads\/sites\/5\/2021\/11\/1012774-Calendrier-du-Nouvel-An-New-Years-Calendar-150x150.jpg\" width=\"150\" height=\"150\" srcset=\"\" title=\"1012774-Calendrier du Nouvel An &#8211; New Year&#8217;s Calendar\"          class=\"so-widget-image\" \/>\r\n\r\n    \r\n    <\/a>\r\n    <\/div>\r\n\r\n<\/div><\/div><\/div><\/div><\/div>","protected":false},"excerpt":{"rendered":"<p>D\u00e9couvrez notre s\u00e9lection pour faire plaisir \u00e0 vos proches\u00a0pour No\u00ebl ! <\/p>\n","protected":false},"author":935949,"featured_media":9130,"comment_status":"open","ping_status":"open","sticky":false,"template":"","format":"standard","meta":{"_acf_changed":false,"_exactmetrics_skip_tracking":false,"_exactmetrics_sitenote_active":false,"_exactmetrics_sitenote_note":"","_exactmetrics_sitenote_category":0,"footnotes":""},"categories":[1],"tags":[417],"class_list":["post-7922","post","type-post","status-publish","format-standard","has-post-thumbnail","hentry","category-uncategorized","tag-ideescadeaux"],"acf":[],"yoast_head":"<!-- This site is optimized with the Yoast SEO plugin v24.7 - https:\/\/yoast.com\/wordpress\/plugins\/seo\/ -->\n<title>Act Beautiful - Nos id\u00e9es de cadeaux de No\u00ebl - Yves Rocher<\/title>\n<meta name=\"description\" content=\"D\u00e9couvrez notre s\u00e9lection pour faire plaisir \u00e0 vos proches\u00a0pour No\u00ebl !\" \/>\n<meta name=\"robots\" content=\"index, follow, max-snippet:-1, max-image-preview:large, max-video-preview:-1\" \/>\n<link rel=\"canonical\" href=\"https:\/\/abspace.yves-rocher.com\/be\/fr\/nos-idees-de-cadeaux-de-noel\/\" \/>\n<meta property=\"og:locale\" content=\"fr_FR\" \/>\n<meta property=\"og:type\" content=\"article\" \/>\n<meta property=\"og:title\" content=\"Act Beautiful - Nos id\u00e9es de cadeaux de No\u00ebl - Yves Rocher\" \/>\n<meta property=\"og:description\" content=\"D\u00e9couvrez notre s\u00e9lection pour faire plaisir \u00e0 vos proches\u00a0pour No\u00ebl !\" \/>\n<meta property=\"og:url\" content=\"https:\/\/abspace.yves-rocher.com\/be\/fr\/nos-idees-de-cadeaux-de-noel\/\" \/>\n<meta property=\"og:site_name\" content=\"Belgium FR YR AB\" \/>\n<meta property=\"article:published_time\" content=\"2021-11-02T09:57:23+00:00\" \/>\n<meta property=\"article:modified_time\" content=\"2023-10-24T15:46:48+00:00\" \/>\n<meta property=\"og:image\" content=\"https:\/\/abspace.yves-rocher.com\/be\/wp-content\/uploads\/sites\/5\/2021\/11\/1027401-Compo_Noel_2023_4.jpg\" \/>\n\t<meta property=\"og:image:width\" content=\"1000\" \/>\n\t<meta property=\"og:image:height\" content=\"1000\" \/>\n\t<meta property=\"og:image:type\" content=\"image\/jpeg\" \/>\n<meta name=\"author\" content=\"Alice Mendes\" \/>\n<meta name=\"twitter:card\" content=\"summary_large_image\" \/>\n<meta name=\"twitter:label1\" content=\"Written by\" \/>\n\t<meta name=\"twitter:data1\" content=\"Alice Mendes\" \/>\n\t<meta name=\"twitter:label2\" content=\"Est. reading time\" \/>\n\t<meta name=\"twitter:data2\" content=\"3 minutes\" \/>\n<script type=\"application\/ld+json\" class=\"yoast-schema-graph\">{\"@context\":\"https:\/\/schema.org\",\"@graph\":[{\"@type\":\"WebPage\",\"@id\":\"https:\/\/abspace.yves-rocher.com\/be\/fr\/nos-idees-de-cadeaux-de-noel\/\",\"url\":\"https:\/\/abspace.yves-rocher.com\/be\/fr\/nos-idees-de-cadeaux-de-noel\/\",\"name\":\"Act Beautiful - Nos id\u00e9es de cadeaux de No\u00ebl - Yves Rocher\",\"isPartOf\":{\"@id\":\"https:\/\/abspace.yves-rocher.com\/be\/#website\"},\"primaryImageOfPage\":{\"@id\":\"https:\/\/abspace.yves-rocher.com\/be\/fr\/nos-idees-de-cadeaux-de-noel\/#primaryimage\"},\"image\":{\"@id\":\"https:\/\/abspace.yves-rocher.com\/be\/fr\/nos-idees-de-cadeaux-de-noel\/#primaryimage\"},\"thumbnailUrl\":\"https:\/\/abspace.yves-rocher.com\/be\/wp-content\/uploads\/sites\/5\/2021\/11\/1027401-Compo_Noel_2023_4.jpg\",\"datePublished\":\"2021-11-02T09:57:23+00:00\",\"dateModified\":\"2023-10-24T15:46:48+00:00\",\"author\":{\"@id\":\"https:\/\/abspace.yves-rocher.com\/be\/#\/schema\/person\/40f8c53003459b41fa1aca086c588e97\"},\"description\":\"D\u00e9couvrez notre s\u00e9lection pour faire plaisir \u00e0 vos proches\u00a0pour No\u00ebl !\",\"breadcrumb\":{\"@id\":\"https:\/\/abspace.yves-rocher.com\/be\/fr\/nos-idees-de-cadeaux-de-noel\/#breadcrumb\"},\"inLanguage\":\"fr-BE\",\"potentialAction\":[{\"@type\":\"ReadAction\",\"target\":[\"https:\/\/abspace.yves-rocher.com\/be\/fr\/nos-idees-de-cadeaux-de-noel\/\"]}]},{\"@type\":\"ImageObject\",\"inLanguage\":\"fr-BE\",\"@id\":\"https:\/\/abspace.yves-rocher.com\/be\/fr\/nos-idees-de-cadeaux-de-noel\/#primaryimage\",\"url\":\"https:\/\/abspace.yves-rocher.com\/be\/wp-content\/uploads\/sites\/5\/2021\/11\/1027401-Compo_Noel_2023_4.jpg\",\"contentUrl\":\"https:\/\/abspace.yves-rocher.com\/be\/wp-content\/uploads\/sites\/5\/2021\/11\/1027401-Compo_Noel_2023_4.jpg\",\"width\":1000,\"height\":1000},{\"@type\":\"BreadcrumbList\",\"@id\":\"https:\/\/abspace.yves-rocher.com\/be\/fr\/nos-idees-de-cadeaux-de-noel\/#breadcrumb\",\"itemListElement\":[{\"@type\":\"ListItem\",\"position\":1,\"name\":\"Home\",\"item\":\"https:\/\/abspace.yves-rocher.com\/be\/fr\/\"},{\"@type\":\"ListItem\",\"position\":2,\"name\":\"Nos id\u00e9es de cadeaux de No\u00ebl\"}]},{\"@type\":\"WebSite\",\"@id\":\"https:\/\/abspace.yves-rocher.com\/be\/#website\",\"url\":\"https:\/\/abspace.yves-rocher.com\/be\/\",\"name\":\"Belgium FR YR AB\",\"description\":\"Belgium FR YR AB\",\"potentialAction\":[{\"@type\":\"SearchAction\",\"target\":{\"@type\":\"EntryPoint\",\"urlTemplate\":\"https:\/\/abspace.yves-rocher.com\/be\/?s={search_term_string}\"},\"query-input\":{\"@type\":\"PropertyValueSpecification\",\"valueRequired\":true,\"valueName\":\"search_term_string\"}}],\"inLanguage\":\"fr-BE\"},{\"@type\":\"Person\",\"@id\":\"https:\/\/abspace.yves-rocher.com\/be\/#\/schema\/person\/40f8c53003459b41fa1aca086c588e97\",\"name\":\"Alice Mendes\",\"image\":{\"@type\":\"ImageObject\",\"inLanguage\":\"fr-BE\",\"@id\":\"https:\/\/abspace.yves-rocher.com\/be\/#\/schema\/person\/image\/\",\"url\":\"https:\/\/secure.gravatar.com\/avatar\/610d2792616e6f74a4f3fbadf5cd6c89?s=96&d=mm&r=g\",\"contentUrl\":\"https:\/\/secure.gravatar.com\/avatar\/610d2792616e6f74a4f3fbadf5cd6c89?s=96&d=mm&r=g\",\"caption\":\"Alice Mendes\"},\"url\":\"https:\/\/abspace.yves-rocher.com\/be\/fr\/author\/alicemendes\/\"}]}<\/script>\n<!-- \/ Yoast SEO plugin. -->","yoast_head_json":{"title":"Act Beautiful - Nos id\u00e9es de cadeaux de No\u00ebl - Yves Rocher","description":"D\u00e9couvrez notre s\u00e9lection pour faire plaisir \u00e0 vos proches\u00a0pour No\u00ebl !","robots":{"index":"index","follow":"follow","max-snippet":"max-snippet:-1","max-image-preview":"max-image-preview:large","max-video-preview":"max-video-preview:-1"},"canonical":"https:\/\/abspace.yves-rocher.com\/be\/fr\/nos-idees-de-cadeaux-de-noel\/","og_locale":"fr_FR","og_type":"article","og_title":"Act Beautiful - Nos id\u00e9es de cadeaux de No\u00ebl - Yves Rocher","og_description":"D\u00e9couvrez notre s\u00e9lection pour faire plaisir \u00e0 vos proches\u00a0pour No\u00ebl !","og_url":"https:\/\/abspace.yves-rocher.com\/be\/fr\/nos-idees-de-cadeaux-de-noel\/","og_site_name":"Belgium FR YR AB","article_published_time":"2021-11-02T09:57:23+00:00","article_modified_time":"2023-10-24T15:46:48+00:00","og_image":[{"width":1000,"height":1000,"url":"https:\/\/abspace.yves-rocher.com\/be\/wp-content\/uploads\/sites\/5\/2021\/11\/1027401-Compo_Noel_2023_4.jpg","type":"image\/jpeg"}],"author":"Alice Mendes","twitter_card":"summary_large_image","twitter_misc":{"Written by":"Alice Mendes","Est. reading time":"3 minutes"},"schema":{"@context":"https:\/\/schema.org","@graph":[{"@type":"WebPage","@id":"https:\/\/abspace.yves-rocher.com\/be\/fr\/nos-idees-de-cadeaux-de-noel\/","url":"https:\/\/abspace.yves-rocher.com\/be\/fr\/nos-idees-de-cadeaux-de-noel\/","name":"Act Beautiful - Nos id\u00e9es de cadeaux de No\u00ebl - Yves Rocher","isPartOf":{"@id":"https:\/\/abspace.yves-rocher.com\/be\/#website"},"primaryImageOfPage":{"@id":"https:\/\/abspace.yves-rocher.com\/be\/fr\/nos-idees-de-cadeaux-de-noel\/#primaryimage"},"image":{"@id":"https:\/\/abspace.yves-rocher.com\/be\/fr\/nos-idees-de-cadeaux-de-noel\/#primaryimage"},"thumbnailUrl":"https:\/\/abspace.yves-rocher.com\/be\/wp-content\/uploads\/sites\/5\/2021\/11\/1027401-Compo_Noel_2023_4.jpg","datePublished":"2021-11-02T09:57:23+00:00","dateModified":"2023-10-24T15:46:48+00:00","author":{"@id":"https:\/\/abspace.yves-rocher.com\/be\/#\/schema\/person\/40f8c53003459b41fa1aca086c588e97"},"description":"D\u00e9couvrez notre s\u00e9lection pour faire plaisir \u00e0 vos proches\u00a0pour No\u00ebl !","breadcrumb":{"@id":"https:\/\/abspace.yves-rocher.com\/be\/fr\/nos-idees-de-cadeaux-de-noel\/#breadcrumb"},"inLanguage":"fr-BE","potentialAction":[{"@type":"ReadAction","target":["https:\/\/abspace.yves-rocher.com\/be\/fr\/nos-idees-de-cadeaux-de-noel\/"]}]},{"@type":"ImageObject","inLanguage":"fr-BE","@id":"https:\/\/abspace.yves-rocher.com\/be\/fr\/nos-idees-de-cadeaux-de-noel\/#primaryimage","url":"https:\/\/abspace.yves-rocher.com\/be\/wp-content\/uploads\/sites\/5\/2021\/11\/1027401-Compo_Noel_2023_4.jpg","contentUrl":"https:\/\/abspace.yves-rocher.com\/be\/wp-content\/uploads\/sites\/5\/2021\/11\/1027401-Compo_Noel_2023_4.jpg","width":1000,"height":1000},{"@type":"BreadcrumbList","@id":"https:\/\/abspace.yves-rocher.com\/be\/fr\/nos-idees-de-cadeaux-de-noel\/#breadcrumb","itemListElement":[{"@type":"ListItem","position":1,"name":"Home","item":"https:\/\/abspace.yves-rocher.com\/be\/fr\/"},{"@type":"ListItem","position":2,"name":"Nos id\u00e9es de cadeaux de No\u00ebl"}]},{"@type":"WebSite","@id":"https:\/\/abspace.yves-rocher.com\/be\/#website","url":"https:\/\/abspace.yves-rocher.com\/be\/","name":"Belgium FR YR AB","description":"Belgium FR YR AB","potentialAction":[{"@type":"SearchAction","target":{"@type":"EntryPoint","urlTemplate":"https:\/\/abspace.yves-rocher.com\/be\/?s={search_term_string}"},"query-input":{"@type":"PropertyValueSpecification","valueRequired":true,"valueName":"search_term_string"}}],"inLanguage":"fr-BE"},{"@type":"Person","@id":"https:\/\/abspace.yves-rocher.com\/be\/#\/schema\/person\/40f8c53003459b41fa1aca086c588e97","name":"Alice Mendes","image":{"@type":"ImageObject","inLanguage":"fr-BE","@id":"https:\/\/abspace.yves-rocher.com\/be\/#\/schema\/person\/image\/","url":"https:\/\/secure.gravatar.com\/avatar\/610d2792616e6f74a4f3fbadf5cd6c89?s=96&d=mm&r=g","contentUrl":"https:\/\/secure.gravatar.com\/avatar\/610d2792616e6f74a4f3fbadf5cd6c89?s=96&d=mm&r=g","caption":"Alice Mendes"},"url":"https:\/\/abspace.yves-rocher.com\/be\/fr\/author\/alicemendes\/"}]}},"_links":{"self":[{"href":"https:\/\/abspace.yves-rocher.com\/be\/ws\/wp\/v2\/posts\/7922","targetHints":{"allow":["GET"]}}],"collection":[{"href":"https:\/\/abspace.yves-rocher.com\/be\/ws\/wp\/v2\/posts"}],"about":[{"href":"https:\/\/abspace.yves-rocher.com\/be\/ws\/wp\/v2\/types\/post"}],"author":[{"embeddable":true,"href":"https:\/\/abspace.yves-rocher.com\/be\/ws\/wp\/v2\/users\/935949"}],"replies":[{"embeddable":true,"href":"https:\/\/abspace.yves-rocher.com\/be\/ws\/wp\/v2\/comments?post=7922"}],"version-history":[{"count":11,"href":"https:\/\/abspace.yves-rocher.com\/be\/ws\/wp\/v2\/posts\/7922\/revisions"}],"predecessor-version":[{"id":8030,"href":"https:\/\/abspace.yves-rocher.com\/be\/ws\/wp\/v2\/posts\/7922\/revisions\/8030"}],"wp:featuredmedia":[{"embeddable":true,"href":"https:\/\/abspace.yves-rocher.com\/be\/ws\/wp\/v2\/media\/9130"}],"wp:attachment":[{"href":"https:\/\/abspace.yves-rocher.com\/be\/ws\/wp\/v2\/media?parent=7922"}],"wp:term":[{"taxonomy":"category","embeddable":true,"href":"https:\/\/abspace.yves-rocher.com\/be\/ws\/wp\/v2\/categories?post=7922"},{"taxonomy":"post_tag","embeddable":true,"href":"https:\/\/abspace.yves-rocher.com\/be\/ws\/wp\/v2\/tags?post=7922"}],"curies":[{"name":"wp","href":"https:\/\/api.w.org\/{rel}","templated":true}]}}