{"id":7966,"date":"2021-10-11T10:17:39","date_gmt":"2021-10-11T08:17:39","guid":{"rendered":"http:\/\/abspace.yves-rocher.com\/be\/?p=7966"},"modified":"2022-02-01T11:00:25","modified_gmt":"2022-02-01T09:00:25","slug":"pour-une-agriculture-empreinte-positive","status":"publish","type":"post","link":"https:\/\/abspace.yves-rocher.com\/be\/fr\/pour-une-agriculture-empreinte-positive\/","title":{"rendered":"Pour une agriculture \u00e0 empreinte positive"},"content":{"rendered":"<div id=\"pl-7966\"  class=\"panel-layout\" ><div id=\"pg-7966-0\"  class=\"panel-grid panel-no-style\" ><div id=\"pgc-7966-0-0\"  class=\"panel-grid-cell\" >            <div class=\"textWidget header-description \">\r\n                <p>Des sols et des ingr\u00e9dients de qualit\u00e9 pour une peau en bonne sant\u00e9 et une beaut\u00e9 responsable.<\/p>\r\n            <\/div>\r\n    <div id=\"panel-7966-0-0-1\" class=\"so-panel widget panel-last-child\" data-index=\"1\" ><\/div><\/div><\/div><div id=\"pg-7966-1\"  class=\"panel-grid panel-no-style\" ><div id=\"pgc-7966-1-0\"  class=\"panel-grid-cell\" ><div id=\"panel-7966-1-0-0\" class=\"so-panel widget widget_sow-editor panel-first-child panel-last-child\" data-index=\"2\" ><div\n\t\t\t\n\t\t\tclass=\"so-widget-sow-editor so-widget-sow-editor-base\"\n\t\t\t\n\t\t>\n<div class=\"siteorigin-widget-tinymce textwidget\">\n\t<p><strong>Cette conviction profonde de Monsieur Yves Rocher, cr\u00e9ateur engag\u00e9 et visionnaire de notre Marque, est un v\u00e9ritable fil rouge qui d\u00e9finit notre relation au vivant et notre mani\u00e8re de concevoir et de fabriquer nos soins. <\/strong><strong>Depuis toujours, nous cultivons nos terres en Bretagne et nous avons la responsabilit\u00e9 de pr\u00e9server la fertilit\u00e9 et l\u2019\u00e9quilibre de ces sols riches en nutriments. <\/strong><strong>Membres de l\u2019Union for Ethical BioTrade (UEBT) depuis 2020, nous nous engageons pour un approvisionnement en ingr\u00e9dients naturels responsable et respectueux de la biodiversit\u00e9 et de l\u2019humain.<\/strong><\/p>\n<\/div>\n<\/div><\/div><\/div><\/div><div id=\"pg-7966-2\"  class=\"panel-grid panel-no-style\" ><div id=\"pgc-7966-2-0\"  class=\"panel-grid-cell\" ><div id=\"panel-7966-2-0-0\" class=\"so-panel widget widget_sow-image panel-first-child panel-last-child\" data-index=\"3\" ><div\n\t\t\t\n\t\t\tclass=\"so-widget-sow-image so-widget-sow-image-default-8b5b6f678277-7966\"\n\t\t\t\n\t\t>\r\n\r\n\r\n<div class=\"sow-image-container\">\r\n    \r\n    <img loading=\"lazy\" decoding=\"async\" src=\"https:\/\/abspace.yves-rocher.com\/be\/wp-content\/uploads\/sites\/5\/2021\/10\/2111_S_Article_Positive-Farming_VISUEL3_1100x652.jpg\" width=\"1100\" height=\"652\" srcset=\"\" title=\"2111_S_Article_Positive Farming_VISUEL3_1100x652\"          class=\"so-widget-image\" \/>\r\n\r\n    \r\n    \r\n    <\/div>\r\n\r\n<\/div><\/div><\/div><div id=\"pgc-7966-2-1\"  class=\"panel-grid-cell\" ><div id=\"panel-7966-2-1-0\" class=\"so-panel widget widget_sow-editor panel-first-child panel-last-child\" data-index=\"4\" ><div\n\t\t\t\n\t\t\tclass=\"so-widget-sow-editor so-widget-sow-editor-base\"\n\t\t\t\n\t\t>\n<div class=\"siteorigin-widget-tinymce textwidget\">\n\t<h4><span style=\"text-decoration: underline\"><strong>Notre engagement en faveur de la terre, des hommes et de la biodiversit\u00e9<\/strong><\/span><\/h4>\n<p>Nous sommes <strong>botanistes, r\u00e9coltants, concepteurs, fabricants et commer\u00e7ants de soins faits en Bretagne pour vous.<\/strong> Toutes ces casquettes sont endoss\u00e9es avec amour, au service de votre beaut\u00e9. Nos ingr\u00e9dients naturels proviennent de plus de <strong>400 fili\u00e8res v\u00e9g\u00e9tales \u00e0 travers le monde.<\/strong> Nos \u00e9quipes assurent sans concession la tra\u00e7abilit\u00e9, la s\u00e9curit\u00e9 et la gestion responsable de l\u2019ensemble des fili\u00e8res.<\/p>\n<p>Notre approche repose sur <strong>3 piliers : Approvisionner, Prot\u00e9ger, Partager<\/strong>. Et parce que des ingr\u00e9dients sains ne peuvent \u00eatre cultiv\u00e9s que sur des sols sains, nous \u0153uvrons, depuis nos d\u00e9buts, \u00e0 pr\u00e9server l\u2019\u00e9quilibre de l\u2019\u00e9cosyst\u00e8me naturel de notre terre natale.\u00a0<\/p>\n<\/div>\n<\/div><\/div><\/div><\/div><div id=\"pg-7966-3\"  class=\"panel-grid panel-no-style\" ><div id=\"pgc-7966-3-0\"  class=\"panel-grid-cell\" ><div id=\"panel-7966-3-0-0\" class=\"so-panel widget widget_sow-editor panel-first-child panel-last-child\" data-index=\"5\" ><div\n\t\t\t\n\t\t\tclass=\"so-widget-sow-editor so-widget-sow-editor-base\"\n\t\t\t\n\t\t>\n<div class=\"siteorigin-widget-tinymce textwidget\">\n\t<p>C\u2019est pourquoi nous nous sommes engag\u00e9s dans une <strong>d\u00e9marche d\u2019agriculture positive et vertueuse \u00e0 la Gacilly en Bretagne<\/strong> : de l\u2019approvisionnement \u00e0 la culture des plantes, en passant par leur r\u00e9colte, tout est con\u00e7u et r\u00e9alis\u00e9 dans le respect de la nature, des hommes, et des \u00e9cosyst\u00e8mes qui nous entourent. Nous nous approvisionnons en qualit\u00e9 et en quantit\u00e9 pour un usage responsable.<\/p>\n<\/div>\n<\/div><\/div><\/div><\/div><div id=\"pg-7966-4\"  class=\"panel-grid panel-no-style\" ><div id=\"pgc-7966-4-0\"  class=\"panel-grid-cell\" ><div id=\"panel-7966-4-0-0\" class=\"so-panel widget widget_sow-editor panel-first-child panel-last-child\" data-index=\"6\" ><div\n\t\t\t\n\t\t\tclass=\"so-widget-sow-editor so-widget-sow-editor-base\"\n\t\t\t\n\t\t>\n<div class=\"siteorigin-widget-tinymce textwidget\">\n\t<h4><span style=\"text-decoration: underline\"><strong>Une agriculture r\u00e9g\u00e9n\u00e9ratrice <\/strong><\/span><\/h4>\n<p>Le <strong>Positive Farming<\/strong> (l\u2019agriculture \u00e0 empreinte positive) permet de maintenir une rotation des cultures capable de pr\u00e9server la diversit\u00e9 biologique, d\u2019am\u00e9liorer la fertilit\u00e9 des sols et donc de prendre soin de la nature. Notre d\u00e9marche en la mati\u00e8re s\u2019appuie\u00a0sur\u00a0:<\/p>\n<ul>\n<li><strong>La culture biologique\u00a0<\/strong><strong>: <\/strong>100% de nos champs bretons sont cultiv\u00e9s en bio certifi\u00e9 Ecocert 100% sans pesticides et sans OGM.<\/li>\n<li><strong>Une agriculture vertueuse : <\/strong>En Bretagne, nos 60 hectares de terres sont cultiv\u00e9s en agro\u00e9cologie, dans le respect de l\u2019\u00e9cosyst\u00e8me environnant. Bleuet, Calendula, Arnica, Camomille Matricaire, Capucine, Camomille Romaine, Menthe Poivr\u00e9e, Fico\u00efde Glaciale, Edulis...\u00a0<\/li>\n<\/ul>\n<\/div>\n<\/div><\/div><\/div><div id=\"pgc-7966-4-1\"  class=\"panel-grid-cell\" ><div id=\"panel-7966-4-1-0\" class=\"so-panel widget widget_sow-image panel-first-child panel-last-child\" data-index=\"7\" ><div\n\t\t\t\n\t\t\tclass=\"so-widget-sow-image so-widget-sow-image-default-8b5b6f678277-7966\"\n\t\t\t\n\t\t>\r\n\r\n\r\n<div class=\"sow-image-container\">\r\n    \r\n    <img loading=\"lazy\" decoding=\"async\" src=\"https:\/\/abspace.yves-rocher.com\/be\/wp-content\/uploads\/sites\/5\/2021\/10\/2111_S_Article_Positive-Farming_VISUEL1_1100x652.jpg\" width=\"1100\" height=\"652\" srcset=\"\" title=\"2111_S_Article_Positive Farming_VISUEL1_1100x652\"          class=\"so-widget-image\" \/>\r\n\r\n    \r\n    \r\n    <\/div>\r\n\r\n<\/div><\/div><\/div><\/div><div id=\"pg-7966-5\"  class=\"panel-grid panel-no-style\" ><div id=\"pgc-7966-5-0\"  class=\"panel-grid-cell\" ><div id=\"panel-7966-5-0-0\" class=\"so-panel widget widget_sow-editor panel-first-child panel-last-child\" data-index=\"8\" ><div\n\t\t\t\n\t\t\tclass=\"so-widget-sow-editor so-widget-sow-editor-base\"\n\t\t\t\n\t\t>\n<div class=\"siteorigin-widget-tinymce textwidget\">\n\t<p>Ce mod\u00e8le de culture nous permet de cultiver et de r\u00e9colter <strong>nos 9 plantes embl\u00e9matiques au rythme des saisons<\/strong>, pour des plantes puissantes, fortes, r\u00e9silientes et charg\u00e9es en nutriments afin d\u2019offrir \u00e0 votre peau performance et respect.\u00a0En pr\u00e9servant les prairies humides, les haies bocag\u00e8res et en prot\u00e9geant les esp\u00e8ces animales (nichoirs \u00e0 oiseaux, ruches, abris \u00e0 papillons et coccinelles, g\u00eetes \u00e0 chauve-souris) sur 100% de nos sites,<strong> nous contribuons \u00e0 maintenir l\u2019\u00e9quilibre de la biodiversit\u00e9 locale.<\/strong><\/p>\n<\/div>\n<\/div><\/div><\/div><\/div><div id=\"pg-7966-6\"  class=\"panel-grid panel-no-style\" ><div id=\"pgc-7966-6-0\"  class=\"panel-grid-cell\" ><div id=\"panel-7966-6-0-0\" class=\"so-panel widget widget_sow-image panel-first-child panel-last-child\" data-index=\"9\" ><div\n\t\t\t\n\t\t\tclass=\"so-widget-sow-image so-widget-sow-image-default-8b5b6f678277-7966\"\n\t\t\t\n\t\t>\r\n\r\n\r\n<div class=\"sow-image-container\">\r\n    \r\n    <img loading=\"lazy\" decoding=\"async\" src=\"https:\/\/abspace.yves-rocher.com\/be\/wp-content\/uploads\/sites\/5\/2021\/10\/2111_S_Article_Positive-Farming_VISUEL2_1100x652.jpg\" width=\"1100\" height=\"652\" srcset=\"\" title=\"2111_S_Article_Positive Farming_VISUEL2_1100x652\"          class=\"so-widget-image\" \/>\r\n\r\n    \r\n    \r\n    <\/div>\r\n\r\n<\/div><\/div><\/div><div id=\"pgc-7966-6-1\"  class=\"panel-grid-cell\" ><div id=\"panel-7966-6-1-0\" class=\"so-panel widget widget_sow-editor panel-first-child panel-last-child\" data-index=\"10\" ><div\n\t\t\t\n\t\t\tclass=\"so-widget-sow-editor so-widget-sow-editor-base\"\n\t\t\t\n\t\t>\n<div class=\"siteorigin-widget-tinymce textwidget\">\n\t<ul>\n<li><strong>Un approvisionnement responsable\u00a0: <\/strong>Nous sommes une des rares marques de cosm\u00e9tiques \u00e0 cultiver et \u00e0 produire elle-m\u00eame certaines des plantes composant ses produits. Nous respectons <strong>la r\u00e9glementation CITES<\/strong>\u00a0(Convention internationale qui r\u00e9git le commerce des esp\u00e8ces sauvages menac\u00e9es d\u2019extinction). Nous choisissons des <strong>proc\u00e9d\u00e9s biotechnologiques<\/strong> limitant l\u2019impact environnemental pour les plantes vuln\u00e9rable. Nous nous appuyons sur un r\u00e9seau de partenaires pour assurer un sourcing \u00e9thique dans <strong>le respect des principes de l\u2019UEBT<\/strong>\u00a0(Union for Ethical BioTrade).<\/li>\n<\/ul>\n<p>Nous \u0153uvrons pour une <strong>tra\u00e7abilit\u00e9 compl\u00e8te<\/strong> de notre approvisionnement jusqu\u2019aux producteurs de toutes nos fili\u00e8res strat\u00e9giques\u00a0et nous v\u00e9rifions leur durabilit\u00e9 par des audits terrains r\u00e9guliers. Nous assurons d\u2019ores et d\u00e9j\u00e0 <strong>90% de cette tra\u00e7abilit\u00e9<\/strong> (pays d\u2019origine et plantes connus).<\/p>\n<\/div>\n<\/div><\/div><\/div><\/div><div id=\"pg-7966-7\"  class=\"panel-grid panel-no-style\" ><div id=\"pgc-7966-7-0\"  class=\"panel-grid-cell\" ><div id=\"panel-7966-7-0-0\" class=\"so-panel widget widget_sow-editor panel-first-child panel-last-child\" data-index=\"11\" ><div\n\t\t\t\n\t\t\tclass=\"so-widget-sow-editor so-widget-sow-editor-base\"\n\t\t\t\n\t\t>\n<div class=\"siteorigin-widget-tinymce textwidget\">\n\t<h4><span style=\"text-decoration: underline\"><strong>Une d\u00e9marche reconnue, que nous avons \u00e0 c\u0153ur de partager.<\/strong><\/span><\/h4>\n<p>Nous enrichissons constamment notre approche par la recherche, l\u2019exp\u00e9rimentation et les \u00e9changes avec de nombreux acteurs du territoire breton. Nous agissons concr\u00e8tement pour une agriculture \u00e0 empreinte positive afin de donner le meilleur pour la nature et pour la beaut\u00e9 de tous.<\/p>\n<\/div>\n<\/div><\/div><\/div><\/div><div id=\"pg-7966-8\"  class=\"panel-grid panel-no-style\" ><div id=\"pgc-7966-8-0\"  class=\"panel-grid-cell\" ><div id=\"panel-7966-8-0-0\" class=\"so-panel widget widget_sow-editor panel-first-child panel-last-child\" data-index=\"12\" ><div\n\t\t\t\n\t\t\tclass=\"so-widget-sow-editor so-widget-sow-editor-base\"\n\t\t\t\n\t\t>\n<div class=\"siteorigin-widget-tinymce textwidget\">\n\t<ul>\n<li>En tant que <strong>membres de l\u2019Union for Ethical BioTrade (UEBT)<\/strong>, nous nous engageons \u00e0 ce que nos pratiques de sourcing respectent et pr\u00e9servent la biodiversit\u00e9, dans un partage \u00e9quitable des b\u00e9n\u00e9fices tout au long de la cha\u00eene d\u2019approvisionnement. <strong>Depuis juillet 2021, nos plantes embl\u00e9matiques cultiv\u00e9es dans nos champs bretons sont certifi\u00e9es UEBT<\/strong> \u2013 pour le respect des hommes et de la biodiversit\u00e9.<\/li>\n<\/ul>\n<p>En <strong>2023<\/strong>, nous visons la <strong>certification UEBT de tout notre syst\u00e8me de sourcing \u00e9thique<\/strong>. Ce label signifie qu\u2019\u00e0 toutes les \u00e9tapes de notre production, de l\u2019approvisionnement \u00e0 la r\u00e9colte en passant par la culture de nos ingr\u00e9dients naturels, nous prenons soin des sols, de la faune et de la flore, de nos fournisseurs en leur offrant une r\u00e9mun\u00e9ration juste. Nous sommes attentifs \u00e0 redistribuer la valeur ajout\u00e9e \u00e0 tous les acteurs impliqu\u00e9s sur nos fili\u00e8res v\u00e9g\u00e9tales.\u00a0<\/p>\n<\/div>\n<\/div><\/div><\/div><div id=\"pgc-7966-8-1\"  class=\"panel-grid-cell\" ><div id=\"panel-7966-8-1-0\" class=\"so-panel widget widget_sow-image panel-first-child panel-last-child\" data-index=\"13\" ><div\n\t\t\t\n\t\t\tclass=\"so-widget-sow-image so-widget-sow-image-default-8b5b6f678277-7966\"\n\t\t\t\n\t\t>\r\n\r\n\r\n<div class=\"sow-image-container\">\r\n    \r\n    <img loading=\"lazy\" decoding=\"async\" src=\"https:\/\/abspace.yves-rocher.com\/be\/wp-content\/uploads\/sites\/5\/2021\/09\/2110_S_Article_UEBT_VISUEL1_1100x652.jpg\" width=\"1100\" height=\"652\" srcset=\"\"          class=\"so-widget-image\" \/>\r\n\r\n    \r\n    \r\n    <\/div>\r\n\r\n<\/div><\/div><\/div><\/div><div id=\"pg-7966-9\"  class=\"panel-grid panel-no-style\" ><div id=\"pgc-7966-9-0\"  class=\"panel-grid-cell\" ><div id=\"panel-7966-9-0-0\" class=\"so-panel widget widget_sow-editor panel-first-child panel-last-child\" data-index=\"14\" ><div\n\t\t\t\n\t\t\tclass=\"so-widget-sow-editor so-widget-sow-editor-base\"\n\t\t\t\n\t\t>\n<div class=\"siteorigin-widget-tinymce textwidget\">\n\t<p>Nous respectons <strong>le protocole de Nagoya<\/strong> et <strong>les lois sur l\u2019APA (Acc\u00e8s \u00e0 la biodiversit\u00e9 et le Partage des Avantages). <\/strong>Nous soutenons nos partenaires par des actions concr\u00e8tes pour limiter les impacts environnementaux et accro\u00eetre les bienfaits soci\u00e9taux des fili\u00e8res strat\u00e9giques aupr\u00e8s des communaut\u00e9s impliqu\u00e9es.<\/p>\n<\/div>\n<\/div><\/div><\/div><\/div><div id=\"pg-7966-10\"  class=\"panel-grid panel-no-style\" ><div id=\"pgc-7966-10-0\"  class=\"panel-grid-cell\" ><div id=\"panel-7966-10-0-0\" class=\"so-panel widget widget_sow-image panel-first-child panel-last-child\" data-index=\"15\" ><div\n\t\t\t\n\t\t\tclass=\"so-widget-sow-image so-widget-sow-image-default-8b5b6f678277-7966\"\n\t\t\t\n\t\t>\r\n\r\n\r\n<div class=\"sow-image-container\">\r\n    \r\n    <img loading=\"lazy\" decoding=\"async\" src=\"https:\/\/abspace.yves-rocher.com\/be\/wp-content\/uploads\/sites\/5\/2021\/10\/2111_S_Article_Positive-Farming_VISUEL4_1100x652.jpg\" width=\"1100\" height=\"652\" srcset=\"\" title=\"2111_S_Article_Positive Farming_VISUEL4_1100x652\"          class=\"so-widget-image\" \/>\r\n\r\n    \r\n    \r\n    <\/div>\r\n\r\n<\/div><\/div><\/div><div id=\"pgc-7966-10-1\"  class=\"panel-grid-cell\" ><div id=\"panel-7966-10-1-0\" class=\"so-panel widget widget_sow-editor panel-first-child panel-last-child\" data-index=\"16\" ><div\n\t\t\t\n\t\t\tclass=\"so-widget-sow-editor so-widget-sow-editor-base\"\n\t\t\t\n\t\t>\n<div class=\"siteorigin-widget-tinymce textwidget\">\n\t<ul>\n<li>Par ailleurs, notre<strong> Jardin Botanique de La Gacilly<\/strong> est un lieu privil\u00e9gi\u00e9 d\u2019\u00e9tude scientifique v\u00e9g\u00e9tale. Nous y conservons <strong>1500 esp\u00e8ces v\u00e9g\u00e9tales<\/strong>, partageons nos connaissances avec plus de 250 jardins botaniques dans le monde et participons \u00e0 l\u2019\u00e9change de semences \u00e0 l\u2019international.<\/li>\n<\/ul>\n<p>Ce lieu de recherche, de p\u00e9dagogie et de pr\u00e9servation a re\u00e7u de nombreuses certifications, comme celle de <strong>Refuge Biodiversit\u00e9 <\/strong>par la <strong>Ligue pour la Protection des Oiseaux<\/strong> et le <strong>label EcoJardin<\/strong> en <strong>2021<\/strong> pour l\u2019excellence de sa gestion \u00e9cologique. Il est \u00e9galement agr\u00e9\u00e9 <strong>JBF (Jardins Botaniques de France et des Pays Francophones)<\/strong> et affili\u00e9 au <strong>Botanic Gardens Conservation International (BCGI)<\/strong>, une association qui \u0153uvre partout dans le monde \u00e0 pr\u00e9server la diversit\u00e9 botanique, essentielle \u00e0 la pr\u00e9servation de la plan\u00e8te. Aujourd\u2019hui le BCGI compte plus de 800 jardins botaniques adh\u00e9rents dans 120 pays. Un formidable r\u00e9seau, qui \u00e9change sans cesse sur les bonnes pratiques et le partage des connaissances.<\/p>\n<\/div>\n<\/div><\/div><\/div><\/div><div id=\"pg-7966-11\"  class=\"panel-grid panel-no-style\" ><div id=\"pgc-7966-11-0\"  class=\"panel-grid-cell\" ><div id=\"panel-7966-11-0-0\" class=\"so-panel widget widget_sow-editor panel-first-child\" data-index=\"17\" ><div\n\t\t\t\n\t\t\tclass=\"so-widget-sow-editor so-widget-sow-editor-base\"\n\t\t\t\n\t\t>\n<div class=\"siteorigin-widget-tinymce textwidget\">\n\t<ul>\n<li><strong>Notre objectif 2025<\/strong>: nous souhaitons que 100% de nos nouvelles fili\u00e8res strat\u00e9giques internationales soient engag\u00e9es avec des actions de partage. Nous sensibilisons \u00e0 la connaissance et conservation de la biodiversit\u00e9 : \u00e0 la fois sur le territoire breton mais aussi \u00e0 l\u2019international.<\/li>\n<\/ul>\n<\/div>\n<\/div><\/div><div id=\"panel-7966-11-0-1\" class=\"so-panel widget panel-last-child\" data-index=\"18\" ><\/div><\/div><\/div><\/div>","protected":false},"excerpt":{"rendered":"<p>Des sols et des ingr\u00e9dients de qualit\u00e9 pour une beaut\u00e9 responsable<\/p>\n","protected":false},"author":935949,"featured_media":7967,"comment_status":"open","ping_status":"open","sticky":false,"template":"","format":"standard","meta":{"_acf_changed":false,"_exactmetrics_skip_tracking":false,"_exactmetrics_sitenote_active":false,"_exactmetrics_sitenote_note":"","_exactmetrics_sitenote_category":0,"footnotes":""},"categories":[1],"tags":[635,261],"class_list":["post-7966","post","type-post","status-publish","format-standard","has-post-thumbnail","hentry","category-uncategorized","tag-biodiversite-fr","tag-onvousdittout"],"acf":[],"yoast_head":"<!-- This site is optimized with the Yoast SEO plugin v24.7 - https:\/\/yoast.com\/wordpress\/plugins\/seo\/ -->\n<title>Act Beautiful - Pour une agriculture \u00e0 empreinte positive - Yves Rocher<\/title>\n<meta name=\"description\" content=\"Des sols et des ingr\u00e9dients de qualit\u00e9 pour une beaut\u00e9 responsable\" \/>\n<meta name=\"robots\" content=\"index, follow, max-snippet:-1, max-image-preview:large, max-video-preview:-1\" \/>\n<link rel=\"canonical\" href=\"https:\/\/abspace.yves-rocher.com\/be\/fr\/pour-une-agriculture-empreinte-positive\/\" \/>\n<meta property=\"og:locale\" content=\"fr_FR\" \/>\n<meta property=\"og:type\" content=\"article\" \/>\n<meta property=\"og:title\" content=\"Act Beautiful - Pour une agriculture \u00e0 empreinte positive - Yves Rocher\" \/>\n<meta property=\"og:description\" content=\"Des sols et des ingr\u00e9dients de qualit\u00e9 pour une beaut\u00e9 responsable\" \/>\n<meta property=\"og:url\" content=\"https:\/\/abspace.yves-rocher.com\/be\/fr\/pour-une-agriculture-empreinte-positive\/\" \/>\n<meta property=\"og:site_name\" content=\"Belgium FR YR AB\" \/>\n<meta property=\"article:published_time\" content=\"2021-10-11T08:17:39+00:00\" \/>\n<meta property=\"article:modified_time\" content=\"2022-02-01T09:00:25+00:00\" \/>\n<meta property=\"og:image\" content=\"https:\/\/abspace.yves-rocher.com\/be\/wp-content\/uploads\/sites\/5\/2021\/10\/2111_S_HP_push_4_Positive-Farming_750x776.jpg\" \/>\n\t<meta property=\"og:image:width\" content=\"750\" \/>\n\t<meta property=\"og:image:height\" content=\"776\" \/>\n\t<meta property=\"og:image:type\" content=\"image\/jpeg\" \/>\n<meta name=\"author\" content=\"Alice Mendes\" \/>\n<meta name=\"twitter:card\" content=\"summary_large_image\" \/>\n<meta name=\"twitter:label1\" content=\"Written by\" \/>\n\t<meta name=\"twitter:data1\" content=\"Alice Mendes\" \/>\n<script type=\"application\/ld+json\" class=\"yoast-schema-graph\">{\"@context\":\"https:\/\/schema.org\",\"@graph\":[{\"@type\":\"WebPage\",\"@id\":\"https:\/\/abspace.yves-rocher.com\/be\/fr\/pour-une-agriculture-empreinte-positive\/\",\"url\":\"https:\/\/abspace.yves-rocher.com\/be\/fr\/pour-une-agriculture-empreinte-positive\/\",\"name\":\"Act Beautiful - Pour une agriculture \u00e0 empreinte positive - Yves Rocher\",\"isPartOf\":{\"@id\":\"https:\/\/abspace.yves-rocher.com\/be\/#website\"},\"primaryImageOfPage\":{\"@id\":\"https:\/\/abspace.yves-rocher.com\/be\/fr\/pour-une-agriculture-empreinte-positive\/#primaryimage\"},\"image\":{\"@id\":\"https:\/\/abspace.yves-rocher.com\/be\/fr\/pour-une-agriculture-empreinte-positive\/#primaryimage\"},\"thumbnailUrl\":\"https:\/\/abspace.yves-rocher.com\/be\/wp-content\/uploads\/sites\/5\/2021\/10\/2111_S_HP_push_4_Positive-Farming_750x776.jpg\",\"datePublished\":\"2021-10-11T08:17:39+00:00\",\"dateModified\":\"2022-02-01T09:00:25+00:00\",\"author\":{\"@id\":\"https:\/\/abspace.yves-rocher.com\/be\/#\/schema\/person\/40f8c53003459b41fa1aca086c588e97\"},\"description\":\"Des sols et des ingr\u00e9dients de qualit\u00e9 pour une beaut\u00e9 responsable\",\"breadcrumb\":{\"@id\":\"https:\/\/abspace.yves-rocher.com\/be\/fr\/pour-une-agriculture-empreinte-positive\/#breadcrumb\"},\"inLanguage\":\"fr-BE\",\"potentialAction\":[{\"@type\":\"ReadAction\",\"target\":[\"https:\/\/abspace.yves-rocher.com\/be\/fr\/pour-une-agriculture-empreinte-positive\/\"]}]},{\"@type\":\"ImageObject\",\"inLanguage\":\"fr-BE\",\"@id\":\"https:\/\/abspace.yves-rocher.com\/be\/fr\/pour-une-agriculture-empreinte-positive\/#primaryimage\",\"url\":\"https:\/\/abspace.yves-rocher.com\/be\/wp-content\/uploads\/sites\/5\/2021\/10\/2111_S_HP_push_4_Positive-Farming_750x776.jpg\",\"contentUrl\":\"https:\/\/abspace.yves-rocher.com\/be\/wp-content\/uploads\/sites\/5\/2021\/10\/2111_S_HP_push_4_Positive-Farming_750x776.jpg\",\"width\":750,\"height\":776},{\"@type\":\"BreadcrumbList\",\"@id\":\"https:\/\/abspace.yves-rocher.com\/be\/fr\/pour-une-agriculture-empreinte-positive\/#breadcrumb\",\"itemListElement\":[{\"@type\":\"ListItem\",\"position\":1,\"name\":\"Home\",\"item\":\"https:\/\/abspace.yves-rocher.com\/be\/fr\/\"},{\"@type\":\"ListItem\",\"position\":2,\"name\":\"Pour une agriculture \u00e0 empreinte positive\"}]},{\"@type\":\"WebSite\",\"@id\":\"https:\/\/abspace.yves-rocher.com\/be\/#website\",\"url\":\"https:\/\/abspace.yves-rocher.com\/be\/\",\"name\":\"Belgium FR YR AB\",\"description\":\"Belgium FR YR AB\",\"potentialAction\":[{\"@type\":\"SearchAction\",\"target\":{\"@type\":\"EntryPoint\",\"urlTemplate\":\"https:\/\/abspace.yves-rocher.com\/be\/?s={search_term_string}\"},\"query-input\":{\"@type\":\"PropertyValueSpecification\",\"valueRequired\":true,\"valueName\":\"search_term_string\"}}],\"inLanguage\":\"fr-BE\"},{\"@type\":\"Person\",\"@id\":\"https:\/\/abspace.yves-rocher.com\/be\/#\/schema\/person\/40f8c53003459b41fa1aca086c588e97\",\"name\":\"Alice Mendes\",\"image\":{\"@type\":\"ImageObject\",\"inLanguage\":\"fr-BE\",\"@id\":\"https:\/\/abspace.yves-rocher.com\/be\/#\/schema\/person\/image\/\",\"url\":\"https:\/\/secure.gravatar.com\/avatar\/610d2792616e6f74a4f3fbadf5cd6c89?s=96&d=mm&r=g\",\"contentUrl\":\"https:\/\/secure.gravatar.com\/avatar\/610d2792616e6f74a4f3fbadf5cd6c89?s=96&d=mm&r=g\",\"caption\":\"Alice Mendes\"},\"url\":\"https:\/\/abspace.yves-rocher.com\/be\/fr\/author\/alicemendes\/\"}]}<\/script>\n<!-- \/ Yoast SEO plugin. -->","yoast_head_json":{"title":"Act Beautiful - Pour une agriculture \u00e0 empreinte positive - Yves Rocher","description":"Des sols et des ingr\u00e9dients de qualit\u00e9 pour une beaut\u00e9 responsable","robots":{"index":"index","follow":"follow","max-snippet":"max-snippet:-1","max-image-preview":"max-image-preview:large","max-video-preview":"max-video-preview:-1"},"canonical":"https:\/\/abspace.yves-rocher.com\/be\/fr\/pour-une-agriculture-empreinte-positive\/","og_locale":"fr_FR","og_type":"article","og_title":"Act Beautiful - Pour une agriculture \u00e0 empreinte positive - Yves Rocher","og_description":"Des sols et des ingr\u00e9dients de qualit\u00e9 pour une beaut\u00e9 responsable","og_url":"https:\/\/abspace.yves-rocher.com\/be\/fr\/pour-une-agriculture-empreinte-positive\/","og_site_name":"Belgium FR YR AB","article_published_time":"2021-10-11T08:17:39+00:00","article_modified_time":"2022-02-01T09:00:25+00:00","og_image":[{"width":750,"height":776,"url":"https:\/\/abspace.yves-rocher.com\/be\/wp-content\/uploads\/sites\/5\/2021\/10\/2111_S_HP_push_4_Positive-Farming_750x776.jpg","type":"image\/jpeg"}],"author":"Alice Mendes","twitter_card":"summary_large_image","twitter_misc":{"Written by":"Alice Mendes"},"schema":{"@context":"https:\/\/schema.org","@graph":[{"@type":"WebPage","@id":"https:\/\/abspace.yves-rocher.com\/be\/fr\/pour-une-agriculture-empreinte-positive\/","url":"https:\/\/abspace.yves-rocher.com\/be\/fr\/pour-une-agriculture-empreinte-positive\/","name":"Act Beautiful - Pour une agriculture \u00e0 empreinte positive - Yves Rocher","isPartOf":{"@id":"https:\/\/abspace.yves-rocher.com\/be\/#website"},"primaryImageOfPage":{"@id":"https:\/\/abspace.yves-rocher.com\/be\/fr\/pour-une-agriculture-empreinte-positive\/#primaryimage"},"image":{"@id":"https:\/\/abspace.yves-rocher.com\/be\/fr\/pour-une-agriculture-empreinte-positive\/#primaryimage"},"thumbnailUrl":"https:\/\/abspace.yves-rocher.com\/be\/wp-content\/uploads\/sites\/5\/2021\/10\/2111_S_HP_push_4_Positive-Farming_750x776.jpg","datePublished":"2021-10-11T08:17:39+00:00","dateModified":"2022-02-01T09:00:25+00:00","author":{"@id":"https:\/\/abspace.yves-rocher.com\/be\/#\/schema\/person\/40f8c53003459b41fa1aca086c588e97"},"description":"Des sols et des ingr\u00e9dients de qualit\u00e9 pour une beaut\u00e9 responsable","breadcrumb":{"@id":"https:\/\/abspace.yves-rocher.com\/be\/fr\/pour-une-agriculture-empreinte-positive\/#breadcrumb"},"inLanguage":"fr-BE","potentialAction":[{"@type":"ReadAction","target":["https:\/\/abspace.yves-rocher.com\/be\/fr\/pour-une-agriculture-empreinte-positive\/"]}]},{"@type":"ImageObject","inLanguage":"fr-BE","@id":"https:\/\/abspace.yves-rocher.com\/be\/fr\/pour-une-agriculture-empreinte-positive\/#primaryimage","url":"https:\/\/abspace.yves-rocher.com\/be\/wp-content\/uploads\/sites\/5\/2021\/10\/2111_S_HP_push_4_Positive-Farming_750x776.jpg","contentUrl":"https:\/\/abspace.yves-rocher.com\/be\/wp-content\/uploads\/sites\/5\/2021\/10\/2111_S_HP_push_4_Positive-Farming_750x776.jpg","width":750,"height":776},{"@type":"BreadcrumbList","@id":"https:\/\/abspace.yves-rocher.com\/be\/fr\/pour-une-agriculture-empreinte-positive\/#breadcrumb","itemListElement":[{"@type":"ListItem","position":1,"name":"Home","item":"https:\/\/abspace.yves-rocher.com\/be\/fr\/"},{"@type":"ListItem","position":2,"name":"Pour une agriculture \u00e0 empreinte positive"}]},{"@type":"WebSite","@id":"https:\/\/abspace.yves-rocher.com\/be\/#website","url":"https:\/\/abspace.yves-rocher.com\/be\/","name":"Belgium FR YR AB","description":"Belgium FR YR AB","potentialAction":[{"@type":"SearchAction","target":{"@type":"EntryPoint","urlTemplate":"https:\/\/abspace.yves-rocher.com\/be\/?s={search_term_string}"},"query-input":{"@type":"PropertyValueSpecification","valueRequired":true,"valueName":"search_term_string"}}],"inLanguage":"fr-BE"},{"@type":"Person","@id":"https:\/\/abspace.yves-rocher.com\/be\/#\/schema\/person\/40f8c53003459b41fa1aca086c588e97","name":"Alice Mendes","image":{"@type":"ImageObject","inLanguage":"fr-BE","@id":"https:\/\/abspace.yves-rocher.com\/be\/#\/schema\/person\/image\/","url":"https:\/\/secure.gravatar.com\/avatar\/610d2792616e6f74a4f3fbadf5cd6c89?s=96&d=mm&r=g","contentUrl":"https:\/\/secure.gravatar.com\/avatar\/610d2792616e6f74a4f3fbadf5cd6c89?s=96&d=mm&r=g","caption":"Alice Mendes"},"url":"https:\/\/abspace.yves-rocher.com\/be\/fr\/author\/alicemendes\/"}]}},"_links":{"self":[{"href":"https:\/\/abspace.yves-rocher.com\/be\/ws\/wp\/v2\/posts\/7966","targetHints":{"allow":["GET"]}}],"collection":[{"href":"https:\/\/abspace.yves-rocher.com\/be\/ws\/wp\/v2\/posts"}],"about":[{"href":"https:\/\/abspace.yves-rocher.com\/be\/ws\/wp\/v2\/types\/post"}],"author":[{"embeddable":true,"href":"https:\/\/abspace.yves-rocher.com\/be\/ws\/wp\/v2\/users\/935949"}],"replies":[{"embeddable":true,"href":"https:\/\/abspace.yves-rocher.com\/be\/ws\/wp\/v2\/comments?post=7966"}],"version-history":[{"count":2,"href":"https:\/\/abspace.yves-rocher.com\/be\/ws\/wp\/v2\/posts\/7966\/revisions"}],"predecessor-version":[{"id":8229,"href":"https:\/\/abspace.yves-rocher.com\/be\/ws\/wp\/v2\/posts\/7966\/revisions\/8229"}],"wp:featuredmedia":[{"embeddable":true,"href":"https:\/\/abspace.yves-rocher.com\/be\/ws\/wp\/v2\/media\/7967"}],"wp:attachment":[{"href":"https:\/\/abspace.yves-rocher.com\/be\/ws\/wp\/v2\/media?parent=7966"}],"wp:term":[{"taxonomy":"category","embeddable":true,"href":"https:\/\/abspace.yves-rocher.com\/be\/ws\/wp\/v2\/categories?post=7966"},{"taxonomy":"post_tag","embeddable":true,"href":"https:\/\/abspace.yves-rocher.com\/be\/ws\/wp\/v2\/tags?post=7966"}],"curies":[{"name":"wp","href":"https:\/\/api.w.org\/{rel}","templated":true}]}}