{"id":3113,"date":"2018-09-27T12:30:13","date_gmt":"2018-09-27T11:30:13","guid":{"rendered":"http:\/\/abspace.yves-rocher.com\/ch\/?p=3113"},"modified":"2018-09-27T11:37:56","modified_gmt":"2018-09-27T11:37:56","slug":"diy-adventskalender-2018","status":"publish","type":"post","link":"https:\/\/abspace.yves-rocher.com\/ch\/de\/diy-adventskalender-2018\/","title":{"rendered":"DIY &#8211; Adventskalender"},"content":{"rendered":"<div id=\"pl-3113\"  class=\"panel-layout\" ><div id=\"pg-3113-0\"  class=\"panel-grid panel-no-style\" ><div id=\"pgc-3113-0-0\"  class=\"panel-grid-cell\" ><div class=\"layoutDiy panel-cell-style panel-cell-style-for-3113-0-0\" ><div id=\"panel-3113-0-0-0\" class=\"so-panel widget widget_sow-editor panel-first-child panel-last-child\" data-index=\"0\" ><div\n\t\t\t\n\t\t\tclass=\"so-widget-sow-editor so-widget-sow-editor-base\"\n\t\t\t\n\t\t>\n<div class=\"siteorigin-widget-tinymce textwidget\">\n\t<h3 style=\"text-align: center\">Unsere Gastautorin Laura von <a href=\"https:\/\/www.instagram.com\/thelimitsofcontrol\/?hl=de\" target=\"_blank\">The Limits of Control<\/a>\u00a0zeigt uns, wie man in wenigen Schritten einen h\u00fcbschen Adventskalender f\u00fcr die Lieblingsmenschen bastelt.\u00a0<\/h3>\n<\/div>\n<\/div><\/div><\/div><\/div><\/div><div id=\"pg-3113-1\"  class=\"panel-grid panel-no-style\" ><div id=\"pgc-3113-1-0\"  class=\"panel-grid-cell\" ><div id=\"panel-3113-1-0-0\" class=\"so-panel widget widget_sow-editor panel-first-child panel-last-child\" data-index=\"1\" ><div\n\t\t\t\n\t\t\tclass=\"so-widget-sow-editor so-widget-sow-editor-base\"\n\t\t\t\n\t\t>\n<div class=\"siteorigin-widget-tinymce textwidget\">\n\t<p style=\"text-align: center\">Einen Adventskalender selbst zu basteln ist oft gar nicht so einfach und gerade f\u00fcr Bastel-<br \/>Anf\u00e4nger schwierig umzusetzen. Wer einer geliebten Person trotzdem eine Freude machen<br \/>m\u00f6chte, aber selbst eher zwei linke Arme hat, kann dieses DIY ganz einfach und schnell<br \/>umsetzen. Au\u00dferdem sieht es noch ziemlich cool in der Wohnung aus.<\/p>\n<\/div>\n<\/div><\/div><\/div><\/div><div id=\"pg-3113-2\"  class=\"panel-grid panel-no-style\" ><div id=\"pgc-3113-2-0\"  class=\"panel-grid-cell\" ><div class=\"layoutDiy panel-cell-style panel-cell-style-for-3113-2-0\" ><div id=\"panel-3113-2-0-0\" class=\"so-panel widget widget_sow-image panel-first-child panel-last-child\" data-index=\"2\" ><div\n\t\t\t\n\t\t\tclass=\"so-widget-sow-image so-widget-sow-image-default-8b5b6f678277-3113\"\n\t\t\t\n\t\t>\r\n\r\n\r\n<div class=\"sow-image-container\">\r\n    \r\n    <img loading=\"lazy\" decoding=\"async\" src=\"https:\/\/abspace.yves-rocher.com\/ch\/wp-content\/uploads\/sites\/20\/2018\/09\/Material_YvesRocher.jpg\" width=\"6000\" height=\"4000\" srcset=\"\" title=\"DIY Adentskalender Materialien \"          class=\"so-widget-image\" \/>\r\n\r\n    \r\n    \r\n    <\/div>\r\n\r\n<\/div><\/div><\/div><\/div><div id=\"pgc-3113-2-1\"  class=\"panel-grid-cell\" ><div class=\"layoutDiy panel-cell-style panel-cell-style-for-3113-2-1\" ><div id=\"panel-3113-2-1-0\" class=\"so-panel widget widget_sow-editor panel-first-child panel-last-child\" data-index=\"3\" ><div\n\t\t\t\n\t\t\tclass=\"so-widget-sow-editor so-widget-sow-editor-base\"\n\t\t\t\n\t\t>\n<div class=\"siteorigin-widget-tinymce textwidget\">\n\t<h3>Materialien:<\/h3>\n<ul>\n<li>Metallboxen, kleine Beutel und Umschl\u00e4ge<\/li>\n<li>\u00a0Tags<\/li>\n<li>Ein sch\u00f6nes Brett oder Schale<\/li>\n<li>&amp; nat\u00fcrlich kleine Geschenke oder S\u00fc\u00dfigkeiten<\/li>\n<\/ul>\n<\/div>\n<\/div><\/div><\/div><\/div><\/div><div id=\"pg-3113-3\"  class=\"panel-grid panel-no-style\" ><div id=\"pgc-3113-3-0\"  class=\"panel-grid-cell\" ><div class=\"layoutDiy panel-cell-style panel-cell-style-for-3113-3-0\" ><div id=\"panel-3113-3-0-0\" class=\"so-panel widget widget_sow-editor panel-first-child panel-last-child\" data-index=\"4\" ><div\n\t\t\t\n\t\t\tclass=\"so-widget-sow-editor so-widget-sow-editor-base\"\n\t\t\t\n\t\t>\n<div class=\"siteorigin-widget-tinymce textwidget\">\n\t<p><strong>Gutscheine<\/strong> - ein Kinobesuch oder einfach ein Picknick im Park. Kleine Gutscheine f\u00fcr gemeinsame Aktivit\u00e4ten sind immer eine gute Idee, da man dann auch noch mehr Zeit zusammen verbringt.<\/p>\n<p><strong>R\u00e4tsel<\/strong> - Um den Adventskalender noch etwas spannender zu gestalten, kann man kleine R\u00e4tsel erstellen. Vielleicht kocht man vorher etwas und legt in das Adventskalender T\u00fcrchen ein kleines R\u00e4tsel, wodurch sie\/er dann schlie\u00dflich ins Wohnzimmer gef\u00fchrt wird und den Esstisch sieht.<\/p>\n<p><strong>Kleine Aufmerksamkeiten<\/strong>\u00a0- wie beispielsweise das Lieblingsshampoo oder eine Handcreme. Da gibt es bei Yves Rocher eine sch\u00f6ne Auswahl.<\/p>\n<p><strong>S\u00fc\u00dfigkeiten<\/strong>\u00a0- gehen einfach immer. Man wei\u00df ja, welche S\u00fc\u00dfigkeiten die Person gern mag und kann davon etwas in den Adventskalender machen.<\/p>\n<\/div>\n<\/div><\/div><\/div><\/div><div id=\"pgc-3113-3-1\"  class=\"panel-grid-cell\" ><div class=\"layoutDiy panel-cell-style panel-cell-style-for-3113-3-1\" ><div id=\"panel-3113-3-1-0\" class=\"so-panel widget widget_sow-image panel-first-child panel-last-child\" data-index=\"5\" ><div\n\t\t\t\n\t\t\tclass=\"so-widget-sow-image so-widget-sow-image-default-8b5b6f678277-3113\"\n\t\t\t\n\t\t>\r\n\r\n\r\n<div class=\"sow-image-container\">\r\n    \r\n    <img loading=\"lazy\" decoding=\"async\" src=\"https:\/\/abspace.yves-rocher.com\/ch\/wp-content\/uploads\/sites\/20\/2018\/09\/Gutschein_YvesRocher.jpg\" width=\"6000\" height=\"4000\" srcset=\"\"          class=\"so-widget-image\" \/>\r\n\r\n    \r\n    \r\n    <\/div>\r\n\r\n<\/div><\/div><\/div><\/div><\/div><div id=\"pg-3113-4\"  class=\"panel-grid panel-no-style\" ><div id=\"pgc-3113-4-0\"  class=\"panel-grid-cell\" ><div class=\"layoutDiy panel-cell-style panel-cell-style-for-3113-4-0\" ><div id=\"panel-3113-4-0-0\" class=\"so-panel widget widget_sow-image panel-first-child panel-last-child\" data-index=\"6\" ><div\n\t\t\t\n\t\t\tclass=\"so-widget-sow-image so-widget-sow-image-default-8b5b6f678277-3113\"\n\t\t\t\n\t\t>\r\n\r\n\r\n<div class=\"sow-image-container\">\r\n    \r\n    <img loading=\"lazy\" decoding=\"async\" src=\"https:\/\/abspace.yves-rocher.com\/ch\/wp-content\/uploads\/sites\/20\/2018\/09\/Beauty_YvesRocher.jpg\" width=\"6000\" height=\"4000\" srcset=\"\"          class=\"so-widget-image\" \/>\r\n\r\n    \r\n    \r\n    <\/div>\r\n\r\n<\/div><\/div><\/div><\/div><div id=\"pgc-3113-4-1\"  class=\"panel-grid-cell\" ><div class=\"layoutDiy panel-cell-style panel-cell-style-for-3113-4-1\" ><div id=\"panel-3113-4-1-0\" class=\"so-panel widget widget_sow-editor panel-first-child panel-last-child\" data-index=\"7\" ><div\n\t\t\t\n\t\t\tclass=\"so-widget-sow-editor so-widget-sow-editor-base\"\n\t\t\t\n\t\t>\n<div class=\"siteorigin-widget-tinymce textwidget\">\n\t<p>Ist die Auswahl erst mal getroffen, ist das eigentliche DIY gar nicht mehr so schwer. Kleine Metallboxen findet man in jedem gut sortierten Bastelgesch\u00e4ft, im Baumarkt oder online. Nun die Geschenke in die Boxen, Umschl\u00e4ge oder Beutel verpacken. Mit kleinen Tags kann man die Geschenke nummerieren. Alternativ kann man die Zahlen nat\u00fcrlich auch direkt auf die Boxen schreiben. Dann muss man alles nur noch auf einem sch\u00f6nen Brett oder in einer Schale<br \/>arrangieren und dekorieren. Fertig ist der Adventskalender, der super schnell fertig ist und auch noch ziemlich cool in der Wohnung aussieht.<\/p>\n<\/div>\n<\/div><\/div><\/div><\/div><\/div><div id=\"pg-3113-5\"  class=\"panel-grid panel-no-style\" ><div id=\"pgc-3113-5-0\"  class=\"panel-grid-cell\" ><div class=\"layoutDiy panel-cell-style panel-cell-style-for-3113-5-0\" ><div id=\"panel-3113-5-0-0\" class=\"so-panel widget widget_sow-image panel-first-child panel-last-child\" data-index=\"8\" ><div\n\t\t\t\n\t\t\tclass=\"so-widget-sow-image so-widget-sow-image-default-8b5b6f678277-3113\"\n\t\t\t\n\t\t>\r\n\r\n\r\n<div class=\"sow-image-container\">\r\n    \r\n    <img loading=\"lazy\" decoding=\"async\" src=\"https:\/\/abspace.yves-rocher.com\/ch\/wp-content\/uploads\/sites\/20\/2018\/09\/Ready_2_YvesRocher.jpg\" width=\"4000\" height=\"2893\" srcset=\"\"          class=\"so-widget-image\" \/>\r\n\r\n    \r\n    \r\n    <\/div>\r\n\r\n<\/div><\/div><\/div><\/div><\/div><\/div>","protected":false},"excerpt":{"rendered":"<p>Unsere Gastautorin Laura von The Limits of Control\u00a0zeigt uns, wie man in wenigen Schritten einen h\u00fcbschen Adventskalender f\u00fcr die Lieblingsmenschen bastelt.\u00a0 Einen Adventskalender selbst zu basteln ist oft gar nicht so einfach und gerade f\u00fcr Bastel-Anf\u00e4nger schwierig umzusetzen. Wer einer geliebten Person trotzdem eine Freude machenm\u00f6chte, aber selbst eher zwei linke Arme hat, kann dieses &hellip; <a href=\"https:\/\/abspace.yves-rocher.com\/ch\/de\/diy-adventskalender-2018\/\" class=\"more-link\">Continue reading<span class=\"screen-reader-text\"> &#8220;DIY &#8211; Adventskalender&#8221;<\/span><\/a><\/p>\n","protected":false},"author":10965,"featured_media":0,"comment_status":"open","ping_status":"open","sticky":false,"template":"","format":"standard","meta":{"_acf_changed":false,"footnotes":""},"categories":[39],"tags":[],"class_list":["post-3113","post","type-post","status-publish","format-standard","hentry","category-uncategorized-de"],"acf":[],"yoast_head":"<!-- This site is optimized with the Yoast SEO plugin v24.7 - https:\/\/yoast.com\/wordpress\/plugins\/seo\/ -->\n<title>Act Beautiful - DIY - Adventskalender - Yves Rocher<\/title>\n<meta name=\"robots\" content=\"index, follow, max-snippet:-1, max-image-preview:large, max-video-preview:-1\" \/>\n<link rel=\"canonical\" href=\"https:\/\/abspace.yves-rocher.com\/ch\/de\/diy-adventskalender-2018\/\" \/>\n<meta property=\"og:locale\" content=\"de_DE\" \/>\n<meta property=\"og:type\" content=\"article\" \/>\n<meta property=\"og:title\" content=\"Act Beautiful - DIY - Adventskalender - Yves Rocher\" \/>\n<meta property=\"og:url\" content=\"https:\/\/abspace.yves-rocher.com\/ch\/de\/diy-adventskalender-2018\/\" \/>\n<meta property=\"og:site_name\" content=\"Switzerland DE YR AB\" \/>\n<meta property=\"article:published_time\" content=\"2018-09-27T11:30:13+00:00\" \/>\n<meta property=\"article:modified_time\" content=\"2018-09-27T11:37:56+00:00\" \/>\n<meta name=\"author\" content=\"katrinc\" \/>\n<meta name=\"twitter:card\" content=\"summary_large_image\" \/>\n<meta name=\"twitter:label1\" content=\"Written by\" \/>\n\t<meta name=\"twitter:data1\" content=\"katrinc\" \/>\n<script type=\"application\/ld+json\" class=\"yoast-schema-graph\">{\"@context\":\"https:\/\/schema.org\",\"@graph\":[{\"@type\":\"WebPage\",\"@id\":\"https:\/\/abspace.yves-rocher.com\/ch\/de\/diy-adventskalender-2018\/\",\"url\":\"https:\/\/abspace.yves-rocher.com\/ch\/de\/diy-adventskalender-2018\/\",\"name\":\"Act Beautiful - DIY - Adventskalender - Yves Rocher\",\"isPartOf\":{\"@id\":\"https:\/\/abspace.yves-rocher.com\/ch\/#website\"},\"datePublished\":\"2018-09-27T11:30:13+00:00\",\"dateModified\":\"2018-09-27T11:37:56+00:00\",\"author\":{\"@id\":\"https:\/\/abspace.yves-rocher.com\/ch\/#\/schema\/person\/32f1d0234dfc0995cd311255efe4b760\"},\"breadcrumb\":{\"@id\":\"https:\/\/abspace.yves-rocher.com\/ch\/de\/diy-adventskalender-2018\/#breadcrumb\"},\"inLanguage\":\"de-CH\",\"potentialAction\":[{\"@type\":\"ReadAction\",\"target\":[\"https:\/\/abspace.yves-rocher.com\/ch\/de\/diy-adventskalender-2018\/\"]}]},{\"@type\":\"BreadcrumbList\",\"@id\":\"https:\/\/abspace.yves-rocher.com\/ch\/de\/diy-adventskalender-2018\/#breadcrumb\",\"itemListElement\":[{\"@type\":\"ListItem\",\"position\":1,\"name\":\"Home\",\"item\":\"https:\/\/abspace.yves-rocher.com\/ch\/de\/\"},{\"@type\":\"ListItem\",\"position\":2,\"name\":\"DIY &#8211; Adventskalender\"}]},{\"@type\":\"WebSite\",\"@id\":\"https:\/\/abspace.yves-rocher.com\/ch\/#website\",\"url\":\"https:\/\/abspace.yves-rocher.com\/ch\/\",\"name\":\"Switzerland DE YR AB\",\"description\":\"Act Beautiful site\",\"potentialAction\":[{\"@type\":\"SearchAction\",\"target\":{\"@type\":\"EntryPoint\",\"urlTemplate\":\"https:\/\/abspace.yves-rocher.com\/ch\/?s={search_term_string}\"},\"query-input\":{\"@type\":\"PropertyValueSpecification\",\"valueRequired\":true,\"valueName\":\"search_term_string\"}}],\"inLanguage\":\"de-CH\"},{\"@type\":\"Person\",\"@id\":\"https:\/\/abspace.yves-rocher.com\/ch\/#\/schema\/person\/32f1d0234dfc0995cd311255efe4b760\",\"name\":\"katrinc\",\"image\":{\"@type\":\"ImageObject\",\"inLanguage\":\"de-CH\",\"@id\":\"https:\/\/abspace.yves-rocher.com\/ch\/#\/schema\/person\/image\/\",\"url\":\"https:\/\/secure.gravatar.com\/avatar\/9c00749f5ea981d4ce85dd5ed911f10b?s=96&d=mm&r=g\",\"contentUrl\":\"https:\/\/secure.gravatar.com\/avatar\/9c00749f5ea981d4ce85dd5ed911f10b?s=96&d=mm&r=g\",\"caption\":\"katrinc\"},\"url\":\"https:\/\/abspace.yves-rocher.com\/ch\/de\/author\/katrinc\/\"}]}<\/script>\n<!-- \/ Yoast SEO plugin. -->","yoast_head_json":{"title":"Act Beautiful - DIY - Adventskalender - Yves Rocher","robots":{"index":"index","follow":"follow","max-snippet":"max-snippet:-1","max-image-preview":"max-image-preview:large","max-video-preview":"max-video-preview:-1"},"canonical":"https:\/\/abspace.yves-rocher.com\/ch\/de\/diy-adventskalender-2018\/","og_locale":"de_DE","og_type":"article","og_title":"Act Beautiful - DIY - Adventskalender - Yves Rocher","og_url":"https:\/\/abspace.yves-rocher.com\/ch\/de\/diy-adventskalender-2018\/","og_site_name":"Switzerland DE YR AB","article_published_time":"2018-09-27T11:30:13+00:00","article_modified_time":"2018-09-27T11:37:56+00:00","author":"katrinc","twitter_card":"summary_large_image","twitter_misc":{"Written by":"katrinc"},"schema":{"@context":"https:\/\/schema.org","@graph":[{"@type":"WebPage","@id":"https:\/\/abspace.yves-rocher.com\/ch\/de\/diy-adventskalender-2018\/","url":"https:\/\/abspace.yves-rocher.com\/ch\/de\/diy-adventskalender-2018\/","name":"Act Beautiful - DIY - Adventskalender - Yves Rocher","isPartOf":{"@id":"https:\/\/abspace.yves-rocher.com\/ch\/#website"},"datePublished":"2018-09-27T11:30:13+00:00","dateModified":"2018-09-27T11:37:56+00:00","author":{"@id":"https:\/\/abspace.yves-rocher.com\/ch\/#\/schema\/person\/32f1d0234dfc0995cd311255efe4b760"},"breadcrumb":{"@id":"https:\/\/abspace.yves-rocher.com\/ch\/de\/diy-adventskalender-2018\/#breadcrumb"},"inLanguage":"de-CH","potentialAction":[{"@type":"ReadAction","target":["https:\/\/abspace.yves-rocher.com\/ch\/de\/diy-adventskalender-2018\/"]}]},{"@type":"BreadcrumbList","@id":"https:\/\/abspace.yves-rocher.com\/ch\/de\/diy-adventskalender-2018\/#breadcrumb","itemListElement":[{"@type":"ListItem","position":1,"name":"Home","item":"https:\/\/abspace.yves-rocher.com\/ch\/de\/"},{"@type":"ListItem","position":2,"name":"DIY &#8211; Adventskalender"}]},{"@type":"WebSite","@id":"https:\/\/abspace.yves-rocher.com\/ch\/#website","url":"https:\/\/abspace.yves-rocher.com\/ch\/","name":"Switzerland DE YR AB","description":"Act Beautiful site","potentialAction":[{"@type":"SearchAction","target":{"@type":"EntryPoint","urlTemplate":"https:\/\/abspace.yves-rocher.com\/ch\/?s={search_term_string}"},"query-input":{"@type":"PropertyValueSpecification","valueRequired":true,"valueName":"search_term_string"}}],"inLanguage":"de-CH"},{"@type":"Person","@id":"https:\/\/abspace.yves-rocher.com\/ch\/#\/schema\/person\/32f1d0234dfc0995cd311255efe4b760","name":"katrinc","image":{"@type":"ImageObject","inLanguage":"de-CH","@id":"https:\/\/abspace.yves-rocher.com\/ch\/#\/schema\/person\/image\/","url":"https:\/\/secure.gravatar.com\/avatar\/9c00749f5ea981d4ce85dd5ed911f10b?s=96&d=mm&r=g","contentUrl":"https:\/\/secure.gravatar.com\/avatar\/9c00749f5ea981d4ce85dd5ed911f10b?s=96&d=mm&r=g","caption":"katrinc"},"url":"https:\/\/abspace.yves-rocher.com\/ch\/de\/author\/katrinc\/"}]}},"_links":{"self":[{"href":"https:\/\/abspace.yves-rocher.com\/ch\/ws\/wp\/v2\/posts\/3113","targetHints":{"allow":["GET"]}}],"collection":[{"href":"https:\/\/abspace.yves-rocher.com\/ch\/ws\/wp\/v2\/posts"}],"about":[{"href":"https:\/\/abspace.yves-rocher.com\/ch\/ws\/wp\/v2\/types\/post"}],"author":[{"embeddable":true,"href":"https:\/\/abspace.yves-rocher.com\/ch\/ws\/wp\/v2\/users\/10965"}],"replies":[{"embeddable":true,"href":"https:\/\/abspace.yves-rocher.com\/ch\/ws\/wp\/v2\/comments?post=3113"}],"version-history":[{"count":1,"href":"https:\/\/abspace.yves-rocher.com\/ch\/ws\/wp\/v2\/posts\/3113\/revisions"}],"predecessor-version":[{"id":3118,"href":"https:\/\/abspace.yves-rocher.com\/ch\/ws\/wp\/v2\/posts\/3113\/revisions\/3118"}],"wp:attachment":[{"href":"https:\/\/abspace.yves-rocher.com\/ch\/ws\/wp\/v2\/media?parent=3113"}],"wp:term":[{"taxonomy":"category","embeddable":true,"href":"https:\/\/abspace.yves-rocher.com\/ch\/ws\/wp\/v2\/categories?post=3113"},{"taxonomy":"post_tag","embeddable":true,"href":"https:\/\/abspace.yves-rocher.com\/ch\/ws\/wp\/v2\/tags?post=3113"}],"curies":[{"name":"wp","href":"https:\/\/api.w.org\/{rel}","templated":true}]}}