{"id":905,"date":"2017-12-28T08:06:53","date_gmt":"2017-12-28T08:06:53","guid":{"rendered":"http:\/\/abspace.yves-rocher.com\/ch\/?p=905"},"modified":"2020-11-03T15:53:43","modified_gmt":"2020-11-03T15:53:43","slug":"dachboden-yves-rocher","status":"publish","type":"post","link":"https:\/\/abspace.yves-rocher.com\/ch\/de\/dachboden-yves-rocher\/","title":{"rendered":"Der Ort, an dem alles begann: ein Dachboden in der Bretagne"},"content":{"rendered":"<div id=\"pl-905\"  class=\"panel-layout\" ><div id=\"pg-905-0\"  class=\"panel-grid panel-no-style\" ><div id=\"pgc-905-0-0\"  class=\"panel-grid-cell\" ><div id=\"panel-905-0-0-0\" class=\"so-panel widget widget_sow-image panel-first-child\" data-index=\"0\" ><div\n\t\t\t\n\t\t\tclass=\"so-widget-sow-image so-widget-sow-image-default-8b5b6f678277-905\"\n\t\t\t\n\t\t>\r\n\r\n\r\n<div class=\"sow-image-container\">\r\n    \r\n    <img loading=\"lazy\" decoding=\"async\" src=\"https:\/\/abspace.yves-rocher.com\/ch\/wp-content\/uploads\/sites\/20\/2017\/07\/MSP4829-1-1200x1800.jpg\" width=\"1200\" height=\"1800\" srcset=\"\" title=\"La Gacilly Yves Rocher\"          class=\"so-widget-image\" \/>\r\n\r\n    \r\n    \r\n    <\/div>\r\n\r\n<\/div><\/div><div id=\"panel-905-0-0-1\" class=\"so-panel widget widget_sow-editor panel-last-child\" data-index=\"1\" ><div\n\t\t\t\n\t\t\tclass=\"so-widget-sow-editor so-widget-sow-editor-base\"\n\t\t\t\n\t\t>\n<div class=\"siteorigin-widget-tinymce textwidget\">\n\t<h3>\u00a0<\/h3>\n<h3>Das Elternhaus von Yves Rocher<\/h3>\n<p>Als der Sohn von einem Schneider- und Hutmacher-Ehepaar vor\u00a0<strong>\u00fcber 60 Jahren<\/strong>\u00a0auf dem Dachboden eines kleinen Hauses in\u00a0<strong>La Gacilly<\/strong>, einem Ort in der Bretagne eine Creme herstellte, konnte noch niemand ahnen, welche\u00a0<strong>Erfolgsgeschichte<\/strong>\u00a0dieser junge Mann schreiben w\u00fcrde. Doch bereits wenige Jahre sp\u00e4ter, im\u00a0<strong>Jahr 1959<\/strong>\u00a0gr\u00fcndete\u00a0<strong>Yves Rocher<\/strong>\u00a0das gleichnamige Unternehmen und startete so eine beispiellose Karriere.<\/p>\n<\/div>\n<\/div><\/div><\/div><\/div><div id=\"pg-905-1\"  class=\"panel-grid panel-no-style\" ><div id=\"pgc-905-1-0\"  class=\"panel-grid-cell\" ><div id=\"panel-905-1-0-0\" class=\"so-panel widget widget_sow-image panel-first-child panel-last-child\" data-index=\"2\" ><div\n\t\t\t\n\t\t\tclass=\"so-widget-sow-image so-widget-sow-image-default-8b5b6f678277-905\"\n\t\t\t\n\t\t>\r\n\r\n\r\n<div class=\"sow-image-container\">\r\n    \r\n    <img loading=\"lazy\" decoding=\"async\" src=\"https:\/\/abspace.yves-rocher.com\/ch\/wp-content\/uploads\/sites\/20\/2017\/07\/MSP4731-1200x1800.jpg\" width=\"1200\" height=\"1800\" srcset=\"\" title=\"Yves Rocher N\u00e4hmaschine\"          class=\"so-widget-image\" \/>\r\n\r\n    \r\n    \r\n    <\/div>\r\n\r\n<\/div><\/div><\/div><div id=\"pgc-905-1-1\"  class=\"panel-grid-cell\" ><div id=\"panel-905-1-1-0\" class=\"so-panel widget widget_sow-image panel-first-child panel-last-child\" data-index=\"3\" ><div\n\t\t\t\n\t\t\tclass=\"so-widget-sow-image so-widget-sow-image-default-8b5b6f678277-905\"\n\t\t\t\n\t\t>\r\n\r\n\r\n<div class=\"sow-image-container\">\r\n    \r\n    <img loading=\"lazy\" decoding=\"async\" src=\"https:\/\/abspace.yves-rocher.com\/ch\/wp-content\/uploads\/sites\/20\/2017\/07\/MSP4728.jpg\" width=\"2967\" height=\"4451\" srcset=\"\" title=\"Yves_Rocher_Zimmer\"          class=\"so-widget-image\" \/>\r\n\r\n    \r\n    \r\n    <\/div>\r\n\r\n<\/div><\/div><\/div><div id=\"pgc-905-1-2\"  class=\"panel-grid-cell\" ><div id=\"panel-905-1-2-0\" class=\"so-panel widget widget_sow-image panel-first-child panel-last-child\" data-index=\"4\" ><div\n\t\t\t\n\t\t\tclass=\"so-widget-sow-image so-widget-sow-image-default-8b5b6f678277-905\"\n\t\t\t\n\t\t>\r\n\r\n\r\n<div class=\"sow-image-container\">\r\n    \r\n    <img loading=\"lazy\" decoding=\"async\" src=\"https:\/\/abspace.yves-rocher.com\/ch\/wp-content\/uploads\/sites\/20\/2017\/07\/MSP4723-1200x1800.jpg\" width=\"1200\" height=\"1800\" srcset=\"\" title=\"Yves Rocher Esszimmer\"          class=\"so-widget-image\" \/>\r\n\r\n    \r\n    \r\n    <\/div>\r\n\r\n<\/div><\/div><\/div><\/div><div id=\"pg-905-2\"  class=\"panel-grid panel-no-style\" ><div id=\"pgc-905-2-0\"  class=\"panel-grid-cell\" ><div id=\"panel-905-2-0-0\" class=\"so-panel widget widget_sow-image panel-first-child panel-last-child\" data-index=\"5\" ><div\n\t\t\t\n\t\t\tclass=\"so-widget-sow-image so-widget-sow-image-default-8b5b6f678277-905\"\n\t\t\t\n\t\t>\r\n\r\n\r\n<div class=\"sow-image-container\">\r\n    \r\n    <img loading=\"lazy\" decoding=\"async\" src=\"https:\/\/abspace.yves-rocher.com\/ch\/wp-content\/uploads\/sites\/20\/2017\/08\/MSP4727_8858353.jpg\" width=\"5040\" height=\"3360\" srcset=\"\" title=\"_MSP4727\"          class=\"so-widget-image\" \/>\r\n\r\n    \r\n    \r\n    <\/div>\r\n\r\n<\/div><\/div><\/div><\/div><div id=\"pg-905-3\"  class=\"panel-grid panel-no-style\" ><div id=\"pgc-905-3-0\"  class=\"panel-grid-cell\" ><div id=\"panel-905-3-0-0\" class=\"so-panel widget widget_sow-editor panel-first-child panel-last-child\" data-index=\"6\" ><div\n\t\t\t\n\t\t\tclass=\"so-widget-sow-editor so-widget-sow-editor-base\"\n\t\t\t\n\t\t>\n<div class=\"siteorigin-widget-tinymce textwidget\">\n\t<h3>Im Einklang mit der Natur<\/h3>\n<p>Dank seines Vaters, der Yves schon als Kind immer mit auf die Felder rund um\u00a0<strong>La Gacilly<\/strong>\u00a0mit nahm und ihm die verschiedenen Pflanzen und Blumen n\u00e4her brachte, war\u00a0<strong>Monsieur Rocher<\/strong>\u00a0sehr naturverbunden. Durch ein Treffen mit einer Heilerin\u00a0aus einem Nachbarort erhielt er als junger Mann ein\u00a0<strong>Rezept f\u00fcr eine Creme<\/strong>\u00a0mit\u00a0<strong>Feigwurz<\/strong>, die sein erstes Produkt werden sollte. Schon damals war es Yves Rocher wichtig, im Einklang mit der\u00a0<strong>Natur Produkte auf pflanzlicher Basis<\/strong>\u00a0herzustellen, um so die nat\u00fcrliche\u00a0<strong>Sch\u00f6nheit jeder Frau<\/strong>\u00a0zu unterstreichen.<\/p>\n<\/div>\n<\/div><\/div><\/div><\/div><div id=\"pg-905-4\"  class=\"panel-grid panel-no-style\" ><div id=\"pgc-905-4-0\"  class=\"panel-grid-cell\" ><div id=\"panel-905-4-0-0\" class=\"so-panel widget widget_sow-image panel-first-child panel-last-child\" data-index=\"7\" ><div\n\t\t\t\n\t\t\tclass=\"so-widget-sow-image so-widget-sow-image-default-8b5b6f678277-905\"\n\t\t\t\n\t\t>\r\n\r\n\r\n<div class=\"sow-image-container\">\r\n    \r\n    <img loading=\"lazy\" decoding=\"async\" src=\"https:\/\/abspace.yves-rocher.com\/ch\/wp-content\/uploads\/sites\/20\/2017\/08\/MSP4736_2644593.jpg\" width=\"3360\" height=\"5040\" srcset=\"\" title=\"_MSP4736\"          class=\"so-widget-image\" \/>\r\n\r\n    \r\n    \r\n    <\/div>\r\n\r\n<\/div><\/div><\/div><div id=\"pgc-905-4-1\"  class=\"panel-grid-cell\" ><div id=\"panel-905-4-1-0\" class=\"so-panel widget widget_sow-image panel-first-child panel-last-child\" data-index=\"8\" ><div\n\t\t\t\n\t\t\tclass=\"so-widget-sow-image so-widget-sow-image-default-8b5b6f678277-905\"\n\t\t\t\n\t\t>\r\n\r\n\r\n<div class=\"sow-image-container\">\r\n    \r\n    <img loading=\"lazy\" decoding=\"async\" src=\"https:\/\/abspace.yves-rocher.com\/ch\/wp-content\/uploads\/sites\/20\/2017\/08\/MSP4735-1_3795771.jpg\" width=\"3360\" height=\"5040\" srcset=\"\" title=\"Rocher Haus La Gacilly\"          class=\"so-widget-image\" \/>\r\n\r\n    \r\n    \r\n    <\/div>\r\n\r\n<\/div><\/div><\/div><\/div><div id=\"pg-905-5\"  class=\"panel-grid panel-no-style\" ><div id=\"pgc-905-5-0\"  class=\"panel-grid-cell\" ><div id=\"panel-905-5-0-0\" class=\"so-panel widget widget_sow-editor panel-first-child panel-last-child\" data-index=\"9\" ><div\n\t\t\t\n\t\t\tclass=\"so-widget-sow-editor so-widget-sow-editor-base\"\n\t\t\t\n\t\t>\n<div class=\"siteorigin-widget-tinymce textwidget\">\n\t<h3>Eine Erfolgsgeschichte<\/h3>\n<p>Zusammen mit einem Freund machte sich Yves kurze Zeit sp\u00e4ter selbst\u00e4ndig und entwickelte weitere Produkte in seinem kleinen\u00a0<strong>Labor auf dem Dachboden<\/strong>. Hier produzierte\u00a0er nicht nur die Produkte, sondern verpackte sie auch direkt. Schon bald belieferten sie auch Kundinnen aus den umliegenden D\u00f6rfern. Der Versandhandel war geboren. Seinen Paketen legte er\u00a0kleine\u00a0<strong>Geschenke als Dankesch\u00f6n<\/strong>\u00a0f\u00fcr die Bestellung bei \u2013 eine Tradition, die wir bis heute Aufrecht erhalten!<\/p>\n<\/div>\n<\/div><\/div><\/div><\/div><div id=\"pg-905-6\"  class=\"panel-grid panel-no-style\" ><div id=\"pgc-905-6-0\"  class=\"panel-grid-cell\" ><div id=\"panel-905-6-0-0\" class=\"so-panel widget widget_sow-image panel-first-child panel-last-child\" data-index=\"10\" ><div\n\t\t\t\n\t\t\tclass=\"so-widget-sow-image so-widget-sow-image-default-8b5b6f678277-905\"\n\t\t\t\n\t\t>\r\n\r\n\r\n<div class=\"sow-image-container\">\r\n    \r\n    <img loading=\"lazy\" decoding=\"async\" src=\"https:\/\/abspace.yves-rocher.com\/ch\/wp-content\/uploads\/sites\/20\/2017\/08\/MSP4752-1_3102385.jpg\" width=\"2821\" height=\"4232\" srcset=\"\" title=\"Bl\u00fcten Rocher Haus\"          class=\"so-widget-image\" \/>\r\n\r\n    \r\n    \r\n    <\/div>\r\n\r\n<\/div><\/div><\/div><div id=\"pgc-905-6-1\"  class=\"panel-grid-cell\" ><div id=\"panel-905-6-1-0\" class=\"so-panel widget widget_sow-image panel-first-child panel-last-child\" data-index=\"11\" ><div\n\t\t\t\n\t\t\tclass=\"so-widget-sow-image so-widget-sow-image-default-8b5b6f678277-905\"\n\t\t\t\n\t\t>\r\n\r\n\r\n<div class=\"sow-image-container\">\r\n    \r\n    <img loading=\"lazy\" decoding=\"async\" src=\"https:\/\/abspace.yves-rocher.com\/ch\/wp-content\/uploads\/sites\/20\/2017\/08\/MSP4750_8274257.jpg\" width=\"3152\" height=\"4728\" srcset=\"\" title=\"Rocher Haus\"          class=\"so-widget-image\" \/>\r\n\r\n    \r\n    \r\n    <\/div>\r\n\r\n<\/div><\/div><\/div><div id=\"pgc-905-6-2\"  class=\"panel-grid-cell\" ><div id=\"panel-905-6-2-0\" class=\"so-panel widget widget_sow-image panel-first-child panel-last-child\" data-index=\"12\" ><div\n\t\t\t\n\t\t\tclass=\"so-widget-sow-image so-widget-sow-image-default-8b5b6f678277-905\"\n\t\t\t\n\t\t>\r\n\r\n\r\n<div class=\"sow-image-container\">\r\n    \r\n    <img loading=\"lazy\" decoding=\"async\" src=\"https:\/\/abspace.yves-rocher.com\/ch\/wp-content\/uploads\/sites\/20\/2017\/08\/MSP4748-1.jpg\" width=\"3360\" height=\"5040\" srcset=\"\" title=\"Yves Rocher La Gacilly\"          class=\"so-widget-image\" \/>\r\n\r\n    \r\n    \r\n    <\/div>\r\n\r\n<\/div><\/div><\/div><\/div><div id=\"pg-905-7\"  class=\"panel-grid panel-no-style\" ><div id=\"pgc-905-7-0\"  class=\"panel-grid-cell\" ><div id=\"panel-905-7-0-0\" class=\"so-panel widget widget_sow-image panel-first-child panel-last-child\" data-index=\"13\" ><div\n\t\t\t\n\t\t\tclass=\"so-widget-sow-image so-widget-sow-image-default-8b5b6f678277-905\"\n\t\t\t\n\t\t>\r\n\r\n\r\n<div class=\"sow-image-container\">\r\n    \r\n    <img loading=\"lazy\" decoding=\"async\" src=\"https:\/\/abspace.yves-rocher.com\/ch\/wp-content\/uploads\/sites\/20\/2017\/08\/MSP4759.jpg\" width=\"3360\" height=\"5040\" srcset=\"\" title=\"Yves Rocher\"          class=\"so-widget-image\" \/>\r\n\r\n    \r\n    \r\n    <\/div>\r\n\r\n<\/div><\/div><\/div><div id=\"pgc-905-7-1\"  class=\"panel-grid-cell\" ><div id=\"panel-905-7-1-0\" class=\"so-panel widget widget_sow-image panel-first-child panel-last-child\" data-index=\"14\" ><div\n\t\t\t\n\t\t\tclass=\"so-widget-sow-image so-widget-sow-image-default-8b5b6f678277-905\"\n\t\t\t\n\t\t>\r\n\r\n\r\n<div class=\"sow-image-container\">\r\n    \r\n    <img loading=\"lazy\" decoding=\"async\" src=\"https:\/\/abspace.yves-rocher.com\/ch\/wp-content\/uploads\/sites\/20\/2017\/08\/MSP4776_1009977.jpg\" width=\"3360\" height=\"5040\" srcset=\"\" title=\"Rocher Schreibmaschine\"          class=\"so-widget-image\" \/>\r\n\r\n    \r\n    \r\n    <\/div>\r\n\r\n<\/div><\/div><\/div><\/div><div id=\"pg-905-8\"  class=\"panel-grid panel-no-style\" ><div id=\"pgc-905-8-0\"  class=\"panel-grid-cell\" ><div id=\"panel-905-8-0-0\" class=\"so-panel widget widget_sow-editor panel-first-child panel-last-child\" data-index=\"15\" ><div\n\t\t\t\n\t\t\tclass=\"so-widget-sow-editor so-widget-sow-editor-base\"\n\t\t\t\n\t\t>\n<div class=\"siteorigin-widget-tinymce textwidget\">\n\t<h3>Ein weiterer gro\u00dfer Schritt<\/h3>\n<p><strong>1969 er\u00f6ffnete Yves Rocher den ersten Store in Paris<\/strong>\u00a0auf dem Boulevard Hausmann und legte so einen weiteren Meilenstein f\u00fcr die Erfolgsgeschichte des Unternehmens. Mittlerweile ist die Marke, die immer noch in Familienbesitz ist,\u00a0<strong>weltweit in 90 L\u00e4ndern mit \u00fcber 4000 Stores vertreten.\u00a0<\/strong><\/p>\n<p><strong><br \/><\/strong>Von Anfang an setzte Monsieur Rocher auf den Direktvertrieb, ohne Zwischenh\u00e4ndler. Bis heute sind wir Botaniker, Erzeuger, Produzent und H\u00e4ndler und \u00fcberwachen so den\u00a0<strong>kompletten Lebenszyklus unserer Produkte<\/strong>. Der gr\u00f6\u00dfte Teil unserer Produkte wird bis heute in La Gacilly in unseren eigenen Produktionsst\u00e4tten hergestellt.<\/p>\n<\/div>\n<\/div><\/div><\/div><div id=\"pgc-905-8-1\"  class=\"panel-grid-cell\" ><div id=\"panel-905-8-1-0\" class=\"so-panel widget widget_sow-image panel-first-child panel-last-child\" data-index=\"16\" ><div\n\t\t\t\n\t\t\tclass=\"so-widget-sow-image so-widget-sow-image-default-8b5b6f678277-905\"\n\t\t\t\n\t\t>\r\n\r\n\r\n<div class=\"sow-image-container\">\r\n    \r\n    <img loading=\"lazy\" decoding=\"async\" src=\"https:\/\/abspace.yves-rocher.com\/ch\/wp-content\/uploads\/sites\/20\/2017\/08\/MSP5734_8853295.jpg\" width=\"3360\" height=\"5040\" srcset=\"\" title=\"Yves Rocher Store\"          class=\"so-widget-image\" \/>\r\n\r\n    \r\n    \r\n    <\/div>\r\n\r\n<\/div><\/div><\/div><\/div><\/div>","protected":false},"excerpt":{"rendered":"<p>Komm mit uns mit auf eine Reise durch die Geschichte von Yves Rocher und entdecke das Haus von Monsieur Rocher, indem alles begann.<\/p>\n","protected":false},"author":10965,"featured_media":917,"comment_status":"open","ping_status":"open","sticky":false,"template":"","format":"standard","meta":{"_acf_changed":false,"footnotes":""},"categories":[1],"tags":[373,67],"class_list":["post-905","post","type-post","status-publish","format-standard","has-post-thumbnail","hentry","category-uncategorized","tag-insideyr","tag-lagacilly-de"],"acf":[],"yoast_head":"<!-- This site is optimized with the Yoast SEO plugin v24.7 - https:\/\/yoast.com\/wordpress\/plugins\/seo\/ -->\n<title>Act Beautiful - Der Ort, an dem alles begann: ein Dachboden in der Bretagne - Yves Rocher<\/title>\n<meta name=\"description\" content=\"Komm mit uns mit auf eine Reise durch die Geschichte von Yves Rocher und entdecke das Haus von Monsieur Rocher, indem alles begann.\" \/>\n<meta name=\"robots\" content=\"index, follow, max-snippet:-1, max-image-preview:large, max-video-preview:-1\" \/>\n<link rel=\"canonical\" href=\"https:\/\/abspace.yves-rocher.com\/ch\/de\/dachboden-yves-rocher\/\" \/>\n<meta property=\"og:locale\" content=\"de_DE\" \/>\n<meta property=\"og:type\" content=\"article\" \/>\n<meta property=\"og:title\" content=\"Act Beautiful - Der Ort, an dem alles begann: ein Dachboden in der Bretagne - Yves Rocher\" \/>\n<meta property=\"og:description\" content=\"Komm mit uns mit auf eine Reise durch die Geschichte von Yves Rocher und entdecke das Haus von Monsieur Rocher, indem alles begann.\" \/>\n<meta property=\"og:url\" content=\"https:\/\/abspace.yves-rocher.com\/ch\/de\/dachboden-yves-rocher\/\" \/>\n<meta property=\"og:site_name\" content=\"Switzerland DE YR AB\" \/>\n<meta property=\"article:published_time\" content=\"2017-12-28T08:06:53+00:00\" \/>\n<meta property=\"article:modified_time\" content=\"2020-11-03T15:53:43+00:00\" \/>\n<meta property=\"og:image\" content=\"https:\/\/abspace.yves-rocher.com\/ch\/wp-content\/uploads\/sites\/20\/2017\/07\/MSP4829-1-1200x1800.jpg\" \/>\n\t<meta property=\"og:image:width\" content=\"1200\" \/>\n\t<meta property=\"og:image:height\" content=\"1800\" \/>\n\t<meta property=\"og:image:type\" content=\"image\/jpeg\" \/>\n<meta name=\"author\" content=\"katrinc\" \/>\n<meta name=\"twitter:card\" content=\"summary_large_image\" \/>\n<meta name=\"twitter:label1\" content=\"Written by\" \/>\n\t<meta name=\"twitter:data1\" content=\"katrinc\" \/>\n<script type=\"application\/ld+json\" class=\"yoast-schema-graph\">{\"@context\":\"https:\/\/schema.org\",\"@graph\":[{\"@type\":\"WebPage\",\"@id\":\"https:\/\/abspace.yves-rocher.com\/ch\/de\/dachboden-yves-rocher\/\",\"url\":\"https:\/\/abspace.yves-rocher.com\/ch\/de\/dachboden-yves-rocher\/\",\"name\":\"Act Beautiful - Der Ort, an dem alles begann: ein Dachboden in der Bretagne - Yves Rocher\",\"isPartOf\":{\"@id\":\"https:\/\/abspace.yves-rocher.com\/ch\/#website\"},\"primaryImageOfPage\":{\"@id\":\"https:\/\/abspace.yves-rocher.com\/ch\/de\/dachboden-yves-rocher\/#primaryimage\"},\"image\":{\"@id\":\"https:\/\/abspace.yves-rocher.com\/ch\/de\/dachboden-yves-rocher\/#primaryimage\"},\"thumbnailUrl\":\"https:\/\/abspace.yves-rocher.com\/ch\/wp-content\/uploads\/sites\/20\/2017\/07\/MSP4829-1-1200x1800.jpg\",\"datePublished\":\"2017-12-28T08:06:53+00:00\",\"dateModified\":\"2020-11-03T15:53:43+00:00\",\"author\":{\"@id\":\"https:\/\/abspace.yves-rocher.com\/ch\/#\/schema\/person\/32f1d0234dfc0995cd311255efe4b760\"},\"description\":\"Komm mit uns mit auf eine Reise durch die Geschichte von Yves Rocher und entdecke das Haus von Monsieur Rocher, indem alles begann.\",\"breadcrumb\":{\"@id\":\"https:\/\/abspace.yves-rocher.com\/ch\/de\/dachboden-yves-rocher\/#breadcrumb\"},\"inLanguage\":\"de-CH\",\"potentialAction\":[{\"@type\":\"ReadAction\",\"target\":[\"https:\/\/abspace.yves-rocher.com\/ch\/de\/dachboden-yves-rocher\/\"]}]},{\"@type\":\"ImageObject\",\"inLanguage\":\"de-CH\",\"@id\":\"https:\/\/abspace.yves-rocher.com\/ch\/de\/dachboden-yves-rocher\/#primaryimage\",\"url\":\"https:\/\/abspace.yves-rocher.com\/ch\/wp-content\/uploads\/sites\/20\/2017\/07\/MSP4829-1-1200x1800.jpg\",\"contentUrl\":\"https:\/\/abspace.yves-rocher.com\/ch\/wp-content\/uploads\/sites\/20\/2017\/07\/MSP4829-1-1200x1800.jpg\",\"width\":1200,\"height\":1800},{\"@type\":\"BreadcrumbList\",\"@id\":\"https:\/\/abspace.yves-rocher.com\/ch\/de\/dachboden-yves-rocher\/#breadcrumb\",\"itemListElement\":[{\"@type\":\"ListItem\",\"position\":1,\"name\":\"Home\",\"item\":\"https:\/\/abspace.yves-rocher.com\/ch\/de\/\"},{\"@type\":\"ListItem\",\"position\":2,\"name\":\"Der Ort, an dem alles begann: ein Dachboden in der Bretagne\"}]},{\"@type\":\"WebSite\",\"@id\":\"https:\/\/abspace.yves-rocher.com\/ch\/#website\",\"url\":\"https:\/\/abspace.yves-rocher.com\/ch\/\",\"name\":\"Switzerland DE YR AB\",\"description\":\"Act Beautiful site\",\"potentialAction\":[{\"@type\":\"SearchAction\",\"target\":{\"@type\":\"EntryPoint\",\"urlTemplate\":\"https:\/\/abspace.yves-rocher.com\/ch\/?s={search_term_string}\"},\"query-input\":{\"@type\":\"PropertyValueSpecification\",\"valueRequired\":true,\"valueName\":\"search_term_string\"}}],\"inLanguage\":\"de-CH\"},{\"@type\":\"Person\",\"@id\":\"https:\/\/abspace.yves-rocher.com\/ch\/#\/schema\/person\/32f1d0234dfc0995cd311255efe4b760\",\"name\":\"katrinc\",\"image\":{\"@type\":\"ImageObject\",\"inLanguage\":\"de-CH\",\"@id\":\"https:\/\/abspace.yves-rocher.com\/ch\/#\/schema\/person\/image\/\",\"url\":\"https:\/\/secure.gravatar.com\/avatar\/9c00749f5ea981d4ce85dd5ed911f10b?s=96&d=mm&r=g\",\"contentUrl\":\"https:\/\/secure.gravatar.com\/avatar\/9c00749f5ea981d4ce85dd5ed911f10b?s=96&d=mm&r=g\",\"caption\":\"katrinc\"},\"url\":\"https:\/\/abspace.yves-rocher.com\/ch\/de\/author\/katrinc\/\"}]}<\/script>\n<!-- \/ Yoast SEO plugin. -->","yoast_head_json":{"title":"Act Beautiful - Der Ort, an dem alles begann: ein Dachboden in der Bretagne - Yves Rocher","description":"Komm mit uns mit auf eine Reise durch die Geschichte von Yves Rocher und entdecke das Haus von Monsieur Rocher, indem alles begann.","robots":{"index":"index","follow":"follow","max-snippet":"max-snippet:-1","max-image-preview":"max-image-preview:large","max-video-preview":"max-video-preview:-1"},"canonical":"https:\/\/abspace.yves-rocher.com\/ch\/de\/dachboden-yves-rocher\/","og_locale":"de_DE","og_type":"article","og_title":"Act Beautiful - Der Ort, an dem alles begann: ein Dachboden in der Bretagne - Yves Rocher","og_description":"Komm mit uns mit auf eine Reise durch die Geschichte von Yves Rocher und entdecke das Haus von Monsieur Rocher, indem alles begann.","og_url":"https:\/\/abspace.yves-rocher.com\/ch\/de\/dachboden-yves-rocher\/","og_site_name":"Switzerland DE YR AB","article_published_time":"2017-12-28T08:06:53+00:00","article_modified_time":"2020-11-03T15:53:43+00:00","og_image":[{"width":1200,"height":1800,"url":"https:\/\/abspace.yves-rocher.com\/ch\/wp-content\/uploads\/sites\/20\/2017\/07\/MSP4829-1-1200x1800.jpg","type":"image\/jpeg"}],"author":"katrinc","twitter_card":"summary_large_image","twitter_misc":{"Written by":"katrinc"},"schema":{"@context":"https:\/\/schema.org","@graph":[{"@type":"WebPage","@id":"https:\/\/abspace.yves-rocher.com\/ch\/de\/dachboden-yves-rocher\/","url":"https:\/\/abspace.yves-rocher.com\/ch\/de\/dachboden-yves-rocher\/","name":"Act Beautiful - Der Ort, an dem alles begann: ein Dachboden in der Bretagne - Yves Rocher","isPartOf":{"@id":"https:\/\/abspace.yves-rocher.com\/ch\/#website"},"primaryImageOfPage":{"@id":"https:\/\/abspace.yves-rocher.com\/ch\/de\/dachboden-yves-rocher\/#primaryimage"},"image":{"@id":"https:\/\/abspace.yves-rocher.com\/ch\/de\/dachboden-yves-rocher\/#primaryimage"},"thumbnailUrl":"https:\/\/abspace.yves-rocher.com\/ch\/wp-content\/uploads\/sites\/20\/2017\/07\/MSP4829-1-1200x1800.jpg","datePublished":"2017-12-28T08:06:53+00:00","dateModified":"2020-11-03T15:53:43+00:00","author":{"@id":"https:\/\/abspace.yves-rocher.com\/ch\/#\/schema\/person\/32f1d0234dfc0995cd311255efe4b760"},"description":"Komm mit uns mit auf eine Reise durch die Geschichte von Yves Rocher und entdecke das Haus von Monsieur Rocher, indem alles begann.","breadcrumb":{"@id":"https:\/\/abspace.yves-rocher.com\/ch\/de\/dachboden-yves-rocher\/#breadcrumb"},"inLanguage":"de-CH","potentialAction":[{"@type":"ReadAction","target":["https:\/\/abspace.yves-rocher.com\/ch\/de\/dachboden-yves-rocher\/"]}]},{"@type":"ImageObject","inLanguage":"de-CH","@id":"https:\/\/abspace.yves-rocher.com\/ch\/de\/dachboden-yves-rocher\/#primaryimage","url":"https:\/\/abspace.yves-rocher.com\/ch\/wp-content\/uploads\/sites\/20\/2017\/07\/MSP4829-1-1200x1800.jpg","contentUrl":"https:\/\/abspace.yves-rocher.com\/ch\/wp-content\/uploads\/sites\/20\/2017\/07\/MSP4829-1-1200x1800.jpg","width":1200,"height":1800},{"@type":"BreadcrumbList","@id":"https:\/\/abspace.yves-rocher.com\/ch\/de\/dachboden-yves-rocher\/#breadcrumb","itemListElement":[{"@type":"ListItem","position":1,"name":"Home","item":"https:\/\/abspace.yves-rocher.com\/ch\/de\/"},{"@type":"ListItem","position":2,"name":"Der Ort, an dem alles begann: ein Dachboden in der Bretagne"}]},{"@type":"WebSite","@id":"https:\/\/abspace.yves-rocher.com\/ch\/#website","url":"https:\/\/abspace.yves-rocher.com\/ch\/","name":"Switzerland DE YR AB","description":"Act Beautiful site","potentialAction":[{"@type":"SearchAction","target":{"@type":"EntryPoint","urlTemplate":"https:\/\/abspace.yves-rocher.com\/ch\/?s={search_term_string}"},"query-input":{"@type":"PropertyValueSpecification","valueRequired":true,"valueName":"search_term_string"}}],"inLanguage":"de-CH"},{"@type":"Person","@id":"https:\/\/abspace.yves-rocher.com\/ch\/#\/schema\/person\/32f1d0234dfc0995cd311255efe4b760","name":"katrinc","image":{"@type":"ImageObject","inLanguage":"de-CH","@id":"https:\/\/abspace.yves-rocher.com\/ch\/#\/schema\/person\/image\/","url":"https:\/\/secure.gravatar.com\/avatar\/9c00749f5ea981d4ce85dd5ed911f10b?s=96&d=mm&r=g","contentUrl":"https:\/\/secure.gravatar.com\/avatar\/9c00749f5ea981d4ce85dd5ed911f10b?s=96&d=mm&r=g","caption":"katrinc"},"url":"https:\/\/abspace.yves-rocher.com\/ch\/de\/author\/katrinc\/"}]}},"_links":{"self":[{"href":"https:\/\/abspace.yves-rocher.com\/ch\/ws\/wp\/v2\/posts\/905","targetHints":{"allow":["GET"]}}],"collection":[{"href":"https:\/\/abspace.yves-rocher.com\/ch\/ws\/wp\/v2\/posts"}],"about":[{"href":"https:\/\/abspace.yves-rocher.com\/ch\/ws\/wp\/v2\/types\/post"}],"author":[{"embeddable":true,"href":"https:\/\/abspace.yves-rocher.com\/ch\/ws\/wp\/v2\/users\/10965"}],"replies":[{"embeddable":true,"href":"https:\/\/abspace.yves-rocher.com\/ch\/ws\/wp\/v2\/comments?post=905"}],"version-history":[{"count":7,"href":"https:\/\/abspace.yves-rocher.com\/ch\/ws\/wp\/v2\/posts\/905\/revisions"}],"predecessor-version":[{"id":6412,"href":"https:\/\/abspace.yves-rocher.com\/ch\/ws\/wp\/v2\/posts\/905\/revisions\/6412"}],"wp:featuredmedia":[{"embeddable":true,"href":"https:\/\/abspace.yves-rocher.com\/ch\/ws\/wp\/v2\/media\/917"}],"wp:attachment":[{"href":"https:\/\/abspace.yves-rocher.com\/ch\/ws\/wp\/v2\/media?parent=905"}],"wp:term":[{"taxonomy":"category","embeddable":true,"href":"https:\/\/abspace.yves-rocher.com\/ch\/ws\/wp\/v2\/categories?post=905"},{"taxonomy":"post_tag","embeddable":true,"href":"https:\/\/abspace.yves-rocher.com\/ch\/ws\/wp\/v2\/tags?post=905"}],"curies":[{"name":"wp","href":"https:\/\/api.w.org\/{rel}","templated":true}]}}