{"id":1719,"date":"0201-01-30T04:00:20","date_gmt":"0201-01-30T03:00:20","guid":{"rendered":"http:\/\/abspace.yves-rocher.com\/de\/?p=1719"},"modified":"2021-04-09T11:00:57","modified_gmt":"2021-04-09T10:00:57","slug":"winter-pflanzen","status":"publish","type":"post","link":"https:\/\/abspace.yves-rocher.com\/de\/de\/winter-pflanzen\/","title":{"rendered":"Pflanzen \u00fcberwintern: Wie sch\u00fctze ich meine Pflanze?"},"content":{"rendered":"<div id=\"pl-1719\"  class=\"panel-layout\" ><div id=\"pg-1719-0\"  class=\"panel-grid panel-no-style\" ><div id=\"pgc-1719-0-0\"  class=\"panel-grid-cell\" >            <div class=\"textWidget header-description \">\r\n                <p>Du hast einen gr\u00fcnen Daumen, doch fragst dich, wie deine Pflanzen \u00fcberwintern? Wir zeigen dir, wie deine Pflanzen in der K\u00e4lte \u00fcberleben.<\/p>\r\n            <\/div>\r\n    <\/div><\/div><div id=\"pg-1719-1\"  class=\"panel-grid panel-no-style\" ><div id=\"pgc-1719-1-0\"  class=\"panel-grid-cell\" ><div id=\"panel-1719-1-0-0\" class=\"so-panel widget widget_sow-image panel-first-child panel-last-child\" data-index=\"1\" ><div\n\t\t\t\n\t\t\tclass=\"so-widget-sow-image so-widget-sow-image-default-8b5b6f678277-1719\"\n\t\t\t\n\t\t>\r\n\r\n\r\n<div class=\"sow-image-container\">\r\n    \r\n    <img loading=\"lazy\" decoding=\"async\" src=\"https:\/\/abspace.yves-rocher.com\/de\/wp-content\/uploads\/sites\/7\/2017\/11\/1802_plantes-hiver_Image5_750x1036.psd_.jpg\" width=\"750\" height=\"1036\" srcset=\"\" title=\"Pflanzen \u00fcberwintern\"          class=\"so-widget-image\" \/>\r\n\r\n    \r\n    \r\n    <\/div>\r\n\r\n<\/div><\/div><\/div><div id=\"pgc-1719-1-1\"  class=\"panel-grid-cell\" ><div id=\"panel-1719-1-1-0\" class=\"so-panel widget widget_sow-editor panel-first-child panel-last-child\" data-index=\"2\" ><div\n\t\t\t\n\t\t\tclass=\"so-widget-sow-editor so-widget-sow-editor-base\"\n\t\t\t\n\t\t>\n<div class=\"siteorigin-widget-tinymce textwidget\">\n\t<p><span style=\"font-weight: 400\">Ob Oleander, Bougainvillea oder Engelstrompete, den ganzen Sommer \u00fcber pr\u00e4sentieren sich unsere K\u00fcbelpflanzen in voller Pracht. Die meisten Exoten sind jedoch nicht winterhart und ben\u00f6tigen noch vor dem ersten Frost einen gesch\u00fctzten Platz. Allerdings will die \u00dcberwinterung von Pflanzen gut \u00fcberlegt sein, denn die Sch\u00f6nheiten stellen unterschiedliche Anspr\u00fcche an ihr Winterquartier. Wir sagen Dir, welche Pflanzen wie \u00fcberwintern und was Du bei der Standortauswahl beachten solltest.<\/span><\/p>\n<p>\u00a0<\/p>\n<h2><span style=\"font-weight: 400\">Diese K\u00fcbelpflanzen d\u00fcrfen auch im Winter im Garten bleiben<\/span><\/h2>\n<p><span style=\"font-weight: 400\">Buchsbaum, Ziergr\u00e4ser, Hortensien und Kirschlorbeer \u00fcberstehen die kalte Jahreszeit im K\u00fcbel und mit etwas Unterst\u00fctzung gut im Freien. Um sie vor eisigen Temperaturen zu sch\u00fctzen, kannst Du die Pflanzgef\u00e4\u00dfe beispielsweise in einen Jutesack stellen. Auch Vlies h\u00e4lt die K\u00e4lte gut ab. Wichtig ist, dass Du die Pflanzen dabei vor der besonders strengen Bodenk\u00e4lte bewahrst, da sonst die Wurzeln Schaden nehmen. Am besten stellst Du die Gef\u00e4\u00dfe zus\u00e4tzlich auf ein paar Holzkl\u00f6tzchen oder auf eine Lage Styropor. Achte aber darauf, dass unten trotzdem das Wasser ablaufen kann, und entferne einen m\u00f6glichen Untersetzer. Im Winter regnet es n\u00e4mlich h\u00e4ufiger, so dass es schnell zu Staun\u00e4sse kommen kann. Und die vertr\u00e4gt kaum eine Pflanze.<\/span><\/p>\n<p>\u00a0<\/p>\n<h2><span style=\"font-weight: 400\">Die robusten Sch\u00f6nheiten: K\u00fcbelpflanzen f\u00fcr das Kalthaus<\/span><\/h2>\n<p><span style=\"font-weight: 400\">Viele K\u00fcbelpflanzen m\u00f6gen keinen Frost, aber auch keine wirkliche W\u00e4rme. Sie lieben in der kalten Jahreszeit eine gem\u00e4\u00dfigte Temperatur zwischen 2,0 und 12,0 Grad Celsius und \u00fcberwintern \u2013 falls vorhanden \u2013 in einem Kalthaus, einer speziellen Gew\u00e4chshausart. Falls Dein Garten kein Kalthaus zu bieten hat, macht das aber gar nichts.\u00a0<\/span><\/p>\n<p><span style=\"font-weight: 400\">Frostfreie Ger\u00e4teschuppen, Garagen und Kellerr\u00e4ume sind ebenso gut geeignet. Dies betrifft haupts\u00e4chlich K\u00fcbelpflanzen, die im Winter ihr Laub abwerfen, also beispielsweise Fuchsien oder Engelstrompeten. Sie ben\u00f6tigen im Winter kein Licht und sollten sogar so dunkel wie m\u00f6glich stehen! Au\u00dferdem solltest Du sie in dieser Zeit so gut wie gar nicht gie\u00dfen. Die gleichen Anspr\u00fcche an die Temperatur stellen auch immergr\u00fcne Arten wie Dattelpalme, Oleander, Lorbeer und verschiedene Zitrusgew\u00e4chse. Doch aufgepasst: Im Gegensatz zu den \"Laubabwerfern\" brauchen diese sehr wohl Licht! In diesem Fall kommt also nur ein Winterquartier mit Fenstern infrage. Es empfiehlt sich sogar, vor dem Winter noch einmal die Scheiben zu reinigen und Kondenswasser regelm\u00e4\u00dfig abzuwischen, damit das ohnehin sp\u00e4rliche Tageslicht ausreichend ins Innere dringen kann.\u00a0<\/span><\/p>\n<\/div>\n<\/div><\/div><\/div><\/div><div id=\"pg-1719-2\"  class=\"panel-grid panel-no-style\" ><div id=\"pgc-1719-2-0\"  class=\"panel-grid-cell\" ><div id=\"panel-1719-2-0-0\" class=\"so-panel widget widget_sow-image panel-first-child panel-last-child\" data-index=\"3\" ><div\n\t\t\t\n\t\t\tclass=\"so-widget-sow-image so-widget-sow-image-default-8b5b6f678277-1719\"\n\t\t\t\n\t\t>\r\n\r\n\r\n<div class=\"sow-image-container\">\r\n    \r\n    <img loading=\"lazy\" decoding=\"async\" src=\"https:\/\/abspace.yves-rocher.com\/de\/wp-content\/uploads\/sites\/7\/2017\/11\/1801_D_HP-AB-SPACE_Image8_750x598-1.jpg\" width=\"750\" height=\"598\" srcset=\"\" title=\"Schneegl\u00f6ckchen\"          class=\"so-widget-image\" \/>\r\n\r\n    \r\n    \r\n    <\/div>\r\n\r\n<\/div><\/div><\/div><div id=\"pgc-1719-2-1\"  class=\"panel-grid-cell\" ><div id=\"panel-1719-2-1-0\" class=\"so-panel widget widget_sow-editor panel-first-child panel-last-child\" data-index=\"4\" ><div\n\t\t\t\n\t\t\tclass=\"so-widget-sow-editor so-widget-sow-editor-base\"\n\t\t\t\n\t\t>\n<div class=\"siteorigin-widget-tinymce textwidget\">\n\t<p>\u00a0<\/p>\n<h2><span style=\"font-weight: 400\">Die k\u00e4lteempfindlichen Sensibelchen: Diese K\u00fcbelpflanzen lieben es im Winter warm<\/span><\/h2>\n<p><span style=\"font-weight: 400\">Stolze Exoten wie die Bougainvillea, die Passionsfrucht, der Kaffeestrauch und die Rote Zierbanane bevorzugen auch im Winter 12,0 bis 17,0 Grad Celsius. Kein Wunder, denn sie stammen urspr\u00fcnglich aus den Tropen! Im Winter sollten sie in wenig geheizten R\u00e4umen unterkommen. Das k\u00f6nnte beispielsweise das Treppenhaus, ein wenig beheiztes G\u00e4stezimmer oder der Wintergarten sein. Zu beachten ist, dass die Sch\u00f6nheiten helle Standorte bevorzugen und auf keinen Fall direkt an den Heizk\u00f6rpern stehen d\u00fcrfen. Die trockene W\u00e4rme, die diese verstr\u00f6men, schadet den Pflanzen.\u00a0 Einmal in der Woche m\u00e4\u00dfig gie\u00dfen reicht vollkommen aus. Und falls einer Deiner Exoten in der n\u00e4chsten Zeit einige Bl\u00e4tter abwirft: Dies hat meist nichts mit Wassermangel zu tun, sondern mit zu wenig Licht oder einer zu hohen Temperatur.\u00a0<\/span><\/p>\n<p><span style=\"font-weight: 400\">Wie Du siehst, ist es gar nicht so schwer, Pflanzen zu \u00fcberwintern. Und im n\u00e4chsten Sommer zeigen sie sich dann wieder in ihrer ganzen Pracht!<\/span><\/p>\n<p>\u00a0<\/p>\n<p>\u00a0<\/p>\n<\/div>\n<\/div><\/div><\/div><\/div><div id=\"pg-1719-3\"  class=\"panel-grid panel-no-style\" ><div id=\"pgc-1719-3-0\"  class=\"panel-grid-cell\" ><div id=\"panel-1719-3-0-0\" class=\"so-panel widget panel-first-child panel-last-child\" data-index=\"5\" ><\/div><\/div><\/div><\/div>","protected":false},"excerpt":{"rendered":"<p>Noch ist es Zeit, deine Pflanzen vor dem Winter zu sch\u00fctzen. Wir zeigen wie. <\/p>\n","protected":false},"author":29670,"featured_media":1722,"comment_status":"open","ping_status":"open","sticky":false,"template":"","format":"standard","meta":{"_acf_changed":false,"footnotes":""},"categories":[107],"tags":[],"class_list":["post-1719","post","type-post","status-publish","format-standard","has-post-thumbnail","hentry","category-uncategorized-de"],"acf":[],"yoast_head":"<!-- This site is optimized with the Yoast SEO plugin v24.7 - https:\/\/yoast.com\/wordpress\/plugins\/seo\/ -->\n<title>Pflanzen richtig \u00fcberwintern | Tipps &amp; Tricks | Yves Rocher<\/title>\n<meta name=\"description\" content=\"Du m\u00f6chtest, dass deine Pflanzen ohne Probleme \u00fcberwintern? Mit unseren Tipps und Tricks geht die Arbeit ganz leicht von der Hand. Jetzt informieren!\" \/>\n<meta name=\"robots\" content=\"index, follow, max-snippet:-1, max-image-preview:large, max-video-preview:-1\" \/>\n<link rel=\"canonical\" href=\"https:\/\/abspace.yves-rocher.com\/de\/de\/winter-pflanzen\/\" \/>\n<meta property=\"og:locale\" content=\"de_DE\" \/>\n<meta property=\"og:type\" content=\"article\" \/>\n<meta property=\"og:title\" content=\"Pflanzen richtig \u00fcberwintern | Tipps &amp; Tricks | Yves Rocher\" \/>\n<meta property=\"og:description\" content=\"Du m\u00f6chtest, dass deine Pflanzen ohne Probleme \u00fcberwintern? Mit unseren Tipps und Tricks geht die Arbeit ganz leicht von der Hand. Jetzt informieren!\" \/>\n<meta property=\"og:url\" content=\"https:\/\/abspace.yves-rocher.com\/de\/de\/winter-pflanzen\/\" \/>\n<meta property=\"og:site_name\" content=\"Germany YR AB\" \/>\n<meta property=\"article:published_time\" content=\"0201-01-30T03:00:20+00:00\" \/>\n<meta property=\"article:modified_time\" content=\"2021-04-09T10:00:57+00:00\" \/>\n<meta property=\"og:image\" content=\"https:\/\/abspace.yves-rocher.com\/de\/wp-content\/uploads\/sites\/7\/2017\/11\/1801_D_HP-AB-SPACE_Image8_750x598.jpg\" \/>\n\t<meta property=\"og:image:width\" content=\"750\" \/>\n\t<meta property=\"og:image:height\" content=\"598\" \/>\n\t<meta property=\"og:image:type\" content=\"image\/jpeg\" \/>\n<meta name=\"author\" content=\"mathilde.gerard@yrnet.com\" \/>\n<meta name=\"twitter:card\" content=\"summary_large_image\" \/>\n<meta name=\"twitter:label1\" content=\"Written by\" \/>\n\t<meta name=\"twitter:data1\" content=\"mathilde.gerard@yrnet.com\" \/>\n\t<meta name=\"twitter:label2\" content=\"Est. reading time\" \/>\n\t<meta name=\"twitter:data2\" content=\"2 minutes\" \/>\n<script type=\"application\/ld+json\" class=\"yoast-schema-graph\">{\"@context\":\"https:\/\/schema.org\",\"@graph\":[{\"@type\":\"WebPage\",\"@id\":\"https:\/\/abspace.yves-rocher.com\/de\/de\/winter-pflanzen\/\",\"url\":\"https:\/\/abspace.yves-rocher.com\/de\/de\/winter-pflanzen\/\",\"name\":\"Pflanzen richtig \u00fcberwintern | Tipps & Tricks | Yves Rocher\",\"isPartOf\":{\"@id\":\"https:\/\/abspace.yves-rocher.com\/de\/#website\"},\"primaryImageOfPage\":{\"@id\":\"https:\/\/abspace.yves-rocher.com\/de\/de\/winter-pflanzen\/#primaryimage\"},\"image\":{\"@id\":\"https:\/\/abspace.yves-rocher.com\/de\/de\/winter-pflanzen\/#primaryimage\"},\"thumbnailUrl\":\"https:\/\/abspace.yves-rocher.com\/de\/wp-content\/uploads\/sites\/7\/2017\/11\/1801_D_HP-AB-SPACE_Image8_750x598.jpg\",\"datePublished\":\"0201-01-30T03:00:20+00:00\",\"dateModified\":\"2021-04-09T10:00:57+00:00\",\"author\":{\"@id\":\"https:\/\/abspace.yves-rocher.com\/de\/#\/schema\/person\/55b0e58ef85768f34a76d593d4b84f9b\"},\"description\":\"Du m\u00f6chtest, dass deine Pflanzen ohne Probleme \u00fcberwintern? Mit unseren Tipps und Tricks geht die Arbeit ganz leicht von der Hand. Jetzt informieren!\",\"breadcrumb\":{\"@id\":\"https:\/\/abspace.yves-rocher.com\/de\/de\/winter-pflanzen\/#breadcrumb\"},\"inLanguage\":\"de-DE\",\"potentialAction\":[{\"@type\":\"ReadAction\",\"target\":[\"https:\/\/abspace.yves-rocher.com\/de\/de\/winter-pflanzen\/\"]}]},{\"@type\":\"ImageObject\",\"inLanguage\":\"de-DE\",\"@id\":\"https:\/\/abspace.yves-rocher.com\/de\/de\/winter-pflanzen\/#primaryimage\",\"url\":\"https:\/\/abspace.yves-rocher.com\/de\/wp-content\/uploads\/sites\/7\/2017\/11\/1801_D_HP-AB-SPACE_Image8_750x598.jpg\",\"contentUrl\":\"https:\/\/abspace.yves-rocher.com\/de\/wp-content\/uploads\/sites\/7\/2017\/11\/1801_D_HP-AB-SPACE_Image8_750x598.jpg\",\"width\":750,\"height\":598},{\"@type\":\"BreadcrumbList\",\"@id\":\"https:\/\/abspace.yves-rocher.com\/de\/de\/winter-pflanzen\/#breadcrumb\",\"itemListElement\":[{\"@type\":\"ListItem\",\"position\":1,\"name\":\"Home\",\"item\":\"https:\/\/abspace.yves-rocher.com\/de\/de\/\"},{\"@type\":\"ListItem\",\"position\":2,\"name\":\"Pflanzen \u00fcberwintern: Wie sch\u00fctze ich meine Pflanze?\"}]},{\"@type\":\"WebSite\",\"@id\":\"https:\/\/abspace.yves-rocher.com\/de\/#website\",\"url\":\"https:\/\/abspace.yves-rocher.com\/de\/\",\"name\":\"Germany YR AB\",\"description\":\"Germany YR AB\",\"potentialAction\":[{\"@type\":\"SearchAction\",\"target\":{\"@type\":\"EntryPoint\",\"urlTemplate\":\"https:\/\/abspace.yves-rocher.com\/de\/?s={search_term_string}\"},\"query-input\":{\"@type\":\"PropertyValueSpecification\",\"valueRequired\":true,\"valueName\":\"search_term_string\"}}],\"inLanguage\":\"de-DE\"},{\"@type\":\"Person\",\"@id\":\"https:\/\/abspace.yves-rocher.com\/de\/#\/schema\/person\/55b0e58ef85768f34a76d593d4b84f9b\",\"name\":\"mathilde.gerard@yrnet.com\",\"image\":{\"@type\":\"ImageObject\",\"inLanguage\":\"de-DE\",\"@id\":\"https:\/\/abspace.yves-rocher.com\/de\/#\/schema\/person\/image\/\",\"url\":\"https:\/\/secure.gravatar.com\/avatar\/f68d1335e0c5035faec56bc85896dfa1?s=96&d=mm&r=g\",\"contentUrl\":\"https:\/\/secure.gravatar.com\/avatar\/f68d1335e0c5035faec56bc85896dfa1?s=96&d=mm&r=g\",\"caption\":\"mathilde.gerard@yrnet.com\"},\"url\":\"https:\/\/abspace.yves-rocher.com\/de\/de\/author\/mathilde-gerardyrnet-com\/\"}]}<\/script>\n<!-- \/ Yoast SEO plugin. -->","yoast_head_json":{"title":"Pflanzen richtig \u00fcberwintern | Tipps & Tricks | Yves Rocher","description":"Du m\u00f6chtest, dass deine Pflanzen ohne Probleme \u00fcberwintern? Mit unseren Tipps und Tricks geht die Arbeit ganz leicht von der Hand. Jetzt informieren!","robots":{"index":"index","follow":"follow","max-snippet":"max-snippet:-1","max-image-preview":"max-image-preview:large","max-video-preview":"max-video-preview:-1"},"canonical":"https:\/\/abspace.yves-rocher.com\/de\/de\/winter-pflanzen\/","og_locale":"de_DE","og_type":"article","og_title":"Pflanzen richtig \u00fcberwintern | Tipps & Tricks | Yves Rocher","og_description":"Du m\u00f6chtest, dass deine Pflanzen ohne Probleme \u00fcberwintern? Mit unseren Tipps und Tricks geht die Arbeit ganz leicht von der Hand. Jetzt informieren!","og_url":"https:\/\/abspace.yves-rocher.com\/de\/de\/winter-pflanzen\/","og_site_name":"Germany YR AB","article_published_time":"0201-01-30T03:00:20+00:00","article_modified_time":"2021-04-09T10:00:57+00:00","og_image":[{"width":750,"height":598,"url":"https:\/\/abspace.yves-rocher.com\/de\/wp-content\/uploads\/sites\/7\/2017\/11\/1801_D_HP-AB-SPACE_Image8_750x598.jpg","type":"image\/jpeg"}],"author":"mathilde.gerard@yrnet.com","twitter_card":"summary_large_image","twitter_misc":{"Written by":"mathilde.gerard@yrnet.com","Est. reading time":"2 minutes"},"schema":{"@context":"https:\/\/schema.org","@graph":[{"@type":"WebPage","@id":"https:\/\/abspace.yves-rocher.com\/de\/de\/winter-pflanzen\/","url":"https:\/\/abspace.yves-rocher.com\/de\/de\/winter-pflanzen\/","name":"Pflanzen richtig \u00fcberwintern | Tipps & Tricks | Yves Rocher","isPartOf":{"@id":"https:\/\/abspace.yves-rocher.com\/de\/#website"},"primaryImageOfPage":{"@id":"https:\/\/abspace.yves-rocher.com\/de\/de\/winter-pflanzen\/#primaryimage"},"image":{"@id":"https:\/\/abspace.yves-rocher.com\/de\/de\/winter-pflanzen\/#primaryimage"},"thumbnailUrl":"https:\/\/abspace.yves-rocher.com\/de\/wp-content\/uploads\/sites\/7\/2017\/11\/1801_D_HP-AB-SPACE_Image8_750x598.jpg","datePublished":"0201-01-30T03:00:20+00:00","dateModified":"2021-04-09T10:00:57+00:00","author":{"@id":"https:\/\/abspace.yves-rocher.com\/de\/#\/schema\/person\/55b0e58ef85768f34a76d593d4b84f9b"},"description":"Du m\u00f6chtest, dass deine Pflanzen ohne Probleme \u00fcberwintern? Mit unseren Tipps und Tricks geht die Arbeit ganz leicht von der Hand. Jetzt informieren!","breadcrumb":{"@id":"https:\/\/abspace.yves-rocher.com\/de\/de\/winter-pflanzen\/#breadcrumb"},"inLanguage":"de-DE","potentialAction":[{"@type":"ReadAction","target":["https:\/\/abspace.yves-rocher.com\/de\/de\/winter-pflanzen\/"]}]},{"@type":"ImageObject","inLanguage":"de-DE","@id":"https:\/\/abspace.yves-rocher.com\/de\/de\/winter-pflanzen\/#primaryimage","url":"https:\/\/abspace.yves-rocher.com\/de\/wp-content\/uploads\/sites\/7\/2017\/11\/1801_D_HP-AB-SPACE_Image8_750x598.jpg","contentUrl":"https:\/\/abspace.yves-rocher.com\/de\/wp-content\/uploads\/sites\/7\/2017\/11\/1801_D_HP-AB-SPACE_Image8_750x598.jpg","width":750,"height":598},{"@type":"BreadcrumbList","@id":"https:\/\/abspace.yves-rocher.com\/de\/de\/winter-pflanzen\/#breadcrumb","itemListElement":[{"@type":"ListItem","position":1,"name":"Home","item":"https:\/\/abspace.yves-rocher.com\/de\/de\/"},{"@type":"ListItem","position":2,"name":"Pflanzen \u00fcberwintern: Wie sch\u00fctze ich meine Pflanze?"}]},{"@type":"WebSite","@id":"https:\/\/abspace.yves-rocher.com\/de\/#website","url":"https:\/\/abspace.yves-rocher.com\/de\/","name":"Germany YR AB","description":"Germany YR AB","potentialAction":[{"@type":"SearchAction","target":{"@type":"EntryPoint","urlTemplate":"https:\/\/abspace.yves-rocher.com\/de\/?s={search_term_string}"},"query-input":{"@type":"PropertyValueSpecification","valueRequired":true,"valueName":"search_term_string"}}],"inLanguage":"de-DE"},{"@type":"Person","@id":"https:\/\/abspace.yves-rocher.com\/de\/#\/schema\/person\/55b0e58ef85768f34a76d593d4b84f9b","name":"mathilde.gerard@yrnet.com","image":{"@type":"ImageObject","inLanguage":"de-DE","@id":"https:\/\/abspace.yves-rocher.com\/de\/#\/schema\/person\/image\/","url":"https:\/\/secure.gravatar.com\/avatar\/f68d1335e0c5035faec56bc85896dfa1?s=96&d=mm&r=g","contentUrl":"https:\/\/secure.gravatar.com\/avatar\/f68d1335e0c5035faec56bc85896dfa1?s=96&d=mm&r=g","caption":"mathilde.gerard@yrnet.com"},"url":"https:\/\/abspace.yves-rocher.com\/de\/de\/author\/mathilde-gerardyrnet-com\/"}]}},"_links":{"self":[{"href":"https:\/\/abspace.yves-rocher.com\/de\/ws\/wp\/v2\/posts\/1719","targetHints":{"allow":["GET"]}}],"collection":[{"href":"https:\/\/abspace.yves-rocher.com\/de\/ws\/wp\/v2\/posts"}],"about":[{"href":"https:\/\/abspace.yves-rocher.com\/de\/ws\/wp\/v2\/types\/post"}],"author":[{"embeddable":true,"href":"https:\/\/abspace.yves-rocher.com\/de\/ws\/wp\/v2\/users\/29670"}],"replies":[{"embeddable":true,"href":"https:\/\/abspace.yves-rocher.com\/de\/ws\/wp\/v2\/comments?post=1719"}],"version-history":[{"count":9,"href":"https:\/\/abspace.yves-rocher.com\/de\/ws\/wp\/v2\/posts\/1719\/revisions"}],"predecessor-version":[{"id":7766,"href":"https:\/\/abspace.yves-rocher.com\/de\/ws\/wp\/v2\/posts\/1719\/revisions\/7766"}],"wp:featuredmedia":[{"embeddable":true,"href":"https:\/\/abspace.yves-rocher.com\/de\/ws\/wp\/v2\/media\/1722"}],"wp:attachment":[{"href":"https:\/\/abspace.yves-rocher.com\/de\/ws\/wp\/v2\/media?parent=1719"}],"wp:term":[{"taxonomy":"category","embeddable":true,"href":"https:\/\/abspace.yves-rocher.com\/de\/ws\/wp\/v2\/categories?post=1719"},{"taxonomy":"post_tag","embeddable":true,"href":"https:\/\/abspace.yves-rocher.com\/de\/ws\/wp\/v2\/tags?post=1719"}],"curies":[{"name":"wp","href":"https:\/\/api.w.org\/{rel}","templated":true}]}}