{"id":1144,"date":"2017-10-15T16:00:29","date_gmt":"2017-10-15T16:00:29","guid":{"rendered":"http:\/\/abspace.yves-rocher.com\/es\/?p=1144"},"modified":"2021-10-14T11:38:16","modified_gmt":"2021-10-14T10:38:16","slug":"dales-una-segunda-vida-a-tus-regalos","status":"publish","type":"post","link":"https:\/\/abspace.yves-rocher.com\/es\/es\/dales-una-segunda-vida-a-tus-regalos\/","title":{"rendered":"\u00a1Dale una segunda vida a tus regalos!"},"content":{"rendered":"<div id=\"pl-1144\"  class=\"panel-layout\" ><div id=\"pg-1144-0\"  class=\"panel-grid panel-no-style\" ><div id=\"pgc-1144-0-0\"  class=\"panel-grid-cell\" >            <div class=\"textWidget header-description \">\r\n                <p>Las vacaciones de fin de a\u00f1o siempre reservan muchas sorpresas, y los regalos son parte de ello, para bien o para mal.<\/p>\r\n            <\/div>\r\n    <div id=\"panel-1144-0-0-1\" class=\"so-panel widget widget_sow-editor panel-last-child\" data-index=\"1\" ><div\n\t\t\t\n\t\t\tclass=\"so-widget-sow-editor so-widget-sow-editor-base\"\n\t\t\t\n\t\t>\n<div class=\"siteorigin-widget-tinymce textwidget\">\n\t<h2>\u00bfPap\u00e1 Noel no ha acertado este a\u00f1o? Por tercer a\u00f1o consecutivo, te han regalado un par de zapatillas de estar por casa, un su\u00e9ter demasiado grande, una base de maquillaje demasiado oscura ... En resumen, como de costumbre, \u00a1hubo algunos fallos! Pero no hace falta\u00a0 dejarlos en el fondo del armario, \u00a1tenemos soluciones para darles una segunda vida!<\/h2>\n<\/div>\n<\/div><\/div><\/div><\/div><div id=\"pg-1144-1\"  class=\"panel-grid panel-no-style\" ><div id=\"pgc-1144-1-0\"  class=\"panel-grid-cell\" ><div id=\"panel-1144-1-0-0\" class=\"so-panel widget panel-first-child\" data-index=\"2\" ><\/div><div id=\"panel-1144-1-0-1\" class=\"so-panel widget panel-last-child\" data-index=\"3\" ><\/div><\/div><div id=\"pgc-1144-1-1\"  class=\"panel-grid-cell\" ><div id=\"panel-1144-1-1-0\" class=\"so-panel widget widget_sow-image panel-first-child panel-last-child\" data-index=\"4\" ><div\n\t\t\t\n\t\t\tclass=\"so-widget-sow-image so-widget-sow-image-default-8b5b6f678277-1144\"\n\t\t\t\n\t\t>\r\n\r\n\r\n<div class=\"sow-image-container\">\r\n    \r\n    <img loading=\"lazy\" decoding=\"async\" src=\"https:\/\/abspace.yves-rocher.com\/es\/wp-content\/uploads\/sites\/11\/2017\/10\/1801_recyclage_Image2_750x552.jpg\" width=\"750\" height=\"552\" srcset=\"\"          class=\"so-widget-image\" \/>\r\n\r\n    \r\n    \r\n    <\/div>\r\n\r\n<\/div><\/div><\/div><\/div><div id=\"pg-1144-2\"  class=\"panel-grid panel-no-style\" ><div id=\"pgc-1144-2-0\"  class=\"panel-grid-cell\" ><div id=\"panel-1144-2-0-0\" class=\"so-panel widget panel-first-child panel-last-child\" data-index=\"5\" ><\/div><\/div><\/div><div id=\"pg-1144-3\"  class=\"panel-grid panel-no-style\" ><div id=\"pgc-1144-3-0\"  class=\"panel-grid-cell\" ><div id=\"panel-1144-3-0-0\" class=\"so-panel widget widget_sow-image panel-first-child panel-last-child\" data-index=\"6\" ><div\n\t\t\t\n\t\t\tclass=\"so-widget-sow-image so-widget-sow-image-default-8b5b6f678277-1144\"\n\t\t\t\n\t\t>\r\n\r\n\r\n<div class=\"sow-image-container\">\r\n    \r\n    <img loading=\"lazy\" decoding=\"async\" src=\"https:\/\/abspace.yves-rocher.com\/es\/wp-content\/uploads\/sites\/11\/2017\/10\/1801_recyclage_Image3_2096x652.jpg\" width=\"2096\" height=\"652\" srcset=\"\"          class=\"so-widget-image\" \/>\r\n\r\n    \r\n    \r\n    <\/div>\r\n\r\n<\/div><\/div><\/div><\/div><div id=\"pg-1144-4\"  class=\"panel-grid panel-no-style\" ><div id=\"pgc-1144-4-0\"  class=\"panel-grid-cell\" ><div id=\"panel-1144-4-0-0\" class=\"so-panel widget panel-first-child panel-last-child\" data-index=\"7\" ><\/div><\/div><\/div><div id=\"pg-1144-5\"  class=\"panel-grid panel-no-style\" ><div id=\"pgc-1144-5-0\"  class=\"panel-grid-cell\" ><div id=\"panel-1144-5-0-0\" class=\"so-panel widget panel-first-child panel-last-child\" data-index=\"8\" ><\/div><\/div><\/div><\/div>","protected":false},"excerpt":{"rendered":"<p>Dona, cambia,  DIY&#8230; \u00a1recicla!<\/p>\n","protected":false},"author":29670,"featured_media":1147,"comment_status":"open","ping_status":"open","sticky":false,"template":"","format":"standard","meta":{"_acf_changed":false,"_exactmetrics_skip_tracking":false,"_exactmetrics_sitenote_active":false,"_exactmetrics_sitenote_note":"","_exactmetrics_sitenote_category":0,"footnotes":""},"categories":[327,1],"tags":[157],"class_list":["post-1144","post","type-post","status-publish","format-standard","has-post-thumbnail","hentry","category-enero","category-uncategorized","tag-diy-es"],"acf":[],"yoast_head":"<!-- This site is optimized with the Yoast SEO plugin v24.7 - https:\/\/yoast.com\/wordpress\/plugins\/seo\/ -->\n<title>Act Beautiful - \u00a1Dales una segunda vida a tus regalos ! - Yves Rocher<\/title>\n<meta name=\"description\" content=\"Donar, intercambiar, DIY... reciclamos los regalos que no nos gustan o que ya tenemos.\" \/>\n<meta name=\"robots\" content=\"index, follow, max-snippet:-1, max-image-preview:large, max-video-preview:-1\" \/>\n<link rel=\"canonical\" href=\"https:\/\/abspace.yves-rocher.com\/es\/es\/dales-una-segunda-vida-a-tus-regalos\/\" \/>\n<meta property=\"og:locale\" content=\"es_ES\" \/>\n<meta property=\"og:type\" content=\"article\" \/>\n<meta property=\"og:title\" content=\"Act Beautiful - \u00a1Dales una segunda vida a tus regalos ! - Yves Rocher\" \/>\n<meta property=\"og:description\" content=\"Donar, intercambiar, DIY... reciclamos los regalos que no nos gustan o que ya tenemos.\" \/>\n<meta property=\"og:url\" content=\"https:\/\/abspace.yves-rocher.com\/es\/es\/dales-una-segunda-vida-a-tus-regalos\/\" \/>\n<meta property=\"og:site_name\" content=\"Spain YR AB\" \/>\n<meta property=\"article:published_time\" content=\"2017-10-15T16:00:29+00:00\" \/>\n<meta property=\"article:modified_time\" content=\"2021-10-14T10:38:16+00:00\" \/>\n<meta property=\"og:image\" content=\"https:\/\/abspace.yves-rocher.com\/es\/wp-content\/uploads\/sites\/11\/2017\/10\/1801_D_HP-AB-SPACE_Image4_750x776.jpg\" \/>\n\t<meta property=\"og:image:width\" content=\"750\" \/>\n\t<meta property=\"og:image:height\" content=\"776\" \/>\n\t<meta property=\"og:image:type\" content=\"image\/jpeg\" \/>\n<meta name=\"author\" content=\"mathilde.gerard@yrnet.com\" \/>\n<meta name=\"twitter:card\" content=\"summary_large_image\" \/>\n<meta name=\"twitter:label1\" content=\"Written by\" \/>\n\t<meta name=\"twitter:data1\" content=\"mathilde.gerard@yrnet.com\" \/>\n\t<meta name=\"twitter:label2\" content=\"Est. reading time\" \/>\n\t<meta name=\"twitter:data2\" content=\"2 minutes\" \/>\n<script type=\"application\/ld+json\" class=\"yoast-schema-graph\">{\"@context\":\"https:\/\/schema.org\",\"@graph\":[{\"@type\":\"WebPage\",\"@id\":\"https:\/\/abspace.yves-rocher.com\/es\/es\/dales-una-segunda-vida-a-tus-regalos\/\",\"url\":\"https:\/\/abspace.yves-rocher.com\/es\/es\/dales-una-segunda-vida-a-tus-regalos\/\",\"name\":\"Act Beautiful - \u00a1Dales una segunda vida a tus regalos ! - Yves Rocher\",\"isPartOf\":{\"@id\":\"https:\/\/abspace.yves-rocher.com\/es\/#website\"},\"primaryImageOfPage\":{\"@id\":\"https:\/\/abspace.yves-rocher.com\/es\/es\/dales-una-segunda-vida-a-tus-regalos\/#primaryimage\"},\"image\":{\"@id\":\"https:\/\/abspace.yves-rocher.com\/es\/es\/dales-una-segunda-vida-a-tus-regalos\/#primaryimage\"},\"thumbnailUrl\":\"https:\/\/abspace.yves-rocher.com\/es\/wp-content\/uploads\/sites\/11\/2017\/10\/1801_D_HP-AB-SPACE_Image4_750x776.jpg\",\"datePublished\":\"2017-10-15T16:00:29+00:00\",\"dateModified\":\"2021-10-14T10:38:16+00:00\",\"author\":{\"@id\":\"https:\/\/abspace.yves-rocher.com\/es\/#\/schema\/person\/55b0e58ef85768f34a76d593d4b84f9b\"},\"description\":\"Donar, intercambiar, DIY... reciclamos los regalos que no nos gustan o que ya tenemos.\",\"breadcrumb\":{\"@id\":\"https:\/\/abspace.yves-rocher.com\/es\/es\/dales-una-segunda-vida-a-tus-regalos\/#breadcrumb\"},\"inLanguage\":\"es-ES\",\"potentialAction\":[{\"@type\":\"ReadAction\",\"target\":[\"https:\/\/abspace.yves-rocher.com\/es\/es\/dales-una-segunda-vida-a-tus-regalos\/\"]}]},{\"@type\":\"ImageObject\",\"inLanguage\":\"es-ES\",\"@id\":\"https:\/\/abspace.yves-rocher.com\/es\/es\/dales-una-segunda-vida-a-tus-regalos\/#primaryimage\",\"url\":\"https:\/\/abspace.yves-rocher.com\/es\/wp-content\/uploads\/sites\/11\/2017\/10\/1801_D_HP-AB-SPACE_Image4_750x776.jpg\",\"contentUrl\":\"https:\/\/abspace.yves-rocher.com\/es\/wp-content\/uploads\/sites\/11\/2017\/10\/1801_D_HP-AB-SPACE_Image4_750x776.jpg\",\"width\":750,\"height\":776},{\"@type\":\"BreadcrumbList\",\"@id\":\"https:\/\/abspace.yves-rocher.com\/es\/es\/dales-una-segunda-vida-a-tus-regalos\/#breadcrumb\",\"itemListElement\":[{\"@type\":\"ListItem\",\"position\":1,\"name\":\"Home\",\"item\":\"https:\/\/abspace.yves-rocher.com\/es\/es\/\"},{\"@type\":\"ListItem\",\"position\":2,\"name\":\"\u00a1Dale una segunda vida a tus regalos!\"}]},{\"@type\":\"WebSite\",\"@id\":\"https:\/\/abspace.yves-rocher.com\/es\/#website\",\"url\":\"https:\/\/abspace.yves-rocher.com\/es\/\",\"name\":\"Spain YR AB\",\"description\":\"Spain YR AB\",\"potentialAction\":[{\"@type\":\"SearchAction\",\"target\":{\"@type\":\"EntryPoint\",\"urlTemplate\":\"https:\/\/abspace.yves-rocher.com\/es\/?s={search_term_string}\"},\"query-input\":{\"@type\":\"PropertyValueSpecification\",\"valueRequired\":true,\"valueName\":\"search_term_string\"}}],\"inLanguage\":\"es-ES\"},{\"@type\":\"Person\",\"@id\":\"https:\/\/abspace.yves-rocher.com\/es\/#\/schema\/person\/55b0e58ef85768f34a76d593d4b84f9b\",\"name\":\"mathilde.gerard@yrnet.com\",\"image\":{\"@type\":\"ImageObject\",\"inLanguage\":\"es-ES\",\"@id\":\"https:\/\/abspace.yves-rocher.com\/es\/#\/schema\/person\/image\/\",\"url\":\"https:\/\/secure.gravatar.com\/avatar\/f68d1335e0c5035faec56bc85896dfa1?s=96&d=mm&r=g\",\"contentUrl\":\"https:\/\/secure.gravatar.com\/avatar\/f68d1335e0c5035faec56bc85896dfa1?s=96&d=mm&r=g\",\"caption\":\"mathilde.gerard@yrnet.com\"},\"url\":\"https:\/\/abspace.yves-rocher.com\/es\/es\/author\/mathilde-gerardyrnet-com\/\"}]}<\/script>\n<!-- \/ Yoast SEO plugin. -->","yoast_head_json":{"title":"Act Beautiful - \u00a1Dales una segunda vida a tus regalos ! - Yves Rocher","description":"Donar, intercambiar, DIY... reciclamos los regalos que no nos gustan o que ya tenemos.","robots":{"index":"index","follow":"follow","max-snippet":"max-snippet:-1","max-image-preview":"max-image-preview:large","max-video-preview":"max-video-preview:-1"},"canonical":"https:\/\/abspace.yves-rocher.com\/es\/es\/dales-una-segunda-vida-a-tus-regalos\/","og_locale":"es_ES","og_type":"article","og_title":"Act Beautiful - \u00a1Dales una segunda vida a tus regalos ! - Yves Rocher","og_description":"Donar, intercambiar, DIY... reciclamos los regalos que no nos gustan o que ya tenemos.","og_url":"https:\/\/abspace.yves-rocher.com\/es\/es\/dales-una-segunda-vida-a-tus-regalos\/","og_site_name":"Spain YR AB","article_published_time":"2017-10-15T16:00:29+00:00","article_modified_time":"2021-10-14T10:38:16+00:00","og_image":[{"width":750,"height":776,"url":"https:\/\/abspace.yves-rocher.com\/es\/wp-content\/uploads\/sites\/11\/2017\/10\/1801_D_HP-AB-SPACE_Image4_750x776.jpg","type":"image\/jpeg"}],"author":"mathilde.gerard@yrnet.com","twitter_card":"summary_large_image","twitter_misc":{"Written by":"mathilde.gerard@yrnet.com","Est. reading time":"2 minutes"},"schema":{"@context":"https:\/\/schema.org","@graph":[{"@type":"WebPage","@id":"https:\/\/abspace.yves-rocher.com\/es\/es\/dales-una-segunda-vida-a-tus-regalos\/","url":"https:\/\/abspace.yves-rocher.com\/es\/es\/dales-una-segunda-vida-a-tus-regalos\/","name":"Act Beautiful - \u00a1Dales una segunda vida a tus regalos ! - Yves Rocher","isPartOf":{"@id":"https:\/\/abspace.yves-rocher.com\/es\/#website"},"primaryImageOfPage":{"@id":"https:\/\/abspace.yves-rocher.com\/es\/es\/dales-una-segunda-vida-a-tus-regalos\/#primaryimage"},"image":{"@id":"https:\/\/abspace.yves-rocher.com\/es\/es\/dales-una-segunda-vida-a-tus-regalos\/#primaryimage"},"thumbnailUrl":"https:\/\/abspace.yves-rocher.com\/es\/wp-content\/uploads\/sites\/11\/2017\/10\/1801_D_HP-AB-SPACE_Image4_750x776.jpg","datePublished":"2017-10-15T16:00:29+00:00","dateModified":"2021-10-14T10:38:16+00:00","author":{"@id":"https:\/\/abspace.yves-rocher.com\/es\/#\/schema\/person\/55b0e58ef85768f34a76d593d4b84f9b"},"description":"Donar, intercambiar, DIY... reciclamos los regalos que no nos gustan o que ya tenemos.","breadcrumb":{"@id":"https:\/\/abspace.yves-rocher.com\/es\/es\/dales-una-segunda-vida-a-tus-regalos\/#breadcrumb"},"inLanguage":"es-ES","potentialAction":[{"@type":"ReadAction","target":["https:\/\/abspace.yves-rocher.com\/es\/es\/dales-una-segunda-vida-a-tus-regalos\/"]}]},{"@type":"ImageObject","inLanguage":"es-ES","@id":"https:\/\/abspace.yves-rocher.com\/es\/es\/dales-una-segunda-vida-a-tus-regalos\/#primaryimage","url":"https:\/\/abspace.yves-rocher.com\/es\/wp-content\/uploads\/sites\/11\/2017\/10\/1801_D_HP-AB-SPACE_Image4_750x776.jpg","contentUrl":"https:\/\/abspace.yves-rocher.com\/es\/wp-content\/uploads\/sites\/11\/2017\/10\/1801_D_HP-AB-SPACE_Image4_750x776.jpg","width":750,"height":776},{"@type":"BreadcrumbList","@id":"https:\/\/abspace.yves-rocher.com\/es\/es\/dales-una-segunda-vida-a-tus-regalos\/#breadcrumb","itemListElement":[{"@type":"ListItem","position":1,"name":"Home","item":"https:\/\/abspace.yves-rocher.com\/es\/es\/"},{"@type":"ListItem","position":2,"name":"\u00a1Dale una segunda vida a tus regalos!"}]},{"@type":"WebSite","@id":"https:\/\/abspace.yves-rocher.com\/es\/#website","url":"https:\/\/abspace.yves-rocher.com\/es\/","name":"Spain YR AB","description":"Spain YR AB","potentialAction":[{"@type":"SearchAction","target":{"@type":"EntryPoint","urlTemplate":"https:\/\/abspace.yves-rocher.com\/es\/?s={search_term_string}"},"query-input":{"@type":"PropertyValueSpecification","valueRequired":true,"valueName":"search_term_string"}}],"inLanguage":"es-ES"},{"@type":"Person","@id":"https:\/\/abspace.yves-rocher.com\/es\/#\/schema\/person\/55b0e58ef85768f34a76d593d4b84f9b","name":"mathilde.gerard@yrnet.com","image":{"@type":"ImageObject","inLanguage":"es-ES","@id":"https:\/\/abspace.yves-rocher.com\/es\/#\/schema\/person\/image\/","url":"https:\/\/secure.gravatar.com\/avatar\/f68d1335e0c5035faec56bc85896dfa1?s=96&d=mm&r=g","contentUrl":"https:\/\/secure.gravatar.com\/avatar\/f68d1335e0c5035faec56bc85896dfa1?s=96&d=mm&r=g","caption":"mathilde.gerard@yrnet.com"},"url":"https:\/\/abspace.yves-rocher.com\/es\/es\/author\/mathilde-gerardyrnet-com\/"}]}},"_links":{"self":[{"href":"https:\/\/abspace.yves-rocher.com\/es\/ws\/wp\/v2\/posts\/1144","targetHints":{"allow":["GET"]}}],"collection":[{"href":"https:\/\/abspace.yves-rocher.com\/es\/ws\/wp\/v2\/posts"}],"about":[{"href":"https:\/\/abspace.yves-rocher.com\/es\/ws\/wp\/v2\/types\/post"}],"author":[{"embeddable":true,"href":"https:\/\/abspace.yves-rocher.com\/es\/ws\/wp\/v2\/users\/29670"}],"replies":[{"embeddable":true,"href":"https:\/\/abspace.yves-rocher.com\/es\/ws\/wp\/v2\/comments?post=1144"}],"version-history":[{"count":12,"href":"https:\/\/abspace.yves-rocher.com\/es\/ws\/wp\/v2\/posts\/1144\/revisions"}],"predecessor-version":[{"id":6680,"href":"https:\/\/abspace.yves-rocher.com\/es\/ws\/wp\/v2\/posts\/1144\/revisions\/6680"}],"wp:featuredmedia":[{"embeddable":true,"href":"https:\/\/abspace.yves-rocher.com\/es\/ws\/wp\/v2\/media\/1147"}],"wp:attachment":[{"href":"https:\/\/abspace.yves-rocher.com\/es\/ws\/wp\/v2\/media?parent=1144"}],"wp:term":[{"taxonomy":"category","embeddable":true,"href":"https:\/\/abspace.yves-rocher.com\/es\/ws\/wp\/v2\/categories?post=1144"},{"taxonomy":"post_tag","embeddable":true,"href":"https:\/\/abspace.yves-rocher.com\/es\/ws\/wp\/v2\/tags?post=1144"}],"curies":[{"name":"wp","href":"https:\/\/api.w.org\/{rel}","templated":true}]}}