{"id":1816,"date":"2018-03-09T15:16:26","date_gmt":"2018-03-09T14:16:26","guid":{"rendered":"http:\/\/abspace.yves-rocher.com\/es\/?p=1816"},"modified":"2021-10-14T11:32:04","modified_gmt":"2021-10-14T10:32:04","slug":"mujeres-que-cambian-el-mundo","status":"publish","type":"post","link":"https:\/\/abspace.yves-rocher.com\/es\/es\/mujeres-que-cambian-el-mundo\/","title":{"rendered":"Mujeres que cambian el mundo"},"content":{"rendered":"<div id=\"pl-1816\"  class=\"panel-layout\" ><div id=\"pg-1816-0\"  class=\"panel-grid panel-no-style\" ><div id=\"pgc-1816-0-0\"  class=\"panel-grid-cell\" >            <div class=\"textWidget header-description \">\r\n                <p>\u00a1Descubre a las ganadoras internacionales del Premio Tierra de Mujeres 2018 de la Fundaci\u00f3n Yves Rocher y vota por tu proyecto preferido! <\/p>\r\n            <\/div>\r\n    <\/div><\/div><div id=\"pg-1816-1\"  class=\"panel-grid panel-no-style\" ><div id=\"pgc-1816-1-0\"  class=\"panel-grid-cell\" ><div id=\"panel-1816-1-0-0\" class=\"so-panel widget widget_sow-editor panel-first-child\" data-index=\"1\" ><div\n\t\t\t\n\t\t\tclass=\"so-widget-sow-editor so-widget-sow-editor-base\"\n\t\t\t\n\t\t>\n<div class=\"siteorigin-widget-tinymce textwidget\">\n\t<h3>Alemania :\u00a0Hanitra Markolf Rakotonirina<\/h3>\n<\/div>\n<\/div><\/div><div id=\"panel-1816-1-0-1\" class=\"so-panel widget widget_sow-image\" data-index=\"2\" ><div\n\t\t\t\n\t\t\tclass=\"so-widget-sow-image so-widget-sow-image-default-8b5b6f678277-1816\"\n\t\t\t\n\t\t>\r\n\r\n\r\n<div class=\"sow-image-container\">\r\n    \r\n    <img loading=\"lazy\" decoding=\"async\" src=\"https:\/\/abspace.yves-rocher.com\/es\/wp-content\/uploads\/sites\/11\/2018\/02\/1805_fdm_image1_750x300.jpg\" width=\"750\" height=\"300\" srcset=\"\"          class=\"so-widget-image\" \/>\r\n\r\n    \r\n    \r\n    <\/div>\r\n\r\n<\/div><\/div><div id=\"panel-1816-1-0-2\" class=\"so-panel widget widget_sow-editor panel-last-child\" data-index=\"3\" ><div\n\t\t\t\n\t\t\tclass=\"so-widget-sow-editor so-widget-sow-editor-base\"\n\t\t\t\n\t\t>\n<div class=\"siteorigin-widget-tinymce textwidget\">\n\t<p>Con su asociaci\u00f3n Chances for Nature, Hanitra sensibiliza a las poblaciones rurales de Madagascar sobre la utilizaci\u00f3n sostenible de los resursos naturales, gracias a un sistema de<strong> cine m\u00f3vil ecol\u00f3gico.\u00a0<\/strong><\/p>\n<p style=\"text-align: center\"><a href=\"http:\/\/www.yves-rocher-fondation.org\/laureate\/hanitra-markolf-rakotonirina-education-environnementale-et-developpement-a-madagascar-chances-for-nature\/\">\u00a1Vota por ella!<\/a><\/p>\n<\/div>\n<\/div><\/div><\/div><div id=\"pgc-1816-1-1\"  class=\"panel-grid-cell\" ><div id=\"panel-1816-1-1-0\" class=\"so-panel widget widget_sow-editor panel-first-child\" data-index=\"4\" ><div\n\t\t\t\n\t\t\tclass=\"so-widget-sow-editor so-widget-sow-editor-base\"\n\t\t\t\n\t\t>\n<div class=\"siteorigin-widget-tinymce textwidget\">\n\t<h3>Espa\u00f1a :\u00a0Elena Carrillo Palacios\u00a0<\/h3>\n<\/div>\n<\/div><\/div><div id=\"panel-1816-1-1-1\" class=\"so-panel widget widget_sow-image\" data-index=\"5\" ><div\n\t\t\t\n\t\t\tclass=\"so-widget-sow-image so-widget-sow-image-default-8b5b6f678277-1816\"\n\t\t\t\n\t\t>\r\n\r\n\r\n<div class=\"sow-image-container\">\r\n    \r\n    <img loading=\"lazy\" decoding=\"async\" src=\"https:\/\/abspace.yves-rocher.com\/es\/wp-content\/uploads\/sites\/11\/2018\/02\/1805_tdf_image8_750x300.jpg\" width=\"750\" height=\"300\" srcset=\"\"          class=\"so-widget-image\" \/>\r\n\r\n    \r\n    \r\n    <\/div>\r\n\r\n<\/div><\/div><div id=\"panel-1816-1-1-2\" class=\"so-panel widget widget_sow-editor panel-last-child\" data-index=\"6\" ><div\n\t\t\t\n\t\t\tclass=\"so-widget-sow-editor so-widget-sow-editor-base\"\n\t\t\t\n\t\t>\n<div class=\"siteorigin-widget-tinymce textwidget\">\n\t<p>En Nicaragua, Elena refuerza el papel de las mujeres en las culturas tradicionales de <strong>construcci\u00f3n en arcilla<\/strong>. \u00a1Un habitat sano, ecol\u00f3gico e inteligente basado en los recursos naturales y ancestrales!<\/p>\n<p style=\"text-align: center\"><a href=\"http:\/\/www.yves-rocher-fondation.org\/laureate\/elena-carrillo-palacios-colectivo-rompopo-mujeres-de-arcilla\/\">\u00a1Vota por ella!<\/a><\/p>\n<\/div>\n<\/div><\/div><\/div><\/div><div id=\"pg-1816-2\"  class=\"panel-grid panel-no-style\" ><div id=\"pgc-1816-2-0\"  class=\"panel-grid-cell\" ><div id=\"panel-1816-2-0-0\" class=\"so-panel widget widget_sow-editor panel-first-child\" data-index=\"7\" ><div\n\t\t\t\n\t\t\tclass=\"so-widget-sow-editor so-widget-sow-editor-base\"\n\t\t\t\n\t\t>\n<div class=\"siteorigin-widget-tinymce textwidget\">\n\t<h3>Italia : Susanna Magistretti<\/h3>\n<\/div>\n<\/div><\/div><div id=\"panel-1816-2-0-1\" class=\"so-panel widget widget_sow-image\" data-index=\"8\" ><div\n\t\t\t\n\t\t\tclass=\"so-widget-sow-image so-widget-sow-image-default-8b5b6f678277-1816\"\n\t\t\t\n\t\t>\r\n\r\n\r\n<div class=\"sow-image-container\">\r\n    \r\n    <img loading=\"lazy\" decoding=\"async\" src=\"https:\/\/abspace.yves-rocher.com\/es\/wp-content\/uploads\/sites\/11\/2018\/02\/1805_tdf_image3_750x300.jpg\" width=\"750\" height=\"300\" srcset=\"\"          class=\"so-widget-image\" \/>\r\n\r\n    \r\n    \r\n    <\/div>\r\n\r\n<\/div><\/div><div id=\"panel-1816-2-0-2\" class=\"so-panel widget widget_sow-editor panel-last-child\" data-index=\"9\" ><div\n\t\t\t\n\t\t\tclass=\"so-widget-sow-editor so-widget-sow-editor-base\"\n\t\t\t\n\t\t>\n<div class=\"siteorigin-widget-tinymce textwidget\">\n\t<p>Susanna ha remodelado un<strong> jard\u00edn did\u00e1ctico dentro de una c\u00e1rcel<\/strong>, para sensibilizar sobre la conservaci\u00f3n de la naturaleza, bajar las tasas de reincidencia y facilitar la inserci\u00f3n profesional de los presos.<\/p>\n<p style=\"text-align: center\"><a href=\"http:\/\/www.yves-rocher-fondation.org\/laureate\/susanna-magistretti-insertion-professionnelle-et-sociale-en-prison-cascina-bollate\/\">\u00a1Vota por ella!<\/a><\/p>\n<\/div>\n<\/div><\/div><\/div><div id=\"pgc-1816-2-1\"  class=\"panel-grid-cell\" ><div id=\"panel-1816-2-1-0\" class=\"so-panel widget widget_sow-editor panel-first-child\" data-index=\"10\" ><div\n\t\t\t\n\t\t\tclass=\"so-widget-sow-editor so-widget-sow-editor-base\"\n\t\t\t\n\t\t>\n<div class=\"siteorigin-widget-tinymce textwidget\">\n\t<h3>Francia :\u00a0Sophie Lehideux\u00a0<\/h3>\n<\/div>\n<\/div><\/div><div id=\"panel-1816-2-1-1\" class=\"so-panel widget widget_sow-image\" data-index=\"11\" ><div\n\t\t\t\n\t\t\tclass=\"so-widget-sow-image so-widget-sow-image-default-8b5b6f678277-1816\"\n\t\t\t\n\t\t>\r\n\r\n\r\n<div class=\"sow-image-container\">\r\n    \r\n    <img loading=\"lazy\" decoding=\"async\" src=\"https:\/\/abspace.yves-rocher.com\/es\/wp-content\/uploads\/sites\/11\/2018\/02\/1805_tdf_image2_750x300-1.jpg\" width=\"750\" height=\"300\" srcset=\"\" title=\"1805_tdf_image2_750x300\"          class=\"so-widget-image\" \/>\r\n\r\n    \r\n    \r\n    <\/div>\r\n\r\n<\/div><\/div><div id=\"panel-1816-2-1-2\" class=\"so-panel widget widget_sow-editor panel-last-child\" data-index=\"12\" ><div\n\t\t\t\n\t\t\tclass=\"so-widget-sow-editor so-widget-sow-editor-base\"\n\t\t\t\n\t\t>\n<div class=\"siteorigin-widget-tinymce textwidget\">\n\t<p>Con su asociaci\u00f3n Kynarou, Sophie mejora las condiciones de vida de las poblaciones del sur de la India, sensibiliz\u00e1ndoles al mismo tiempo sobre el medio ambiente con unos <strong>cultivos sin pesticidas ni productos qu\u00edmicos.<\/strong><\/p>\n<p style=\"text-align: center\"><a href=\"http:\/\/www.yves-rocher-fondation.org\/laureate\/sophie-lehideux-favoriser-lacces-a-leau-potable-en-inde-kynarou\/\">\u00a1Vota por ella!\u00a0<\/a><\/p>\n<\/div>\n<\/div><\/div><\/div><\/div><div id=\"pg-1816-3\"  class=\"panel-grid panel-no-style\" ><div id=\"pgc-1816-3-0\"  class=\"panel-grid-cell\" ><div id=\"panel-1816-3-0-0\" class=\"so-panel widget widget_sow-editor panel-first-child\" data-index=\"13\" ><div\n\t\t\t\n\t\t\tclass=\"so-widget-sow-editor so-widget-sow-editor-base\"\n\t\t\t\n\t\t>\n<div class=\"siteorigin-widget-tinymce textwidget\">\n\t<h3>Marruecos :\u00a0Zaina Bouhachmoud<\/h3>\n<\/div>\n<\/div><\/div><div id=\"panel-1816-3-0-1\" class=\"so-panel widget widget_sow-image\" data-index=\"14\" ><div\n\t\t\t\n\t\t\tclass=\"so-widget-sow-image so-widget-sow-image-default-8b5b6f678277-1816\"\n\t\t\t\n\t\t>\r\n\r\n\r\n<div class=\"sow-image-container\">\r\n    \r\n    <img loading=\"lazy\" decoding=\"async\" src=\"https:\/\/abspace.yves-rocher.com\/es\/wp-content\/uploads\/sites\/11\/2018\/02\/1805_tdf_image4_750x300.jpg\" width=\"750\" height=\"300\" srcset=\"\"          class=\"so-widget-image\" \/>\r\n\r\n    \r\n    \r\n    <\/div>\r\n\r\n<\/div><\/div><div id=\"panel-1816-3-0-2\" class=\"so-panel widget widget_sow-editor panel-last-child\" data-index=\"15\" ><div\n\t\t\t\n\t\t\tclass=\"so-widget-sow-editor so-widget-sow-editor-base\"\n\t\t\t\n\t\t>\n<div class=\"siteorigin-widget-tinymce textwidget\">\n\t<p>Zaina ayuda al desarrollo econ\u00f3mico de su regi\u00f3n con la <strong>cooperativa Agr\u00edcola Alouss<\/strong>, luchando al mismo tiempo contra la desertificaci\u00f3n de los suelos y protegiendo algunas especies vegetales amenazadas.<\/p>\n<p style=\"text-align: center\"><a href=\"http:\/\/www.yves-rocher-fondation.org\/laureate\/zaina-bouhachmoud-domestication-des-plantes-a-parfums-aromatiques-et-medicinales-cooperative-agricole-alouss\/\">\u00a1Vota por ella !<\/a><\/p>\n<\/div>\n<\/div><\/div><\/div><div id=\"pgc-1816-3-1\"  class=\"panel-grid-cell\" ><div id=\"panel-1816-3-1-0\" class=\"so-panel widget widget_sow-editor panel-first-child\" data-index=\"16\" ><div\n\t\t\t\n\t\t\tclass=\"so-widget-sow-editor so-widget-sow-editor-base\"\n\t\t\t\n\t\t>\n<div class=\"siteorigin-widget-tinymce textwidget\">\n\t<h3>M\u00e9jico :\u00a0Gladys Reyes Macedo<\/h3>\n<\/div>\n<\/div><\/div><div id=\"panel-1816-3-1-1\" class=\"so-panel widget widget_sow-image\" data-index=\"17\" ><div\n\t\t\t\n\t\t\tclass=\"so-widget-sow-image so-widget-sow-image-default-8b5b6f678277-1816\"\n\t\t\t\n\t\t>\r\n\r\n\r\n<div class=\"sow-image-container\">\r\n    \r\n    <img loading=\"lazy\" decoding=\"async\" src=\"https:\/\/abspace.yves-rocher.com\/es\/wp-content\/uploads\/sites\/11\/2018\/02\/1805_tdf_image9_750x300.jpg\" width=\"750\" height=\"300\" srcset=\"\"          class=\"so-widget-image\" \/>\r\n\r\n    \r\n    \r\n    <\/div>\r\n\r\n<\/div><\/div><div id=\"panel-1816-3-1-2\" class=\"so-panel widget widget_sow-editor panel-last-child\" data-index=\"18\" ><div\n\t\t\t\n\t\t\tclass=\"so-widget-sow-editor so-widget-sow-editor-base\"\n\t\t\t\n\t\t>\n<div class=\"siteorigin-widget-tinymce textwidget\">\n\t<p>Para la <strong>conservaci\u00f3n del guacamayo Ara verde<\/strong>, Gladys asegura\/logra\/garantiza la conservaci\u00f3n del medio ambiente y participa al desarrollo de las comunidades rurales, al asociar investigaci\u00f3n, formaci\u00f3n y educaci\u00f3n.<\/p>\n<p style=\"text-align: center\"><a href=\"http:\/\/www.yves-rocher-fondation.org\/laureate\/gladys-reyes-macedo-protection-de-lara\/\">\u00a1Vota por ella!<\/a><\/p>\n<\/div>\n<\/div><\/div><\/div><\/div><div id=\"pg-1816-4\"  class=\"panel-grid panel-no-style\" ><div id=\"pgc-1816-4-0\"  class=\"panel-grid-cell\" ><div id=\"panel-1816-4-0-0\" class=\"so-panel widget widget_sow-editor panel-first-child\" data-index=\"19\" ><div\n\t\t\t\n\t\t\tclass=\"so-widget-sow-editor so-widget-sow-editor-base\"\n\t\t\t\n\t\t>\n<div class=\"siteorigin-widget-tinymce textwidget\">\n\t<h3>Suiza :\u00a0Marianne Hassenstein<\/h3>\n<\/div>\n<\/div><\/div><div id=\"panel-1816-4-0-1\" class=\"so-panel widget widget_sow-image\" data-index=\"20\" ><div\n\t\t\t\n\t\t\tclass=\"so-widget-sow-image so-widget-sow-image-default-8b5b6f678277-1816\"\n\t\t\t\n\t\t>\r\n\r\n\r\n<div class=\"sow-image-container\">\r\n    \r\n    <img loading=\"lazy\" decoding=\"async\" src=\"https:\/\/abspace.yves-rocher.com\/es\/wp-content\/uploads\/sites\/11\/2018\/02\/1805_tdf_image10_750x300.jpg\" width=\"750\" height=\"300\" srcset=\"\"          class=\"so-widget-image\" \/>\r\n\r\n    \r\n    \r\n    <\/div>\r\n\r\n<\/div><\/div><div id=\"panel-1816-4-0-2\" class=\"so-panel widget widget_sow-editor panel-last-child\" data-index=\"21\" ><div\n\t\t\t\n\t\t\tclass=\"so-widget-sow-editor so-widget-sow-editor-base\"\n\t\t\t\n\t\t>\n<div class=\"siteorigin-widget-tinymce textwidget\">\n\t<p>Con la Fundaci\u00f3n Actions Environnement, Marianne sensibiliza sobre el respeto por el medio ambiente y la <strong>conservaci\u00f3n de los muros de piedra<\/strong> seca que animan\/alegran las vista en los paisajes suizos y albergan muchos animales y plantas raras.<\/p>\n<p style=\"text-align: center\"><a href=\"http:\/\/www.yves-rocher-fondation.org\/laureate\/marianne-hassenstein-preservation-entretien-et-valorisation-de-paysages-naturels-et-culturels-en-suisse-fondation-actions-environnement\/\">\u00a1Vota por ella!<\/a><\/p>\n<\/div>\n<\/div><\/div><\/div><div id=\"pgc-1816-4-1\"  class=\"panel-grid-cell\" ><div id=\"panel-1816-4-1-0\" class=\"so-panel widget widget_sow-editor panel-first-child\" data-index=\"22\" ><div\n\t\t\t\n\t\t\tclass=\"so-widget-sow-editor so-widget-sow-editor-base\"\n\t\t\t\n\t\t>\n<div class=\"siteorigin-widget-tinymce textwidget\">\n\t<h3>Portugal :\u00a0Matilde Estrela\u00a0<\/h3>\n<\/div>\n<\/div><\/div><div id=\"panel-1816-4-1-1\" class=\"so-panel widget widget_sow-image\" data-index=\"23\" ><div\n\t\t\t\n\t\t\tclass=\"so-widget-sow-image so-widget-sow-image-default-8b5b6f678277-1816\"\n\t\t\t\n\t\t>\r\n\r\n\r\n<div class=\"sow-image-container\">\r\n    \r\n    <img loading=\"lazy\" decoding=\"async\" src=\"https:\/\/abspace.yves-rocher.com\/es\/wp-content\/uploads\/sites\/11\/2018\/02\/1805_tdf_image5_750x300.jpg\" width=\"750\" height=\"300\" srcset=\"\"          class=\"so-widget-image\" \/>\r\n\r\n    \r\n    \r\n    <\/div>\r\n\r\n<\/div><\/div><div id=\"panel-1816-4-1-2\" class=\"so-panel widget widget_sow-editor panel-last-child\" data-index=\"24\" ><div\n\t\t\t\n\t\t\tclass=\"so-widget-sow-editor so-widget-sow-editor-base\"\n\t\t\t\n\t\t>\n<div class=\"siteorigin-widget-tinymce textwidget\">\n\t<p>Matilde ha creado una <strong>cooperativa de valorizaci\u00f3n de residuos<\/strong> d\u00f3nde transforma los residuos org\u00e1nicos en compost\/abono org\u00e1nico y fabrican joyer\u00eda gracias al reciclaje del cristal, en la isla del Pr\u00edncipe.<\/p>\n<p style=\"text-align: center\"><a href=\"http:\/\/www.yves-rocher-fondation.org\/laureate\/matilde-estrela-protection-de-la-biodiversite-sur-lile-du-principe-fondation-principe-trust\/\">\u00a1Vota por ella!<\/a><\/p>\n<\/div>\n<\/div><\/div><\/div><\/div><div id=\"pg-1816-5\"  class=\"panel-grid panel-no-style\" ><div id=\"pgc-1816-5-0\"  class=\"panel-grid-cell\" ><div id=\"panel-1816-5-0-0\" class=\"so-panel widget widget_sow-editor panel-first-child\" data-index=\"25\" ><div\n\t\t\t\n\t\t\tclass=\"so-widget-sow-editor so-widget-sow-editor-base\"\n\t\t\t\n\t\t>\n<div class=\"siteorigin-widget-tinymce textwidget\">\n\t<h3>Turqu\u00eda : Bedriye Engin<\/h3>\n<\/div>\n<\/div><\/div><div id=\"panel-1816-5-0-1\" class=\"so-panel widget widget_sow-image\" data-index=\"26\" ><div\n\t\t\t\n\t\t\tclass=\"so-widget-sow-image so-widget-sow-image-default-8b5b6f678277-1816\"\n\t\t\t\n\t\t>\r\n\r\n\r\n<div class=\"sow-image-container\">\r\n    \r\n    <img loading=\"lazy\" decoding=\"async\" src=\"https:\/\/abspace.yves-rocher.com\/es\/wp-content\/uploads\/sites\/11\/2018\/02\/1805_tdf_image7_750x300.jpg\" width=\"750\" height=\"300\" srcset=\"\"          class=\"so-widget-image\" \/>\r\n\r\n    \r\n    \r\n    <\/div>\r\n\r\n<\/div><\/div><div id=\"panel-1816-5-0-2\" class=\"so-panel widget widget_sow-editor panel-last-child\" data-index=\"27\" ><div\n\t\t\t\n\t\t\tclass=\"so-widget-sow-editor so-widget-sow-editor-base\"\n\t\t\t\n\t\t>\n<div class=\"siteorigin-widget-tinymce textwidget\">\n\t<p>En su <strong>pueblo ecol\u00f3gico<\/strong> con un estilo de vida tradicional, Bedriye permite a las mujeres obtener su independencia econ\u00f3mica devolvi\u00e9ndoles al mismo tiempo la confianza en s\u00ed mismas<\/p>\n<p style=\"text-align: center\"><a href=\"http:\/\/www.yves-rocher-fondation.org\/laureate\/bedriye-engin-village-ecologique-en-turquie\/\">\u00a1Vota por ella!<\/a><\/p>\n<\/div>\n<\/div><\/div><\/div><div id=\"pgc-1816-5-1\"  class=\"panel-grid-cell\" ><div id=\"panel-1816-5-1-0\" class=\"so-panel widget widget_sow-editor panel-first-child\" data-index=\"28\" ><div\n\t\t\t\n\t\t\tclass=\"so-widget-sow-editor so-widget-sow-editor-base\"\n\t\t\t\n\t\t>\n<div class=\"siteorigin-widget-tinymce textwidget\">\n\t<h3>Rusia :\u00a0\u00a0Lyudmila Potaeva<\/h3>\n<\/div>\n<\/div><\/div><div id=\"panel-1816-5-1-1\" class=\"so-panel widget widget_sow-image\" data-index=\"29\" ><div\n\t\t\t\n\t\t\tclass=\"so-widget-sow-image so-widget-sow-image-default-8b5b6f678277-1816\"\n\t\t\t\n\t\t>\r\n\r\n\r\n<div class=\"sow-image-container\">\r\n    \r\n    <img loading=\"lazy\" decoding=\"async\" src=\"https:\/\/abspace.yves-rocher.com\/es\/wp-content\/uploads\/sites\/11\/2018\/02\/1805_tdf_image6_750x300.jpg\" width=\"750\" height=\"300\" srcset=\"\"          class=\"so-widget-image\" \/>\r\n\r\n    \r\n    \r\n    <\/div>\r\n\r\n<\/div><\/div><div id=\"panel-1816-5-1-2\" class=\"so-panel widget widget_sow-editor panel-last-child\" data-index=\"30\" ><div\n\t\t\t\n\t\t\tclass=\"so-widget-sow-editor so-widget-sow-editor-base\"\n\t\t\t\n\t\t>\n<div class=\"siteorigin-widget-tinymce textwidget\">\n\t<p style=\"text-align: left\">Lyudmila participa en la <strong>plantaci\u00f3n de \u00e1rboles en las zonas especialmente destruidas<\/strong> de Rusia, poniendo a disposici\u00f3n gratuitamente unas semillas a trav\u00e9s de una p\u00e1gina web\/site internet.<\/p>\n<p style=\"text-align: center\"><a href=\"http:\/\/www.yves-rocher-fondation.org\/laureate\/potaeva-lioudmila-vitalievna-protection-des-forets-en-russie-rodnoi-les\/\">\u00a1Vota por ella!<\/a><\/p>\n<\/div>\n<\/div><\/div><\/div><\/div><div id=\"pg-1816-6\"  class=\"panel-grid panel-no-style\" ><div id=\"pgc-1816-6-0\"  class=\"panel-grid-cell panel-grid-cell-mobile-last\" ><div id=\"panel-1816-6-0-0\" class=\"so-panel widget widget_sow-editor panel-first-child\" data-index=\"31\" ><div\n\t\t\t\n\t\t\tclass=\"so-widget-sow-editor so-widget-sow-editor-base\"\n\t\t\t\n\t\t>\n<div class=\"siteorigin-widget-tinymce textwidget\">\n\t<h3>Ucrania :\u00a0Bogdana Gapochenko<\/h3>\n<\/div>\n<\/div><\/div><div id=\"panel-1816-6-0-1\" class=\"so-panel widget widget_sow-image\" data-index=\"32\" ><div\n\t\t\t\n\t\t\tclass=\"so-widget-sow-image so-widget-sow-image-default-8b5b6f678277-1816\"\n\t\t\t\n\t\t>\r\n\r\n\r\n<div class=\"sow-image-container\">\r\n    \r\n    <img loading=\"lazy\" decoding=\"async\" src=\"https:\/\/abspace.yves-rocher.com\/es\/wp-content\/uploads\/sites\/11\/2018\/02\/1805_tdf_image11_750x300.jpg\" width=\"750\" height=\"300\" srcset=\"\"          class=\"so-widget-image\" \/>\r\n\r\n    \r\n    \r\n    <\/div>\r\n\r\n<\/div><\/div><div id=\"panel-1816-6-0-2\" class=\"so-panel widget widget_sow-editor panel-last-child\" data-index=\"33\" ><div\n\t\t\t\n\t\t\tclass=\"so-widget-sow-editor so-widget-sow-editor-base\"\n\t\t\t\n\t\t>\n<div class=\"siteorigin-widget-tinymce textwidget\">\n\t<p>Bogdana protege <strong>los suelos urbanos de la contaminaci\u00f3n<\/strong>. \u00bfC\u00f3mo lo hace? Transformando las hojas muertas\/secas en abono que va a fertilizar el c\u00e9sped de la ciudad.<\/p>\n<p style=\"text-align: center\"><a href=\"http:\/\/www.yves-rocher-fondation.org\/laureate\/bogdana-gapochenko-production-de-compost-realise-a-partir-des-feuilles-mortes-la-vie-nouvelle-des-vieilles-feuilles\/\">\u00a1Vota por ella!<\/a><\/p>\n<\/div>\n<\/div><\/div><\/div><div id=\"pgc-1816-6-1\"  class=\"panel-grid-cell panel-grid-cell-empty\" ><\/div><\/div><div id=\"pg-1816-7\"  class=\"panel-grid panel-no-style\" ><div id=\"pgc-1816-7-0\"  class=\"panel-grid-cell\" ><div id=\"panel-1816-7-0-0\" class=\"so-panel widget panel-first-child panel-last-child\" data-index=\"34\" ><\/div><\/div><\/div><\/div>","protected":false},"excerpt":{"rendered":"<p>11 proyectos, 11 mujeres comprometidas, 11 maneras de cambiar el mundo<\/p>\n","protected":false},"author":1,"featured_media":1817,"comment_status":"open","ping_status":"open","sticky":false,"template":"","format":"standard","meta":{"_acf_changed":false,"_exactmetrics_skip_tracking":false,"_exactmetrics_sitenote_active":false,"_exactmetrics_sitenote_note":"","_exactmetrics_sitenote_category":0,"footnotes":""},"categories":[1],"tags":[753],"class_list":["post-1816","post","type-post","status-publish","format-standard","has-post-thumbnail","hentry","category-uncategorized","tag-nuestrosvalorescomunes"],"acf":[],"yoast_head":"<!-- This site is optimized with the Yoast SEO plugin v24.7 - https:\/\/yoast.com\/wordpress\/plugins\/seo\/ -->\n<title>Act Beautiful - Mujeres que cambian el mundo - Yves Rocher<\/title>\n<meta name=\"description\" content=\"11 proyectos, 11 mujeres comprometidas, 11 maneras de cambiar el mundo\" \/>\n<meta name=\"robots\" content=\"index, follow, max-snippet:-1, max-image-preview:large, max-video-preview:-1\" \/>\n<link rel=\"canonical\" href=\"https:\/\/abspace.yves-rocher.com\/es\/es\/mujeres-que-cambian-el-mundo\/\" \/>\n<meta property=\"og:locale\" content=\"es_ES\" \/>\n<meta property=\"og:type\" content=\"article\" \/>\n<meta property=\"og:title\" content=\"Act Beautiful - Mujeres que cambian el mundo - Yves Rocher\" \/>\n<meta property=\"og:description\" content=\"11 proyectos, 11 mujeres comprometidas, 11 maneras de cambiar el mundo\" \/>\n<meta property=\"og:url\" content=\"https:\/\/abspace.yves-rocher.com\/es\/es\/mujeres-que-cambian-el-mundo\/\" \/>\n<meta property=\"og:site_name\" content=\"Spain YR AB\" \/>\n<meta property=\"article:published_time\" content=\"2018-03-09T14:16:26+00:00\" \/>\n<meta property=\"article:modified_time\" content=\"2021-10-14T10:32:04+00:00\" \/>\n<meta property=\"og:image\" content=\"https:\/\/abspace.yves-rocher.com\/es\/wp-content\/uploads\/sites\/11\/2018\/02\/1803_D_HP-AB-SPACE_Image8_750x776.jpg\" \/>\n\t<meta property=\"og:image:width\" content=\"750\" \/>\n\t<meta property=\"og:image:height\" content=\"776\" \/>\n\t<meta property=\"og:image:type\" content=\"image\/jpeg\" \/>\n<meta name=\"author\" content=\"krdsadmin\" \/>\n<meta name=\"twitter:card\" content=\"summary_large_image\" \/>\n<meta name=\"twitter:label1\" content=\"Written by\" \/>\n\t<meta name=\"twitter:data1\" content=\"krdsadmin\" \/>\n\t<meta name=\"twitter:label2\" content=\"Est. reading time\" \/>\n\t<meta name=\"twitter:data2\" content=\"2 minutes\" \/>\n<script type=\"application\/ld+json\" class=\"yoast-schema-graph\">{\"@context\":\"https:\/\/schema.org\",\"@graph\":[{\"@type\":\"WebPage\",\"@id\":\"https:\/\/abspace.yves-rocher.com\/es\/es\/mujeres-que-cambian-el-mundo\/\",\"url\":\"https:\/\/abspace.yves-rocher.com\/es\/es\/mujeres-que-cambian-el-mundo\/\",\"name\":\"Act Beautiful - Mujeres que cambian el mundo - Yves Rocher\",\"isPartOf\":{\"@id\":\"https:\/\/abspace.yves-rocher.com\/es\/#website\"},\"primaryImageOfPage\":{\"@id\":\"https:\/\/abspace.yves-rocher.com\/es\/es\/mujeres-que-cambian-el-mundo\/#primaryimage\"},\"image\":{\"@id\":\"https:\/\/abspace.yves-rocher.com\/es\/es\/mujeres-que-cambian-el-mundo\/#primaryimage\"},\"thumbnailUrl\":\"https:\/\/abspace.yves-rocher.com\/es\/wp-content\/uploads\/sites\/11\/2018\/02\/1803_D_HP-AB-SPACE_Image8_750x776.jpg\",\"datePublished\":\"2018-03-09T14:16:26+00:00\",\"dateModified\":\"2021-10-14T10:32:04+00:00\",\"author\":{\"@id\":\"https:\/\/abspace.yves-rocher.com\/es\/#\/schema\/person\/ec696ee18287f26537143fb2cfd6f3a9\"},\"description\":\"11 proyectos, 11 mujeres comprometidas, 11 maneras de cambiar el mundo\",\"breadcrumb\":{\"@id\":\"https:\/\/abspace.yves-rocher.com\/es\/es\/mujeres-que-cambian-el-mundo\/#breadcrumb\"},\"inLanguage\":\"es-ES\",\"potentialAction\":[{\"@type\":\"ReadAction\",\"target\":[\"https:\/\/abspace.yves-rocher.com\/es\/es\/mujeres-que-cambian-el-mundo\/\"]}]},{\"@type\":\"ImageObject\",\"inLanguage\":\"es-ES\",\"@id\":\"https:\/\/abspace.yves-rocher.com\/es\/es\/mujeres-que-cambian-el-mundo\/#primaryimage\",\"url\":\"https:\/\/abspace.yves-rocher.com\/es\/wp-content\/uploads\/sites\/11\/2018\/02\/1803_D_HP-AB-SPACE_Image8_750x776.jpg\",\"contentUrl\":\"https:\/\/abspace.yves-rocher.com\/es\/wp-content\/uploads\/sites\/11\/2018\/02\/1803_D_HP-AB-SPACE_Image8_750x776.jpg\",\"width\":750,\"height\":776},{\"@type\":\"BreadcrumbList\",\"@id\":\"https:\/\/abspace.yves-rocher.com\/es\/es\/mujeres-que-cambian-el-mundo\/#breadcrumb\",\"itemListElement\":[{\"@type\":\"ListItem\",\"position\":1,\"name\":\"Home\",\"item\":\"https:\/\/abspace.yves-rocher.com\/es\/es\/\"},{\"@type\":\"ListItem\",\"position\":2,\"name\":\"Mujeres que cambian el mundo\"}]},{\"@type\":\"WebSite\",\"@id\":\"https:\/\/abspace.yves-rocher.com\/es\/#website\",\"url\":\"https:\/\/abspace.yves-rocher.com\/es\/\",\"name\":\"Spain YR AB\",\"description\":\"Spain YR AB\",\"potentialAction\":[{\"@type\":\"SearchAction\",\"target\":{\"@type\":\"EntryPoint\",\"urlTemplate\":\"https:\/\/abspace.yves-rocher.com\/es\/?s={search_term_string}\"},\"query-input\":{\"@type\":\"PropertyValueSpecification\",\"valueRequired\":true,\"valueName\":\"search_term_string\"}}],\"inLanguage\":\"es-ES\"},{\"@type\":\"Person\",\"@id\":\"https:\/\/abspace.yves-rocher.com\/es\/#\/schema\/person\/ec696ee18287f26537143fb2cfd6f3a9\",\"name\":\"krdsadmin\",\"image\":{\"@type\":\"ImageObject\",\"inLanguage\":\"es-ES\",\"@id\":\"https:\/\/abspace.yves-rocher.com\/es\/#\/schema\/person\/image\/\",\"url\":\"https:\/\/secure.gravatar.com\/avatar\/93174a0612e45c1a7b3ff213533800d4?s=96&d=mm&r=g\",\"contentUrl\":\"https:\/\/secure.gravatar.com\/avatar\/93174a0612e45c1a7b3ff213533800d4?s=96&d=mm&r=g\",\"caption\":\"krdsadmin\"},\"url\":\"https:\/\/abspace.yves-rocher.com\/es\/es\/author\/krdsadmin\/\"}]}<\/script>\n<!-- \/ Yoast SEO plugin. -->","yoast_head_json":{"title":"Act Beautiful - Mujeres que cambian el mundo - Yves Rocher","description":"11 proyectos, 11 mujeres comprometidas, 11 maneras de cambiar el mundo","robots":{"index":"index","follow":"follow","max-snippet":"max-snippet:-1","max-image-preview":"max-image-preview:large","max-video-preview":"max-video-preview:-1"},"canonical":"https:\/\/abspace.yves-rocher.com\/es\/es\/mujeres-que-cambian-el-mundo\/","og_locale":"es_ES","og_type":"article","og_title":"Act Beautiful - Mujeres que cambian el mundo - Yves Rocher","og_description":"11 proyectos, 11 mujeres comprometidas, 11 maneras de cambiar el mundo","og_url":"https:\/\/abspace.yves-rocher.com\/es\/es\/mujeres-que-cambian-el-mundo\/","og_site_name":"Spain YR AB","article_published_time":"2018-03-09T14:16:26+00:00","article_modified_time":"2021-10-14T10:32:04+00:00","og_image":[{"width":750,"height":776,"url":"https:\/\/abspace.yves-rocher.com\/es\/wp-content\/uploads\/sites\/11\/2018\/02\/1803_D_HP-AB-SPACE_Image8_750x776.jpg","type":"image\/jpeg"}],"author":"krdsadmin","twitter_card":"summary_large_image","twitter_misc":{"Written by":"krdsadmin","Est. reading time":"2 minutes"},"schema":{"@context":"https:\/\/schema.org","@graph":[{"@type":"WebPage","@id":"https:\/\/abspace.yves-rocher.com\/es\/es\/mujeres-que-cambian-el-mundo\/","url":"https:\/\/abspace.yves-rocher.com\/es\/es\/mujeres-que-cambian-el-mundo\/","name":"Act Beautiful - Mujeres que cambian el mundo - Yves Rocher","isPartOf":{"@id":"https:\/\/abspace.yves-rocher.com\/es\/#website"},"primaryImageOfPage":{"@id":"https:\/\/abspace.yves-rocher.com\/es\/es\/mujeres-que-cambian-el-mundo\/#primaryimage"},"image":{"@id":"https:\/\/abspace.yves-rocher.com\/es\/es\/mujeres-que-cambian-el-mundo\/#primaryimage"},"thumbnailUrl":"https:\/\/abspace.yves-rocher.com\/es\/wp-content\/uploads\/sites\/11\/2018\/02\/1803_D_HP-AB-SPACE_Image8_750x776.jpg","datePublished":"2018-03-09T14:16:26+00:00","dateModified":"2021-10-14T10:32:04+00:00","author":{"@id":"https:\/\/abspace.yves-rocher.com\/es\/#\/schema\/person\/ec696ee18287f26537143fb2cfd6f3a9"},"description":"11 proyectos, 11 mujeres comprometidas, 11 maneras de cambiar el mundo","breadcrumb":{"@id":"https:\/\/abspace.yves-rocher.com\/es\/es\/mujeres-que-cambian-el-mundo\/#breadcrumb"},"inLanguage":"es-ES","potentialAction":[{"@type":"ReadAction","target":["https:\/\/abspace.yves-rocher.com\/es\/es\/mujeres-que-cambian-el-mundo\/"]}]},{"@type":"ImageObject","inLanguage":"es-ES","@id":"https:\/\/abspace.yves-rocher.com\/es\/es\/mujeres-que-cambian-el-mundo\/#primaryimage","url":"https:\/\/abspace.yves-rocher.com\/es\/wp-content\/uploads\/sites\/11\/2018\/02\/1803_D_HP-AB-SPACE_Image8_750x776.jpg","contentUrl":"https:\/\/abspace.yves-rocher.com\/es\/wp-content\/uploads\/sites\/11\/2018\/02\/1803_D_HP-AB-SPACE_Image8_750x776.jpg","width":750,"height":776},{"@type":"BreadcrumbList","@id":"https:\/\/abspace.yves-rocher.com\/es\/es\/mujeres-que-cambian-el-mundo\/#breadcrumb","itemListElement":[{"@type":"ListItem","position":1,"name":"Home","item":"https:\/\/abspace.yves-rocher.com\/es\/es\/"},{"@type":"ListItem","position":2,"name":"Mujeres que cambian el mundo"}]},{"@type":"WebSite","@id":"https:\/\/abspace.yves-rocher.com\/es\/#website","url":"https:\/\/abspace.yves-rocher.com\/es\/","name":"Spain YR AB","description":"Spain YR AB","potentialAction":[{"@type":"SearchAction","target":{"@type":"EntryPoint","urlTemplate":"https:\/\/abspace.yves-rocher.com\/es\/?s={search_term_string}"},"query-input":{"@type":"PropertyValueSpecification","valueRequired":true,"valueName":"search_term_string"}}],"inLanguage":"es-ES"},{"@type":"Person","@id":"https:\/\/abspace.yves-rocher.com\/es\/#\/schema\/person\/ec696ee18287f26537143fb2cfd6f3a9","name":"krdsadmin","image":{"@type":"ImageObject","inLanguage":"es-ES","@id":"https:\/\/abspace.yves-rocher.com\/es\/#\/schema\/person\/image\/","url":"https:\/\/secure.gravatar.com\/avatar\/93174a0612e45c1a7b3ff213533800d4?s=96&d=mm&r=g","contentUrl":"https:\/\/secure.gravatar.com\/avatar\/93174a0612e45c1a7b3ff213533800d4?s=96&d=mm&r=g","caption":"krdsadmin"},"url":"https:\/\/abspace.yves-rocher.com\/es\/es\/author\/krdsadmin\/"}]}},"_links":{"self":[{"href":"https:\/\/abspace.yves-rocher.com\/es\/ws\/wp\/v2\/posts\/1816","targetHints":{"allow":["GET"]}}],"collection":[{"href":"https:\/\/abspace.yves-rocher.com\/es\/ws\/wp\/v2\/posts"}],"about":[{"href":"https:\/\/abspace.yves-rocher.com\/es\/ws\/wp\/v2\/types\/post"}],"author":[{"embeddable":true,"href":"https:\/\/abspace.yves-rocher.com\/es\/ws\/wp\/v2\/users\/1"}],"replies":[{"embeddable":true,"href":"https:\/\/abspace.yves-rocher.com\/es\/ws\/wp\/v2\/comments?post=1816"}],"version-history":[{"count":15,"href":"https:\/\/abspace.yves-rocher.com\/es\/ws\/wp\/v2\/posts\/1816\/revisions"}],"predecessor-version":[{"id":6675,"href":"https:\/\/abspace.yves-rocher.com\/es\/ws\/wp\/v2\/posts\/1816\/revisions\/6675"}],"wp:featuredmedia":[{"embeddable":true,"href":"https:\/\/abspace.yves-rocher.com\/es\/ws\/wp\/v2\/media\/1817"}],"wp:attachment":[{"href":"https:\/\/abspace.yves-rocher.com\/es\/ws\/wp\/v2\/media?parent=1816"}],"wp:term":[{"taxonomy":"category","embeddable":true,"href":"https:\/\/abspace.yves-rocher.com\/es\/ws\/wp\/v2\/categories?post=1816"},{"taxonomy":"post_tag","embeddable":true,"href":"https:\/\/abspace.yves-rocher.com\/es\/ws\/wp\/v2\/tags?post=1816"}],"curies":[{"name":"wp","href":"https:\/\/api.w.org\/{rel}","templated":true}]}}