{"id":2925,"date":"2018-09-19T14:12:34","date_gmt":"2018-09-19T14:12:34","guid":{"rendered":"http:\/\/abspace.yves-rocher.com\/es\/?p=2925"},"modified":"2021-10-14T11:18:05","modified_gmt":"2021-10-14T10:18:05","slug":"plantemos-por-el-planeta-2","status":"publish","type":"post","link":"https:\/\/abspace.yves-rocher.com\/es\/es\/plantemos-por-el-planeta-2\/","title":{"rendered":"Plantemos por el planeta"},"content":{"rendered":"<div id=\"pl-2925\"  class=\"panel-layout\" ><div id=\"pg-2925-0\"  class=\"panel-grid panel-no-style\" ><div id=\"pgc-2925-0-0\"  class=\"panel-grid-cell\" >            <div class=\"textWidget header-description \">\r\n                <p>Fin de a\u00f1o es una oportunidad para volver a destacar la acci\u00f3n de la Fundaci\u00f3n Yves Rocher con su programa de plantar para el planeta, que naci\u00f3 hace ya m\u00e1s de 10 a\u00f1os. <\/p>\r\n            <\/div>\r\n    <\/div><\/div><div id=\"pg-2925-1\"  class=\"panel-grid panel-no-style\" ><div id=\"pgc-2925-1-0\"  class=\"panel-grid-cell\" ><div id=\"panel-2925-1-0-0\" class=\"so-panel widget widget_sow-image panel-first-child panel-last-child\" data-index=\"1\" ><div\n\t\t\t\n\t\t\tclass=\"so-widget-sow-image so-widget-sow-image-default-8b5b6f678277-2925\"\n\t\t\t\n\t\t>\r\n\r\n\r\n<div class=\"sow-image-container\">\r\n    \r\n    <img loading=\"lazy\" decoding=\"async\" src=\"https:\/\/abspace.yves-rocher.com\/es\/wp-content\/uploads\/sites\/11\/2018\/10\/1812_Plantons_image1_1100x652.jpg\" width=\"1100\" height=\"652\" srcset=\"\"          class=\"so-widget-image\" \/>\r\n\r\n    \r\n    \r\n    <\/div>\r\n\r\n<\/div><\/div><\/div><div id=\"pgc-2925-1-1\"  class=\"panel-grid-cell\" ><div id=\"panel-2925-1-1-0\" class=\"so-panel widget widget_sow-editor panel-first-child panel-last-child\" data-index=\"2\" ><div\n\t\t\t\n\t\t\tclass=\"so-widget-sow-editor so-widget-sow-editor-base\"\n\t\t\t\n\t\t>\n<div class=\"siteorigin-widget-tinymce textwidget\">\n\t<p><strong>Plantar por el planeta, \u00bfqu\u00e9 es esto?\u00a0<\/strong><\/p>\n<p>Es durante la reuni\u00f3n en 2007 de Jacques Rocher con Wangari Maathai, primera mujer africana\u00a0que recibe el Premio Nobel de la paz,\u00a0donde se toma la iniciativa de plantar 1 mill\u00f3n de \u00e1rboles. M\u00e1s de 10 a\u00f1os despu\u00e9s, son ya 100 millones de \u00e1rboles que ahora est\u00e1n destinados a ser plantados con ONGs especializadas en reforestaci\u00f3n a nivel mundial. <br \/>Como mecenas de la Fundaci\u00f3n Yves Rocher durante estos 25 a\u00f1os, estamos orgullosos de participar con el apoyo de nuestros clientes, en este programa que es tan importante para nosotros.<\/p>\n<\/div>\n<\/div><\/div><\/div><\/div><div id=\"pg-2925-2\"  class=\"panel-grid panel-no-style\" ><div id=\"pgc-2925-2-0\"  class=\"panel-grid-cell\" ><div id=\"panel-2925-2-0-0\" class=\"so-panel widget widget_sow-editor panel-first-child panel-last-child\" data-index=\"3\" ><div\n\t\t\t\n\t\t\tclass=\"so-widget-sow-editor so-widget-sow-editor-base\"\n\t\t\t\n\t\t>\n<div class=\"siteorigin-widget-tinymce textwidget\">\n\t<p><strong>\u00bfPor qu\u00e9 ?<br \/><\/strong><br \/>Los \u00e1rboles son indispensables para el buen funcionamiento del planeta: regulaci\u00f3n clim\u00e1tica, contribuci\u00f3n al ciclo del agua, protecci\u00f3n y mantenimiento de la calidad del suelo, lugares de vida de m\u00faltiples especies vegetales y animales, embalses de rica biodiversidad y Valioso... Esta es una causa esencial apoyada por la Fundaci\u00f3n Yves Rocher y para la cual se compromete a cumplir su apuesta de 100 millones de \u00e1rboles plantados en todo el mundo por 2020.\u00a0<\/p>\n<p>Adem\u00e1s, Jacques Rocher y la Fundaci\u00f3n Yves Rocher han apelado a 9 fot\u00f3grafos de renombre para despertar las conciencias. De 2017 a 2020, estas fotograf\u00edas han tenido y tendr\u00e1n el papel de restaurar los v\u00ednculos existentes entre el \u00e1rbol, la tierra y el ser humano, pero tambi\u00e9n para rendir homenaje a los hombres y mujeres que trabajan para reverder la tierra. Brent Stirton, Emanuele Scorcelleti, Phil Hatcher-Moore... son tantos fot\u00f3grafos comprometidos que han capturado la urgencia de actuar para nuestro planeta. Estas fotograf\u00edas se encuentran en la cuenta Instagram de la Fundaci\u00f3n Yves Rocher (@fondationyvesrocher).<\/p>\n<\/div>\n<\/div><\/div><\/div><div id=\"pgc-2925-2-1\"  class=\"panel-grid-cell\" ><div id=\"panel-2925-2-1-0\" class=\"so-panel widget widget_sow-image panel-first-child panel-last-child\" data-index=\"4\" ><div\n\t\t\t\n\t\t\tclass=\"so-widget-sow-image so-widget-sow-image-default-8b5b6f678277-2925\"\n\t\t\t\n\t\t>\r\n\r\n\r\n<div class=\"sow-image-container\">\r\n    \r\n    <img loading=\"lazy\" decoding=\"async\" src=\"https:\/\/abspace.yves-rocher.com\/es\/wp-content\/uploads\/sites\/11\/2018\/10\/1812_Plantons_image3_1100x652-1.jpg\" width=\"1100\" height=\"652\" srcset=\"\" title=\"1812_Plantons_image3_1100x652\"          class=\"so-widget-image\" \/>\r\n\r\n    \r\n    \r\n    <\/div>\r\n\r\n<\/div><\/div><\/div><\/div><div id=\"pg-2925-3\"  class=\"panel-grid panel-no-style\" ><div id=\"pgc-2925-3-0\"  class=\"panel-grid-cell\" ><div id=\"panel-2925-3-0-0\" class=\"so-panel widget widget_sow-image panel-first-child panel-last-child\" data-index=\"5\" ><div\n\t\t\t\n\t\t\tclass=\"so-widget-sow-image so-widget-sow-image-default-8b5b6f678277-2925\"\n\t\t\t\n\t\t>\r\n\r\n\r\n<div class=\"sow-image-container\">\r\n    \r\n    <img loading=\"lazy\" decoding=\"async\" src=\"https:\/\/abspace.yves-rocher.com\/es\/wp-content\/uploads\/sites\/11\/2018\/10\/1812_Plantons_image2_1100x652.jpg\" width=\"1100\" height=\"652\" srcset=\"\"          class=\"so-widget-image\" \/>\r\n\r\n    \r\n    \r\n    <\/div>\r\n\r\n<\/div><\/div><\/div><div id=\"pgc-2925-3-1\"  class=\"panel-grid-cell\" ><div id=\"panel-2925-3-1-0\" class=\"so-panel widget widget_sow-editor panel-first-child panel-last-child\" data-index=\"6\" ><div\n\t\t\t\n\t\t\tclass=\"so-widget-sow-editor so-widget-sow-editor-base\"\n\t\t\t\n\t\t>\n<div class=\"siteorigin-widget-tinymce textwidget\">\n\t<p><strong>\u00bfCu\u00e1l es el r\u00e9cord de este a\u00f1o?<\/strong><\/p>\n<p>Son m\u00e1s de 85 millones \u00e1rboles que han sido plantados en 35 pa\u00edses, utilizando 42 ONGs y su experiencia en todo el mundo. UN \u00e1rbol se planta cada 3 segundos en el mundo gracias a la Fundaci\u00f3n Yves Rocher. Y para ir m\u00e1s lejos, este proyecto tambi\u00e9n se dirige a una serie de \u00e1rboles espec\u00edficos que se plantar\u00e1n en varios pa\u00edses. Por nombrar unos pocos, aqu\u00ed hay 5 proyectos emblem\u00e1ticos del programa planta para el planeta:<\/p>\n<p>\u2022 Etiop\u00eda: 32 millones \u00e1rboles<br \/>\u2022 India: 25 millones \u00e1rboles<br \/>\u2022 M\u00e9xico: 4 millones de \u00e1rboles<br \/>\u2022 Rusia: 6 millones de \u00e1rboles<br \/>\u2022 Francia: 3 millones de \u00e1rboles<\/p>\n<p>UN r\u00e9cord muy positivo para este fin de a\u00f1o tanto en n\u00famero de \u00e1rboles plantados como de las sonrisas entregadas.<\/p>\n<\/div>\n<\/div><\/div><\/div><\/div><div id=\"pg-2925-4\"  class=\"panel-grid panel-no-style\" ><div id=\"pgc-2925-4-0\"  class=\"panel-grid-cell\" ><div id=\"panel-2925-4-0-0\" class=\"so-panel widget panel-first-child panel-last-child\" data-index=\"7\" ><\/div><\/div><\/div><\/div>","protected":false},"excerpt":{"rendered":"<p>\u00bfCu\u00e1ntos \u00e1rboles son plantados por la Fundaci\u00f3n Yves Rocher?<\/p>\n","protected":false},"author":188608,"featured_media":2926,"comment_status":"open","ping_status":"open","sticky":false,"template":"","format":"standard","meta":{"_acf_changed":false,"_exactmetrics_skip_tracking":false,"_exactmetrics_sitenote_active":false,"_exactmetrics_sitenote_note":"","_exactmetrics_sitenote_category":0,"footnotes":""},"categories":[475,1],"tags":[753],"class_list":["post-2925","post","type-post","status-publish","format-standard","has-post-thumbnail","hentry","category-diciembre-2018","category-uncategorized","tag-nuestrosvalorescomunes"],"acf":[],"yoast_head":"<!-- This site is optimized with the Yoast SEO plugin v24.7 - https:\/\/yoast.com\/wordpress\/plugins\/seo\/ -->\n<title>Act Beautiful - Plantemos por el planeta - Yves Rocher<\/title>\n<meta name=\"description\" content=\"\u00bfCu\u00e1ntos \u00e1rboles son plantados por la Fundaci\u00f3n Yves Rocher?\" \/>\n<meta name=\"robots\" content=\"index, follow, max-snippet:-1, max-image-preview:large, max-video-preview:-1\" \/>\n<link rel=\"canonical\" href=\"https:\/\/abspace.yves-rocher.com\/es\/es\/plantemos-por-el-planeta-2\/\" \/>\n<meta property=\"og:locale\" content=\"es_ES\" \/>\n<meta property=\"og:type\" content=\"article\" \/>\n<meta property=\"og:title\" content=\"Act Beautiful - Plantemos por el planeta - Yves Rocher\" \/>\n<meta property=\"og:description\" content=\"\u00bfCu\u00e1ntos \u00e1rboles son plantados por la Fundaci\u00f3n Yves Rocher?\" \/>\n<meta property=\"og:url\" content=\"https:\/\/abspace.yves-rocher.com\/es\/es\/plantemos-por-el-planeta-2\/\" \/>\n<meta property=\"og:site_name\" content=\"Spain YR AB\" \/>\n<meta property=\"article:published_time\" content=\"2018-09-19T14:12:34+00:00\" \/>\n<meta property=\"article:modified_time\" content=\"2021-10-14T10:18:05+00:00\" \/>\n<meta property=\"og:image\" content=\"https:\/\/abspace.yves-rocher.com\/es\/wp-content\/uploads\/sites\/11\/2018\/10\/1812_D_HP-AB-SPACE_Image13_750x1036.jpg\" \/>\n\t<meta property=\"og:image:width\" content=\"750\" \/>\n\t<meta property=\"og:image:height\" content=\"1036\" \/>\n\t<meta property=\"og:image:type\" content=\"image\/jpeg\" \/>\n<meta name=\"author\" content=\"nolwenndrevet\" \/>\n<meta name=\"twitter:card\" content=\"summary_large_image\" \/>\n<meta name=\"twitter:label1\" content=\"Written by\" \/>\n\t<meta name=\"twitter:data1\" content=\"nolwenndrevet\" \/>\n<script type=\"application\/ld+json\" class=\"yoast-schema-graph\">{\"@context\":\"https:\/\/schema.org\",\"@graph\":[{\"@type\":\"WebPage\",\"@id\":\"https:\/\/abspace.yves-rocher.com\/es\/es\/plantemos-por-el-planeta-2\/\",\"url\":\"https:\/\/abspace.yves-rocher.com\/es\/es\/plantemos-por-el-planeta-2\/\",\"name\":\"Act Beautiful - Plantemos por el planeta - Yves Rocher\",\"isPartOf\":{\"@id\":\"https:\/\/abspace.yves-rocher.com\/es\/#website\"},\"primaryImageOfPage\":{\"@id\":\"https:\/\/abspace.yves-rocher.com\/es\/es\/plantemos-por-el-planeta-2\/#primaryimage\"},\"image\":{\"@id\":\"https:\/\/abspace.yves-rocher.com\/es\/es\/plantemos-por-el-planeta-2\/#primaryimage\"},\"thumbnailUrl\":\"https:\/\/abspace.yves-rocher.com\/es\/wp-content\/uploads\/sites\/11\/2018\/10\/1812_D_HP-AB-SPACE_Image13_750x1036.jpg\",\"datePublished\":\"2018-09-19T14:12:34+00:00\",\"dateModified\":\"2021-10-14T10:18:05+00:00\",\"author\":{\"@id\":\"https:\/\/abspace.yves-rocher.com\/es\/#\/schema\/person\/8e1970aa5ef24a5ec6bdf6d14f304b4e\"},\"description\":\"\u00bfCu\u00e1ntos \u00e1rboles son plantados por la Fundaci\u00f3n Yves Rocher?\",\"breadcrumb\":{\"@id\":\"https:\/\/abspace.yves-rocher.com\/es\/es\/plantemos-por-el-planeta-2\/#breadcrumb\"},\"inLanguage\":\"es-ES\",\"potentialAction\":[{\"@type\":\"ReadAction\",\"target\":[\"https:\/\/abspace.yves-rocher.com\/es\/es\/plantemos-por-el-planeta-2\/\"]}]},{\"@type\":\"ImageObject\",\"inLanguage\":\"es-ES\",\"@id\":\"https:\/\/abspace.yves-rocher.com\/es\/es\/plantemos-por-el-planeta-2\/#primaryimage\",\"url\":\"https:\/\/abspace.yves-rocher.com\/es\/wp-content\/uploads\/sites\/11\/2018\/10\/1812_D_HP-AB-SPACE_Image13_750x1036.jpg\",\"contentUrl\":\"https:\/\/abspace.yves-rocher.com\/es\/wp-content\/uploads\/sites\/11\/2018\/10\/1812_D_HP-AB-SPACE_Image13_750x1036.jpg\",\"width\":750,\"height\":1036},{\"@type\":\"BreadcrumbList\",\"@id\":\"https:\/\/abspace.yves-rocher.com\/es\/es\/plantemos-por-el-planeta-2\/#breadcrumb\",\"itemListElement\":[{\"@type\":\"ListItem\",\"position\":1,\"name\":\"Home\",\"item\":\"https:\/\/abspace.yves-rocher.com\/es\/es\/\"},{\"@type\":\"ListItem\",\"position\":2,\"name\":\"Plantemos por el planeta\"}]},{\"@type\":\"WebSite\",\"@id\":\"https:\/\/abspace.yves-rocher.com\/es\/#website\",\"url\":\"https:\/\/abspace.yves-rocher.com\/es\/\",\"name\":\"Spain YR AB\",\"description\":\"Spain YR AB\",\"potentialAction\":[{\"@type\":\"SearchAction\",\"target\":{\"@type\":\"EntryPoint\",\"urlTemplate\":\"https:\/\/abspace.yves-rocher.com\/es\/?s={search_term_string}\"},\"query-input\":{\"@type\":\"PropertyValueSpecification\",\"valueRequired\":true,\"valueName\":\"search_term_string\"}}],\"inLanguage\":\"es-ES\"},{\"@type\":\"Person\",\"@id\":\"https:\/\/abspace.yves-rocher.com\/es\/#\/schema\/person\/8e1970aa5ef24a5ec6bdf6d14f304b4e\",\"name\":\"nolwenndrevet\",\"image\":{\"@type\":\"ImageObject\",\"inLanguage\":\"es-ES\",\"@id\":\"https:\/\/abspace.yves-rocher.com\/es\/#\/schema\/person\/image\/\",\"url\":\"https:\/\/secure.gravatar.com\/avatar\/9f52e1a836597aebf5a6bf0f10d4aca5?s=96&d=mm&r=g\",\"contentUrl\":\"https:\/\/secure.gravatar.com\/avatar\/9f52e1a836597aebf5a6bf0f10d4aca5?s=96&d=mm&r=g\",\"caption\":\"nolwenndrevet\"},\"url\":\"https:\/\/abspace.yves-rocher.com\/es\/es\/author\/nolwenndrevet\/\"}]}<\/script>\n<!-- \/ Yoast SEO plugin. -->","yoast_head_json":{"title":"Act Beautiful - Plantemos por el planeta - Yves Rocher","description":"\u00bfCu\u00e1ntos \u00e1rboles son plantados por la Fundaci\u00f3n Yves Rocher?","robots":{"index":"index","follow":"follow","max-snippet":"max-snippet:-1","max-image-preview":"max-image-preview:large","max-video-preview":"max-video-preview:-1"},"canonical":"https:\/\/abspace.yves-rocher.com\/es\/es\/plantemos-por-el-planeta-2\/","og_locale":"es_ES","og_type":"article","og_title":"Act Beautiful - Plantemos por el planeta - Yves Rocher","og_description":"\u00bfCu\u00e1ntos \u00e1rboles son plantados por la Fundaci\u00f3n Yves Rocher?","og_url":"https:\/\/abspace.yves-rocher.com\/es\/es\/plantemos-por-el-planeta-2\/","og_site_name":"Spain YR AB","article_published_time":"2018-09-19T14:12:34+00:00","article_modified_time":"2021-10-14T10:18:05+00:00","og_image":[{"width":750,"height":1036,"url":"https:\/\/abspace.yves-rocher.com\/es\/wp-content\/uploads\/sites\/11\/2018\/10\/1812_D_HP-AB-SPACE_Image13_750x1036.jpg","type":"image\/jpeg"}],"author":"nolwenndrevet","twitter_card":"summary_large_image","twitter_misc":{"Written by":"nolwenndrevet"},"schema":{"@context":"https:\/\/schema.org","@graph":[{"@type":"WebPage","@id":"https:\/\/abspace.yves-rocher.com\/es\/es\/plantemos-por-el-planeta-2\/","url":"https:\/\/abspace.yves-rocher.com\/es\/es\/plantemos-por-el-planeta-2\/","name":"Act Beautiful - Plantemos por el planeta - Yves Rocher","isPartOf":{"@id":"https:\/\/abspace.yves-rocher.com\/es\/#website"},"primaryImageOfPage":{"@id":"https:\/\/abspace.yves-rocher.com\/es\/es\/plantemos-por-el-planeta-2\/#primaryimage"},"image":{"@id":"https:\/\/abspace.yves-rocher.com\/es\/es\/plantemos-por-el-planeta-2\/#primaryimage"},"thumbnailUrl":"https:\/\/abspace.yves-rocher.com\/es\/wp-content\/uploads\/sites\/11\/2018\/10\/1812_D_HP-AB-SPACE_Image13_750x1036.jpg","datePublished":"2018-09-19T14:12:34+00:00","dateModified":"2021-10-14T10:18:05+00:00","author":{"@id":"https:\/\/abspace.yves-rocher.com\/es\/#\/schema\/person\/8e1970aa5ef24a5ec6bdf6d14f304b4e"},"description":"\u00bfCu\u00e1ntos \u00e1rboles son plantados por la Fundaci\u00f3n Yves Rocher?","breadcrumb":{"@id":"https:\/\/abspace.yves-rocher.com\/es\/es\/plantemos-por-el-planeta-2\/#breadcrumb"},"inLanguage":"es-ES","potentialAction":[{"@type":"ReadAction","target":["https:\/\/abspace.yves-rocher.com\/es\/es\/plantemos-por-el-planeta-2\/"]}]},{"@type":"ImageObject","inLanguage":"es-ES","@id":"https:\/\/abspace.yves-rocher.com\/es\/es\/plantemos-por-el-planeta-2\/#primaryimage","url":"https:\/\/abspace.yves-rocher.com\/es\/wp-content\/uploads\/sites\/11\/2018\/10\/1812_D_HP-AB-SPACE_Image13_750x1036.jpg","contentUrl":"https:\/\/abspace.yves-rocher.com\/es\/wp-content\/uploads\/sites\/11\/2018\/10\/1812_D_HP-AB-SPACE_Image13_750x1036.jpg","width":750,"height":1036},{"@type":"BreadcrumbList","@id":"https:\/\/abspace.yves-rocher.com\/es\/es\/plantemos-por-el-planeta-2\/#breadcrumb","itemListElement":[{"@type":"ListItem","position":1,"name":"Home","item":"https:\/\/abspace.yves-rocher.com\/es\/es\/"},{"@type":"ListItem","position":2,"name":"Plantemos por el planeta"}]},{"@type":"WebSite","@id":"https:\/\/abspace.yves-rocher.com\/es\/#website","url":"https:\/\/abspace.yves-rocher.com\/es\/","name":"Spain YR AB","description":"Spain YR AB","potentialAction":[{"@type":"SearchAction","target":{"@type":"EntryPoint","urlTemplate":"https:\/\/abspace.yves-rocher.com\/es\/?s={search_term_string}"},"query-input":{"@type":"PropertyValueSpecification","valueRequired":true,"valueName":"search_term_string"}}],"inLanguage":"es-ES"},{"@type":"Person","@id":"https:\/\/abspace.yves-rocher.com\/es\/#\/schema\/person\/8e1970aa5ef24a5ec6bdf6d14f304b4e","name":"nolwenndrevet","image":{"@type":"ImageObject","inLanguage":"es-ES","@id":"https:\/\/abspace.yves-rocher.com\/es\/#\/schema\/person\/image\/","url":"https:\/\/secure.gravatar.com\/avatar\/9f52e1a836597aebf5a6bf0f10d4aca5?s=96&d=mm&r=g","contentUrl":"https:\/\/secure.gravatar.com\/avatar\/9f52e1a836597aebf5a6bf0f10d4aca5?s=96&d=mm&r=g","caption":"nolwenndrevet"},"url":"https:\/\/abspace.yves-rocher.com\/es\/es\/author\/nolwenndrevet\/"}]}},"_links":{"self":[{"href":"https:\/\/abspace.yves-rocher.com\/es\/ws\/wp\/v2\/posts\/2925","targetHints":{"allow":["GET"]}}],"collection":[{"href":"https:\/\/abspace.yves-rocher.com\/es\/ws\/wp\/v2\/posts"}],"about":[{"href":"https:\/\/abspace.yves-rocher.com\/es\/ws\/wp\/v2\/types\/post"}],"author":[{"embeddable":true,"href":"https:\/\/abspace.yves-rocher.com\/es\/ws\/wp\/v2\/users\/188608"}],"replies":[{"embeddable":true,"href":"https:\/\/abspace.yves-rocher.com\/es\/ws\/wp\/v2\/comments?post=2925"}],"version-history":[{"count":4,"href":"https:\/\/abspace.yves-rocher.com\/es\/ws\/wp\/v2\/posts\/2925\/revisions"}],"predecessor-version":[{"id":6660,"href":"https:\/\/abspace.yves-rocher.com\/es\/ws\/wp\/v2\/posts\/2925\/revisions\/6660"}],"wp:featuredmedia":[{"embeddable":true,"href":"https:\/\/abspace.yves-rocher.com\/es\/ws\/wp\/v2\/media\/2926"}],"wp:attachment":[{"href":"https:\/\/abspace.yves-rocher.com\/es\/ws\/wp\/v2\/media?parent=2925"}],"wp:term":[{"taxonomy":"category","embeddable":true,"href":"https:\/\/abspace.yves-rocher.com\/es\/ws\/wp\/v2\/categories?post=2925"},{"taxonomy":"post_tag","embeddable":true,"href":"https:\/\/abspace.yves-rocher.com\/es\/ws\/wp\/v2\/tags?post=2925"}],"curies":[{"name":"wp","href":"https:\/\/api.w.org\/{rel}","templated":true}]}}