{"id":3213,"date":"2018-10-10T14:30:27","date_gmt":"2018-10-10T14:30:27","guid":{"rendered":"http:\/\/abspace.yves-rocher.com\/es\/?p=3213"},"modified":"2021-10-14T11:11:21","modified_gmt":"2021-10-14T10:11:21","slug":"que-hacer-en-la-mirada","status":"publish","type":"post","link":"https:\/\/abspace.yves-rocher.com\/es\/es\/que-hacer-en-la-mirada\/","title":{"rendered":"Consejos de maquillaje: qu\u00e9 hacer en la mirada"},"content":{"rendered":"<div id=\"pl-3213\"  class=\"panel-layout\" ><div id=\"pg-3213-0\"  class=\"panel-grid panel-no-style\" ><div id=\"pgc-3213-0-0\"  class=\"panel-grid-cell\" >            <div class=\"textWidget header-description \">\r\n                <p> \u00bfC\u00f3mo maquillar los ojos de color verde, azul o marron? Sigue estos consejos si tienes los ojos peque\u00f1os para hacerte un maquillaje de ojos \u00a1natural y f\u00e1cil de modular!<\/p>\r\n            <\/div>\r\n    <\/div><\/div><div id=\"pg-3213-1\"  class=\"panel-grid panel-no-style\" ><div id=\"pgc-3213-1-0\"  class=\"panel-grid-cell\" ><div id=\"panel-3213-1-0-0\" class=\"so-panel widget widget_sow-image panel-first-child panel-last-child\" data-index=\"1\" ><div\n\t\t\t\n\t\t\tclass=\"so-widget-sow-image so-widget-sow-image-default-8b5b6f678277-3213\"\n\t\t\t\n\t\t>\r\n\r\n\r\n<div class=\"sow-image-container\">\r\n    \r\n    <img loading=\"lazy\" decoding=\"async\" src=\"https:\/\/abspace.yves-rocher.com\/es\/wp-content\/uploads\/sites\/11\/2018\/11\/1901_dodont_image1_1100x652-1.jpg\" width=\"1100\" height=\"652\" srcset=\"\" title=\"1901_do&amp;don&#8217;t_image1_1100x652\"          class=\"so-widget-image\" \/>\r\n\r\n    \r\n    \r\n    <\/div>\r\n\r\n<\/div><\/div><\/div><div id=\"pgc-3213-1-1\"  class=\"panel-grid-cell\" ><div id=\"panel-3213-1-1-0\" class=\"so-panel widget widget_sow-editor panel-first-child panel-last-child\" data-index=\"2\" ><div\n\t\t\t\n\t\t\tclass=\"so-widget-sow-editor so-widget-sow-editor-base\"\n\t\t\t\n\t\t>\n<div class=\"siteorigin-widget-tinymce textwidget\">\n\t<h1 style=\"text-align: center\"><strong>\u00bfC\u00f3mo maquillar los ojos azules, marrones o verdes\u00a0? <\/strong><\/h1>\n<p>\u00bfQuieres maquillarte los ojos a juego con tu color de ojos? Pues no, conjunta tu ropa y tus accesorios pero para el maquillaje de ojos lo que tienes que buscar es CONTRASTAR para iluminar la mirada.<\/p>\n<p>Para los ojos azules y verdes, nada peor que un tono sobre tono. La raz\u00f3n: una sombra de ojos verde tiende a te\u00f1ir la mirada del color verde del iris y con el azul pasa lo mismo.<\/p>\n<\/div>\n<\/div><\/div><\/div><\/div><div id=\"pg-3213-2\"  class=\"panel-grid panel-no-style\" ><div id=\"pgc-3213-2-0\"  class=\"panel-grid-cell\" ><div id=\"panel-3213-2-0-0\" class=\"so-panel widget widget_sow-editor panel-first-child\" data-index=\"3\" ><div\n\t\t\t\n\t\t\tclass=\"so-widget-sow-editor so-widget-sow-editor-base\"\n\t\t\t\n\t\t>\n<div class=\"siteorigin-widget-tinymce textwidget\">\n\t<ul>\n<li><strong>Para ojos azules<\/strong>, el color que m\u00e1s los resaltar\u00e1 son los cobre, dorados o beiges o incluso el naranja.<\/li>\n<\/ul>\n<p>\u00a0<\/p>\n<\/div>\n<\/div><\/div>            <div class=\"webclipping-product-boxes-wrapper\" id=\"454c931f-9685-41a9-8495-6227ac3c164c\">\r\n                <div class=\"webclipping-product-boxes\"\r\n                    data-product-ids=\"R38196, R37383, R26154, R21917\"\r\n                    data-product-style=\"Standard\"\r\n                    data-slick='{\"variableWidth\": true, \"slidesToShow\": 1,, \"respondTo\": \"min\"}'\r\n                     >\r\n                <\/div>\r\n            <\/div>\r\n\r\n\r\n        <\/div><div id=\"pgc-3213-2-1\"  class=\"panel-grid-cell\" ><div id=\"panel-3213-2-1-0\" class=\"so-panel widget widget_sow-image panel-first-child panel-last-child\" data-index=\"5\" ><div\n\t\t\t\n\t\t\tclass=\"so-widget-sow-image so-widget-sow-image-default-8b5b6f678277-3213\"\n\t\t\t\n\t\t>\r\n\r\n\r\n<div class=\"sow-image-container\">\r\n    \r\n    <img loading=\"lazy\" decoding=\"async\" src=\"https:\/\/abspace.yves-rocher.com\/es\/wp-content\/uploads\/sites\/11\/2018\/11\/1901_dodont_image2_1100x652.jpg\" width=\"1100\" height=\"652\" srcset=\"\" title=\"1901_do&amp;don&#8217;t_image2_1100x652\"          class=\"so-widget-image\" \/>\r\n\r\n    \r\n    \r\n    <\/div>\r\n\r\n<\/div><\/div><\/div><\/div><div id=\"pg-3213-3\"  class=\"panel-grid panel-no-style\" ><div id=\"pgc-3213-3-0\"  class=\"panel-grid-cell\" ><div id=\"panel-3213-3-0-0\" class=\"so-panel widget widget_sow-image panel-first-child panel-last-child\" data-index=\"6\" ><div\n\t\t\t\n\t\t\tclass=\"so-widget-sow-image so-widget-sow-image-default-8b5b6f678277-3213\"\n\t\t\t\n\t\t>\r\n\r\n\r\n<div class=\"sow-image-container\">\r\n    \r\n    <img loading=\"lazy\" decoding=\"async\" src=\"https:\/\/abspace.yves-rocher.com\/es\/wp-content\/uploads\/sites\/11\/2018\/11\/1901_dodont_image4_1100x652.jpg\" width=\"1100\" height=\"652\" srcset=\"\" title=\"1901_do&amp;don&#8217;t_image4_1100x652\"          class=\"so-widget-image\" \/>\r\n\r\n    \r\n    \r\n    <\/div>\r\n\r\n<\/div><\/div><\/div><div id=\"pgc-3213-3-1\"  class=\"panel-grid-cell\" ><div id=\"panel-3213-3-1-0\" class=\"so-panel widget widget_sow-editor panel-first-child\" data-index=\"7\" ><div\n\t\t\t\n\t\t\tclass=\"so-widget-sow-editor so-widget-sow-editor-base\"\n\t\t\t\n\t\t>\n<div class=\"siteorigin-widget-tinymce textwidget\">\n\t<ul>\n<li><strong>Para los ojos verdes,<\/strong> lo mejor son los tonos violetas, tonos ciruelas y tambi\u00e9n Burdeos.<\/li>\n<\/ul>\n<\/div>\n<\/div><\/div>            <div class=\"webclipping-product-boxes-wrapper\" id=\"454c931f-9685-41a9-8495-6227ac3c164c\">\r\n                <div class=\"webclipping-product-boxes\"\r\n                    data-product-ids=\"29430, 28428, 30259, 27102\"\r\n                    data-product-style=\"Standard\"\r\n                    data-slick='{\"variableWidth\": true, \"slidesToShow\": 1,, \"respondTo\": \"min\"}'\r\n                     >\r\n                <\/div>\r\n            <\/div>\r\n\r\n\r\n        <\/div><\/div><div id=\"pg-3213-4\"  class=\"panel-grid panel-no-style\" ><div id=\"pgc-3213-4-0\"  class=\"panel-grid-cell\" ><div id=\"panel-3213-4-0-0\" class=\"so-panel widget widget_sow-editor panel-first-child\" data-index=\"9\" ><div\n\t\t\t\n\t\t\tclass=\"so-widget-sow-editor so-widget-sow-editor-base\"\n\t\t\t\n\t\t>\n<div class=\"siteorigin-widget-tinymce textwidget\">\n\t<ul>\n<li><strong>Para ojos marrones o pardos,<\/strong> \u00a1casi todo est\u00e1 permitido! Imprescindible: los colores c\u00e1lidos y codiciosos como marrones, grises, negro, azul noche, violeta, p\u00farpura, bronces, lat\u00f3n, oro... Elije texturas iridiscentes para evitar empa\u00f1ar la mirada. Sin embargo, evita las sombras demasiado brillantes y usa los tonos pastel y los colores en polvo en el lagrimal para dar luz a la mirada.<\/li>\n<\/ul>\n<\/div>\n<\/div><\/div>            <div class=\"webclipping-product-boxes-wrapper\" id=\"454c931f-9685-41a9-8495-6227ac3c164c\">\r\n                <div class=\"webclipping-product-boxes\"\r\n                    data-product-ids=\"31262, 33071, 30485\"\r\n                    data-product-style=\"Standard\"\r\n                    data-slick='{\"variableWidth\": true, \"slidesToShow\": 1,, \"respondTo\": \"min\"}'\r\n                     >\r\n                <\/div>\r\n            <\/div>\r\n\r\n\r\n        <\/div><div id=\"pgc-3213-4-1\"  class=\"panel-grid-cell\" ><div id=\"panel-3213-4-1-0\" class=\"so-panel widget widget_sow-image panel-first-child panel-last-child\" data-index=\"11\" ><div\n\t\t\t\n\t\t\tclass=\"so-widget-sow-image so-widget-sow-image-default-8b5b6f678277-3213\"\n\t\t\t\n\t\t>\r\n\r\n\r\n<div class=\"sow-image-container\">\r\n    \r\n    <img loading=\"lazy\" decoding=\"async\" src=\"https:\/\/abspace.yves-rocher.com\/es\/wp-content\/uploads\/sites\/11\/2018\/11\/1901_dodont_image4_1100x652-1.jpg\" width=\"1100\" height=\"652\" srcset=\"\" title=\"1901_do&amp;don&#8217;t_image4_1100x652\"          class=\"so-widget-image\" \/>\r\n\r\n    \r\n    \r\n    <\/div>\r\n\r\n<\/div><\/div><\/div><\/div><div id=\"pg-3213-5\"  class=\"panel-grid panel-no-style\" ><div id=\"pgc-3213-5-0\"  class=\"panel-grid-cell\" >            <div class=\"webclipping-product-boxes-wrapper\" id=\"454c931f-9685-41a9-8495-6227ac3c164c\">\r\n                <div class=\"webclipping-product-boxes\"\r\n                    data-product-ids=\"65050, 10626, 55987, 84176\"\r\n                    data-product-style=\"Standard\"\r\n                    data-slick='{\"variableWidth\": true, \"slidesToShow\": 1,, \"respondTo\": \"min\"}'\r\n                     >\r\n                <\/div>\r\n            <\/div>\r\n\r\n\r\n        <\/div><div id=\"pgc-3213-5-1\"  class=\"panel-grid-cell\" ><div id=\"panel-3213-5-1-0\" class=\"so-panel widget widget_sow-editor panel-first-child panel-last-child\" data-index=\"13\" ><div\n\t\t\t\n\t\t\tclass=\"so-widget-sow-editor so-widget-sow-editor-base\"\n\t\t\t\n\t\t>\n<div class=\"siteorigin-widget-tinymce textwidget\">\n\t<h3 style=\"text-align: center\"><strong>\u00bfC\u00f3mo maquillar los ojos redondos?<\/strong><\/h3>\n<p>\u00a0<\/p>\n<p>Los ojos redondos tienden a parecer m\u00e1s peque\u00f1os, por lo que hace falta estirarlos para que den la impresi\u00f3n de ser almendrados.<\/p>\n<p>\u00a1El eyeliner ser\u00e1 su mejor aliado! Dibuja una l\u00ednea fina desde las pesta\u00f1as y s\u00fabela hasta las cejas. Aqu\u00ed, el objetivo es crear un \u201cojo de gato\u201d. \u00a0Evita las l\u00edneas gruesas que agachen tu mirada y elege tonos claros para las sombras de ojos.<\/p>\n<p>Finalmente, la m\u00e1scara de pesta\u00f1as, que alargar\u00e1 y dar\u00e1 volumen a las pesta\u00f1as.<\/p>\n<\/div>\n<\/div><\/div><\/div><\/div><div id=\"pg-3213-6\"  class=\"panel-grid panel-no-style\" ><div id=\"pgc-3213-6-0\"  class=\"panel-grid-cell\" ><div id=\"panel-3213-6-0-0\" class=\"so-panel widget widget_sow-editor panel-first-child panel-last-child\" data-index=\"14\" ><div\n\t\t\t\n\t\t\tclass=\"so-widget-sow-editor so-widget-sow-editor-base\"\n\t\t\t\n\t\t>\n<div class=\"siteorigin-widget-tinymce textwidget\">\n\t<h1 style=\"text-align: center\"><strong>\u00bfC\u00f3mo agrandar los ojos peque\u00f1os?<\/strong><\/h1>\n<p style=\"text-align: left\">\u00a0<\/p>\n<p><span style=\"font-family: 'Georgia',serif;color: #1a1a1a\">Si te parece que tienes ojos peque\u00f1os u ojos rasgados aqu\u00ed tienes unos consejos para agrandarlos:<\/span><\/p>\n<p><span style=\"font-family: 'Georgia',serif;color: #1a1a1a\"><strong>-Dibuja las cejas para abrir los ojos:<\/strong> ni demasiado gruesa ni demasiado fina y no espesa.<\/span><\/p>\n<p><span style=\"font-family: 'Georgia',serif;color: #1a1a1a\">-<strong>Oculta tus ojeras<\/strong> porque oscurece la mirada y hacen que los ojos parezcan m\u00e1s peque\u00f1os.<\/span><\/p>\n<p><span style=\"font-family: 'Georgia',serif;color: #1a1a1a\">-<strong>Unifica los p\u00e1rpados<\/strong> con la base para p\u00e1rpados fixatrice para iluminar y agrandar los ojos. El nacarado o sombra de ojos iridiscente son los colores preferibles. Aplica tu sombra en el \u00e1ngulo interno del ojo y realiza un degradado con colores ligeramente m\u00e1s oscuros en el borde exterior del ojo. Estira un poco la sombra fuera del p\u00e1rpado para alargar la mirada.<\/span><\/p>\n<\/div>\n<\/div><\/div><\/div><div id=\"pgc-3213-6-1\"  class=\"panel-grid-cell\" ><div id=\"panel-3213-6-1-0\" class=\"so-panel widget widget_sow-image panel-first-child panel-last-child\" data-index=\"15\" ><div\n\t\t\t\n\t\t\tclass=\"so-widget-sow-image so-widget-sow-image-default-8b5b6f678277-3213\"\n\t\t\t\n\t\t>\r\n\r\n\r\n<div class=\"sow-image-container\">\r\n    \r\n    <img loading=\"lazy\" decoding=\"async\" src=\"https:\/\/abspace.yves-rocher.com\/es\/wp-content\/uploads\/sites\/11\/2018\/11\/1901_dodont_image3_1100x652.jpg\" width=\"1100\" height=\"652\" srcset=\"\" title=\"1901_do&amp;don&#8217;t_image3_1100x652\"          class=\"so-widget-image\" \/>\r\n\r\n    \r\n    \r\n    <\/div>\r\n\r\n<\/div><\/div><\/div><\/div><div id=\"pg-3213-7\"  class=\"panel-grid panel-no-style\" ><div id=\"pgc-3213-7-0\"  class=\"panel-grid-cell\" ><div id=\"panel-3213-7-0-0\" class=\"so-panel widget widget_sow-editor panel-first-child panel-last-child\" data-index=\"16\" ><div\n\t\t\t\n\t\t\tclass=\"so-widget-sow-editor so-widget-sow-editor-base\"\n\t\t\t\n\t\t>\n<div class=\"siteorigin-widget-tinymce textwidget\">\n\t<h3 style=\"text-align: center\">\u00bfC\u00f3mo corregir los p\u00e1rpados ca\u00eddos?<\/h3>\n<p style=\"text-align: left\">Los colores oscuros y los ahumados no debes usarlos porque tienden a endurecer la mirada. Es mejor si tienes el color de ojos oscuros usar colores c\u00e1lidos y sombras nacaradas o cremosas y evita los nacarados.<\/p>\n<p>Con respecto a la aplicaci\u00f3n,\u00a0para los p\u00e1rpados ca\u00eddos, el hueco del p\u00e1rpado es pr\u00e1cticamente invisible, lo ideal es recrear la banana (huecos entre los p\u00e1rpados m\u00f3vil y fijos). Delante de un espejo, mira hacia adelante y pase la caja de la izquierda con una sombra oscura. Luego utiliza una sombra clara en el p\u00e1rpado porque, como ella est\u00e1 'oculta' por los p\u00e1rpados ca\u00eddos, esto traer\u00e1 luz y un impulso de verdad ayudar a tu look.<\/p>\n<p>Evita delinear a ras de las pesta\u00f1as y de manera muy pronunciada. Porque, tambi\u00e9n tiende a 'bajar' la mirada.<\/p>\n<p>Y si eres fan del eyeliner, apl\u00edcalo s\u00f3lo hasta los \u00faltimos dos tercios del p\u00e1rpado, centr\u00e1ndose m\u00e1s en la esquina externa del ojo y\u00a0hazte una l\u00ednea delgada con maquillaje waterproof para evitar a la transferencia de material en el p\u00e1rpado superior.<\/p>\n<p>\u00a0<\/p>\n<p>Consejo: Menos t\u00f3nica, los p\u00e1rpados ca\u00eddos piel tienden a tener una apariencia arrugada. Para obtener un maquillaje de n\u00edquel, apostar por el ojo de fixatrice base. Se alisa el p\u00e1rpado, y booster bonificaci\u00f3n a sus pigmentos de sombra de ojos.<\/p>\n<p>\u00a0<\/p>\n<\/div>\n<\/div><\/div><\/div><\/div><div id=\"pg-3213-8\"  class=\"panel-grid panel-no-style\" ><div id=\"pgc-3213-8-0\"  class=\"panel-grid-cell\" >            <div class=\"webclipping-product-boxes-wrapper\" id=\"a5f7c85a-a781-44fa-8366-da058d4bbb6e\">\r\n                <div class=\"webclipping-product-boxes\"\r\n                    data-product-ids=\"02969, 86886, 20410, 00503, 41365\"\r\n                    data-product-style=\"Standard\"\r\n                    data-slick='{\"variableWidth\": true, \"slidesToShow\": 1,, \"respondTo\": \"min\"}'\r\n                     >\r\n                <\/div>\r\n            <\/div>\r\n\r\n\r\n        <\/div><div id=\"pgc-3213-8-1\"  class=\"panel-grid-cell\" ><div id=\"panel-3213-8-1-0\" class=\"so-panel widget widget_sow-editor panel-first-child panel-last-child\" data-index=\"18\" ><div\n\t\t\t\n\t\t\tclass=\"so-widget-sow-editor so-widget-sow-editor-base\"\n\t\t\t\n\t\t>\n<div class=\"siteorigin-widget-tinymce textwidget\">\n\t<h3 style=\"text-align: center\">\u00a0<\/h3><h3 style=\"text-align: center\"><strong>\u00bfQu\u00e9 maquillaje hacerte si llevas gafas?<\/strong><\/h3><p>\u00a1Apuesta por el color en los labios en lugar de en los ojos ya que pasar\u00e1 desapercibido con los cristales!<\/p><p>La sombra de las gafas puede oscurecer los ojos por lo que ilum\u00ednalo con un corrector para darle luz y aplica tu m\u00e1scara de pesta\u00f1as para agrandar el ojo. Es mejor la m\u00e1scara waterproof para que no se te queden manchas en los cristales.<\/p><p>Si eres fan del eyeliner, \u00a1usalo! Pero con una regla a seguir: si tienes el marco de las gafas grueso, haz un trazo fino y si es al contrario\u2026 \u00a1m\u00e1s gordito!<\/p><p>Por \u00faltimo no debes olvidarte de \u00a1tus cejas! La l\u00ednea de las cejas no debe sobresalir por encima de las gafas. Y tu montura no debe pasar la l\u00ednea de las cejas. Trab\u00e1jalas con nuestros productos espec\u00edficos para cejas.<\/p><\/div>\n<\/div><\/div><\/div><\/div><div id=\"pg-3213-9\"  class=\"panel-grid panel-no-style\" ><div id=\"pgc-3213-9-0\"  class=\"panel-grid-cell\" ><div id=\"panel-3213-9-0-0\" class=\"so-panel widget panel-first-child panel-last-child\" data-index=\"19\" ><\/div><\/div><\/div><\/div>","protected":false},"excerpt":{"rendered":"<p>Nuestros consejos de maquillaje para realzar tus ojos seg\u00fan formas y colores<\/p>\n","protected":false},"author":188608,"featured_media":3220,"comment_status":"open","ping_status":"open","sticky":false,"template":"","format":"standard","meta":{"_acf_changed":false,"_exactmetrics_skip_tracking":false,"_exactmetrics_sitenote_active":false,"_exactmetrics_sitenote_note":"","_exactmetrics_sitenote_category":0,"footnotes":""},"categories":[1],"tags":[281],"class_list":["post-3213","post","type-post","status-publish","format-standard","has-post-thumbnail","hentry","category-uncategorized","tag-maquillaje"],"acf":[],"yoast_head":"<!-- This site is optimized with the Yoast SEO plugin v24.7 - https:\/\/yoast.com\/wordpress\/plugins\/seo\/ -->\n<title>Act Beautiful - Consejos de maquillaje: qu\u00e9 hacer en la mirada - Yves Rocher<\/title>\n<meta name=\"description\" content=\"Nuestros consejos de maquillaje para realzar tus ojos seg\u00fan formas y colores\" \/>\n<meta name=\"robots\" content=\"index, follow, max-snippet:-1, max-image-preview:large, max-video-preview:-1\" \/>\n<link rel=\"canonical\" href=\"https:\/\/abspace.yves-rocher.com\/es\/es\/que-hacer-en-la-mirada\/\" \/>\n<meta property=\"og:locale\" content=\"es_ES\" \/>\n<meta property=\"og:type\" content=\"article\" \/>\n<meta property=\"og:title\" content=\"Act Beautiful - Consejos de maquillaje: qu\u00e9 hacer en la mirada - Yves Rocher\" \/>\n<meta property=\"og:description\" content=\"Nuestros consejos de maquillaje para realzar tus ojos seg\u00fan formas y colores\" \/>\n<meta property=\"og:url\" content=\"https:\/\/abspace.yves-rocher.com\/es\/es\/que-hacer-en-la-mirada\/\" \/>\n<meta property=\"og:site_name\" content=\"Spain YR AB\" \/>\n<meta property=\"article:published_time\" content=\"2018-10-10T14:30:27+00:00\" \/>\n<meta property=\"article:modified_time\" content=\"2021-10-14T10:11:21+00:00\" \/>\n<meta property=\"og:image\" content=\"https:\/\/abspace.yves-rocher.com\/es\/wp-content\/uploads\/sites\/11\/2018\/11\/1901_D_HP-AB-SPACE_Image2_750x776.jpg\" \/>\n\t<meta property=\"og:image:width\" content=\"750\" \/>\n\t<meta property=\"og:image:height\" content=\"776\" \/>\n\t<meta property=\"og:image:type\" content=\"image\/jpeg\" \/>\n<meta name=\"author\" content=\"nolwenndrevet\" \/>\n<meta name=\"twitter:card\" content=\"summary_large_image\" \/>\n<meta name=\"twitter:label1\" content=\"Written by\" \/>\n\t<meta name=\"twitter:data1\" content=\"nolwenndrevet\" \/>\n\t<meta name=\"twitter:label2\" content=\"Est. reading time\" \/>\n\t<meta name=\"twitter:data2\" content=\"5 minutes\" \/>\n<script type=\"application\/ld+json\" class=\"yoast-schema-graph\">{\"@context\":\"https:\/\/schema.org\",\"@graph\":[{\"@type\":\"WebPage\",\"@id\":\"https:\/\/abspace.yves-rocher.com\/es\/es\/que-hacer-en-la-mirada\/\",\"url\":\"https:\/\/abspace.yves-rocher.com\/es\/es\/que-hacer-en-la-mirada\/\",\"name\":\"Act Beautiful - Consejos de maquillaje: qu\u00e9 hacer en la mirada - Yves Rocher\",\"isPartOf\":{\"@id\":\"https:\/\/abspace.yves-rocher.com\/es\/#website\"},\"primaryImageOfPage\":{\"@id\":\"https:\/\/abspace.yves-rocher.com\/es\/es\/que-hacer-en-la-mirada\/#primaryimage\"},\"image\":{\"@id\":\"https:\/\/abspace.yves-rocher.com\/es\/es\/que-hacer-en-la-mirada\/#primaryimage\"},\"thumbnailUrl\":\"https:\/\/abspace.yves-rocher.com\/es\/wp-content\/uploads\/sites\/11\/2018\/11\/1901_D_HP-AB-SPACE_Image2_750x776.jpg\",\"datePublished\":\"2018-10-10T14:30:27+00:00\",\"dateModified\":\"2021-10-14T10:11:21+00:00\",\"author\":{\"@id\":\"https:\/\/abspace.yves-rocher.com\/es\/#\/schema\/person\/8e1970aa5ef24a5ec6bdf6d14f304b4e\"},\"description\":\"Nuestros consejos de maquillaje para realzar tus ojos seg\u00fan formas y colores\",\"breadcrumb\":{\"@id\":\"https:\/\/abspace.yves-rocher.com\/es\/es\/que-hacer-en-la-mirada\/#breadcrumb\"},\"inLanguage\":\"es-ES\",\"potentialAction\":[{\"@type\":\"ReadAction\",\"target\":[\"https:\/\/abspace.yves-rocher.com\/es\/es\/que-hacer-en-la-mirada\/\"]}]},{\"@type\":\"ImageObject\",\"inLanguage\":\"es-ES\",\"@id\":\"https:\/\/abspace.yves-rocher.com\/es\/es\/que-hacer-en-la-mirada\/#primaryimage\",\"url\":\"https:\/\/abspace.yves-rocher.com\/es\/wp-content\/uploads\/sites\/11\/2018\/11\/1901_D_HP-AB-SPACE_Image2_750x776.jpg\",\"contentUrl\":\"https:\/\/abspace.yves-rocher.com\/es\/wp-content\/uploads\/sites\/11\/2018\/11\/1901_D_HP-AB-SPACE_Image2_750x776.jpg\",\"width\":750,\"height\":776},{\"@type\":\"BreadcrumbList\",\"@id\":\"https:\/\/abspace.yves-rocher.com\/es\/es\/que-hacer-en-la-mirada\/#breadcrumb\",\"itemListElement\":[{\"@type\":\"ListItem\",\"position\":1,\"name\":\"Home\",\"item\":\"https:\/\/abspace.yves-rocher.com\/es\/es\/\"},{\"@type\":\"ListItem\",\"position\":2,\"name\":\"Consejos de maquillaje: qu\u00e9 hacer en la mirada\"}]},{\"@type\":\"WebSite\",\"@id\":\"https:\/\/abspace.yves-rocher.com\/es\/#website\",\"url\":\"https:\/\/abspace.yves-rocher.com\/es\/\",\"name\":\"Spain YR AB\",\"description\":\"Spain YR AB\",\"potentialAction\":[{\"@type\":\"SearchAction\",\"target\":{\"@type\":\"EntryPoint\",\"urlTemplate\":\"https:\/\/abspace.yves-rocher.com\/es\/?s={search_term_string}\"},\"query-input\":{\"@type\":\"PropertyValueSpecification\",\"valueRequired\":true,\"valueName\":\"search_term_string\"}}],\"inLanguage\":\"es-ES\"},{\"@type\":\"Person\",\"@id\":\"https:\/\/abspace.yves-rocher.com\/es\/#\/schema\/person\/8e1970aa5ef24a5ec6bdf6d14f304b4e\",\"name\":\"nolwenndrevet\",\"image\":{\"@type\":\"ImageObject\",\"inLanguage\":\"es-ES\",\"@id\":\"https:\/\/abspace.yves-rocher.com\/es\/#\/schema\/person\/image\/\",\"url\":\"https:\/\/secure.gravatar.com\/avatar\/9f52e1a836597aebf5a6bf0f10d4aca5?s=96&d=mm&r=g\",\"contentUrl\":\"https:\/\/secure.gravatar.com\/avatar\/9f52e1a836597aebf5a6bf0f10d4aca5?s=96&d=mm&r=g\",\"caption\":\"nolwenndrevet\"},\"url\":\"https:\/\/abspace.yves-rocher.com\/es\/es\/author\/nolwenndrevet\/\"}]}<\/script>\n<!-- \/ Yoast SEO plugin. -->","yoast_head_json":{"title":"Act Beautiful - Consejos de maquillaje: qu\u00e9 hacer en la mirada - Yves Rocher","description":"Nuestros consejos de maquillaje para realzar tus ojos seg\u00fan formas y colores","robots":{"index":"index","follow":"follow","max-snippet":"max-snippet:-1","max-image-preview":"max-image-preview:large","max-video-preview":"max-video-preview:-1"},"canonical":"https:\/\/abspace.yves-rocher.com\/es\/es\/que-hacer-en-la-mirada\/","og_locale":"es_ES","og_type":"article","og_title":"Act Beautiful - Consejos de maquillaje: qu\u00e9 hacer en la mirada - Yves Rocher","og_description":"Nuestros consejos de maquillaje para realzar tus ojos seg\u00fan formas y colores","og_url":"https:\/\/abspace.yves-rocher.com\/es\/es\/que-hacer-en-la-mirada\/","og_site_name":"Spain YR AB","article_published_time":"2018-10-10T14:30:27+00:00","article_modified_time":"2021-10-14T10:11:21+00:00","og_image":[{"width":750,"height":776,"url":"https:\/\/abspace.yves-rocher.com\/es\/wp-content\/uploads\/sites\/11\/2018\/11\/1901_D_HP-AB-SPACE_Image2_750x776.jpg","type":"image\/jpeg"}],"author":"nolwenndrevet","twitter_card":"summary_large_image","twitter_misc":{"Written by":"nolwenndrevet","Est. reading time":"5 minutes"},"schema":{"@context":"https:\/\/schema.org","@graph":[{"@type":"WebPage","@id":"https:\/\/abspace.yves-rocher.com\/es\/es\/que-hacer-en-la-mirada\/","url":"https:\/\/abspace.yves-rocher.com\/es\/es\/que-hacer-en-la-mirada\/","name":"Act Beautiful - Consejos de maquillaje: qu\u00e9 hacer en la mirada - Yves Rocher","isPartOf":{"@id":"https:\/\/abspace.yves-rocher.com\/es\/#website"},"primaryImageOfPage":{"@id":"https:\/\/abspace.yves-rocher.com\/es\/es\/que-hacer-en-la-mirada\/#primaryimage"},"image":{"@id":"https:\/\/abspace.yves-rocher.com\/es\/es\/que-hacer-en-la-mirada\/#primaryimage"},"thumbnailUrl":"https:\/\/abspace.yves-rocher.com\/es\/wp-content\/uploads\/sites\/11\/2018\/11\/1901_D_HP-AB-SPACE_Image2_750x776.jpg","datePublished":"2018-10-10T14:30:27+00:00","dateModified":"2021-10-14T10:11:21+00:00","author":{"@id":"https:\/\/abspace.yves-rocher.com\/es\/#\/schema\/person\/8e1970aa5ef24a5ec6bdf6d14f304b4e"},"description":"Nuestros consejos de maquillaje para realzar tus ojos seg\u00fan formas y colores","breadcrumb":{"@id":"https:\/\/abspace.yves-rocher.com\/es\/es\/que-hacer-en-la-mirada\/#breadcrumb"},"inLanguage":"es-ES","potentialAction":[{"@type":"ReadAction","target":["https:\/\/abspace.yves-rocher.com\/es\/es\/que-hacer-en-la-mirada\/"]}]},{"@type":"ImageObject","inLanguage":"es-ES","@id":"https:\/\/abspace.yves-rocher.com\/es\/es\/que-hacer-en-la-mirada\/#primaryimage","url":"https:\/\/abspace.yves-rocher.com\/es\/wp-content\/uploads\/sites\/11\/2018\/11\/1901_D_HP-AB-SPACE_Image2_750x776.jpg","contentUrl":"https:\/\/abspace.yves-rocher.com\/es\/wp-content\/uploads\/sites\/11\/2018\/11\/1901_D_HP-AB-SPACE_Image2_750x776.jpg","width":750,"height":776},{"@type":"BreadcrumbList","@id":"https:\/\/abspace.yves-rocher.com\/es\/es\/que-hacer-en-la-mirada\/#breadcrumb","itemListElement":[{"@type":"ListItem","position":1,"name":"Home","item":"https:\/\/abspace.yves-rocher.com\/es\/es\/"},{"@type":"ListItem","position":2,"name":"Consejos de maquillaje: qu\u00e9 hacer en la mirada"}]},{"@type":"WebSite","@id":"https:\/\/abspace.yves-rocher.com\/es\/#website","url":"https:\/\/abspace.yves-rocher.com\/es\/","name":"Spain YR AB","description":"Spain YR AB","potentialAction":[{"@type":"SearchAction","target":{"@type":"EntryPoint","urlTemplate":"https:\/\/abspace.yves-rocher.com\/es\/?s={search_term_string}"},"query-input":{"@type":"PropertyValueSpecification","valueRequired":true,"valueName":"search_term_string"}}],"inLanguage":"es-ES"},{"@type":"Person","@id":"https:\/\/abspace.yves-rocher.com\/es\/#\/schema\/person\/8e1970aa5ef24a5ec6bdf6d14f304b4e","name":"nolwenndrevet","image":{"@type":"ImageObject","inLanguage":"es-ES","@id":"https:\/\/abspace.yves-rocher.com\/es\/#\/schema\/person\/image\/","url":"https:\/\/secure.gravatar.com\/avatar\/9f52e1a836597aebf5a6bf0f10d4aca5?s=96&d=mm&r=g","contentUrl":"https:\/\/secure.gravatar.com\/avatar\/9f52e1a836597aebf5a6bf0f10d4aca5?s=96&d=mm&r=g","caption":"nolwenndrevet"},"url":"https:\/\/abspace.yves-rocher.com\/es\/es\/author\/nolwenndrevet\/"}]}},"_links":{"self":[{"href":"https:\/\/abspace.yves-rocher.com\/es\/ws\/wp\/v2\/posts\/3213","targetHints":{"allow":["GET"]}}],"collection":[{"href":"https:\/\/abspace.yves-rocher.com\/es\/ws\/wp\/v2\/posts"}],"about":[{"href":"https:\/\/abspace.yves-rocher.com\/es\/ws\/wp\/v2\/types\/post"}],"author":[{"embeddable":true,"href":"https:\/\/abspace.yves-rocher.com\/es\/ws\/wp\/v2\/users\/188608"}],"replies":[{"embeddable":true,"href":"https:\/\/abspace.yves-rocher.com\/es\/ws\/wp\/v2\/comments?post=3213"}],"version-history":[{"count":6,"href":"https:\/\/abspace.yves-rocher.com\/es\/ws\/wp\/v2\/posts\/3213\/revisions"}],"predecessor-version":[{"id":6648,"href":"https:\/\/abspace.yves-rocher.com\/es\/ws\/wp\/v2\/posts\/3213\/revisions\/6648"}],"wp:featuredmedia":[{"embeddable":true,"href":"https:\/\/abspace.yves-rocher.com\/es\/ws\/wp\/v2\/media\/3220"}],"wp:attachment":[{"href":"https:\/\/abspace.yves-rocher.com\/es\/ws\/wp\/v2\/media?parent=3213"}],"wp:term":[{"taxonomy":"category","embeddable":true,"href":"https:\/\/abspace.yves-rocher.com\/es\/ws\/wp\/v2\/categories?post=3213"},{"taxonomy":"post_tag","embeddable":true,"href":"https:\/\/abspace.yves-rocher.com\/es\/ws\/wp\/v2\/tags?post=3213"}],"curies":[{"name":"wp","href":"https:\/\/api.w.org\/{rel}","templated":true}]}}