{"id":3455,"date":"2018-12-02T12:56:35","date_gmt":"2018-12-02T12:56:35","guid":{"rendered":"http:\/\/abspace.yves-rocher.com\/es\/?p=3455"},"modified":"2021-10-14T11:02:29","modified_gmt":"2021-10-14T10:02:29","slug":"una-belleza-autentica-humana-y-responsable","status":"publish","type":"post","link":"https:\/\/abspace.yves-rocher.com\/es\/es\/una-belleza-autentica-humana-y-responsable\/","title":{"rendered":"Una belleza aut\u00e9ntica, humana y responsable"},"content":{"rendered":"<div id=\"pl-3455\"  class=\"panel-layout\" ><div id=\"pg-3455-0\"  class=\"panel-grid panel-no-style\" ><div id=\"pgc-3455-0-0\"  class=\"panel-grid-cell\" >            <div class=\"textWidget header-description \">\r\n                <p>60 a\u00f1os de belleza comprometida. Esto hay que celebrarlo, \u00bfno? En Yves Rocher celebramos por las mujeres y por la belleza. Descubre o redescubre los valores emblem\u00e1ticos de nuestra marca.<\/p>\r\n            <\/div>\r\n    <\/div><\/div><div id=\"pg-3455-1\"  class=\"panel-grid panel-no-style\" ><div id=\"pgc-3455-1-0\"  class=\"panel-grid-cell\" ><div id=\"panel-3455-1-0-0\" class=\"so-panel widget widget_siteorigin-panels-embedded-video panel-first-child panel-last-child\" data-index=\"1\" ><div class=\"siteorigin-fitvids\"><iframe loading=\"lazy\" title=\"\u00a1Descubre nuestra historia! 60 a\u00f1os de belleza y compromiso\" width=\"500\" height=\"281\" src=\"https:\/\/www.youtube.com\/embed\/PwlR3doLy7s?feature=oembed\" frameborder=\"0\" allow=\"accelerometer; autoplay; clipboard-write; encrypted-media; gyroscope; picture-in-picture; web-share\" referrerpolicy=\"strict-origin-when-cross-origin\" allowfullscreen><\/iframe><\/div><\/div><\/div><\/div><div id=\"pg-3455-2\"  class=\"panel-grid panel-no-style\" ><div id=\"pgc-3455-2-0\"  class=\"panel-grid-cell\" ><div id=\"panel-3455-2-0-0\" class=\"so-panel widget widget_sow-editor panel-first-child panel-last-child\" data-index=\"2\" ><div\n\t\t\t\n\t\t\tclass=\"so-widget-sow-editor so-widget-sow-editor-base\"\n\t\t\t\n\t\t>\n<div class=\"siteorigin-widget-tinymce textwidget\">\n\t<p>Soy m\u00e1s que un tipo de piel.<\/p>\n<p>Mi belleza se define por mis decisiones y mis valores.<\/p>\n<p>No creo en las grandes promesas. Quiero productos de belleza eficaces, Inspiradores Y comprometidos. \u00a1Y s\u00ed! pueden ser veganos y dejarte sin palabras.<\/p>\n<p>Quiero acabar con mis arrugas pero con productos naturales que protejan mi piel el d\u00eda de ma\u00f1ana.<\/p>\n<p>Para m\u00ed la belleza tiene que ser aut\u00e9ntica.<\/p>\n<p>Estoy a favor de una belleza real que se define por nuestros actos.<\/p>\n<p>Una belleza natural, comprometida, cercana y generosa.<\/p>\n<p>Y evidentemente, soy imparable cuando llevo mi barra de labios. Apoyo a los que trabajan por un mundo mejor.<\/p>\n<p>Quiero ser m\u00e1s que bella, Quiero ser una bella persona.<\/p>\n<p>Act Beautiful<\/p>\n<p>\u00bfQuieres saber m\u00e1s de la marca Yves Rocher? \u00a1Descubre su historia, La Gacilly y sus productos emblem\u00e1ticos con m\u00e1s detalle aqu\u00ed!<\/p>\n<\/div>\n<\/div><\/div><\/div><\/div><\/div>","protected":false},"excerpt":{"rendered":"<p>Descubre o redescubre los valores emblem\u00e1ticos de nuestra marca. <\/p>\n","protected":false},"author":188608,"featured_media":3982,"comment_status":"open","ping_status":"open","sticky":false,"template":"","format":"standard","meta":{"_acf_changed":false,"_exactmetrics_skip_tracking":false,"_exactmetrics_sitenote_active":false,"_exactmetrics_sitenote_note":"","_exactmetrics_sitenote_category":0,"footnotes":""},"categories":[487,1],"tags":[753],"class_list":["post-3455","post","type-post","status-publish","format-standard","has-post-thumbnail","hentry","category-marzo-2019","category-uncategorized","tag-nuestrosvalorescomunes"],"acf":[],"yoast_head":"<!-- This site is optimized with the Yoast SEO plugin v24.7 - https:\/\/yoast.com\/wordpress\/plugins\/seo\/ -->\n<title>Act Beautiful - Una belleza aut\u00e9ntica, humana y responsable - Yves Rocher<\/title>\n<meta name=\"description\" content=\"Descubre o redescubre los valores emblem\u00e1ticos de nuestra marca.\" \/>\n<meta name=\"robots\" content=\"index, follow, max-snippet:-1, max-image-preview:large, max-video-preview:-1\" \/>\n<link rel=\"canonical\" href=\"https:\/\/abspace.yves-rocher.com\/es\/es\/una-belleza-autentica-humana-y-responsable\/\" \/>\n<meta property=\"og:locale\" content=\"es_ES\" \/>\n<meta property=\"og:type\" content=\"article\" \/>\n<meta property=\"og:title\" content=\"Act Beautiful - Una belleza aut\u00e9ntica, humana y responsable - Yves Rocher\" \/>\n<meta property=\"og:description\" content=\"Descubre o redescubre los valores emblem\u00e1ticos de nuestra marca.\" \/>\n<meta property=\"og:url\" content=\"https:\/\/abspace.yves-rocher.com\/es\/es\/una-belleza-autentica-humana-y-responsable\/\" \/>\n<meta property=\"og:site_name\" content=\"Spain YR AB\" \/>\n<meta property=\"article:published_time\" content=\"2018-12-02T12:56:35+00:00\" \/>\n<meta property=\"article:modified_time\" content=\"2021-10-14T10:02:29+00:00\" \/>\n<meta property=\"og:image\" content=\"https:\/\/abspace.yves-rocher.com\/es\/wp-content\/uploads\/sites\/11\/2018\/12\/para-esapcio-ab-portada-.jpg\" \/>\n\t<meta property=\"og:image:width\" content=\"750\" \/>\n\t<meta property=\"og:image:height\" content=\"776\" \/>\n\t<meta property=\"og:image:type\" content=\"image\/jpeg\" \/>\n<meta name=\"author\" content=\"nolwenndrevet\" \/>\n<meta name=\"twitter:card\" content=\"summary_large_image\" \/>\n<meta name=\"twitter:label1\" content=\"Written by\" \/>\n\t<meta name=\"twitter:data1\" content=\"nolwenndrevet\" \/>\n<script type=\"application\/ld+json\" class=\"yoast-schema-graph\">{\"@context\":\"https:\/\/schema.org\",\"@graph\":[{\"@type\":\"WebPage\",\"@id\":\"https:\/\/abspace.yves-rocher.com\/es\/es\/una-belleza-autentica-humana-y-responsable\/\",\"url\":\"https:\/\/abspace.yves-rocher.com\/es\/es\/una-belleza-autentica-humana-y-responsable\/\",\"name\":\"Act Beautiful - Una belleza aut\u00e9ntica, humana y responsable - Yves Rocher\",\"isPartOf\":{\"@id\":\"https:\/\/abspace.yves-rocher.com\/es\/#website\"},\"primaryImageOfPage\":{\"@id\":\"https:\/\/abspace.yves-rocher.com\/es\/es\/una-belleza-autentica-humana-y-responsable\/#primaryimage\"},\"image\":{\"@id\":\"https:\/\/abspace.yves-rocher.com\/es\/es\/una-belleza-autentica-humana-y-responsable\/#primaryimage\"},\"thumbnailUrl\":\"https:\/\/abspace.yves-rocher.com\/es\/wp-content\/uploads\/sites\/11\/2018\/12\/para-esapcio-ab-portada-.jpg\",\"datePublished\":\"2018-12-02T12:56:35+00:00\",\"dateModified\":\"2021-10-14T10:02:29+00:00\",\"author\":{\"@id\":\"https:\/\/abspace.yves-rocher.com\/es\/#\/schema\/person\/8e1970aa5ef24a5ec6bdf6d14f304b4e\"},\"description\":\"Descubre o redescubre los valores emblem\u00e1ticos de nuestra marca.\",\"breadcrumb\":{\"@id\":\"https:\/\/abspace.yves-rocher.com\/es\/es\/una-belleza-autentica-humana-y-responsable\/#breadcrumb\"},\"inLanguage\":\"es-ES\",\"potentialAction\":[{\"@type\":\"ReadAction\",\"target\":[\"https:\/\/abspace.yves-rocher.com\/es\/es\/una-belleza-autentica-humana-y-responsable\/\"]}]},{\"@type\":\"ImageObject\",\"inLanguage\":\"es-ES\",\"@id\":\"https:\/\/abspace.yves-rocher.com\/es\/es\/una-belleza-autentica-humana-y-responsable\/#primaryimage\",\"url\":\"https:\/\/abspace.yves-rocher.com\/es\/wp-content\/uploads\/sites\/11\/2018\/12\/para-esapcio-ab-portada-.jpg\",\"contentUrl\":\"https:\/\/abspace.yves-rocher.com\/es\/wp-content\/uploads\/sites\/11\/2018\/12\/para-esapcio-ab-portada-.jpg\",\"width\":750,\"height\":776},{\"@type\":\"BreadcrumbList\",\"@id\":\"https:\/\/abspace.yves-rocher.com\/es\/es\/una-belleza-autentica-humana-y-responsable\/#breadcrumb\",\"itemListElement\":[{\"@type\":\"ListItem\",\"position\":1,\"name\":\"Home\",\"item\":\"https:\/\/abspace.yves-rocher.com\/es\/es\/\"},{\"@type\":\"ListItem\",\"position\":2,\"name\":\"Una belleza aut\u00e9ntica, humana y responsable\"}]},{\"@type\":\"WebSite\",\"@id\":\"https:\/\/abspace.yves-rocher.com\/es\/#website\",\"url\":\"https:\/\/abspace.yves-rocher.com\/es\/\",\"name\":\"Spain YR AB\",\"description\":\"Spain YR AB\",\"potentialAction\":[{\"@type\":\"SearchAction\",\"target\":{\"@type\":\"EntryPoint\",\"urlTemplate\":\"https:\/\/abspace.yves-rocher.com\/es\/?s={search_term_string}\"},\"query-input\":{\"@type\":\"PropertyValueSpecification\",\"valueRequired\":true,\"valueName\":\"search_term_string\"}}],\"inLanguage\":\"es-ES\"},{\"@type\":\"Person\",\"@id\":\"https:\/\/abspace.yves-rocher.com\/es\/#\/schema\/person\/8e1970aa5ef24a5ec6bdf6d14f304b4e\",\"name\":\"nolwenndrevet\",\"image\":{\"@type\":\"ImageObject\",\"inLanguage\":\"es-ES\",\"@id\":\"https:\/\/abspace.yves-rocher.com\/es\/#\/schema\/person\/image\/\",\"url\":\"https:\/\/secure.gravatar.com\/avatar\/9f52e1a836597aebf5a6bf0f10d4aca5?s=96&d=mm&r=g\",\"contentUrl\":\"https:\/\/secure.gravatar.com\/avatar\/9f52e1a836597aebf5a6bf0f10d4aca5?s=96&d=mm&r=g\",\"caption\":\"nolwenndrevet\"},\"url\":\"https:\/\/abspace.yves-rocher.com\/es\/es\/author\/nolwenndrevet\/\"}]}<\/script>\n<!-- \/ Yoast SEO plugin. -->","yoast_head_json":{"title":"Act Beautiful - Una belleza aut\u00e9ntica, humana y responsable - Yves Rocher","description":"Descubre o redescubre los valores emblem\u00e1ticos de nuestra marca.","robots":{"index":"index","follow":"follow","max-snippet":"max-snippet:-1","max-image-preview":"max-image-preview:large","max-video-preview":"max-video-preview:-1"},"canonical":"https:\/\/abspace.yves-rocher.com\/es\/es\/una-belleza-autentica-humana-y-responsable\/","og_locale":"es_ES","og_type":"article","og_title":"Act Beautiful - Una belleza aut\u00e9ntica, humana y responsable - Yves Rocher","og_description":"Descubre o redescubre los valores emblem\u00e1ticos de nuestra marca.","og_url":"https:\/\/abspace.yves-rocher.com\/es\/es\/una-belleza-autentica-humana-y-responsable\/","og_site_name":"Spain YR AB","article_published_time":"2018-12-02T12:56:35+00:00","article_modified_time":"2021-10-14T10:02:29+00:00","og_image":[{"width":750,"height":776,"url":"https:\/\/abspace.yves-rocher.com\/es\/wp-content\/uploads\/sites\/11\/2018\/12\/para-esapcio-ab-portada-.jpg","type":"image\/jpeg"}],"author":"nolwenndrevet","twitter_card":"summary_large_image","twitter_misc":{"Written by":"nolwenndrevet"},"schema":{"@context":"https:\/\/schema.org","@graph":[{"@type":"WebPage","@id":"https:\/\/abspace.yves-rocher.com\/es\/es\/una-belleza-autentica-humana-y-responsable\/","url":"https:\/\/abspace.yves-rocher.com\/es\/es\/una-belleza-autentica-humana-y-responsable\/","name":"Act Beautiful - Una belleza aut\u00e9ntica, humana y responsable - Yves Rocher","isPartOf":{"@id":"https:\/\/abspace.yves-rocher.com\/es\/#website"},"primaryImageOfPage":{"@id":"https:\/\/abspace.yves-rocher.com\/es\/es\/una-belleza-autentica-humana-y-responsable\/#primaryimage"},"image":{"@id":"https:\/\/abspace.yves-rocher.com\/es\/es\/una-belleza-autentica-humana-y-responsable\/#primaryimage"},"thumbnailUrl":"https:\/\/abspace.yves-rocher.com\/es\/wp-content\/uploads\/sites\/11\/2018\/12\/para-esapcio-ab-portada-.jpg","datePublished":"2018-12-02T12:56:35+00:00","dateModified":"2021-10-14T10:02:29+00:00","author":{"@id":"https:\/\/abspace.yves-rocher.com\/es\/#\/schema\/person\/8e1970aa5ef24a5ec6bdf6d14f304b4e"},"description":"Descubre o redescubre los valores emblem\u00e1ticos de nuestra marca.","breadcrumb":{"@id":"https:\/\/abspace.yves-rocher.com\/es\/es\/una-belleza-autentica-humana-y-responsable\/#breadcrumb"},"inLanguage":"es-ES","potentialAction":[{"@type":"ReadAction","target":["https:\/\/abspace.yves-rocher.com\/es\/es\/una-belleza-autentica-humana-y-responsable\/"]}]},{"@type":"ImageObject","inLanguage":"es-ES","@id":"https:\/\/abspace.yves-rocher.com\/es\/es\/una-belleza-autentica-humana-y-responsable\/#primaryimage","url":"https:\/\/abspace.yves-rocher.com\/es\/wp-content\/uploads\/sites\/11\/2018\/12\/para-esapcio-ab-portada-.jpg","contentUrl":"https:\/\/abspace.yves-rocher.com\/es\/wp-content\/uploads\/sites\/11\/2018\/12\/para-esapcio-ab-portada-.jpg","width":750,"height":776},{"@type":"BreadcrumbList","@id":"https:\/\/abspace.yves-rocher.com\/es\/es\/una-belleza-autentica-humana-y-responsable\/#breadcrumb","itemListElement":[{"@type":"ListItem","position":1,"name":"Home","item":"https:\/\/abspace.yves-rocher.com\/es\/es\/"},{"@type":"ListItem","position":2,"name":"Una belleza aut\u00e9ntica, humana y responsable"}]},{"@type":"WebSite","@id":"https:\/\/abspace.yves-rocher.com\/es\/#website","url":"https:\/\/abspace.yves-rocher.com\/es\/","name":"Spain YR AB","description":"Spain YR AB","potentialAction":[{"@type":"SearchAction","target":{"@type":"EntryPoint","urlTemplate":"https:\/\/abspace.yves-rocher.com\/es\/?s={search_term_string}"},"query-input":{"@type":"PropertyValueSpecification","valueRequired":true,"valueName":"search_term_string"}}],"inLanguage":"es-ES"},{"@type":"Person","@id":"https:\/\/abspace.yves-rocher.com\/es\/#\/schema\/person\/8e1970aa5ef24a5ec6bdf6d14f304b4e","name":"nolwenndrevet","image":{"@type":"ImageObject","inLanguage":"es-ES","@id":"https:\/\/abspace.yves-rocher.com\/es\/#\/schema\/person\/image\/","url":"https:\/\/secure.gravatar.com\/avatar\/9f52e1a836597aebf5a6bf0f10d4aca5?s=96&d=mm&r=g","contentUrl":"https:\/\/secure.gravatar.com\/avatar\/9f52e1a836597aebf5a6bf0f10d4aca5?s=96&d=mm&r=g","caption":"nolwenndrevet"},"url":"https:\/\/abspace.yves-rocher.com\/es\/es\/author\/nolwenndrevet\/"}]}},"_links":{"self":[{"href":"https:\/\/abspace.yves-rocher.com\/es\/ws\/wp\/v2\/posts\/3455","targetHints":{"allow":["GET"]}}],"collection":[{"href":"https:\/\/abspace.yves-rocher.com\/es\/ws\/wp\/v2\/posts"}],"about":[{"href":"https:\/\/abspace.yves-rocher.com\/es\/ws\/wp\/v2\/types\/post"}],"author":[{"embeddable":true,"href":"https:\/\/abspace.yves-rocher.com\/es\/ws\/wp\/v2\/users\/188608"}],"replies":[{"embeddable":true,"href":"https:\/\/abspace.yves-rocher.com\/es\/ws\/wp\/v2\/comments?post=3455"}],"version-history":[{"count":4,"href":"https:\/\/abspace.yves-rocher.com\/es\/ws\/wp\/v2\/posts\/3455\/revisions"}],"predecessor-version":[{"id":6635,"href":"https:\/\/abspace.yves-rocher.com\/es\/ws\/wp\/v2\/posts\/3455\/revisions\/6635"}],"wp:featuredmedia":[{"embeddable":true,"href":"https:\/\/abspace.yves-rocher.com\/es\/ws\/wp\/v2\/media\/3982"}],"wp:attachment":[{"href":"https:\/\/abspace.yves-rocher.com\/es\/ws\/wp\/v2\/media?parent=3455"}],"wp:term":[{"taxonomy":"category","embeddable":true,"href":"https:\/\/abspace.yves-rocher.com\/es\/ws\/wp\/v2\/categories?post=3455"},{"taxonomy":"post_tag","embeddable":true,"href":"https:\/\/abspace.yves-rocher.com\/es\/ws\/wp\/v2\/tags?post=3455"}],"curies":[{"name":"wp","href":"https:\/\/api.w.org\/{rel}","templated":true}]}}