{"id":4800,"date":"2019-07-26T14:03:51","date_gmt":"2019-07-26T13:03:51","guid":{"rendered":"http:\/\/abspace.yves-rocher.com\/es\/?p=4800"},"modified":"2021-10-14T10:49:34","modified_gmt":"2021-10-14T09:49:34","slug":"las-respuestas-todas-tus-preguntas-sobre-el-cabello","status":"publish","type":"post","link":"https:\/\/abspace.yves-rocher.com\/es\/es\/las-respuestas-todas-tus-preguntas-sobre-el-cabello\/","title":{"rendered":"Las respuestas a todas tus preguntas sobre el cabello"},"content":{"rendered":"<div id=\"pl-4800\"  class=\"panel-layout\" ><div id=\"pg-4800-0\"  class=\"panel-grid panel-no-style\" ><div id=\"pgc-4800-0-0\"  class=\"panel-grid-cell\" ><div class=\"layoutInterview2 panel-cell-style panel-cell-style-for-4800-0-0\" >            <div class=\"textWidget header-description header-description\">\r\n                <p>Frecuencia de lavado, c\u00f3mo cuidar el color, c\u00f3mo evitar las puntas abiertas\u2026 \u00a1Te revelamos todos los buenos h\u00e1bitos para cuidar tu cabello!\n<\/p>\r\n            <\/div>\r\n    <\/div><\/div><\/div><div id=\"pg-4800-1\"  class=\"panel-grid panel-no-style\" ><div id=\"pgc-4800-1-0\"  class=\"panel-grid-cell\" ><div class=\"layoutInterview2 panel-cell-style panel-cell-style-for-4800-1-0\" ><div id=\"panel-4800-1-0-0\" class=\"so-panel widget widget_sow-editor panel-first-child panel-last-child\" data-index=\"1\" ><div\n\t\t\t\n\t\t\tclass=\"so-widget-sow-editor so-widget-sow-editor-base\"\n\t\t\t\n\t\t>\n<div class=\"siteorigin-widget-tinymce textwidget\">\n\t<h2>1) <strong>\u00bfSon los productos 2 en 1 tan eficaces como dos productos independientes?<\/strong><\/h2>\n<p>Los productos <strong>2 en 1 ofrecen la ventaja de que nos ahorran tiempo, al combinar una acci\u00f3n limpiadora y acondicionadora<\/strong>. Estos productos son muy pr\u00e1cticos, por ejemplo, para aligerar nuestra bolsa de aseo, o cuando nuestro modo de vida se acelera y no tenemos tiempo suficiente.<\/p>\n<p>Para que su acci\u00f3n sea lo m\u00e1s eficaz posible, es aconsejable optar preferiblemente por productos de acci\u00f3n espec\u00edfica. Por supuesto, las f\u00f3rmulas de los productos est\u00e1n adaptadas a su uso: el champ\u00fa posee una acci\u00f3n limpiadora \u00f3ptima y r\u00e1pida (sin tiempo de actuaci\u00f3n), mientras que el acondicionador y la mascarilla, m\u00e1s nutritivos, necesitan un tiempo de actuaci\u00f3n para garantizar una eficacia \u00f3ptima.<\/p>\n<p><strong>La respuesta:<\/strong> Como sucede con la piel, existen varios tipos de cabello. Para mantener el cabello bonito y radiante, el consejo es sencillo: dedicar un tiempo al cuidado personal y utilizar un cuidado adaptado. Para obtener un resultado \u00f3ptimo, conviene optar por productos independientes, de manera que cada f\u00f3rmula aporte una acci\u00f3n m\u00e1xima para garantizar la belleza del cabello.<\/p>\n<\/div>\n<\/div><\/div><\/div><\/div><div id=\"pgc-4800-1-1\"  class=\"panel-grid-cell\" ><div class=\"layoutInterview2 panel-cell-style panel-cell-style-for-4800-1-1\" ><div id=\"panel-4800-1-1-0\" class=\"so-panel widget widget_sow-image panel-first-child panel-last-child\" data-index=\"2\" ><div\n\t\t\t\n\t\t\tclass=\"so-widget-sow-image so-widget-sow-image-default-8b5b6f678277-4800\"\n\t\t\t\n\t\t>\r\n\r\n\r\n<div class=\"sow-image-container\">\r\n    \r\n    <img loading=\"lazy\" decoding=\"async\" src=\"https:\/\/abspace.yves-rocher.com\/es\/wp-content\/uploads\/sites\/11\/2019\/04\/1907_faq-cheveux_image2_1100x652.jpg\" width=\"1100\" height=\"652\" srcset=\"\" title=\"rr\"          class=\"so-widget-image\" \/>\r\n\r\n    \r\n    \r\n    <\/div>\r\n\r\n<\/div><\/div><\/div><\/div><\/div><div id=\"pg-4800-2\"  class=\"panel-grid panel-no-style\" ><div id=\"pgc-4800-2-0\"  class=\"panel-grid-cell\" ><div class=\"layoutInterview2 panel-cell-style panel-cell-style-for-4800-2-0\" ><div id=\"panel-4800-2-0-0\" class=\"so-panel widget widget_sow-image panel-first-child panel-last-child\" data-index=\"3\" ><div\n\t\t\t\n\t\t\tclass=\"so-widget-sow-image so-widget-sow-image-default-8b5b6f678277-4800\"\n\t\t\t\n\t\t>\r\n\r\n\r\n<div class=\"sow-image-container\">\r\n    \r\n    <img loading=\"lazy\" decoding=\"async\" src=\"https:\/\/abspace.yves-rocher.com\/es\/wp-content\/uploads\/sites\/11\/2019\/04\/1907_faq-cheveux_image3_1100x652-1.jpg\" width=\"1100\" height=\"652\" srcset=\"\" title=\"1907_faq-cheveux_image3_1100x652\"          class=\"so-widget-image\" \/>\r\n\r\n    \r\n    \r\n    <\/div>\r\n\r\n<\/div><\/div><\/div><\/div><div id=\"pgc-4800-2-1\"  class=\"panel-grid-cell\" ><div class=\"layoutInterview2 panel-cell-style panel-cell-style-for-4800-2-1\" ><div id=\"panel-4800-2-1-0\" class=\"so-panel widget widget_sow-editor panel-first-child panel-last-child\" data-index=\"4\" ><div\n\t\t\t\n\t\t\tclass=\"so-widget-sow-editor so-widget-sow-editor-base\"\n\t\t\t\n\t\t>\n<div class=\"siteorigin-widget-tinymce textwidget\">\n\t<h2>2) <strong>\u00bfEn qu\u00e9 se diferencian un acondicionador de una mascarilla?<\/strong><\/h2>\n<p>Si bien ambos son productos para el cuidado, el acondicionador y la mascarilla tienen funciones distintas. El acondicionador se utiliza para facilitar el desenredado de los cabellos, mientras que la mascarilla, m\u00e1s nutritiva (composici\u00f3n a base de aceites y mantecas vegetales), aporta una acci\u00f3n de cuidado m\u00e1s prolongada.<\/p>\n<p><strong>La respuesta:<\/strong> el acondicionador puede utilizarse despu\u00e9s de cada lavado habitual. La mascarilla, por su parte, al ser m\u00e1s nutritiva, se aplica de 1 a 2 veces por semana para no apelmazar la fibra capilar.<\/p>\n<\/div>\n<\/div><\/div><\/div><\/div><\/div><div id=\"pg-4800-3\"  class=\"panel-grid panel-no-style\" ><div id=\"pgc-4800-3-0\"  class=\"panel-grid-cell\" ><div class=\"layoutInterview2 panel-cell-style panel-cell-style-for-4800-3-0\" ><div id=\"panel-4800-3-0-0\" class=\"so-panel widget widget_sow-editor panel-first-child panel-last-child\" data-index=\"5\" ><div\n\t\t\t\n\t\t\tclass=\"so-widget-sow-editor so-widget-sow-editor-base\"\n\t\t\t\n\t\t>\n<div class=\"siteorigin-widget-tinymce textwidget\">\n\t<h2>3) <strong>\u00bfC\u00f3mo cuidar el color natural o un cabello te\u00f1ido o decolorado?<\/strong><\/h2>\n<p>El agua es un <strong>gran aliado<\/strong> para limpiar las fibras capilares de impurezas, pero es uno de los principales factores que da\u00f1an el color. Con los lavados, este va cambiando y se vuelve m\u00e1s tenue. En el caso de la coloraci\u00f3n permanente, la fibra capilar se ha modificado qu\u00edmicamente, y el cabello est\u00e1 m\u00e1s poroso y fr\u00e1gil. Por lo tanto, lo primero que necesita es un champ\u00fa suave que no suponga una agresi\u00f3n para la fibra capilar. Para responder a las necesidades de los cabellos fr\u00e1giles, hemos elaborado champ\u00fas m\u00e1s suaves, sin sulfatos. Para fortalecer el cabello y proteger el color, se recomienda terminar utilizando un cuidado adaptado a las necesidades de los cabellos te\u00f1idos.<\/p>\n<p><strong>La respuesta:<\/strong> Antes que nada, si tu tipo de cabello no lo necesita, conviene evitar lavar el cabello con demasiada frecuencia, ya que esto aten\u00faa el color. Utiliza champ\u00fas suaves y dispensa el cuidado adecuado al cabello para fortalecer la fibra capilar. Tambi\u00e9n se aconseja el uso de productos de cuidado de origen natural: estos productos dejan una pel\u00edcula protectora que evita el arrastre del color.<\/p>\n<\/div>\n<\/div><\/div><\/div><\/div><div id=\"pgc-4800-3-1\"  class=\"panel-grid-cell\" ><div class=\"layoutInterview2 panel-cell-style panel-cell-style-for-4800-3-1\" ><div id=\"panel-4800-3-1-0\" class=\"so-panel widget widget_sow-image panel-first-child panel-last-child\" data-index=\"6\" ><div\n\t\t\t\n\t\t\tclass=\"so-widget-sow-image so-widget-sow-image-default-8b5b6f678277-4800\"\n\t\t\t\n\t\t>\r\n\r\n\r\n<div class=\"sow-image-container\">\r\n    \r\n    <img loading=\"lazy\" decoding=\"async\" src=\"https:\/\/abspace.yves-rocher.com\/es\/wp-content\/uploads\/sites\/11\/2019\/04\/1907_faq-cheveux_image5_1100x652-1.jpg\" width=\"1100\" height=\"652\" srcset=\"\" title=\"1907_faq-cheveux_image5_1100x652\"          class=\"so-widget-image\" \/>\r\n\r\n    \r\n    \r\n    <\/div>\r\n\r\n<\/div><\/div><\/div><\/div><\/div><div id=\"pg-4800-4\"  class=\"panel-grid panel-no-style\" ><div id=\"pgc-4800-4-0\"  class=\"panel-grid-cell\" ><div class=\"layoutInterview2 panel-cell-style panel-cell-style-for-4800-4-0\" ><div id=\"panel-4800-4-0-0\" class=\"so-panel widget widget_sow-image panel-first-child panel-last-child\" data-index=\"7\" ><div class=\"panel-widget-style panel-widget-style-for-4800-4-0-0\" ><div\n\t\t\t\n\t\t\tclass=\"so-widget-sow-image so-widget-sow-image-default-8b5b6f678277-4800\"\n\t\t\t\n\t\t>\r\n\r\n\r\n<div class=\"sow-image-container\">\r\n    \r\n    <img loading=\"lazy\" decoding=\"async\" src=\"https:\/\/abspace.yves-rocher.com\/es\/wp-content\/uploads\/sites\/11\/2019\/04\/1907_faq-cheveux_image3_1100x652-2.jpg\" width=\"1100\" height=\"652\" srcset=\"\" title=\"1907_faq-cheveux_image3_1100x652\"          class=\"so-widget-image\" \/>\r\n\r\n    \r\n    \r\n    <\/div>\r\n\r\n<\/div><\/div><\/div><\/div><\/div><div id=\"pgc-4800-4-1\"  class=\"panel-grid-cell\" ><div class=\"layoutInterview2 panel-cell-style panel-cell-style-for-4800-4-1\" ><div id=\"panel-4800-4-1-0\" class=\"so-panel widget widget_sow-editor panel-first-child panel-last-child\" data-index=\"8\" ><div\n\t\t\t\n\t\t\tclass=\"so-widget-sow-editor so-widget-sow-editor-base\"\n\t\t\t\n\t\t>\n<div class=\"siteorigin-widget-tinymce textwidget\">\n\t<h2><strong>\u00bfCu\u00e1ndo debo cambiar de champ\u00fa?<\/strong><\/h2>\n<p>Lo m\u00e1s importante es elegir un champ\u00fa que se adapte al tipo de cabello: da\u00f1ado, fino, grueso, liso, encrespado, graso, seco\u2026 Si tu cabello es m\u00e1s bien:<\/p>\n<p>- <strong>Natural (sin coloraci\u00f3n):<\/strong> utiliza un champ\u00fa que te permita mantener una buena forma o que mejore el aspecto de tu cabello.<br \/>- <strong>En un entorno urbano:<\/strong> opta por una gama anti-poluci\u00f3n con efecto escudo.<br \/>-<strong> Fino y sin volumen: <\/strong>evita los productos demasiado ricos que puedan apelmazar el cabello y aportarle un efecto graso.<br \/>-<strong> Seco y da\u00f1ado: <\/strong>conc\u00e9ntrate en los champ\u00fas nutritivos y reparadores.<br \/>- <strong>Apagado, pero no da\u00f1ado:<\/strong> apuesta por los champ\u00fas que realcen el brillo o combatan la poluci\u00f3n.<\/p>\n<p>La necesidad de cambiar de champ\u00fa podr\u00eda verse motivada por diversos factores: por ejemplo, el cambio de estaci\u00f3n o los cambios hormonales pueden alterar la producci\u00f3n de sebo del cuero cabelludo. La poluci\u00f3n es un factor externo que tiene el efecto de apagar el cabello.<\/p>\n<p><strong>La respuesta:<\/strong> Cambia de champ\u00fa cuando notes que tu cabello ha perdido brillo o est\u00e1 apelmazado.<\/p>\n<p>\u00a0<\/p>\n<\/div>\n<\/div><\/div><\/div><\/div><\/div><div id=\"pg-4800-5\"  class=\"panel-grid panel-no-style\" ><div id=\"pgc-4800-5-0\"  class=\"panel-grid-cell\" ><div class=\"layoutInterview2 panel-cell-style panel-cell-style-for-4800-5-0\" ><div id=\"panel-4800-5-0-0\" class=\"so-panel widget widget_sow-editor panel-first-child panel-last-child\" data-index=\"9\" ><div\n\t\t\t\n\t\t\tclass=\"so-widget-sow-editor so-widget-sow-editor-base\"\n\t\t\t\n\t\t>\n<div class=\"siteorigin-widget-tinymce textwidget\">\n\t<h2>5) <strong>\u00bfCu\u00e1ntas veces a la semana conviene lavarse el pelo?<\/strong><\/h2>\n<p>La <strong>frecuencia de lavado<\/strong> depende, en parte, del tipo de cabello. Por ejemplo, los cabellos finos tienen la capacidad de distribuir mejor el sebo por el cabello y, por tanto, tienden a tener un aspecto graso con m\u00e1s rapidez. Si tu cabello es m\u00e1s bien encrespado y grueso, el sebo se distribuir\u00e1 con mayor dificultad. Tendr\u00e1 tendencia a acumularse en el cuero cabelludo. En estos casos, los cabellos largos estar\u00e1n m\u00e1s secos a la altura de las puntas.<\/p>\n<p>Por \u00faltimo, cuanto m\u00e1s lavamos el cabello, m\u00e1s da\u00f1amos la pel\u00edcula lip\u00eddica que est\u00e1 presente en la superficie de la fibra. Esto genera un aspecto de cabello seco. Por lo tanto, si lavamos el cabello a diario, lo recomendable ser\u00eda utilizar un champ\u00fa suave.<\/p>\n<p>La respuesta: La primera regla es, por lo tanto, usar productos adaptados a tu tipo de cabello. Adem\u00e1s, debes seguir tu instinto y elegir un champ\u00fa que te permita espaciar al m\u00e1ximo los lavados.<\/p>\n<h2>6) <strong>\u00bfPuedo salir con el cabello mojado?<\/strong><\/h2>\n<p>Los cabellos sanos poseen, en la superficie, una pel\u00edcula lip\u00eddica bastante hidr\u00f3foba y escamas cerradas que corresponden a la capa de queratina m\u00e1s externa de la fibra capilar: la cut\u00edcula.<\/p>\n<p>Bajo el efecto del agua, estas escamas se abren y la fibra se infla, volvi\u00e9ndose porosa y m\u00e1s vulnerable a las agresiones externas. Por lo tanto, un cabello h\u00famedo queda m\u00e1s expuesto a las agresiones externas.<\/p>\n<p><strong>La respuesta:<\/strong> Es mejor evitar empezar el d\u00eda con el cabello h\u00famedo.<\/p>\n<\/div>\n<\/div><\/div><\/div><\/div><div id=\"pgc-4800-5-1\"  class=\"panel-grid-cell\" ><div class=\"layoutInterview2 panel-cell-style panel-cell-style-for-4800-5-1\" ><div id=\"panel-4800-5-1-0\" class=\"so-panel widget widget_sow-image panel-first-child panel-last-child\" data-index=\"10\" ><div\n\t\t\t\n\t\t\tclass=\"so-widget-sow-image so-widget-sow-image-default-8b5b6f678277-4800\"\n\t\t\t\n\t\t>\r\n\r\n\r\n<div class=\"sow-image-container\">\r\n    \r\n    <img loading=\"lazy\" decoding=\"async\" src=\"https:\/\/abspace.yves-rocher.com\/es\/wp-content\/uploads\/sites\/11\/2019\/04\/1907_faq-cheveux_image2_1100x1100.jpg\" width=\"1100\" height=\"1100\" srcset=\"\"          class=\"so-widget-image\" \/>\r\n\r\n    \r\n    \r\n    <\/div>\r\n\r\n<\/div><\/div><\/div><\/div><\/div><div id=\"pg-4800-6\"  class=\"panel-grid panel-no-style\" ><div id=\"pgc-4800-6-0\"  class=\"panel-grid-cell\" ><div class=\"layoutInterview2 panel-cell-style panel-cell-style-for-4800-6-0\" ><div id=\"panel-4800-6-0-0\" class=\"so-panel widget widget_sow-image panel-first-child panel-last-child\" data-index=\"11\" ><div\n\t\t\t\n\t\t\tclass=\"so-widget-sow-image so-widget-sow-image-default-8b5b6f678277-4800\"\n\t\t\t\n\t\t>\r\n\r\n\r\n<div class=\"sow-image-container\">\r\n    \r\n    <img loading=\"lazy\" decoding=\"async\" src=\"https:\/\/abspace.yves-rocher.com\/es\/wp-content\/uploads\/sites\/11\/2019\/04\/1907_faq-cheveux_image6_1100x652.jpg\" width=\"1100\" height=\"652\" srcset=\"\"          class=\"so-widget-image\" \/>\r\n\r\n    \r\n    \r\n    <\/div>\r\n\r\n<\/div><\/div><\/div><\/div><div id=\"pgc-4800-6-1\"  class=\"panel-grid-cell\" ><div class=\"layoutInterview2 panel-cell-style panel-cell-style-for-4800-6-1\" ><div id=\"panel-4800-6-1-0\" class=\"so-panel widget widget_sow-editor panel-first-child panel-last-child\" data-index=\"12\" ><div\n\t\t\t\n\t\t\tclass=\"so-widget-sow-editor so-widget-sow-editor-base\"\n\t\t\t\n\t\t>\n<div class=\"siteorigin-widget-tinymce textwidget\">\n\t<h2>7)\u00a0<strong>Hago deporte o voy a la piscina varias veces a la semana. \u00bfC\u00f3mo podr\u00eda proteger mi cabello?<\/strong><\/h2>\n<p>En primer lugar, el <strong>gorro de ba\u00f1o<\/strong> es el \u00fanico medio posible de limitar el contacto del cabello con el cloro del agua, una importante fuente de agresi\u00f3n para el cabello. En este caso, hablamos de un h\u00e1bito de lavado frecuente y, por lo tanto, ser\u00eda aconsejable optar por un <strong>champ\u00fa suave<\/strong> y evitar ducharse con agua demasiado caliente, que ablanda el <strong>cabello.<\/strong><\/p>\n<p>La respuesta: el gorro de ba\u00f1o es una buena soluci\u00f3n para limitar el efecto no deseado del cloro del agua en tus cabellos. Si practicas nataci\u00f3n, l\u00e1vate el pelo con un champ\u00fa suave al salir de la piscina.<\/p>\n<h2>\u00a0<\/h2>\n<\/div>\n<\/div><\/div><\/div><\/div><\/div><div id=\"pg-4800-7\"  class=\"panel-grid panel-no-style\" ><div id=\"pgc-4800-7-0\"  class=\"panel-grid-cell\" ><div id=\"panel-4800-7-0-0\" class=\"so-panel widget widget_sow-editor panel-first-child panel-last-child\" data-index=\"13\" ><div\n\t\t\t\n\t\t\tclass=\"so-widget-sow-editor so-widget-sow-editor-base\"\n\t\t\t\n\t\t>\n<div class=\"siteorigin-widget-tinymce textwidget\">\n\t<h2>8) <strong>\u00bfEn qu\u00e9 se diferencia el cuidado de los cabellos cortos y largos?<\/strong><\/h2>\n<p>Los cabellos largos, por naturaleza, sufren m\u00e1s da\u00f1os asociados con la rutina capilar, el lavado, el secado, la fricci\u00f3n, etc. Por lo tanto, es necesario protegerlos y aplicarles un cuidado desenredante para evitar que se rompan: cuidados reparadores en las puntas para fortalecerlas, restaurar la pel\u00edcula lip\u00eddica de la superficie y alisar las escamas de la fibra.<\/p>\n<p>Los cabellos cortos tambi\u00e9n requieren atenci\u00f3n. Les sentar\u00e1 bien que los laves con un champ\u00fa suave y que los protejas utilizando un acondicionador o una mascarilla 1 o 2 veces por semana.<\/p>\n<p><strong>La respuesta:<\/strong> Los cabellos largos necesitan, naturalmente, m\u00e1s cuidados que los cortos, ya que est\u00e1n m\u00e1s expuestos a las agresiones del d\u00eda a d\u00eda. En cualquier caso, aunque tengas el cabello corto, no debes descuidar tu rutina capilar. \u00a1Utiliza cuidados adaptados para hacer que luzcan radiantes!<\/p>\n<p>\u00a0<\/p>\n<\/div>\n<\/div><\/div><\/div><\/div><div id=\"pg-4800-8\"  class=\"panel-grid panel-no-style\" ><div id=\"pgc-4800-8-0\"  class=\"panel-grid-cell\" ><div id=\"panel-4800-8-0-0\" class=\"so-panel widget widget_sow-editor panel-first-child panel-last-child\" data-index=\"14\" ><div class=\"panel-widget-style panel-widget-style-for-4800-8-0-0\" ><div\n\t\t\t\n\t\t\tclass=\"so-widget-sow-editor so-widget-sow-editor-base\"\n\t\t\t\n\t\t>\n<div class=\"siteorigin-widget-tinymce textwidget\">\n\t<h2>9) <strong>\u00bfSirve de algo dormir con un pa\u00f1uelo?<\/strong><\/h2>\n<p>Por lo general, la fricci\u00f3n (de prendas de vestir y pa\u00f1uelos) debilita la fibra capilar por su acci\u00f3n mec\u00e1nica. Sin embargo, no todos los tipos de cabello reaccionan del mismo modo. Por ejemplo, si tienes un cabello seco y que se rompe con facilidad, te convendr\u00eda limitar el efecto de fricci\u00f3n en la fibra.<\/p>\n<p>Un pa\u00f1uelo de seda podr\u00eda ayudarte, ya que su tejido suave se enganchar\u00e1 menos con la fibra capilar y reducir\u00e1 el efecto de fricci\u00f3n con la almohada.<\/p>\n<p><strong>La respuesta:<\/strong> Si tu cabello se rompe con facilidad, un pa\u00f1uelo de seda podr\u00eda ser \u00fatil para evitar que este se da\u00f1e mientras duermes.<\/p>\n<\/div>\n<\/div><\/div><\/div><\/div><div id=\"pgc-4800-8-1\"  class=\"panel-grid-cell\" ><div id=\"panel-4800-8-1-0\" class=\"so-panel widget widget_sow-image panel-first-child panel-last-child\" data-index=\"15\" ><div\n\t\t\t\n\t\t\tclass=\"so-widget-sow-image so-widget-sow-image-default-8b5b6f678277-4800\"\n\t\t\t\n\t\t>\r\n\r\n\r\n<div class=\"sow-image-container\">\r\n    \r\n    <img loading=\"lazy\" decoding=\"async\" src=\"https:\/\/abspace.yves-rocher.com\/es\/wp-content\/uploads\/sites\/11\/2019\/04\/1907_faq-cheveux_image4_1100x652-1.jpg\" width=\"1100\" height=\"652\" srcset=\"\" title=\"1907_faq-cheveux_image4_1100x652\"          class=\"so-widget-image\" \/>\r\n\r\n    \r\n    \r\n    <\/div>\r\n\r\n<\/div><\/div><\/div><\/div><div id=\"pg-4800-9\"  class=\"panel-grid panel-no-style\" ><div id=\"pgc-4800-9-0\"  class=\"panel-grid-cell\" ><div id=\"panel-4800-9-0-0\" class=\"so-panel widget widget_sow-video panel-first-child panel-last-child\" data-index=\"16\" ><div\n\t\t\t\n\t\t\tclass=\"so-widget-sow-video so-widget-sow-video-default-f379b959fc93-4800\"\n\t\t\t\n\t\t>\n<div class=\"sow-video-wrapper\">\n\t\t\t<video\n\t\t\tid=\"sow-player-1\" class=\"sow-video-widget\" preload=\"auto\" style=\"width:100%;height:100%;\" autoplay playsinline muted=\"1\" controls \t\t>\n\t\t\t\t\t<\/video>\n\t<\/div>\n<\/div><\/div><\/div><div id=\"pgc-4800-9-1\"  class=\"panel-grid-cell\" ><div id=\"panel-4800-9-1-0\" class=\"so-panel widget widget_sow-editor panel-first-child panel-last-child\" data-index=\"17\" ><div class=\"panel-widget-style panel-widget-style-for-4800-9-1-0\" ><div\n\t\t\t\n\t\t\tclass=\"so-widget-sow-editor so-widget-sow-editor-base\"\n\t\t\t\n\t\t>\n<div class=\"siteorigin-widget-tinymce textwidget\">\n\t<h2>\u00a0<\/h2>\n<h2>10) <strong>El efecto de la cal en el cabello<\/strong><\/h2>\n<p>A menudo, el agua de la ciudad contiene cal, y la cal puede apagar el cabello. El uso de productos como los vinagres cosm\u00e9ticos en el agua de aclarado permite neutralizar el efecto de la cal.<\/p>\n<p>La respuesta: El vinagre de aclarado ayuda a los cabellos a neutralizar los dep\u00f3sitos de cal y les devuelve su brillo natural.<\/p>\n<h2>11) <strong>\u00bfC\u00f3mo puedo proteger mi cabello de las fuentes de calor?<\/strong><\/h2>\n<p>\u00a0<\/p>\n<p>El calor reiterado durante el secado (uso de secadores, plancha, etc.) es uno de los principales factores que debilitan la fibra.<\/p>\n<p>La temperatura elevada acelera la evaporaci\u00f3n del agua, lo que puede da\u00f1ar la fibra y volverla m\u00e1s porosa. El calor tambi\u00e9n da\u00f1a la estructura interna de la fibra y le hace perder resistencia. Para contrarrestar este efecto, te recomendamos tener a mano el S\u00e9rum Anti-rotura que, aplicado en el cabello antes del secador o plancha, evitar\u00e1 posibles da\u00f1os irreversibles.<\/p>\n<p>Respuesta: las fuentes de calor demasiado elevadas son nefastas para el cabello, sobre todo si la exposici\u00f3n es habitual. No dudes en utilizar un S\u00e9rum Anti-rotura para fortalecer y proteger tu cabello.<\/p>\n<\/div>\n<\/div><\/div><\/div><\/div><\/div><div id=\"pg-4800-10\"  class=\"panel-grid panel-no-style\" ><div id=\"pgc-4800-10-0\"  class=\"panel-grid-cell\" ><div id=\"panel-4800-10-0-0\" class=\"so-panel widget widget_sow-editor panel-first-child panel-last-child\" data-index=\"18\" ><div\n\t\t\t\n\t\t\tclass=\"so-widget-sow-editor so-widget-sow-editor-base\"\n\t\t\t\n\t\t>\n<div class=\"siteorigin-widget-tinymce textwidget\">\n\t<h2>12) <strong>\u00bfC\u00f3mo puedo proteger mi cabello de las fuentes de calor?<\/strong><\/h2>\n<p>El calor reiterado durante el secado (uso de secadores y otros aparatos calientes) es uno de los principales factores que <strong>debilitan la fibra.<\/strong><\/p>\n<p>La temperatura elevada acelera la evaporaci\u00f3n del agua, lo que puede da\u00f1ar la fibra y volverla m\u00e1s porosa. El calor tambi\u00e9n da\u00f1a la estructura interna de la fibra y le hace perder resistencia. Para contrarrestar este efecto, te recomendamos tener a mano un s\u00e9rum antirrotura que, aplicado en el cabello antes del uso de un aparato caliente, evitar\u00e1 da\u00f1os irreversibles en la fibra.<\/p>\n<p><strong>La respuesta:<\/strong> las fuentes de calor demasiado elevadas son nefastas para el cabello, sobre todo si la exposici\u00f3n es habitual. No dudes en utilizar un s\u00e9rum adaptado para fortalecer y proteger tu cabello.<\/p>\n<\/div>\n<\/div><\/div><\/div><div id=\"pgc-4800-10-1\"  class=\"panel-grid-cell\" >            <div class=\"webclipping-product-boxes-wrapper\" id=\"9f0dc1c3-c283-4d3e-886d-e8e191887df3\">\r\n                <div class=\"webclipping-product-boxes\"\r\n                    data-product-ids=\"R69541, \"\r\n                    data-product-style=\"Standard\"\r\n                    data-slick='{\"variableWidth\": true, \"slidesToShow\": 1,, \"respondTo\": \"min\"}'\r\n                     >\r\n                <\/div>\r\n            <\/div>\r\n\r\n\r\n        <\/div><\/div><div id=\"pg-4800-11\"  class=\"panel-grid panel-no-style\" ><div id=\"pgc-4800-11-0\"  class=\"panel-grid-cell\" ><div id=\"panel-4800-11-0-0\" class=\"so-panel widget panel-first-child panel-last-child\" data-index=\"20\" ><\/div><\/div><\/div><\/div>","protected":false},"excerpt":{"rendered":"<p>1) \u00bfSon los productos 2 en 1 tan eficaces como dos productos independientes?Los productos 2 en 1 ofrecen la ventaja de que nos ahorran tiempo, al combinar una acci\u00f3n limpiadora y acondicionadora. Estos productos son muy pr\u00e1cticos, por ejemplo, para aligerar nuestra bolsa de aseo, o cuando nuestro modo de vida se acelera y no &hellip; <a href=\"https:\/\/abspace.yves-rocher.com\/es\/es\/las-respuestas-todas-tus-preguntas-sobre-el-cabello\/\" class=\"more-link\">Continue reading<span class=\"screen-reader-text\"> &#8220;Las respuestas a todas tus preguntas sobre el cabello&#8221;<\/span><\/a><\/p>\n","protected":false},"author":935949,"featured_media":4250,"comment_status":"open","ping_status":"open","sticky":false,"template":"","format":"standard","meta":{"_acf_changed":false,"_exactmetrics_skip_tracking":false,"_exactmetrics_sitenote_active":false,"_exactmetrics_sitenote_note":"","_exactmetrics_sitenote_category":0,"footnotes":""},"categories":[534,1],"tags":[163],"class_list":["post-4800","post","type-post","status-publish","format-standard","has-post-thumbnail","hentry","category-julio-2019","category-uncategorized","tag-cabello"],"acf":[],"yoast_head":"<!-- This site is optimized with the Yoast SEO plugin v24.7 - https:\/\/yoast.com\/wordpress\/plugins\/seo\/ -->\n<title>Act Beautiful - Las respuestas a todas tus preguntas sobre el cabello - Yves Rocher<\/title>\n<meta name=\"description\" content=\"Frecuencia de lavado, c\u00f3mo cuidar el color, c\u00f3mo evitar las puntas abiertas\u2026 \u00a1Te revelamos todos los buenos h\u00e1bitos para cuidar tu cabello! 1) \u00bfSon los\" \/>\n<meta name=\"robots\" content=\"index, follow, max-snippet:-1, max-image-preview:large, max-video-preview:-1\" \/>\n<link rel=\"canonical\" href=\"https:\/\/abspace.yves-rocher.com\/es\/es\/las-respuestas-todas-tus-preguntas-sobre-el-cabello\/\" \/>\n<meta property=\"og:locale\" content=\"es_ES\" \/>\n<meta property=\"og:type\" content=\"article\" \/>\n<meta property=\"og:title\" content=\"Act Beautiful - Las respuestas a todas tus preguntas sobre el cabello - Yves Rocher\" \/>\n<meta property=\"og:description\" content=\"Frecuencia de lavado, c\u00f3mo cuidar el color, c\u00f3mo evitar las puntas abiertas\u2026 \u00a1Te revelamos todos los buenos h\u00e1bitos para cuidar tu cabello! 1) \u00bfSon los\" \/>\n<meta property=\"og:url\" content=\"https:\/\/abspace.yves-rocher.com\/es\/es\/las-respuestas-todas-tus-preguntas-sobre-el-cabello\/\" \/>\n<meta property=\"og:site_name\" content=\"Spain YR AB\" \/>\n<meta property=\"article:published_time\" content=\"2019-07-26T13:03:51+00:00\" \/>\n<meta property=\"article:modified_time\" content=\"2021-10-14T09:49:34+00:00\" \/>\n<meta property=\"og:image\" content=\"https:\/\/abspace.yves-rocher.com\/es\/wp-content\/uploads\/sites\/11\/2019\/04\/1907_D_HP-AB-SPACE_Image5_750x1036.jpg\" \/>\n\t<meta property=\"og:image:width\" content=\"750\" \/>\n\t<meta property=\"og:image:height\" content=\"1036\" \/>\n\t<meta property=\"og:image:type\" content=\"image\/jpeg\" \/>\n<meta name=\"author\" content=\"Alice Mendes\" \/>\n<meta name=\"twitter:card\" content=\"summary_large_image\" \/>\n<meta name=\"twitter:label1\" content=\"Written by\" \/>\n\t<meta name=\"twitter:data1\" content=\"Alice Mendes\" \/>\n\t<meta name=\"twitter:label2\" content=\"Est. reading time\" \/>\n\t<meta name=\"twitter:data2\" content=\"9 minutes\" \/>\n<script type=\"application\/ld+json\" class=\"yoast-schema-graph\">{\"@context\":\"https:\/\/schema.org\",\"@graph\":[{\"@type\":\"WebPage\",\"@id\":\"https:\/\/abspace.yves-rocher.com\/es\/es\/las-respuestas-todas-tus-preguntas-sobre-el-cabello\/\",\"url\":\"https:\/\/abspace.yves-rocher.com\/es\/es\/las-respuestas-todas-tus-preguntas-sobre-el-cabello\/\",\"name\":\"Act Beautiful - Las respuestas a todas tus preguntas sobre el cabello - Yves Rocher\",\"isPartOf\":{\"@id\":\"https:\/\/abspace.yves-rocher.com\/es\/#website\"},\"primaryImageOfPage\":{\"@id\":\"https:\/\/abspace.yves-rocher.com\/es\/es\/las-respuestas-todas-tus-preguntas-sobre-el-cabello\/#primaryimage\"},\"image\":{\"@id\":\"https:\/\/abspace.yves-rocher.com\/es\/es\/las-respuestas-todas-tus-preguntas-sobre-el-cabello\/#primaryimage\"},\"thumbnailUrl\":\"https:\/\/abspace.yves-rocher.com\/es\/wp-content\/uploads\/sites\/11\/2019\/04\/1907_D_HP-AB-SPACE_Image5_750x1036.jpg\",\"datePublished\":\"2019-07-26T13:03:51+00:00\",\"dateModified\":\"2021-10-14T09:49:34+00:00\",\"author\":{\"@id\":\"https:\/\/abspace.yves-rocher.com\/es\/#\/schema\/person\/40f8c53003459b41fa1aca086c588e97\"},\"description\":\"Frecuencia de lavado, c\u00f3mo cuidar el color, c\u00f3mo evitar las puntas abiertas\u2026 \u00a1Te revelamos todos los buenos h\u00e1bitos para cuidar tu cabello! 1) \u00bfSon los\",\"breadcrumb\":{\"@id\":\"https:\/\/abspace.yves-rocher.com\/es\/es\/las-respuestas-todas-tus-preguntas-sobre-el-cabello\/#breadcrumb\"},\"inLanguage\":\"es-ES\",\"potentialAction\":[{\"@type\":\"ReadAction\",\"target\":[\"https:\/\/abspace.yves-rocher.com\/es\/es\/las-respuestas-todas-tus-preguntas-sobre-el-cabello\/\"]}]},{\"@type\":\"ImageObject\",\"inLanguage\":\"es-ES\",\"@id\":\"https:\/\/abspace.yves-rocher.com\/es\/es\/las-respuestas-todas-tus-preguntas-sobre-el-cabello\/#primaryimage\",\"url\":\"https:\/\/abspace.yves-rocher.com\/es\/wp-content\/uploads\/sites\/11\/2019\/04\/1907_D_HP-AB-SPACE_Image5_750x1036.jpg\",\"contentUrl\":\"https:\/\/abspace.yves-rocher.com\/es\/wp-content\/uploads\/sites\/11\/2019\/04\/1907_D_HP-AB-SPACE_Image5_750x1036.jpg\",\"width\":750,\"height\":1036},{\"@type\":\"BreadcrumbList\",\"@id\":\"https:\/\/abspace.yves-rocher.com\/es\/es\/las-respuestas-todas-tus-preguntas-sobre-el-cabello\/#breadcrumb\",\"itemListElement\":[{\"@type\":\"ListItem\",\"position\":1,\"name\":\"Home\",\"item\":\"https:\/\/abspace.yves-rocher.com\/es\/es\/\"},{\"@type\":\"ListItem\",\"position\":2,\"name\":\"Las respuestas a todas tus preguntas sobre el cabello\"}]},{\"@type\":\"WebSite\",\"@id\":\"https:\/\/abspace.yves-rocher.com\/es\/#website\",\"url\":\"https:\/\/abspace.yves-rocher.com\/es\/\",\"name\":\"Spain YR AB\",\"description\":\"Spain YR AB\",\"potentialAction\":[{\"@type\":\"SearchAction\",\"target\":{\"@type\":\"EntryPoint\",\"urlTemplate\":\"https:\/\/abspace.yves-rocher.com\/es\/?s={search_term_string}\"},\"query-input\":{\"@type\":\"PropertyValueSpecification\",\"valueRequired\":true,\"valueName\":\"search_term_string\"}}],\"inLanguage\":\"es-ES\"},{\"@type\":\"Person\",\"@id\":\"https:\/\/abspace.yves-rocher.com\/es\/#\/schema\/person\/40f8c53003459b41fa1aca086c588e97\",\"name\":\"Alice Mendes\",\"image\":{\"@type\":\"ImageObject\",\"inLanguage\":\"es-ES\",\"@id\":\"https:\/\/abspace.yves-rocher.com\/es\/#\/schema\/person\/image\/\",\"url\":\"https:\/\/secure.gravatar.com\/avatar\/610d2792616e6f74a4f3fbadf5cd6c89?s=96&d=mm&r=g\",\"contentUrl\":\"https:\/\/secure.gravatar.com\/avatar\/610d2792616e6f74a4f3fbadf5cd6c89?s=96&d=mm&r=g\",\"caption\":\"Alice Mendes\"},\"url\":\"https:\/\/abspace.yves-rocher.com\/es\/es\/author\/alicemendes\/\"}]}<\/script>\n<!-- \/ Yoast SEO plugin. -->","yoast_head_json":{"title":"Act Beautiful - Las respuestas a todas tus preguntas sobre el cabello - Yves Rocher","description":"Frecuencia de lavado, c\u00f3mo cuidar el color, c\u00f3mo evitar las puntas abiertas\u2026 \u00a1Te revelamos todos los buenos h\u00e1bitos para cuidar tu cabello! 1) \u00bfSon los","robots":{"index":"index","follow":"follow","max-snippet":"max-snippet:-1","max-image-preview":"max-image-preview:large","max-video-preview":"max-video-preview:-1"},"canonical":"https:\/\/abspace.yves-rocher.com\/es\/es\/las-respuestas-todas-tus-preguntas-sobre-el-cabello\/","og_locale":"es_ES","og_type":"article","og_title":"Act Beautiful - Las respuestas a todas tus preguntas sobre el cabello - Yves Rocher","og_description":"Frecuencia de lavado, c\u00f3mo cuidar el color, c\u00f3mo evitar las puntas abiertas\u2026 \u00a1Te revelamos todos los buenos h\u00e1bitos para cuidar tu cabello! 1) \u00bfSon los","og_url":"https:\/\/abspace.yves-rocher.com\/es\/es\/las-respuestas-todas-tus-preguntas-sobre-el-cabello\/","og_site_name":"Spain YR AB","article_published_time":"2019-07-26T13:03:51+00:00","article_modified_time":"2021-10-14T09:49:34+00:00","og_image":[{"width":750,"height":1036,"url":"https:\/\/abspace.yves-rocher.com\/es\/wp-content\/uploads\/sites\/11\/2019\/04\/1907_D_HP-AB-SPACE_Image5_750x1036.jpg","type":"image\/jpeg"}],"author":"Alice Mendes","twitter_card":"summary_large_image","twitter_misc":{"Written by":"Alice Mendes","Est. reading time":"9 minutes"},"schema":{"@context":"https:\/\/schema.org","@graph":[{"@type":"WebPage","@id":"https:\/\/abspace.yves-rocher.com\/es\/es\/las-respuestas-todas-tus-preguntas-sobre-el-cabello\/","url":"https:\/\/abspace.yves-rocher.com\/es\/es\/las-respuestas-todas-tus-preguntas-sobre-el-cabello\/","name":"Act Beautiful - Las respuestas a todas tus preguntas sobre el cabello - Yves Rocher","isPartOf":{"@id":"https:\/\/abspace.yves-rocher.com\/es\/#website"},"primaryImageOfPage":{"@id":"https:\/\/abspace.yves-rocher.com\/es\/es\/las-respuestas-todas-tus-preguntas-sobre-el-cabello\/#primaryimage"},"image":{"@id":"https:\/\/abspace.yves-rocher.com\/es\/es\/las-respuestas-todas-tus-preguntas-sobre-el-cabello\/#primaryimage"},"thumbnailUrl":"https:\/\/abspace.yves-rocher.com\/es\/wp-content\/uploads\/sites\/11\/2019\/04\/1907_D_HP-AB-SPACE_Image5_750x1036.jpg","datePublished":"2019-07-26T13:03:51+00:00","dateModified":"2021-10-14T09:49:34+00:00","author":{"@id":"https:\/\/abspace.yves-rocher.com\/es\/#\/schema\/person\/40f8c53003459b41fa1aca086c588e97"},"description":"Frecuencia de lavado, c\u00f3mo cuidar el color, c\u00f3mo evitar las puntas abiertas\u2026 \u00a1Te revelamos todos los buenos h\u00e1bitos para cuidar tu cabello! 1) \u00bfSon los","breadcrumb":{"@id":"https:\/\/abspace.yves-rocher.com\/es\/es\/las-respuestas-todas-tus-preguntas-sobre-el-cabello\/#breadcrumb"},"inLanguage":"es-ES","potentialAction":[{"@type":"ReadAction","target":["https:\/\/abspace.yves-rocher.com\/es\/es\/las-respuestas-todas-tus-preguntas-sobre-el-cabello\/"]}]},{"@type":"ImageObject","inLanguage":"es-ES","@id":"https:\/\/abspace.yves-rocher.com\/es\/es\/las-respuestas-todas-tus-preguntas-sobre-el-cabello\/#primaryimage","url":"https:\/\/abspace.yves-rocher.com\/es\/wp-content\/uploads\/sites\/11\/2019\/04\/1907_D_HP-AB-SPACE_Image5_750x1036.jpg","contentUrl":"https:\/\/abspace.yves-rocher.com\/es\/wp-content\/uploads\/sites\/11\/2019\/04\/1907_D_HP-AB-SPACE_Image5_750x1036.jpg","width":750,"height":1036},{"@type":"BreadcrumbList","@id":"https:\/\/abspace.yves-rocher.com\/es\/es\/las-respuestas-todas-tus-preguntas-sobre-el-cabello\/#breadcrumb","itemListElement":[{"@type":"ListItem","position":1,"name":"Home","item":"https:\/\/abspace.yves-rocher.com\/es\/es\/"},{"@type":"ListItem","position":2,"name":"Las respuestas a todas tus preguntas sobre el cabello"}]},{"@type":"WebSite","@id":"https:\/\/abspace.yves-rocher.com\/es\/#website","url":"https:\/\/abspace.yves-rocher.com\/es\/","name":"Spain YR AB","description":"Spain YR AB","potentialAction":[{"@type":"SearchAction","target":{"@type":"EntryPoint","urlTemplate":"https:\/\/abspace.yves-rocher.com\/es\/?s={search_term_string}"},"query-input":{"@type":"PropertyValueSpecification","valueRequired":true,"valueName":"search_term_string"}}],"inLanguage":"es-ES"},{"@type":"Person","@id":"https:\/\/abspace.yves-rocher.com\/es\/#\/schema\/person\/40f8c53003459b41fa1aca086c588e97","name":"Alice Mendes","image":{"@type":"ImageObject","inLanguage":"es-ES","@id":"https:\/\/abspace.yves-rocher.com\/es\/#\/schema\/person\/image\/","url":"https:\/\/secure.gravatar.com\/avatar\/610d2792616e6f74a4f3fbadf5cd6c89?s=96&d=mm&r=g","contentUrl":"https:\/\/secure.gravatar.com\/avatar\/610d2792616e6f74a4f3fbadf5cd6c89?s=96&d=mm&r=g","caption":"Alice Mendes"},"url":"https:\/\/abspace.yves-rocher.com\/es\/es\/author\/alicemendes\/"}]}},"_links":{"self":[{"href":"https:\/\/abspace.yves-rocher.com\/es\/ws\/wp\/v2\/posts\/4800","targetHints":{"allow":["GET"]}}],"collection":[{"href":"https:\/\/abspace.yves-rocher.com\/es\/ws\/wp\/v2\/posts"}],"about":[{"href":"https:\/\/abspace.yves-rocher.com\/es\/ws\/wp\/v2\/types\/post"}],"author":[{"embeddable":true,"href":"https:\/\/abspace.yves-rocher.com\/es\/ws\/wp\/v2\/users\/935949"}],"replies":[{"embeddable":true,"href":"https:\/\/abspace.yves-rocher.com\/es\/ws\/wp\/v2\/comments?post=4800"}],"version-history":[{"count":5,"href":"https:\/\/abspace.yves-rocher.com\/es\/ws\/wp\/v2\/posts\/4800\/revisions"}],"predecessor-version":[{"id":6618,"href":"https:\/\/abspace.yves-rocher.com\/es\/ws\/wp\/v2\/posts\/4800\/revisions\/6618"}],"wp:featuredmedia":[{"embeddable":true,"href":"https:\/\/abspace.yves-rocher.com\/es\/ws\/wp\/v2\/media\/4250"}],"wp:attachment":[{"href":"https:\/\/abspace.yves-rocher.com\/es\/ws\/wp\/v2\/media?parent=4800"}],"wp:term":[{"taxonomy":"category","embeddable":true,"href":"https:\/\/abspace.yves-rocher.com\/es\/ws\/wp\/v2\/categories?post=4800"},{"taxonomy":"post_tag","embeddable":true,"href":"https:\/\/abspace.yves-rocher.com\/es\/ws\/wp\/v2\/tags?post=4800"}],"curies":[{"name":"wp","href":"https:\/\/api.w.org\/{rel}","templated":true}]}}