{"id":5078,"date":"2019-11-21T20:16:51","date_gmt":"2019-11-21T19:16:51","guid":{"rendered":"http:\/\/abspace.yves-rocher.com\/es\/?p=5078"},"modified":"2021-11-15T11:18:42","modified_gmt":"2021-11-15T10:18:42","slug":"la-naturaleza-el-regalo-mas-valioso","status":"publish","type":"post","link":"https:\/\/abspace.yves-rocher.com\/es\/es\/la-naturaleza-el-regalo-mas-valioso\/","title":{"rendered":"La Naturaleza, el regalo m\u00e1s valioso"},"content":{"rendered":"<div id=\"pl-5078\"  class=\"panel-layout\" ><div id=\"pg-5078-0\"  class=\"panel-grid panel-no-style\" ><div id=\"pgc-5078-0-0\"  class=\"panel-grid-cell\" >            <div class=\"textWidget header-description \">\r\n                <p>La Navidad es una invitaci\u00f3n a sorprenderse con la magia de la Naturaleza, redescubriendo los peque\u00f1os placeres: el aroma de los abetos, los colores del bosque, la suavidad de los copos de nieve\u2026<\/p>\r\n            <\/div>\r\n                <div class=\"textWidget header-description \">\r\n                <p>La naturaleza nos permite conectar con nosotros mismos y con los dem\u00e1s y apreciar las cosas m\u00e1s sencillas de la vida, como los delicados copos de nieve o el aroma de las agujas de pino.<\/p>\r\n            <\/div>\r\n                <div class=\"textWidget header-description \">\r\n                <p>Para Navidad del 2019, Yves Rocher rinde homenaje a la Madre Naturaleza, nuestro regalo m\u00e1s valioso.<\/p>\r\n            <\/div>\r\n    <\/div><\/div><div id=\"pg-5078-1\"  class=\"panel-grid panel-no-style\" ><div id=\"pgc-5078-1-0\"  class=\"panel-grid-cell panel-grid-cell-empty\" ><div class=\"layoutEdito panel-cell-style panel-cell-style-for-5078-1-0\" ><\/div><\/div><\/div><div id=\"pg-5078-2\"  class=\"panel-grid panel-no-style\" ><div id=\"pgc-5078-2-0\"  class=\"panel-grid-cell\" ><div class=\"layoutEdito panel-cell-style panel-cell-style-for-5078-2-0\" ><div id=\"panel-5078-2-0-0\" class=\"so-panel widget widget_sow-editor panel-first-child panel-last-child\" data-index=\"3\" ><div\n\t\t\t\n\t\t\tclass=\"so-widget-sow-editor so-widget-sow-editor-base\"\n\t\t\t\n\t\t>\n<div class=\"siteorigin-widget-tinymce textwidget\">\n\t<h2>La naturaleza es la fuente de varios beneficios:<\/h2>\n<\/div>\n<\/div><\/div><\/div><\/div><\/div><div id=\"pg-5078-3\"  class=\"panel-grid panel-no-style\" ><div id=\"pgc-5078-3-0\"  class=\"panel-grid-cell\" ><div class=\"layoutEdito panel-cell-style panel-cell-style-for-5078-3-0\" ><div id=\"panel-5078-3-0-0\" class=\"so-panel widget widget_sow-editor panel-first-child panel-last-child\" data-index=\"4\" ><div\n\t\t\t\n\t\t\tclass=\"so-widget-sow-editor so-widget-sow-editor-base\"\n\t\t\t\n\t\t>\n<div class=\"siteorigin-widget-tinymce textwidget\">\n\t<p><em>Un paseo por el bosque<\/em><\/p>\n<p><strong>\u00bfTe imaginas escapar del estr\u00e9s cotidiano y el aire contaminado de la ciudad?<\/strong> <strong>\u00bfNecesitas descansar de la tecnolog\u00eda?<\/strong> No hay nada mejor que un largo paseo por los bosques para relajarse y tomarse un tiempo para apreciar la verdadera belleza de la naturaleza. De ah\u00ed que, los\u00a0\u00ab\u00a0<strong>ba\u00f1os de bosque<\/strong>\u00bb o \u00ab\u00a0Shinrin-yoku\u00a0\u00bb como se les conoce en Jap\u00f3n, sean un popular pasatiempo en la Tierra del Sol Naciente y que la medicina local, reconozca sus efectos calmantes.<\/p>\n<p>A fin de aprovechar al m\u00e1ximo esta experiencia, es recomendable <strong>caminar<\/strong> <strong>lentamente<\/strong> <strong>para despertar todos los sentidos.<\/strong> <strong>Conecta poco a poco <\/strong> <strong>con la naturaleza<\/strong> <strong> y conc\u00e9ntrate<\/strong>, exclusivamente en los sonidos que te rodean. T\u00f3mate un tiempo para <strong>observar<\/strong> <strong> todos los colores de tu alrededor<\/strong> y sobre todo si vas all\u00ed en oto\u00f1o. Presta especial atenci\u00f3n a los tonos de verde, marr\u00f3n y amarillo... Escucha con atenci\u00f3n el canto de los p\u00e1jaros y respira<strong>los olores del bosque<\/strong> como las hojas mojadas y la savia de los \u00e1rboles. <strong>D\u00e9jate guiar por la naturaleza <\/strong> y vuelve despacio a un estado de tranquilidad absoluta.<\/p>\n<\/div>\n<\/div><\/div><\/div><\/div><div id=\"pgc-5078-3-1\"  class=\"panel-grid-cell\" ><div class=\"layoutEdito panel-cell-style panel-cell-style-for-5078-3-1\" ><div id=\"panel-5078-3-1-0\" class=\"so-panel widget widget_sow-image panel-first-child panel-last-child\" data-index=\"5\" ><div\n\t\t\t\n\t\t\tclass=\"so-widget-sow-image so-widget-sow-image-default-8b5b6f678277-5078\"\n\t\t\t\n\t\t>\r\n\r\n\r\n<div class=\"sow-image-container\">\r\n    \r\n    <img loading=\"lazy\" decoding=\"async\" src=\"https:\/\/abspace.yves-rocher.com\/es\/wp-content\/uploads\/sites\/11\/2019\/08\/1912_lieux_image1_1100x652.jpg\" width=\"1100\" height=\"652\" srcset=\"\"          class=\"so-widget-image\" \/>\r\n\r\n    \r\n    \r\n    <\/div>\r\n\r\n<\/div><\/div><\/div><\/div><\/div><div id=\"pg-5078-4\"  class=\"panel-grid panel-no-style\" ><div id=\"pgc-5078-4-0\"  class=\"panel-grid-cell\" ><div class=\"layoutEdito panel-cell-style panel-cell-style-for-5078-4-0\" ><div id=\"panel-5078-4-0-0\" class=\"so-panel widget widget_sow-image panel-first-child panel-last-child\" data-index=\"6\" ><div\n\t\t\t\n\t\t\tclass=\"so-widget-sow-image so-widget-sow-image-default-8b5b6f678277-5078\"\n\t\t\t\n\t\t>\r\n\r\n\r\n<div class=\"sow-image-container\">\r\n    \r\n    <img loading=\"lazy\" decoding=\"async\" src=\"https:\/\/abspace.yves-rocher.com\/es\/wp-content\/uploads\/sites\/11\/2019\/08\/1912_lieux_image2_1100x652-1.jpg\" width=\"1100\" height=\"652\" srcset=\"\" title=\"1912_lieux_image2_1100x652\"          class=\"so-widget-image\" \/>\r\n\r\n    \r\n    \r\n    <\/div>\r\n\r\n<\/div><\/div><\/div><\/div><div id=\"pgc-5078-4-1\"  class=\"panel-grid-cell\" ><div class=\"layoutEdito panel-cell-style panel-cell-style-for-5078-4-1\" ><div id=\"panel-5078-4-1-0\" class=\"so-panel widget widget_sow-editor panel-first-child panel-last-child\" data-index=\"7\" ><div\n\t\t\t\n\t\t\tclass=\"so-widget-sow-editor so-widget-sow-editor-base\"\n\t\t\t\n\t\t>\n<div class=\"siteorigin-widget-tinymce textwidget\">\n\t<p><em>Abrazar \u00e1rboles<\/em><\/p>\n<p>Si est\u00e1s demasiado ocupada para darte un paseo por un bosque o no vives lo bastante cerca de uno, \u00ab\u00a0<strong>abrazar \u00e1rboles<\/strong>\u00a0\u00bb es igual de eficaz para aliviar el estr\u00e9s. <strong>Escoge un \u00e1rbol que te parezca inspirador<\/strong>\u00a0; idealmente en un lugar donde no te molesten. <strong>Pasa los dedos por la corteza y nota su calidez en las palmas.<\/strong> T\u00f3mate un momento para apreciar la presencia silenciosa del \u00e1rbol y su energ\u00eda tranquilizadora y vivificante.<\/p>\n<\/div>\n<\/div><\/div><\/div><\/div><\/div><div id=\"pg-5078-5\"  class=\"panel-grid panel-no-style\" ><div id=\"pgc-5078-5-0\"  class=\"panel-grid-cell\" ><div class=\"layoutEdito panel-cell-style panel-cell-style-for-5078-5-0\" ><div id=\"panel-5078-5-0-0\" class=\"so-panel widget widget_sow-editor panel-first-child panel-last-child\" data-index=\"8\" ><div\n\t\t\t\n\t\t\tclass=\"so-widget-sow-editor so-widget-sow-editor-base\"\n\t\t\t\n\t\t>\n<div class=\"siteorigin-widget-tinymce textwidget\">\n\t<p><em>Escucha el sonido del agua<\/em><\/p>\n<p>Tenemos tendencia a no pensar en \u00e9l, <strong>pero este m\u00e9todo natural de relajaci\u00f3n puede ser muy eficaz.<\/strong> Muchas veces nos enfrentamos a ruidos estresantes en nuestra vida cotidiana, desde los claxon de los coches hasta los tel\u00e9fonos sonando en la oficina. Por eso, <strong>escichar el sonido del agua que fluye nos permite reconectar con la naturaleza<\/strong>.\u00a0Nuestro cuerpo nos recuerda que siempre hemos tenido una profunda conexi\u00f3n con estos elementos naturales y <strong> eso mejora nuestro bienestar. <\/strong>. De hecho, los sonidos de la naturaleza se utilizan con frecuencia en sesiones de relajaci\u00f3n y meditaci\u00f3n.<\/p>\n<\/div>\n<\/div><\/div><\/div><\/div><div id=\"pgc-5078-5-1\"  class=\"panel-grid-cell\" ><div class=\"layoutEdito panel-cell-style panel-cell-style-for-5078-5-1\" ><div id=\"panel-5078-5-1-0\" class=\"so-panel widget widget_sow-image panel-first-child panel-last-child\" data-index=\"9\" ><div\n\t\t\t\n\t\t\tclass=\"so-widget-sow-image so-widget-sow-image-default-8b5b6f678277-5078\"\n\t\t\t\n\t\t>\r\n\r\n\r\n<div class=\"sow-image-container\">\r\n    \r\n    <img loading=\"lazy\" decoding=\"async\" src=\"https:\/\/abspace.yves-rocher.com\/es\/wp-content\/uploads\/sites\/11\/2019\/08\/1912_lieux_image3_1100x652.jpg\" width=\"1100\" height=\"652\" srcset=\"\"          class=\"so-widget-image\" \/>\r\n\r\n    \r\n    \r\n    <\/div>\r\n\r\n<\/div><\/div><\/div><\/div><\/div><div id=\"pg-5078-6\"  class=\"panel-grid panel-no-style\" ><div id=\"pgc-5078-6-0\"  class=\"panel-grid-cell\" ><div class=\"layoutEdito panel-cell-style panel-cell-style-for-5078-6-0\" ><div id=\"panel-5078-6-0-0\" class=\"so-panel widget widget_sow-editor panel-first-child panel-last-child\" data-index=\"10\" ><div\n\t\t\t\n\t\t\tclass=\"so-widget-sow-editor so-widget-sow-editor-base\"\n\t\t\t\n\t\t>\n<div class=\"siteorigin-widget-tinymce textwidget\">\n\t<h2>5 lugares de todo el mundo en que la naturaleza es el regalo m\u00e1s valioso de todos:<\/h2>\n<h5>Te llevamos a 5 incre\u00edbles lugares naturales que ponen de manifiesto la verdadera belleza de la naturaleza.<\/h5>\n<\/div>\n<\/div><\/div><\/div><\/div><\/div><div id=\"pg-5078-7\"  class=\"panel-grid panel-no-style\" ><div id=\"pgc-5078-7-0\"  class=\"panel-grid-cell\" ><div class=\"layoutEdito panel-cell-style panel-cell-style-for-5078-7-0\" ><div id=\"panel-5078-7-0-0\" class=\"so-panel widget widget_sow-image panel-first-child panel-last-child\" data-index=\"11\" ><div\n\t\t\t\n\t\t\tclass=\"so-widget-sow-image so-widget-sow-image-default-8b5b6f678277-5078\"\n\t\t\t\n\t\t>\r\n\r\n\r\n<div class=\"sow-image-container\">\r\n    \r\n    <img loading=\"lazy\" decoding=\"async\" src=\"https:\/\/abspace.yves-rocher.com\/es\/wp-content\/uploads\/sites\/11\/2019\/08\/1912_lieux_image4_1100x652.jpg\" width=\"1100\" height=\"652\" srcset=\"\"          class=\"so-widget-image\" \/>\r\n\r\n    \r\n    \r\n    <\/div>\r\n\r\n<\/div><\/div><\/div><\/div><div id=\"pgc-5078-7-1\"  class=\"panel-grid-cell\" ><div class=\"layoutEdito panel-cell-style panel-cell-style-for-5078-7-1\" ><div id=\"panel-5078-7-1-0\" class=\"so-panel widget widget_sow-editor panel-first-child panel-last-child\" data-index=\"12\" ><div\n\t\t\t\n\t\t\tclass=\"so-widget-sow-editor so-widget-sow-editor-base\"\n\t\t\t\n\t\t>\n<div class=\"siteorigin-widget-tinymce textwidget\">\n\t<p><em>La Taiga (norte de Canad\u00e1 y Rusia, Escandinavia y Siberia oriental) <\/em><\/p>\n<p>La <strong>Taiga<\/strong> o bosque boreal, es una <strong>maravilla de la naturaleza<\/strong> debido a su tama\u00f1o y a su gran biodiversidad. <strong>Las con\u00edferas (abetos, pinos, p\u00edceas) y los \u00e1rboles caducifolios (abedules y alisos) se extienden a lo largo de casi 6000 km <\/strong>\u00a0desde Escandinavia hasta Siberia oriental y el norte de Rusia. Adem\u00e1s, el bosque ocupa m\u00e1s de 3500 km <strong>el \u00c1rtico canadiense, y requiere una protecci\u00f3n y vigilancia constantes<\/strong> ya que representa la tercera parte de la superficie forestal de la Tierra.<\/p>\n<\/div>\n<\/div><\/div><\/div><\/div><\/div><div id=\"pg-5078-8\"  class=\"panel-grid panel-no-style\" ><div id=\"pgc-5078-8-0\"  class=\"panel-grid-cell\" ><div class=\"layoutEdito panel-cell-style panel-cell-style-for-5078-8-0\" ><div id=\"panel-5078-8-0-0\" class=\"so-panel widget widget_sow-editor panel-first-child panel-last-child\" data-index=\"13\" ><div\n\t\t\t\n\t\t\tclass=\"so-widget-sow-editor so-widget-sow-editor-base\"\n\t\t\t\n\t\t>\n<div class=\"siteorigin-widget-tinymce textwidget\">\n\t<p><em>Campos de shibazakura (Japon)\u00a0<\/em><\/p>\n<p>Entre mediados de abril y principios de mayo, el Monte Fuji se cubre de 800 000 shibazakura o flox musgoso.\u00a0<strong>El lugar m\u00e1s alto de Jap\u00f3n queda sembrado de flores rosas, p\u00farpuras y blancas.<\/strong> Estas flores constituyen una parte importante de la cultura japonesa. Cada a\u00f1o, este lugar espectacular acoge uno de los festivales de flores m\u00e1s importantes de Jap\u00f3n.<\/p>\n<\/div>\n<\/div><\/div><\/div><\/div><div id=\"pgc-5078-8-1\"  class=\"panel-grid-cell\" ><div class=\"layoutEdito panel-cell-style panel-cell-style-for-5078-8-1\" ><div id=\"panel-5078-8-1-0\" class=\"so-panel widget widget_sow-image panel-first-child panel-last-child\" data-index=\"14\" ><div\n\t\t\t\n\t\t\tclass=\"so-widget-sow-image so-widget-sow-image-default-8b5b6f678277-5078\"\n\t\t\t\n\t\t>\r\n\r\n\r\n<div class=\"sow-image-container\">\r\n    \r\n    <img loading=\"lazy\" decoding=\"async\" src=\"https:\/\/abspace.yves-rocher.com\/es\/wp-content\/uploads\/sites\/11\/2019\/08\/1912_lieux_image5_1100x652.jpg\" width=\"1100\" height=\"652\" srcset=\"\"          class=\"so-widget-image\" \/>\r\n\r\n    \r\n    \r\n    <\/div>\r\n\r\n<\/div><\/div><\/div><\/div><\/div><div id=\"pg-5078-9\"  class=\"panel-grid panel-no-style\" ><div id=\"pgc-5078-9-0\"  class=\"panel-grid-cell\" ><div class=\"layoutEdito panel-cell-style panel-cell-style-for-5078-9-0\" ><div id=\"panel-5078-9-0-0\" class=\"so-panel widget widget_sow-image panel-first-child panel-last-child\" data-index=\"15\" ><div\n\t\t\t\n\t\t\tclass=\"so-widget-sow-image so-widget-sow-image-default-8b5b6f678277-5078\"\n\t\t\t\n\t\t>\r\n\r\n\r\n<div class=\"sow-image-container\">\r\n    \r\n    <img loading=\"lazy\" decoding=\"async\" src=\"https:\/\/abspace.yves-rocher.com\/es\/wp-content\/uploads\/sites\/11\/2019\/08\/1912_lieux_image6_1100x652.jpg\" width=\"1100\" height=\"652\" srcset=\"\"          class=\"so-widget-image\" \/>\r\n\r\n    \r\n    \r\n    <\/div>\r\n\r\n<\/div><\/div><\/div><\/div><div id=\"pgc-5078-9-1\"  class=\"panel-grid-cell\" ><div class=\"layoutEdito panel-cell-style panel-cell-style-for-5078-9-1\" ><div id=\"panel-5078-9-1-0\" class=\"so-panel widget widget_sow-editor panel-first-child panel-last-child\" data-index=\"16\" ><div\n\t\t\t\n\t\t\tclass=\"so-widget-sow-editor so-widget-sow-editor-base\"\n\t\t\t\n\t\t>\n<div class=\"siteorigin-widget-tinymce textwidget\">\n\t<p><em>Monta\u00f1as Tianzi en Zhangjiajie (China)<\/em><\/p>\n<p>El <strong>Parque NaCional de Zhangjiajie <\/strong>situado en la parte meridional central de China <strong>alberga unas imponentes cumbres de caliza.<\/strong> . \u00a1Algunas tienen m\u00e1s de 1 km de alto! Con el tiempo, este lugar se ha convertido en paisaje que no puede observarse en ning\u00fan otro lugar de la Tierra. Las plantas han prosperado en las torres monta\u00f1osas, junto a una gran variedad de \u00e1rboles, arbustos, flores y aves.<\/p>\n<\/div>\n<\/div><\/div><\/div><\/div><\/div><div id=\"pg-5078-10\"  class=\"panel-grid panel-no-style\" ><div id=\"pgc-5078-10-0\"  class=\"panel-grid-cell\" ><div class=\"layoutEdito panel-cell-style panel-cell-style-for-5078-10-0\" ><div id=\"panel-5078-10-0-0\" class=\"so-panel widget widget_sow-editor panel-first-child panel-last-child\" data-index=\"17\" ><div\n\t\t\t\n\t\t\tclass=\"so-widget-sow-editor so-widget-sow-editor-base\"\n\t\t\t\n\t\t>\n<div class=\"siteorigin-widget-tinymce textwidget\">\n\t<p><em>La Tierra de los Siete Colores de Chamarel (Mauritania)<\/em><\/p>\n<p>Esta extraordinaria formaci\u00f3n geol\u00f3gica se encuentra en el sur de <strong>Mauritania, cerca del pueblo de Charamel<\/strong>. <strong>7 variaciones de colores<\/strong> recorren las dunas de arena ricas en ceniza volc\u00e1nica y minerales, incluyendo el marr\u00f3n, el ocre, el rosa, el p\u00farpura y el naranja. <strong>El fen\u00f3meno es impresionante y confuso al mismo tiempo, ya que los colores solo est\u00e1n separados durante unas horas al d\u00eda.<\/strong><\/p>\n<\/div>\n<\/div><\/div><\/div><\/div><div id=\"pgc-5078-10-1\"  class=\"panel-grid-cell\" ><div class=\"layoutEdito panel-cell-style panel-cell-style-for-5078-10-1\" ><div id=\"panel-5078-10-1-0\" class=\"so-panel widget widget_sow-image panel-first-child panel-last-child\" data-index=\"18\" ><div\n\t\t\t\n\t\t\tclass=\"so-widget-sow-image so-widget-sow-image-default-8b5b6f678277-5078\"\n\t\t\t\n\t\t>\r\n\r\n\r\n<div class=\"sow-image-container\">\r\n    \r\n    <img loading=\"lazy\" decoding=\"async\" src=\"https:\/\/abspace.yves-rocher.com\/es\/wp-content\/uploads\/sites\/11\/2019\/08\/1912_lieux_image7_1100x652.jpg\" width=\"1100\" height=\"652\" srcset=\"\"          class=\"so-widget-image\" \/>\r\n\r\n    \r\n    \r\n    <\/div>\r\n\r\n<\/div><\/div><\/div><\/div><\/div><div id=\"pg-5078-11\"  class=\"panel-grid panel-no-style\" ><div id=\"pgc-5078-11-0\"  class=\"panel-grid-cell\" ><div class=\"layoutEdito panel-cell-style panel-cell-style-for-5078-11-0\" ><div id=\"panel-5078-11-0-0\" class=\"so-panel widget widget_sow-image panel-first-child panel-last-child\" data-index=\"19\" ><div\n\t\t\t\n\t\t\tclass=\"so-widget-sow-image so-widget-sow-image-default-8b5b6f678277-5078\"\n\t\t\t\n\t\t>\r\n\r\n\r\n<div class=\"sow-image-container\">\r\n    \r\n    <img loading=\"lazy\" decoding=\"async\" src=\"https:\/\/abspace.yves-rocher.com\/es\/wp-content\/uploads\/sites\/11\/2019\/08\/1912_lieux_image8_1100x652.jpg\" width=\"1100\" height=\"652\" srcset=\"\"          class=\"so-widget-image\" \/>\r\n\r\n    \r\n    \r\n    <\/div>\r\n\r\n<\/div><\/div><\/div><\/div><div id=\"pgc-5078-11-1\"  class=\"panel-grid-cell\" ><div class=\"layoutEdito panel-cell-style panel-cell-style-for-5078-11-1\" ><div id=\"panel-5078-11-1-0\" class=\"so-panel widget widget_sow-editor panel-first-child panel-last-child\" data-index=\"20\" ><div\n\t\t\t\n\t\t\tclass=\"so-widget-sow-editor so-widget-sow-editor-base\"\n\t\t\t\n\t\t>\n<div class=\"siteorigin-widget-tinymce textwidget\">\n\t<p><em>El bosque tropical de la Amazonia (Am\u00e9rica del Sur)<\/em><\/p>\n<p>Esta <strong> selva tropical<\/strong>, situada en la regi\u00f3n amaz\u00f3nica de Sudam\u00e9rica, se extiende por 8 pa\u00edses, entre los que se encuentran Brasil, Bolivia y Colombia.<strong> La flora caracter\u00edstica de la selva es rica y diversa<\/strong> y est\u00e1 compuesta por m\u00e1s de <strong>50 000 especies de \u00e1rboles<\/strong> (\u00e1rboles milenarios, \u00e1rboles frutales) y\u00a0<strong>40 000 especies de plantas<\/strong> (enredaderas, heliconia de colores brillantes y varias plantas medicinales).<\/p>\n<\/div>\n<\/div><\/div><\/div><\/div><\/div><div id=\"pg-5078-12\"  class=\"panel-grid panel-no-style\" ><div id=\"pgc-5078-12-0\"  class=\"panel-grid-cell\" ><div class=\"layoutEdito panel-cell-style panel-cell-style-for-5078-12-0\" ><div id=\"panel-5078-12-0-0\" class=\"so-panel widget panel-first-child panel-last-child\" data-index=\"21\" ><\/div><\/div><\/div><\/div><\/div>","protected":false},"excerpt":{"rendered":"<p>Descubre los beneficios que nos aporta la naturaleza en los d\u00edas navide\u00f1os.<\/p>\n","protected":false},"author":935949,"featured_media":4834,"comment_status":"open","ping_status":"open","sticky":false,"template":"","format":"standard","meta":{"_acf_changed":false,"_exactmetrics_skip_tracking":false,"_exactmetrics_sitenote_active":false,"_exactmetrics_sitenote_note":"","_exactmetrics_sitenote_category":0,"footnotes":""},"categories":[575,1],"tags":[724,191],"class_list":["post-5078","post","type-post","status-publish","format-standard","has-post-thumbnail","hentry","category-noviembre-2019","category-uncategorized","tag-enlasnoticias","tag-slowlife-es"],"acf":[],"yoast_head":"<!-- This site is optimized with the Yoast SEO plugin v24.7 - https:\/\/yoast.com\/wordpress\/plugins\/seo\/ -->\n<title>Act Beautiful - La Naturaleza, el regalo m\u00e1s valioso - Yves Rocher<\/title>\n<meta name=\"description\" content=\"Descubre los beneficios que nos aporta la naturaleza en los d\u00edas navide\u00f1os.\" \/>\n<meta name=\"robots\" content=\"index, follow, max-snippet:-1, max-image-preview:large, max-video-preview:-1\" \/>\n<link rel=\"canonical\" href=\"https:\/\/abspace.yves-rocher.com\/es\/es\/la-naturaleza-el-regalo-mas-valioso\/\" \/>\n<meta property=\"og:locale\" content=\"es_ES\" \/>\n<meta property=\"og:type\" content=\"article\" \/>\n<meta property=\"og:title\" content=\"Act Beautiful - La Naturaleza, el regalo m\u00e1s valioso - Yves Rocher\" \/>\n<meta property=\"og:description\" content=\"Descubre los beneficios que nos aporta la naturaleza en los d\u00edas navide\u00f1os.\" \/>\n<meta property=\"og:url\" content=\"https:\/\/abspace.yves-rocher.com\/es\/es\/la-naturaleza-el-regalo-mas-valioso\/\" \/>\n<meta property=\"og:site_name\" content=\"Spain YR AB\" \/>\n<meta property=\"article:published_time\" content=\"2019-11-21T19:16:51+00:00\" \/>\n<meta property=\"article:modified_time\" content=\"2021-11-15T10:18:42+00:00\" \/>\n<meta property=\"og:image\" content=\"https:\/\/abspace.yves-rocher.com\/es\/wp-content\/uploads\/sites\/11\/2019\/08\/1912_D_HP-AB-SPACE_Image1_750x1036.jpg\" \/>\n\t<meta property=\"og:image:width\" content=\"750\" \/>\n\t<meta property=\"og:image:height\" content=\"1036\" \/>\n\t<meta property=\"og:image:type\" content=\"image\/jpeg\" \/>\n<meta name=\"author\" content=\"Alice Mendes\" \/>\n<meta name=\"twitter:card\" content=\"summary_large_image\" \/>\n<meta name=\"twitter:label1\" content=\"Written by\" \/>\n\t<meta name=\"twitter:data1\" content=\"Alice Mendes\" \/>\n\t<meta name=\"twitter:label2\" content=\"Est. reading time\" \/>\n\t<meta name=\"twitter:data2\" content=\"5 minutes\" \/>\n<script type=\"application\/ld+json\" class=\"yoast-schema-graph\">{\"@context\":\"https:\/\/schema.org\",\"@graph\":[{\"@type\":\"WebPage\",\"@id\":\"https:\/\/abspace.yves-rocher.com\/es\/es\/la-naturaleza-el-regalo-mas-valioso\/\",\"url\":\"https:\/\/abspace.yves-rocher.com\/es\/es\/la-naturaleza-el-regalo-mas-valioso\/\",\"name\":\"Act Beautiful - La Naturaleza, el regalo m\u00e1s valioso - Yves Rocher\",\"isPartOf\":{\"@id\":\"https:\/\/abspace.yves-rocher.com\/es\/#website\"},\"primaryImageOfPage\":{\"@id\":\"https:\/\/abspace.yves-rocher.com\/es\/es\/la-naturaleza-el-regalo-mas-valioso\/#primaryimage\"},\"image\":{\"@id\":\"https:\/\/abspace.yves-rocher.com\/es\/es\/la-naturaleza-el-regalo-mas-valioso\/#primaryimage\"},\"thumbnailUrl\":\"https:\/\/abspace.yves-rocher.com\/es\/wp-content\/uploads\/sites\/11\/2019\/08\/1912_D_HP-AB-SPACE_Image1_750x1036.jpg\",\"datePublished\":\"2019-11-21T19:16:51+00:00\",\"dateModified\":\"2021-11-15T10:18:42+00:00\",\"author\":{\"@id\":\"https:\/\/abspace.yves-rocher.com\/es\/#\/schema\/person\/40f8c53003459b41fa1aca086c588e97\"},\"description\":\"Descubre los beneficios que nos aporta la naturaleza en los d\u00edas navide\u00f1os.\",\"breadcrumb\":{\"@id\":\"https:\/\/abspace.yves-rocher.com\/es\/es\/la-naturaleza-el-regalo-mas-valioso\/#breadcrumb\"},\"inLanguage\":\"es-ES\",\"potentialAction\":[{\"@type\":\"ReadAction\",\"target\":[\"https:\/\/abspace.yves-rocher.com\/es\/es\/la-naturaleza-el-regalo-mas-valioso\/\"]}]},{\"@type\":\"ImageObject\",\"inLanguage\":\"es-ES\",\"@id\":\"https:\/\/abspace.yves-rocher.com\/es\/es\/la-naturaleza-el-regalo-mas-valioso\/#primaryimage\",\"url\":\"https:\/\/abspace.yves-rocher.com\/es\/wp-content\/uploads\/sites\/11\/2019\/08\/1912_D_HP-AB-SPACE_Image1_750x1036.jpg\",\"contentUrl\":\"https:\/\/abspace.yves-rocher.com\/es\/wp-content\/uploads\/sites\/11\/2019\/08\/1912_D_HP-AB-SPACE_Image1_750x1036.jpg\",\"width\":750,\"height\":1036},{\"@type\":\"BreadcrumbList\",\"@id\":\"https:\/\/abspace.yves-rocher.com\/es\/es\/la-naturaleza-el-regalo-mas-valioso\/#breadcrumb\",\"itemListElement\":[{\"@type\":\"ListItem\",\"position\":1,\"name\":\"Home\",\"item\":\"https:\/\/abspace.yves-rocher.com\/es\/es\/\"},{\"@type\":\"ListItem\",\"position\":2,\"name\":\"La Naturaleza, el regalo m\u00e1s valioso\"}]},{\"@type\":\"WebSite\",\"@id\":\"https:\/\/abspace.yves-rocher.com\/es\/#website\",\"url\":\"https:\/\/abspace.yves-rocher.com\/es\/\",\"name\":\"Spain YR AB\",\"description\":\"Spain YR AB\",\"potentialAction\":[{\"@type\":\"SearchAction\",\"target\":{\"@type\":\"EntryPoint\",\"urlTemplate\":\"https:\/\/abspace.yves-rocher.com\/es\/?s={search_term_string}\"},\"query-input\":{\"@type\":\"PropertyValueSpecification\",\"valueRequired\":true,\"valueName\":\"search_term_string\"}}],\"inLanguage\":\"es-ES\"},{\"@type\":\"Person\",\"@id\":\"https:\/\/abspace.yves-rocher.com\/es\/#\/schema\/person\/40f8c53003459b41fa1aca086c588e97\",\"name\":\"Alice Mendes\",\"image\":{\"@type\":\"ImageObject\",\"inLanguage\":\"es-ES\",\"@id\":\"https:\/\/abspace.yves-rocher.com\/es\/#\/schema\/person\/image\/\",\"url\":\"https:\/\/secure.gravatar.com\/avatar\/610d2792616e6f74a4f3fbadf5cd6c89?s=96&d=mm&r=g\",\"contentUrl\":\"https:\/\/secure.gravatar.com\/avatar\/610d2792616e6f74a4f3fbadf5cd6c89?s=96&d=mm&r=g\",\"caption\":\"Alice Mendes\"},\"url\":\"https:\/\/abspace.yves-rocher.com\/es\/es\/author\/alicemendes\/\"}]}<\/script>\n<!-- \/ Yoast SEO plugin. -->","yoast_head_json":{"title":"Act Beautiful - La Naturaleza, el regalo m\u00e1s valioso - Yves Rocher","description":"Descubre los beneficios que nos aporta la naturaleza en los d\u00edas navide\u00f1os.","robots":{"index":"index","follow":"follow","max-snippet":"max-snippet:-1","max-image-preview":"max-image-preview:large","max-video-preview":"max-video-preview:-1"},"canonical":"https:\/\/abspace.yves-rocher.com\/es\/es\/la-naturaleza-el-regalo-mas-valioso\/","og_locale":"es_ES","og_type":"article","og_title":"Act Beautiful - La Naturaleza, el regalo m\u00e1s valioso - Yves Rocher","og_description":"Descubre los beneficios que nos aporta la naturaleza en los d\u00edas navide\u00f1os.","og_url":"https:\/\/abspace.yves-rocher.com\/es\/es\/la-naturaleza-el-regalo-mas-valioso\/","og_site_name":"Spain YR AB","article_published_time":"2019-11-21T19:16:51+00:00","article_modified_time":"2021-11-15T10:18:42+00:00","og_image":[{"width":750,"height":1036,"url":"https:\/\/abspace.yves-rocher.com\/es\/wp-content\/uploads\/sites\/11\/2019\/08\/1912_D_HP-AB-SPACE_Image1_750x1036.jpg","type":"image\/jpeg"}],"author":"Alice Mendes","twitter_card":"summary_large_image","twitter_misc":{"Written by":"Alice Mendes","Est. reading time":"5 minutes"},"schema":{"@context":"https:\/\/schema.org","@graph":[{"@type":"WebPage","@id":"https:\/\/abspace.yves-rocher.com\/es\/es\/la-naturaleza-el-regalo-mas-valioso\/","url":"https:\/\/abspace.yves-rocher.com\/es\/es\/la-naturaleza-el-regalo-mas-valioso\/","name":"Act Beautiful - La Naturaleza, el regalo m\u00e1s valioso - Yves Rocher","isPartOf":{"@id":"https:\/\/abspace.yves-rocher.com\/es\/#website"},"primaryImageOfPage":{"@id":"https:\/\/abspace.yves-rocher.com\/es\/es\/la-naturaleza-el-regalo-mas-valioso\/#primaryimage"},"image":{"@id":"https:\/\/abspace.yves-rocher.com\/es\/es\/la-naturaleza-el-regalo-mas-valioso\/#primaryimage"},"thumbnailUrl":"https:\/\/abspace.yves-rocher.com\/es\/wp-content\/uploads\/sites\/11\/2019\/08\/1912_D_HP-AB-SPACE_Image1_750x1036.jpg","datePublished":"2019-11-21T19:16:51+00:00","dateModified":"2021-11-15T10:18:42+00:00","author":{"@id":"https:\/\/abspace.yves-rocher.com\/es\/#\/schema\/person\/40f8c53003459b41fa1aca086c588e97"},"description":"Descubre los beneficios que nos aporta la naturaleza en los d\u00edas navide\u00f1os.","breadcrumb":{"@id":"https:\/\/abspace.yves-rocher.com\/es\/es\/la-naturaleza-el-regalo-mas-valioso\/#breadcrumb"},"inLanguage":"es-ES","potentialAction":[{"@type":"ReadAction","target":["https:\/\/abspace.yves-rocher.com\/es\/es\/la-naturaleza-el-regalo-mas-valioso\/"]}]},{"@type":"ImageObject","inLanguage":"es-ES","@id":"https:\/\/abspace.yves-rocher.com\/es\/es\/la-naturaleza-el-regalo-mas-valioso\/#primaryimage","url":"https:\/\/abspace.yves-rocher.com\/es\/wp-content\/uploads\/sites\/11\/2019\/08\/1912_D_HP-AB-SPACE_Image1_750x1036.jpg","contentUrl":"https:\/\/abspace.yves-rocher.com\/es\/wp-content\/uploads\/sites\/11\/2019\/08\/1912_D_HP-AB-SPACE_Image1_750x1036.jpg","width":750,"height":1036},{"@type":"BreadcrumbList","@id":"https:\/\/abspace.yves-rocher.com\/es\/es\/la-naturaleza-el-regalo-mas-valioso\/#breadcrumb","itemListElement":[{"@type":"ListItem","position":1,"name":"Home","item":"https:\/\/abspace.yves-rocher.com\/es\/es\/"},{"@type":"ListItem","position":2,"name":"La Naturaleza, el regalo m\u00e1s valioso"}]},{"@type":"WebSite","@id":"https:\/\/abspace.yves-rocher.com\/es\/#website","url":"https:\/\/abspace.yves-rocher.com\/es\/","name":"Spain YR AB","description":"Spain YR AB","potentialAction":[{"@type":"SearchAction","target":{"@type":"EntryPoint","urlTemplate":"https:\/\/abspace.yves-rocher.com\/es\/?s={search_term_string}"},"query-input":{"@type":"PropertyValueSpecification","valueRequired":true,"valueName":"search_term_string"}}],"inLanguage":"es-ES"},{"@type":"Person","@id":"https:\/\/abspace.yves-rocher.com\/es\/#\/schema\/person\/40f8c53003459b41fa1aca086c588e97","name":"Alice Mendes","image":{"@type":"ImageObject","inLanguage":"es-ES","@id":"https:\/\/abspace.yves-rocher.com\/es\/#\/schema\/person\/image\/","url":"https:\/\/secure.gravatar.com\/avatar\/610d2792616e6f74a4f3fbadf5cd6c89?s=96&d=mm&r=g","contentUrl":"https:\/\/secure.gravatar.com\/avatar\/610d2792616e6f74a4f3fbadf5cd6c89?s=96&d=mm&r=g","caption":"Alice Mendes"},"url":"https:\/\/abspace.yves-rocher.com\/es\/es\/author\/alicemendes\/"}]}},"_links":{"self":[{"href":"https:\/\/abspace.yves-rocher.com\/es\/ws\/wp\/v2\/posts\/5078","targetHints":{"allow":["GET"]}}],"collection":[{"href":"https:\/\/abspace.yves-rocher.com\/es\/ws\/wp\/v2\/posts"}],"about":[{"href":"https:\/\/abspace.yves-rocher.com\/es\/ws\/wp\/v2\/types\/post"}],"author":[{"embeddable":true,"href":"https:\/\/abspace.yves-rocher.com\/es\/ws\/wp\/v2\/users\/935949"}],"replies":[{"embeddable":true,"href":"https:\/\/abspace.yves-rocher.com\/es\/ws\/wp\/v2\/comments?post=5078"}],"version-history":[{"count":6,"href":"https:\/\/abspace.yves-rocher.com\/es\/ws\/wp\/v2\/posts\/5078\/revisions"}],"predecessor-version":[{"id":6793,"href":"https:\/\/abspace.yves-rocher.com\/es\/ws\/wp\/v2\/posts\/5078\/revisions\/6793"}],"wp:featuredmedia":[{"embeddable":true,"href":"https:\/\/abspace.yves-rocher.com\/es\/ws\/wp\/v2\/media\/4834"}],"wp:attachment":[{"href":"https:\/\/abspace.yves-rocher.com\/es\/ws\/wp\/v2\/media?parent=5078"}],"wp:term":[{"taxonomy":"category","embeddable":true,"href":"https:\/\/abspace.yves-rocher.com\/es\/ws\/wp\/v2\/categories?post=5078"},{"taxonomy":"post_tag","embeddable":true,"href":"https:\/\/abspace.yves-rocher.com\/es\/ws\/wp\/v2\/tags?post=5078"}],"curies":[{"name":"wp","href":"https:\/\/api.w.org\/{rel}","templated":true}]}}