{"id":5475,"date":"2020-05-11T13:15:50","date_gmt":"2020-05-11T12:15:50","guid":{"rendered":"http:\/\/abspace.yves-rocher.com\/es\/?p=5475"},"modified":"2021-10-14T10:33:43","modified_gmt":"2021-10-14T09:33:43","slug":"piel-sensible","status":"publish","type":"post","link":"https:\/\/abspace.yves-rocher.com\/es\/es\/piel-sensible\/","title":{"rendered":"\u00bfC\u00f3mo cuidar una piel sensible?"},"content":{"rendered":"<div id=\"pl-5475\"  class=\"panel-layout\" ><div id=\"pg-5475-0\"  class=\"panel-grid panel-no-style\" ><div id=\"pgc-5475-0-0\"  class=\"panel-grid-cell\" >            <div class=\"textWidget header-description \">\r\n                <p>\u00a1Haz que tu piel sea menos delicada y reactiva! Descubre nuestros consejos para fortalecer tu piel sensible. Todo gracias a nuestra nueva gama Sensitive Camomille. <\/p>\r\n            <\/div>\r\n    <\/div><\/div><div id=\"pg-5475-1\"  class=\"panel-grid panel-no-style\" ><div id=\"pgc-5475-1-0\"  class=\"panel-grid-cell\" ><div id=\"panel-5475-1-0-0\" class=\"so-panel widget widget_sow-editor panel-first-child panel-last-child\" data-index=\"1\" ><div\n\t\t\t\n\t\t\tclass=\"so-widget-sow-editor so-widget-sow-editor-base\"\n\t\t\t\n\t\t>\n<div class=\"siteorigin-widget-tinymce textwidget\">\n\t<h2>\u00bfC\u00f3mo s\u00e9 que mi piel es sensible?<\/h2>\n<p>Si sufres de picor, rojeces, rigidez... \u00d3sea, <strong>si sientes, casi a diario, como una sensaci\u00f3n de incomodidad en tu piel<\/strong> es, por tanto, signo caracter\u00edstico de piel delicada y sensible.<\/p>\n<p>Tu piel por naturaleza puede ser m\u00e1s fr\u00e1gil de por s\u00ed que otras pieles, pero hay otros factores externos que agrandan a\u00fan m\u00e1s esa sensibilidad. Entre ellos est\u00e1n<strong> el cambio clim\u00e1tico, la contaminaci\u00f3n, el uso de cosm\u00e9ticos inadecuados o las variaciones hormonales<\/strong> que tambi\u00e9n alteran la barrera cut\u00e1nea y hacen que la piel sea m\u00e1s reactiva.<\/p>\n<p>Por eso, tu piel sensible merece un<strong> cuidado adecuado que la haga m\u00e1s resistente<\/strong>.<\/p>\n<\/div>\n<\/div><\/div><\/div><div id=\"pgc-5475-1-1\"  class=\"panel-grid-cell\" ><div id=\"panel-5475-1-1-0\" class=\"so-panel widget widget_sow-image panel-first-child panel-last-child\" data-index=\"2\" ><div\n\t\t\t\n\t\t\tclass=\"so-widget-sow-image so-widget-sow-image-default-8b5b6f678277-5475\"\n\t\t\t\n\t\t>\r\n\r\n\r\n<div class=\"sow-image-container\">\r\n    <a href=\"https:\/\/www.yves-rocher.es\/sensitive-camomille\/c\/SC\" >\r\n    <img loading=\"lazy\" decoding=\"async\" src=\"https:\/\/abspace.yves-rocher.com\/es\/wp-content\/uploads\/sites\/11\/2020\/01\/2004_peau_sensible_image1_1100x652_8525414.jpg\" width=\"1100\" height=\"652\" srcset=\"\" title=\"2004_peau_sensible_image1_1100x652\"          class=\"so-widget-image\" \/>\r\n\r\n    \r\n    <\/a>\r\n    <\/div>\r\n\r\n<\/div><\/div><\/div><\/div><div id=\"pg-5475-2\"  class=\"panel-grid panel-no-style\" ><div id=\"pgc-5475-2-0\"  class=\"panel-grid-cell\" ><div id=\"panel-5475-2-0-0\" class=\"so-panel widget widget_sow-image panel-first-child panel-last-child\" data-index=\"3\" ><div\n\t\t\t\n\t\t\tclass=\"so-widget-sow-image so-widget-sow-image-default-8b5b6f678277-5475\"\n\t\t\t\n\t\t>\r\n\r\n\r\n<div class=\"sow-image-container\">\r\n    <a href=\"https:\/\/www.yves-rocher.es\/sensitive-camomille\/c\/SC\" >\r\n    <img loading=\"lazy\" decoding=\"async\" src=\"https:\/\/abspace.yves-rocher.com\/es\/wp-content\/uploads\/sites\/11\/2020\/01\/2004_peau_sensible_image2_1100x652_1666003.jpg\" width=\"1100\" height=\"652\" srcset=\"\" title=\"2004_peau_sensible_image2_1100x652\"          class=\"so-widget-image\" \/>\r\n\r\n    \r\n    <\/a>\r\n    <\/div>\r\n\r\n<\/div><\/div><\/div><div id=\"pgc-5475-2-1\"  class=\"panel-grid-cell\" ><div id=\"panel-5475-2-1-0\" class=\"so-panel widget widget_sow-editor panel-first-child panel-last-child\" data-index=\"4\" ><div\n\t\t\t\n\t\t\tclass=\"so-widget-sow-editor so-widget-sow-editor-base\"\n\t\t\t\n\t\t>\n<div class=\"siteorigin-widget-tinymce textwidget\">\n\t<h2>Pieles sensibles: \u00a1nos hacemos m\u00e1s fuertes!<\/h2>\n<p><strong>Para reducir la sensibilidad cut\u00e1nea y estimular las capacidades de defensa de la piel y repararla<\/strong>, \u00a1Yves Rocher ha pensado en ti! Ha formulado una l\u00ednea por y para pieles sensibles: Sensitive Camomille.<\/p>\n<p>El potencial de esta nueva gama es el <strong>concentrado de <a href=\"https:\/\/www.yves-rocher.es\/actbeautiful\/camomila-silvestre\">Camomila silvestre<\/a> compuesto por dos ingredientes activos 100% naturales<\/strong>: el hidrolat y el oleat. Este d\u00fao altamente natural representa una <strong>eficacia innovadora en pieles sensibles<\/strong>. En concreto, el hidrolat <strong>reduce la sensibilidad de la piel en un 28%<\/strong> y el oleat <strong>estimula las capacidades de defensa de la piel en un 25% y la reparaci\u00f3n en un 30%.<\/strong><\/p>\n<p>Por supuesto, para garantizar todo el cuidado a tu piel, esta gama <strong>no contiene silicona, alcohol, perfume ni aceite mineral<\/strong>. Adem\u00e1s, est\u00e1 compuesta por m\u00e1s del <strong>97% de ingredientes de origen natural.<\/strong><\/p>\n<\/div>\n<\/div><\/div><\/div><\/div><div id=\"pg-5475-3\"  class=\"panel-grid panel-no-style\" ><div id=\"pgc-5475-3-0\"  class=\"panel-grid-cell\" ><div id=\"panel-5475-3-0-0\" class=\"so-panel widget widget_sow-editor panel-first-child panel-last-child\" data-index=\"5\" ><div\n\t\t\t\n\t\t\tclass=\"so-widget-sow-editor so-widget-sow-editor-base\"\n\t\t\t\n\t\t>\n<div class=\"siteorigin-widget-tinymce textwidget\">\n\t<h2>Tu rutina de belleza 100% Camomila<\/h2>\n<p><em>1. Limpieza facial<\/em><\/p>\n<p>El primer paso es limpiar tu rostro. Para ello, aplica la <a href=\"https:\/\/www.yves-rocher.es\/rostro\/tipo-de-piel\/pieles-sensibles\/crema-desmaquillante-pieles-sensibles\/p\/57891\">Crema Desmaquillante<\/a> que<strong> limpia suavemente la piel sin resecarla y elimina el maquillaje<\/strong> de manera efectiva. Masajea tu rostro con la punta de los dedos y luego aclara con agua.<\/p>\n<p>Para <strong>eliminar esos restos de maquillaje m\u00e1s incrustados<\/strong>, usa el <a href=\"https:\/\/www.yves-rocher.es\/rostro\/tipo-de-piel\/pieles-sensibles\/aceite-desmaquillante-para-pieles-sensibles\/p\/58593\">aceite limpiador<\/a>, sin acabado graso, que adem\u00e1s alivia y nutre la piel. Para un <strong>desmaquillaje profundo<\/strong>, aseg\u00farate de masajearte con el aceite una vez aplicado a la cara seca y agrega agua para emulsionar antes de enjuagar.<\/p>\n<p><strong>Si prefieres usar un algod\u00f3n<\/strong>, usa el <a href=\"https:\/\/www.yves-rocher.es\/rostro\/tipo-de-piel\/pieles-sensibles\/agua-micelar-para-pieles-sensibles-390ml\/p\/58141\">agua micelar<\/a> para <strong>limpiar y eliminar el maquillaje y las impurezas en un solo paso<\/strong>. Tienes este producto disponible en dos tama\u00f1os: 200 y 390 ml.<\/p>\n<ol start=\"2\">\n<li><em>\u00a0 Tratamiento seg\u00fan tu tipo de piel<\/em><\/li>\n<\/ol>\n<ul>\n<li>Piel sensible y seca:<\/li>\n<\/ul>\n<p>Gracias al <a href=\"https:\/\/www.yves-rocher.es\/rostro\/tipo-de-piel\/pieles-sensibles\/balsamo-nutritivo-para-pieles-sensibles\/p\/59511\">B\u00e1lsamo Nutritivo y Reconfortante<\/a>,<strong> tu piel queda profundamente nutrida e hidratada. Adem\u00e1s, calma inmediatamente las sensaciones de hormigueo y otras sensaciones de incomodidad<\/strong>. Su punto fuerte: su textura rica y sedosa de b\u00e1lsamo deja un <strong>acabado c\u00f3modo<\/strong>.<\/p>\n<ul>\n<li>Piel sensible y con rojeces:<\/li>\n<\/ul>\n<p>La <a href=\"https:\/\/www.yves-rocher.es\/rostro\/tipo-de-piel\/pieles-sensibles\/crema-ligera-calmante-para-pieles-sensibles-50ml\/p\/59098\">Crema Ligera Calmante para Pieles Sensibles<\/a>, es perfecta para pieles sensibles y reactivas y que son propensas al enrojecimiento. <strong>Hidrata inmediatamente y alivia la sequedad, el enrojecimiento y otras sensaciones de incomodidad. <\/strong>Su punto fuerte: su\u00a0textura cremosa, ligera y fresca que se absorbe r\u00e1pidamente.\u00a0<\/p>\n<\/div>\n<\/div><\/div><\/div><div id=\"pgc-5475-3-1\"  class=\"panel-grid-cell\" ><div id=\"panel-5475-3-1-0\" class=\"so-panel widget widget_sow-image panel-first-child\" data-index=\"6\" ><div\n\t\t\t\n\t\t\tclass=\"so-widget-sow-image so-widget-sow-image-default-dbf295114b96-5475\"\n\t\t\t\n\t\t>\r\n\r\n\r\n<div class=\"sow-image-container\">\r\n    <a href=\"https:\/\/www.yves-rocher.es\/sensitive-camomille\/c\/SC\" >\r\n    <img loading=\"lazy\" decoding=\"async\" src=\"https:\/\/abspace.yves-rocher.com\/es\/wp-content\/uploads\/sites\/11\/2020\/01\/2004_peau_sensible_image3_1100x652_4065153.jpg\" width=\"1100\" height=\"652\" srcset=\"\" title=\"Tratamiento piel sensible\"          class=\"so-widget-image\" \/>\r\n\r\n    \r\n    <\/a>\r\n    <\/div>\r\n\r\n<\/div><\/div>            <div class=\"webclipping-product-boxes-wrapper\" id=\"0c7c5321-2022-4c31-8208-6aaf0bc066f9\">\r\n                <div class=\"webclipping-product-boxes\"\r\n                    data-product-ids=\"R57256, R58368, R57350, R58833\"\r\n                    data-product-style=\"Standard\"\r\n                    data-slick='{\"variableWidth\": true, \"slidesToShow\": 1,, \"respondTo\": \"min\"}'\r\n                     >\r\n                <\/div>\r\n            <\/div>\r\n\r\n\r\n        <\/div><\/div><div id=\"pg-5475-4\"  class=\"panel-grid panel-no-style\" ><div id=\"pgc-5475-4-0\"  class=\"panel-grid-cell\" ><div id=\"panel-5475-4-0-0\" class=\"so-panel widget widget_sow-image panel-first-child\" data-index=\"8\" ><div\n\t\t\t\n\t\t\tclass=\"so-widget-sow-image so-widget-sow-image-default-8b5b6f678277-5475\"\n\t\t\t\n\t\t>\r\n\r\n\r\n<div class=\"sow-image-container\">\r\n    <a href=\"https:\/\/www.yves-rocher.es\/sensitive-camomille\/c\/SC\" >\r\n    <img loading=\"lazy\" decoding=\"async\" src=\"https:\/\/abspace.yves-rocher.com\/es\/wp-content\/uploads\/sites\/11\/2020\/01\/2004_peau_sensible_image4_1100x652-1.jpg\" width=\"1100\" height=\"652\" srcset=\"\" title=\"Tratamiento pieles sensibles\"          class=\"so-widget-image\" \/>\r\n\r\n    \r\n    <\/a>\r\n    <\/div>\r\n\r\n<\/div><\/div>            <div class=\"webclipping-product-boxes-wrapper\" id=\"4cc854b7-79d4-4577-9978-00fdcce506c7\">\r\n                <div class=\"webclipping-product-boxes\"\r\n                    data-product-ids=\"R59289, R60231\"\r\n                    data-product-style=\"Standard\"\r\n                    data-slick='{\"variableWidth\": true, \"slidesToShow\": 1,, \"respondTo\": \"min\"}'\r\n                     >\r\n                <\/div>\r\n            <\/div>\r\n\r\n\r\n        <\/div><div id=\"pgc-5475-4-1\"  class=\"panel-grid-cell\" ><div id=\"panel-5475-4-1-0\" class=\"so-panel widget widget_sow-editor panel-first-child panel-last-child\" data-index=\"10\" ><div\n\t\t\t\n\t\t\tclass=\"so-widget-sow-editor so-widget-sow-editor-base\"\n\t\t\t\n\t\t>\n<div class=\"siteorigin-widget-tinymce textwidget\">\n\t<ol start=\"3\">\n<li>En caso de enrojecimiento, unifica la piel:<\/li>\n<\/ol>\n<p>La <a href=\"https:\/\/www.yves-rocher.es\/rostro\/tipo-de-piel\/pieles-sensibles\/crema-correctora-verde-para-pieles-sensibles\/p\/60425\">Crema Correctora Verde para Pieles Sensibles<\/a> es perfecta para pieles delicadas con un enrojecimiento visible. Esta crema correctora <strong>hidrata y alisa inmediatamente la piel, neutralizando las rojeces<\/strong> gracias a su color verde. Tambi\u00e9n <strong>reduce la sensaci\u00f3n de hormigueo<\/strong> tan caracter\u00edstica de las pieles reactivas. Su punto fuerte: su textura se absorbe f\u00e1cilmente en la piel dejando un acabado indetectable.<\/p>\n<p>Puedes aplicarla por la ma\u00f1ana en toda la cara o bien localizarla solo en la zona de la rojez y despu\u00e9s de tu crema de d\u00eda habitual.<\/p>\n<p>Y listo, \u00a1gracias a esta rutina, puedes fortalecer tu piel!<\/p>\n<\/div>\n<\/div><\/div><\/div><\/div><div id=\"pg-5475-5\"  class=\"panel-grid panel-no-style\" ><div id=\"pgc-5475-5-0\"  class=\"panel-grid-cell\" ><div id=\"panel-5475-5-0-0\" class=\"so-panel widget panel-first-child panel-last-child\" data-index=\"11\" ><\/div><\/div><\/div><\/div>","protected":false},"excerpt":{"rendered":"<p>\u00bfC\u00f3mo s\u00e9 que mi piel es sensible?Si sufres de picor, rojeces, rigidez&#8230; \u00d3sea, si sientes, casi a diario, como una sensaci\u00f3n de incomodidad en tu piel es, por tanto, signo caracter\u00edstico de piel delicada y sensible.Tu piel por naturaleza puede ser m\u00e1s fr\u00e1gil de por s\u00ed que otras pieles, pero hay otros factores externos que &hellip; <a href=\"https:\/\/abspace.yves-rocher.com\/es\/es\/piel-sensible\/\" class=\"more-link\">Continue reading<span class=\"screen-reader-text\"> &#8220;\u00bfC\u00f3mo cuidar una piel sensible?&#8221;<\/span><\/a><\/p>\n","protected":false},"author":935949,"featured_media":5194,"comment_status":"open","ping_status":"open","sticky":false,"template":"","format":"standard","meta":{"_acf_changed":false,"_exactmetrics_skip_tracking":false,"_exactmetrics_sitenote_active":false,"_exactmetrics_sitenote_note":"","_exactmetrics_sitenote_category":0,"footnotes":""},"categories":[591,1],"tags":[749],"class_list":["post-5475","post","type-post","status-publish","format-standard","has-post-thumbnail","hentry","category-mayo-2020","category-uncategorized","tag-rostro"],"acf":[],"yoast_head":"<!-- This site is optimized with the Yoast SEO plugin v24.7 - https:\/\/yoast.com\/wordpress\/plugins\/seo\/ -->\n<title>Act Beautiful - \u00bfC\u00f3mo cuidar una piel sensible? - Yves Rocher<\/title>\n<meta name=\"robots\" content=\"index, follow, max-snippet:-1, max-image-preview:large, max-video-preview:-1\" \/>\n<link rel=\"canonical\" href=\"https:\/\/abspace.yves-rocher.com\/es\/es\/piel-sensible\/\" \/>\n<meta property=\"og:locale\" content=\"es_ES\" \/>\n<meta property=\"og:type\" content=\"article\" \/>\n<meta property=\"og:title\" content=\"Act Beautiful - \u00bfC\u00f3mo cuidar una piel sensible? - Yves Rocher\" \/>\n<meta property=\"og:url\" content=\"https:\/\/abspace.yves-rocher.com\/es\/es\/piel-sensible\/\" \/>\n<meta property=\"og:site_name\" content=\"Spain YR AB\" \/>\n<meta property=\"article:published_time\" content=\"2020-05-11T12:15:50+00:00\" \/>\n<meta property=\"article:modified_time\" content=\"2021-10-14T09:33:43+00:00\" \/>\n<meta property=\"og:image\" content=\"https:\/\/abspace.yves-rocher.com\/es\/wp-content\/uploads\/sites\/11\/2020\/01\/2003_D_HP-AB-SPACE_Image1_750x1036-1_1600287.jpg\" \/>\n\t<meta property=\"og:image:width\" content=\"750\" \/>\n\t<meta property=\"og:image:height\" content=\"1036\" \/>\n\t<meta property=\"og:image:type\" content=\"image\/jpeg\" \/>\n<meta name=\"author\" content=\"Alice Mendes\" \/>\n<meta name=\"twitter:card\" content=\"summary_large_image\" \/>\n<meta name=\"twitter:label1\" content=\"Written by\" \/>\n\t<meta name=\"twitter:data1\" content=\"Alice Mendes\" \/>\n<script type=\"application\/ld+json\" class=\"yoast-schema-graph\">{\"@context\":\"https:\/\/schema.org\",\"@graph\":[{\"@type\":\"WebPage\",\"@id\":\"https:\/\/abspace.yves-rocher.com\/es\/es\/piel-sensible\/\",\"url\":\"https:\/\/abspace.yves-rocher.com\/es\/es\/piel-sensible\/\",\"name\":\"Act Beautiful - \u00bfC\u00f3mo cuidar una piel sensible? - Yves Rocher\",\"isPartOf\":{\"@id\":\"https:\/\/abspace.yves-rocher.com\/es\/#website\"},\"primaryImageOfPage\":{\"@id\":\"https:\/\/abspace.yves-rocher.com\/es\/es\/piel-sensible\/#primaryimage\"},\"image\":{\"@id\":\"https:\/\/abspace.yves-rocher.com\/es\/es\/piel-sensible\/#primaryimage\"},\"thumbnailUrl\":\"https:\/\/abspace.yves-rocher.com\/es\/wp-content\/uploads\/sites\/11\/2020\/01\/2003_D_HP-AB-SPACE_Image1_750x1036-1_1600287.jpg\",\"datePublished\":\"2020-05-11T12:15:50+00:00\",\"dateModified\":\"2021-10-14T09:33:43+00:00\",\"author\":{\"@id\":\"https:\/\/abspace.yves-rocher.com\/es\/#\/schema\/person\/40f8c53003459b41fa1aca086c588e97\"},\"breadcrumb\":{\"@id\":\"https:\/\/abspace.yves-rocher.com\/es\/es\/piel-sensible\/#breadcrumb\"},\"inLanguage\":\"es-ES\",\"potentialAction\":[{\"@type\":\"ReadAction\",\"target\":[\"https:\/\/abspace.yves-rocher.com\/es\/es\/piel-sensible\/\"]}]},{\"@type\":\"ImageObject\",\"inLanguage\":\"es-ES\",\"@id\":\"https:\/\/abspace.yves-rocher.com\/es\/es\/piel-sensible\/#primaryimage\",\"url\":\"https:\/\/abspace.yves-rocher.com\/es\/wp-content\/uploads\/sites\/11\/2020\/01\/2003_D_HP-AB-SPACE_Image1_750x1036-1_1600287.jpg\",\"contentUrl\":\"https:\/\/abspace.yves-rocher.com\/es\/wp-content\/uploads\/sites\/11\/2020\/01\/2003_D_HP-AB-SPACE_Image1_750x1036-1_1600287.jpg\",\"width\":750,\"height\":1036},{\"@type\":\"BreadcrumbList\",\"@id\":\"https:\/\/abspace.yves-rocher.com\/es\/es\/piel-sensible\/#breadcrumb\",\"itemListElement\":[{\"@type\":\"ListItem\",\"position\":1,\"name\":\"Home\",\"item\":\"https:\/\/abspace.yves-rocher.com\/es\/es\/\"},{\"@type\":\"ListItem\",\"position\":2,\"name\":\"\u00bfC\u00f3mo cuidar una piel sensible?\"}]},{\"@type\":\"WebSite\",\"@id\":\"https:\/\/abspace.yves-rocher.com\/es\/#website\",\"url\":\"https:\/\/abspace.yves-rocher.com\/es\/\",\"name\":\"Spain YR AB\",\"description\":\"Spain YR AB\",\"potentialAction\":[{\"@type\":\"SearchAction\",\"target\":{\"@type\":\"EntryPoint\",\"urlTemplate\":\"https:\/\/abspace.yves-rocher.com\/es\/?s={search_term_string}\"},\"query-input\":{\"@type\":\"PropertyValueSpecification\",\"valueRequired\":true,\"valueName\":\"search_term_string\"}}],\"inLanguage\":\"es-ES\"},{\"@type\":\"Person\",\"@id\":\"https:\/\/abspace.yves-rocher.com\/es\/#\/schema\/person\/40f8c53003459b41fa1aca086c588e97\",\"name\":\"Alice Mendes\",\"image\":{\"@type\":\"ImageObject\",\"inLanguage\":\"es-ES\",\"@id\":\"https:\/\/abspace.yves-rocher.com\/es\/#\/schema\/person\/image\/\",\"url\":\"https:\/\/secure.gravatar.com\/avatar\/610d2792616e6f74a4f3fbadf5cd6c89?s=96&d=mm&r=g\",\"contentUrl\":\"https:\/\/secure.gravatar.com\/avatar\/610d2792616e6f74a4f3fbadf5cd6c89?s=96&d=mm&r=g\",\"caption\":\"Alice Mendes\"},\"url\":\"https:\/\/abspace.yves-rocher.com\/es\/es\/author\/alicemendes\/\"}]}<\/script>\n<!-- \/ Yoast SEO plugin. -->","yoast_head_json":{"title":"Act Beautiful - \u00bfC\u00f3mo cuidar una piel sensible? - Yves Rocher","robots":{"index":"index","follow":"follow","max-snippet":"max-snippet:-1","max-image-preview":"max-image-preview:large","max-video-preview":"max-video-preview:-1"},"canonical":"https:\/\/abspace.yves-rocher.com\/es\/es\/piel-sensible\/","og_locale":"es_ES","og_type":"article","og_title":"Act Beautiful - \u00bfC\u00f3mo cuidar una piel sensible? - Yves Rocher","og_url":"https:\/\/abspace.yves-rocher.com\/es\/es\/piel-sensible\/","og_site_name":"Spain YR AB","article_published_time":"2020-05-11T12:15:50+00:00","article_modified_time":"2021-10-14T09:33:43+00:00","og_image":[{"width":750,"height":1036,"url":"https:\/\/abspace.yves-rocher.com\/es\/wp-content\/uploads\/sites\/11\/2020\/01\/2003_D_HP-AB-SPACE_Image1_750x1036-1_1600287.jpg","type":"image\/jpeg"}],"author":"Alice Mendes","twitter_card":"summary_large_image","twitter_misc":{"Written by":"Alice Mendes"},"schema":{"@context":"https:\/\/schema.org","@graph":[{"@type":"WebPage","@id":"https:\/\/abspace.yves-rocher.com\/es\/es\/piel-sensible\/","url":"https:\/\/abspace.yves-rocher.com\/es\/es\/piel-sensible\/","name":"Act Beautiful - \u00bfC\u00f3mo cuidar una piel sensible? - Yves Rocher","isPartOf":{"@id":"https:\/\/abspace.yves-rocher.com\/es\/#website"},"primaryImageOfPage":{"@id":"https:\/\/abspace.yves-rocher.com\/es\/es\/piel-sensible\/#primaryimage"},"image":{"@id":"https:\/\/abspace.yves-rocher.com\/es\/es\/piel-sensible\/#primaryimage"},"thumbnailUrl":"https:\/\/abspace.yves-rocher.com\/es\/wp-content\/uploads\/sites\/11\/2020\/01\/2003_D_HP-AB-SPACE_Image1_750x1036-1_1600287.jpg","datePublished":"2020-05-11T12:15:50+00:00","dateModified":"2021-10-14T09:33:43+00:00","author":{"@id":"https:\/\/abspace.yves-rocher.com\/es\/#\/schema\/person\/40f8c53003459b41fa1aca086c588e97"},"breadcrumb":{"@id":"https:\/\/abspace.yves-rocher.com\/es\/es\/piel-sensible\/#breadcrumb"},"inLanguage":"es-ES","potentialAction":[{"@type":"ReadAction","target":["https:\/\/abspace.yves-rocher.com\/es\/es\/piel-sensible\/"]}]},{"@type":"ImageObject","inLanguage":"es-ES","@id":"https:\/\/abspace.yves-rocher.com\/es\/es\/piel-sensible\/#primaryimage","url":"https:\/\/abspace.yves-rocher.com\/es\/wp-content\/uploads\/sites\/11\/2020\/01\/2003_D_HP-AB-SPACE_Image1_750x1036-1_1600287.jpg","contentUrl":"https:\/\/abspace.yves-rocher.com\/es\/wp-content\/uploads\/sites\/11\/2020\/01\/2003_D_HP-AB-SPACE_Image1_750x1036-1_1600287.jpg","width":750,"height":1036},{"@type":"BreadcrumbList","@id":"https:\/\/abspace.yves-rocher.com\/es\/es\/piel-sensible\/#breadcrumb","itemListElement":[{"@type":"ListItem","position":1,"name":"Home","item":"https:\/\/abspace.yves-rocher.com\/es\/es\/"},{"@type":"ListItem","position":2,"name":"\u00bfC\u00f3mo cuidar una piel sensible?"}]},{"@type":"WebSite","@id":"https:\/\/abspace.yves-rocher.com\/es\/#website","url":"https:\/\/abspace.yves-rocher.com\/es\/","name":"Spain YR AB","description":"Spain YR AB","potentialAction":[{"@type":"SearchAction","target":{"@type":"EntryPoint","urlTemplate":"https:\/\/abspace.yves-rocher.com\/es\/?s={search_term_string}"},"query-input":{"@type":"PropertyValueSpecification","valueRequired":true,"valueName":"search_term_string"}}],"inLanguage":"es-ES"},{"@type":"Person","@id":"https:\/\/abspace.yves-rocher.com\/es\/#\/schema\/person\/40f8c53003459b41fa1aca086c588e97","name":"Alice Mendes","image":{"@type":"ImageObject","inLanguage":"es-ES","@id":"https:\/\/abspace.yves-rocher.com\/es\/#\/schema\/person\/image\/","url":"https:\/\/secure.gravatar.com\/avatar\/610d2792616e6f74a4f3fbadf5cd6c89?s=96&d=mm&r=g","contentUrl":"https:\/\/secure.gravatar.com\/avatar\/610d2792616e6f74a4f3fbadf5cd6c89?s=96&d=mm&r=g","caption":"Alice Mendes"},"url":"https:\/\/abspace.yves-rocher.com\/es\/es\/author\/alicemendes\/"}]}},"_links":{"self":[{"href":"https:\/\/abspace.yves-rocher.com\/es\/ws\/wp\/v2\/posts\/5475","targetHints":{"allow":["GET"]}}],"collection":[{"href":"https:\/\/abspace.yves-rocher.com\/es\/ws\/wp\/v2\/posts"}],"about":[{"href":"https:\/\/abspace.yves-rocher.com\/es\/ws\/wp\/v2\/types\/post"}],"author":[{"embeddable":true,"href":"https:\/\/abspace.yves-rocher.com\/es\/ws\/wp\/v2\/users\/935949"}],"replies":[{"embeddable":true,"href":"https:\/\/abspace.yves-rocher.com\/es\/ws\/wp\/v2\/comments?post=5475"}],"version-history":[{"count":3,"href":"https:\/\/abspace.yves-rocher.com\/es\/ws\/wp\/v2\/posts\/5475\/revisions"}],"predecessor-version":[{"id":5485,"href":"https:\/\/abspace.yves-rocher.com\/es\/ws\/wp\/v2\/posts\/5475\/revisions\/5485"}],"wp:featuredmedia":[{"embeddable":true,"href":"https:\/\/abspace.yves-rocher.com\/es\/ws\/wp\/v2\/media\/5194"}],"wp:attachment":[{"href":"https:\/\/abspace.yves-rocher.com\/es\/ws\/wp\/v2\/media?parent=5475"}],"wp:term":[{"taxonomy":"category","embeddable":true,"href":"https:\/\/abspace.yves-rocher.com\/es\/ws\/wp\/v2\/categories?post=5475"},{"taxonomy":"post_tag","embeddable":true,"href":"https:\/\/abspace.yves-rocher.com\/es\/ws\/wp\/v2\/tags?post=5475"}],"curies":[{"name":"wp","href":"https:\/\/api.w.org\/{rel}","templated":true}]}}