{"id":600,"date":"2017-05-05T08:00:10","date_gmt":"2017-05-05T08:00:10","guid":{"rendered":"http:\/\/abspace.yves-rocher.com\/es\/?p=600"},"modified":"2021-10-14T11:42:35","modified_gmt":"2021-10-14T10:42:35","slug":"escapada-en-plena-naturaleza","status":"publish","type":"post","link":"https:\/\/abspace.yves-rocher.com\/es\/es\/escapada-en-plena-naturaleza\/","title":{"rendered":"Escapada en plena naturaleza"},"content":{"rendered":"<div id=\"pl-600\"  class=\"panel-layout\" ><div id=\"pg-600-0\"  class=\"panel-grid panel-no-style\" ><div id=\"pgc-600-0-0\"  class=\"panel-grid-cell\" ><div id=\"panel-600-0-0-0\" class=\"so-panel widget widget_sow-editor panel-first-child panel-last-child\" data-index=\"0\" ><div\n\t\t\t\n\t\t\tclass=\"so-widget-sow-editor so-widget-sow-editor-base\"\n\t\t\t\n\t\t>\n<div class=\"siteorigin-widget-tinymce textwidget\">\n\t<h2 style=\"text-align: center\">\u00a1Te llevamos de paseo revitalizante por las tierras de La Gacilly! \u00a1D\u00e9jate guiar!<\/h2>\n<\/div>\n<\/div><\/div><\/div><\/div><div id=\"pg-600-1\"  class=\"panel-grid panel-no-style\" ><div id=\"pgc-600-1-0\"  class=\"panel-grid-cell\" ><div id=\"panel-600-1-0-0\" class=\"so-panel widget widget_sow-image panel-first-child panel-last-child\" data-index=\"1\" ><div\n\t\t\t\n\t\t\tclass=\"so-widget-sow-image so-widget-sow-image-default-8b5b6f678277-600\"\n\t\t\t\n\t\t>\r\n\r\n\r\n<div class=\"sow-image-container\">\r\n    \r\n    <img loading=\"lazy\" decoding=\"async\" src=\"https:\/\/abspace.yves-rocher.com\/es\/wp-content\/uploads\/sites\/11\/2017\/06\/1708_Echappee-nature_Image1_2496x652.jpg\" width=\"2496\" height=\"652\" srcset=\"\"          class=\"so-widget-image\" \/>\r\n\r\n    \r\n    \r\n    <\/div>\r\n\r\n<\/div><\/div><\/div><\/div><div id=\"pg-600-2\"  class=\"panel-grid panel-no-style\" ><div id=\"pgc-600-2-0\"  class=\"panel-grid-cell\" ><div id=\"panel-600-2-0-0\" class=\"so-panel widget widget_sow-editor panel-first-child\" data-index=\"2\" ><div\n\t\t\t\n\t\t\tclass=\"so-widget-sow-editor so-widget-sow-editor-base\"\n\t\t\t\n\t\t>\n<div class=\"siteorigin-widget-tinymce textwidget\">\n\t<p style=\"text-align: justify\" align=\"justify\">\u00a0<\/p>\n<p>El d\u00eda comienza con los primeros rayos de sol entrando a nuestra habitaci\u00f3n en el<strong> Eco H\u00f4tel Spa Yves Rocher<\/strong>. Con las primeras luces del d\u00eda, <strong>disfrutamos del despertar de la naturaleza<\/strong> desde la terraza de nuestra habitaci\u00f3n. \u00bfQu\u00e9 mejor que el canto de los p\u00e1jaros para empezar el d\u00eda? Y en La Gacilly hay una gran variedad... <strong>\u00a1M\u00e1s de 72 especies!<\/strong><\/p>\n<p style=\"text-align: justify\" align=\"justify\">creaci\u00f3n del hotel, se ha pensado en todo con la ayuda de la<strong> LPO (Ligue pour la Protection des Oiseaux)<\/strong>, el equivalente franc\u00e9s de Birdlife International poniendo a su disposici\u00f3n peque\u00f1os nidos mullidos por todas partes. Y como est\u00e1n en la cima de la cadena alimentaria, han venido acompa\u00f1ados de toda clase de mariposas, grillos, saltamontes... \u00a1<strong>Un verdadero refugio de biodiversidad!<\/strong><\/p>\n<p style=\"text-align: justify\" align=\"justify\">\u00a0<\/p>\n<\/div>\n<\/div><\/div><div id=\"panel-600-2-0-1\" class=\"so-panel widget widget_sow-image panel-last-child\" data-index=\"3\" ><div\n\t\t\t\n\t\t\tclass=\"so-widget-sow-image so-widget-sow-image-default-8b5b6f678277-600\"\n\t\t\t\n\t\t>\r\n\r\n\r\n<div class=\"sow-image-container\">\r\n    \r\n    <img loading=\"lazy\" decoding=\"async\" src=\"https:\/\/abspace.yves-rocher.com\/es\/wp-content\/uploads\/sites\/11\/2017\/06\/1708_Echapees-nature_Image3_1100x652_5036154.jpg\" width=\"1100\" height=\"652\" srcset=\"\" title=\"1708_Echapees-nature_Image3_1100x652\"          class=\"so-widget-image\" \/>\r\n\r\n    \r\n    \r\n    <\/div>\r\n\r\n<\/div><\/div><\/div><div id=\"pgc-600-2-1\"  class=\"panel-grid-cell\" ><div id=\"panel-600-2-1-0\" class=\"so-panel widget widget_sow-video panel-first-child\" data-index=\"4\" ><div\n\t\t\t\n\t\t\tclass=\"so-widget-sow-video so-widget-sow-video-default-f379b959fc93-600\"\n\t\t\t\n\t\t>\n<div class=\"sow-video-wrapper\">\n\t\t\t<video\n\t\t\tid=\"sow-player-1\" class=\"sow-video-widget\" preload=\"auto\" style=\"width:100%;height:100%;\" autoplay playsinline muted=\"1\" controls \t\t>\n\t\t\t\t\t\t\t<source type=\"video\/mp4\" src=\"https:\/\/abspace.yves-rocher.com\/es\/wp-content\/uploads\/sites\/11\/2017\/06\/YR-221890-MadeinLaGacilly_post7.mp4\"\/>\n\t\t\t\t\t<\/video>\n\t<\/div>\n<\/div><\/div><div id=\"panel-600-2-1-1\" class=\"so-panel widget widget_sow-editor panel-last-child\" data-index=\"5\" ><div\n\t\t\t\n\t\t\tclass=\"so-widget-sow-editor so-widget-sow-editor-base\"\n\t\t\t\n\t\t>\n<div class=\"siteorigin-widget-tinymce textwidget\">\n\t<p style=\"text-align: justify\">Despu\u00e9s de un<strong> rico desayuno bio y local<\/strong> en el restaurante Les Jardins Sauvages, nos gusta vagar sin rumbo por los senderos del jard\u00edn bot\u00e1nico para descubrir sus <strong>1500 especies de plantas<\/strong> que se utilizan en la industria cosm\u00e9tica, perfumer\u00eda, alimentaria o textil... Descubrimos todo tipo de <strong>texturas, olores y colores.<\/strong><\/p>\n<\/div>\n<\/div><\/div><\/div><\/div><div id=\"pg-600-3\"  class=\"panel-grid panel-no-style\" ><div id=\"pgc-600-3-0\"  class=\"panel-grid-cell\" ><div id=\"panel-600-3-0-0\" class=\"so-panel widget widget_sow-image panel-first-child panel-last-child\" data-index=\"6\" ><div\n\t\t\t\n\t\t\tclass=\"so-widget-sow-image so-widget-sow-image-default-8b5b6f678277-600\"\n\t\t\t\n\t\t>\r\n\r\n\r\n<div class=\"sow-image-container\">\r\n    \r\n    <img loading=\"lazy\" decoding=\"async\" src=\"https:\/\/abspace.yves-rocher.com\/es\/wp-content\/uploads\/sites\/11\/2017\/06\/1708_Echappee-nature_Image4_2496x652_7646685.jpg\" width=\"2496\" height=\"652\" srcset=\"\" title=\"1708_Echappee-nature_Image4_2496x652\"          class=\"so-widget-image\" \/>\r\n\r\n    \r\n    \r\n    <\/div>\r\n\r\n<\/div><\/div><\/div><\/div><div id=\"pg-600-4\"  class=\"panel-grid panel-no-style\" ><div id=\"pgc-600-4-0\"  class=\"panel-grid-cell\" ><div id=\"panel-600-4-0-0\" class=\"so-panel widget widget_sow-video panel-first-child panel-last-child\" data-index=\"7\" ><div\n\t\t\t\n\t\t\tclass=\"so-widget-sow-video so-widget-sow-video-default-f379b959fc93-600\"\n\t\t\t\n\t\t>\n<div class=\"sow-video-wrapper\">\n\t\t\t<video\n\t\t\tid=\"sow-player-2\" class=\"sow-video-widget\" preload=\"auto\" style=\"width:100%;height:100%;\" autoplay playsinline muted=\"1\" controls \t\t>\n\t\t\t\t\t\t\t<source type=\"video\/mp4\" src=\"https:\/\/abspace.yves-rocher.com\/es\/wp-content\/uploads\/sites\/11\/2017\/06\/YR-221891-MadeinLaGacilly_post8.mp4\"\/>\n\t\t\t\t\t<\/video>\n\t<\/div>\n<\/div><\/div><\/div><div id=\"pgc-600-4-1\"  class=\"panel-grid-cell\" ><div id=\"panel-600-4-1-0\" class=\"so-panel widget widget_sow-editor panel-first-child\" data-index=\"8\" ><div\n\t\t\t\n\t\t\tclass=\"so-widget-sow-editor so-widget-sow-editor-base\"\n\t\t\t\n\t\t>\n<div class=\"siteorigin-widget-tinymce textwidget\">\n\t<p style=\"text-align: justify\">\u00a0<\/p>\n<p>Para continuar con nuestro paseo en armon\u00eda con la naturaleza, ponemos rumbo a nuestras <strong>55 hect\u00e1reas de campos bio<\/strong>. Un festival de colores brillantes: <strong>\u00e1rnica, cal\u00e9ndula, aciano, camomila<\/strong>... All\u00ed nos encontramos con Maya, una de las abejas de las <strong>270 colmenas implantadas alrededor de nuestros campos<\/strong>. Aprovechamos para probar la miel de la Gacilly con sus notas florales que provienen de la Camomila y del Aciano.<\/p>\n<p style=\"text-align: justify\">Para terminar, aprovechamos para pasear por las calles del pueblo descubriendo a los <strong>fot\u00f3grafos africanos<\/strong> que muestran la relaci\u00f3n entre Hombres y animales. Descubre m\u00e1s sobre el <em><a href=\"http:\/\/www.yves-rocher.es\/actbeautiful\/es\/es\/la-photo-donne-rendez-vous-a-la-planete-2\/\">festival de fotograf\u00eda<\/a>.\u00a0<\/em><\/p>\n<\/div>\n<\/div><\/div><div id=\"panel-600-4-1-1\" class=\"so-panel widget widget_sow-image panel-last-child\" data-index=\"9\" ><div\n\t\t\t\n\t\t\tclass=\"so-widget-sow-image so-widget-sow-image-default-8b5b6f678277-600\"\n\t\t\t\n\t\t>\r\n\r\n\r\n<div class=\"sow-image-container\">\r\n    \r\n    <img loading=\"lazy\" decoding=\"async\" src=\"https:\/\/abspace.yves-rocher.com\/es\/wp-content\/uploads\/sites\/11\/2017\/06\/1708_Echapees-nature_Image5_1100x652_4042854.jpg\" width=\"1100\" height=\"652\" srcset=\"\" title=\"1708_Echapees-nature_Image5_1100x652\"          class=\"so-widget-image\" \/>\r\n\r\n    \r\n    \r\n    <\/div>\r\n\r\n<\/div><\/div><\/div><\/div><div id=\"pg-600-5\"  class=\"panel-grid panel-no-style\" ><div id=\"pgc-600-5-0\"  class=\"panel-grid-cell\" ><div id=\"panel-600-5-0-0\" class=\"so-panel widget widget_sow-image panel-first-child panel-last-child\" data-index=\"10\" ><div\n\t\t\t\n\t\t\tclass=\"so-widget-sow-image so-widget-sow-image-default-8b5b6f678277-600\"\n\t\t\t\n\t\t>\r\n\r\n\r\n<div class=\"sow-image-container\">\r\n    \r\n    <img loading=\"lazy\" decoding=\"async\" src=\"https:\/\/abspace.yves-rocher.com\/es\/wp-content\/uploads\/sites\/11\/2017\/06\/1708_Echapees-nature_Image8_1100x652_4279378.jpg\" width=\"1100\" height=\"652\" srcset=\"\" title=\"1708_Echapees-nature_Image8_1100x652\"          class=\"so-widget-image\" \/>\r\n\r\n    \r\n    \r\n    <\/div>\r\n\r\n<\/div><\/div><\/div><div id=\"pgc-600-5-1\"  class=\"panel-grid-cell\" ><div id=\"panel-600-5-1-0\" class=\"so-panel widget widget_sow-image panel-first-child panel-last-child\" data-index=\"11\" ><div\n\t\t\t\n\t\t\tclass=\"so-widget-sow-image so-widget-sow-image-default-8b5b6f678277-600\"\n\t\t\t\n\t\t>\r\n\r\n\r\n<div class=\"sow-image-container\">\r\n    \r\n    <img loading=\"lazy\" decoding=\"async\" src=\"https:\/\/abspace.yves-rocher.com\/es\/wp-content\/uploads\/sites\/11\/2017\/06\/1708_Echapees-nature_Image7_1100x652_7637849.jpg\" width=\"1100\" height=\"652\" srcset=\"\" title=\"1708_Echapees-nature_Image7_1100x652\"          class=\"so-widget-image\" \/>\r\n\r\n    \r\n    \r\n    <\/div>\r\n\r\n<\/div><\/div><\/div><\/div><div id=\"pg-600-6\"  class=\"panel-grid panel-no-style\" ><div id=\"pgc-600-6-0\"  class=\"panel-grid-cell\" ><div id=\"panel-600-6-0-0\" class=\"so-panel widget widget_sow-image panel-first-child panel-last-child\" data-index=\"12\" ><div\n\t\t\t\n\t\t\tclass=\"so-widget-sow-image so-widget-sow-image-default-8b5b6f678277-600\"\n\t\t\t\n\t\t>\r\n\r\n\r\n<div class=\"sow-image-container\">\r\n    \r\n    <img loading=\"lazy\" decoding=\"async\" src=\"https:\/\/abspace.yves-rocher.com\/es\/wp-content\/uploads\/sites\/11\/2017\/06\/1708_Echapees-nature_Image6_1100x652_3167496.jpg\" width=\"1100\" height=\"652\" srcset=\"\" title=\"1708_Echapees-nature_Image6_1100x652\"          class=\"so-widget-image\" \/>\r\n\r\n    \r\n    \r\n    <\/div>\r\n\r\n<\/div><\/div><\/div><div id=\"pgc-600-6-1\"  class=\"panel-grid-cell\" ><div id=\"panel-600-6-1-0\" class=\"so-panel widget panel-first-child panel-last-child\" data-index=\"13\" ><\/div><\/div><\/div><\/div>","protected":false},"excerpt":{"rendered":"<p>\u00bfUn paseo revitalizante por nuestros campos de La Gacilly? \u00a1Te guiamos!<\/p>\n","protected":false},"author":1,"featured_media":604,"comment_status":"open","ping_status":"open","sticky":false,"template":"","format":"standard","meta":{"_acf_changed":false,"_exactmetrics_skip_tracking":false,"_exactmetrics_sitenote_active":false,"_exactmetrics_sitenote_note":"","_exactmetrics_sitenote_category":0,"footnotes":""},"categories":[1],"tags":[68],"class_list":["post-600","post","type-post","status-publish","format-standard","has-post-thumbnail","hentry","category-uncategorized","tag-lagacilly"],"acf":[],"yoast_head":"<!-- This site is optimized with the Yoast SEO plugin v24.7 - https:\/\/yoast.com\/wordpress\/plugins\/seo\/ -->\n<title>Act Beautiful - Escapada en plena naturaleza - Yves Rocher<\/title>\n<meta name=\"description\" content=\"\u00a1Te llevamos de paseo revitalizante por las tierras de La Gacilly! \u00a1D\u00e9jate guiar!\" \/>\n<meta name=\"robots\" content=\"index, follow, max-snippet:-1, max-image-preview:large, max-video-preview:-1\" \/>\n<link rel=\"canonical\" href=\"https:\/\/abspace.yves-rocher.com\/es\/es\/escapada-en-plena-naturaleza\/\" \/>\n<meta property=\"og:locale\" content=\"es_ES\" \/>\n<meta property=\"og:type\" content=\"article\" \/>\n<meta property=\"og:title\" content=\"Act Beautiful - Escapada en plena naturaleza - Yves Rocher\" \/>\n<meta property=\"og:description\" content=\"\u00a1Te llevamos de paseo revitalizante por las tierras de La Gacilly! \u00a1D\u00e9jate guiar!\" \/>\n<meta property=\"og:url\" content=\"https:\/\/abspace.yves-rocher.com\/es\/es\/escapada-en-plena-naturaleza\/\" \/>\n<meta property=\"og:site_name\" content=\"Spain YR AB\" \/>\n<meta property=\"article:published_time\" content=\"2017-05-05T08:00:10+00:00\" \/>\n<meta property=\"article:modified_time\" content=\"2021-10-14T10:42:35+00:00\" \/>\n<meta property=\"og:image\" content=\"https:\/\/abspace.yves-rocher.com\/es\/wp-content\/uploads\/sites\/11\/2017\/06\/1708_D_HP-AB-SPACE_Image3_750x598_3953977.jpg\" \/>\n\t<meta property=\"og:image:width\" content=\"750\" \/>\n\t<meta property=\"og:image:height\" content=\"598\" \/>\n\t<meta property=\"og:image:type\" content=\"image\/jpeg\" \/>\n<meta name=\"author\" content=\"krdsadmin\" \/>\n<meta name=\"twitter:card\" content=\"summary_large_image\" \/>\n<meta name=\"twitter:label1\" content=\"Written by\" \/>\n\t<meta name=\"twitter:data1\" content=\"krdsadmin\" \/>\n\t<meta name=\"twitter:label2\" content=\"Est. reading time\" \/>\n\t<meta name=\"twitter:data2\" content=\"2 minutes\" \/>\n<script type=\"application\/ld+json\" class=\"yoast-schema-graph\">{\"@context\":\"https:\/\/schema.org\",\"@graph\":[{\"@type\":\"WebPage\",\"@id\":\"https:\/\/abspace.yves-rocher.com\/es\/es\/escapada-en-plena-naturaleza\/\",\"url\":\"https:\/\/abspace.yves-rocher.com\/es\/es\/escapada-en-plena-naturaleza\/\",\"name\":\"Act Beautiful - Escapada en plena naturaleza - Yves Rocher\",\"isPartOf\":{\"@id\":\"https:\/\/abspace.yves-rocher.com\/es\/#website\"},\"primaryImageOfPage\":{\"@id\":\"https:\/\/abspace.yves-rocher.com\/es\/es\/escapada-en-plena-naturaleza\/#primaryimage\"},\"image\":{\"@id\":\"https:\/\/abspace.yves-rocher.com\/es\/es\/escapada-en-plena-naturaleza\/#primaryimage\"},\"thumbnailUrl\":\"https:\/\/abspace.yves-rocher.com\/es\/wp-content\/uploads\/sites\/11\/2017\/06\/1708_D_HP-AB-SPACE_Image3_750x598_3953977.jpg\",\"datePublished\":\"2017-05-05T08:00:10+00:00\",\"dateModified\":\"2021-10-14T10:42:35+00:00\",\"author\":{\"@id\":\"https:\/\/abspace.yves-rocher.com\/es\/#\/schema\/person\/ec696ee18287f26537143fb2cfd6f3a9\"},\"description\":\"\u00a1Te llevamos de paseo revitalizante por las tierras de La Gacilly! \u00a1D\u00e9jate guiar!\",\"breadcrumb\":{\"@id\":\"https:\/\/abspace.yves-rocher.com\/es\/es\/escapada-en-plena-naturaleza\/#breadcrumb\"},\"inLanguage\":\"es-ES\",\"potentialAction\":[{\"@type\":\"ReadAction\",\"target\":[\"https:\/\/abspace.yves-rocher.com\/es\/es\/escapada-en-plena-naturaleza\/\"]}]},{\"@type\":\"ImageObject\",\"inLanguage\":\"es-ES\",\"@id\":\"https:\/\/abspace.yves-rocher.com\/es\/es\/escapada-en-plena-naturaleza\/#primaryimage\",\"url\":\"https:\/\/abspace.yves-rocher.com\/es\/wp-content\/uploads\/sites\/11\/2017\/06\/1708_D_HP-AB-SPACE_Image3_750x598_3953977.jpg\",\"contentUrl\":\"https:\/\/abspace.yves-rocher.com\/es\/wp-content\/uploads\/sites\/11\/2017\/06\/1708_D_HP-AB-SPACE_Image3_750x598_3953977.jpg\",\"width\":750,\"height\":598},{\"@type\":\"BreadcrumbList\",\"@id\":\"https:\/\/abspace.yves-rocher.com\/es\/es\/escapada-en-plena-naturaleza\/#breadcrumb\",\"itemListElement\":[{\"@type\":\"ListItem\",\"position\":1,\"name\":\"Home\",\"item\":\"https:\/\/abspace.yves-rocher.com\/es\/es\/\"},{\"@type\":\"ListItem\",\"position\":2,\"name\":\"Escapada en plena naturaleza\"}]},{\"@type\":\"WebSite\",\"@id\":\"https:\/\/abspace.yves-rocher.com\/es\/#website\",\"url\":\"https:\/\/abspace.yves-rocher.com\/es\/\",\"name\":\"Spain YR AB\",\"description\":\"Spain YR AB\",\"potentialAction\":[{\"@type\":\"SearchAction\",\"target\":{\"@type\":\"EntryPoint\",\"urlTemplate\":\"https:\/\/abspace.yves-rocher.com\/es\/?s={search_term_string}\"},\"query-input\":{\"@type\":\"PropertyValueSpecification\",\"valueRequired\":true,\"valueName\":\"search_term_string\"}}],\"inLanguage\":\"es-ES\"},{\"@type\":\"Person\",\"@id\":\"https:\/\/abspace.yves-rocher.com\/es\/#\/schema\/person\/ec696ee18287f26537143fb2cfd6f3a9\",\"name\":\"krdsadmin\",\"image\":{\"@type\":\"ImageObject\",\"inLanguage\":\"es-ES\",\"@id\":\"https:\/\/abspace.yves-rocher.com\/es\/#\/schema\/person\/image\/\",\"url\":\"https:\/\/secure.gravatar.com\/avatar\/93174a0612e45c1a7b3ff213533800d4?s=96&d=mm&r=g\",\"contentUrl\":\"https:\/\/secure.gravatar.com\/avatar\/93174a0612e45c1a7b3ff213533800d4?s=96&d=mm&r=g\",\"caption\":\"krdsadmin\"},\"url\":\"https:\/\/abspace.yves-rocher.com\/es\/es\/author\/krdsadmin\/\"}]}<\/script>\n<!-- \/ Yoast SEO plugin. -->","yoast_head_json":{"title":"Act Beautiful - Escapada en plena naturaleza - Yves Rocher","description":"\u00a1Te llevamos de paseo revitalizante por las tierras de La Gacilly! \u00a1D\u00e9jate guiar!","robots":{"index":"index","follow":"follow","max-snippet":"max-snippet:-1","max-image-preview":"max-image-preview:large","max-video-preview":"max-video-preview:-1"},"canonical":"https:\/\/abspace.yves-rocher.com\/es\/es\/escapada-en-plena-naturaleza\/","og_locale":"es_ES","og_type":"article","og_title":"Act Beautiful - Escapada en plena naturaleza - Yves Rocher","og_description":"\u00a1Te llevamos de paseo revitalizante por las tierras de La Gacilly! \u00a1D\u00e9jate guiar!","og_url":"https:\/\/abspace.yves-rocher.com\/es\/es\/escapada-en-plena-naturaleza\/","og_site_name":"Spain YR AB","article_published_time":"2017-05-05T08:00:10+00:00","article_modified_time":"2021-10-14T10:42:35+00:00","og_image":[{"width":750,"height":598,"url":"https:\/\/abspace.yves-rocher.com\/es\/wp-content\/uploads\/sites\/11\/2017\/06\/1708_D_HP-AB-SPACE_Image3_750x598_3953977.jpg","type":"image\/jpeg"}],"author":"krdsadmin","twitter_card":"summary_large_image","twitter_misc":{"Written by":"krdsadmin","Est. reading time":"2 minutes"},"schema":{"@context":"https:\/\/schema.org","@graph":[{"@type":"WebPage","@id":"https:\/\/abspace.yves-rocher.com\/es\/es\/escapada-en-plena-naturaleza\/","url":"https:\/\/abspace.yves-rocher.com\/es\/es\/escapada-en-plena-naturaleza\/","name":"Act Beautiful - Escapada en plena naturaleza - Yves Rocher","isPartOf":{"@id":"https:\/\/abspace.yves-rocher.com\/es\/#website"},"primaryImageOfPage":{"@id":"https:\/\/abspace.yves-rocher.com\/es\/es\/escapada-en-plena-naturaleza\/#primaryimage"},"image":{"@id":"https:\/\/abspace.yves-rocher.com\/es\/es\/escapada-en-plena-naturaleza\/#primaryimage"},"thumbnailUrl":"https:\/\/abspace.yves-rocher.com\/es\/wp-content\/uploads\/sites\/11\/2017\/06\/1708_D_HP-AB-SPACE_Image3_750x598_3953977.jpg","datePublished":"2017-05-05T08:00:10+00:00","dateModified":"2021-10-14T10:42:35+00:00","author":{"@id":"https:\/\/abspace.yves-rocher.com\/es\/#\/schema\/person\/ec696ee18287f26537143fb2cfd6f3a9"},"description":"\u00a1Te llevamos de paseo revitalizante por las tierras de La Gacilly! \u00a1D\u00e9jate guiar!","breadcrumb":{"@id":"https:\/\/abspace.yves-rocher.com\/es\/es\/escapada-en-plena-naturaleza\/#breadcrumb"},"inLanguage":"es-ES","potentialAction":[{"@type":"ReadAction","target":["https:\/\/abspace.yves-rocher.com\/es\/es\/escapada-en-plena-naturaleza\/"]}]},{"@type":"ImageObject","inLanguage":"es-ES","@id":"https:\/\/abspace.yves-rocher.com\/es\/es\/escapada-en-plena-naturaleza\/#primaryimage","url":"https:\/\/abspace.yves-rocher.com\/es\/wp-content\/uploads\/sites\/11\/2017\/06\/1708_D_HP-AB-SPACE_Image3_750x598_3953977.jpg","contentUrl":"https:\/\/abspace.yves-rocher.com\/es\/wp-content\/uploads\/sites\/11\/2017\/06\/1708_D_HP-AB-SPACE_Image3_750x598_3953977.jpg","width":750,"height":598},{"@type":"BreadcrumbList","@id":"https:\/\/abspace.yves-rocher.com\/es\/es\/escapada-en-plena-naturaleza\/#breadcrumb","itemListElement":[{"@type":"ListItem","position":1,"name":"Home","item":"https:\/\/abspace.yves-rocher.com\/es\/es\/"},{"@type":"ListItem","position":2,"name":"Escapada en plena naturaleza"}]},{"@type":"WebSite","@id":"https:\/\/abspace.yves-rocher.com\/es\/#website","url":"https:\/\/abspace.yves-rocher.com\/es\/","name":"Spain YR AB","description":"Spain YR AB","potentialAction":[{"@type":"SearchAction","target":{"@type":"EntryPoint","urlTemplate":"https:\/\/abspace.yves-rocher.com\/es\/?s={search_term_string}"},"query-input":{"@type":"PropertyValueSpecification","valueRequired":true,"valueName":"search_term_string"}}],"inLanguage":"es-ES"},{"@type":"Person","@id":"https:\/\/abspace.yves-rocher.com\/es\/#\/schema\/person\/ec696ee18287f26537143fb2cfd6f3a9","name":"krdsadmin","image":{"@type":"ImageObject","inLanguage":"es-ES","@id":"https:\/\/abspace.yves-rocher.com\/es\/#\/schema\/person\/image\/","url":"https:\/\/secure.gravatar.com\/avatar\/93174a0612e45c1a7b3ff213533800d4?s=96&d=mm&r=g","contentUrl":"https:\/\/secure.gravatar.com\/avatar\/93174a0612e45c1a7b3ff213533800d4?s=96&d=mm&r=g","caption":"krdsadmin"},"url":"https:\/\/abspace.yves-rocher.com\/es\/es\/author\/krdsadmin\/"}]}},"_links":{"self":[{"href":"https:\/\/abspace.yves-rocher.com\/es\/ws\/wp\/v2\/posts\/600","targetHints":{"allow":["GET"]}}],"collection":[{"href":"https:\/\/abspace.yves-rocher.com\/es\/ws\/wp\/v2\/posts"}],"about":[{"href":"https:\/\/abspace.yves-rocher.com\/es\/ws\/wp\/v2\/types\/post"}],"author":[{"embeddable":true,"href":"https:\/\/abspace.yves-rocher.com\/es\/ws\/wp\/v2\/users\/1"}],"replies":[{"embeddable":true,"href":"https:\/\/abspace.yves-rocher.com\/es\/ws\/wp\/v2\/comments?post=600"}],"version-history":[{"count":13,"href":"https:\/\/abspace.yves-rocher.com\/es\/ws\/wp\/v2\/posts\/600\/revisions"}],"predecessor-version":[{"id":6405,"href":"https:\/\/abspace.yves-rocher.com\/es\/ws\/wp\/v2\/posts\/600\/revisions\/6405"}],"wp:featuredmedia":[{"embeddable":true,"href":"https:\/\/abspace.yves-rocher.com\/es\/ws\/wp\/v2\/media\/604"}],"wp:attachment":[{"href":"https:\/\/abspace.yves-rocher.com\/es\/ws\/wp\/v2\/media?parent=600"}],"wp:term":[{"taxonomy":"category","embeddable":true,"href":"https:\/\/abspace.yves-rocher.com\/es\/ws\/wp\/v2\/categories?post=600"},{"taxonomy":"post_tag","embeddable":true,"href":"https:\/\/abspace.yves-rocher.com\/es\/ws\/wp\/v2\/tags?post=600"}],"curies":[{"name":"wp","href":"https:\/\/api.w.org\/{rel}","templated":true}]}}