{"id":6092,"date":"2021-03-01T14:49:47","date_gmt":"2021-03-01T13:49:47","guid":{"rendered":"http:\/\/abspace.yves-rocher.com\/es\/?p=6092"},"modified":"2021-10-14T10:27:24","modified_gmt":"2021-10-14T09:27:24","slug":"un-simple-brote-un-poderoso-antiedad","status":"publish","type":"post","link":"https:\/\/abspace.yves-rocher.com\/es\/es\/un-simple-brote-un-poderoso-antiedad\/","title":{"rendered":"Un simple brote, un poderoso anti-edad"},"content":{"rendered":"<div id=\"pl-6092\"  class=\"panel-layout\" ><div id=\"pg-6092-0\"  class=\"panel-grid panel-no-style\" ><div id=\"pgc-6092-0-0\"  class=\"panel-grid-cell\" >            <div class=\"textWidget header-description \">\r\n                <p>\u00a1Qu\u00e9 empiece la noche!<\/p>\r\n            <\/div>\r\n    <\/div><\/div><div id=\"pg-6092-1\"  class=\"panel-grid panel-no-style\" ><div id=\"pgc-6092-1-0\"  class=\"panel-grid-cell\" ><div id=\"panel-6092-1-0-0\" class=\"so-panel widget widget_sow-editor panel-first-child panel-last-child\" data-index=\"1\" ><div\n\t\t\t\n\t\t\tclass=\"so-widget-sow-editor so-widget-sow-editor-base\"\n\t\t\t\n\t\t>\n<div class=\"siteorigin-widget-tinymce textwidget\">\n\t<h2>Todo tiene un comienzo\u00a0<\/h2>\n<p>Para dar <strong>respuesta al problema global del envejecimiento de la piel<\/strong>, nuestros investigadores en Cosm\u00e9tica Vegetal, influidos por todo aquello que reconecta la ciencia con la naturaleza, se han inspirado en la Gemoterapia, tambi\u00e9n llamada <strong>ciencia de los brotes vegetales<\/strong>. Los brotes son una maravillosa estructura de la planta ya que tienen la capacidad de crear sus diferentes partes: la hoja, la ra\u00edz, el tallo o la flor. <strong>Concentran en su interior todos los elementos esenciales para la vida y para el crecimiento de la planta<\/strong>: vitaminas, minerales y otros nutrientes.<\/p>\n<p><strong>Transformar el poder nativo de los brotes en un activo de cosm\u00e9tica vegetal<\/strong>, ha demostrado ser un verdadero logro cient\u00edfico para nuestros investigadores en Cosm\u00e9tica Vegetal. Para ello, han desarrollado un <strong>proceso de biotecnolog\u00eda vegetal patentado<\/strong> que ha permitido crear un <strong>ingrediente activo innovador: el N\u00e9ctar de Brotes Vegetales<\/strong>, a partir de una \u00fanica muestra tomada de una planta seleccionada y conservada (Syringa vulgaris). Mediante un proceso natural, estas preciadas c\u00e9lulas son amplificadas, multiplicadas y luego fragmentadas para sean naturalmente asimilables por la piel: <strong>as\u00ed nace el\u00a0N\u00e9ctar de Brotes Vegetales.\u00a0<\/strong><\/p>\n<\/div>\n<\/div><\/div><\/div><div id=\"pgc-6092-1-1\"  class=\"panel-grid-cell\" ><div id=\"panel-6092-1-1-0\" class=\"so-panel widget widget_sow-image panel-first-child panel-last-child\" data-index=\"2\" ><div\n\t\t\t\n\t\t\tclass=\"so-widget-sow-image so-widget-sow-image-default-8b5b6f678277-6092\"\n\t\t\t\n\t\t>\r\n\r\n\r\n<div class=\"sow-image-container\">\r\n    <a href=\"https:\/\/www.yves-rocher.es\/anti-age-global\/concentrado-bifasico-recuperador-de-noche\/p\/94900\" target=\"_blank\">\r\n    <img loading=\"lazy\" decoding=\"async\" src=\"https:\/\/abspace.yves-rocher.com\/es\/wp-content\/uploads\/sites\/11\/2021\/03\/2102_S_HP_Article-3_S\u00e9rums-AAG_Visuel_4_1100x652.jpg\" width=\"1100\" height=\"652\" srcset=\"\" title=\"N\u00e9ctar de Brotes Vegetales\"          class=\"so-widget-image\" \/>\r\n\r\n    \r\n    <\/a>\r\n    <\/div>\r\n\r\n<\/div><\/div><\/div><\/div><div id=\"pg-6092-2\"  class=\"panel-grid panel-no-style\" ><div id=\"pgc-6092-2-0\"  class=\"panel-grid-cell\" ><div id=\"panel-6092-2-0-0\" class=\"so-panel widget widget_sow-editor panel-first-child panel-last-child\" data-index=\"3\" ><div\n\t\t\t\n\t\t\tclass=\"so-widget-sow-editor so-widget-sow-editor-base\"\n\t\t\t\n\t\t>\n<div class=\"siteorigin-widget-tinymce textwidget\">\n\t<h2>La noche, al servicio de la recuperaci\u00f3n de la piel<\/h2>\n<p>En 2021, con el objetivo de ir a\u00fan m\u00e1s lejos en la expertise de nuestra l\u00ednea facial <a href=\"https:\/\/www.yves-rocher.es\/anti-age-global\/c\/6B\">Anti-Age Global<\/a>, nos interesamos por la fase del sue\u00f1o. De hecho, <strong>la noche es el momento en que la multiplicaci\u00f3n celular est\u00e1 en su plenitud.<\/strong> Este momento de alta actividad metab\u00f3lica, es tambi\u00e9n<strong> el momento en que es mayor la penetraci\u00f3n de los ingredientes activos en el interior de la piel.<\/strong> Dado que el principio activo, N\u00e9ctar de Brotes Vegetales, es clave para tratar los signos de envejecimiento y embellecer la piel en su superficie, hemos apostado por \u00e9l para que act\u00fae en el coraz\u00f3n de las c\u00e9lulas mientras duermes.\u00a0 \u00bfC\u00f3mo? Con el nuevo producto, <a href=\"https:\/\/www.yves-rocher.es\/anti-age-global\/concentrado-bifasico-recuperador-de-noche\/p\/94900\">Concentrado Bif\u00e1sico Recuperador Noche. <\/a><strong>Un s\u00e9rum dos veces m\u00e1s concentrado<\/strong> en N\u00e9ctar de Brotes Vegetales. Se aplica de noche y goza de <strong>propiedades de regeneraci\u00f3n absolutamente incre\u00edbles para la piel<\/strong>: la piel se recupera mucho m\u00e1s r\u00e1pido ya que los ingredientes activos penetran al mismo tiempo que la piel se renueva mientras duermes, para un beneficio de la piel diez veces mayor.<\/p>\n<\/div>\n<\/div><\/div><\/div><\/div><div id=\"pg-6092-3\"  class=\"panel-grid panel-no-style\" ><div id=\"pgc-6092-3-0\"  class=\"panel-grid-cell\" ><div id=\"panel-6092-3-0-0\" class=\"so-panel widget widget_sow-image panel-first-child panel-last-child\" data-index=\"4\" ><div\n\t\t\t\n\t\t\tclass=\"so-widget-sow-image so-widget-sow-image-default-c67d20f9f743-6092\"\n\t\t\t\n\t\t>\r\n\r\n\r\n<div class=\"sow-image-container\">\r\n    <a href=\"https:\/\/www.yves-rocher.es\/anti-age-global\/concentrado-bifasico-recuperador-de-noche\/p\/94900\" target=\"_blank\">\r\n    <img loading=\"lazy\" decoding=\"async\" src=\"https:\/\/abspace.yves-rocher.com\/es\/wp-content\/uploads\/sites\/11\/2020\/12\/2102_S_HP_Article-3_S\u00e9rums-AAG_Visuel_1_1100x652-300x178.jpg\" width=\"300\" height=\"178\" srcset=\"\" title=\"Concentrado Bif\u00e1sico Recuperador de Noche\"          class=\"so-widget-image\" \/>\r\n\r\n    \r\n    <\/a>\r\n    <\/div>\r\n\r\n<\/div><\/div><\/div><div id=\"pgc-6092-3-1\"  class=\"panel-grid-cell\" ><div id=\"panel-6092-3-1-0\" class=\"so-panel widget widget_sow-editor panel-first-child panel-last-child\" data-index=\"5\" ><div\n\t\t\t\n\t\t\tclass=\"so-widget-sow-editor so-widget-sow-editor-base\"\n\t\t\t\n\t\t>\n<div class=\"siteorigin-widget-tinymce textwidget\">\n\t<h2>Una f\u00f3rmula \u00fanica de doble fase<\/h2>\n<p>Este<a href=\"https:\/\/www.yves-rocher.es\/anti-age-global\/concentrado-bifasico-recuperador-de-noche\/p\/94900\"> Concentrado Bif\u00e1sico Recuperador Noche<\/a> tiene una <strong>textura innovadora que combina dos fases: oleosa (para la reparaci\u00f3n celular) y acuosa (para la regenaraci\u00f3n de la piel)<\/strong>. Por un lado, los <strong>aceites vegetales excepcionales<\/strong> aportan al s\u00e9rum una textura muy suave, natural y \u00fanica. Esta parte contiene aceite de Semilla de Uva, de borraja, de Camelina y de Jojoba.\u00a0 Mientras que por otro lado, la consistencia ligeramente gelificada, textura \u00fanica, viene de la <strong>doble concentraci\u00f3n del N\u00e9ctar de Brotes Vegetales<\/strong>.\u00a0<\/p>\n<p>La combinaci\u00f3n de las dos fases ofrece una<strong> doble eficacia.<\/strong> Una envolvente textura bif\u00e1sica, suave y ligera que nutre al mismo tiempo que proporciona una aplicaci\u00f3n muy sensorial. <\/p>\n<p>\u00a0<\/p>\n<\/div>\n<\/div><\/div><\/div><\/div><div id=\"pg-6092-4\"  class=\"panel-grid panel-no-style\" ><div id=\"pgc-6092-4-0\"  class=\"panel-grid-cell\" ><div id=\"panel-6092-4-0-0\" class=\"so-panel widget widget_sow-editor panel-first-child panel-last-child\" data-index=\"6\" ><div\n\t\t\t\n\t\t\tclass=\"so-widget-sow-editor so-widget-sow-editor-base\"\n\t\t\t\n\t\t>\n<div class=\"siteorigin-widget-tinymce textwidget\">\n\t<p>Perfecciona tu rutina facial con nuestra l\u00ednea de cuidado de la piel <a href=\"https:\/\/www.yves-rocher.es\/anti-age-global\/c\/6B\">Anti-Age Global<\/a>, incluyendo el cuidado facial durante la noche. <strong>D\u00eda tras d\u00eda, al despertar, la piel se vuelve m\u00e1s luminoda, las l\u00edneas de expresi\u00f3n se suavizan y las arrugas se vuelven menos visibles. La piel se vuelve m\u00e1s firma, regenerada y reparada. <\/strong>Como a\u00f1adido, te recordamos que este <a href=\"https:\/\/www.yves-rocher.es\/anti-age-global\/concentrado-bifasico-recuperador-de-noche\/p\/94900\">s\u00e9rum<\/a> est\u00e1 libre de siliconas, colorantes, aceites minerables y parabenos. \u00a1Incluye la innovaci\u00f3n de la cosm\u00e9tica vegetal en tu rutina!<\/p>\n<\/div>\n<\/div><\/div><\/div><\/div><div id=\"pg-6092-5\"  class=\"panel-grid panel-no-style\" ><div id=\"pgc-6092-5-0\"  class=\"panel-grid-cell\" ><div id=\"panel-6092-5-0-0\" class=\"so-panel widget panel-first-child panel-last-child\" data-index=\"7\" ><\/div><\/div><\/div><\/div>","protected":false},"excerpt":{"rendered":"<p>Todo tiene un comienzo\u00a0Para dar respuesta al problema global del envejecimiento de la piel, nuestros investigadores en Cosm\u00e9tica Vegetal, influidos por todo aquello que reconecta la ciencia con la naturaleza, se han inspirado en la Gemoterapia, tambi\u00e9n llamada ciencia de los brotes vegetales. Los brotes son una maravillosa estructura de la planta ya que tienen &hellip; <a href=\"https:\/\/abspace.yves-rocher.com\/es\/es\/un-simple-brote-un-poderoso-antiedad\/\" class=\"more-link\">Continue reading<span class=\"screen-reader-text\"> &#8220;Un simple brote, un poderoso anti-edad&#8221;<\/span><\/a><\/p>\n","protected":false},"author":935949,"featured_media":6118,"comment_status":"open","ping_status":"open","sticky":false,"template":"","format":"standard","meta":{"_acf_changed":false,"_exactmetrics_skip_tracking":false,"_exactmetrics_sitenote_active":false,"_exactmetrics_sitenote_note":"","_exactmetrics_sitenote_category":0,"footnotes":""},"categories":[1],"tags":[749],"class_list":["post-6092","post","type-post","status-publish","format-standard","has-post-thumbnail","hentry","category-uncategorized","tag-rostro"],"acf":[],"yoast_head":"<!-- This site is optimized with the Yoast SEO plugin v24.7 - https:\/\/yoast.com\/wordpress\/plugins\/seo\/ -->\n<title>Act Beautiful - Un simple brote, un poderoso anti-edad - Yves Rocher<\/title>\n<meta name=\"robots\" content=\"index, follow, max-snippet:-1, max-image-preview:large, max-video-preview:-1\" \/>\n<link rel=\"canonical\" href=\"https:\/\/abspace.yves-rocher.com\/es\/es\/un-simple-brote-un-poderoso-antiedad\/\" \/>\n<meta property=\"og:locale\" content=\"es_ES\" \/>\n<meta property=\"og:type\" content=\"article\" \/>\n<meta property=\"og:title\" content=\"Act Beautiful - Un simple brote, un poderoso anti-edad - Yves Rocher\" \/>\n<meta property=\"og:url\" content=\"https:\/\/abspace.yves-rocher.com\/es\/es\/un-simple-brote-un-poderoso-antiedad\/\" \/>\n<meta property=\"og:site_name\" content=\"Spain YR AB\" \/>\n<meta property=\"article:published_time\" content=\"2021-03-01T13:49:47+00:00\" \/>\n<meta property=\"article:modified_time\" content=\"2021-10-14T09:27:24+00:00\" \/>\n<meta property=\"og:image\" content=\"https:\/\/abspace.yves-rocher.com\/es\/wp-content\/uploads\/sites\/11\/2021\/03\/2102_S_HP_Article-3_S\u00e9rums-AAG_Visuel_4_400x400.jpg\" \/>\n\t<meta property=\"og:image:width\" content=\"400\" \/>\n\t<meta property=\"og:image:height\" content=\"400\" \/>\n\t<meta property=\"og:image:type\" content=\"image\/jpeg\" \/>\n<meta name=\"author\" content=\"Alice Mendes\" \/>\n<meta name=\"twitter:card\" content=\"summary_large_image\" \/>\n<meta name=\"twitter:label1\" content=\"Written by\" \/>\n\t<meta name=\"twitter:data1\" content=\"Alice Mendes\" \/>\n<script type=\"application\/ld+json\" class=\"yoast-schema-graph\">{\"@context\":\"https:\/\/schema.org\",\"@graph\":[{\"@type\":\"WebPage\",\"@id\":\"https:\/\/abspace.yves-rocher.com\/es\/es\/un-simple-brote-un-poderoso-antiedad\/\",\"url\":\"https:\/\/abspace.yves-rocher.com\/es\/es\/un-simple-brote-un-poderoso-antiedad\/\",\"name\":\"Act Beautiful - Un simple brote, un poderoso anti-edad - Yves Rocher\",\"isPartOf\":{\"@id\":\"https:\/\/abspace.yves-rocher.com\/es\/#website\"},\"primaryImageOfPage\":{\"@id\":\"https:\/\/abspace.yves-rocher.com\/es\/es\/un-simple-brote-un-poderoso-antiedad\/#primaryimage\"},\"image\":{\"@id\":\"https:\/\/abspace.yves-rocher.com\/es\/es\/un-simple-brote-un-poderoso-antiedad\/#primaryimage\"},\"thumbnailUrl\":\"https:\/\/abspace.yves-rocher.com\/es\/wp-content\/uploads\/sites\/11\/2021\/03\/2102_S_HP_Article-3_S\u00e9rums-AAG_Visuel_4_400x400.jpg\",\"datePublished\":\"2021-03-01T13:49:47+00:00\",\"dateModified\":\"2021-10-14T09:27:24+00:00\",\"author\":{\"@id\":\"https:\/\/abspace.yves-rocher.com\/es\/#\/schema\/person\/40f8c53003459b41fa1aca086c588e97\"},\"breadcrumb\":{\"@id\":\"https:\/\/abspace.yves-rocher.com\/es\/es\/un-simple-brote-un-poderoso-antiedad\/#breadcrumb\"},\"inLanguage\":\"es-ES\",\"potentialAction\":[{\"@type\":\"ReadAction\",\"target\":[\"https:\/\/abspace.yves-rocher.com\/es\/es\/un-simple-brote-un-poderoso-antiedad\/\"]}]},{\"@type\":\"ImageObject\",\"inLanguage\":\"es-ES\",\"@id\":\"https:\/\/abspace.yves-rocher.com\/es\/es\/un-simple-brote-un-poderoso-antiedad\/#primaryimage\",\"url\":\"https:\/\/abspace.yves-rocher.com\/es\/wp-content\/uploads\/sites\/11\/2021\/03\/2102_S_HP_Article-3_S\u00e9rums-AAG_Visuel_4_400x400.jpg\",\"contentUrl\":\"https:\/\/abspace.yves-rocher.com\/es\/wp-content\/uploads\/sites\/11\/2021\/03\/2102_S_HP_Article-3_S\u00e9rums-AAG_Visuel_4_400x400.jpg\",\"width\":400,\"height\":400},{\"@type\":\"BreadcrumbList\",\"@id\":\"https:\/\/abspace.yves-rocher.com\/es\/es\/un-simple-brote-un-poderoso-antiedad\/#breadcrumb\",\"itemListElement\":[{\"@type\":\"ListItem\",\"position\":1,\"name\":\"Home\",\"item\":\"https:\/\/abspace.yves-rocher.com\/es\/es\/\"},{\"@type\":\"ListItem\",\"position\":2,\"name\":\"Un simple brote, un poderoso anti-edad\"}]},{\"@type\":\"WebSite\",\"@id\":\"https:\/\/abspace.yves-rocher.com\/es\/#website\",\"url\":\"https:\/\/abspace.yves-rocher.com\/es\/\",\"name\":\"Spain YR AB\",\"description\":\"Spain YR AB\",\"potentialAction\":[{\"@type\":\"SearchAction\",\"target\":{\"@type\":\"EntryPoint\",\"urlTemplate\":\"https:\/\/abspace.yves-rocher.com\/es\/?s={search_term_string}\"},\"query-input\":{\"@type\":\"PropertyValueSpecification\",\"valueRequired\":true,\"valueName\":\"search_term_string\"}}],\"inLanguage\":\"es-ES\"},{\"@type\":\"Person\",\"@id\":\"https:\/\/abspace.yves-rocher.com\/es\/#\/schema\/person\/40f8c53003459b41fa1aca086c588e97\",\"name\":\"Alice Mendes\",\"image\":{\"@type\":\"ImageObject\",\"inLanguage\":\"es-ES\",\"@id\":\"https:\/\/abspace.yves-rocher.com\/es\/#\/schema\/person\/image\/\",\"url\":\"https:\/\/secure.gravatar.com\/avatar\/610d2792616e6f74a4f3fbadf5cd6c89?s=96&d=mm&r=g\",\"contentUrl\":\"https:\/\/secure.gravatar.com\/avatar\/610d2792616e6f74a4f3fbadf5cd6c89?s=96&d=mm&r=g\",\"caption\":\"Alice Mendes\"},\"url\":\"https:\/\/abspace.yves-rocher.com\/es\/es\/author\/alicemendes\/\"}]}<\/script>\n<!-- \/ Yoast SEO plugin. -->","yoast_head_json":{"title":"Act Beautiful - Un simple brote, un poderoso anti-edad - Yves Rocher","robots":{"index":"index","follow":"follow","max-snippet":"max-snippet:-1","max-image-preview":"max-image-preview:large","max-video-preview":"max-video-preview:-1"},"canonical":"https:\/\/abspace.yves-rocher.com\/es\/es\/un-simple-brote-un-poderoso-antiedad\/","og_locale":"es_ES","og_type":"article","og_title":"Act Beautiful - Un simple brote, un poderoso anti-edad - Yves Rocher","og_url":"https:\/\/abspace.yves-rocher.com\/es\/es\/un-simple-brote-un-poderoso-antiedad\/","og_site_name":"Spain YR AB","article_published_time":"2021-03-01T13:49:47+00:00","article_modified_time":"2021-10-14T09:27:24+00:00","og_image":[{"width":400,"height":400,"url":"https:\/\/abspace.yves-rocher.com\/es\/wp-content\/uploads\/sites\/11\/2021\/03\/2102_S_HP_Article-3_S\u00e9rums-AAG_Visuel_4_400x400.jpg","type":"image\/jpeg"}],"author":"Alice Mendes","twitter_card":"summary_large_image","twitter_misc":{"Written by":"Alice Mendes"},"schema":{"@context":"https:\/\/schema.org","@graph":[{"@type":"WebPage","@id":"https:\/\/abspace.yves-rocher.com\/es\/es\/un-simple-brote-un-poderoso-antiedad\/","url":"https:\/\/abspace.yves-rocher.com\/es\/es\/un-simple-brote-un-poderoso-antiedad\/","name":"Act Beautiful - Un simple brote, un poderoso anti-edad - Yves Rocher","isPartOf":{"@id":"https:\/\/abspace.yves-rocher.com\/es\/#website"},"primaryImageOfPage":{"@id":"https:\/\/abspace.yves-rocher.com\/es\/es\/un-simple-brote-un-poderoso-antiedad\/#primaryimage"},"image":{"@id":"https:\/\/abspace.yves-rocher.com\/es\/es\/un-simple-brote-un-poderoso-antiedad\/#primaryimage"},"thumbnailUrl":"https:\/\/abspace.yves-rocher.com\/es\/wp-content\/uploads\/sites\/11\/2021\/03\/2102_S_HP_Article-3_S\u00e9rums-AAG_Visuel_4_400x400.jpg","datePublished":"2021-03-01T13:49:47+00:00","dateModified":"2021-10-14T09:27:24+00:00","author":{"@id":"https:\/\/abspace.yves-rocher.com\/es\/#\/schema\/person\/40f8c53003459b41fa1aca086c588e97"},"breadcrumb":{"@id":"https:\/\/abspace.yves-rocher.com\/es\/es\/un-simple-brote-un-poderoso-antiedad\/#breadcrumb"},"inLanguage":"es-ES","potentialAction":[{"@type":"ReadAction","target":["https:\/\/abspace.yves-rocher.com\/es\/es\/un-simple-brote-un-poderoso-antiedad\/"]}]},{"@type":"ImageObject","inLanguage":"es-ES","@id":"https:\/\/abspace.yves-rocher.com\/es\/es\/un-simple-brote-un-poderoso-antiedad\/#primaryimage","url":"https:\/\/abspace.yves-rocher.com\/es\/wp-content\/uploads\/sites\/11\/2021\/03\/2102_S_HP_Article-3_S\u00e9rums-AAG_Visuel_4_400x400.jpg","contentUrl":"https:\/\/abspace.yves-rocher.com\/es\/wp-content\/uploads\/sites\/11\/2021\/03\/2102_S_HP_Article-3_S\u00e9rums-AAG_Visuel_4_400x400.jpg","width":400,"height":400},{"@type":"BreadcrumbList","@id":"https:\/\/abspace.yves-rocher.com\/es\/es\/un-simple-brote-un-poderoso-antiedad\/#breadcrumb","itemListElement":[{"@type":"ListItem","position":1,"name":"Home","item":"https:\/\/abspace.yves-rocher.com\/es\/es\/"},{"@type":"ListItem","position":2,"name":"Un simple brote, un poderoso anti-edad"}]},{"@type":"WebSite","@id":"https:\/\/abspace.yves-rocher.com\/es\/#website","url":"https:\/\/abspace.yves-rocher.com\/es\/","name":"Spain YR AB","description":"Spain YR AB","potentialAction":[{"@type":"SearchAction","target":{"@type":"EntryPoint","urlTemplate":"https:\/\/abspace.yves-rocher.com\/es\/?s={search_term_string}"},"query-input":{"@type":"PropertyValueSpecification","valueRequired":true,"valueName":"search_term_string"}}],"inLanguage":"es-ES"},{"@type":"Person","@id":"https:\/\/abspace.yves-rocher.com\/es\/#\/schema\/person\/40f8c53003459b41fa1aca086c588e97","name":"Alice Mendes","image":{"@type":"ImageObject","inLanguage":"es-ES","@id":"https:\/\/abspace.yves-rocher.com\/es\/#\/schema\/person\/image\/","url":"https:\/\/secure.gravatar.com\/avatar\/610d2792616e6f74a4f3fbadf5cd6c89?s=96&d=mm&r=g","contentUrl":"https:\/\/secure.gravatar.com\/avatar\/610d2792616e6f74a4f3fbadf5cd6c89?s=96&d=mm&r=g","caption":"Alice Mendes"},"url":"https:\/\/abspace.yves-rocher.com\/es\/es\/author\/alicemendes\/"}]}},"_links":{"self":[{"href":"https:\/\/abspace.yves-rocher.com\/es\/ws\/wp\/v2\/posts\/6092","targetHints":{"allow":["GET"]}}],"collection":[{"href":"https:\/\/abspace.yves-rocher.com\/es\/ws\/wp\/v2\/posts"}],"about":[{"href":"https:\/\/abspace.yves-rocher.com\/es\/ws\/wp\/v2\/types\/post"}],"author":[{"embeddable":true,"href":"https:\/\/abspace.yves-rocher.com\/es\/ws\/wp\/v2\/users\/935949"}],"replies":[{"embeddable":true,"href":"https:\/\/abspace.yves-rocher.com\/es\/ws\/wp\/v2\/comments?post=6092"}],"version-history":[{"count":23,"href":"https:\/\/abspace.yves-rocher.com\/es\/ws\/wp\/v2\/posts\/6092\/revisions"}],"predecessor-version":[{"id":6119,"href":"https:\/\/abspace.yves-rocher.com\/es\/ws\/wp\/v2\/posts\/6092\/revisions\/6119"}],"wp:featuredmedia":[{"embeddable":true,"href":"https:\/\/abspace.yves-rocher.com\/es\/ws\/wp\/v2\/media\/6118"}],"wp:attachment":[{"href":"https:\/\/abspace.yves-rocher.com\/es\/ws\/wp\/v2\/media?parent=6092"}],"wp:term":[{"taxonomy":"category","embeddable":true,"href":"https:\/\/abspace.yves-rocher.com\/es\/ws\/wp\/v2\/categories?post=6092"},{"taxonomy":"post_tag","embeddable":true,"href":"https:\/\/abspace.yves-rocher.com\/es\/ws\/wp\/v2\/tags?post=6092"}],"curies":[{"name":"wp","href":"https:\/\/api.w.org\/{rel}","templated":true}]}}