{"id":6352,"date":"2021-08-11T10:30:52","date_gmt":"2021-08-11T10:30:52","guid":{"rendered":"http:\/\/abspace.yves-rocher.com\/es\/?p=6352"},"modified":"2021-10-06T11:03:22","modified_gmt":"2021-10-06T10:03:22","slug":"piel-radiante-hidratada-fortalecida","status":"publish","type":"post","link":"https:\/\/abspace.yves-rocher.com\/es\/es\/piel-radiante-hidratada-fortalecida\/","title":{"rendered":"\u00a1Piel radiante, hidratada y fortalecida!"},"content":{"rendered":"<div id=\"pl-6352\"  class=\"panel-layout\" ><div id=\"pg-6352-0\"  class=\"panel-grid panel-no-style\" ><div id=\"pgc-6352-0-0\"  class=\"panel-grid-cell\" >            <div class=\"textWidget header-description \">\r\n                <p>\u00a1De la nueva gama Elixir Botanique, me quedo con el S\u00e9rum Fortalecedor diario anti-poluci\u00f3n!<\/p>\r\n            <\/div>\r\n    <\/div><\/div><div id=\"pg-6352-1\"  class=\"panel-grid panel-no-style\" ><div id=\"pgc-6352-1-0\"  class=\"panel-grid-cell\" ><div id=\"panel-6352-1-0-0\" class=\"so-panel widget widget_sow-editor panel-first-child panel-last-child\" data-index=\"1\" ><div\n\t\t\t\n\t\t\tclass=\"so-widget-sow-editor so-widget-sow-editor-base\"\n\t\t\t\n\t\t>\n<div class=\"siteorigin-widget-tinymce textwidget\">\n\t<ol>\n<li><strong>\u00bf Qu\u00e9 es el s\u00e9rum fotalecedor diario anti-poluci\u00f3n ?<\/strong><\/li>\n<\/ol>\n<p>Un s\u00e9rum diario, fortificante, universal y anti-poluci\u00f3n, para todos, sea cual sea tu edad o tu tipo de piel.\u00a0 El nuevo <a href=\"https:\/\/www.yves-rocher.es\/rostro\/necesidades\/tratamiento-regenerante\/serum-fortalecedor-diario-anti-polucion\/p\/74781\"><strong>S\u00e9rum Fortalecedor diario anti-poluci\u00f3n<\/strong><\/a> es un verdadero escudo contra las microagresiones del d\u00eda a d\u00eda, te ofrece una piel m\u00e1s radiante. Inmediatamente desasfixiada, la piel se desintoxica, protegida contra los efectos de la contaminaci\u00f3n, responsable del envejecimiento prematuro de la piel.\u00a0<\/p>\n<p>A partir de 1 mes, las arrugas y peque\u00f1as arrugas se reducen. La piel queda fortalecida, m\u00e1s saludable y luminosa.<\/p>\n<\/div>\n<\/div><\/div><\/div><div id=\"pgc-6352-1-1\"  class=\"panel-grid-cell\" ><div id=\"panel-6352-1-1-0\" class=\"so-panel widget widget_sow-image panel-first-child panel-last-child\" data-index=\"2\" ><div\n\t\t\t\n\t\t\tclass=\"so-widget-sow-image so-widget-sow-image-default-8b5b6f678277-6352\"\n\t\t\t\n\t\t>\r\n\r\n\r\n<div class=\"sow-image-container\">\r\n    \r\n    <img loading=\"lazy\" decoding=\"async\" src=\"https:\/\/abspace.yves-rocher.com\/es\/wp-content\/uploads\/sites\/11\/2021\/08\/2109_S_Article_Elixir_Botanique_Serum_VISUEL1_1100x652.jpg\" width=\"1100\" height=\"652\" srcset=\"\" title=\"Elixir Botanique\"          class=\"so-widget-image\" \/>\r\n\r\n    \r\n    \r\n    <\/div>\r\n\r\n<\/div><\/div><\/div><\/div><div id=\"pg-6352-2\"  class=\"panel-grid panel-no-style\" ><div id=\"pgc-6352-2-0\"  class=\"panel-grid-cell\" ><div id=\"panel-6352-2-0-0\" class=\"so-panel widget widget_sow-image panel-first-child panel-last-child\" data-index=\"3\" ><div\n\t\t\t\n\t\t\tclass=\"so-widget-sow-image so-widget-sow-image-default-8b5b6f678277-6352\"\n\t\t\t\n\t\t>\r\n\r\n\r\n<div class=\"sow-image-container\">\r\n    <a href=\"https:\/\/www.yves-rocher.es\/rostro\/necesidades\/tratamiento-regenerante\/serum-fortalecedor-diario-anti-polucion\/p\/74781\" >\r\n    <img loading=\"lazy\" decoding=\"async\" src=\"https:\/\/abspace.yves-rocher.com\/es\/wp-content\/uploads\/sites\/11\/2021\/08\/2109_S_Article_Elixir_Botanique_Serum_VISUEL3_1100x652.jpg\" width=\"1100\" height=\"652\" srcset=\"\"          class=\"so-widget-image\" \/>\r\n\r\n    \r\n    <\/a>\r\n    <\/div>\r\n\r\n<\/div><\/div><\/div><div id=\"pgc-6352-2-1\"  class=\"panel-grid-cell\" ><div id=\"panel-6352-2-1-0\" class=\"so-panel widget widget_sow-editor panel-first-child panel-last-child\" data-index=\"4\" ><div\n\t\t\t\n\t\t\tclass=\"so-widget-sow-editor so-widget-sow-editor-base\"\n\t\t\t\n\t\t>\n<div class=\"siteorigin-widget-tinymce textwidget\">\n\t<p><strong>Una textura ultra sensorial<\/strong><\/p>\n<p>Su textura proporciona una verdadera ola de frescor y se funde intant\u00e1neamente con la piel para liberar todas sus propiedades. Este s\u00e9rum est\u00e1 clinicamente probado: el 86% de nuestros consumidores, hombres y mujeres, aseguran que su piel est\u00e1 m\u00e1s hidratada<sup>1<\/sup>, el 77% que su piel est\u00e1 m\u00e1s fortalecida y el 79% que est\u00e1 radiante<sup>1<\/sup>.<\/p>\n<p>Su textura acuosa y microperlada caus\u00f3 sensaci\u00f3n entre quienes lo probaron. el 90% afirma sentir un soplo de frescor en la piel durante la aplicaci\u00f3n\u00b2.<\/p>\n<p><em><sup>1<\/sup><\/em><em> Estudio de satisfacci\u00f3n realizado en 70 mujeres y 35 hombres de entre 25 y 65 a\u00f1os, despu\u00e9s de 1 mes de uso.<\/em><\/p>\n<p><em><sup>2<\/sup><\/em><em> Estudio de satisfacci\u00f3n realizado en 70 mujeres y 35 hombres de entre 25 y 65 a\u00f1os, despu\u00e9s de 1 mes de uso.<\/em><\/p>\n<\/div>\n<\/div><\/div><\/div><\/div><div id=\"pg-6352-3\"  class=\"panel-grid panel-no-style\" ><div id=\"pgc-6352-3-0\"  class=\"panel-grid-cell\" ><div id=\"panel-6352-3-0-0\" class=\"so-panel widget widget_sow-editor panel-first-child panel-last-child\" data-index=\"5\" ><div\n\t\t\t\n\t\t\tclass=\"so-widget-sow-editor so-widget-sow-editor-base\"\n\t\t\t\n\t\t>\n<div class=\"siteorigin-widget-tinymce textwidget\">\n\t<p><strong>2- \u00bf Qu\u00e9 particularidades tiene ?<\/strong><\/p>\n<p>Le s\u00e9rum Fortalecedor diario anti-poluci\u00f3n Elixir Botanique es una parte esencial en tu ritual diario, que se puede combinar perfectamente con otros productos de todas las gamas de Yves Rocher.\u00a0\u00a0<\/p>\n<p>Adem\u00e1s es el primer s\u00e9rum ultraconcentrado en principios activos de la tierra y el oceano para una piel fortalecida, sana y radiante. Su f\u00f3rmula est\u00e1 <strong>cinco veces m\u00e1s concentrada<\/strong> en principios activos, Contiene:<\/p>\n<ul>\n<li><strong>Alga<\/strong> Tetraselmis anti-oxidante<\/li>\n<li><strong>Capuchina<\/strong> oxigenante<\/li>\n<li>Extracto de <strong>Aphloia<\/strong> anti-oxidante<\/li>\n<li>Agua Celular <strong>de Edulis<\/strong> hidratante<\/li>\n<\/ul>\n<\/div>\n<\/div><\/div><\/div><div id=\"pgc-6352-3-1\"  class=\"panel-grid-cell\" ><div id=\"panel-6352-3-1-0\" class=\"so-panel widget widget_sow-image panel-first-child panel-last-child\" data-index=\"6\" ><div\n\t\t\t\n\t\t\tclass=\"so-widget-sow-image so-widget-sow-image-default-8b5b6f678277-6352\"\n\t\t\t\n\t\t>\r\n\r\n\r\n<div class=\"sow-image-container\">\r\n    <a href=\"https:\/\/www.yves-rocher.es\/rostro\/necesidades\/tratamiento-regenerante\/serum-fortalecedor-diario-anti-polucion\/p\/74781\" >\r\n    <img loading=\"lazy\" decoding=\"async\" src=\"https:\/\/abspace.yves-rocher.com\/es\/wp-content\/uploads\/sites\/11\/2021\/08\/2109_S_Article_Elixir_Botanique_Serum_VISUEL2_1100x652.jpg\" width=\"1100\" height=\"652\" srcset=\"\" title=\"S\u00e9rum Fortalecedor diario Anti-poluci\u00f3n\"          class=\"so-widget-image\" \/>\r\n\r\n    \r\n    <\/a>\r\n    <\/div>\r\n\r\n<\/div><\/div><\/div><\/div><div id=\"pg-6352-4\"  class=\"panel-grid panel-no-style\" ><div id=\"pgc-6352-4-0\"  class=\"panel-grid-cell\" ><div id=\"panel-6352-4-0-0\" class=\"so-panel widget widget_sow-image panel-first-child panel-last-child\" data-index=\"7\" ><div\n\t\t\t\n\t\t\tclass=\"so-widget-sow-image so-widget-sow-image-default-8b5b6f678277-6352\"\n\t\t\t\n\t\t>\r\n\r\n\r\n<div class=\"sow-image-container\">\r\n    <a href=\"https:\/\/www.yves-rocher.es\/rostro\/necesidades\/tratamiento-regenerante\/serum-fortalecedor-diario-anti-polucion\/p\/74781\" >\r\n    <img loading=\"lazy\" decoding=\"async\" src=\"https:\/\/abspace.yves-rocher.com\/es\/wp-content\/uploads\/sites\/11\/2021\/08\/2109_S_Article_Elixir_Botanique_Serum_VISUEL4_1100x652.jpg\" width=\"1100\" height=\"652\" srcset=\"\" title=\"Aplicaci\u00f3n S\u00e9rum\"          class=\"so-widget-image\" \/>\r\n\r\n    \r\n    <\/a>\r\n    <\/div>\r\n\r\n<\/div><\/div><\/div><div id=\"pgc-6352-4-1\"  class=\"panel-grid-cell\" ><div id=\"panel-6352-4-1-0\" class=\"so-panel widget widget_sow-editor panel-first-child panel-last-child\" data-index=\"8\" ><div\n\t\t\t\n\t\t\tclass=\"so-widget-sow-editor so-widget-sow-editor-base\"\n\t\t\t\n\t\t>\n<div class=\"siteorigin-widget-tinymce textwidget\">\n\t<ol start=\"3\">\n<li><strong>\u00bfC\u00f3mo se utiliza?<\/strong><\/li>\n<\/ol>\n<p><strong>Si todav\u00eda no utilizas s\u00e9rum: <\/strong>Te recomendamos que incorpores el s\u00e9rum a tu rutina : su textura acuosa y microperlada se funde instant\u00e1neamente al contacto con la piel aportando principios activos.\u00a0<\/p>\n<p><strong>Si ya utilizas s\u00e9rum: <\/strong>El s\u00e9rum Elixir Botanique\u00a0 se puede utilizar durante el d\u00eda, combinado con crema\u00a0 de d\u00eda. Por la noche, elige un s\u00e9rum m\u00e1s espec\u00edfico que se adapte a tu tipo de piel y necesidades.<\/p>\n<p><strong>Consejos de utilizaci\u00f3n :<\/strong>Aplicar ma\u00f1ana y noche.\u00a0 Depositar 1 o 2 gotas y aplicar por todo el rostro con movimientos alisantes, de dentro hacia afuera. Si es necesario (seg\u00fan el tipo de piel), aplicar m\u00e1s cantidad.<\/p>\n<p>\u00a0<\/p>\n<\/div>\n<\/div><\/div><\/div><\/div><\/div>","protected":false},"excerpt":{"rendered":"<p>De la gama Elixir Botanique \u00a1me quedo con el S\u00e9rum Fortalecedor diario!<\/p>\n","protected":false},"author":935949,"featured_media":6353,"comment_status":"open","ping_status":"open","sticky":false,"template":"","format":"standard","meta":{"_acf_changed":false,"_exactmetrics_skip_tracking":false,"_exactmetrics_sitenote_active":false,"_exactmetrics_sitenote_note":"","_exactmetrics_sitenote_category":0,"footnotes":""},"categories":[1],"tags":[749],"class_list":["post-6352","post","type-post","status-publish","format-standard","has-post-thumbnail","hentry","category-uncategorized","tag-rostro"],"acf":[],"yoast_head":"<!-- This site is optimized with the Yoast SEO plugin v24.7 - https:\/\/yoast.com\/wordpress\/plugins\/seo\/ -->\n<title>Act Beautiful - \u00a1Piel radiante, hidratada y fortalecida! - Yves Rocher<\/title>\n<meta name=\"description\" content=\"De la gama Elixir Botanique \u00a1me quedo con el S\u00e9rum Fortalecedor diario!\" \/>\n<meta name=\"robots\" content=\"index, follow, max-snippet:-1, max-image-preview:large, max-video-preview:-1\" \/>\n<link rel=\"canonical\" href=\"https:\/\/abspace.yves-rocher.com\/es\/es\/piel-radiante-hidratada-fortalecida\/\" \/>\n<meta property=\"og:locale\" content=\"es_ES\" \/>\n<meta property=\"og:type\" content=\"article\" \/>\n<meta property=\"og:title\" content=\"Act Beautiful - \u00a1Piel radiante, hidratada y fortalecida! - Yves Rocher\" \/>\n<meta property=\"og:description\" content=\"De la gama Elixir Botanique \u00a1me quedo con el S\u00e9rum Fortalecedor diario!\" \/>\n<meta property=\"og:url\" content=\"https:\/\/abspace.yves-rocher.com\/es\/es\/piel-radiante-hidratada-fortalecida\/\" \/>\n<meta property=\"og:site_name\" content=\"Spain YR AB\" \/>\n<meta property=\"article:published_time\" content=\"2021-08-11T10:30:52+00:00\" \/>\n<meta property=\"article:modified_time\" content=\"2021-10-06T10:03:22+00:00\" \/>\n<meta property=\"og:image\" content=\"https:\/\/abspace.yves-rocher.com\/es\/wp-content\/uploads\/sites\/11\/2021\/08\/2109_S_HP_push_1_Elixir_Botanique_Serum_750x1036.jpg\" \/>\n\t<meta property=\"og:image:width\" content=\"750\" \/>\n\t<meta property=\"og:image:height\" content=\"1036\" \/>\n\t<meta property=\"og:image:type\" content=\"image\/jpeg\" \/>\n<meta name=\"author\" content=\"Alice Mendes\" \/>\n<meta name=\"twitter:card\" content=\"summary_large_image\" \/>\n<meta name=\"twitter:label1\" content=\"Written by\" \/>\n\t<meta name=\"twitter:data1\" content=\"Alice Mendes\" \/>\n\t<meta name=\"twitter:label2\" content=\"Est. reading time\" \/>\n\t<meta name=\"twitter:data2\" content=\"2 minutes\" \/>\n<script type=\"application\/ld+json\" class=\"yoast-schema-graph\">{\"@context\":\"https:\/\/schema.org\",\"@graph\":[{\"@type\":\"WebPage\",\"@id\":\"https:\/\/abspace.yves-rocher.com\/es\/es\/piel-radiante-hidratada-fortalecida\/\",\"url\":\"https:\/\/abspace.yves-rocher.com\/es\/es\/piel-radiante-hidratada-fortalecida\/\",\"name\":\"Act Beautiful - \u00a1Piel radiante, hidratada y fortalecida! - Yves Rocher\",\"isPartOf\":{\"@id\":\"https:\/\/abspace.yves-rocher.com\/es\/#website\"},\"primaryImageOfPage\":{\"@id\":\"https:\/\/abspace.yves-rocher.com\/es\/es\/piel-radiante-hidratada-fortalecida\/#primaryimage\"},\"image\":{\"@id\":\"https:\/\/abspace.yves-rocher.com\/es\/es\/piel-radiante-hidratada-fortalecida\/#primaryimage\"},\"thumbnailUrl\":\"https:\/\/abspace.yves-rocher.com\/es\/wp-content\/uploads\/sites\/11\/2021\/08\/2109_S_HP_push_1_Elixir_Botanique_Serum_750x1036.jpg\",\"datePublished\":\"2021-08-11T10:30:52+00:00\",\"dateModified\":\"2021-10-06T10:03:22+00:00\",\"author\":{\"@id\":\"https:\/\/abspace.yves-rocher.com\/es\/#\/schema\/person\/40f8c53003459b41fa1aca086c588e97\"},\"description\":\"De la gama Elixir Botanique \u00a1me quedo con el S\u00e9rum Fortalecedor diario!\",\"breadcrumb\":{\"@id\":\"https:\/\/abspace.yves-rocher.com\/es\/es\/piel-radiante-hidratada-fortalecida\/#breadcrumb\"},\"inLanguage\":\"es-ES\",\"potentialAction\":[{\"@type\":\"ReadAction\",\"target\":[\"https:\/\/abspace.yves-rocher.com\/es\/es\/piel-radiante-hidratada-fortalecida\/\"]}]},{\"@type\":\"ImageObject\",\"inLanguage\":\"es-ES\",\"@id\":\"https:\/\/abspace.yves-rocher.com\/es\/es\/piel-radiante-hidratada-fortalecida\/#primaryimage\",\"url\":\"https:\/\/abspace.yves-rocher.com\/es\/wp-content\/uploads\/sites\/11\/2021\/08\/2109_S_HP_push_1_Elixir_Botanique_Serum_750x1036.jpg\",\"contentUrl\":\"https:\/\/abspace.yves-rocher.com\/es\/wp-content\/uploads\/sites\/11\/2021\/08\/2109_S_HP_push_1_Elixir_Botanique_Serum_750x1036.jpg\",\"width\":750,\"height\":1036},{\"@type\":\"BreadcrumbList\",\"@id\":\"https:\/\/abspace.yves-rocher.com\/es\/es\/piel-radiante-hidratada-fortalecida\/#breadcrumb\",\"itemListElement\":[{\"@type\":\"ListItem\",\"position\":1,\"name\":\"Home\",\"item\":\"https:\/\/abspace.yves-rocher.com\/es\/es\/\"},{\"@type\":\"ListItem\",\"position\":2,\"name\":\"\u00a1Piel radiante, hidratada y fortalecida!\"}]},{\"@type\":\"WebSite\",\"@id\":\"https:\/\/abspace.yves-rocher.com\/es\/#website\",\"url\":\"https:\/\/abspace.yves-rocher.com\/es\/\",\"name\":\"Spain YR AB\",\"description\":\"Spain YR AB\",\"potentialAction\":[{\"@type\":\"SearchAction\",\"target\":{\"@type\":\"EntryPoint\",\"urlTemplate\":\"https:\/\/abspace.yves-rocher.com\/es\/?s={search_term_string}\"},\"query-input\":{\"@type\":\"PropertyValueSpecification\",\"valueRequired\":true,\"valueName\":\"search_term_string\"}}],\"inLanguage\":\"es-ES\"},{\"@type\":\"Person\",\"@id\":\"https:\/\/abspace.yves-rocher.com\/es\/#\/schema\/person\/40f8c53003459b41fa1aca086c588e97\",\"name\":\"Alice Mendes\",\"image\":{\"@type\":\"ImageObject\",\"inLanguage\":\"es-ES\",\"@id\":\"https:\/\/abspace.yves-rocher.com\/es\/#\/schema\/person\/image\/\",\"url\":\"https:\/\/secure.gravatar.com\/avatar\/610d2792616e6f74a4f3fbadf5cd6c89?s=96&d=mm&r=g\",\"contentUrl\":\"https:\/\/secure.gravatar.com\/avatar\/610d2792616e6f74a4f3fbadf5cd6c89?s=96&d=mm&r=g\",\"caption\":\"Alice Mendes\"},\"url\":\"https:\/\/abspace.yves-rocher.com\/es\/es\/author\/alicemendes\/\"}]}<\/script>\n<!-- \/ Yoast SEO plugin. -->","yoast_head_json":{"title":"Act Beautiful - \u00a1Piel radiante, hidratada y fortalecida! - Yves Rocher","description":"De la gama Elixir Botanique \u00a1me quedo con el S\u00e9rum Fortalecedor diario!","robots":{"index":"index","follow":"follow","max-snippet":"max-snippet:-1","max-image-preview":"max-image-preview:large","max-video-preview":"max-video-preview:-1"},"canonical":"https:\/\/abspace.yves-rocher.com\/es\/es\/piel-radiante-hidratada-fortalecida\/","og_locale":"es_ES","og_type":"article","og_title":"Act Beautiful - \u00a1Piel radiante, hidratada y fortalecida! - Yves Rocher","og_description":"De la gama Elixir Botanique \u00a1me quedo con el S\u00e9rum Fortalecedor diario!","og_url":"https:\/\/abspace.yves-rocher.com\/es\/es\/piel-radiante-hidratada-fortalecida\/","og_site_name":"Spain YR AB","article_published_time":"2021-08-11T10:30:52+00:00","article_modified_time":"2021-10-06T10:03:22+00:00","og_image":[{"width":750,"height":1036,"url":"https:\/\/abspace.yves-rocher.com\/es\/wp-content\/uploads\/sites\/11\/2021\/08\/2109_S_HP_push_1_Elixir_Botanique_Serum_750x1036.jpg","type":"image\/jpeg"}],"author":"Alice Mendes","twitter_card":"summary_large_image","twitter_misc":{"Written by":"Alice Mendes","Est. reading time":"2 minutes"},"schema":{"@context":"https:\/\/schema.org","@graph":[{"@type":"WebPage","@id":"https:\/\/abspace.yves-rocher.com\/es\/es\/piel-radiante-hidratada-fortalecida\/","url":"https:\/\/abspace.yves-rocher.com\/es\/es\/piel-radiante-hidratada-fortalecida\/","name":"Act Beautiful - \u00a1Piel radiante, hidratada y fortalecida! - Yves Rocher","isPartOf":{"@id":"https:\/\/abspace.yves-rocher.com\/es\/#website"},"primaryImageOfPage":{"@id":"https:\/\/abspace.yves-rocher.com\/es\/es\/piel-radiante-hidratada-fortalecida\/#primaryimage"},"image":{"@id":"https:\/\/abspace.yves-rocher.com\/es\/es\/piel-radiante-hidratada-fortalecida\/#primaryimage"},"thumbnailUrl":"https:\/\/abspace.yves-rocher.com\/es\/wp-content\/uploads\/sites\/11\/2021\/08\/2109_S_HP_push_1_Elixir_Botanique_Serum_750x1036.jpg","datePublished":"2021-08-11T10:30:52+00:00","dateModified":"2021-10-06T10:03:22+00:00","author":{"@id":"https:\/\/abspace.yves-rocher.com\/es\/#\/schema\/person\/40f8c53003459b41fa1aca086c588e97"},"description":"De la gama Elixir Botanique \u00a1me quedo con el S\u00e9rum Fortalecedor diario!","breadcrumb":{"@id":"https:\/\/abspace.yves-rocher.com\/es\/es\/piel-radiante-hidratada-fortalecida\/#breadcrumb"},"inLanguage":"es-ES","potentialAction":[{"@type":"ReadAction","target":["https:\/\/abspace.yves-rocher.com\/es\/es\/piel-radiante-hidratada-fortalecida\/"]}]},{"@type":"ImageObject","inLanguage":"es-ES","@id":"https:\/\/abspace.yves-rocher.com\/es\/es\/piel-radiante-hidratada-fortalecida\/#primaryimage","url":"https:\/\/abspace.yves-rocher.com\/es\/wp-content\/uploads\/sites\/11\/2021\/08\/2109_S_HP_push_1_Elixir_Botanique_Serum_750x1036.jpg","contentUrl":"https:\/\/abspace.yves-rocher.com\/es\/wp-content\/uploads\/sites\/11\/2021\/08\/2109_S_HP_push_1_Elixir_Botanique_Serum_750x1036.jpg","width":750,"height":1036},{"@type":"BreadcrumbList","@id":"https:\/\/abspace.yves-rocher.com\/es\/es\/piel-radiante-hidratada-fortalecida\/#breadcrumb","itemListElement":[{"@type":"ListItem","position":1,"name":"Home","item":"https:\/\/abspace.yves-rocher.com\/es\/es\/"},{"@type":"ListItem","position":2,"name":"\u00a1Piel radiante, hidratada y fortalecida!"}]},{"@type":"WebSite","@id":"https:\/\/abspace.yves-rocher.com\/es\/#website","url":"https:\/\/abspace.yves-rocher.com\/es\/","name":"Spain YR AB","description":"Spain YR AB","potentialAction":[{"@type":"SearchAction","target":{"@type":"EntryPoint","urlTemplate":"https:\/\/abspace.yves-rocher.com\/es\/?s={search_term_string}"},"query-input":{"@type":"PropertyValueSpecification","valueRequired":true,"valueName":"search_term_string"}}],"inLanguage":"es-ES"},{"@type":"Person","@id":"https:\/\/abspace.yves-rocher.com\/es\/#\/schema\/person\/40f8c53003459b41fa1aca086c588e97","name":"Alice Mendes","image":{"@type":"ImageObject","inLanguage":"es-ES","@id":"https:\/\/abspace.yves-rocher.com\/es\/#\/schema\/person\/image\/","url":"https:\/\/secure.gravatar.com\/avatar\/610d2792616e6f74a4f3fbadf5cd6c89?s=96&d=mm&r=g","contentUrl":"https:\/\/secure.gravatar.com\/avatar\/610d2792616e6f74a4f3fbadf5cd6c89?s=96&d=mm&r=g","caption":"Alice Mendes"},"url":"https:\/\/abspace.yves-rocher.com\/es\/es\/author\/alicemendes\/"}]}},"_links":{"self":[{"href":"https:\/\/abspace.yves-rocher.com\/es\/ws\/wp\/v2\/posts\/6352","targetHints":{"allow":["GET"]}}],"collection":[{"href":"https:\/\/abspace.yves-rocher.com\/es\/ws\/wp\/v2\/posts"}],"about":[{"href":"https:\/\/abspace.yves-rocher.com\/es\/ws\/wp\/v2\/types\/post"}],"author":[{"embeddable":true,"href":"https:\/\/abspace.yves-rocher.com\/es\/ws\/wp\/v2\/users\/935949"}],"replies":[{"embeddable":true,"href":"https:\/\/abspace.yves-rocher.com\/es\/ws\/wp\/v2\/comments?post=6352"}],"version-history":[{"count":5,"href":"https:\/\/abspace.yves-rocher.com\/es\/ws\/wp\/v2\/posts\/6352\/revisions"}],"predecessor-version":[{"id":6589,"href":"https:\/\/abspace.yves-rocher.com\/es\/ws\/wp\/v2\/posts\/6352\/revisions\/6589"}],"wp:featuredmedia":[{"embeddable":true,"href":"https:\/\/abspace.yves-rocher.com\/es\/ws\/wp\/v2\/media\/6353"}],"wp:attachment":[{"href":"https:\/\/abspace.yves-rocher.com\/es\/ws\/wp\/v2\/media?parent=6352"}],"wp:term":[{"taxonomy":"category","embeddable":true,"href":"https:\/\/abspace.yves-rocher.com\/es\/ws\/wp\/v2\/categories?post=6352"},{"taxonomy":"post_tag","embeddable":true,"href":"https:\/\/abspace.yves-rocher.com\/es\/ws\/wp\/v2\/tags?post=6352"}],"curies":[{"name":"wp","href":"https:\/\/api.w.org\/{rel}","templated":true}]}}