{"id":6477,"date":"2021-09-21T10:10:12","date_gmt":"2021-09-21T09:10:12","guid":{"rendered":"http:\/\/abspace.yves-rocher.com\/es\/?p=6477"},"modified":"2022-04-05T11:42:57","modified_gmt":"2022-04-05T10:42:57","slug":"la-nueva-gama-elixir-botanique","status":"publish","type":"post","link":"https:\/\/abspace.yves-rocher.com\/es\/es\/la-nueva-gama-elixir-botanique\/","title":{"rendered":"La nueva gama Elixir Botanique"},"content":{"rendered":"<div id=\"pl-6477\"  class=\"panel-layout\" ><div id=\"pg-6477-0\"  class=\"panel-grid panel-no-style\" ><div id=\"pgc-6477-0-0\"  class=\"panel-grid-cell\" >            <div class=\"textWidget header-description \">\r\n                <p>Tierra y oc\u00e9ano, el resplandor de una piel renovada<\/p>\r\n            <\/div>\r\n    <div id=\"panel-6477-0-0-1\" class=\"so-panel widget widget_sow-editor panel-last-child\" data-index=\"1\" ><div\n\t\t\t\n\t\t\tclass=\"so-widget-sow-editor so-widget-sow-editor-base\"\n\t\t\t\n\t\t>\n<div class=\"siteorigin-widget-tinymce textwidget\">\n\t<p>Despu\u00e9s de 25 a\u00f1os de investigaci\u00f3n en ciencias de las plantas y biotecnolog\u00eda marina, la nueva gama <a href=\"https:\/\/www.yves-rocher.es\/ElixirBotanique\">Elixir Botanique<\/a> re\u00fane lo mejor de nuestra tierra y nuestros oc\u00e9anos. Esta gama anticontaminaci\u00f3n est\u00e1 dirigida a mujeres y hombres que desean proteger su piel de los efectos nocivos de la contaminaci\u00f3n para una piel fortalecida y saludable.<\/p>\n<div id=\"tw-container\" class=\"\" data-cp=\"1\" data-is-ver=\"false\" data-nnttsvi=\"1\" data-sm=\"1\" data-sugg-time=\"500\" data-sugg-url=\"https:\/\/clients1.google.com\/complete\/search\" data-uilc=\"es\">\n<div>\n<div>\n<div id=\"tw-ob\" class=\"tw-src-ltr\">\n<div class=\"oSioSc\">\n<div id=\"tw-target\">\n<div id=\"kAz1tf\" class=\"g9WsWb\">\n<div id=\"tw-target-text-container\" class=\"tw-ta-container F0azHf tw-nfl\">\n<pre id=\"tw-target-text\" class=\"tw-data-text tw-text-large XcVN5d tw-ta\" data-placeholder=\"Traducci\u00f3n\">\u00a0<\/pre>\n<\/div>\n<\/div>\n<\/div>\n<\/div>\n<\/div>\n<\/div>\n<\/div>\n<\/div>\n<\/div>\n<\/div><\/div><\/div><\/div><div id=\"pg-6477-1\"  class=\"panel-grid panel-no-style\" ><div id=\"pgc-6477-1-0\"  class=\"panel-grid-cell\" ><div id=\"panel-6477-1-0-0\" class=\"so-panel widget widget_sow-image panel-first-child panel-last-child\" data-index=\"2\" ><div\n\t\t\t\n\t\t\tclass=\"so-widget-sow-image so-widget-sow-image-default-8b5b6f678277-6477\"\n\t\t\t\n\t\t>\r\n\r\n\r\n<div class=\"sow-image-container\">\r\n    \r\n    <img loading=\"lazy\" decoding=\"async\" src=\"https:\/\/abspace.yves-rocher.com\/es\/wp-content\/uploads\/sites\/11\/2021\/08\/2109_S_Article_ELIXIR_BOTANIQUE_GAMME_VISUEL1_1100x652.jpg\" width=\"1100\" height=\"652\" srcset=\"\" title=\"Capuchina de Breta\u00f1a\"          class=\"so-widget-image\" \/>\r\n\r\n    \r\n    \r\n    <\/div>\r\n\r\n<\/div><\/div><\/div><div id=\"pgc-6477-1-1\"  class=\"panel-grid-cell\" ><div id=\"panel-6477-1-1-0\" class=\"so-panel widget widget_sow-editor panel-first-child panel-last-child\" data-index=\"3\" ><div\n\t\t\t\n\t\t\tclass=\"so-widget-sow-editor so-widget-sow-editor-base\"\n\t\t\t\n\t\t>\n<div class=\"siteorigin-widget-tinymce textwidget\">\n\t<ol>\n<li><strong>\u00bf Cuales son los ingredientes activos de <a href=\"https:\/\/www.yves-rocher.es\/elixir-botanique\/c\/BE?\">Elixir Botanique<\/a> ?<\/strong><\/li>\n<\/ol>\n<p>Esta innovaci\u00f3n bot\u00e1nica naci\u00f3 en Breta\u00f1a al unir dos ingredientes activos potentes y naturales: la <strong>Capuchina de Breta\u00f1a<\/strong> y la <strong>Micro-Alga Tetraselmis<\/strong>.<\/p>\n<p><strong>\u00bfQu\u00e9 es la capuchina de Breta\u00f1a?<\/strong><\/p>\n<p>La Capuchina se cultiva org\u00e1nicamente en la tierra de Yves Rocher, en la Gacilly, Breta\u00f1a. Este m\u00e9todo de cultivo destaca por el uso de pr\u00e1cticas agr\u00edcolas sostenibles, as\u00ed como por un fuerte compromiso con el respeto a la tierra.\u00a0<\/p>\n<p>En la naturaleza, la Capuchina utiliza sus grandes hojas redondas para optimizar la fotos\u00edntesis y su producci\u00f3n de ox\u00edgeno. En el interior de la piel, la Capuchina <strong>estimula la oxigenaci\u00f3n de las c\u00e9lulas<\/strong> para revitalizarlas.<\/p>\n<\/div>\n<\/div><\/div><\/div><\/div><div id=\"pg-6477-2\"  class=\"panel-grid panel-no-style\" ><div id=\"pgc-6477-2-0\"  class=\"panel-grid-cell\" ><div id=\"panel-6477-2-0-0\" class=\"so-panel widget widget_sow-image panel-first-child panel-last-child\" data-index=\"4\" ><div\n\t\t\t\n\t\t\tclass=\"so-widget-sow-image so-widget-sow-image-default-8b5b6f678277-6477\"\n\t\t\t\n\t\t>\r\n\r\n\r\n<div class=\"sow-image-container\">\r\n    \r\n    <img loading=\"lazy\" decoding=\"async\" src=\"https:\/\/abspace.yves-rocher.com\/es\/wp-content\/uploads\/sites\/11\/2021\/08\/2109_S_Article_ELIXIR_BOTANIQUE_GAMME_VISUEL2_1100x652.jpg\" width=\"1100\" height=\"652\" srcset=\"\" title=\"Micro-alga Tetraselmis\"          class=\"so-widget-image\" \/>\r\n\r\n    \r\n    \r\n    <\/div>\r\n\r\n<\/div><\/div><\/div><div id=\"pgc-6477-2-1\"  class=\"panel-grid-cell\" ><div id=\"panel-6477-2-1-0\" class=\"so-panel widget widget_sow-editor panel-first-child panel-last-child\" data-index=\"5\" ><div\n\t\t\t\n\t\t\tclass=\"so-widget-sow-editor so-widget-sow-editor-base\"\n\t\t\t\n\t\t>\n<div class=\"siteorigin-widget-tinymce textwidget\">\n\t<p><strong>\u00bf Que es la micro-alga Tetraselmis ?<\/strong><\/p>\n<p>Nuestros cient\u00edficos han desarrollado una experiencia espec\u00edfica en el cultivo de micro-algas tetraselmis, lo que nos permite garantizar un extracto de alta calidad al mismo tiempo que preservamos los oc\u00e9anos. Se cultiva en fotobiorreactores frente a la costa de Breta\u00f1a. De esta forma, no le quitamos nada a la naturaleza.\u00a0<\/p>\n<p>El micro-alga Tetraselmis pertenece a la familia del plancton vegetal, que ayuda a eliminar la contaminaci\u00f3n del aire al capturar el CO2 que necesita para la fotos\u00edntesis. Aplicado sobre la piel, estimula los mecanismos de desintoxicaci\u00f3n y ayuda a combatir los efectos nocivos de la contaminaci\u00f3n que aceleran el envejecimiento de la piel.\u00a0<\/p>\n<\/div>\n<\/div><\/div><\/div><\/div><div id=\"pg-6477-3\"  class=\"panel-grid panel-no-style\" ><div id=\"pgc-6477-3-0\"  class=\"panel-grid-cell\" ><div id=\"panel-6477-3-0-0\" class=\"so-panel widget widget_sow-editor panel-first-child panel-last-child\" data-index=\"6\" ><div\n\t\t\t\n\t\t\tclass=\"so-widget-sow-editor so-widget-sow-editor-base\"\n\t\t\t\n\t\t>\n<div class=\"siteorigin-widget-tinymce textwidget\">\n\t<p><strong>2. Conoce Elixir Botanique<\/strong><\/p>\n<p>El <a href=\"https:\/\/www.yves-rocher.es\/rostro\/serum-fortalecedor-diario-anti-polucion\/p\/74781\"><strong>s\u00e9rum\u00a0 fortalecedor diario anti-poluci\u00f3n <\/strong><\/a>desasfixia la piel y protege de los efectos nocivos de la contaminaci\u00f3n, responsable del envejecimiento prematuro. Su textura acuosa y microperlada se funde instant\u00e1neamente al contacto con la piel, aportando una sensaci\u00f3n de frescor.\u00a0<\/p>\n<p>El <a href=\"https:\/\/www.yves-rocher.es\/rostro\/tipo-de-cuidado\/crema-de-dia\/tratamiento-reparador-anti-polucion\/p\/74793\"><strong>Tratamiento reparador anti-poluci\u00f3n D\u00eda<\/strong><\/a> ayuda a potenciar los efectos del s\u00e9rum. Despu\u00e9s de 1 mes, las arrugas y peque\u00f1as arrugas se reducen, la piel se repara y est\u00e1 radiante.<\/p>\n<p>El\u00a0 <a href=\"https:\/\/www.yves-rocher.es\/rostro\/tipo-de-cuidado\/crema-de-noche\/tratamiento-recuperador-de-noche\/p\/74826\"><strong>Tratamiento recuperador Noche<\/strong><\/a> es un tratamiento de noche con textura gel, que facilita su absorci\u00f3n. Desde la primera aplicaci\u00f3n, la piel est\u00e1 desasfixiada, resplandeciente y descansada.\u00a0<\/p>\n<p>El <a href=\"https:\/\/www.yves-rocher.es\/rostro\/tipo-de-cuidado\/contorno-de-ojos-y-labios\/roll-on-ojos-anti-fatiga-y-luminosidad\/p\/74870\"><strong>Roll-on ojos Anti-fatiga y luminosidad <\/strong><\/a>\u00a0es un tratamiento espec\u00edfico para los ojos con una textura en gel fresca y una punta roll-on de tres bolas para masajear suavemente el contorno de los ojos. Inmediatamente, la piel queda hidratada, luminosa y protegida de la contaminaci\u00f3n. Las l\u00edneas y arrugas se reducen visiblemente. A partir de 1 mes, las ojeras aparecen menos marcadas.\u00a0<\/p>\n<\/div>\n<\/div><\/div><\/div><div id=\"pgc-6477-3-1\"  class=\"panel-grid-cell\" ><div id=\"panel-6477-3-1-0\" class=\"so-panel widget widget_sow-image panel-first-child panel-last-child\" data-index=\"7\" ><div\n\t\t\t\n\t\t\tclass=\"so-widget-sow-image so-widget-sow-image-default-8b5b6f678277-6477\"\n\t\t\t\n\t\t>\r\n\r\n\r\n<div class=\"sow-image-container\">\r\n    <a href=\"https:\/\/www.yves-rocher.es\/elixir-botanique-immersive\" >\r\n    <img loading=\"lazy\" decoding=\"async\" src=\"https:\/\/abspace.yves-rocher.com\/es\/wp-content\/uploads\/sites\/11\/2021\/09\/AB-2.jpg\" width=\"1500\" height=\"1000\" srcset=\"\" title=\"Gama Elixir Botanique\"          class=\"so-widget-image\" \/>\r\n\r\n    \r\n    <\/a>\r\n    <\/div>\r\n\r\n<\/div><\/div><\/div><\/div><div id=\"pg-6477-4\"  class=\"panel-grid panel-no-style\" ><div id=\"pgc-6477-4-0\"  class=\"panel-grid-cell\" ><div id=\"panel-6477-4-0-0\" class=\"so-panel widget widget_sow-image panel-first-child panel-last-child\" data-index=\"8\" ><div\n\t\t\t\n\t\t\tclass=\"so-widget-sow-image so-widget-sow-image-default-8b5b6f678277-6477\"\n\t\t\t\n\t\t>\r\n\r\n\r\n<div class=\"sow-image-container\">\r\n    <a href=\"https:\/\/www.yves-rocher.es\/elixir-botanique-immersive\" >\r\n    <img loading=\"lazy\" decoding=\"async\" src=\"https:\/\/abspace.yves-rocher.com\/es\/wp-content\/uploads\/sites\/11\/2021\/08\/2109_S_Article_ELIXIR_BOTANIQUE_GAMME_VISUEL4_1100x652.jpg\" width=\"1100\" height=\"652\" srcset=\"\"          class=\"so-widget-image\" \/>\r\n\r\n    \r\n    <\/a>\r\n    <\/div>\r\n\r\n<\/div><\/div><\/div><div id=\"pgc-6477-4-1\"  class=\"panel-grid-cell\" ><div id=\"panel-6477-4-1-0\" class=\"so-panel widget widget_sow-editor panel-first-child panel-last-child\" data-index=\"9\" ><div\n\t\t\t\n\t\t\tclass=\"so-widget-sow-editor so-widget-sow-editor-base\"\n\t\t\t\n\t\t>\n<div class=\"siteorigin-widget-tinymce textwidget\">\n\t<p><strong>3. \u00bfCu\u00e1les son los beneficios de la gama Elixir Botanique ?<\/strong><\/p>\n<p>Una gama ultra natural compuesta por hasta un 99% de ingredientes naturales para proteger tu piel a diario de los efectos nocivos de la contaminaci\u00f3n:\u00a0\u00a0<\/p>\n<ul>\n<li><strong>Fortalece<\/strong><\/li>\n<li><strong>Potencia la luminosidad<\/strong><\/li>\n<li><strong>Hidrata<\/strong><\/li>\n<li><strong>Retrasa los signos de envejecimiento<\/strong><\/li>\n<\/ul>\n<p><strong>4. \u00bfA qu\u00e9 gama reemplaza?<\/strong><\/p>\n<p>\u00a1Adi\u00f3s Elixir Jeunesse, hola Elixir Botanique !<\/p>\n<p>Si te encanta Elixir Jeunesse y no quieres cambiar, no te asustes, los tratamientos de Elixir Botanique brindan los mismos efectos con ingredientes activos a\u00fan m\u00e1s revolucionarios. \u00bfA qu\u00e9 esperas para probarlos?<\/p>\n<\/div>\n<\/div><\/div><\/div><\/div><\/div>","protected":false},"excerpt":{"rendered":"<p>Presume de una piel libre de contaminaci\u00f3n con la nueva gama Elixir Botanique<\/p>\n","protected":false},"author":935949,"featured_media":6322,"comment_status":"open","ping_status":"open","sticky":false,"template":"","format":"standard","meta":{"_acf_changed":false,"_exactmetrics_skip_tracking":false,"_exactmetrics_sitenote_active":false,"_exactmetrics_sitenote_note":"","_exactmetrics_sitenote_category":0,"footnotes":""},"categories":[1],"tags":[724,749],"class_list":["post-6477","post","type-post","status-publish","format-standard","has-post-thumbnail","hentry","category-uncategorized","tag-enlasnoticias","tag-rostro"],"acf":[],"yoast_head":"<!-- This site is optimized with the Yoast SEO plugin v24.7 - https:\/\/yoast.com\/wordpress\/plugins\/seo\/ -->\n<title>Act Beautiful - La nueva gama Elixir Botanique - Yves Rocher<\/title>\n<meta name=\"description\" content=\"Presume de una piel libre de contaminaci\u00f3n con la nueva gama Elixir Botanique\" \/>\n<meta name=\"robots\" content=\"index, follow, max-snippet:-1, max-image-preview:large, max-video-preview:-1\" \/>\n<link rel=\"canonical\" href=\"https:\/\/abspace.yves-rocher.com\/es\/es\/la-nueva-gama-elixir-botanique\/\" \/>\n<meta property=\"og:locale\" content=\"es_ES\" \/>\n<meta property=\"og:type\" content=\"article\" \/>\n<meta property=\"og:title\" content=\"Act Beautiful - La nueva gama Elixir Botanique - Yves Rocher\" \/>\n<meta property=\"og:description\" content=\"Presume de una piel libre de contaminaci\u00f3n con la nueva gama Elixir Botanique\" \/>\n<meta property=\"og:url\" content=\"https:\/\/abspace.yves-rocher.com\/es\/es\/la-nueva-gama-elixir-botanique\/\" \/>\n<meta property=\"og:site_name\" content=\"Spain YR AB\" \/>\n<meta property=\"article:published_time\" content=\"2021-09-21T09:10:12+00:00\" \/>\n<meta property=\"article:modified_time\" content=\"2022-04-05T10:42:57+00:00\" \/>\n<meta property=\"og:image\" content=\"https:\/\/abspace.yves-rocher.com\/es\/wp-content\/uploads\/sites\/11\/2021\/08\/2109_S_HP_ELIXIR_BOTANIQUE_GAMME_push_5_750x1036.jpg\" \/>\n\t<meta property=\"og:image:width\" content=\"750\" \/>\n\t<meta property=\"og:image:height\" content=\"1036\" \/>\n\t<meta property=\"og:image:type\" content=\"image\/jpeg\" \/>\n<meta name=\"author\" content=\"Alice Mendes\" \/>\n<meta name=\"twitter:card\" content=\"summary_large_image\" \/>\n<meta name=\"twitter:label1\" content=\"Written by\" \/>\n\t<meta name=\"twitter:data1\" content=\"Alice Mendes\" \/>\n\t<meta name=\"twitter:label2\" content=\"Est. reading time\" \/>\n\t<meta name=\"twitter:data2\" content=\"3 minutes\" \/>\n<script type=\"application\/ld+json\" class=\"yoast-schema-graph\">{\"@context\":\"https:\/\/schema.org\",\"@graph\":[{\"@type\":\"WebPage\",\"@id\":\"https:\/\/abspace.yves-rocher.com\/es\/es\/la-nueva-gama-elixir-botanique\/\",\"url\":\"https:\/\/abspace.yves-rocher.com\/es\/es\/la-nueva-gama-elixir-botanique\/\",\"name\":\"Act Beautiful - La nueva gama Elixir Botanique - Yves Rocher\",\"isPartOf\":{\"@id\":\"https:\/\/abspace.yves-rocher.com\/es\/#website\"},\"primaryImageOfPage\":{\"@id\":\"https:\/\/abspace.yves-rocher.com\/es\/es\/la-nueva-gama-elixir-botanique\/#primaryimage\"},\"image\":{\"@id\":\"https:\/\/abspace.yves-rocher.com\/es\/es\/la-nueva-gama-elixir-botanique\/#primaryimage\"},\"thumbnailUrl\":\"https:\/\/abspace.yves-rocher.com\/es\/wp-content\/uploads\/sites\/11\/2021\/08\/2109_S_HP_ELIXIR_BOTANIQUE_GAMME_push_5_750x1036.jpg\",\"datePublished\":\"2021-09-21T09:10:12+00:00\",\"dateModified\":\"2022-04-05T10:42:57+00:00\",\"author\":{\"@id\":\"https:\/\/abspace.yves-rocher.com\/es\/#\/schema\/person\/40f8c53003459b41fa1aca086c588e97\"},\"description\":\"Presume de una piel libre de contaminaci\u00f3n con la nueva gama Elixir Botanique\",\"breadcrumb\":{\"@id\":\"https:\/\/abspace.yves-rocher.com\/es\/es\/la-nueva-gama-elixir-botanique\/#breadcrumb\"},\"inLanguage\":\"es-ES\",\"potentialAction\":[{\"@type\":\"ReadAction\",\"target\":[\"https:\/\/abspace.yves-rocher.com\/es\/es\/la-nueva-gama-elixir-botanique\/\"]}]},{\"@type\":\"ImageObject\",\"inLanguage\":\"es-ES\",\"@id\":\"https:\/\/abspace.yves-rocher.com\/es\/es\/la-nueva-gama-elixir-botanique\/#primaryimage\",\"url\":\"https:\/\/abspace.yves-rocher.com\/es\/wp-content\/uploads\/sites\/11\/2021\/08\/2109_S_HP_ELIXIR_BOTANIQUE_GAMME_push_5_750x1036.jpg\",\"contentUrl\":\"https:\/\/abspace.yves-rocher.com\/es\/wp-content\/uploads\/sites\/11\/2021\/08\/2109_S_HP_ELIXIR_BOTANIQUE_GAMME_push_5_750x1036.jpg\",\"width\":750,\"height\":1036},{\"@type\":\"BreadcrumbList\",\"@id\":\"https:\/\/abspace.yves-rocher.com\/es\/es\/la-nueva-gama-elixir-botanique\/#breadcrumb\",\"itemListElement\":[{\"@type\":\"ListItem\",\"position\":1,\"name\":\"Home\",\"item\":\"https:\/\/abspace.yves-rocher.com\/es\/es\/\"},{\"@type\":\"ListItem\",\"position\":2,\"name\":\"La nueva gama Elixir Botanique\"}]},{\"@type\":\"WebSite\",\"@id\":\"https:\/\/abspace.yves-rocher.com\/es\/#website\",\"url\":\"https:\/\/abspace.yves-rocher.com\/es\/\",\"name\":\"Spain YR AB\",\"description\":\"Spain YR AB\",\"potentialAction\":[{\"@type\":\"SearchAction\",\"target\":{\"@type\":\"EntryPoint\",\"urlTemplate\":\"https:\/\/abspace.yves-rocher.com\/es\/?s={search_term_string}\"},\"query-input\":{\"@type\":\"PropertyValueSpecification\",\"valueRequired\":true,\"valueName\":\"search_term_string\"}}],\"inLanguage\":\"es-ES\"},{\"@type\":\"Person\",\"@id\":\"https:\/\/abspace.yves-rocher.com\/es\/#\/schema\/person\/40f8c53003459b41fa1aca086c588e97\",\"name\":\"Alice Mendes\",\"image\":{\"@type\":\"ImageObject\",\"inLanguage\":\"es-ES\",\"@id\":\"https:\/\/abspace.yves-rocher.com\/es\/#\/schema\/person\/image\/\",\"url\":\"https:\/\/secure.gravatar.com\/avatar\/610d2792616e6f74a4f3fbadf5cd6c89?s=96&d=mm&r=g\",\"contentUrl\":\"https:\/\/secure.gravatar.com\/avatar\/610d2792616e6f74a4f3fbadf5cd6c89?s=96&d=mm&r=g\",\"caption\":\"Alice Mendes\"},\"url\":\"https:\/\/abspace.yves-rocher.com\/es\/es\/author\/alicemendes\/\"}]}<\/script>\n<!-- \/ Yoast SEO plugin. -->","yoast_head_json":{"title":"Act Beautiful - La nueva gama Elixir Botanique - Yves Rocher","description":"Presume de una piel libre de contaminaci\u00f3n con la nueva gama Elixir Botanique","robots":{"index":"index","follow":"follow","max-snippet":"max-snippet:-1","max-image-preview":"max-image-preview:large","max-video-preview":"max-video-preview:-1"},"canonical":"https:\/\/abspace.yves-rocher.com\/es\/es\/la-nueva-gama-elixir-botanique\/","og_locale":"es_ES","og_type":"article","og_title":"Act Beautiful - La nueva gama Elixir Botanique - Yves Rocher","og_description":"Presume de una piel libre de contaminaci\u00f3n con la nueva gama Elixir Botanique","og_url":"https:\/\/abspace.yves-rocher.com\/es\/es\/la-nueva-gama-elixir-botanique\/","og_site_name":"Spain YR AB","article_published_time":"2021-09-21T09:10:12+00:00","article_modified_time":"2022-04-05T10:42:57+00:00","og_image":[{"width":750,"height":1036,"url":"https:\/\/abspace.yves-rocher.com\/es\/wp-content\/uploads\/sites\/11\/2021\/08\/2109_S_HP_ELIXIR_BOTANIQUE_GAMME_push_5_750x1036.jpg","type":"image\/jpeg"}],"author":"Alice Mendes","twitter_card":"summary_large_image","twitter_misc":{"Written by":"Alice Mendes","Est. reading time":"3 minutes"},"schema":{"@context":"https:\/\/schema.org","@graph":[{"@type":"WebPage","@id":"https:\/\/abspace.yves-rocher.com\/es\/es\/la-nueva-gama-elixir-botanique\/","url":"https:\/\/abspace.yves-rocher.com\/es\/es\/la-nueva-gama-elixir-botanique\/","name":"Act Beautiful - La nueva gama Elixir Botanique - Yves Rocher","isPartOf":{"@id":"https:\/\/abspace.yves-rocher.com\/es\/#website"},"primaryImageOfPage":{"@id":"https:\/\/abspace.yves-rocher.com\/es\/es\/la-nueva-gama-elixir-botanique\/#primaryimage"},"image":{"@id":"https:\/\/abspace.yves-rocher.com\/es\/es\/la-nueva-gama-elixir-botanique\/#primaryimage"},"thumbnailUrl":"https:\/\/abspace.yves-rocher.com\/es\/wp-content\/uploads\/sites\/11\/2021\/08\/2109_S_HP_ELIXIR_BOTANIQUE_GAMME_push_5_750x1036.jpg","datePublished":"2021-09-21T09:10:12+00:00","dateModified":"2022-04-05T10:42:57+00:00","author":{"@id":"https:\/\/abspace.yves-rocher.com\/es\/#\/schema\/person\/40f8c53003459b41fa1aca086c588e97"},"description":"Presume de una piel libre de contaminaci\u00f3n con la nueva gama Elixir Botanique","breadcrumb":{"@id":"https:\/\/abspace.yves-rocher.com\/es\/es\/la-nueva-gama-elixir-botanique\/#breadcrumb"},"inLanguage":"es-ES","potentialAction":[{"@type":"ReadAction","target":["https:\/\/abspace.yves-rocher.com\/es\/es\/la-nueva-gama-elixir-botanique\/"]}]},{"@type":"ImageObject","inLanguage":"es-ES","@id":"https:\/\/abspace.yves-rocher.com\/es\/es\/la-nueva-gama-elixir-botanique\/#primaryimage","url":"https:\/\/abspace.yves-rocher.com\/es\/wp-content\/uploads\/sites\/11\/2021\/08\/2109_S_HP_ELIXIR_BOTANIQUE_GAMME_push_5_750x1036.jpg","contentUrl":"https:\/\/abspace.yves-rocher.com\/es\/wp-content\/uploads\/sites\/11\/2021\/08\/2109_S_HP_ELIXIR_BOTANIQUE_GAMME_push_5_750x1036.jpg","width":750,"height":1036},{"@type":"BreadcrumbList","@id":"https:\/\/abspace.yves-rocher.com\/es\/es\/la-nueva-gama-elixir-botanique\/#breadcrumb","itemListElement":[{"@type":"ListItem","position":1,"name":"Home","item":"https:\/\/abspace.yves-rocher.com\/es\/es\/"},{"@type":"ListItem","position":2,"name":"La nueva gama Elixir Botanique"}]},{"@type":"WebSite","@id":"https:\/\/abspace.yves-rocher.com\/es\/#website","url":"https:\/\/abspace.yves-rocher.com\/es\/","name":"Spain YR AB","description":"Spain YR AB","potentialAction":[{"@type":"SearchAction","target":{"@type":"EntryPoint","urlTemplate":"https:\/\/abspace.yves-rocher.com\/es\/?s={search_term_string}"},"query-input":{"@type":"PropertyValueSpecification","valueRequired":true,"valueName":"search_term_string"}}],"inLanguage":"es-ES"},{"@type":"Person","@id":"https:\/\/abspace.yves-rocher.com\/es\/#\/schema\/person\/40f8c53003459b41fa1aca086c588e97","name":"Alice Mendes","image":{"@type":"ImageObject","inLanguage":"es-ES","@id":"https:\/\/abspace.yves-rocher.com\/es\/#\/schema\/person\/image\/","url":"https:\/\/secure.gravatar.com\/avatar\/610d2792616e6f74a4f3fbadf5cd6c89?s=96&d=mm&r=g","contentUrl":"https:\/\/secure.gravatar.com\/avatar\/610d2792616e6f74a4f3fbadf5cd6c89?s=96&d=mm&r=g","caption":"Alice Mendes"},"url":"https:\/\/abspace.yves-rocher.com\/es\/es\/author\/alicemendes\/"}]}},"_links":{"self":[{"href":"https:\/\/abspace.yves-rocher.com\/es\/ws\/wp\/v2\/posts\/6477","targetHints":{"allow":["GET"]}}],"collection":[{"href":"https:\/\/abspace.yves-rocher.com\/es\/ws\/wp\/v2\/posts"}],"about":[{"href":"https:\/\/abspace.yves-rocher.com\/es\/ws\/wp\/v2\/types\/post"}],"author":[{"embeddable":true,"href":"https:\/\/abspace.yves-rocher.com\/es\/ws\/wp\/v2\/users\/935949"}],"replies":[{"embeddable":true,"href":"https:\/\/abspace.yves-rocher.com\/es\/ws\/wp\/v2\/comments?post=6477"}],"version-history":[{"count":13,"href":"https:\/\/abspace.yves-rocher.com\/es\/ws\/wp\/v2\/posts\/6477\/revisions"}],"predecessor-version":[{"id":6712,"href":"https:\/\/abspace.yves-rocher.com\/es\/ws\/wp\/v2\/posts\/6477\/revisions\/6712"}],"wp:featuredmedia":[{"embeddable":true,"href":"https:\/\/abspace.yves-rocher.com\/es\/ws\/wp\/v2\/media\/6322"}],"wp:attachment":[{"href":"https:\/\/abspace.yves-rocher.com\/es\/ws\/wp\/v2\/media?parent=6477"}],"wp:term":[{"taxonomy":"category","embeddable":true,"href":"https:\/\/abspace.yves-rocher.com\/es\/ws\/wp\/v2\/categories?post=6477"},{"taxonomy":"post_tag","embeddable":true,"href":"https:\/\/abspace.yves-rocher.com\/es\/ws\/wp\/v2\/tags?post=6477"}],"curies":[{"name":"wp","href":"https:\/\/api.w.org\/{rel}","templated":true}]}}