{"id":6596,"date":"2021-10-11T09:18:09","date_gmt":"2021-10-11T08:18:09","guid":{"rendered":"http:\/\/abspace.yves-rocher.com\/es\/?p=6596"},"modified":"2022-05-20T11:10:06","modified_gmt":"2022-05-20T10:10:06","slug":"preservar-la-biodiversidad","status":"publish","type":"post","link":"https:\/\/abspace.yves-rocher.com\/es\/es\/preservar-la-biodiversidad\/","title":{"rendered":"Preservar la Biodiversidad"},"content":{"rendered":"<div id=\"pl-6596\"  class=\"panel-layout\" ><div id=\"pg-6596-0\"  class=\"panel-grid panel-no-style\" ><div id=\"pgc-6596-0-0\"  class=\"panel-grid-cell\" >            <div class=\"textWidget header-description \">\r\n                <p>En el centro de nuestras acciones desde siempre<\/p>\r\n            <\/div>\r\n    <div id=\"panel-6596-0-0-1\" class=\"so-panel widget widget_sow-editor panel-last-child\" data-index=\"1\" ><div\n\t\t\t\n\t\t\tclass=\"so-widget-sow-editor so-widget-sow-editor-base\"\n\t\t\t\n\t\t>\n<div class=\"siteorigin-widget-tinymce textwidget\">\n\t<p style=\"text-align: left\"><strong>En un momento de cambio clim\u00e1tico, la preservaci\u00f3n de la biodiversidad se ha convertido en un tema vital.\u00a0<\/strong><strong>Gran amante de la naturaleza y consciente de la inestimable riqueza de las tierras gacilianas de su infancia, el Sr. Yves Rocher siempre ha sabido que era esencial preservar el precioso y fr\u00e1gil equilibrio de la vida. Esta convicci\u00f3n vanguardista ha guiado la forma en que cultivamos nuestras plantas y producimos nuestro cuidado con el m\u00e1ximo respeto por la naturaleza.\u00a0<\/strong><strong>Hoy, m\u00e1s que nunca, seguimos incluyendo la preservaci\u00f3n de la biodiversidad en nuestra forma de hacer y ser, demostrando que la belleza responsable es posible.<\/strong><\/p>\n<\/div>\n<\/div><\/div><\/div><\/div><div id=\"pg-6596-1\"  class=\"panel-grid panel-no-style\" ><div id=\"pgc-6596-1-0\"  class=\"panel-grid-cell\" ><div id=\"panel-6596-1-0-0\" class=\"so-panel widget widget_sow-editor panel-first-child panel-last-child\" data-index=\"2\" ><div\n\t\t\t\n\t\t\tclass=\"so-widget-sow-editor so-widget-sow-editor-base\"\n\t\t\t\n\t\t>\n<div class=\"siteorigin-widget-tinymce textwidget\">\n\t<h4>Preservar la diversidad vegetal<\/h4>\n<\/div>\n<\/div><\/div><\/div><\/div><div id=\"pg-6596-2\"  class=\"panel-grid panel-no-style\" ><div id=\"pgc-6596-2-0\"  class=\"panel-grid-cell\" ><div id=\"panel-6596-2-0-0\" class=\"so-panel widget widget_sow-editor panel-first-child panel-last-child\" data-index=\"3\" ><div\n\t\t\t\n\t\t\tclass=\"so-widget-sow-editor so-widget-sow-editor-base\"\n\t\t\t\n\t\t>\n<div class=\"siteorigin-widget-tinymce textwidget\">\n\t<p><strong>Enfoques de cultivo y producci\u00f3n responsables<\/strong><\/p>\n<p>En La Gacilly, cuna de nuestra marca y tierra de cultivo de nuestros principios vegetales, llevamos trabajando desde nuestros inicios para preservar esta naturaleza que tanto nos ofrece a cambio. Agroecolog\u00eda, agricultura ecol\u00f3gica, investigaci\u00f3n...\u00a0<strong>respetamos profundamente los ritmos naturales y los ecosistemas.<\/strong>\u00a0Por ejemplo, la forma en que cultivamos nuestras plantas (manzanilla, ar\u00e1ndano, cal\u00e9ndula...) garantiza su calidad a la vez que mejora la fertilidad del suelo y aumenta la diversidad vegetal de nuestra tierra.\u00a0<strong>Nuestras 9 plantas emblem\u00e1ticas tambi\u00e9n est\u00e1n certificadas POR UEBT*<\/strong>\u00a0(para un suministro respetuoso con las personas y la biodiversidad) desde el 30 de julio de 2021. En este contexto, hemos desarrollado una estrategia para\u00a0<strong>medir concretamente nuestras acciones para la conservaci\u00f3n y preservaci\u00f3n de la biodiversidad.<\/strong><\/p>\n<p>*Uni\u00f3n por el BioComercio \u00c9tico<\/p>\n<\/div>\n<\/div><\/div><\/div><div id=\"pgc-6596-2-1\"  class=\"panel-grid-cell\" ><div id=\"panel-6596-2-1-0\" class=\"so-panel widget widget_sow-image panel-first-child panel-last-child\" data-index=\"4\" ><div\n\t\t\t\n\t\t\tclass=\"so-widget-sow-image so-widget-sow-image-default-8b5b6f678277-6596\"\n\t\t\t\n\t\t>\r\n\r\n\r\n<div class=\"sow-image-container\">\r\n    \r\n    <img loading=\"lazy\" decoding=\"async\" src=\"https:\/\/abspace.yves-rocher.com\/es\/wp-content\/uploads\/sites\/11\/2021\/10\/2111_S_Article_Diversite_VISUEL1_1100x652.jpg\" width=\"1100\" height=\"652\" srcset=\"\"          class=\"so-widget-image\" \/>\r\n\r\n    \r\n    \r\n    <\/div>\r\n\r\n<\/div><\/div><\/div><\/div><div id=\"pg-6596-3\"  class=\"panel-grid panel-no-style\" ><div id=\"pgc-6596-3-0\"  class=\"panel-grid-cell\" ><div id=\"panel-6596-3-0-0\" class=\"so-panel widget widget_sow-image panel-first-child panel-last-child\" data-index=\"5\" ><div\n\t\t\t\n\t\t\tclass=\"so-widget-sow-image so-widget-sow-image-default-8b5b6f678277-6596\"\n\t\t\t\n\t\t>\r\n\r\n\r\n<div class=\"sow-image-container\">\r\n    \r\n    <img loading=\"lazy\" decoding=\"async\" src=\"https:\/\/abspace.yves-rocher.com\/es\/wp-content\/uploads\/sites\/11\/2017\/06\/1708_Echapees-nature_Image2_1100x652.jpg\" width=\"1100\" height=\"652\" srcset=\"\"          class=\"so-widget-image\" \/>\r\n\r\n    \r\n    \r\n    <\/div>\r\n\r\n<\/div><\/div><\/div><div id=\"pgc-6596-3-1\"  class=\"panel-grid-cell\" ><div id=\"panel-6596-3-1-0\" class=\"so-panel widget widget_sow-editor panel-first-child panel-last-child\" data-index=\"6\" ><div\n\t\t\t\n\t\t\tclass=\"so-widget-sow-editor so-widget-sow-editor-base\"\n\t\t\t\n\t\t>\n<div class=\"siteorigin-widget-tinymce textwidget\">\n\t<p><strong>Un precioso Jard\u00edn Bot\u00e1nico<\/strong><\/p>\n<p>Creado en\u00a0<strong>1975<\/strong>, nuestro Jard\u00edn Bot\u00e1nico, que\u00a0<strong>se extiende sobre 2 hect\u00e1reas en La Gacilly<\/strong>, es un verdadero laboratorio al aire libre. Conservamos y estudiamos m\u00e1s de\u00a0<strong>1500 especies de plantas<\/strong>\u00a0y compartimos nuestro conocimiento con m\u00e1s de<strong>\u00a0200 Jardines Bot\u00e1nicos<\/strong>\u00a0de todo el mundo.<\/p>\n<p>Un verdadero tesoro, as\u00ed como un \"Jard\u00edn Anfitri\u00f3n\" para especies de plantas raras y en peligro de extinci\u00f3n.<\/p>\n<p>Este lugar \u00fanico tiene muchas certificaciones, incluida la etiqueta\u00a0<strong>Jardins Botaniques de France et des Pays francophones<\/strong>, o una membres\u00eda en\u00a0<strong>el bot\u00e1nico Gardens Conservation International.<\/strong><\/p>\n<\/div>\n<\/div><\/div><\/div><\/div><div id=\"pg-6596-4\"  class=\"panel-grid panel-no-style\" ><div id=\"pgc-6596-4-0\"  class=\"panel-grid-cell\" ><div id=\"panel-6596-4-0-0\" class=\"so-panel widget widget_sow-editor panel-first-child panel-last-child\" data-index=\"7\" ><div\n\t\t\t\n\t\t\tclass=\"so-widget-sow-editor so-widget-sow-editor-base\"\n\t\t\t\n\t\t>\n<div class=\"siteorigin-widget-tinymce textwidget\">\n\t<p><strong>La Fundaci\u00f3n Yves Rocher comprometida con la vida<\/strong><\/p>\n<p>Pero nuestro compromiso va mucho m\u00e1s all\u00e1 de nuestras tierras gacilianas: como primer mecenas de la Fundaci\u00f3n Yves Rocher,\u00a0<strong>llevamos 30 a\u00f1os apoyando sus acciones en favor de la biodiversidad.<\/strong>\u00a0Estamos particularmente orgullosos de haber celebrado junto a \u00e9l los\u00a0<strong>100 millones de \u00e1rboles plantados en todo el mundo a trav\u00e9s de su programa Plant for Life.<\/strong><\/p>\n<p><strong>Nuevo objetivo: plantar 35 millones de \u00e1rboles para 2025<\/strong>, eligiendo siempre especies adaptadas a sus entornos y trabajando con las comunidades locales. Una forma de honrar las maravillosas virtudes del \u00e1rbol, un verdadero reservorio de biodiversidad esencial para la vida de nuestro hermoso planeta.<\/p>\n<\/div>\n<\/div><\/div><\/div><div id=\"pgc-6596-4-1\"  class=\"panel-grid-cell\" ><div id=\"panel-6596-4-1-0\" class=\"so-panel widget widget_sow-image panel-first-child panel-last-child\" data-index=\"8\" ><div\n\t\t\t\n\t\t\tclass=\"so-widget-sow-image so-widget-sow-image-default-8b5b6f678277-6596\"\n\t\t\t\n\t\t>\r\n\r\n\r\n<div class=\"sow-image-container\">\r\n    \r\n    <img loading=\"lazy\" decoding=\"async\" src=\"https:\/\/abspace.yves-rocher.com\/es\/wp-content\/uploads\/sites\/11\/2020\/10\/2011_S_Article_1_100_millions_d\u2019arbres_visuel_1_1100x652.jpg\" width=\"1100\" height=\"652\" srcset=\"\"          class=\"so-widget-image\" \/>\r\n\r\n    \r\n    \r\n    <\/div>\r\n\r\n<\/div><\/div><\/div><\/div><div id=\"pg-6596-5\"  class=\"panel-grid panel-no-style\" ><div id=\"pgc-6596-5-0\"  class=\"panel-grid-cell\" ><div id=\"panel-6596-5-0-0\" class=\"so-panel widget widget_sow-editor panel-first-child panel-last-child\" data-index=\"9\" ><div\n\t\t\t\n\t\t\tclass=\"so-widget-sow-editor so-widget-sow-editor-base\"\n\t\t\t\n\t\t>\n<div class=\"siteorigin-widget-tinymce textwidget\">\n\t<h4><strong>Contribuir a la protecci\u00f3n de las especies animales<\/strong><\/h4>\n<\/div>\n<\/div><\/div><\/div><\/div><div id=\"pg-6596-6\"  class=\"panel-grid panel-no-style\" ><div id=\"pgc-6596-6-0\"  class=\"panel-grid-cell\" ><div id=\"panel-6596-6-0-0\" class=\"so-panel widget widget_sow-image panel-first-child panel-last-child\" data-index=\"10\" ><div\n\t\t\t\n\t\t\tclass=\"so-widget-sow-image so-widget-sow-image-default-8b5b6f678277-6596\"\n\t\t\t\n\t\t>\r\n\r\n\r\n<div class=\"sow-image-container\">\r\n    \r\n    <img loading=\"lazy\" decoding=\"async\" src=\"https:\/\/abspace.yves-rocher.com\/es\/wp-content\/uploads\/sites\/11\/2021\/10\/2111_S_Article_Diversite_VISUEL2_1100x652.jpg\" width=\"1100\" height=\"652\" srcset=\"\"          class=\"so-widget-image\" \/>\r\n\r\n    \r\n    \r\n    <\/div>\r\n\r\n<\/div><\/div><\/div><div id=\"pgc-6596-6-1\"  class=\"panel-grid-cell\" ><div id=\"panel-6596-6-1-0\" class=\"so-panel widget widget_sow-editor panel-first-child panel-last-child\" data-index=\"11\" ><div\n\t\t\t\n\t\t\tclass=\"so-widget-sow-editor so-widget-sow-editor-base\"\n\t\t\t\n\t\t>\n<div class=\"siteorigin-widget-tinymce textwidget\">\n\t<p><strong>Creaci\u00f3n de un entorno propicio<\/strong><\/p>\n<p>Al producir nuestras materias primas con el mayor respeto por los organismos vivos (agroecolog\u00eda, alta siega, manejo sostenible de setos, no uso de herbicidas, etc.), contribuimos a\u00a0<strong>aumentar el n\u00famero de especies vegetales<\/strong>, lo que favorece la\u00a0<strong>multiplicaci\u00f3n de la fauna local<\/strong>\u00a0(insectos, lombrices de tierra, aves, etc.).<\/p>\n<p>Tambi\u00e9n hemos desplegado\u00a0<strong>muchos dispositivos para protegerlo<\/strong>: refugios de reptiles, refugios de murci\u00e9lagos, refugios de mariposas y mariquitas, plantaci\u00f3n de \u00e1rboles frutales, creaci\u00f3n de un estanque...<\/p>\n<\/div>\n<\/div><\/div><\/div><\/div><div id=\"pg-6596-7\"  class=\"panel-grid panel-no-style\" ><div id=\"pgc-6596-7-0\"  class=\"panel-grid-cell\" ><div id=\"panel-6596-7-0-0\" class=\"so-panel widget widget_sow-editor panel-first-child panel-last-child\" data-index=\"12\" ><div\n\t\t\t\n\t\t\tclass=\"so-widget-sow-editor so-widget-sow-editor-base\"\n\t\t\t\n\t\t>\n<div class=\"siteorigin-widget-tinymce textwidget\">\n\t<p><strong>Protecci\u00f3n de los polinizadores<\/strong><\/p>\n<p><strong>Las abejas<\/strong>\u00a0son un eslab\u00f3n clave en el ciclo de la vida, por lo que estamos luchando activamente contra su desaparici\u00f3n. Hemos instalado\u00a0<strong>200 colmenas en nuestras 60 hect\u00e1reas de campos de flores org\u00e1nicas o bordes de campo, as\u00ed como en todos nuestros sitios.<\/strong><\/p>\n<p><strong>\u00bfResultado? 10 millones de abejas en el Gacilly, nos deleitan con casi 5 toneladas de miel al a\u00f1o.<\/strong>\u00a0\u00a1Una delicia para las plantas, as\u00ed como para nuestras papilas gustativas!<\/p>\n<p>En Marruecos, tambi\u00e9n apoyamos\u00a0<strong>la apicultura de 5 pueblos a trav\u00e9s de la creaci\u00f3n de colmenares.<\/strong>\u00a0Adem\u00e1s de preservar a los polinizadores, esta iniciativa ayuda a las mujeres a diversificar su actividad, mejorar sus condiciones de vida y su autonom\u00eda proporcion\u00e1ndoles una nueva fuente de ingresos.<\/p>\n<\/div>\n<\/div><\/div><\/div><div id=\"pgc-6596-7-1\"  class=\"panel-grid-cell\" ><div id=\"panel-6596-7-1-0\" class=\"so-panel widget widget_sow-image panel-first-child panel-last-child\" data-index=\"13\" ><div\n\t\t\t\n\t\t\tclass=\"so-widget-sow-image so-widget-sow-image-default-8b5b6f678277-6596\"\n\t\t\t\n\t\t>\r\n\r\n\r\n<div class=\"sow-image-container\">\r\n    \r\n    <img loading=\"lazy\" decoding=\"async\" src=\"https:\/\/abspace.yves-rocher.com\/es\/wp-content\/uploads\/sites\/11\/2017\/06\/YR-197247-Bleuet-145-14.jpg\" width=\"1000\" height=\"666\" srcset=\"\" title=\"France, Morbihan (56), La Gacilly, culture du Bleuet (Centaurea cyanus) \/\/ France, Morbihan, the Gacilly, culture Cornflower (Centaurea cyanus)Le Jardin Botanique, bleuet, Maya abeille\"          class=\"so-widget-image\" \/>\r\n\r\n    \r\n    \r\n    <\/div>\r\n\r\n<\/div><\/div><\/div><\/div><div id=\"pg-6596-8\"  class=\"panel-grid panel-no-style\" ><div id=\"pgc-6596-8-0\"  class=\"panel-grid-cell\" ><div id=\"panel-6596-8-0-0\" class=\"so-panel widget widget_sow-image panel-first-child panel-last-child\" data-index=\"14\" ><div\n\t\t\t\n\t\t\tclass=\"so-widget-sow-image so-widget-sow-image-default-8b5b6f678277-6596\"\n\t\t\t\n\t\t>\r\n\r\n\r\n<div class=\"sow-image-container\">\r\n    \r\n    <img loading=\"lazy\" decoding=\"async\" src=\"https:\/\/abspace.yves-rocher.com\/es\/wp-content\/uploads\/sites\/11\/2020\/10\/2011_S_HP_Article-5_Nichoir_Visuel_1_1100x652.jpg\" width=\"1100\" height=\"652\" srcset=\"\" title=\"2011_S_HP_Article 5_Nichoir_Visuel_1_1100x652\"          class=\"so-widget-image\" \/>\r\n\r\n    \r\n    \r\n    <\/div>\r\n\r\n<\/div><\/div><\/div><div id=\"pgc-6596-8-1\"  class=\"panel-grid-cell\" ><div id=\"panel-6596-8-1-0\" class=\"so-panel widget widget_sow-editor panel-first-child panel-last-child\" data-index=\"15\" ><div\n\t\t\t\n\t\t\tclass=\"so-widget-sow-editor so-widget-sow-editor-base\"\n\t\t\t\n\t\t>\n<div class=\"siteorigin-widget-tinymce textwidget\">\n\t<p><strong>Proporcionar un h\u00e1bitat privilegiado para las aves<\/strong><\/p>\n<p><strong>El 100% de nuestros sitios y nuestro Jard\u00edn Bot\u00e1nico<\/strong>\u00a0est\u00e1n\u00a0<strong>certificados como Refugios Biodiversit\u00e9 LPO<\/strong>\u00a0(Liga para la Protecci\u00f3n de las Aves).<\/p>\n<p>Durante 11 a\u00f1os, nuestro compromiso con esta importante asociaci\u00f3n nos ha permitido\u00a0<strong>preservar el ecosistema local\u00a0<\/strong>e identificar 82 especies de aves, incluyendo 58 reproductoras, 28 especies de odonatos (la familia de las lib\u00e9lulas), 57 especies de mariposas pero tambi\u00e9n liebres, tejones...<\/p>\n<p>\u00a1Los animales son felices, y nosotros tambi\u00e9n!<\/p>\n<\/div>\n<\/div><\/div><\/div><\/div><div id=\"pg-6596-9\"  class=\"panel-grid panel-no-style\" ><div id=\"pgc-6596-9-0\"  class=\"panel-grid-cell\" ><div id=\"panel-6596-9-0-0\" class=\"so-panel widget widget_sow-editor panel-first-child panel-last-child\" data-index=\"16\" ><div\n\t\t\t\n\t\t\tclass=\"so-widget-sow-editor so-widget-sow-editor-base\"\n\t\t\t\n\t\t>\n<div class=\"siteorigin-widget-tinymce textwidget\">\n\t<h4><strong>La biodiversidad, un tesoro com\u00fan<\/strong><\/h4>\n<\/div>\n<\/div><\/div><\/div><\/div><div id=\"pg-6596-10\"  class=\"panel-grid panel-no-style\" ><div id=\"pgc-6596-10-0\"  class=\"panel-grid-cell\" ><div id=\"panel-6596-10-0-0\" class=\"so-panel widget widget_sow-editor panel-first-child panel-last-child\" data-index=\"17\" ><div\n\t\t\t\n\t\t\tclass=\"so-widget-sow-editor so-widget-sow-editor-base\"\n\t\t\t\n\t\t>\n<div class=\"siteorigin-widget-tinymce textwidget\">\n\t<p><strong>Empleados comprometidos<\/strong><\/p>\n<p>En Yves Rocher estamos convencidos de que salvaguardar la biodiversidad es\u00a0<strong>un compromiso que nos concierne a todos.<\/strong><\/p>\n<p>Y estamos\u00a0<strong>orgullosos de nuestros Centinelas de la Biodiversidad, estos colaboradores<\/strong>\u00a0que observan y estudian la fauna y flora en nuestras tierras de Morbihan mientras otros construyen dispositivos como espirales de insectos, o participan en jornadas de plantaci\u00f3n de \u00e1rboles en todo el mundo con la Fundaci\u00f3n Yves Rocher...<\/p>\n<p>\u00a1Su entusiasmo es contagioso!<\/p>\n<\/div>\n<\/div><\/div><\/div><\/div><div id=\"pg-6596-11\"  class=\"panel-grid panel-no-style\" ><div id=\"pgc-6596-11-0\"  class=\"panel-grid-cell\" ><div id=\"panel-6596-11-0-0\" class=\"so-panel widget widget_sow-image panel-first-child panel-last-child\" data-index=\"18\" ><div\n\t\t\t\n\t\t\tclass=\"so-widget-sow-image so-widget-sow-image-default-8b5b6f678277-6596\"\n\t\t\t\n\t\t>\r\n\r\n\r\n<div class=\"sow-image-container\">\r\n    \r\n    <img loading=\"lazy\" decoding=\"async\" src=\"https:\/\/abspace.yves-rocher.com\/es\/wp-content\/uploads\/sites\/11\/2021\/08\/2109_S_Article_Terre_de_Femmes_VISUEL3_1100x652.jpg\" width=\"1100\" height=\"652\" srcset=\"\"          class=\"so-widget-image\" \/>\r\n\r\n    \r\n    \r\n    <\/div>\r\n\r\n<\/div><\/div><\/div><div id=\"pgc-6596-11-1\"  class=\"panel-grid-cell\" ><div id=\"panel-6596-11-1-0\" class=\"so-panel widget widget_sow-editor panel-first-child panel-last-child\" data-index=\"19\" ><div\n\t\t\t\n\t\t\tclass=\"so-widget-sow-editor so-widget-sow-editor-base\"\n\t\t\t\n\t\t>\n<div class=\"siteorigin-widget-tinymce textwidget\">\n\t<p><strong>Mujeres al lado de la tierra<\/strong><\/p>\n<p>Apoyar a la Fundaci\u00f3n Yves Rocher tambi\u00e9n significa\u00a0<strong>contribuir a los proyectos de mujeres excepcionales que est\u00e1n comprometidas<\/strong>\u00a0con la biodiversidad. Reciclaje de pl\u00e1sticos, gesti\u00f3n del agua, reforestaci\u00f3n, regeneraci\u00f3n de suelos, recuperaci\u00f3n de biorresiduos... Sus acciones son m\u00faltiples y virtuosas.<\/p>\n<p>Y este a\u00f1o,\u00a0<strong>la iodiversidad animal est\u00e1 en el punto de mira<\/strong>, ya que el\u00a0<strong>Premio Internacional Terre de Femmes 2022<\/strong>\u00a0est\u00e1 dedicado al tema:\u00a0<strong>\"La vida silvestre en el coraz\u00f3n de los grandes equilibrios\".<\/strong><\/p>\n<p>\u00a1Estamos encantados de apoyar el desarrollo de sus grandes proyectos!<\/p>\n<\/div>\n<\/div><\/div><\/div><\/div><div id=\"pg-6596-12\"  class=\"panel-grid panel-no-style\" ><div id=\"pgc-6596-12-0\"  class=\"panel-grid-cell\" ><div id=\"panel-6596-12-0-0\" class=\"so-panel widget widget_sow-editor panel-first-child\" data-index=\"20\" ><div\n\t\t\t\n\t\t\tclass=\"so-widget-sow-editor so-widget-sow-editor-base\"\n\t\t\t\n\t\t>\n<div class=\"siteorigin-widget-tinymce textwidget\">\n\t<p><strong>\u00a1Gracias a ti!<\/strong><\/p>\n<p>Todo lo que hemos estado haciendo incansablemente durante a\u00f1os para salvaguardar la biodiversidad no ser\u00eda posible sin su apoyo. Porque,\u00a0<strong>para cualquier compra de uno de nuestros productos m\u00e1s respetuosos con el medio ambiente, en l\u00ednea o en la tienda, la Fundaci\u00f3n Yves Rocher planta un \u00e1rbol.<\/strong><\/p>\n<p>\u00a1Gracias por estar involucrado con nosotros!<\/p>\n<\/div>\n<\/div><\/div><div id=\"panel-6596-12-0-1\" class=\"so-panel widget widget_sow-editor panel-last-child\" data-index=\"21\" ><div\n\t\t\t\n\t\t\tclass=\"so-widget-sow-editor so-widget-sow-editor-base\"\n\t\t\t\n\t\t>\n<div class=\"siteorigin-widget-tinymce textwidget\">\n\t<p><em>Siempre hemos buscado<\/em>\u00a0incansablemente\u00a0<strong>proteger el fr\u00e1gil equilibrio de la vida<\/strong>, esencial para el futuro de nuestro hermoso planeta. Y si t\u00fa tambi\u00e9n quieres aprender m\u00e1s sobre la magia de la naturaleza, ven a visitar nuestro\u00a0<strong>Jard\u00edn Bot\u00e1nico<\/strong>\u00a0o el nuevo\u00a0<strong>Observatorio de Biodiversidad<\/strong>\u00a0de la Fundaci\u00f3n Yves Rocher.<\/p>\n<p><strong>\u00a1Te esperamos en el Gacilly!<\/strong><\/p>\n<\/div>\n<\/div><\/div><\/div><div id=\"pgc-6596-12-1\"  class=\"panel-grid-cell\" ><div id=\"panel-6596-12-1-0\" class=\"so-panel widget widget_sow-image panel-first-child panel-last-child\" data-index=\"22\" ><div\n\t\t\t\n\t\t\tclass=\"so-widget-sow-image so-widget-sow-image-default-8b5b6f678277-6596\"\n\t\t\t\n\t\t>\r\n\r\n\r\n<div class=\"sow-image-container\">\r\n    \r\n    <img loading=\"lazy\" decoding=\"async\" src=\"https:\/\/abspace.yves-rocher.com\/es\/wp-content\/uploads\/sites\/11\/2020\/11\/2010_plastique_image4_1100x652.gif\" width=\"1100\" height=\"652\" srcset=\"\"          class=\"so-widget-image\" \/>\r\n\r\n    \r\n    \r\n    <\/div>\r\n\r\n<\/div><\/div><\/div><\/div><\/div>","protected":false},"excerpt":{"rendered":"<p>\u00a1En el coraz\u00f3n de nuestras acciones desde siempre!<\/p>\n","protected":false},"author":935949,"featured_media":6599,"comment_status":"open","ping_status":"open","sticky":false,"template":"","format":"standard","meta":{"_acf_changed":false,"_exactmetrics_skip_tracking":false,"_exactmetrics_sitenote_active":false,"_exactmetrics_sitenote_note":"","_exactmetrics_sitenote_category":0,"footnotes":""},"categories":[1],"tags":[763,753],"class_list":["post-6596","post","type-post","status-publish","format-standard","has-post-thumbnail","hentry","category-uncategorized","tag-bellezabotanica","tag-nuestrosvalorescomunes"],"acf":[],"yoast_head":"<!-- This site is optimized with the Yoast SEO plugin v24.7 - https:\/\/yoast.com\/wordpress\/plugins\/seo\/ -->\n<title>Act Beautiful - Preservar la Biodiversidad - Yves Rocher<\/title>\n<meta name=\"description\" content=\"\u00a1En el coraz\u00f3n de nuestras acciones desde siempre!\" \/>\n<meta name=\"robots\" content=\"index, follow, max-snippet:-1, max-image-preview:large, max-video-preview:-1\" \/>\n<link rel=\"canonical\" href=\"https:\/\/abspace.yves-rocher.com\/es\/es\/preservar-la-biodiversidad\/\" \/>\n<meta property=\"og:locale\" content=\"es_ES\" \/>\n<meta property=\"og:type\" content=\"article\" \/>\n<meta property=\"og:title\" content=\"Act Beautiful - Preservar la Biodiversidad - Yves Rocher\" \/>\n<meta property=\"og:description\" content=\"\u00a1En el coraz\u00f3n de nuestras acciones desde siempre!\" \/>\n<meta property=\"og:url\" content=\"https:\/\/abspace.yves-rocher.com\/es\/es\/preservar-la-biodiversidad\/\" \/>\n<meta property=\"og:site_name\" content=\"Spain YR AB\" \/>\n<meta property=\"article:published_time\" content=\"2021-10-11T08:18:09+00:00\" \/>\n<meta property=\"article:modified_time\" content=\"2022-05-20T10:10:06+00:00\" \/>\n<meta property=\"og:image\" content=\"https:\/\/abspace.yves-rocher.com\/es\/wp-content\/uploads\/sites\/11\/2021\/10\/2111_S_HP_push_6_Diversite_750x776.jpg\" \/>\n\t<meta property=\"og:image:width\" content=\"750\" \/>\n\t<meta property=\"og:image:height\" content=\"776\" \/>\n\t<meta property=\"og:image:type\" content=\"image\/jpeg\" \/>\n<meta name=\"author\" content=\"Alice Mendes\" \/>\n<meta name=\"twitter:card\" content=\"summary_large_image\" \/>\n<meta name=\"twitter:label1\" content=\"Written by\" \/>\n\t<meta name=\"twitter:data1\" content=\"Alice Mendes\" \/>\n<script type=\"application\/ld+json\" class=\"yoast-schema-graph\">{\"@context\":\"https:\/\/schema.org\",\"@graph\":[{\"@type\":\"WebPage\",\"@id\":\"https:\/\/abspace.yves-rocher.com\/es\/es\/preservar-la-biodiversidad\/\",\"url\":\"https:\/\/abspace.yves-rocher.com\/es\/es\/preservar-la-biodiversidad\/\",\"name\":\"Act Beautiful - Preservar la Biodiversidad - Yves Rocher\",\"isPartOf\":{\"@id\":\"https:\/\/abspace.yves-rocher.com\/es\/#website\"},\"primaryImageOfPage\":{\"@id\":\"https:\/\/abspace.yves-rocher.com\/es\/es\/preservar-la-biodiversidad\/#primaryimage\"},\"image\":{\"@id\":\"https:\/\/abspace.yves-rocher.com\/es\/es\/preservar-la-biodiversidad\/#primaryimage\"},\"thumbnailUrl\":\"https:\/\/abspace.yves-rocher.com\/es\/wp-content\/uploads\/sites\/11\/2021\/10\/2111_S_HP_push_6_Diversite_750x776.jpg\",\"datePublished\":\"2021-10-11T08:18:09+00:00\",\"dateModified\":\"2022-05-20T10:10:06+00:00\",\"author\":{\"@id\":\"https:\/\/abspace.yves-rocher.com\/es\/#\/schema\/person\/40f8c53003459b41fa1aca086c588e97\"},\"description\":\"\u00a1En el coraz\u00f3n de nuestras acciones desde siempre!\",\"breadcrumb\":{\"@id\":\"https:\/\/abspace.yves-rocher.com\/es\/es\/preservar-la-biodiversidad\/#breadcrumb\"},\"inLanguage\":\"es-ES\",\"potentialAction\":[{\"@type\":\"ReadAction\",\"target\":[\"https:\/\/abspace.yves-rocher.com\/es\/es\/preservar-la-biodiversidad\/\"]}]},{\"@type\":\"ImageObject\",\"inLanguage\":\"es-ES\",\"@id\":\"https:\/\/abspace.yves-rocher.com\/es\/es\/preservar-la-biodiversidad\/#primaryimage\",\"url\":\"https:\/\/abspace.yves-rocher.com\/es\/wp-content\/uploads\/sites\/11\/2021\/10\/2111_S_HP_push_6_Diversite_750x776.jpg\",\"contentUrl\":\"https:\/\/abspace.yves-rocher.com\/es\/wp-content\/uploads\/sites\/11\/2021\/10\/2111_S_HP_push_6_Diversite_750x776.jpg\",\"width\":750,\"height\":776},{\"@type\":\"BreadcrumbList\",\"@id\":\"https:\/\/abspace.yves-rocher.com\/es\/es\/preservar-la-biodiversidad\/#breadcrumb\",\"itemListElement\":[{\"@type\":\"ListItem\",\"position\":1,\"name\":\"Home\",\"item\":\"https:\/\/abspace.yves-rocher.com\/es\/es\/\"},{\"@type\":\"ListItem\",\"position\":2,\"name\":\"Preservar la Biodiversidad\"}]},{\"@type\":\"WebSite\",\"@id\":\"https:\/\/abspace.yves-rocher.com\/es\/#website\",\"url\":\"https:\/\/abspace.yves-rocher.com\/es\/\",\"name\":\"Spain YR AB\",\"description\":\"Spain YR AB\",\"potentialAction\":[{\"@type\":\"SearchAction\",\"target\":{\"@type\":\"EntryPoint\",\"urlTemplate\":\"https:\/\/abspace.yves-rocher.com\/es\/?s={search_term_string}\"},\"query-input\":{\"@type\":\"PropertyValueSpecification\",\"valueRequired\":true,\"valueName\":\"search_term_string\"}}],\"inLanguage\":\"es-ES\"},{\"@type\":\"Person\",\"@id\":\"https:\/\/abspace.yves-rocher.com\/es\/#\/schema\/person\/40f8c53003459b41fa1aca086c588e97\",\"name\":\"Alice Mendes\",\"image\":{\"@type\":\"ImageObject\",\"inLanguage\":\"es-ES\",\"@id\":\"https:\/\/abspace.yves-rocher.com\/es\/#\/schema\/person\/image\/\",\"url\":\"https:\/\/secure.gravatar.com\/avatar\/610d2792616e6f74a4f3fbadf5cd6c89?s=96&d=mm&r=g\",\"contentUrl\":\"https:\/\/secure.gravatar.com\/avatar\/610d2792616e6f74a4f3fbadf5cd6c89?s=96&d=mm&r=g\",\"caption\":\"Alice Mendes\"},\"url\":\"https:\/\/abspace.yves-rocher.com\/es\/es\/author\/alicemendes\/\"}]}<\/script>\n<!-- \/ Yoast SEO plugin. -->","yoast_head_json":{"title":"Act Beautiful - Preservar la Biodiversidad - Yves Rocher","description":"\u00a1En el coraz\u00f3n de nuestras acciones desde siempre!","robots":{"index":"index","follow":"follow","max-snippet":"max-snippet:-1","max-image-preview":"max-image-preview:large","max-video-preview":"max-video-preview:-1"},"canonical":"https:\/\/abspace.yves-rocher.com\/es\/es\/preservar-la-biodiversidad\/","og_locale":"es_ES","og_type":"article","og_title":"Act Beautiful - Preservar la Biodiversidad - Yves Rocher","og_description":"\u00a1En el coraz\u00f3n de nuestras acciones desde siempre!","og_url":"https:\/\/abspace.yves-rocher.com\/es\/es\/preservar-la-biodiversidad\/","og_site_name":"Spain YR AB","article_published_time":"2021-10-11T08:18:09+00:00","article_modified_time":"2022-05-20T10:10:06+00:00","og_image":[{"width":750,"height":776,"url":"https:\/\/abspace.yves-rocher.com\/es\/wp-content\/uploads\/sites\/11\/2021\/10\/2111_S_HP_push_6_Diversite_750x776.jpg","type":"image\/jpeg"}],"author":"Alice Mendes","twitter_card":"summary_large_image","twitter_misc":{"Written by":"Alice Mendes"},"schema":{"@context":"https:\/\/schema.org","@graph":[{"@type":"WebPage","@id":"https:\/\/abspace.yves-rocher.com\/es\/es\/preservar-la-biodiversidad\/","url":"https:\/\/abspace.yves-rocher.com\/es\/es\/preservar-la-biodiversidad\/","name":"Act Beautiful - Preservar la Biodiversidad - Yves Rocher","isPartOf":{"@id":"https:\/\/abspace.yves-rocher.com\/es\/#website"},"primaryImageOfPage":{"@id":"https:\/\/abspace.yves-rocher.com\/es\/es\/preservar-la-biodiversidad\/#primaryimage"},"image":{"@id":"https:\/\/abspace.yves-rocher.com\/es\/es\/preservar-la-biodiversidad\/#primaryimage"},"thumbnailUrl":"https:\/\/abspace.yves-rocher.com\/es\/wp-content\/uploads\/sites\/11\/2021\/10\/2111_S_HP_push_6_Diversite_750x776.jpg","datePublished":"2021-10-11T08:18:09+00:00","dateModified":"2022-05-20T10:10:06+00:00","author":{"@id":"https:\/\/abspace.yves-rocher.com\/es\/#\/schema\/person\/40f8c53003459b41fa1aca086c588e97"},"description":"\u00a1En el coraz\u00f3n de nuestras acciones desde siempre!","breadcrumb":{"@id":"https:\/\/abspace.yves-rocher.com\/es\/es\/preservar-la-biodiversidad\/#breadcrumb"},"inLanguage":"es-ES","potentialAction":[{"@type":"ReadAction","target":["https:\/\/abspace.yves-rocher.com\/es\/es\/preservar-la-biodiversidad\/"]}]},{"@type":"ImageObject","inLanguage":"es-ES","@id":"https:\/\/abspace.yves-rocher.com\/es\/es\/preservar-la-biodiversidad\/#primaryimage","url":"https:\/\/abspace.yves-rocher.com\/es\/wp-content\/uploads\/sites\/11\/2021\/10\/2111_S_HP_push_6_Diversite_750x776.jpg","contentUrl":"https:\/\/abspace.yves-rocher.com\/es\/wp-content\/uploads\/sites\/11\/2021\/10\/2111_S_HP_push_6_Diversite_750x776.jpg","width":750,"height":776},{"@type":"BreadcrumbList","@id":"https:\/\/abspace.yves-rocher.com\/es\/es\/preservar-la-biodiversidad\/#breadcrumb","itemListElement":[{"@type":"ListItem","position":1,"name":"Home","item":"https:\/\/abspace.yves-rocher.com\/es\/es\/"},{"@type":"ListItem","position":2,"name":"Preservar la Biodiversidad"}]},{"@type":"WebSite","@id":"https:\/\/abspace.yves-rocher.com\/es\/#website","url":"https:\/\/abspace.yves-rocher.com\/es\/","name":"Spain YR AB","description":"Spain YR AB","potentialAction":[{"@type":"SearchAction","target":{"@type":"EntryPoint","urlTemplate":"https:\/\/abspace.yves-rocher.com\/es\/?s={search_term_string}"},"query-input":{"@type":"PropertyValueSpecification","valueRequired":true,"valueName":"search_term_string"}}],"inLanguage":"es-ES"},{"@type":"Person","@id":"https:\/\/abspace.yves-rocher.com\/es\/#\/schema\/person\/40f8c53003459b41fa1aca086c588e97","name":"Alice Mendes","image":{"@type":"ImageObject","inLanguage":"es-ES","@id":"https:\/\/abspace.yves-rocher.com\/es\/#\/schema\/person\/image\/","url":"https:\/\/secure.gravatar.com\/avatar\/610d2792616e6f74a4f3fbadf5cd6c89?s=96&d=mm&r=g","contentUrl":"https:\/\/secure.gravatar.com\/avatar\/610d2792616e6f74a4f3fbadf5cd6c89?s=96&d=mm&r=g","caption":"Alice Mendes"},"url":"https:\/\/abspace.yves-rocher.com\/es\/es\/author\/alicemendes\/"}]}},"_links":{"self":[{"href":"https:\/\/abspace.yves-rocher.com\/es\/ws\/wp\/v2\/posts\/6596","targetHints":{"allow":["GET"]}}],"collection":[{"href":"https:\/\/abspace.yves-rocher.com\/es\/ws\/wp\/v2\/posts"}],"about":[{"href":"https:\/\/abspace.yves-rocher.com\/es\/ws\/wp\/v2\/types\/post"}],"author":[{"embeddable":true,"href":"https:\/\/abspace.yves-rocher.com\/es\/ws\/wp\/v2\/users\/935949"}],"replies":[{"embeddable":true,"href":"https:\/\/abspace.yves-rocher.com\/es\/ws\/wp\/v2\/comments?post=6596"}],"version-history":[{"count":4,"href":"https:\/\/abspace.yves-rocher.com\/es\/ws\/wp\/v2\/posts\/6596\/revisions"}],"predecessor-version":[{"id":7197,"href":"https:\/\/abspace.yves-rocher.com\/es\/ws\/wp\/v2\/posts\/6596\/revisions\/7197"}],"wp:featuredmedia":[{"embeddable":true,"href":"https:\/\/abspace.yves-rocher.com\/es\/ws\/wp\/v2\/media\/6599"}],"wp:attachment":[{"href":"https:\/\/abspace.yves-rocher.com\/es\/ws\/wp\/v2\/media?parent=6596"}],"wp:term":[{"taxonomy":"category","embeddable":true,"href":"https:\/\/abspace.yves-rocher.com\/es\/ws\/wp\/v2\/categories?post=6596"},{"taxonomy":"post_tag","embeddable":true,"href":"https:\/\/abspace.yves-rocher.com\/es\/ws\/wp\/v2\/tags?post=6596"}],"curies":[{"name":"wp","href":"https:\/\/api.w.org\/{rel}","templated":true}]}}