{"id":7108,"date":"2022-04-20T12:29:29","date_gmt":"2022-04-20T11:29:29","guid":{"rendered":"https:\/\/abspace.yves-rocher.com\/es\/?p=7108"},"modified":"2022-04-29T12:20:34","modified_gmt":"2022-04-29T11:20:34","slug":"que-mascarilla-le-va-mejor-mi-piel","status":"publish","type":"post","link":"https:\/\/abspace.yves-rocher.com\/es\/es\/que-mascarilla-le-va-mejor-mi-piel\/","title":{"rendered":"\u00bfQu\u00e9 mascarilla le va mejor a mi piel?"},"content":{"rendered":"<div id=\"pl-7108\"  class=\"panel-layout\" ><div id=\"pg-7108-0\"  class=\"panel-grid panel-no-style\" ><div id=\"pgc-7108-0-0\"  class=\"panel-grid-cell\" >            <div class=\"textWidget header-description \">\r\n                <p>La mascarilla facial es el verdadero secreto para una piel radiante, pero \u00bfSabes elegir la tuya?<\/p>\r\n            <\/div>\r\n    <\/div><\/div><div id=\"pg-7108-1\"  class=\"panel-grid panel-no-style\" ><div id=\"pgc-7108-1-0\"  class=\"panel-grid-cell\" ><div id=\"panel-7108-1-0-0\" class=\"so-panel widget widget_sow-editor panel-first-child panel-last-child\" data-index=\"1\" ><div class=\"mask-txt panel-widget-style panel-widget-style-for-7108-1-0-0\" ><div\n\t\t\t\n\t\t\tclass=\"so-widget-sow-editor so-widget-sow-editor-base\"\n\t\t\t\n\t\t>\n<div class=\"siteorigin-widget-tinymce textwidget\">\n\t<h3><strong>Mascarilla facial, esencial para una piel perfecta\u00a0<\/strong><\/h3>\n<p>Es un paso clave en tu <strong>ritual de belleza<\/strong> y un momento para mimarte. La mascarilla aporta un <strong>impulso de vitalidad<\/strong> a tu piel. Una o dos veces por semana, completa tu ritual de cuidado facial.\u00a0<\/p>\n<p>Con una formulaci\u00f3n <strong>altamente concentrada en principios activos<\/strong> y una textura m\u00e1s espesa, las mascarillas faciales act\u00faan sobre diferentes capas de la epidermis. Tiene <strong>m\u00faltiples beneficios<\/strong>.<\/p>\n<p>\u00a1Es una verdadera fuente de juventud para reequilibrar tu piel y <strong>devolverle su luminosidad y vitalidad!<\/strong><\/p>\n<\/div>\n<\/div><\/div><\/div><\/div><div id=\"pgc-7108-1-1\"  class=\"panel-grid-cell\" ><div id=\"panel-7108-1-1-0\" class=\"so-panel widget widget_sow-image panel-first-child panel-last-child\" data-index=\"2\" ><div\n\t\t\t\n\t\t\tclass=\"so-widget-sow-image so-widget-sow-image-default-8b5b6f678277-7108\"\n\t\t\t\n\t\t>\r\n\r\n\r\n<div class=\"sow-image-container\">\r\n    \r\n    <img loading=\"lazy\" decoding=\"async\" src=\"https:\/\/abspace.yves-rocher.com\/es\/wp-content\/uploads\/sites\/11\/2022\/02\/N\u00b01-MODELS-1100x652-1.jpg\" width=\"1100\" height=\"652\" srcset=\"\" title=\"N\u00b01 MODELS 1100&#215;652\"          class=\"so-widget-image\" \/>\r\n\r\n    \r\n    \r\n    <\/div>\r\n\r\n<\/div><\/div><\/div><\/div><div id=\"pg-7108-2\"  class=\"panel-grid panel-no-style\" ><div id=\"pgc-7108-2-0\"  class=\"panel-grid-cell\" ><div id=\"panel-7108-2-0-0\" class=\"so-panel widget panel-first-child panel-last-child\" data-index=\"3\" ><\/div><\/div><div id=\"pgc-7108-2-1\"  class=\"panel-grid-cell\" ><div id=\"panel-7108-2-1-0\" class=\"so-panel widget widget_sow-editor panel-first-child panel-last-child\" data-index=\"4\" ><div\n\t\t\t\n\t\t\tclass=\"so-widget-sow-editor so-widget-sow-editor-base\"\n\t\t\t\n\t\t>\n<div class=\"siteorigin-widget-tinymce textwidget\">\n\t<h3 style=\"text-align: left\">Mejora los beneficios de la mascarilla:<\/h3>\n<p style=\"text-align: left\"><strong>Una o dos veces a la semana, exfolia la piel <\/strong>y utiliza<strong> una mascarilla que se adapte a tu tipo de piel. <\/strong>Sobre la piel limpia y h\u00fameda, aplica un toque de exfoliante por todo el rostro con movimientos circulares <strong>evitando el contorno de ojos<\/strong>, y despu\u00e9s aclara con abundante agua.\u00a0\u00a0<\/p>\n<p style=\"text-align: left\">La exfoliaci\u00f3n <strong>elimina las c\u00e9lulas muertas<\/strong> de la piel, aumenta la luminosidad y <strong>estimula la renovaci\u00f3n celular<\/strong> para una piel a\u00fan m\u00e1s radiante.\u00a0\u00a0<\/p>\n<p style=\"text-align: left\">Contin\u00faa <strong>tu ritual<\/strong> con una mascarilla facial que se adapte a tu tipo de piel. Seg\u00fan la mascarilla, aplicar una capa gruesa en todo el rostro o en la zona T. Dejar <strong>actuar de 5 a 10 minutos<\/strong> y retirar con agua. Tonifica la piel con agua micelar y luego aplica tu ritual de cuidado de la piel.\u00a0\u00a0<\/p>\n<div id=\"tw-target-rmn-container\" class=\"tw-target-rmn tw-ta-container F0azHf tw-nfl\">\u00a0<\/div>\n<div class=\"iYB33c\">\n<div id=\"tw-tmenu\" class=\"tw-menu\">\u00a0<\/div>\n<\/div>\n<\/div>\n<\/div><\/div><\/div><\/div><div id=\"pg-7108-3\"  class=\"panel-grid panel-no-style\" ><div id=\"pgc-7108-3-0\"  class=\"panel-grid-cell\" ><div id=\"panel-7108-3-0-0\" class=\"so-panel widget widget_sow-editor panel-first-child panel-last-child\" data-index=\"5\" ><div\n\t\t\t\n\t\t\tclass=\"so-widget-sow-editor so-widget-sow-editor-base\"\n\t\t\t\n\t\t>\n<div class=\"siteorigin-widget-tinymce textwidget\">\n\t<h3 style=\"text-align: left\">\u00a1Todo sobre nuestras mascarillas!<\/h3>\n<p>\u00a0<\/p>\n<h4 style=\"text-align: left\">LA MASCARILLA DESINCRUSTANTE DE CARB\u00d3N LIMPIA LOS POROS Y REDUCE LOS PUNTOS NEGROS<\/h4>\n<p style=\"text-align: left\">Descubre la <a href=\"https:\/\/www.yves-rocher.es\/rostro\/tipo-de-cuidado\/mascarillas-y-exfoliantes\/mascarilla-desincrustante-al-carbon-vegetal\/p\/97135\"><strong>mascarilla desincrustante al carb\u00f3n vegetal<\/strong><\/a> de la gama <a href=\"https:\/\/www.yves-rocher.es\/search?q=pure+menthe\"><strong>Pure Menthe<\/strong><\/a> con el <strong>98% de ingredientes de origen natural<\/strong>, que desincrusta los poros y ayuda a reducir los puntos negros. Absorbe el exceso de grasa, elimina impurezas y unifica el tono de la piel aportando luminosidad.\u00a0\u00a0<br \/><strong>Resultados :<\/strong> <strong>piel desintoxicada, matificada y profundamente purificada<\/strong>. El 81%* de los usuarios considera que las imperfecciones y los puntos negros se reducen y el 96%* afirma que los poros se cierran inmediatamente.<\/p>\n<\/div>\n<\/div><\/div><\/div><div id=\"pgc-7108-3-1\"  class=\"panel-grid-cell\" ><div id=\"panel-7108-3-1-0\" class=\"so-panel widget widget_sow-image panel-first-child panel-last-child\" data-index=\"6\" ><div\n\t\t\t\n\t\t\tclass=\"so-widget-sow-image so-widget-sow-image-default-8b5b6f678277-7108\"\n\t\t\t\n\t\t>\r\n\r\n\r\n<div class=\"sow-image-container\">\r\n    <a href=\"https:\/\/www.yves-rocher.es\/rostro\/tipo-de-cuidado\/mascarillas-y-exfoliantes\/mascarilla-desincrustante-al-carbon-vegetal\/p\/97135\" >\r\n    <img loading=\"lazy\" decoding=\"async\" src=\"https:\/\/abspace.yves-rocher.com\/es\/wp-content\/uploads\/sites\/11\/2022\/02\/N\u00b02-MASQUE-CHARBON.jpg\" width=\"1100\" height=\"652\" srcset=\"\" title=\"Mascarilla desincrustante al carb\u00f3n vegetal\"          class=\"so-widget-image\" \/>\r\n\r\n    \r\n    <\/a>\r\n    <\/div>\r\n\r\n<\/div><\/div><\/div><\/div><div id=\"pg-7108-4\"  class=\"panel-grid panel-no-style\" ><div id=\"pgc-7108-4-0\"  class=\"panel-grid-cell\" ><div id=\"panel-7108-4-0-0\" class=\"so-panel widget panel-first-child panel-last-child\" data-index=\"7\" ><\/div><\/div><\/div><div id=\"pg-7108-5\"  class=\"panel-grid panel-has-style\" ><div class=\"mask-txt panel-row-style panel-row-style-for-7108-5\" ><div id=\"pgc-7108-5-0\"  class=\"panel-grid-cell\" ><div id=\"panel-7108-5-0-0\" class=\"so-panel widget widget_sow-image panel-first-child panel-last-child\" data-index=\"8\" ><div\n\t\t\t\n\t\t\tclass=\"so-widget-sow-image so-widget-sow-image-default-8b5b6f678277-7108\"\n\t\t\t\n\t\t>\r\n\r\n\r\n<div class=\"sow-image-container\">\r\n    <a href=\"https:\/\/www.yves-rocher.es\/rostro\/tipo-de-cuidado\/mascarillas-y-exfoliantes\/mascarilla-purificante-a-la-arcilla\/p\/97213\" >\r\n    <img loading=\"lazy\" decoding=\"async\" src=\"https:\/\/abspace.yves-rocher.com\/es\/wp-content\/uploads\/sites\/11\/2022\/02\/N\u00b03-MASQUE-ARGILE.jpg\" width=\"1100\" height=\"652\" srcset=\"\" title=\"Mascarilla purificante a la arcilla\"          class=\"so-widget-image\" \/>\r\n\r\n    \r\n    <\/a>\r\n    <\/div>\r\n\r\n<\/div><\/div><\/div><div id=\"pgc-7108-5-1\"  class=\"panel-grid-cell\" ><div id=\"panel-7108-5-1-0\" class=\"so-panel widget widget_sow-editor panel-first-child panel-last-child\" data-index=\"9\" ><div\n\t\t\t\n\t\t\tclass=\"so-widget-sow-editor so-widget-sow-editor-base\"\n\t\t\t\n\t\t>\n<div class=\"siteorigin-widget-tinymce textwidget\">\n\t<h3><strong>La mascarilla de arcilla purifica y matifica la piel\u00a0<\/strong><\/h3>\n<p>Descubre la <a href=\"https:\/\/www.yves-rocher.es\/rostro\/tipo-de-cuidado\/mascarillas-y-exfoliantes\/mascarilla-purificante-a-la-arcilla\/p\/97213\"><strong>mascarilla purificante de arcilla<\/strong><\/a> de la gama <a href=\"https:\/\/www.yves-rocher.es\/search?q=pure+menthe\"><strong>Pure Menthe<\/strong><\/a>, formulada con <strong>Menta org\u00e1nica<\/strong>, conocida por sus <strong>propiedades refrescantes<\/strong> y cultivada en agroecolog\u00eda en nuestros campos de <strong>La Gacilly<\/strong>. Esta mascarilla purifica intensamente y matifica la piel, reduce el exceso de grasa y de impurezas.\u00a0<br \/><strong>Resultado:<\/strong> La <strong>textura de la piel se afina<\/strong>, estando<strong> matificada<\/strong> y<strong> purificada<\/strong>. Su <strong>textura gel fresca<\/strong> enriquecida con arcilla deja la piel purificada y unificada. De hecho, el 93%* de las personas que la han probado aseguran que su piel se purifica de forma inmediata y profunda.\u00a0 \u00a0<\/p>\n<\/div>\n<\/div><\/div><\/div><\/div><\/div><div id=\"pg-7108-6\"  class=\"panel-grid panel-no-style\" ><div id=\"pgc-7108-6-0\"  class=\"panel-grid-cell\" ><div id=\"panel-7108-6-0-0\" class=\"so-panel widget panel-first-child panel-last-child\" data-index=\"10\" ><\/div><\/div><\/div><div id=\"pg-7108-7\"  class=\"panel-grid panel-no-style\" ><div id=\"pgc-7108-7-0\"  class=\"panel-grid-cell\" ><div id=\"panel-7108-7-0-0\" class=\"so-panel widget widget_sow-editor panel-first-child panel-last-child\" data-index=\"11\" ><div\n\t\t\t\n\t\t\tclass=\"so-widget-sow-editor so-widget-sow-editor-base\"\n\t\t\t\n\t\t>\n<div class=\"siteorigin-widget-tinymce textwidget\">\n\t<h3 style=\"text-align: left\">Mascarilla hidratante oxigenante\u00a0<\/h3>\n<p>Descubre la <a href=\"https:\/\/www.yves-rocher.es\/rostro\/tipo-de-cuidado\/mascarillas-y-exfoliantes\/mascarilla-hidratante-oxigenante\/p\/95753\"><strong>mascarilla hidratante oxigenante<\/strong><\/a> de la gama <strong>Pure Algue<\/strong> con un <strong>98% de ingredientes de origen natural,<\/strong> enriquecida con <strong>Microalga<\/strong> <strong>Tetraselmis<\/strong> con <strong>propiedades oxigenantes<\/strong> y\u00a0<strong>antioxidantes<\/strong>. Proviene de una cultura responsable y sostenible frente a la <strong>costa de Breta\u00f1a<\/strong>. <strong>Hidrata intensamente y repara<\/strong> la piel, mientras revive su luminosidad natural.\u00a0\u00a0<\/p>\n<p><strong>Resultados :<\/strong> d\u00eda tras d\u00eda, la piel est\u00e1 m\u00e1s flexible y radiante. Su <strong>textura gel ultra-fresca<\/strong> se funde al contacto con la piel, dej\u00e1ndola suave e hidratada con <strong>sensaci\u00f3n de frescor<\/strong>. Despu\u00e9s de su uso, el 94%** de las personas encuentadas afirman que su piel se hidrata inmediatamente y el 82** notan la piel revitalizada.<\/p>\n<\/div>\n<\/div><\/div><\/div><div id=\"pgc-7108-7-1\"  class=\"panel-grid-cell\" ><div id=\"panel-7108-7-1-0\" class=\"so-panel widget widget_sow-image panel-first-child panel-last-child\" data-index=\"12\" ><div\n\t\t\t\n\t\t\tclass=\"so-widget-sow-image so-widget-sow-image-default-8b5b6f678277-7108\"\n\t\t\t\n\t\t>\r\n\r\n\r\n<div class=\"sow-image-container\">\r\n    <a href=\"https:\/\/www.yves-rocher.es\/rostro\/tipo-de-cuidado\/mascarillas-y-exfoliantes\/mascarilla-hidratante-oxigenante\/p\/95753\" >\r\n    <img loading=\"lazy\" decoding=\"async\" src=\"https:\/\/abspace.yves-rocher.com\/es\/wp-content\/uploads\/sites\/11\/2022\/02\/N\u00b04-MASQUE-OXYGENANT.jpg\" width=\"1100\" height=\"652\" srcset=\"\" title=\"Mascarilla hidratante oxigenante\"          class=\"so-widget-image\" \/>\r\n\r\n    \r\n    <\/a>\r\n    <\/div>\r\n\r\n<\/div><\/div><\/div><\/div><div id=\"pg-7108-8\"  class=\"panel-grid panel-no-style\" ><div id=\"pgc-7108-8-0\"  class=\"panel-grid-cell\" ><div id=\"panel-7108-8-0-0\" class=\"so-panel widget panel-first-child panel-last-child\" data-index=\"13\" ><\/div><\/div><\/div><div id=\"pg-7108-9\"  class=\"panel-grid panel-no-style\" ><div id=\"pgc-7108-9-0\"  class=\"panel-grid-cell\" ><div id=\"panel-7108-9-0-0\" class=\"so-panel widget widget_sow-image panel-first-child panel-last-child\" data-index=\"14\" ><div\n\t\t\t\n\t\t\tclass=\"so-widget-sow-image so-widget-sow-image-default-8b5b6f678277-7108\"\n\t\t\t\n\t\t>\r\n\r\n\r\n<div class=\"sow-image-container\">\r\n    <a href=\"https:\/\/www.yves-rocher.es\/rostro\/tipo-de-cuidado\/mascarillas-y-exfoliantes\/mascarilla-calmante-en-espuma\/p\/69092\" >\r\n    <img loading=\"lazy\" decoding=\"async\" src=\"https:\/\/abspace.yves-rocher.com\/es\/wp-content\/uploads\/sites\/11\/2022\/02\/N\u00b05-MASQUE-CAMOMILLE.jpg\" width=\"1100\" height=\"652\" srcset=\"\" title=\"Mascarilla calmante en espuma\"          class=\"so-widget-image\" \/>\r\n\r\n    \r\n    <\/a>\r\n    <\/div>\r\n\r\n<\/div><\/div><\/div><div id=\"pgc-7108-9-1\"  class=\"panel-grid-cell\" ><div id=\"panel-7108-9-1-0\" class=\"so-panel widget widget_sow-editor panel-first-child panel-last-child\" data-index=\"15\" ><div\n\t\t\t\n\t\t\tclass=\"so-widget-sow-editor so-widget-sow-editor-base\"\n\t\t\t\n\t\t>\n<div class=\"siteorigin-widget-tinymce textwidget\">\n\t<h3>Una mascarilla en espuma para calmar y nutrir\u00a0<\/h3>\n<p>Descubre la <strong><a href=\"https:\/\/www.yves-rocher.es\/rostro\/tipo-de-cuidado\/mascarillas-y-exfoliantes\/mascarilla-calmante-en-espuma\/p\/69092\">mascarilla calmante en espuma<\/a> de la gama Pure Camomille <\/strong>\u00a0con un <strong>98% de ingredientes de origen natural<\/strong>, enriquecida con\u00a0 <strong>Camomila Silvestre Bio<\/strong> con propiedades calmantes* y <strong>cultivada en agroecolog\u00eda<\/strong> en nuestros campos de La Gacilly. Dise\u00f1ado para <strong>calmar<\/strong> y <strong>nutrir<\/strong> la<strong> piel sensible<\/strong> y\/o seca, su textura de espuma calma la sensaci\u00f3n de tirantez y deja la piel suave y calmada.\u00a0<\/p>\n<p><strong>Resultado :<\/strong> una <strong>piel m\u00e1s flexible, calmada y menos reseca .<\/strong> El 84 % de personas que han probado la mascarilla afirma que su piel est\u00e1 m\u00e1s calmada de forma duradera** y el 92% considera que este producto respeta y cuida la piel sensible**.\u00a0<\/p>\n<\/div>\n<\/div><\/div><\/div><\/div><div id=\"pg-7108-10\"  class=\"panel-grid panel-no-style\" ><div id=\"pgc-7108-10-0\"  class=\"panel-grid-cell\" ><div id=\"panel-7108-10-0-0\" class=\"so-panel widget panel-first-child panel-last-child\" data-index=\"16\" ><\/div><\/div><\/div><\/div>","protected":false},"excerpt":{"rendered":"<p>Una piel radiante pasa por utilizar una buena mascarilla, \u00bfCu\u00e1l es la tuya?<\/p>\n","protected":false},"author":974201,"featured_media":6946,"comment_status":"open","ping_status":"open","sticky":false,"template":"","format":"standard","meta":{"_acf_changed":false,"_exactmetrics_skip_tracking":false,"_exactmetrics_sitenote_active":false,"_exactmetrics_sitenote_note":"","_exactmetrics_sitenote_category":0,"footnotes":""},"categories":[1],"tags":[749],"class_list":["post-7108","post","type-post","status-publish","format-standard","has-post-thumbnail","hentry","category-uncategorized","tag-rostro"],"acf":[],"yoast_head":"<!-- This site is optimized with the Yoast SEO plugin v24.7 - https:\/\/yoast.com\/wordpress\/plugins\/seo\/ -->\n<title>Act Beautiful - \u00bfQu\u00e9 mascarilla le va mejor a mi piel? - Yves Rocher<\/title>\n<meta name=\"description\" content=\"Una piel radiante pasa por utilizar una buena mascarilla, \u00bfCu\u00e1l es la tuya?\" \/>\n<meta name=\"robots\" content=\"index, follow, max-snippet:-1, max-image-preview:large, max-video-preview:-1\" \/>\n<link rel=\"canonical\" href=\"https:\/\/abspace.yves-rocher.com\/es\/es\/que-mascarilla-le-va-mejor-mi-piel\/\" \/>\n<meta property=\"og:locale\" content=\"es_ES\" \/>\n<meta property=\"og:type\" content=\"article\" \/>\n<meta property=\"og:title\" content=\"Act Beautiful - \u00bfQu\u00e9 mascarilla le va mejor a mi piel? - Yves Rocher\" \/>\n<meta property=\"og:description\" content=\"Una piel radiante pasa por utilizar una buena mascarilla, \u00bfCu\u00e1l es la tuya?\" \/>\n<meta property=\"og:url\" content=\"https:\/\/abspace.yves-rocher.com\/es\/es\/que-mascarilla-le-va-mejor-mi-piel\/\" \/>\n<meta property=\"og:site_name\" content=\"Spain YR AB\" \/>\n<meta property=\"article:published_time\" content=\"2022-04-20T11:29:29+00:00\" \/>\n<meta property=\"article:modified_time\" content=\"2022-04-29T11:20:34+00:00\" \/>\n<meta property=\"og:image\" content=\"https:\/\/abspace.yves-rocher.com\/es\/wp-content\/uploads\/sites\/11\/2022\/02\/PUSH-HP-N\u00b02-FACE-MASK-750x776-1.jpg\" \/>\n\t<meta property=\"og:image:width\" content=\"750\" \/>\n\t<meta property=\"og:image:height\" content=\"776\" \/>\n\t<meta property=\"og:image:type\" content=\"image\/jpeg\" \/>\n<meta name=\"author\" content=\"pilarnavareno\" \/>\n<meta name=\"twitter:card\" content=\"summary_large_image\" \/>\n<meta name=\"twitter:label1\" content=\"Written by\" \/>\n\t<meta name=\"twitter:data1\" content=\"pilarnavareno\" \/>\n<script type=\"application\/ld+json\" class=\"yoast-schema-graph\">{\"@context\":\"https:\/\/schema.org\",\"@graph\":[{\"@type\":\"WebPage\",\"@id\":\"https:\/\/abspace.yves-rocher.com\/es\/es\/que-mascarilla-le-va-mejor-mi-piel\/\",\"url\":\"https:\/\/abspace.yves-rocher.com\/es\/es\/que-mascarilla-le-va-mejor-mi-piel\/\",\"name\":\"Act Beautiful - \u00bfQu\u00e9 mascarilla le va mejor a mi piel? - Yves Rocher\",\"isPartOf\":{\"@id\":\"https:\/\/abspace.yves-rocher.com\/es\/#website\"},\"primaryImageOfPage\":{\"@id\":\"https:\/\/abspace.yves-rocher.com\/es\/es\/que-mascarilla-le-va-mejor-mi-piel\/#primaryimage\"},\"image\":{\"@id\":\"https:\/\/abspace.yves-rocher.com\/es\/es\/que-mascarilla-le-va-mejor-mi-piel\/#primaryimage\"},\"thumbnailUrl\":\"https:\/\/abspace.yves-rocher.com\/es\/wp-content\/uploads\/sites\/11\/2022\/02\/PUSH-HP-N\u00b02-FACE-MASK-750x776-1.jpg\",\"datePublished\":\"2022-04-20T11:29:29+00:00\",\"dateModified\":\"2022-04-29T11:20:34+00:00\",\"author\":{\"@id\":\"https:\/\/abspace.yves-rocher.com\/es\/#\/schema\/person\/59c07ddd5df5beff68afa550f43522c7\"},\"description\":\"Una piel radiante pasa por utilizar una buena mascarilla, \u00bfCu\u00e1l es la tuya?\",\"breadcrumb\":{\"@id\":\"https:\/\/abspace.yves-rocher.com\/es\/es\/que-mascarilla-le-va-mejor-mi-piel\/#breadcrumb\"},\"inLanguage\":\"es-ES\",\"potentialAction\":[{\"@type\":\"ReadAction\",\"target\":[\"https:\/\/abspace.yves-rocher.com\/es\/es\/que-mascarilla-le-va-mejor-mi-piel\/\"]}]},{\"@type\":\"ImageObject\",\"inLanguage\":\"es-ES\",\"@id\":\"https:\/\/abspace.yves-rocher.com\/es\/es\/que-mascarilla-le-va-mejor-mi-piel\/#primaryimage\",\"url\":\"https:\/\/abspace.yves-rocher.com\/es\/wp-content\/uploads\/sites\/11\/2022\/02\/PUSH-HP-N\u00b02-FACE-MASK-750x776-1.jpg\",\"contentUrl\":\"https:\/\/abspace.yves-rocher.com\/es\/wp-content\/uploads\/sites\/11\/2022\/02\/PUSH-HP-N\u00b02-FACE-MASK-750x776-1.jpg\",\"width\":750,\"height\":776},{\"@type\":\"BreadcrumbList\",\"@id\":\"https:\/\/abspace.yves-rocher.com\/es\/es\/que-mascarilla-le-va-mejor-mi-piel\/#breadcrumb\",\"itemListElement\":[{\"@type\":\"ListItem\",\"position\":1,\"name\":\"Home\",\"item\":\"https:\/\/abspace.yves-rocher.com\/es\/es\/\"},{\"@type\":\"ListItem\",\"position\":2,\"name\":\"\u00bfQu\u00e9 mascarilla le va mejor a mi piel?\"}]},{\"@type\":\"WebSite\",\"@id\":\"https:\/\/abspace.yves-rocher.com\/es\/#website\",\"url\":\"https:\/\/abspace.yves-rocher.com\/es\/\",\"name\":\"Spain YR AB\",\"description\":\"Spain YR AB\",\"potentialAction\":[{\"@type\":\"SearchAction\",\"target\":{\"@type\":\"EntryPoint\",\"urlTemplate\":\"https:\/\/abspace.yves-rocher.com\/es\/?s={search_term_string}\"},\"query-input\":{\"@type\":\"PropertyValueSpecification\",\"valueRequired\":true,\"valueName\":\"search_term_string\"}}],\"inLanguage\":\"es-ES\"},{\"@type\":\"Person\",\"@id\":\"https:\/\/abspace.yves-rocher.com\/es\/#\/schema\/person\/59c07ddd5df5beff68afa550f43522c7\",\"name\":\"pilarnavareno\",\"image\":{\"@type\":\"ImageObject\",\"inLanguage\":\"es-ES\",\"@id\":\"https:\/\/abspace.yves-rocher.com\/es\/#\/schema\/person\/image\/\",\"url\":\"https:\/\/secure.gravatar.com\/avatar\/9da9ac53d163fc34aa2c4452a36073f1?s=96&d=mm&r=g\",\"contentUrl\":\"https:\/\/secure.gravatar.com\/avatar\/9da9ac53d163fc34aa2c4452a36073f1?s=96&d=mm&r=g\",\"caption\":\"pilarnavareno\"},\"url\":\"https:\/\/abspace.yves-rocher.com\/es\/es\/author\/pilarnavareno\/\"}]}<\/script>\n<!-- \/ Yoast SEO plugin. -->","yoast_head_json":{"title":"Act Beautiful - \u00bfQu\u00e9 mascarilla le va mejor a mi piel? - Yves Rocher","description":"Una piel radiante pasa por utilizar una buena mascarilla, \u00bfCu\u00e1l es la tuya?","robots":{"index":"index","follow":"follow","max-snippet":"max-snippet:-1","max-image-preview":"max-image-preview:large","max-video-preview":"max-video-preview:-1"},"canonical":"https:\/\/abspace.yves-rocher.com\/es\/es\/que-mascarilla-le-va-mejor-mi-piel\/","og_locale":"es_ES","og_type":"article","og_title":"Act Beautiful - \u00bfQu\u00e9 mascarilla le va mejor a mi piel? - Yves Rocher","og_description":"Una piel radiante pasa por utilizar una buena mascarilla, \u00bfCu\u00e1l es la tuya?","og_url":"https:\/\/abspace.yves-rocher.com\/es\/es\/que-mascarilla-le-va-mejor-mi-piel\/","og_site_name":"Spain YR AB","article_published_time":"2022-04-20T11:29:29+00:00","article_modified_time":"2022-04-29T11:20:34+00:00","og_image":[{"width":750,"height":776,"url":"https:\/\/abspace.yves-rocher.com\/es\/wp-content\/uploads\/sites\/11\/2022\/02\/PUSH-HP-N\u00b02-FACE-MASK-750x776-1.jpg","type":"image\/jpeg"}],"author":"pilarnavareno","twitter_card":"summary_large_image","twitter_misc":{"Written by":"pilarnavareno"},"schema":{"@context":"https:\/\/schema.org","@graph":[{"@type":"WebPage","@id":"https:\/\/abspace.yves-rocher.com\/es\/es\/que-mascarilla-le-va-mejor-mi-piel\/","url":"https:\/\/abspace.yves-rocher.com\/es\/es\/que-mascarilla-le-va-mejor-mi-piel\/","name":"Act Beautiful - \u00bfQu\u00e9 mascarilla le va mejor a mi piel? - Yves Rocher","isPartOf":{"@id":"https:\/\/abspace.yves-rocher.com\/es\/#website"},"primaryImageOfPage":{"@id":"https:\/\/abspace.yves-rocher.com\/es\/es\/que-mascarilla-le-va-mejor-mi-piel\/#primaryimage"},"image":{"@id":"https:\/\/abspace.yves-rocher.com\/es\/es\/que-mascarilla-le-va-mejor-mi-piel\/#primaryimage"},"thumbnailUrl":"https:\/\/abspace.yves-rocher.com\/es\/wp-content\/uploads\/sites\/11\/2022\/02\/PUSH-HP-N\u00b02-FACE-MASK-750x776-1.jpg","datePublished":"2022-04-20T11:29:29+00:00","dateModified":"2022-04-29T11:20:34+00:00","author":{"@id":"https:\/\/abspace.yves-rocher.com\/es\/#\/schema\/person\/59c07ddd5df5beff68afa550f43522c7"},"description":"Una piel radiante pasa por utilizar una buena mascarilla, \u00bfCu\u00e1l es la tuya?","breadcrumb":{"@id":"https:\/\/abspace.yves-rocher.com\/es\/es\/que-mascarilla-le-va-mejor-mi-piel\/#breadcrumb"},"inLanguage":"es-ES","potentialAction":[{"@type":"ReadAction","target":["https:\/\/abspace.yves-rocher.com\/es\/es\/que-mascarilla-le-va-mejor-mi-piel\/"]}]},{"@type":"ImageObject","inLanguage":"es-ES","@id":"https:\/\/abspace.yves-rocher.com\/es\/es\/que-mascarilla-le-va-mejor-mi-piel\/#primaryimage","url":"https:\/\/abspace.yves-rocher.com\/es\/wp-content\/uploads\/sites\/11\/2022\/02\/PUSH-HP-N\u00b02-FACE-MASK-750x776-1.jpg","contentUrl":"https:\/\/abspace.yves-rocher.com\/es\/wp-content\/uploads\/sites\/11\/2022\/02\/PUSH-HP-N\u00b02-FACE-MASK-750x776-1.jpg","width":750,"height":776},{"@type":"BreadcrumbList","@id":"https:\/\/abspace.yves-rocher.com\/es\/es\/que-mascarilla-le-va-mejor-mi-piel\/#breadcrumb","itemListElement":[{"@type":"ListItem","position":1,"name":"Home","item":"https:\/\/abspace.yves-rocher.com\/es\/es\/"},{"@type":"ListItem","position":2,"name":"\u00bfQu\u00e9 mascarilla le va mejor a mi piel?"}]},{"@type":"WebSite","@id":"https:\/\/abspace.yves-rocher.com\/es\/#website","url":"https:\/\/abspace.yves-rocher.com\/es\/","name":"Spain YR AB","description":"Spain YR AB","potentialAction":[{"@type":"SearchAction","target":{"@type":"EntryPoint","urlTemplate":"https:\/\/abspace.yves-rocher.com\/es\/?s={search_term_string}"},"query-input":{"@type":"PropertyValueSpecification","valueRequired":true,"valueName":"search_term_string"}}],"inLanguage":"es-ES"},{"@type":"Person","@id":"https:\/\/abspace.yves-rocher.com\/es\/#\/schema\/person\/59c07ddd5df5beff68afa550f43522c7","name":"pilarnavareno","image":{"@type":"ImageObject","inLanguage":"es-ES","@id":"https:\/\/abspace.yves-rocher.com\/es\/#\/schema\/person\/image\/","url":"https:\/\/secure.gravatar.com\/avatar\/9da9ac53d163fc34aa2c4452a36073f1?s=96&d=mm&r=g","contentUrl":"https:\/\/secure.gravatar.com\/avatar\/9da9ac53d163fc34aa2c4452a36073f1?s=96&d=mm&r=g","caption":"pilarnavareno"},"url":"https:\/\/abspace.yves-rocher.com\/es\/es\/author\/pilarnavareno\/"}]}},"_links":{"self":[{"href":"https:\/\/abspace.yves-rocher.com\/es\/ws\/wp\/v2\/posts\/7108","targetHints":{"allow":["GET"]}}],"collection":[{"href":"https:\/\/abspace.yves-rocher.com\/es\/ws\/wp\/v2\/posts"}],"about":[{"href":"https:\/\/abspace.yves-rocher.com\/es\/ws\/wp\/v2\/types\/post"}],"author":[{"embeddable":true,"href":"https:\/\/abspace.yves-rocher.com\/es\/ws\/wp\/v2\/users\/974201"}],"replies":[{"embeddable":true,"href":"https:\/\/abspace.yves-rocher.com\/es\/ws\/wp\/v2\/comments?post=7108"}],"version-history":[{"count":2,"href":"https:\/\/abspace.yves-rocher.com\/es\/ws\/wp\/v2\/posts\/7108\/revisions"}],"predecessor-version":[{"id":7130,"href":"https:\/\/abspace.yves-rocher.com\/es\/ws\/wp\/v2\/posts\/7108\/revisions\/7130"}],"wp:featuredmedia":[{"embeddable":true,"href":"https:\/\/abspace.yves-rocher.com\/es\/ws\/wp\/v2\/media\/6946"}],"wp:attachment":[{"href":"https:\/\/abspace.yves-rocher.com\/es\/ws\/wp\/v2\/media?parent=7108"}],"wp:term":[{"taxonomy":"category","embeddable":true,"href":"https:\/\/abspace.yves-rocher.com\/es\/ws\/wp\/v2\/categories?post=7108"},{"taxonomy":"post_tag","embeddable":true,"href":"https:\/\/abspace.yves-rocher.com\/es\/ws\/wp\/v2\/tags?post=7108"}],"curies":[{"name":"wp","href":"https:\/\/api.w.org\/{rel}","templated":true}]}}