{"id":7311,"date":"2022-08-11T08:50:03","date_gmt":"2022-08-11T07:50:03","guid":{"rendered":"https:\/\/abspace.yves-rocher.com\/es\/?p=7311"},"modified":"2022-08-30T11:43:07","modified_gmt":"2022-08-30T10:43:07","slug":"cosmetica-zero-waste-beneficios","status":"publish","type":"post","link":"https:\/\/abspace.yves-rocher.com\/es\/es\/cosmetica-zero-waste-beneficios\/","title":{"rendered":"Cosm\u00e9tica Zero Waste: Beneficios"},"content":{"rendered":"<div id=\"pl-7311\"  class=\"panel-layout\" ><div id=\"pg-7311-0\"  class=\"panel-grid panel-no-style\" ><div id=\"pgc-7311-0-0\"  class=\"panel-grid-cell\" >            <div class=\"textWidget header-description \">\r\n                <p>\u00bfQu\u00e9 es la cosm\u00e9tica Zero Waste?<\/p>\r\n            <\/div>\r\n    <div id=\"panel-7311-0-0-1\" class=\"so-panel widget widget_sow-image panel-last-child\" data-index=\"1\" ><div\n\t\t\t\n\t\t\tclass=\"so-widget-sow-image so-widget-sow-image-default-8b5b6f678277-7311\"\n\t\t\t\n\t\t>\r\n\r\n\r\n<div class=\"sow-image-container\">\r\n    \r\n    <img loading=\"lazy\" decoding=\"async\" src=\"https:\/\/abspace.yves-rocher.com\/es\/wp-content\/uploads\/sites\/11\/2022\/07\/Compromisos-Blog-1.jpg\" width=\"1200\" height=\"197\" srcset=\"\" title=\"Compromisos-Blog\"          class=\"so-widget-image\" \/>\r\n\r\n    \r\n    \r\n    <\/div>\r\n\r\n<\/div><\/div><\/div><\/div><div id=\"pg-7311-1\"  class=\"panel-grid panel-no-style\" ><div id=\"pgc-7311-1-0\"  class=\"panel-grid-cell\" ><div id=\"panel-7311-1-0-0\" class=\"so-panel widget widget_sow-editor panel-first-child panel-last-child\" data-index=\"2\" ><div\n\t\t\t\n\t\t\tclass=\"so-widget-sow-editor so-widget-sow-editor-base\"\n\t\t\t\n\t\t>\n<div class=\"siteorigin-widget-tinymce textwidget\">\n\t<p><strong>El movimiento Zero Waste<\/strong> promueve el consumo responsable, la reutilizaci\u00f3n de productos para cuidar el medioambiente. Por lo que cuando hablamos de la cosm\u00e9tica Zero Waste nos referimos a los productos de cosm\u00e9tica biodegradables y compostables. Son aquellos productos en los que en su empaquetado no utilizan envoltorios con pl\u00e1stico o sus envoltorios son reciclados y reciclables.<\/p>\n<h2><strong>El compromiso Yves Rocher<\/strong><\/h2>\n<p>En Yves Rocher nos caracterizamos por nuestro compromiso con el medio ambiente, cada d\u00eda, innovamos en los empaquetados y formulaci\u00f3n de nuestros productos, consiguiendo hacerlos cada vez m\u00e1s sostenibles. Los empaquetados de nuestros productos son reciclados, los tarros y envoltorios de vidrio y cart\u00f3n reciclados, los <strong>envases reciclados<\/strong>. Menos envases, menos pl\u00e1stico, para m\u00e1s sostenibilidad. <b>Redise\u00f1amos nuestros envases y nuestros h\u00e1bitos para reducir dr\u00e1sticamente la generaci\u00f3n de residuos en los pr\u00f3ximos a\u00f1os.<\/b><\/p>\n<p>Nuestro concepto es la eco-concepci\u00f3n, en la que todos nuestros <strong> envases est\u00e1n hechos de pl\u00e1stico 100% reciclado y reciclable<\/strong>. Adem\u00e1s, contamos con productos super comprometidos como los geles concentrados o los champ\u00fas s\u00f3lidos, que permiten reutilizar el producto m\u00e1s veces y con envases reciclables. Nuestros <strong>productos son\u00a0zero waste.<\/strong><\/p>\n<p><b>Cultivamos en agroecolog\u00eda<\/b> como modelo pionero de agricultura para regenerar y revitalizar los suelos y el medioambiente.<\/p>\n<p>Uno de nuestros principios es proteger la biodiversidad a trav\u00e9s de la Fundaci\u00f3n Yves Rocher. El 100% de nuestras plantas de Breta\u00f1a est\u00e1n certificadas como refugio LPO*. Incluido nuestro jard\u00edn bot\u00e1nico y las 1500 especies de plantas que lo componen.<\/p>\n<p>Contamos con <b>certificaci\u00f3n UEBT<\/b>, que garantiza el respeto en el cultivo de los ingredientes, con las personas y la biodiversidad.<\/p>\n<p>Todo ello contribuye al <strong>movimiento Zero Waste<\/strong>, el cuidado del medioambiente y preservar la biodiversidad acompa\u00f1an a Yves Rocher desde su creaci\u00f3n hace m\u00e1s de 60 a\u00f1os.<\/p>\n<p><em>*Liga para la Protecci\u00f3n de las Aves.<\/em><\/p>\n<\/div>\n<\/div><\/div><\/div><\/div><div id=\"pg-7311-2\"  class=\"panel-grid panel-no-style\" ><div id=\"pgc-7311-2-0\"  class=\"panel-grid-cell\" ><div id=\"panel-7311-2-0-0\" class=\"so-panel widget widget_sow-editor panel-first-child panel-last-child\" data-index=\"3\" ><div\n\t\t\t\n\t\t\tclass=\"so-widget-sow-editor so-widget-sow-editor-base\"\n\t\t\t\n\t\t>\n<div class=\"siteorigin-widget-tinymce textwidget\">\n\t<h3><strong>La cosm\u00e9tica Zero Waste se basa en 5 principios:<\/strong><\/h3>\n<h4><strong>Reutilizar:<\/strong><\/h4>\n<p>Consumir productos que se puedan reutilizar m\u00e1s veces, y evitar el consumo de productos de un solo uso.<\/p>\n<h4><strong>Rechazar:<\/strong><\/h4>\n<p>Se trata de evitar cosm\u00e9ticos que lleven envoltorio, embalaje o envases de pl\u00e1stico.<\/p>\n<h4><strong>Reducir: <\/strong><\/h4>\n<p>En el consumo, producci\u00f3n y desechos. El fin es utilizar menos productos cosm\u00e9ticos y evitar la acumulaci\u00f3n innecesaria.<\/p>\n<h4><strong>Reciclar:<\/strong><\/h4>\n<p>Si no podemos reutilizar ni desechar envoltorios o productos,\u00a0 que se puedan reciclar.<\/p>\n<h4><strong>Compostar: <\/strong><\/h4>\n<p>Poder compostar productos cuando caduquen, y as\u00ed evitar la contaminaci\u00f3n en su desecho.<\/p>\n<\/div>\n<\/div><\/div><\/div><div id=\"pgc-7311-2-1\"  class=\"panel-grid-cell\" ><div id=\"panel-7311-2-1-0\" class=\"so-panel widget widget_sow-image panel-first-child panel-last-child\" data-index=\"4\" ><div\n\t\t\t\n\t\t\tclass=\"so-widget-sow-image so-widget-sow-image-default-8b5b6f678277-7311\"\n\t\t\t\n\t\t>\r\n\r\n\r\n<div class=\"sow-image-container\">\r\n    \r\n    <img loading=\"lazy\" decoding=\"async\" src=\"https:\/\/abspace.yves-rocher.com\/es\/wp-content\/uploads\/sites\/11\/2021\/10\/ActOflove3.jpg\" width=\"477\" height=\"468\" srcset=\"\"          class=\"so-widget-image\" \/>\r\n\r\n    \r\n    \r\n    <\/div>\r\n\r\n<\/div><\/div><\/div><\/div><\/div>","protected":false},"excerpt":{"rendered":"<p>\u00a1Te lo contamos todo sobre la cosm\u00e9tica Zero Waste!<\/p>\n","protected":false},"author":974201,"featured_media":6582,"comment_status":"open","ping_status":"open","sticky":false,"template":"","format":"standard","meta":{"_acf_changed":false,"_exactmetrics_skip_tracking":false,"_exactmetrics_sitenote_active":false,"_exactmetrics_sitenote_note":"","_exactmetrics_sitenote_category":0,"footnotes":""},"categories":[1],"tags":[42,753],"class_list":["post-7311","post","type-post","status-publish","format-standard","has-post-thumbnail","hentry","category-uncategorized","tag-comprometida","tag-nuestrosvalorescomunes"],"acf":[],"yoast_head":"<!-- This site is optimized with the Yoast SEO plugin v24.7 - https:\/\/yoast.com\/wordpress\/plugins\/seo\/ -->\n<title>Act Beautiful - Cosm\u00e9tica Zero Waste: Beneficios - Yves Rocher<\/title>\n<meta name=\"description\" content=\"\u00bfConoces la cosm\u00e9tica Zero Waste y sabes c\u00f3mo colabora con el medio ambiente? En Yves Rocher te contamos todos sus beneficios. \u00a1Toma nota!\" \/>\n<meta name=\"robots\" content=\"index, follow, max-snippet:-1, max-image-preview:large, max-video-preview:-1\" \/>\n<link rel=\"canonical\" href=\"https:\/\/abspace.yves-rocher.com\/es\/es\/cosmetica-zero-waste-beneficios\/\" \/>\n<meta property=\"og:locale\" content=\"es_ES\" \/>\n<meta property=\"og:type\" content=\"article\" \/>\n<meta property=\"og:title\" content=\"Act Beautiful - Cosm\u00e9tica Zero Waste: Beneficios - Yves Rocher\" \/>\n<meta property=\"og:description\" content=\"\u00bfConoces la cosm\u00e9tica Zero Waste y sabes c\u00f3mo colabora con el medio ambiente? En Yves Rocher te contamos todos sus beneficios. \u00a1Toma nota!\" \/>\n<meta property=\"og:url\" content=\"https:\/\/abspace.yves-rocher.com\/es\/es\/cosmetica-zero-waste-beneficios\/\" \/>\n<meta property=\"og:site_name\" content=\"Spain YR AB\" \/>\n<meta property=\"article:published_time\" content=\"2022-08-11T07:50:03+00:00\" \/>\n<meta property=\"article:modified_time\" content=\"2022-08-30T10:43:07+00:00\" \/>\n<meta property=\"og:image\" content=\"https:\/\/abspace.yves-rocher.com\/es\/wp-content\/uploads\/sites\/11\/2021\/10\/ActOflove3.jpg\" \/>\n\t<meta property=\"og:image:width\" content=\"477\" \/>\n\t<meta property=\"og:image:height\" content=\"468\" \/>\n\t<meta property=\"og:image:type\" content=\"image\/jpeg\" \/>\n<meta name=\"author\" content=\"pilarnavareno\" \/>\n<meta name=\"twitter:card\" content=\"summary_large_image\" \/>\n<meta name=\"twitter:label1\" content=\"Written by\" \/>\n\t<meta name=\"twitter:data1\" content=\"pilarnavareno\" \/>\n\t<meta name=\"twitter:label2\" content=\"Est. reading time\" \/>\n\t<meta name=\"twitter:data2\" content=\"2 minutes\" \/>\n<script type=\"application\/ld+json\" class=\"yoast-schema-graph\">{\"@context\":\"https:\/\/schema.org\",\"@graph\":[{\"@type\":\"WebPage\",\"@id\":\"https:\/\/abspace.yves-rocher.com\/es\/es\/cosmetica-zero-waste-beneficios\/\",\"url\":\"https:\/\/abspace.yves-rocher.com\/es\/es\/cosmetica-zero-waste-beneficios\/\",\"name\":\"Act Beautiful - Cosm\u00e9tica Zero Waste: Beneficios - Yves Rocher\",\"isPartOf\":{\"@id\":\"https:\/\/abspace.yves-rocher.com\/es\/#website\"},\"primaryImageOfPage\":{\"@id\":\"https:\/\/abspace.yves-rocher.com\/es\/es\/cosmetica-zero-waste-beneficios\/#primaryimage\"},\"image\":{\"@id\":\"https:\/\/abspace.yves-rocher.com\/es\/es\/cosmetica-zero-waste-beneficios\/#primaryimage\"},\"thumbnailUrl\":\"https:\/\/abspace.yves-rocher.com\/es\/wp-content\/uploads\/sites\/11\/2021\/10\/ActOflove3.jpg\",\"datePublished\":\"2022-08-11T07:50:03+00:00\",\"dateModified\":\"2022-08-30T10:43:07+00:00\",\"author\":{\"@id\":\"https:\/\/abspace.yves-rocher.com\/es\/#\/schema\/person\/59c07ddd5df5beff68afa550f43522c7\"},\"description\":\"\u00bfConoces la cosm\u00e9tica Zero Waste y sabes c\u00f3mo colabora con el medio ambiente? En Yves Rocher te contamos todos sus beneficios. \u00a1Toma nota!\",\"breadcrumb\":{\"@id\":\"https:\/\/abspace.yves-rocher.com\/es\/es\/cosmetica-zero-waste-beneficios\/#breadcrumb\"},\"inLanguage\":\"es-ES\",\"potentialAction\":[{\"@type\":\"ReadAction\",\"target\":[\"https:\/\/abspace.yves-rocher.com\/es\/es\/cosmetica-zero-waste-beneficios\/\"]}]},{\"@type\":\"ImageObject\",\"inLanguage\":\"es-ES\",\"@id\":\"https:\/\/abspace.yves-rocher.com\/es\/es\/cosmetica-zero-waste-beneficios\/#primaryimage\",\"url\":\"https:\/\/abspace.yves-rocher.com\/es\/wp-content\/uploads\/sites\/11\/2021\/10\/ActOflove3.jpg\",\"contentUrl\":\"https:\/\/abspace.yves-rocher.com\/es\/wp-content\/uploads\/sites\/11\/2021\/10\/ActOflove3.jpg\",\"width\":477,\"height\":468},{\"@type\":\"BreadcrumbList\",\"@id\":\"https:\/\/abspace.yves-rocher.com\/es\/es\/cosmetica-zero-waste-beneficios\/#breadcrumb\",\"itemListElement\":[{\"@type\":\"ListItem\",\"position\":1,\"name\":\"Home\",\"item\":\"https:\/\/abspace.yves-rocher.com\/es\/es\/\"},{\"@type\":\"ListItem\",\"position\":2,\"name\":\"Cosm\u00e9tica Zero Waste: Beneficios\"}]},{\"@type\":\"WebSite\",\"@id\":\"https:\/\/abspace.yves-rocher.com\/es\/#website\",\"url\":\"https:\/\/abspace.yves-rocher.com\/es\/\",\"name\":\"Spain YR AB\",\"description\":\"Spain YR AB\",\"potentialAction\":[{\"@type\":\"SearchAction\",\"target\":{\"@type\":\"EntryPoint\",\"urlTemplate\":\"https:\/\/abspace.yves-rocher.com\/es\/?s={search_term_string}\"},\"query-input\":{\"@type\":\"PropertyValueSpecification\",\"valueRequired\":true,\"valueName\":\"search_term_string\"}}],\"inLanguage\":\"es-ES\"},{\"@type\":\"Person\",\"@id\":\"https:\/\/abspace.yves-rocher.com\/es\/#\/schema\/person\/59c07ddd5df5beff68afa550f43522c7\",\"name\":\"pilarnavareno\",\"image\":{\"@type\":\"ImageObject\",\"inLanguage\":\"es-ES\",\"@id\":\"https:\/\/abspace.yves-rocher.com\/es\/#\/schema\/person\/image\/\",\"url\":\"https:\/\/secure.gravatar.com\/avatar\/9da9ac53d163fc34aa2c4452a36073f1?s=96&d=mm&r=g\",\"contentUrl\":\"https:\/\/secure.gravatar.com\/avatar\/9da9ac53d163fc34aa2c4452a36073f1?s=96&d=mm&r=g\",\"caption\":\"pilarnavareno\"},\"url\":\"https:\/\/abspace.yves-rocher.com\/es\/es\/author\/pilarnavareno\/\"}]}<\/script>\n<!-- \/ Yoast SEO plugin. -->","yoast_head_json":{"title":"Act Beautiful - Cosm\u00e9tica Zero Waste: Beneficios - Yves Rocher","description":"\u00bfConoces la cosm\u00e9tica Zero Waste y sabes c\u00f3mo colabora con el medio ambiente? En Yves Rocher te contamos todos sus beneficios. \u00a1Toma nota!","robots":{"index":"index","follow":"follow","max-snippet":"max-snippet:-1","max-image-preview":"max-image-preview:large","max-video-preview":"max-video-preview:-1"},"canonical":"https:\/\/abspace.yves-rocher.com\/es\/es\/cosmetica-zero-waste-beneficios\/","og_locale":"es_ES","og_type":"article","og_title":"Act Beautiful - Cosm\u00e9tica Zero Waste: Beneficios - Yves Rocher","og_description":"\u00bfConoces la cosm\u00e9tica Zero Waste y sabes c\u00f3mo colabora con el medio ambiente? En Yves Rocher te contamos todos sus beneficios. \u00a1Toma nota!","og_url":"https:\/\/abspace.yves-rocher.com\/es\/es\/cosmetica-zero-waste-beneficios\/","og_site_name":"Spain YR AB","article_published_time":"2022-08-11T07:50:03+00:00","article_modified_time":"2022-08-30T10:43:07+00:00","og_image":[{"width":477,"height":468,"url":"https:\/\/abspace.yves-rocher.com\/es\/wp-content\/uploads\/sites\/11\/2021\/10\/ActOflove3.jpg","type":"image\/jpeg"}],"author":"pilarnavareno","twitter_card":"summary_large_image","twitter_misc":{"Written by":"pilarnavareno","Est. reading time":"2 minutes"},"schema":{"@context":"https:\/\/schema.org","@graph":[{"@type":"WebPage","@id":"https:\/\/abspace.yves-rocher.com\/es\/es\/cosmetica-zero-waste-beneficios\/","url":"https:\/\/abspace.yves-rocher.com\/es\/es\/cosmetica-zero-waste-beneficios\/","name":"Act Beautiful - Cosm\u00e9tica Zero Waste: Beneficios - Yves Rocher","isPartOf":{"@id":"https:\/\/abspace.yves-rocher.com\/es\/#website"},"primaryImageOfPage":{"@id":"https:\/\/abspace.yves-rocher.com\/es\/es\/cosmetica-zero-waste-beneficios\/#primaryimage"},"image":{"@id":"https:\/\/abspace.yves-rocher.com\/es\/es\/cosmetica-zero-waste-beneficios\/#primaryimage"},"thumbnailUrl":"https:\/\/abspace.yves-rocher.com\/es\/wp-content\/uploads\/sites\/11\/2021\/10\/ActOflove3.jpg","datePublished":"2022-08-11T07:50:03+00:00","dateModified":"2022-08-30T10:43:07+00:00","author":{"@id":"https:\/\/abspace.yves-rocher.com\/es\/#\/schema\/person\/59c07ddd5df5beff68afa550f43522c7"},"description":"\u00bfConoces la cosm\u00e9tica Zero Waste y sabes c\u00f3mo colabora con el medio ambiente? En Yves Rocher te contamos todos sus beneficios. \u00a1Toma nota!","breadcrumb":{"@id":"https:\/\/abspace.yves-rocher.com\/es\/es\/cosmetica-zero-waste-beneficios\/#breadcrumb"},"inLanguage":"es-ES","potentialAction":[{"@type":"ReadAction","target":["https:\/\/abspace.yves-rocher.com\/es\/es\/cosmetica-zero-waste-beneficios\/"]}]},{"@type":"ImageObject","inLanguage":"es-ES","@id":"https:\/\/abspace.yves-rocher.com\/es\/es\/cosmetica-zero-waste-beneficios\/#primaryimage","url":"https:\/\/abspace.yves-rocher.com\/es\/wp-content\/uploads\/sites\/11\/2021\/10\/ActOflove3.jpg","contentUrl":"https:\/\/abspace.yves-rocher.com\/es\/wp-content\/uploads\/sites\/11\/2021\/10\/ActOflove3.jpg","width":477,"height":468},{"@type":"BreadcrumbList","@id":"https:\/\/abspace.yves-rocher.com\/es\/es\/cosmetica-zero-waste-beneficios\/#breadcrumb","itemListElement":[{"@type":"ListItem","position":1,"name":"Home","item":"https:\/\/abspace.yves-rocher.com\/es\/es\/"},{"@type":"ListItem","position":2,"name":"Cosm\u00e9tica Zero Waste: Beneficios"}]},{"@type":"WebSite","@id":"https:\/\/abspace.yves-rocher.com\/es\/#website","url":"https:\/\/abspace.yves-rocher.com\/es\/","name":"Spain YR AB","description":"Spain YR AB","potentialAction":[{"@type":"SearchAction","target":{"@type":"EntryPoint","urlTemplate":"https:\/\/abspace.yves-rocher.com\/es\/?s={search_term_string}"},"query-input":{"@type":"PropertyValueSpecification","valueRequired":true,"valueName":"search_term_string"}}],"inLanguage":"es-ES"},{"@type":"Person","@id":"https:\/\/abspace.yves-rocher.com\/es\/#\/schema\/person\/59c07ddd5df5beff68afa550f43522c7","name":"pilarnavareno","image":{"@type":"ImageObject","inLanguage":"es-ES","@id":"https:\/\/abspace.yves-rocher.com\/es\/#\/schema\/person\/image\/","url":"https:\/\/secure.gravatar.com\/avatar\/9da9ac53d163fc34aa2c4452a36073f1?s=96&d=mm&r=g","contentUrl":"https:\/\/secure.gravatar.com\/avatar\/9da9ac53d163fc34aa2c4452a36073f1?s=96&d=mm&r=g","caption":"pilarnavareno"},"url":"https:\/\/abspace.yves-rocher.com\/es\/es\/author\/pilarnavareno\/"}]}},"_links":{"self":[{"href":"https:\/\/abspace.yves-rocher.com\/es\/ws\/wp\/v2\/posts\/7311","targetHints":{"allow":["GET"]}}],"collection":[{"href":"https:\/\/abspace.yves-rocher.com\/es\/ws\/wp\/v2\/posts"}],"about":[{"href":"https:\/\/abspace.yves-rocher.com\/es\/ws\/wp\/v2\/types\/post"}],"author":[{"embeddable":true,"href":"https:\/\/abspace.yves-rocher.com\/es\/ws\/wp\/v2\/users\/974201"}],"replies":[{"embeddable":true,"href":"https:\/\/abspace.yves-rocher.com\/es\/ws\/wp\/v2\/comments?post=7311"}],"version-history":[{"count":5,"href":"https:\/\/abspace.yves-rocher.com\/es\/ws\/wp\/v2\/posts\/7311\/revisions"}],"predecessor-version":[{"id":7407,"href":"https:\/\/abspace.yves-rocher.com\/es\/ws\/wp\/v2\/posts\/7311\/revisions\/7407"}],"wp:featuredmedia":[{"embeddable":true,"href":"https:\/\/abspace.yves-rocher.com\/es\/ws\/wp\/v2\/media\/6582"}],"wp:attachment":[{"href":"https:\/\/abspace.yves-rocher.com\/es\/ws\/wp\/v2\/media?parent=7311"}],"wp:term":[{"taxonomy":"category","embeddable":true,"href":"https:\/\/abspace.yves-rocher.com\/es\/ws\/wp\/v2\/categories?post=7311"},{"taxonomy":"post_tag","embeddable":true,"href":"https:\/\/abspace.yves-rocher.com\/es\/ws\/wp\/v2\/tags?post=7311"}],"curies":[{"name":"wp","href":"https:\/\/api.w.org\/{rel}","templated":true}]}}