{"id":7455,"date":"2022-10-11T11:26:43","date_gmt":"2022-10-11T10:26:43","guid":{"rendered":"https:\/\/abspace.yves-rocher.com\/es\/?p=7455"},"modified":"2022-10-11T11:26:43","modified_gmt":"2022-10-11T10:26:43","slug":"el-nuevo-elixir-botanique","status":"publish","type":"post","link":"https:\/\/abspace.yves-rocher.com\/es\/es\/el-nuevo-elixir-botanique\/","title":{"rendered":"El nuevo Elixir Botanique"},"content":{"rendered":"<div id=\"pl-7455\"  class=\"panel-layout\" ><div id=\"pg-7455-0\"  class=\"panel-grid panel-no-style\" ><div id=\"pgc-7455-0-0\"  class=\"panel-grid-cell\" >            <div class=\"textWidget header-description \">\r\n                <p>Tierra & Oc\u00e9ano, el brillo de una piel fortalecida<\/p>\r\n            <\/div>\r\n    <div id=\"panel-7455-0-0-1\" class=\"so-panel widget widget_sow-editor panel-last-child\" data-index=\"1\" ><div\n\t\t\t\n\t\t\tclass=\"so-widget-sow-editor so-widget-sow-editor-base\"\n\t\t\t\n\t\t>\n<div class=\"siteorigin-widget-tinymce textwidget\">\n\t<p>Despu\u00e9s de 25 a\u00f1os de investigaci\u00f3n en biotecnolog\u00eda vegetal y marina, la nueva l\u00ednea Elixir Botanique re\u00fane los mejores extractos que la tierra y el mar nos ofrecen.\u00a0<\/p>\n<\/div>\n<\/div><\/div><\/div><\/div><div id=\"pg-7455-1\"  class=\"panel-grid panel-no-style\" ><div id=\"pgc-7455-1-0\"  class=\"panel-grid-cell\" ><div id=\"panel-7455-1-0-0\" class=\"so-panel widget widget_sow-editor panel-first-child panel-last-child\" data-index=\"2\" ><div\n\t\t\t\n\t\t\tclass=\"so-widget-sow-editor so-widget-sow-editor-base\"\n\t\t\t\n\t\t>\n<div class=\"siteorigin-widget-tinymce textwidget\">\n\t<ol>\n<li><strong> \u00bfCu\u00e1les son los extractos de Elixir Botanique?<\/strong><\/li>\n<\/ol>\n<p>Inspirada en la sinergia Tierra &amp; Oc\u00e9ano, esta innovaci\u00f3n oxigenante 100% bot\u00e1nica ha nacido en Breta\u00f1a del encuentro de dos poderosos activos naturales: la Capuchina y las Microalgas.<\/p>\n<p><strong>Una mirada m\u00e1s cercana a la Capuchina de Breta\u00f1a<\/strong><\/p>\n<p>La Capuchina se cultiva org\u00e1nicamente en las tierras de <strong>Yves Rocher en La Gacilly, en la Breta\u00f1a Francesa<\/strong>. Este m\u00e9todo de cultivo destaca por el uso de pr\u00e1cticas agr\u00edcolas sostenibles, as\u00ed <strong>como por un fuerte compromiso con el respeto a la tierra.\u00a0<\/strong><\/p>\n<p>En la naturaleza, La Capuchina utiliza sus grandes hojas redondas para optimizar la fotos\u00edntesis y la producci\u00f3n de ox\u00edgeno. En nuestra piel, la Capuchina aumenta la oxigenaci\u00f3n de las c\u00e9lulas para revitalizarlas.\u00a0<\/p>\n<\/div>\n<\/div><\/div><\/div><div id=\"pgc-7455-1-1\"  class=\"panel-grid-cell\" ><div id=\"panel-7455-1-1-0\" class=\"so-panel widget widget_sow-image panel-first-child panel-last-child\" data-index=\"3\" ><div\n\t\t\t\n\t\t\tclass=\"so-widget-sow-image so-widget-sow-image-default-8b5b6f678277-7455\"\n\t\t\t\n\t\t>\r\n\r\n\r\n<div class=\"sow-image-container\">\r\n    \r\n    <img loading=\"lazy\" decoding=\"async\" src=\"https:\/\/abspace.yves-rocher.com\/es\/wp-content\/uploads\/sites\/11\/2021\/08\/2109_S_Article_ELIXIR_BOTANIQUE_GAMME_VISUEL1_1100x652.jpg\" width=\"1100\" height=\"652\" srcset=\"\" title=\"Capuchina de Breta\u00f1a\"          class=\"so-widget-image\" \/>\r\n\r\n    \r\n    \r\n    <\/div>\r\n\r\n<\/div><\/div><\/div><\/div><div id=\"pg-7455-2\"  class=\"panel-grid panel-no-style\" ><div id=\"pgc-7455-2-0\"  class=\"panel-grid-cell\" ><div id=\"panel-7455-2-0-0\" class=\"so-panel widget widget_sow-image panel-first-child panel-last-child\" data-index=\"4\" ><div\n\t\t\t\n\t\t\tclass=\"so-widget-sow-image so-widget-sow-image-default-8b5b6f678277-7455\"\n\t\t\t\n\t\t>\r\n\r\n\r\n<div class=\"sow-image-container\">\r\n    \r\n    <img loading=\"lazy\" decoding=\"async\" src=\"https:\/\/abspace.yves-rocher.com\/es\/wp-content\/uploads\/sites\/11\/2021\/08\/2109_S_Article_ELIXIR_BOTANIQUE_GAMME_VISUEL2_1100x652.jpg\" width=\"1100\" height=\"652\" srcset=\"\" title=\"Micro-alga Tetraselmis\"          class=\"so-widget-image\" \/>\r\n\r\n    \r\n    \r\n    <\/div>\r\n\r\n<\/div><\/div><\/div><div id=\"pgc-7455-2-1\"  class=\"panel-grid-cell\" ><div id=\"panel-7455-2-1-0\" class=\"so-panel widget widget_sow-editor panel-first-child panel-last-child\" data-index=\"5\" ><div\n\t\t\t\n\t\t\tclass=\"so-widget-sow-editor so-widget-sow-editor-base\"\n\t\t\t\n\t\t>\n<div class=\"siteorigin-widget-tinymce textwidget\">\n\t<p><strong>Conoce un poco m\u00e1s de las<\/strong><strong> Microalgas\u00a0<\/strong><\/p>\n<p>Nuestros cient\u00edficos han desarrollado una verdadera experiencia en torno al cultivo de microalgas tetraselmis, lo que nos permite garantizar un extracto de alta calidad y preservar los oc\u00e9anos. Se cultiva en fotobiorreactores frente a las costas de Breta\u00f1a. As\u00ed no le quitamos nada a la naturaleza.\u00a0<\/p>\n<p>Perteneciente a la familia del plancton vegetal, las microalgas Tetraselmis ayudan a eliminar la contaminaci\u00f3n del aire al capturar el C02 que necesita para la fotos\u00edntesis. Cuando se aplica sobre la piel, estimula los mecanismos de desintoxicaci\u00f3n y ayuda a luchar contra los efectos nocivos de la contaminaci\u00f3n que aceleran el envejecimiento de la piel.\u00a0<\/p>\n<\/div>\n<\/div><\/div><\/div><\/div><div id=\"pg-7455-3\"  class=\"panel-grid panel-no-style\" ><div id=\"pgc-7455-3-0\"  class=\"panel-grid-cell\" ><div id=\"panel-7455-3-0-0\" class=\"so-panel widget widget_sow-editor panel-first-child panel-last-child\" data-index=\"6\" ><div\n\t\t\t\n\t\t\tclass=\"so-widget-sow-editor so-widget-sow-editor-base\"\n\t\t\t\n\t\t>\n<div class=\"siteorigin-widget-tinymce textwidget\">\n\t<p><strong>2. \u00bfQu\u00e9 puedes encontrar en la l\u00ednea Elixir Botanique?<\/strong><\/p>\n<p>El <a href=\"https:\/\/www.yves-rocher.es\/rostro\/tipo-de-cuidado\/serum\/serum-fortalecedor-diario-anti-polucion\/p\/74781\"><strong>S\u00e9rum Fortalecedor diario anti-poluci\u00f3n<\/strong><\/a> protege la piel contra los efectos nocivos de la contaminaci\u00f3n que causan el envejecimiento prematuro de la piel. Su textura acuosa, microperlada e hidratante se funde instant\u00e1neamente con la piel, aport\u00e1ndole un impulso de ox\u00edgeno, como una bocanada de aire fresco.\u00a0<\/p>\n<p>Por la noche es el momento de aplicar el <a href=\"https:\/\/www.yves-rocher.es\/rostro\/tipo-de-cuidado\/crema-de-noche\/tratamiento-recuperador-de-noche\/p\/74826\"><strong>Tratamiento recuperador noche <\/strong><\/a>Desde la primera ma\u00f1ana, la piel respira mejor, est\u00e1 tersa y revitalizada.\u00a0<\/p>\n<div class=\"iYB33c\">\n<div id=\"tw-tmenu\" class=\"tw-menu\">\u00a0<\/div>\n<\/div>\n<p>El <a href=\"https:\/\/www.yves-rocher.es\/rostro\/tipo-de-cuidado\/contorno-de-ojos-y-labios\/roll-on-ojos-anti-fatiga-y-luminosidad\/p\/74870\"><strong>Roll-On ojos Anti fatiga y luminosidad<\/strong><\/a>\u00a0 es\u00a0 un contorno de ojos espec\u00edfico con una textura de gel fresca. Su aplicador roll-on permite realizar un suave masaje en el contorno de los ojos. La zona del contorno de ojos queda instant\u00e1neamente hidratada, luminosa y protegida contra la poluci\u00f3n. Las l\u00edneas finas y las arrugas aparecen visiblemente reducidas. Despu\u00e9s de 1 mes, las ojera est\u00e1n menos pronunciada, y el \u00e1rea del contorno de ojos tiene un plus de vitalidad.<\/p>\n<div id=\"tw-target-rmn-container\" class=\"tw-target-rmn tw-ta-container F0azHf tw-nfl\">\u00a0<\/div>\n<div class=\"iYB33c\">\n<div class=\"dlJLJe\">\n<div data-cviv=\"false\" data-ved=\"2ahUKEwijg4u26df6AhWP5RoKHVBKC1sQz_AEegQICRAP\">\n<div class=\"U9URNb\">\u00a0<\/div>\n<\/div>\n<\/div>\n<div id=\"tw-tmenu\" class=\"tw-menu\">\u00a0<\/div>\n<\/div>\n<\/div>\n<\/div><\/div><\/div><div id=\"pgc-7455-3-1\"  class=\"panel-grid-cell\" ><div id=\"panel-7455-3-1-0\" class=\"so-panel widget widget_sow-image panel-first-child\" data-index=\"7\" ><div\n\t\t\t\n\t\t\tclass=\"so-widget-sow-image so-widget-sow-image-default-8b5b6f678277-7455\"\n\t\t\t\n\t\t>\r\n\r\n\r\n<div class=\"sow-image-container\">\r\n    \r\n    <img loading=\"lazy\" decoding=\"async\" src=\"https:\/\/abspace.yves-rocher.com\/es\/wp-content\/uploads\/sites\/11\/2022\/06\/2209_S_Article-N\u00b07-Elixir-Botanique_VISUEL-1_1100x652.jpg\" width=\"1100\" height=\"652\" srcset=\"\" title=\"L\u00ednea Elixir Botanique\"          class=\"so-widget-image\" \/>\r\n\r\n    \r\n    \r\n    <\/div>\r\n\r\n<\/div><\/div><div id=\"panel-7455-3-1-1\" class=\"so-panel widget widget_sow-editor panel-last-child\" data-index=\"8\" ><div\n\t\t\t\n\t\t\tclass=\"so-widget-sow-editor so-widget-sow-editor-base\"\n\t\t\t\n\t\t>\n<div class=\"siteorigin-widget-tinymce textwidget\">\n\t<div class=\"ewa-rteLine\">El<strong> <a href=\"https:\/\/www.yves-rocher.es\/rostro\/tipo-de-cuidado\/serum\/serum-recuperador-noche-efecto-melatonina\/p\/80829\">S\u00e9rum Recuperador noche, efecto melatonina*<\/a><\/strong> devuelve a tu piel la luminosidad d\u00eda tras d\u00eda. Con una textura de microgotas bif\u00e1sica, este s\u00e9rum combina la sensorialidad con la eficacia. Despu\u00e9s de un mes, la piel se revitaliza y fortalece.\u00a0<\/div>\n<div class=\"ewa-rteLine\">\u00a0<\/div>\n<div class=\"ewa-rteLine\"><em>*Beneficios para la piel similares a los de la melatonina: antioxidante y protector<\/em><\/div>\n<\/div>\n<\/div><\/div><\/div><\/div><div id=\"pg-7455-4\"  class=\"panel-grid panel-no-style\" ><div id=\"pgc-7455-4-0\"  class=\"panel-grid-cell\" ><div id=\"panel-7455-4-0-0\" class=\"so-panel widget widget_sow-image panel-first-child panel-last-child\" data-index=\"9\" ><div\n\t\t\t\n\t\t\tclass=\"so-widget-sow-image so-widget-sow-image-default-8b5b6f678277-7455\"\n\t\t\t\n\t\t>\r\n\r\n\r\n<div class=\"sow-image-container\">\r\n    \r\n    <img loading=\"lazy\" decoding=\"async\" src=\"https:\/\/abspace.yves-rocher.com\/es\/wp-content\/uploads\/sites\/11\/2021\/08\/2109_S_Article_ELIXIR_BOTANIQUE_GAMME_VISUEL4_1100x652.jpg\" width=\"1100\" height=\"652\" srcset=\"\"          class=\"so-widget-image\" \/>\r\n\r\n    \r\n    \r\n    <\/div>\r\n\r\n<\/div><\/div><\/div><div id=\"pgc-7455-4-1\"  class=\"panel-grid-cell\" ><div id=\"panel-7455-4-1-0\" class=\"so-panel widget widget_sow-editor panel-first-child panel-last-child\" data-index=\"10\" ><div\n\t\t\t\n\t\t\tclass=\"so-widget-sow-editor so-widget-sow-editor-base\"\n\t\t\t\n\t\t>\n<div class=\"siteorigin-widget-tinymce textwidget\">\n\t<p><strong>3. \u00bfConoces los beneficios de Elixir Botanique?<\/strong><\/p>\n<p>Una l\u00ednea de productos ultranaturales compuesta por hasta un 99% de ingredientes de origen natural para brindar a la piel una protecci\u00f3n diaria contra los efectos nocivos de la contaminaci\u00f3n:<\/p>\n<ul>\n<li><strong>Fortalece<\/strong><\/li>\n<li><strong>Aumenta la luminosidad<\/strong><\/li>\n<li><strong>Hidrata<\/strong><\/li>\n<li><strong>Retrasa la aparici\u00f3n de los signos de la eda<\/strong><\/li>\n<\/ul>\n<p><strong>4. \u00bfReemplaza a otra l\u00ednea?<\/strong><\/p>\n<p>\u00a1Exacto! d\u00ed adi\u00f3s a Elixir Jeunesse y Hola a Elixir Botanique.<\/p>\n<p>Si te gustaba Elixir Jeunesse, la nueva l\u00ednea Elixir Botanique te encantar\u00e1, consigue beneficios similares con la diferencia de que est\u00e1 formulada con extractos bot\u00e1nicos a\u00fan m\u00e1s revolucionarios. \u00bfNo esperes, pru\u00e9bala ya!<\/p>\n<\/div>\n<\/div><\/div><\/div><\/div><\/div>","protected":false},"excerpt":{"rendered":"<p>Descubre los beneficios de la tierra y el mar en tu piel<\/p>\n","protected":false},"author":974201,"featured_media":6322,"comment_status":"open","ping_status":"open","sticky":false,"template":"","format":"standard","meta":{"_acf_changed":false,"_exactmetrics_skip_tracking":false,"_exactmetrics_sitenote_active":false,"_exactmetrics_sitenote_note":"","_exactmetrics_sitenote_category":0,"footnotes":""},"categories":[1],"tags":[763,831],"class_list":["post-7455","post","type-post","status-publish","format-standard","has-post-thumbnail","hentry","category-uncategorized","tag-bellezabotanica","tag-tierramar"],"acf":[],"yoast_head":"<!-- This site is optimized with the Yoast SEO plugin v24.7 - https:\/\/yoast.com\/wordpress\/plugins\/seo\/ -->\n<title>Act Beautiful - El nuevo Elixir Botanique - Yves Rocher<\/title>\n<meta name=\"description\" content=\"La nueva l\u00ednea Elixir Botanique a\u00fana lo mejor de la tierra y el oc\u00e9ano para ofrecerte una l\u00ednea que detoxifica y revitaliza intensamente tu piel.\" \/>\n<meta name=\"robots\" content=\"index, follow, max-snippet:-1, max-image-preview:large, max-video-preview:-1\" \/>\n<link rel=\"canonical\" href=\"https:\/\/abspace.yves-rocher.com\/es\/es\/el-nuevo-elixir-botanique\/\" \/>\n<meta property=\"og:locale\" content=\"es_ES\" \/>\n<meta property=\"og:type\" content=\"article\" \/>\n<meta property=\"og:title\" content=\"Act Beautiful - El nuevo Elixir Botanique - Yves Rocher\" \/>\n<meta property=\"og:description\" content=\"La nueva l\u00ednea Elixir Botanique a\u00fana lo mejor de la tierra y el oc\u00e9ano para ofrecerte una l\u00ednea que detoxifica y revitaliza intensamente tu piel.\" \/>\n<meta property=\"og:url\" content=\"https:\/\/abspace.yves-rocher.com\/es\/es\/el-nuevo-elixir-botanique\/\" \/>\n<meta property=\"og:site_name\" content=\"Spain YR AB\" \/>\n<meta property=\"article:published_time\" content=\"2022-10-11T10:26:43+00:00\" \/>\n<meta property=\"og:image\" content=\"https:\/\/abspace.yves-rocher.com\/es\/wp-content\/uploads\/sites\/11\/2021\/08\/2109_S_HP_ELIXIR_BOTANIQUE_GAMME_push_5_750x1036.jpg\" \/>\n\t<meta property=\"og:image:width\" content=\"750\" \/>\n\t<meta property=\"og:image:height\" content=\"1036\" \/>\n\t<meta property=\"og:image:type\" content=\"image\/jpeg\" \/>\n<meta name=\"author\" content=\"pilarnavareno\" \/>\n<meta name=\"twitter:card\" content=\"summary_large_image\" \/>\n<meta name=\"twitter:label1\" content=\"Written by\" \/>\n\t<meta name=\"twitter:data1\" content=\"pilarnavareno\" \/>\n\t<meta name=\"twitter:label2\" content=\"Est. reading time\" \/>\n\t<meta name=\"twitter:data2\" content=\"3 minutes\" \/>\n<script type=\"application\/ld+json\" class=\"yoast-schema-graph\">{\"@context\":\"https:\/\/schema.org\",\"@graph\":[{\"@type\":\"WebPage\",\"@id\":\"https:\/\/abspace.yves-rocher.com\/es\/es\/el-nuevo-elixir-botanique\/\",\"url\":\"https:\/\/abspace.yves-rocher.com\/es\/es\/el-nuevo-elixir-botanique\/\",\"name\":\"Act Beautiful - El nuevo Elixir Botanique - Yves Rocher\",\"isPartOf\":{\"@id\":\"https:\/\/abspace.yves-rocher.com\/es\/#website\"},\"primaryImageOfPage\":{\"@id\":\"https:\/\/abspace.yves-rocher.com\/es\/es\/el-nuevo-elixir-botanique\/#primaryimage\"},\"image\":{\"@id\":\"https:\/\/abspace.yves-rocher.com\/es\/es\/el-nuevo-elixir-botanique\/#primaryimage\"},\"thumbnailUrl\":\"https:\/\/abspace.yves-rocher.com\/es\/wp-content\/uploads\/sites\/11\/2021\/08\/2109_S_HP_ELIXIR_BOTANIQUE_GAMME_push_5_750x1036.jpg\",\"datePublished\":\"2022-10-11T10:26:43+00:00\",\"author\":{\"@id\":\"https:\/\/abspace.yves-rocher.com\/es\/#\/schema\/person\/59c07ddd5df5beff68afa550f43522c7\"},\"description\":\"La nueva l\u00ednea Elixir Botanique a\u00fana lo mejor de la tierra y el oc\u00e9ano para ofrecerte una l\u00ednea que detoxifica y revitaliza intensamente tu piel.\",\"breadcrumb\":{\"@id\":\"https:\/\/abspace.yves-rocher.com\/es\/es\/el-nuevo-elixir-botanique\/#breadcrumb\"},\"inLanguage\":\"es-ES\",\"potentialAction\":[{\"@type\":\"ReadAction\",\"target\":[\"https:\/\/abspace.yves-rocher.com\/es\/es\/el-nuevo-elixir-botanique\/\"]}]},{\"@type\":\"ImageObject\",\"inLanguage\":\"es-ES\",\"@id\":\"https:\/\/abspace.yves-rocher.com\/es\/es\/el-nuevo-elixir-botanique\/#primaryimage\",\"url\":\"https:\/\/abspace.yves-rocher.com\/es\/wp-content\/uploads\/sites\/11\/2021\/08\/2109_S_HP_ELIXIR_BOTANIQUE_GAMME_push_5_750x1036.jpg\",\"contentUrl\":\"https:\/\/abspace.yves-rocher.com\/es\/wp-content\/uploads\/sites\/11\/2021\/08\/2109_S_HP_ELIXIR_BOTANIQUE_GAMME_push_5_750x1036.jpg\",\"width\":750,\"height\":1036},{\"@type\":\"BreadcrumbList\",\"@id\":\"https:\/\/abspace.yves-rocher.com\/es\/es\/el-nuevo-elixir-botanique\/#breadcrumb\",\"itemListElement\":[{\"@type\":\"ListItem\",\"position\":1,\"name\":\"Home\",\"item\":\"https:\/\/abspace.yves-rocher.com\/es\/es\/\"},{\"@type\":\"ListItem\",\"position\":2,\"name\":\"El nuevo Elixir Botanique\"}]},{\"@type\":\"WebSite\",\"@id\":\"https:\/\/abspace.yves-rocher.com\/es\/#website\",\"url\":\"https:\/\/abspace.yves-rocher.com\/es\/\",\"name\":\"Spain YR AB\",\"description\":\"Spain YR AB\",\"potentialAction\":[{\"@type\":\"SearchAction\",\"target\":{\"@type\":\"EntryPoint\",\"urlTemplate\":\"https:\/\/abspace.yves-rocher.com\/es\/?s={search_term_string}\"},\"query-input\":{\"@type\":\"PropertyValueSpecification\",\"valueRequired\":true,\"valueName\":\"search_term_string\"}}],\"inLanguage\":\"es-ES\"},{\"@type\":\"Person\",\"@id\":\"https:\/\/abspace.yves-rocher.com\/es\/#\/schema\/person\/59c07ddd5df5beff68afa550f43522c7\",\"name\":\"pilarnavareno\",\"image\":{\"@type\":\"ImageObject\",\"inLanguage\":\"es-ES\",\"@id\":\"https:\/\/abspace.yves-rocher.com\/es\/#\/schema\/person\/image\/\",\"url\":\"https:\/\/secure.gravatar.com\/avatar\/9da9ac53d163fc34aa2c4452a36073f1?s=96&d=mm&r=g\",\"contentUrl\":\"https:\/\/secure.gravatar.com\/avatar\/9da9ac53d163fc34aa2c4452a36073f1?s=96&d=mm&r=g\",\"caption\":\"pilarnavareno\"},\"url\":\"https:\/\/abspace.yves-rocher.com\/es\/es\/author\/pilarnavareno\/\"}]}<\/script>\n<!-- \/ Yoast SEO plugin. -->","yoast_head_json":{"title":"Act Beautiful - El nuevo Elixir Botanique - Yves Rocher","description":"La nueva l\u00ednea Elixir Botanique a\u00fana lo mejor de la tierra y el oc\u00e9ano para ofrecerte una l\u00ednea que detoxifica y revitaliza intensamente tu piel.","robots":{"index":"index","follow":"follow","max-snippet":"max-snippet:-1","max-image-preview":"max-image-preview:large","max-video-preview":"max-video-preview:-1"},"canonical":"https:\/\/abspace.yves-rocher.com\/es\/es\/el-nuevo-elixir-botanique\/","og_locale":"es_ES","og_type":"article","og_title":"Act Beautiful - El nuevo Elixir Botanique - Yves Rocher","og_description":"La nueva l\u00ednea Elixir Botanique a\u00fana lo mejor de la tierra y el oc\u00e9ano para ofrecerte una l\u00ednea que detoxifica y revitaliza intensamente tu piel.","og_url":"https:\/\/abspace.yves-rocher.com\/es\/es\/el-nuevo-elixir-botanique\/","og_site_name":"Spain YR AB","article_published_time":"2022-10-11T10:26:43+00:00","og_image":[{"width":750,"height":1036,"url":"https:\/\/abspace.yves-rocher.com\/es\/wp-content\/uploads\/sites\/11\/2021\/08\/2109_S_HP_ELIXIR_BOTANIQUE_GAMME_push_5_750x1036.jpg","type":"image\/jpeg"}],"author":"pilarnavareno","twitter_card":"summary_large_image","twitter_misc":{"Written by":"pilarnavareno","Est. reading time":"3 minutes"},"schema":{"@context":"https:\/\/schema.org","@graph":[{"@type":"WebPage","@id":"https:\/\/abspace.yves-rocher.com\/es\/es\/el-nuevo-elixir-botanique\/","url":"https:\/\/abspace.yves-rocher.com\/es\/es\/el-nuevo-elixir-botanique\/","name":"Act Beautiful - El nuevo Elixir Botanique - Yves Rocher","isPartOf":{"@id":"https:\/\/abspace.yves-rocher.com\/es\/#website"},"primaryImageOfPage":{"@id":"https:\/\/abspace.yves-rocher.com\/es\/es\/el-nuevo-elixir-botanique\/#primaryimage"},"image":{"@id":"https:\/\/abspace.yves-rocher.com\/es\/es\/el-nuevo-elixir-botanique\/#primaryimage"},"thumbnailUrl":"https:\/\/abspace.yves-rocher.com\/es\/wp-content\/uploads\/sites\/11\/2021\/08\/2109_S_HP_ELIXIR_BOTANIQUE_GAMME_push_5_750x1036.jpg","datePublished":"2022-10-11T10:26:43+00:00","author":{"@id":"https:\/\/abspace.yves-rocher.com\/es\/#\/schema\/person\/59c07ddd5df5beff68afa550f43522c7"},"description":"La nueva l\u00ednea Elixir Botanique a\u00fana lo mejor de la tierra y el oc\u00e9ano para ofrecerte una l\u00ednea que detoxifica y revitaliza intensamente tu piel.","breadcrumb":{"@id":"https:\/\/abspace.yves-rocher.com\/es\/es\/el-nuevo-elixir-botanique\/#breadcrumb"},"inLanguage":"es-ES","potentialAction":[{"@type":"ReadAction","target":["https:\/\/abspace.yves-rocher.com\/es\/es\/el-nuevo-elixir-botanique\/"]}]},{"@type":"ImageObject","inLanguage":"es-ES","@id":"https:\/\/abspace.yves-rocher.com\/es\/es\/el-nuevo-elixir-botanique\/#primaryimage","url":"https:\/\/abspace.yves-rocher.com\/es\/wp-content\/uploads\/sites\/11\/2021\/08\/2109_S_HP_ELIXIR_BOTANIQUE_GAMME_push_5_750x1036.jpg","contentUrl":"https:\/\/abspace.yves-rocher.com\/es\/wp-content\/uploads\/sites\/11\/2021\/08\/2109_S_HP_ELIXIR_BOTANIQUE_GAMME_push_5_750x1036.jpg","width":750,"height":1036},{"@type":"BreadcrumbList","@id":"https:\/\/abspace.yves-rocher.com\/es\/es\/el-nuevo-elixir-botanique\/#breadcrumb","itemListElement":[{"@type":"ListItem","position":1,"name":"Home","item":"https:\/\/abspace.yves-rocher.com\/es\/es\/"},{"@type":"ListItem","position":2,"name":"El nuevo Elixir Botanique"}]},{"@type":"WebSite","@id":"https:\/\/abspace.yves-rocher.com\/es\/#website","url":"https:\/\/abspace.yves-rocher.com\/es\/","name":"Spain YR AB","description":"Spain YR AB","potentialAction":[{"@type":"SearchAction","target":{"@type":"EntryPoint","urlTemplate":"https:\/\/abspace.yves-rocher.com\/es\/?s={search_term_string}"},"query-input":{"@type":"PropertyValueSpecification","valueRequired":true,"valueName":"search_term_string"}}],"inLanguage":"es-ES"},{"@type":"Person","@id":"https:\/\/abspace.yves-rocher.com\/es\/#\/schema\/person\/59c07ddd5df5beff68afa550f43522c7","name":"pilarnavareno","image":{"@type":"ImageObject","inLanguage":"es-ES","@id":"https:\/\/abspace.yves-rocher.com\/es\/#\/schema\/person\/image\/","url":"https:\/\/secure.gravatar.com\/avatar\/9da9ac53d163fc34aa2c4452a36073f1?s=96&d=mm&r=g","contentUrl":"https:\/\/secure.gravatar.com\/avatar\/9da9ac53d163fc34aa2c4452a36073f1?s=96&d=mm&r=g","caption":"pilarnavareno"},"url":"https:\/\/abspace.yves-rocher.com\/es\/es\/author\/pilarnavareno\/"}]}},"_links":{"self":[{"href":"https:\/\/abspace.yves-rocher.com\/es\/ws\/wp\/v2\/posts\/7455","targetHints":{"allow":["GET"]}}],"collection":[{"href":"https:\/\/abspace.yves-rocher.com\/es\/ws\/wp\/v2\/posts"}],"about":[{"href":"https:\/\/abspace.yves-rocher.com\/es\/ws\/wp\/v2\/types\/post"}],"author":[{"embeddable":true,"href":"https:\/\/abspace.yves-rocher.com\/es\/ws\/wp\/v2\/users\/974201"}],"replies":[{"embeddable":true,"href":"https:\/\/abspace.yves-rocher.com\/es\/ws\/wp\/v2\/comments?post=7455"}],"version-history":[{"count":2,"href":"https:\/\/abspace.yves-rocher.com\/es\/ws\/wp\/v2\/posts\/7455\/revisions"}],"predecessor-version":[{"id":7499,"href":"https:\/\/abspace.yves-rocher.com\/es\/ws\/wp\/v2\/posts\/7455\/revisions\/7499"}],"wp:featuredmedia":[{"embeddable":true,"href":"https:\/\/abspace.yves-rocher.com\/es\/ws\/wp\/v2\/media\/6322"}],"wp:attachment":[{"href":"https:\/\/abspace.yves-rocher.com\/es\/ws\/wp\/v2\/media?parent=7455"}],"wp:term":[{"taxonomy":"category","embeddable":true,"href":"https:\/\/abspace.yves-rocher.com\/es\/ws\/wp\/v2\/categories?post=7455"},{"taxonomy":"post_tag","embeddable":true,"href":"https:\/\/abspace.yves-rocher.com\/es\/ws\/wp\/v2\/tags?post=7455"}],"curies":[{"name":"wp","href":"https:\/\/api.w.org\/{rel}","templated":true}]}}