{"id":7624,"date":"2022-11-22T11:25:29","date_gmt":"2022-11-22T10:25:29","guid":{"rendered":"https:\/\/abspace.yves-rocher.com\/es\/?p=7624"},"modified":"2022-11-22T11:25:29","modified_gmt":"2022-11-22T10:25:29","slug":"black-friday-2022-adelantate-a-las-compras-navidenas","status":"publish","type":"post","link":"https:\/\/abspace.yves-rocher.com\/es\/es\/black-friday-2022-adelantate-a-las-compras-navidenas\/","title":{"rendered":"Black Friday 2022: Adel\u00e1ntate a las compras navide\u00f1as"},"content":{"rendered":"<div id=\"pl-7624\"  class=\"panel-layout\" ><div id=\"pg-7624-0\"  class=\"panel-grid panel-no-style\" ><div id=\"pgc-7624-0-0\"  class=\"panel-grid-cell\" >            <div class=\"textWidget header-description \">\r\n                <p>Adel\u00e1ntate a las compras navide\u00f1as con el Black Friday de Yves Rocher<\/p>\r\n            <\/div>\r\n    <div id=\"panel-7624-0-0-1\" class=\"so-panel widget widget_sow-image\" data-index=\"1\" ><div\n\t\t\t\n\t\t\tclass=\"so-widget-sow-image so-widget-sow-image-default-c67d20f9f743-7624\"\n\t\t\t\n\t\t>\r\n\r\n\r\n<div class=\"sow-image-container\">\r\n    <a href=\"https:\/\/www.yves-rocher.es\/black-friday\" >\r\n    <img loading=\"lazy\" decoding=\"async\" src=\"https:\/\/abspace.yves-rocher.com\/es\/wp-content\/uploads\/sites\/11\/2022\/11\/compras-2-blog-1.jpg\" width=\"1100\" height=\"480\" srcset=\"\" title=\"Black Friday 2022\"          class=\"so-widget-image\" \/>\r\n\r\n    \r\n    <\/a>\r\n    <\/div>\r\n\r\n<\/div><\/div><div id=\"panel-7624-0-0-2\" class=\"so-panel widget widget_sow-editor panel-last-child\" data-index=\"2\" ><div\n\t\t\t\n\t\t\tclass=\"so-widget-sow-editor so-widget-sow-editor-base\"\n\t\t\t\n\t\t>\n<div class=\"siteorigin-widget-tinymce textwidget\">\n\t<p>Se acerca la navidad, \u00e9poca de disfrutar con familia y amigos, de regalar y regalarte, y qu\u00e9 mejor que hacerlo con los magn\u00edficos <a href=\"https:\/\/www.yves-rocher.es\/black-friday\">descuentos Black Friday de Yves Rocher<\/a> . Adel\u00e1ntate a la navidad y aprov\u00e9chate de los mejores descuentos, ahorra un dinerito comprando los mejores regalos para esta navidad. Este a\u00f1o el <strong>Black Friday en Espa\u00f1a<\/strong> va a ser una oportunidad \u00fanica, con la subida de precios todos queremos aprovechar los descuentos de estos d\u00edas y comprar los regalitos navide\u00f1os.\u00a0<\/p>\n<p>El <strong>Black Friday 2022<\/strong>\u00a0 en Yves Rocher viene cargado de descuentos geniales. Podr\u00e1s encontrar una gran selecci\u00f3n de perfumes para sorprender a los tuyos con los aromas m\u00e1s dulces y deliciosos. Nuestros perfumes m\u00e1s ic\u00f3nicos, los m\u00e1s frescos, o si lo prefieres, regala un cofre del aroma que prefieras, con gel de ducha y crema corporal.\u00a0 Pero si consideras que el perfume es algo muy personal,\u00a0 puedes elegir entre muchos productos tu regalo perfecto. Regala belleza con nuestro maquillaje, sombras de ojos, barras de labios. Nuestros tratamientos faciales son un acierto seguro, para cada tipo de piel y necesidad. Regala sensaciones con nuestros geles de ducha, sus aromas te transportan a un mundo de sensaciones, los aromas m\u00e1s dulces, c\u00edtricos y frescos.\u00a0<\/p>\n<p>\u00a1Aprovecha todos los descuentos del <strong>pr\u00f3ximo<\/strong> <strong>Black Friday 2022<\/strong> y triunfa regalando esta navidad!<\/p>\n<\/div>\n<\/div><\/div><\/div><\/div><\/div>","protected":false},"excerpt":{"rendered":"<p>Aprovecha los descuentos de Black Friday y adelanta tus compras de Navidad<\/p>\n","protected":false},"author":974201,"featured_media":7635,"comment_status":"open","ping_status":"open","sticky":false,"template":"","format":"standard","meta":{"_acf_changed":false,"_exactmetrics_skip_tracking":false,"_exactmetrics_sitenote_active":false,"_exactmetrics_sitenote_note":"","_exactmetrics_sitenote_category":0,"footnotes":""},"categories":[1],"tags":[761],"class_list":["post-7624","post","type-post","status-publish","format-standard","has-post-thumbnail","hentry","category-uncategorized","tag-ideasregalo"],"acf":[],"yoast_head":"<!-- This site is optimized with the Yoast SEO plugin v24.7 - https:\/\/yoast.com\/wordpress\/plugins\/seo\/ -->\n<title>Act Beautiful - Black Friday 2022: Adel\u00e1ntate a las compras navide\u00f1as - Yves Rocher<\/title>\n<meta name=\"description\" content=\"Adel\u00e1ntate a las compras navide\u00f1as comprando regalos en el Black Friday de Yves Rocher. Ofertas en perfumes, descuentos en ba\u00f1o y mucho m\u00e1s.\" \/>\n<meta name=\"robots\" content=\"index, follow, max-snippet:-1, max-image-preview:large, max-video-preview:-1\" \/>\n<link rel=\"canonical\" href=\"https:\/\/abspace.yves-rocher.com\/es\/es\/black-friday-2022-adelantate-a-las-compras-navidenas\/\" \/>\n<meta property=\"og:locale\" content=\"es_ES\" \/>\n<meta property=\"og:type\" content=\"article\" \/>\n<meta property=\"og:title\" content=\"Act Beautiful - Black Friday 2022: Adel\u00e1ntate a las compras navide\u00f1as - Yves Rocher\" \/>\n<meta property=\"og:description\" content=\"Adel\u00e1ntate a las compras navide\u00f1as comprando regalos en el Black Friday de Yves Rocher. Ofertas en perfumes, descuentos en ba\u00f1o y mucho m\u00e1s.\" \/>\n<meta property=\"og:url\" content=\"https:\/\/abspace.yves-rocher.com\/es\/es\/black-friday-2022-adelantate-a-las-compras-navidenas\/\" \/>\n<meta property=\"og:site_name\" content=\"Spain YR AB\" \/>\n<meta property=\"article:published_time\" content=\"2022-11-22T10:25:29+00:00\" \/>\n<meta property=\"og:image\" content=\"https:\/\/abspace.yves-rocher.com\/es\/wp-content\/uploads\/sites\/11\/2022\/11\/compras-navidenas.jpg\" \/>\n\t<meta property=\"og:image:width\" content=\"630\" \/>\n\t<meta property=\"og:image:height\" content=\"300\" \/>\n\t<meta property=\"og:image:type\" content=\"image\/jpeg\" \/>\n<meta name=\"author\" content=\"pilarnavareno\" \/>\n<meta name=\"twitter:card\" content=\"summary_large_image\" \/>\n<meta name=\"twitter:label1\" content=\"Written by\" \/>\n\t<meta name=\"twitter:data1\" content=\"pilarnavareno\" \/>\n\t<meta name=\"twitter:label2\" content=\"Est. reading time\" \/>\n\t<meta name=\"twitter:data2\" content=\"1 minute\" \/>\n<script type=\"application\/ld+json\" class=\"yoast-schema-graph\">{\"@context\":\"https:\/\/schema.org\",\"@graph\":[{\"@type\":\"WebPage\",\"@id\":\"https:\/\/abspace.yves-rocher.com\/es\/es\/black-friday-2022-adelantate-a-las-compras-navidenas\/\",\"url\":\"https:\/\/abspace.yves-rocher.com\/es\/es\/black-friday-2022-adelantate-a-las-compras-navidenas\/\",\"name\":\"Act Beautiful - Black Friday 2022: Adel\u00e1ntate a las compras navide\u00f1as - Yves Rocher\",\"isPartOf\":{\"@id\":\"https:\/\/abspace.yves-rocher.com\/es\/#website\"},\"primaryImageOfPage\":{\"@id\":\"https:\/\/abspace.yves-rocher.com\/es\/es\/black-friday-2022-adelantate-a-las-compras-navidenas\/#primaryimage\"},\"image\":{\"@id\":\"https:\/\/abspace.yves-rocher.com\/es\/es\/black-friday-2022-adelantate-a-las-compras-navidenas\/#primaryimage\"},\"thumbnailUrl\":\"https:\/\/abspace.yves-rocher.com\/es\/wp-content\/uploads\/sites\/11\/2022\/11\/compras-navidenas.jpg\",\"datePublished\":\"2022-11-22T10:25:29+00:00\",\"author\":{\"@id\":\"https:\/\/abspace.yves-rocher.com\/es\/#\/schema\/person\/59c07ddd5df5beff68afa550f43522c7\"},\"description\":\"Adel\u00e1ntate a las compras navide\u00f1as comprando regalos en el Black Friday de Yves Rocher. Ofertas en perfumes, descuentos en ba\u00f1o y mucho m\u00e1s.\",\"breadcrumb\":{\"@id\":\"https:\/\/abspace.yves-rocher.com\/es\/es\/black-friday-2022-adelantate-a-las-compras-navidenas\/#breadcrumb\"},\"inLanguage\":\"es-ES\",\"potentialAction\":[{\"@type\":\"ReadAction\",\"target\":[\"https:\/\/abspace.yves-rocher.com\/es\/es\/black-friday-2022-adelantate-a-las-compras-navidenas\/\"]}]},{\"@type\":\"ImageObject\",\"inLanguage\":\"es-ES\",\"@id\":\"https:\/\/abspace.yves-rocher.com\/es\/es\/black-friday-2022-adelantate-a-las-compras-navidenas\/#primaryimage\",\"url\":\"https:\/\/abspace.yves-rocher.com\/es\/wp-content\/uploads\/sites\/11\/2022\/11\/compras-navidenas.jpg\",\"contentUrl\":\"https:\/\/abspace.yves-rocher.com\/es\/wp-content\/uploads\/sites\/11\/2022\/11\/compras-navidenas.jpg\",\"width\":630,\"height\":300},{\"@type\":\"BreadcrumbList\",\"@id\":\"https:\/\/abspace.yves-rocher.com\/es\/es\/black-friday-2022-adelantate-a-las-compras-navidenas\/#breadcrumb\",\"itemListElement\":[{\"@type\":\"ListItem\",\"position\":1,\"name\":\"Home\",\"item\":\"https:\/\/abspace.yves-rocher.com\/es\/es\/\"},{\"@type\":\"ListItem\",\"position\":2,\"name\":\"Black Friday 2022: Adel\u00e1ntate a las compras navide\u00f1as\"}]},{\"@type\":\"WebSite\",\"@id\":\"https:\/\/abspace.yves-rocher.com\/es\/#website\",\"url\":\"https:\/\/abspace.yves-rocher.com\/es\/\",\"name\":\"Spain YR AB\",\"description\":\"Spain YR AB\",\"potentialAction\":[{\"@type\":\"SearchAction\",\"target\":{\"@type\":\"EntryPoint\",\"urlTemplate\":\"https:\/\/abspace.yves-rocher.com\/es\/?s={search_term_string}\"},\"query-input\":{\"@type\":\"PropertyValueSpecification\",\"valueRequired\":true,\"valueName\":\"search_term_string\"}}],\"inLanguage\":\"es-ES\"},{\"@type\":\"Person\",\"@id\":\"https:\/\/abspace.yves-rocher.com\/es\/#\/schema\/person\/59c07ddd5df5beff68afa550f43522c7\",\"name\":\"pilarnavareno\",\"image\":{\"@type\":\"ImageObject\",\"inLanguage\":\"es-ES\",\"@id\":\"https:\/\/abspace.yves-rocher.com\/es\/#\/schema\/person\/image\/\",\"url\":\"https:\/\/secure.gravatar.com\/avatar\/9da9ac53d163fc34aa2c4452a36073f1?s=96&d=mm&r=g\",\"contentUrl\":\"https:\/\/secure.gravatar.com\/avatar\/9da9ac53d163fc34aa2c4452a36073f1?s=96&d=mm&r=g\",\"caption\":\"pilarnavareno\"},\"url\":\"https:\/\/abspace.yves-rocher.com\/es\/es\/author\/pilarnavareno\/\"}]}<\/script>\n<!-- \/ Yoast SEO plugin. -->","yoast_head_json":{"title":"Act Beautiful - Black Friday 2022: Adel\u00e1ntate a las compras navide\u00f1as - Yves Rocher","description":"Adel\u00e1ntate a las compras navide\u00f1as comprando regalos en el Black Friday de Yves Rocher. Ofertas en perfumes, descuentos en ba\u00f1o y mucho m\u00e1s.","robots":{"index":"index","follow":"follow","max-snippet":"max-snippet:-1","max-image-preview":"max-image-preview:large","max-video-preview":"max-video-preview:-1"},"canonical":"https:\/\/abspace.yves-rocher.com\/es\/es\/black-friday-2022-adelantate-a-las-compras-navidenas\/","og_locale":"es_ES","og_type":"article","og_title":"Act Beautiful - Black Friday 2022: Adel\u00e1ntate a las compras navide\u00f1as - Yves Rocher","og_description":"Adel\u00e1ntate a las compras navide\u00f1as comprando regalos en el Black Friday de Yves Rocher. Ofertas en perfumes, descuentos en ba\u00f1o y mucho m\u00e1s.","og_url":"https:\/\/abspace.yves-rocher.com\/es\/es\/black-friday-2022-adelantate-a-las-compras-navidenas\/","og_site_name":"Spain YR AB","article_published_time":"2022-11-22T10:25:29+00:00","og_image":[{"width":630,"height":300,"url":"https:\/\/abspace.yves-rocher.com\/es\/wp-content\/uploads\/sites\/11\/2022\/11\/compras-navidenas.jpg","type":"image\/jpeg"}],"author":"pilarnavareno","twitter_card":"summary_large_image","twitter_misc":{"Written by":"pilarnavareno","Est. reading time":"1 minute"},"schema":{"@context":"https:\/\/schema.org","@graph":[{"@type":"WebPage","@id":"https:\/\/abspace.yves-rocher.com\/es\/es\/black-friday-2022-adelantate-a-las-compras-navidenas\/","url":"https:\/\/abspace.yves-rocher.com\/es\/es\/black-friday-2022-adelantate-a-las-compras-navidenas\/","name":"Act Beautiful - Black Friday 2022: Adel\u00e1ntate a las compras navide\u00f1as - Yves Rocher","isPartOf":{"@id":"https:\/\/abspace.yves-rocher.com\/es\/#website"},"primaryImageOfPage":{"@id":"https:\/\/abspace.yves-rocher.com\/es\/es\/black-friday-2022-adelantate-a-las-compras-navidenas\/#primaryimage"},"image":{"@id":"https:\/\/abspace.yves-rocher.com\/es\/es\/black-friday-2022-adelantate-a-las-compras-navidenas\/#primaryimage"},"thumbnailUrl":"https:\/\/abspace.yves-rocher.com\/es\/wp-content\/uploads\/sites\/11\/2022\/11\/compras-navidenas.jpg","datePublished":"2022-11-22T10:25:29+00:00","author":{"@id":"https:\/\/abspace.yves-rocher.com\/es\/#\/schema\/person\/59c07ddd5df5beff68afa550f43522c7"},"description":"Adel\u00e1ntate a las compras navide\u00f1as comprando regalos en el Black Friday de Yves Rocher. Ofertas en perfumes, descuentos en ba\u00f1o y mucho m\u00e1s.","breadcrumb":{"@id":"https:\/\/abspace.yves-rocher.com\/es\/es\/black-friday-2022-adelantate-a-las-compras-navidenas\/#breadcrumb"},"inLanguage":"es-ES","potentialAction":[{"@type":"ReadAction","target":["https:\/\/abspace.yves-rocher.com\/es\/es\/black-friday-2022-adelantate-a-las-compras-navidenas\/"]}]},{"@type":"ImageObject","inLanguage":"es-ES","@id":"https:\/\/abspace.yves-rocher.com\/es\/es\/black-friday-2022-adelantate-a-las-compras-navidenas\/#primaryimage","url":"https:\/\/abspace.yves-rocher.com\/es\/wp-content\/uploads\/sites\/11\/2022\/11\/compras-navidenas.jpg","contentUrl":"https:\/\/abspace.yves-rocher.com\/es\/wp-content\/uploads\/sites\/11\/2022\/11\/compras-navidenas.jpg","width":630,"height":300},{"@type":"BreadcrumbList","@id":"https:\/\/abspace.yves-rocher.com\/es\/es\/black-friday-2022-adelantate-a-las-compras-navidenas\/#breadcrumb","itemListElement":[{"@type":"ListItem","position":1,"name":"Home","item":"https:\/\/abspace.yves-rocher.com\/es\/es\/"},{"@type":"ListItem","position":2,"name":"Black Friday 2022: Adel\u00e1ntate a las compras navide\u00f1as"}]},{"@type":"WebSite","@id":"https:\/\/abspace.yves-rocher.com\/es\/#website","url":"https:\/\/abspace.yves-rocher.com\/es\/","name":"Spain YR AB","description":"Spain YR AB","potentialAction":[{"@type":"SearchAction","target":{"@type":"EntryPoint","urlTemplate":"https:\/\/abspace.yves-rocher.com\/es\/?s={search_term_string}"},"query-input":{"@type":"PropertyValueSpecification","valueRequired":true,"valueName":"search_term_string"}}],"inLanguage":"es-ES"},{"@type":"Person","@id":"https:\/\/abspace.yves-rocher.com\/es\/#\/schema\/person\/59c07ddd5df5beff68afa550f43522c7","name":"pilarnavareno","image":{"@type":"ImageObject","inLanguage":"es-ES","@id":"https:\/\/abspace.yves-rocher.com\/es\/#\/schema\/person\/image\/","url":"https:\/\/secure.gravatar.com\/avatar\/9da9ac53d163fc34aa2c4452a36073f1?s=96&d=mm&r=g","contentUrl":"https:\/\/secure.gravatar.com\/avatar\/9da9ac53d163fc34aa2c4452a36073f1?s=96&d=mm&r=g","caption":"pilarnavareno"},"url":"https:\/\/abspace.yves-rocher.com\/es\/es\/author\/pilarnavareno\/"}]}},"_links":{"self":[{"href":"https:\/\/abspace.yves-rocher.com\/es\/ws\/wp\/v2\/posts\/7624","targetHints":{"allow":["GET"]}}],"collection":[{"href":"https:\/\/abspace.yves-rocher.com\/es\/ws\/wp\/v2\/posts"}],"about":[{"href":"https:\/\/abspace.yves-rocher.com\/es\/ws\/wp\/v2\/types\/post"}],"author":[{"embeddable":true,"href":"https:\/\/abspace.yves-rocher.com\/es\/ws\/wp\/v2\/users\/974201"}],"replies":[{"embeddable":true,"href":"https:\/\/abspace.yves-rocher.com\/es\/ws\/wp\/v2\/comments?post=7624"}],"version-history":[{"count":9,"href":"https:\/\/abspace.yves-rocher.com\/es\/ws\/wp\/v2\/posts\/7624\/revisions"}],"predecessor-version":[{"id":7636,"href":"https:\/\/abspace.yves-rocher.com\/es\/ws\/wp\/v2\/posts\/7624\/revisions\/7636"}],"wp:featuredmedia":[{"embeddable":true,"href":"https:\/\/abspace.yves-rocher.com\/es\/ws\/wp\/v2\/media\/7635"}],"wp:attachment":[{"href":"https:\/\/abspace.yves-rocher.com\/es\/ws\/wp\/v2\/media?parent=7624"}],"wp:term":[{"taxonomy":"category","embeddable":true,"href":"https:\/\/abspace.yves-rocher.com\/es\/ws\/wp\/v2\/categories?post=7624"},{"taxonomy":"post_tag","embeddable":true,"href":"https:\/\/abspace.yves-rocher.com\/es\/ws\/wp\/v2\/tags?post=7624"}],"curies":[{"name":"wp","href":"https:\/\/api.w.org\/{rel}","templated":true}]}}