{"id":7764,"date":"2023-01-19T11:03:35","date_gmt":"2023-01-19T10:03:35","guid":{"rendered":"https:\/\/abspace.yves-rocher.com\/es\/?p=7764"},"modified":"2023-01-19T11:06:06","modified_gmt":"2023-01-19T10:06:06","slug":"rebajas-2023","status":"publish","type":"post","link":"https:\/\/abspace.yves-rocher.com\/es\/es\/rebajas-2023\/","title":{"rendered":"Rebajas de invierno 2023"},"content":{"rendered":"<div id=\"pl-7764\"  class=\"panel-layout\" ><div id=\"pg-7764-0\"  class=\"panel-grid panel-no-style\" ><div id=\"pgc-7764-0-0\"  class=\"panel-grid-cell\" ><div id=\"panel-7764-0-0-0\" class=\"so-panel widget widget_sow-editor panel-first-child panel-last-child\" data-index=\"0\" ><div\n\t\t\t\n\t\t\tclass=\"so-widget-sow-editor so-widget-sow-editor-base\"\n\t\t\t\n\t\t>\n<div class=\"siteorigin-widget-tinymce textwidget\">\n\t<h2 style=\"text-align: center\">Los mejores descuentos para subir la cuesta de enero<\/h2>\n<p>\u00bfCansada de que suban los precios? han llegado<a href=\"https:\/\/www.yves-rocher.es\/seleccion-especial-rebajas\/c\/top-ventas\"><strong> las rebajas de invierno a Yves Rocher<\/strong><\/a>, y con ellas, los mejores precios en nuestros productos. Disfruta de la mejor cosm\u00e9tica natural con unos descuentos incre\u00edbles.<\/p>\n<\/div>\n<\/div><\/div><\/div><\/div><div id=\"pg-7764-1\"  class=\"panel-grid panel-no-style\" ><div id=\"pgc-7764-1-0\"  class=\"panel-grid-cell\" ><div id=\"panel-7764-1-0-0\" class=\"so-panel widget widget_sow-editor panel-first-child panel-last-child\" data-index=\"1\" ><div\n\t\t\t\n\t\t\tclass=\"so-widget-sow-editor so-widget-sow-editor-base\"\n\t\t\t\n\t\t>\n<div class=\"siteorigin-widget-tinymce textwidget\">\n\t<h2>Nuestros top de las rebajas de invierno 2023<\/h2>\n<p>En nuestra selecci\u00f3n de <strong>Rebajas 2023<\/strong> podr\u00e1s encontrar una gran variedad de productos para cuidarte con nuestra cosm\u00e9tica natural y al mejor precio. Maquillaje, tratamientos faciales, cuidado corporal, perfumes...\u00a0 \u00bfA qu\u00e9 esperas para descubrirlos?<\/p>\n<\/div>\n<\/div><\/div><\/div><\/div><div id=\"pg-7764-2\"  class=\"panel-grid panel-no-style\" ><div id=\"pgc-7764-2-0\"  class=\"panel-grid-cell\" ><div id=\"panel-7764-2-0-0\" class=\"so-panel widget widget_sow-editor panel-first-child panel-last-child\" data-index=\"2\" ><div\n\t\t\t\n\t\t\tclass=\"so-widget-sow-editor so-widget-sow-editor-base\"\n\t\t\t\n\t\t>\n<div class=\"siteorigin-widget-tinymce textwidget\">\n\t<h3>Rebajas en maquillaje<\/h3>\n<p>Encuentra en nuestra selecci\u00f3n de <a href=\"https:\/\/www.yves-rocher.es\/maquillaje\/c\/20000\"><strong>rebajas de maquillaje<\/strong><\/a> todo lo necesario para conseguir un look perfecto. Prepara tu piel con la prebase iluminadora, consigue una cobertura perfecta con las bases de maquillaje, matiza y aporta luz con los polvos sueltos o compactos. Consigue una mirada de impacto con los l\u00e1pices de ojos, sombras y m\u00e1scaras de pesta\u00f1as con los mejores descuentos. Presume de labios y sonrisa con los colores ultra pigmentados de las barras de labios.\u00a0 Adem\u00e1s descubre una gran selecci\u00f3n de accesorios que har\u00e1n que tu maquillaje parezca profesional.\u00a0<\/p>\n<\/div>\n<\/div><\/div><\/div><div id=\"pgc-7764-2-1\"  class=\"panel-grid-cell\" ><div id=\"panel-7764-2-1-0\" class=\"so-panel widget widget_sow-editor panel-first-child panel-last-child\" data-index=\"3\" ><div\n\t\t\t\n\t\t\tclass=\"so-widget-sow-editor so-widget-sow-editor-base\"\n\t\t\t\n\t\t>\n<div class=\"siteorigin-widget-tinymce textwidget\">\n\t<h3>Rebajas cuidado facial<\/h3>\n<p>Limpiadores, rutinas completas, tratamientos espec\u00edficos... todo con los mejores descuentos. Cuida tu piel en profundidad con los mejores productos de<a href=\"https:\/\/www.yves-rocher.es\/rostro\/necesidades\/c\/12000\"><strong> cosm\u00e9tica facial<\/strong><\/a>, exfoliantes y limpiadores que preparan la piel para tu tratamiento. Rutinas de cuidado facial que te ayudar\u00e1n con las necesidades de tu\u00a0 piel, anti-arrugas, hidrataci\u00f3n, anti-poluci\u00f3n, luminosidad. Cuida el contorno de ojos y labios. Despierta con buena cara gracias nuestro <a href=\"https:\/\/www.yves-rocher.es\/rostro\/tipo-de-cuidado\/serum\/serum-recuperador-noche-efecto-melatonina\/p\/80829\">s\u00e9rum recuperador noche<\/a>, a un precio incre\u00edble. Transforma tu piel con nuestra <a href=\"https:\/\/www.yves-rocher.es\/rostro\/tipo-de-cuidado\/serum\/esencia-suprema-multi-accion\/p\/48371\">esencia suprema multi-acci\u00f3n<\/a> que corrige los signos de la edad.\u00a0<\/p>\n<\/div>\n<\/div><\/div><\/div><div id=\"pgc-7764-2-2\"  class=\"panel-grid-cell\" ><div id=\"panel-7764-2-2-0\" class=\"so-panel widget widget_sow-editor panel-first-child panel-last-child\" data-index=\"4\" ><div\n\t\t\t\n\t\t\tclass=\"so-widget-sow-editor so-widget-sow-editor-base\"\n\t\t\t\n\t\t>\n<div class=\"siteorigin-widget-tinymce textwidget\">\n\t<h3>Rebajas cuidado corporal<\/h3>\n<p>\u00bfTe gusta mimarte y cuidar tu piel de forma natural? en nuestras rebajas 2023 encontrar\u00e1s los mejores precios en <a href=\"https:\/\/www.yves-rocher.es\/cuerpo-y-bano\/c\/40000\"><strong>tratamientos corporales<\/strong><\/a>, geles de ducha con aromas deliciosos, cremas corporales que aportar\u00e1n un plus de suavidad a tu piel. Cremas de manos y pies que cuidan espec\u00edficamente estas zonas tan delicadas para volverlas suaves y lisas. Descubre tambi\u00e9n nuestra selecci\u00f3n de perfumes, frescos, sofisticados, deliciosos... y con unos descuentos incre\u00edbles \u00a1No podr\u00e1s elegir solo uno!<\/p>\n<\/div>\n<\/div><\/div><\/div><\/div><div id=\"pg-7764-3\"  class=\"panel-grid panel-no-style\" ><div id=\"pgc-7764-3-0\"  class=\"panel-grid-cell\" ><div id=\"panel-7764-3-0-0\" class=\"so-panel widget widget_sow-image panel-first-child panel-last-child\" data-index=\"5\" ><div\n\t\t\t\n\t\t\tclass=\"so-widget-sow-image so-widget-sow-image-default-8b5b6f678277-7764\"\n\t\t\t\n\t\t>\r\n\r\n\r\n<div class=\"sow-image-container\">\r\n    <a href=\"https:\/\/www.yves-rocher.es\/maquillaje\/c\/20000\" >\r\n    <img loading=\"lazy\" decoding=\"async\" src=\"https:\/\/abspace.yves-rocher.com\/es\/wp-content\/uploads\/sites\/11\/2023\/01\/mascara.jpg\" width=\"1000\" height=\"1000\" srcset=\"\" title=\"Rebajas maquillaje\"          class=\"so-widget-image\" \/>\r\n\r\n    \r\n    <\/a>\r\n    <\/div>\r\n\r\n<\/div><\/div><\/div><div id=\"pgc-7764-3-1\"  class=\"panel-grid-cell\" ><div id=\"panel-7764-3-1-0\" class=\"so-panel widget widget_sow-image panel-first-child panel-last-child\" data-index=\"6\" ><div\n\t\t\t\n\t\t\tclass=\"so-widget-sow-image so-widget-sow-image-default-8b5b6f678277-7764\"\n\t\t\t\n\t\t>\r\n\r\n\r\n<div class=\"sow-image-container\">\r\n    <a href=\"https:\/\/www.yves-rocher.es\/rostro\/necesidades\/c\/12000\" >\r\n    <img loading=\"lazy\" decoding=\"async\" src=\"https:\/\/abspace.yves-rocher.com\/es\/wp-content\/uploads\/sites\/11\/2023\/01\/img-1.jpg\" width=\"1200\" height=\"1200\" srcset=\"\" title=\"Rebajas tratamientos faciales\"          class=\"so-widget-image\" \/>\r\n\r\n    \r\n    <\/a>\r\n    <\/div>\r\n\r\n<\/div><\/div><\/div><div id=\"pgc-7764-3-2\"  class=\"panel-grid-cell\" ><div id=\"panel-7764-3-2-0\" class=\"so-panel widget widget_sow-image panel-first-child panel-last-child\" data-index=\"7\" ><div\n\t\t\t\n\t\t\tclass=\"so-widget-sow-image so-widget-sow-image-default-8b5b6f678277-7764\"\n\t\t\t\n\t\t>\r\n\r\n\r\n<div class=\"sow-image-container\">\r\n    <a href=\"https:\/\/www.yves-rocher.es\/cuerpo-y-bano\/c\/40000\" >\r\n    <img loading=\"lazy\" decoding=\"async\" src=\"https:\/\/abspace.yves-rocher.com\/es\/wp-content\/uploads\/sites\/11\/2023\/01\/crema-manos.jpg\" width=\"1000\" height=\"1000\" srcset=\"\" title=\"Rebajas tratamientos corporales\"          class=\"so-widget-image\" \/>\r\n\r\n    \r\n    <\/a>\r\n    <\/div>\r\n\r\n<\/div><\/div><\/div><\/div><\/div>","protected":false},"excerpt":{"rendered":"<p>Cu\u00eddate con incre\u00edbles descuentos, descubre nuestras rebajas de invierno 2023<\/p>\n","protected":false},"author":974201,"featured_media":7765,"comment_status":"open","ping_status":"open","sticky":false,"template":"","format":"standard","meta":{"_acf_changed":false,"_exactmetrics_skip_tracking":false,"_exactmetrics_sitenote_active":false,"_exactmetrics_sitenote_note":"","_exactmetrics_sitenote_category":0,"footnotes":""},"categories":[1],"tags":[763],"class_list":["post-7764","post","type-post","status-publish","format-standard","has-post-thumbnail","hentry","category-uncategorized","tag-bellezabotanica"],"acf":[],"yoast_head":"<!-- This site is optimized with the Yoast SEO plugin v24.7 - https:\/\/yoast.com\/wordpress\/plugins\/seo\/ -->\n<title>Las mejores ofertas de rebajas de invierno 2023 | Yves Rocher<\/title>\n<meta name=\"description\" content=\"En Yves Rocher tenemos una de las mejores rebajas en cosm\u00e9tica. Conoce todas nuestras ofertas para estas rebajas de invierno de 2023. \u00a1No te lo pierdas!\" \/>\n<meta name=\"robots\" content=\"index, follow, max-snippet:-1, max-image-preview:large, max-video-preview:-1\" \/>\n<link rel=\"canonical\" href=\"https:\/\/abspace.yves-rocher.com\/es\/es\/rebajas-2023\/\" \/>\n<meta property=\"og:locale\" content=\"es_ES\" \/>\n<meta property=\"og:type\" content=\"article\" \/>\n<meta property=\"og:title\" content=\"Las mejores ofertas de rebajas de invierno 2023 | Yves Rocher\" \/>\n<meta property=\"og:description\" content=\"En Yves Rocher tenemos una de las mejores rebajas en cosm\u00e9tica. Conoce todas nuestras ofertas para estas rebajas de invierno de 2023. \u00a1No te lo pierdas!\" \/>\n<meta property=\"og:url\" content=\"https:\/\/abspace.yves-rocher.com\/es\/es\/rebajas-2023\/\" \/>\n<meta property=\"og:site_name\" content=\"Spain YR AB\" \/>\n<meta property=\"article:published_time\" content=\"2023-01-19T10:03:35+00:00\" \/>\n<meta property=\"article:modified_time\" content=\"2023-01-19T10:06:06+00:00\" \/>\n<meta property=\"og:image\" content=\"https:\/\/abspace.yves-rocher.com\/es\/wp-content\/uploads\/sites\/11\/2023\/01\/Inspiring-3.jpg\" \/>\n\t<meta property=\"og:image:width\" content=\"1120\" \/>\n\t<meta property=\"og:image:height\" content=\"800\" \/>\n\t<meta property=\"og:image:type\" content=\"image\/jpeg\" \/>\n<meta name=\"author\" content=\"pilarnavareno\" \/>\n<meta name=\"twitter:card\" content=\"summary_large_image\" \/>\n<meta name=\"twitter:label1\" content=\"Written by\" \/>\n\t<meta name=\"twitter:data1\" content=\"pilarnavareno\" \/>\n\t<meta name=\"twitter:label2\" content=\"Est. reading time\" \/>\n\t<meta name=\"twitter:data2\" content=\"2 minutes\" \/>\n<script type=\"application\/ld+json\" class=\"yoast-schema-graph\">{\"@context\":\"https:\/\/schema.org\",\"@graph\":[{\"@type\":\"WebPage\",\"@id\":\"https:\/\/abspace.yves-rocher.com\/es\/es\/rebajas-2023\/\",\"url\":\"https:\/\/abspace.yves-rocher.com\/es\/es\/rebajas-2023\/\",\"name\":\"Las mejores ofertas de rebajas de invierno 2023 | Yves Rocher\",\"isPartOf\":{\"@id\":\"https:\/\/abspace.yves-rocher.com\/es\/#website\"},\"primaryImageOfPage\":{\"@id\":\"https:\/\/abspace.yves-rocher.com\/es\/es\/rebajas-2023\/#primaryimage\"},\"image\":{\"@id\":\"https:\/\/abspace.yves-rocher.com\/es\/es\/rebajas-2023\/#primaryimage\"},\"thumbnailUrl\":\"https:\/\/abspace.yves-rocher.com\/es\/wp-content\/uploads\/sites\/11\/2023\/01\/Inspiring-3.jpg\",\"datePublished\":\"2023-01-19T10:03:35+00:00\",\"dateModified\":\"2023-01-19T10:06:06+00:00\",\"author\":{\"@id\":\"https:\/\/abspace.yves-rocher.com\/es\/#\/schema\/person\/59c07ddd5df5beff68afa550f43522c7\"},\"description\":\"En Yves Rocher tenemos una de las mejores rebajas en cosm\u00e9tica. Conoce todas nuestras ofertas para estas rebajas de invierno de 2023. \u00a1No te lo pierdas!\",\"breadcrumb\":{\"@id\":\"https:\/\/abspace.yves-rocher.com\/es\/es\/rebajas-2023\/#breadcrumb\"},\"inLanguage\":\"es-ES\",\"potentialAction\":[{\"@type\":\"ReadAction\",\"target\":[\"https:\/\/abspace.yves-rocher.com\/es\/es\/rebajas-2023\/\"]}]},{\"@type\":\"ImageObject\",\"inLanguage\":\"es-ES\",\"@id\":\"https:\/\/abspace.yves-rocher.com\/es\/es\/rebajas-2023\/#primaryimage\",\"url\":\"https:\/\/abspace.yves-rocher.com\/es\/wp-content\/uploads\/sites\/11\/2023\/01\/Inspiring-3.jpg\",\"contentUrl\":\"https:\/\/abspace.yves-rocher.com\/es\/wp-content\/uploads\/sites\/11\/2023\/01\/Inspiring-3.jpg\",\"width\":1120,\"height\":800},{\"@type\":\"BreadcrumbList\",\"@id\":\"https:\/\/abspace.yves-rocher.com\/es\/es\/rebajas-2023\/#breadcrumb\",\"itemListElement\":[{\"@type\":\"ListItem\",\"position\":1,\"name\":\"Home\",\"item\":\"https:\/\/abspace.yves-rocher.com\/es\/es\/\"},{\"@type\":\"ListItem\",\"position\":2,\"name\":\"Rebajas de invierno 2023\"}]},{\"@type\":\"WebSite\",\"@id\":\"https:\/\/abspace.yves-rocher.com\/es\/#website\",\"url\":\"https:\/\/abspace.yves-rocher.com\/es\/\",\"name\":\"Spain YR AB\",\"description\":\"Spain YR AB\",\"potentialAction\":[{\"@type\":\"SearchAction\",\"target\":{\"@type\":\"EntryPoint\",\"urlTemplate\":\"https:\/\/abspace.yves-rocher.com\/es\/?s={search_term_string}\"},\"query-input\":{\"@type\":\"PropertyValueSpecification\",\"valueRequired\":true,\"valueName\":\"search_term_string\"}}],\"inLanguage\":\"es-ES\"},{\"@type\":\"Person\",\"@id\":\"https:\/\/abspace.yves-rocher.com\/es\/#\/schema\/person\/59c07ddd5df5beff68afa550f43522c7\",\"name\":\"pilarnavareno\",\"image\":{\"@type\":\"ImageObject\",\"inLanguage\":\"es-ES\",\"@id\":\"https:\/\/abspace.yves-rocher.com\/es\/#\/schema\/person\/image\/\",\"url\":\"https:\/\/secure.gravatar.com\/avatar\/9da9ac53d163fc34aa2c4452a36073f1?s=96&d=mm&r=g\",\"contentUrl\":\"https:\/\/secure.gravatar.com\/avatar\/9da9ac53d163fc34aa2c4452a36073f1?s=96&d=mm&r=g\",\"caption\":\"pilarnavareno\"},\"url\":\"https:\/\/abspace.yves-rocher.com\/es\/es\/author\/pilarnavareno\/\"}]}<\/script>\n<!-- \/ Yoast SEO plugin. -->","yoast_head_json":{"title":"Las mejores ofertas de rebajas de invierno 2023 | Yves Rocher","description":"En Yves Rocher tenemos una de las mejores rebajas en cosm\u00e9tica. Conoce todas nuestras ofertas para estas rebajas de invierno de 2023. \u00a1No te lo pierdas!","robots":{"index":"index","follow":"follow","max-snippet":"max-snippet:-1","max-image-preview":"max-image-preview:large","max-video-preview":"max-video-preview:-1"},"canonical":"https:\/\/abspace.yves-rocher.com\/es\/es\/rebajas-2023\/","og_locale":"es_ES","og_type":"article","og_title":"Las mejores ofertas de rebajas de invierno 2023 | Yves Rocher","og_description":"En Yves Rocher tenemos una de las mejores rebajas en cosm\u00e9tica. Conoce todas nuestras ofertas para estas rebajas de invierno de 2023. \u00a1No te lo pierdas!","og_url":"https:\/\/abspace.yves-rocher.com\/es\/es\/rebajas-2023\/","og_site_name":"Spain YR AB","article_published_time":"2023-01-19T10:03:35+00:00","article_modified_time":"2023-01-19T10:06:06+00:00","og_image":[{"width":1120,"height":800,"url":"https:\/\/abspace.yves-rocher.com\/es\/wp-content\/uploads\/sites\/11\/2023\/01\/Inspiring-3.jpg","type":"image\/jpeg"}],"author":"pilarnavareno","twitter_card":"summary_large_image","twitter_misc":{"Written by":"pilarnavareno","Est. reading time":"2 minutes"},"schema":{"@context":"https:\/\/schema.org","@graph":[{"@type":"WebPage","@id":"https:\/\/abspace.yves-rocher.com\/es\/es\/rebajas-2023\/","url":"https:\/\/abspace.yves-rocher.com\/es\/es\/rebajas-2023\/","name":"Las mejores ofertas de rebajas de invierno 2023 | Yves Rocher","isPartOf":{"@id":"https:\/\/abspace.yves-rocher.com\/es\/#website"},"primaryImageOfPage":{"@id":"https:\/\/abspace.yves-rocher.com\/es\/es\/rebajas-2023\/#primaryimage"},"image":{"@id":"https:\/\/abspace.yves-rocher.com\/es\/es\/rebajas-2023\/#primaryimage"},"thumbnailUrl":"https:\/\/abspace.yves-rocher.com\/es\/wp-content\/uploads\/sites\/11\/2023\/01\/Inspiring-3.jpg","datePublished":"2023-01-19T10:03:35+00:00","dateModified":"2023-01-19T10:06:06+00:00","author":{"@id":"https:\/\/abspace.yves-rocher.com\/es\/#\/schema\/person\/59c07ddd5df5beff68afa550f43522c7"},"description":"En Yves Rocher tenemos una de las mejores rebajas en cosm\u00e9tica. Conoce todas nuestras ofertas para estas rebajas de invierno de 2023. \u00a1No te lo pierdas!","breadcrumb":{"@id":"https:\/\/abspace.yves-rocher.com\/es\/es\/rebajas-2023\/#breadcrumb"},"inLanguage":"es-ES","potentialAction":[{"@type":"ReadAction","target":["https:\/\/abspace.yves-rocher.com\/es\/es\/rebajas-2023\/"]}]},{"@type":"ImageObject","inLanguage":"es-ES","@id":"https:\/\/abspace.yves-rocher.com\/es\/es\/rebajas-2023\/#primaryimage","url":"https:\/\/abspace.yves-rocher.com\/es\/wp-content\/uploads\/sites\/11\/2023\/01\/Inspiring-3.jpg","contentUrl":"https:\/\/abspace.yves-rocher.com\/es\/wp-content\/uploads\/sites\/11\/2023\/01\/Inspiring-3.jpg","width":1120,"height":800},{"@type":"BreadcrumbList","@id":"https:\/\/abspace.yves-rocher.com\/es\/es\/rebajas-2023\/#breadcrumb","itemListElement":[{"@type":"ListItem","position":1,"name":"Home","item":"https:\/\/abspace.yves-rocher.com\/es\/es\/"},{"@type":"ListItem","position":2,"name":"Rebajas de invierno 2023"}]},{"@type":"WebSite","@id":"https:\/\/abspace.yves-rocher.com\/es\/#website","url":"https:\/\/abspace.yves-rocher.com\/es\/","name":"Spain YR AB","description":"Spain YR AB","potentialAction":[{"@type":"SearchAction","target":{"@type":"EntryPoint","urlTemplate":"https:\/\/abspace.yves-rocher.com\/es\/?s={search_term_string}"},"query-input":{"@type":"PropertyValueSpecification","valueRequired":true,"valueName":"search_term_string"}}],"inLanguage":"es-ES"},{"@type":"Person","@id":"https:\/\/abspace.yves-rocher.com\/es\/#\/schema\/person\/59c07ddd5df5beff68afa550f43522c7","name":"pilarnavareno","image":{"@type":"ImageObject","inLanguage":"es-ES","@id":"https:\/\/abspace.yves-rocher.com\/es\/#\/schema\/person\/image\/","url":"https:\/\/secure.gravatar.com\/avatar\/9da9ac53d163fc34aa2c4452a36073f1?s=96&d=mm&r=g","contentUrl":"https:\/\/secure.gravatar.com\/avatar\/9da9ac53d163fc34aa2c4452a36073f1?s=96&d=mm&r=g","caption":"pilarnavareno"},"url":"https:\/\/abspace.yves-rocher.com\/es\/es\/author\/pilarnavareno\/"}]}},"_links":{"self":[{"href":"https:\/\/abspace.yves-rocher.com\/es\/ws\/wp\/v2\/posts\/7764","targetHints":{"allow":["GET"]}}],"collection":[{"href":"https:\/\/abspace.yves-rocher.com\/es\/ws\/wp\/v2\/posts"}],"about":[{"href":"https:\/\/abspace.yves-rocher.com\/es\/ws\/wp\/v2\/types\/post"}],"author":[{"embeddable":true,"href":"https:\/\/abspace.yves-rocher.com\/es\/ws\/wp\/v2\/users\/974201"}],"replies":[{"embeddable":true,"href":"https:\/\/abspace.yves-rocher.com\/es\/ws\/wp\/v2\/comments?post=7764"}],"version-history":[{"count":13,"href":"https:\/\/abspace.yves-rocher.com\/es\/ws\/wp\/v2\/posts\/7764\/revisions"}],"predecessor-version":[{"id":7784,"href":"https:\/\/abspace.yves-rocher.com\/es\/ws\/wp\/v2\/posts\/7764\/revisions\/7784"}],"wp:featuredmedia":[{"embeddable":true,"href":"https:\/\/abspace.yves-rocher.com\/es\/ws\/wp\/v2\/media\/7765"}],"wp:attachment":[{"href":"https:\/\/abspace.yves-rocher.com\/es\/ws\/wp\/v2\/media?parent=7764"}],"wp:term":[{"taxonomy":"category","embeddable":true,"href":"https:\/\/abspace.yves-rocher.com\/es\/ws\/wp\/v2\/categories?post=7764"},{"taxonomy":"post_tag","embeddable":true,"href":"https:\/\/abspace.yves-rocher.com\/es\/ws\/wp\/v2\/tags?post=7764"}],"curies":[{"name":"wp","href":"https:\/\/api.w.org\/{rel}","templated":true}]}}