{"id":7949,"date":"2023-03-09T12:32:13","date_gmt":"2023-03-09T11:32:13","guid":{"rendered":"https:\/\/abspace.yves-rocher.com\/es\/?p=7949"},"modified":"2023-03-29T10:41:15","modified_gmt":"2023-03-29T09:41:15","slug":"como-hidratar-el-pelo-en-profundidad","status":"publish","type":"post","link":"https:\/\/abspace.yves-rocher.com\/es\/es\/como-hidratar-el-pelo-en-profundidad\/","title":{"rendered":"\u00bfC\u00f3mo hidratar el pelo en profundidad?"},"content":{"rendered":"<div id=\"pl-7949\"  class=\"panel-layout\" ><div id=\"pg-7949-0\"  class=\"panel-grid panel-no-style\" ><div id=\"pgc-7949-0-0\"  class=\"panel-grid-cell\" ><div id=\"panel-7949-0-0-0\" class=\"so-panel widget widget_sow-editor panel-first-child panel-last-child\" data-index=\"0\" ><div\n\t\t\t\n\t\t\tclass=\"so-widget-sow-editor so-widget-sow-editor-base\"\n\t\t\t\n\t\t>\n<div class=\"siteorigin-widget-tinymce textwidget\">\n\t<p>\u00bfTienes el pelo seco y encrespado? \u00bfquieres nutrir tu cabello y presumir de pelazo? Aqu\u00ed te vamos a contar los trucos y secretos para conseguir tu melena de ensue\u00f1o. Lo primero que debes saber es que el trabajo de hidrataci\u00f3n y reparaci\u00f3n del cabello es una carrera de fondo, no vale con hidratar a tope en verano, hay que dedicarle tiempo y atenciones todo el a\u00f1o. \u00a1All\u00e1 vamos!<\/p>\n<\/div>\n<\/div><\/div><\/div><\/div><div id=\"pg-7949-1\"  class=\"panel-grid panel-no-style\" ><div id=\"pgc-7949-1-0\"  class=\"panel-grid-cell\" ><div id=\"panel-7949-1-0-0\" class=\"so-panel widget widget_sow-editor panel-first-child panel-last-child\" data-index=\"1\" ><div\n\t\t\t\n\t\t\tclass=\"so-widget-sow-editor so-widget-sow-editor-base\"\n\t\t\t\n\t\t>\n<div class=\"siteorigin-widget-tinymce textwidget\">\n\t<h2>Posibles causas de un pelo seco y encrespado<\/h2>\n<p>Vamos a empezar por conocer las causas de que el pelo est\u00e9 seco, con poca vida y encrespado:<\/p>\n<h3>Lavarse el pelo todos los d\u00edas<\/h3>\n<p>Si lavamos el cabello a diario porque queremos tener el pelo m\u00e1s limpio podemos conseguir el efecto contrario y hacer que est\u00e9 sucio m\u00e1s r\u00e1pido. Adem\u00e1s, el cuero cabelludo <strong>se reseca e irrita con m\u00e1s facilidad<\/strong> si abusamos del champ\u00fa. Es muy importante mantener una buena higiene, pero la frecuencia de lavado puede afectar al brillo y aspecto de tu melena.\u00a0<\/p>\n<h3>Usar secadores y planchas<\/h3>\n<p>Tendemos a utilizar secadores y planchas m\u00e1s de lo que a nuestro pelo le gustar\u00eda. Es cierto que con los aparatos que hay podemos conseguir un peinado profesional en casa con planchas y secadores,\u00a0 pero son una de las principales <strong>causas de un pelo seco y encrespado<\/strong>. El uso habitual de planchas puede afectar al cabello acelerando su ca\u00edda, debilit\u00e1ndolo o resecando.\u00a0<\/p>\n<h3>Te\u00f1irse<\/h3>\n<p>El uso de tintes para el cabello es una de las pr\u00e1cticas m\u00e1s efectivas para cambiar de look, pero hay que saber que tipo de tinte utilizar para no afectar a nuestro cabello. La mayor\u00eda de los tintes contienen elementos decolorantes que da\u00f1an el tallo del pelo, lo que conlleva que el cabello se vuelva m\u00e1s d\u00e9bil y quebradizo. Como contrapunto podemos encontrar tintes vegetales, formulados a base de extractos vegetales que pigmentan el cabello de forma natural. Estos tintes act\u00faan en la superficie sin da\u00f1ar la estructura del pelo.\u00a0<\/p>\n<p>\u00a0<\/p>\n<p>\u00a0<\/p>\n<p>\u00a0<\/p>\n<p>\u00a0<\/p>\n<p>\u00a0<\/p>\n<\/div>\n<\/div><\/div><\/div><div id=\"pgc-7949-1-1\"  class=\"panel-grid-cell\" ><div id=\"panel-7949-1-1-0\" class=\"so-panel widget widget_sow-image panel-first-child panel-last-child\" data-index=\"2\" ><div\n\t\t\t\n\t\t\tclass=\"so-widget-sow-image so-widget-sow-image-default-8b5b6f678277-7949\"\n\t\t\t\n\t\t>\r\n\r\n\r\n<div class=\"sow-image-container\">\r\n    \r\n    <img loading=\"lazy\" decoding=\"async\" src=\"https:\/\/abspace.yves-rocher.com\/es\/wp-content\/uploads\/sites\/11\/2023\/03\/cabello-1-2.jpg\" width=\"600\" height=\"670\" srcset=\"\" title=\"Reparaci\u00f3n capilar\"          class=\"so-widget-image\" \/>\r\n\r\n    \r\n    \r\n    <\/div>\r\n\r\n<\/div><\/div><\/div><\/div><div id=\"pg-7949-2\"  class=\"panel-grid panel-no-style\" ><div id=\"pgc-7949-2-0\"  class=\"panel-grid-cell\" ><div id=\"panel-7949-2-0-0\" class=\"so-panel widget widget_sow-image panel-first-child panel-last-child\" data-index=\"3\" ><div\n\t\t\t\n\t\t\tclass=\"so-widget-sow-image so-widget-sow-image-default-8b5b6f678277-7949\"\n\t\t\t\n\t\t>\r\n\r\n\r\n<div class=\"sow-image-container\">\r\n    \r\n    <img loading=\"lazy\" decoding=\"async\" src=\"https:\/\/abspace.yves-rocher.com\/es\/wp-content\/uploads\/sites\/11\/2023\/03\/cabello-2.jpg\" width=\"600\" height=\"670\" srcset=\"\" title=\"Gama Reparaci\u00f3n capilar\"          class=\"so-widget-image\" \/>\r\n\r\n    \r\n    \r\n    <\/div>\r\n\r\n<\/div><\/div><\/div><div id=\"pgc-7949-2-1\"  class=\"panel-grid-cell\" ><div id=\"panel-7949-2-1-0\" class=\"so-panel widget widget_sow-editor panel-first-child panel-last-child\" data-index=\"4\" ><div\n\t\t\t\n\t\t\tclass=\"so-widget-sow-editor so-widget-sow-editor-base\"\n\t\t\t\n\t\t>\n<div class=\"siteorigin-widget-tinymce textwidget\">\n\t<h2>Consejos sobre como nutrir el pelo<\/h2><p>Al igual que nuestra piel nuestro cabello necesita estar bien hidratado para brillar con luz propia, para lucir ese pelazo con brillo y cuerpo que tanto nos gusta. Para ello hay que cuidarse por dentro y utilizar los productos adecuados para nutrirlo e hidratarlo por fuera.\u00a0<\/p><h3>Beber mucha agua<\/h3><p>El agua es vida, y tambi\u00e9n para nuestro pelo, una correcta hidrataci\u00f3n capilar comienza por una correcta hidrataci\u00f3n corporal. Bebe al menos 2 litros de agua diarios y adem\u00e1s de tu cuerpo y tu piel, tu cabello te lo agradecer\u00e1.\u00a0<\/p><h3>Llevar una dieta equilibrada<\/h3><p>Que somos lo que comemos no es ninguna novedad, pero \u00bfSab\u00edas que tambi\u00e9n esto influye en tu melena? pues si, una alimentaci\u00f3n equilibrada, rica en vitaminas y minerales ayuda a tu cabello a crecer fuerte y sano y lo <strong>hidrata en profundidad.<\/strong><\/p><h3>Usar tratamientos reparadores<\/h3><p>Para cuidar tu cabello desde fuera, conseguir <strong>hidratar el pelo en profundidad<\/strong>, en Yves Rocher somos expertos. Descubre nuestra <a href=\"https:\/\/www.yves-rocher.es\/cabello\/necesidades\/reparacion\/c\/52200\"><strong>Gama de reparaci\u00f3n intensa<\/strong><\/a> con la que conseguir\u00e1s hidratar en profundidad tu cabello con los productos m\u00e1s naturales y respetuosos con tu cabello. Nuestros productos de reparaci\u00f3n capilar est\u00e1n formulados con Aceite de Jojoba Bio, que reestructura la fibra capilar, desenreda el cabello y lo \"cura\" de los da\u00f1os anteriores. El cabello se vuelve m\u00e1s fuerte y resistente a futuras agresiones.\u00a0 Pero tenemos una estrella en reparaci\u00f3n capilar, el <a href=\"https:\/\/www.yves-rocher.es\/cabello\/necesidades\/reparacion\/balsamo-botanico\/p\/77641\"><strong>B\u00e1lsamo bot\u00e1nico<\/strong><\/a>, que con un 98% de ingredientes de origen natural nutre, repara y restaura tu cabello. Adem\u00e1s tiene varios usos en funci\u00f3n de tus necesidades. Puedes utilizarlo como mascarilla de cuidado 2 o 3 veces por semana; para aportar suavidad a tu cabello como toque final; como mascarilla de tratamiento de noche o simplemente para retocar tu cabello durante el d\u00eda.<\/p><\/div>\n<\/div><\/div><\/div><\/div><\/div>","protected":false},"excerpt":{"rendered":"<p>\u00bfSabes como hidratar el pelo seco y da\u00f1ado? aqu\u00ed te lo contamos todo. <\/p>\n","protected":false},"author":974201,"featured_media":7964,"comment_status":"open","ping_status":"open","sticky":false,"template":"","format":"standard","meta":{"_acf_changed":false,"_exactmetrics_skip_tracking":false,"_exactmetrics_sitenote_active":false,"_exactmetrics_sitenote_note":"","_exactmetrics_sitenote_category":0,"footnotes":""},"categories":[1],"tags":[163,393],"class_list":["post-7949","post","type-post","status-publish","format-standard","has-post-thumbnail","hentry","category-uncategorized","tag-cabello","tag-consejosdebelleza"],"acf":[],"yoast_head":"<!-- This site is optimized with the Yoast SEO plugin v24.7 - https:\/\/yoast.com\/wordpress\/plugins\/seo\/ -->\n<title>Consejos para hidratar el pelo seco en profundidad | Yves Rocher<\/title>\n<meta name=\"description\" content=\"\u00bfPor qu\u00e9 nuestro pelo est\u00e1 seco y sin luminosidad? Te contamos las posibles causas y te damos diferentes tips sobre c\u00f3mo hidratarlo. \u00a1Entra e inf\u00f3rmate!\" \/>\n<meta name=\"robots\" content=\"index, follow, max-snippet:-1, max-image-preview:large, max-video-preview:-1\" \/>\n<link rel=\"canonical\" href=\"https:\/\/abspace.yves-rocher.com\/es\/es\/como-hidratar-el-pelo-en-profundidad\/\" \/>\n<meta property=\"og:locale\" content=\"es_ES\" \/>\n<meta property=\"og:type\" content=\"article\" \/>\n<meta property=\"og:title\" content=\"Consejos para hidratar el pelo seco en profundidad | Yves Rocher\" \/>\n<meta property=\"og:description\" content=\"\u00bfPor qu\u00e9 nuestro pelo est\u00e1 seco y sin luminosidad? Te contamos las posibles causas y te damos diferentes tips sobre c\u00f3mo hidratarlo. \u00a1Entra e inf\u00f3rmate!\" \/>\n<meta property=\"og:url\" content=\"https:\/\/abspace.yves-rocher.com\/es\/es\/como-hidratar-el-pelo-en-profundidad\/\" \/>\n<meta property=\"og:site_name\" content=\"Spain YR AB\" \/>\n<meta property=\"article:published_time\" content=\"2023-03-09T11:32:13+00:00\" \/>\n<meta property=\"article:modified_time\" content=\"2023-03-29T09:41:15+00:00\" \/>\n<meta property=\"og:image\" content=\"https:\/\/abspace.yves-rocher.com\/es\/wp-content\/uploads\/sites\/11\/2023\/03\/cabello-portada.jpg\" \/>\n\t<meta property=\"og:image:width\" content=\"800\" \/>\n\t<meta property=\"og:image:height\" content=\"1000\" \/>\n\t<meta property=\"og:image:type\" content=\"image\/jpeg\" \/>\n<meta name=\"author\" content=\"pilarnavareno\" \/>\n<meta name=\"twitter:card\" content=\"summary_large_image\" \/>\n<meta name=\"twitter:label1\" content=\"Written by\" \/>\n\t<meta name=\"twitter:data1\" content=\"pilarnavareno\" \/>\n\t<meta name=\"twitter:label2\" content=\"Est. reading time\" \/>\n\t<meta name=\"twitter:data2\" content=\"3 minutes\" \/>\n<script type=\"application\/ld+json\" class=\"yoast-schema-graph\">{\"@context\":\"https:\/\/schema.org\",\"@graph\":[{\"@type\":\"WebPage\",\"@id\":\"https:\/\/abspace.yves-rocher.com\/es\/es\/como-hidratar-el-pelo-en-profundidad\/\",\"url\":\"https:\/\/abspace.yves-rocher.com\/es\/es\/como-hidratar-el-pelo-en-profundidad\/\",\"name\":\"Consejos para hidratar el pelo seco en profundidad | Yves Rocher\",\"isPartOf\":{\"@id\":\"https:\/\/abspace.yves-rocher.com\/es\/#website\"},\"primaryImageOfPage\":{\"@id\":\"https:\/\/abspace.yves-rocher.com\/es\/es\/como-hidratar-el-pelo-en-profundidad\/#primaryimage\"},\"image\":{\"@id\":\"https:\/\/abspace.yves-rocher.com\/es\/es\/como-hidratar-el-pelo-en-profundidad\/#primaryimage\"},\"thumbnailUrl\":\"https:\/\/abspace.yves-rocher.com\/es\/wp-content\/uploads\/sites\/11\/2023\/03\/cabello-portada.jpg\",\"datePublished\":\"2023-03-09T11:32:13+00:00\",\"dateModified\":\"2023-03-29T09:41:15+00:00\",\"author\":{\"@id\":\"https:\/\/abspace.yves-rocher.com\/es\/#\/schema\/person\/59c07ddd5df5beff68afa550f43522c7\"},\"description\":\"\u00bfPor qu\u00e9 nuestro pelo est\u00e1 seco y sin luminosidad? Te contamos las posibles causas y te damos diferentes tips sobre c\u00f3mo hidratarlo. \u00a1Entra e inf\u00f3rmate!\",\"breadcrumb\":{\"@id\":\"https:\/\/abspace.yves-rocher.com\/es\/es\/como-hidratar-el-pelo-en-profundidad\/#breadcrumb\"},\"inLanguage\":\"es-ES\",\"potentialAction\":[{\"@type\":\"ReadAction\",\"target\":[\"https:\/\/abspace.yves-rocher.com\/es\/es\/como-hidratar-el-pelo-en-profundidad\/\"]}]},{\"@type\":\"ImageObject\",\"inLanguage\":\"es-ES\",\"@id\":\"https:\/\/abspace.yves-rocher.com\/es\/es\/como-hidratar-el-pelo-en-profundidad\/#primaryimage\",\"url\":\"https:\/\/abspace.yves-rocher.com\/es\/wp-content\/uploads\/sites\/11\/2023\/03\/cabello-portada.jpg\",\"contentUrl\":\"https:\/\/abspace.yves-rocher.com\/es\/wp-content\/uploads\/sites\/11\/2023\/03\/cabello-portada.jpg\",\"width\":800,\"height\":1000},{\"@type\":\"BreadcrumbList\",\"@id\":\"https:\/\/abspace.yves-rocher.com\/es\/es\/como-hidratar-el-pelo-en-profundidad\/#breadcrumb\",\"itemListElement\":[{\"@type\":\"ListItem\",\"position\":1,\"name\":\"Home\",\"item\":\"https:\/\/abspace.yves-rocher.com\/es\/es\/\"},{\"@type\":\"ListItem\",\"position\":2,\"name\":\"\u00bfC\u00f3mo hidratar el pelo en profundidad?\"}]},{\"@type\":\"WebSite\",\"@id\":\"https:\/\/abspace.yves-rocher.com\/es\/#website\",\"url\":\"https:\/\/abspace.yves-rocher.com\/es\/\",\"name\":\"Spain YR AB\",\"description\":\"Spain YR AB\",\"potentialAction\":[{\"@type\":\"SearchAction\",\"target\":{\"@type\":\"EntryPoint\",\"urlTemplate\":\"https:\/\/abspace.yves-rocher.com\/es\/?s={search_term_string}\"},\"query-input\":{\"@type\":\"PropertyValueSpecification\",\"valueRequired\":true,\"valueName\":\"search_term_string\"}}],\"inLanguage\":\"es-ES\"},{\"@type\":\"Person\",\"@id\":\"https:\/\/abspace.yves-rocher.com\/es\/#\/schema\/person\/59c07ddd5df5beff68afa550f43522c7\",\"name\":\"pilarnavareno\",\"image\":{\"@type\":\"ImageObject\",\"inLanguage\":\"es-ES\",\"@id\":\"https:\/\/abspace.yves-rocher.com\/es\/#\/schema\/person\/image\/\",\"url\":\"https:\/\/secure.gravatar.com\/avatar\/9da9ac53d163fc34aa2c4452a36073f1?s=96&d=mm&r=g\",\"contentUrl\":\"https:\/\/secure.gravatar.com\/avatar\/9da9ac53d163fc34aa2c4452a36073f1?s=96&d=mm&r=g\",\"caption\":\"pilarnavareno\"},\"url\":\"https:\/\/abspace.yves-rocher.com\/es\/es\/author\/pilarnavareno\/\"}]}<\/script>\n<!-- \/ Yoast SEO plugin. -->","yoast_head_json":{"title":"Consejos para hidratar el pelo seco en profundidad | Yves Rocher","description":"\u00bfPor qu\u00e9 nuestro pelo est\u00e1 seco y sin luminosidad? Te contamos las posibles causas y te damos diferentes tips sobre c\u00f3mo hidratarlo. \u00a1Entra e inf\u00f3rmate!","robots":{"index":"index","follow":"follow","max-snippet":"max-snippet:-1","max-image-preview":"max-image-preview:large","max-video-preview":"max-video-preview:-1"},"canonical":"https:\/\/abspace.yves-rocher.com\/es\/es\/como-hidratar-el-pelo-en-profundidad\/","og_locale":"es_ES","og_type":"article","og_title":"Consejos para hidratar el pelo seco en profundidad | Yves Rocher","og_description":"\u00bfPor qu\u00e9 nuestro pelo est\u00e1 seco y sin luminosidad? Te contamos las posibles causas y te damos diferentes tips sobre c\u00f3mo hidratarlo. \u00a1Entra e inf\u00f3rmate!","og_url":"https:\/\/abspace.yves-rocher.com\/es\/es\/como-hidratar-el-pelo-en-profundidad\/","og_site_name":"Spain YR AB","article_published_time":"2023-03-09T11:32:13+00:00","article_modified_time":"2023-03-29T09:41:15+00:00","og_image":[{"width":800,"height":1000,"url":"https:\/\/abspace.yves-rocher.com\/es\/wp-content\/uploads\/sites\/11\/2023\/03\/cabello-portada.jpg","type":"image\/jpeg"}],"author":"pilarnavareno","twitter_card":"summary_large_image","twitter_misc":{"Written by":"pilarnavareno","Est. reading time":"3 minutes"},"schema":{"@context":"https:\/\/schema.org","@graph":[{"@type":"WebPage","@id":"https:\/\/abspace.yves-rocher.com\/es\/es\/como-hidratar-el-pelo-en-profundidad\/","url":"https:\/\/abspace.yves-rocher.com\/es\/es\/como-hidratar-el-pelo-en-profundidad\/","name":"Consejos para hidratar el pelo seco en profundidad | Yves Rocher","isPartOf":{"@id":"https:\/\/abspace.yves-rocher.com\/es\/#website"},"primaryImageOfPage":{"@id":"https:\/\/abspace.yves-rocher.com\/es\/es\/como-hidratar-el-pelo-en-profundidad\/#primaryimage"},"image":{"@id":"https:\/\/abspace.yves-rocher.com\/es\/es\/como-hidratar-el-pelo-en-profundidad\/#primaryimage"},"thumbnailUrl":"https:\/\/abspace.yves-rocher.com\/es\/wp-content\/uploads\/sites\/11\/2023\/03\/cabello-portada.jpg","datePublished":"2023-03-09T11:32:13+00:00","dateModified":"2023-03-29T09:41:15+00:00","author":{"@id":"https:\/\/abspace.yves-rocher.com\/es\/#\/schema\/person\/59c07ddd5df5beff68afa550f43522c7"},"description":"\u00bfPor qu\u00e9 nuestro pelo est\u00e1 seco y sin luminosidad? Te contamos las posibles causas y te damos diferentes tips sobre c\u00f3mo hidratarlo. \u00a1Entra e inf\u00f3rmate!","breadcrumb":{"@id":"https:\/\/abspace.yves-rocher.com\/es\/es\/como-hidratar-el-pelo-en-profundidad\/#breadcrumb"},"inLanguage":"es-ES","potentialAction":[{"@type":"ReadAction","target":["https:\/\/abspace.yves-rocher.com\/es\/es\/como-hidratar-el-pelo-en-profundidad\/"]}]},{"@type":"ImageObject","inLanguage":"es-ES","@id":"https:\/\/abspace.yves-rocher.com\/es\/es\/como-hidratar-el-pelo-en-profundidad\/#primaryimage","url":"https:\/\/abspace.yves-rocher.com\/es\/wp-content\/uploads\/sites\/11\/2023\/03\/cabello-portada.jpg","contentUrl":"https:\/\/abspace.yves-rocher.com\/es\/wp-content\/uploads\/sites\/11\/2023\/03\/cabello-portada.jpg","width":800,"height":1000},{"@type":"BreadcrumbList","@id":"https:\/\/abspace.yves-rocher.com\/es\/es\/como-hidratar-el-pelo-en-profundidad\/#breadcrumb","itemListElement":[{"@type":"ListItem","position":1,"name":"Home","item":"https:\/\/abspace.yves-rocher.com\/es\/es\/"},{"@type":"ListItem","position":2,"name":"\u00bfC\u00f3mo hidratar el pelo en profundidad?"}]},{"@type":"WebSite","@id":"https:\/\/abspace.yves-rocher.com\/es\/#website","url":"https:\/\/abspace.yves-rocher.com\/es\/","name":"Spain YR AB","description":"Spain YR AB","potentialAction":[{"@type":"SearchAction","target":{"@type":"EntryPoint","urlTemplate":"https:\/\/abspace.yves-rocher.com\/es\/?s={search_term_string}"},"query-input":{"@type":"PropertyValueSpecification","valueRequired":true,"valueName":"search_term_string"}}],"inLanguage":"es-ES"},{"@type":"Person","@id":"https:\/\/abspace.yves-rocher.com\/es\/#\/schema\/person\/59c07ddd5df5beff68afa550f43522c7","name":"pilarnavareno","image":{"@type":"ImageObject","inLanguage":"es-ES","@id":"https:\/\/abspace.yves-rocher.com\/es\/#\/schema\/person\/image\/","url":"https:\/\/secure.gravatar.com\/avatar\/9da9ac53d163fc34aa2c4452a36073f1?s=96&d=mm&r=g","contentUrl":"https:\/\/secure.gravatar.com\/avatar\/9da9ac53d163fc34aa2c4452a36073f1?s=96&d=mm&r=g","caption":"pilarnavareno"},"url":"https:\/\/abspace.yves-rocher.com\/es\/es\/author\/pilarnavareno\/"}]}},"_links":{"self":[{"href":"https:\/\/abspace.yves-rocher.com\/es\/ws\/wp\/v2\/posts\/7949","targetHints":{"allow":["GET"]}}],"collection":[{"href":"https:\/\/abspace.yves-rocher.com\/es\/ws\/wp\/v2\/posts"}],"about":[{"href":"https:\/\/abspace.yves-rocher.com\/es\/ws\/wp\/v2\/types\/post"}],"author":[{"embeddable":true,"href":"https:\/\/abspace.yves-rocher.com\/es\/ws\/wp\/v2\/users\/974201"}],"replies":[{"embeddable":true,"href":"https:\/\/abspace.yves-rocher.com\/es\/ws\/wp\/v2\/comments?post=7949"}],"version-history":[{"count":10,"href":"https:\/\/abspace.yves-rocher.com\/es\/ws\/wp\/v2\/posts\/7949\/revisions"}],"predecessor-version":[{"id":8018,"href":"https:\/\/abspace.yves-rocher.com\/es\/ws\/wp\/v2\/posts\/7949\/revisions\/8018"}],"wp:featuredmedia":[{"embeddable":true,"href":"https:\/\/abspace.yves-rocher.com\/es\/ws\/wp\/v2\/media\/7964"}],"wp:attachment":[{"href":"https:\/\/abspace.yves-rocher.com\/es\/ws\/wp\/v2\/media?parent=7949"}],"wp:term":[{"taxonomy":"category","embeddable":true,"href":"https:\/\/abspace.yves-rocher.com\/es\/ws\/wp\/v2\/categories?post=7949"},{"taxonomy":"post_tag","embeddable":true,"href":"https:\/\/abspace.yves-rocher.com\/es\/ws\/wp\/v2\/tags?post=7949"}],"curies":[{"name":"wp","href":"https:\/\/api.w.org\/{rel}","templated":true}]}}