{"id":8019,"date":"2023-03-29T14:20:27","date_gmt":"2023-03-29T13:20:27","guid":{"rendered":"https:\/\/abspace.yves-rocher.com\/es\/?p=8019"},"modified":"2023-03-29T14:20:27","modified_gmt":"2023-03-29T13:20:27","slug":"nuestros-envases-ecologicos","status":"publish","type":"post","link":"https:\/\/abspace.yves-rocher.com\/es\/es\/nuestros-envases-ecologicos\/","title":{"rendered":"Nuestros envases ecol\u00f3gicos"},"content":{"rendered":"<div id=\"pl-8019\"  class=\"panel-layout\" ><div id=\"pg-8019-0\"  class=\"panel-grid panel-no-style\" ><div id=\"pgc-8019-0-0\"  class=\"panel-grid-cell\" >            <div class=\"textWidget header-description \">\r\n                <p>Buenas noticias: a finales de 2023, todos nuestros tubos tendr\u00e1n al menos un 40 % de pl\u00e1stico reciclado. Un paso m\u00e1s en el camino hacia el objetivo cero pl\u00e1stico para 2030.\n\n<\/p>\r\n            <\/div>\r\n    <\/div><\/div><div id=\"pg-8019-1\"  class=\"panel-grid panel-no-style\" ><div id=\"pgc-8019-1-0\"  class=\"panel-grid-cell\" ><div id=\"panel-8019-1-0-0\" class=\"so-panel widget widget_sow-editor panel-first-child panel-last-child\" data-index=\"1\" ><div class=\"panel-widget-style panel-widget-style-for-8019-1-0-0\" ><div\n\t\t\t\n\t\t\tclass=\"so-widget-sow-editor so-widget-sow-editor-base\"\n\t\t\t\n\t\t>\n<div class=\"siteorigin-widget-tinymce textwidget\">\n\t<h2>Envases de pl\u00e1stico reciclado y reciclable<\/h2>\n<div>\u00a0<\/div>\n<div>Durante m\u00e1s de 60 a\u00f1os, la <strong>naturalidad<\/strong> y el<strong> ecodise\u00f1o<\/strong> han sido las palabras clave en el desarrollo de nuestros envases.<\/div>\n<div>\n<div>\u00a0<\/div>\n<div class=\"ewa-rteLine\">Desde 2020, hemos innovado para asegurar que todos nuestros<strong> envases sean ecol\u00f3gicos.<\/strong> Nuestras botellas est\u00e1n hechas de pl\u00e1stico 100% reciclado. Esto representa m\u00e1s de <strong>2600 toneladas<\/strong> menos de pl\u00e1stico al a\u00f1o.\u00a0<\/div>\n<div>\u00a0<\/div>\n<div class=\"ewa-rteLine\">\u00bfQu\u00e9 pasa con los <strong>tubos<\/strong>? Este es nuestro reto para este a\u00f1o, que nos ha permitido<strong> incorporar un 40% de pl\u00e1stico reciclado de media<\/strong>.\u00a0 <\/div>\n<div>\u00a0<\/div>\n<div class=\"ewa-rteLine\">Y en el futuro, nuestro objetivo es ir a\u00fan m\u00e1s lejos para reducir m\u00e1s que nunca el impacto ambiental en todos <strong>nuestros envases eco.<\/strong><\/div>\n<div class=\"ewa-rteLine\">\u00a0<\/div>\n<div class=\"ewa-rteLine\">As\u00ed que mant\u00e9n los ojos abiertos a nuestros productos: ver\u00e1s el fruto de este desaf\u00edo en nuestros nuevos tubos m\u00e1s ecol\u00f3gicos.\u00a0<\/div>\n<div class=\"ewa-rteLine\">\u00a0<\/div>\n<div class=\"ewa-rteLine\">Aqu\u00ed es donde tu, nuestro cliente, te involucras con nosotros en esta aventura ecol\u00f3gica, <strong>reciclando los envases<\/strong> que utilizas de nuestros productos.\u00a0 <\/div>\n<div>\u00a0<\/div>\n<div class=\"ewa-rteLine\">\u00a0<\/div>\n<div class=\"ewa-rteLine\">\u00a0<\/div>\n<\/div>\n<\/div>\n<\/div><\/div><\/div><\/div><div id=\"pgc-8019-1-1\"  class=\"panel-grid-cell\" ><div id=\"panel-8019-1-1-0\" class=\"so-panel widget widget_sow-image panel-first-child panel-last-child\" data-index=\"2\" ><div\n\t\t\t\n\t\t\tclass=\"so-widget-sow-image so-widget-sow-image-default-4e6925654b7a-8019\"\n\t\t\t\n\t\t>\r\n\r\n\r\n<div class=\"sow-image-container\">\r\n    \r\n    <img loading=\"lazy\" decoding=\"async\" src=\"https:\/\/abspace.yves-rocher.com\/es\/wp-content\/uploads\/sites\/11\/2023\/03\/menthe-blog.jpg\" width=\"500\" height=\"500\" srcset=\"\"          class=\"so-widget-image\" \/>\r\n\r\n    \r\n    \r\n    <\/div>\r\n\r\n<\/div><\/div><\/div><\/div><div id=\"pg-8019-2\"  class=\"panel-grid panel-no-style\" ><div id=\"pgc-8019-2-0\"  class=\"panel-grid-cell\" ><div id=\"panel-8019-2-0-0\" class=\"so-panel widget widget_sow-image panel-first-child panel-last-child\" data-index=\"3\" ><div\n\t\t\t\n\t\t\tclass=\"so-widget-sow-image so-widget-sow-image-default-4e6925654b7a-8019\"\n\t\t\t\n\t\t>\r\n\r\n\r\n<div class=\"sow-image-container\">\r\n    \r\n    <img loading=\"lazy\" decoding=\"async\" src=\"https:\/\/abspace.yves-rocher.com\/es\/wp-content\/uploads\/sites\/11\/2023\/03\/pure-algue-blog-1.jpg\" width=\"500\" height=\"500\" srcset=\"\" title=\"pure-algue-blog\"          class=\"so-widget-image\" \/>\r\n\r\n    \r\n    \r\n    <\/div>\r\n\r\n<\/div><\/div><\/div><div id=\"pgc-8019-2-1\"  class=\"panel-grid-cell\" ><div id=\"panel-8019-2-1-0\" class=\"so-panel widget panel-first-child\" data-index=\"4\" ><div class=\"panel-widget-style panel-widget-style-for-8019-2-1-0\" ><\/div><\/div><div id=\"panel-8019-2-1-1\" class=\"so-panel widget widget_sow-editor panel-last-child\" data-index=\"5\" ><div\n\t\t\t\n\t\t\tclass=\"so-widget-sow-editor so-widget-sow-editor-base\"\n\t\t\t\n\t\t>\n<div class=\"siteorigin-widget-tinymce textwidget\">\n\t<h2>Novedades en las tiendas Yves Rocher<\/h2>\n<p>Nuestra l\u00ednea <a href=\"https:\/\/www.yves-rocher.es\/pure-algue\/c\/AL\"><strong>Pure algue<\/strong><\/a> est\u00e1 compuesta de los mejores ingredientes para cuidar tu piel, como el alga Tetraselmis, pero adem\u00e1s, los envases que componen esta l\u00ednea est\u00e1n fabricados con el 99% de ingredientes biodegradables. Los envases sostenibles de esta l\u00ednea no ayudan a avanzar en nuestro compromiso con el planeta.\u00a0\u00a0<\/p>\n<\/div>\n<\/div><\/div><\/div><\/div><\/div>","protected":false},"excerpt":{"rendered":"<p>Descubre nuestro compromiso con el planeta con los envases ecol\u00f3gicos<\/p>\n","protected":false},"author":974201,"featured_media":7522,"comment_status":"open","ping_status":"open","sticky":false,"template":"","format":"standard","meta":{"_acf_changed":false,"_exactmetrics_skip_tracking":false,"_exactmetrics_sitenote_active":false,"_exactmetrics_sitenote_note":"","_exactmetrics_sitenote_category":0,"footnotes":""},"categories":[1],"tags":[907],"class_list":["post-8019","post","type-post","status-publish","format-standard","has-post-thumbnail","hentry","category-uncategorized","tag-bellacomprometida"],"acf":[],"yoast_head":"<!-- This site is optimized with the Yoast SEO plugin v24.7 - https:\/\/yoast.com\/wordpress\/plugins\/seo\/ -->\n<title>Descubre nuestros nuevos envases ecol\u00f3gicos | Yves Rocher<\/title>\n<meta name=\"description\" content=\"Queremos contribuir en la preservaci\u00f3n de los recursos naturales. Descubre m\u00e1s sobre nuestra misi\u00f3n de ampliar el uso de envases ecol\u00f3gicos. \u00a1Inf\u00f3rmate!\" \/>\n<meta name=\"robots\" content=\"index, follow, max-snippet:-1, max-image-preview:large, max-video-preview:-1\" \/>\n<link rel=\"canonical\" href=\"https:\/\/abspace.yves-rocher.com\/es\/es\/nuestros-envases-ecologicos\/\" \/>\n<meta property=\"og:locale\" content=\"es_ES\" \/>\n<meta property=\"og:type\" content=\"article\" \/>\n<meta property=\"og:title\" content=\"Descubre nuestros nuevos envases ecol\u00f3gicos | Yves Rocher\" \/>\n<meta property=\"og:description\" content=\"Queremos contribuir en la preservaci\u00f3n de los recursos naturales. Descubre m\u00e1s sobre nuestra misi\u00f3n de ampliar el uso de envases ecol\u00f3gicos. \u00a1Inf\u00f3rmate!\" \/>\n<meta property=\"og:url\" content=\"https:\/\/abspace.yves-rocher.com\/es\/es\/nuestros-envases-ecologicos\/\" \/>\n<meta property=\"og:site_name\" content=\"Spain YR AB\" \/>\n<meta property=\"article:published_time\" content=\"2023-03-29T13:20:27+00:00\" \/>\n<meta property=\"og:image\" content=\"https:\/\/abspace.yves-rocher.com\/es\/wp-content\/uploads\/sites\/11\/2022\/10\/2301_S_Push5_HP_Tubes40\ufffd_Recycles_750x1036.jpg\" \/>\n\t<meta property=\"og:image:width\" content=\"750\" \/>\n\t<meta property=\"og:image:height\" content=\"1036\" \/>\n\t<meta property=\"og:image:type\" content=\"image\/jpeg\" \/>\n<meta name=\"author\" content=\"pilarnavareno\" \/>\n<meta name=\"twitter:card\" content=\"summary_large_image\" \/>\n<meta name=\"twitter:label1\" content=\"Written by\" \/>\n\t<meta name=\"twitter:data1\" content=\"pilarnavareno\" \/>\n\t<meta name=\"twitter:label2\" content=\"Est. reading time\" \/>\n\t<meta name=\"twitter:data2\" content=\"1 minute\" \/>\n<script type=\"application\/ld+json\" class=\"yoast-schema-graph\">{\"@context\":\"https:\/\/schema.org\",\"@graph\":[{\"@type\":\"WebPage\",\"@id\":\"https:\/\/abspace.yves-rocher.com\/es\/es\/nuestros-envases-ecologicos\/\",\"url\":\"https:\/\/abspace.yves-rocher.com\/es\/es\/nuestros-envases-ecologicos\/\",\"name\":\"Descubre nuestros nuevos envases ecol\u00f3gicos | Yves Rocher\",\"isPartOf\":{\"@id\":\"https:\/\/abspace.yves-rocher.com\/es\/#website\"},\"primaryImageOfPage\":{\"@id\":\"https:\/\/abspace.yves-rocher.com\/es\/es\/nuestros-envases-ecologicos\/#primaryimage\"},\"image\":{\"@id\":\"https:\/\/abspace.yves-rocher.com\/es\/es\/nuestros-envases-ecologicos\/#primaryimage\"},\"thumbnailUrl\":\"https:\/\/abspace.yves-rocher.com\/es\/wp-content\/uploads\/sites\/11\/2022\/10\/2301_S_Push5_HP_Tubes40\ufffd_Recycles_750x1036.jpg\",\"datePublished\":\"2023-03-29T13:20:27+00:00\",\"author\":{\"@id\":\"https:\/\/abspace.yves-rocher.com\/es\/#\/schema\/person\/59c07ddd5df5beff68afa550f43522c7\"},\"description\":\"Queremos contribuir en la preservaci\u00f3n de los recursos naturales. Descubre m\u00e1s sobre nuestra misi\u00f3n de ampliar el uso de envases ecol\u00f3gicos. \u00a1Inf\u00f3rmate!\",\"breadcrumb\":{\"@id\":\"https:\/\/abspace.yves-rocher.com\/es\/es\/nuestros-envases-ecologicos\/#breadcrumb\"},\"inLanguage\":\"es-ES\",\"potentialAction\":[{\"@type\":\"ReadAction\",\"target\":[\"https:\/\/abspace.yves-rocher.com\/es\/es\/nuestros-envases-ecologicos\/\"]}]},{\"@type\":\"ImageObject\",\"inLanguage\":\"es-ES\",\"@id\":\"https:\/\/abspace.yves-rocher.com\/es\/es\/nuestros-envases-ecologicos\/#primaryimage\",\"url\":\"https:\/\/abspace.yves-rocher.com\/es\/wp-content\/uploads\/sites\/11\/2022\/10\/2301_S_Push5_HP_Tubes40\ufffd_Recycles_750x1036.jpg\",\"contentUrl\":\"https:\/\/abspace.yves-rocher.com\/es\/wp-content\/uploads\/sites\/11\/2022\/10\/2301_S_Push5_HP_Tubes40\ufffd_Recycles_750x1036.jpg\",\"width\":750,\"height\":1036},{\"@type\":\"BreadcrumbList\",\"@id\":\"https:\/\/abspace.yves-rocher.com\/es\/es\/nuestros-envases-ecologicos\/#breadcrumb\",\"itemListElement\":[{\"@type\":\"ListItem\",\"position\":1,\"name\":\"Home\",\"item\":\"https:\/\/abspace.yves-rocher.com\/es\/es\/\"},{\"@type\":\"ListItem\",\"position\":2,\"name\":\"Nuestros envases ecol\u00f3gicos\"}]},{\"@type\":\"WebSite\",\"@id\":\"https:\/\/abspace.yves-rocher.com\/es\/#website\",\"url\":\"https:\/\/abspace.yves-rocher.com\/es\/\",\"name\":\"Spain YR AB\",\"description\":\"Spain YR AB\",\"potentialAction\":[{\"@type\":\"SearchAction\",\"target\":{\"@type\":\"EntryPoint\",\"urlTemplate\":\"https:\/\/abspace.yves-rocher.com\/es\/?s={search_term_string}\"},\"query-input\":{\"@type\":\"PropertyValueSpecification\",\"valueRequired\":true,\"valueName\":\"search_term_string\"}}],\"inLanguage\":\"es-ES\"},{\"@type\":\"Person\",\"@id\":\"https:\/\/abspace.yves-rocher.com\/es\/#\/schema\/person\/59c07ddd5df5beff68afa550f43522c7\",\"name\":\"pilarnavareno\",\"image\":{\"@type\":\"ImageObject\",\"inLanguage\":\"es-ES\",\"@id\":\"https:\/\/abspace.yves-rocher.com\/es\/#\/schema\/person\/image\/\",\"url\":\"https:\/\/secure.gravatar.com\/avatar\/9da9ac53d163fc34aa2c4452a36073f1?s=96&d=mm&r=g\",\"contentUrl\":\"https:\/\/secure.gravatar.com\/avatar\/9da9ac53d163fc34aa2c4452a36073f1?s=96&d=mm&r=g\",\"caption\":\"pilarnavareno\"},\"url\":\"https:\/\/abspace.yves-rocher.com\/es\/es\/author\/pilarnavareno\/\"}]}<\/script>\n<!-- \/ Yoast SEO plugin. -->","yoast_head_json":{"title":"Descubre nuestros nuevos envases ecol\u00f3gicos | Yves Rocher","description":"Queremos contribuir en la preservaci\u00f3n de los recursos naturales. Descubre m\u00e1s sobre nuestra misi\u00f3n de ampliar el uso de envases ecol\u00f3gicos. \u00a1Inf\u00f3rmate!","robots":{"index":"index","follow":"follow","max-snippet":"max-snippet:-1","max-image-preview":"max-image-preview:large","max-video-preview":"max-video-preview:-1"},"canonical":"https:\/\/abspace.yves-rocher.com\/es\/es\/nuestros-envases-ecologicos\/","og_locale":"es_ES","og_type":"article","og_title":"Descubre nuestros nuevos envases ecol\u00f3gicos | Yves Rocher","og_description":"Queremos contribuir en la preservaci\u00f3n de los recursos naturales. Descubre m\u00e1s sobre nuestra misi\u00f3n de ampliar el uso de envases ecol\u00f3gicos. \u00a1Inf\u00f3rmate!","og_url":"https:\/\/abspace.yves-rocher.com\/es\/es\/nuestros-envases-ecologicos\/","og_site_name":"Spain YR AB","article_published_time":"2023-03-29T13:20:27+00:00","og_image":[{"width":750,"height":1036,"url":"https:\/\/abspace.yves-rocher.com\/es\/wp-content\/uploads\/sites\/11\/2022\/10\/2301_S_Push5_HP_Tubes40\ufffd_Recycles_750x1036.jpg","type":"image\/jpeg"}],"author":"pilarnavareno","twitter_card":"summary_large_image","twitter_misc":{"Written by":"pilarnavareno","Est. reading time":"1 minute"},"schema":{"@context":"https:\/\/schema.org","@graph":[{"@type":"WebPage","@id":"https:\/\/abspace.yves-rocher.com\/es\/es\/nuestros-envases-ecologicos\/","url":"https:\/\/abspace.yves-rocher.com\/es\/es\/nuestros-envases-ecologicos\/","name":"Descubre nuestros nuevos envases ecol\u00f3gicos | Yves Rocher","isPartOf":{"@id":"https:\/\/abspace.yves-rocher.com\/es\/#website"},"primaryImageOfPage":{"@id":"https:\/\/abspace.yves-rocher.com\/es\/es\/nuestros-envases-ecologicos\/#primaryimage"},"image":{"@id":"https:\/\/abspace.yves-rocher.com\/es\/es\/nuestros-envases-ecologicos\/#primaryimage"},"thumbnailUrl":"https:\/\/abspace.yves-rocher.com\/es\/wp-content\/uploads\/sites\/11\/2022\/10\/2301_S_Push5_HP_Tubes40\ufffd_Recycles_750x1036.jpg","datePublished":"2023-03-29T13:20:27+00:00","author":{"@id":"https:\/\/abspace.yves-rocher.com\/es\/#\/schema\/person\/59c07ddd5df5beff68afa550f43522c7"},"description":"Queremos contribuir en la preservaci\u00f3n de los recursos naturales. Descubre m\u00e1s sobre nuestra misi\u00f3n de ampliar el uso de envases ecol\u00f3gicos. \u00a1Inf\u00f3rmate!","breadcrumb":{"@id":"https:\/\/abspace.yves-rocher.com\/es\/es\/nuestros-envases-ecologicos\/#breadcrumb"},"inLanguage":"es-ES","potentialAction":[{"@type":"ReadAction","target":["https:\/\/abspace.yves-rocher.com\/es\/es\/nuestros-envases-ecologicos\/"]}]},{"@type":"ImageObject","inLanguage":"es-ES","@id":"https:\/\/abspace.yves-rocher.com\/es\/es\/nuestros-envases-ecologicos\/#primaryimage","url":"https:\/\/abspace.yves-rocher.com\/es\/wp-content\/uploads\/sites\/11\/2022\/10\/2301_S_Push5_HP_Tubes40\ufffd_Recycles_750x1036.jpg","contentUrl":"https:\/\/abspace.yves-rocher.com\/es\/wp-content\/uploads\/sites\/11\/2022\/10\/2301_S_Push5_HP_Tubes40\ufffd_Recycles_750x1036.jpg","width":750,"height":1036},{"@type":"BreadcrumbList","@id":"https:\/\/abspace.yves-rocher.com\/es\/es\/nuestros-envases-ecologicos\/#breadcrumb","itemListElement":[{"@type":"ListItem","position":1,"name":"Home","item":"https:\/\/abspace.yves-rocher.com\/es\/es\/"},{"@type":"ListItem","position":2,"name":"Nuestros envases ecol\u00f3gicos"}]},{"@type":"WebSite","@id":"https:\/\/abspace.yves-rocher.com\/es\/#website","url":"https:\/\/abspace.yves-rocher.com\/es\/","name":"Spain YR AB","description":"Spain YR AB","potentialAction":[{"@type":"SearchAction","target":{"@type":"EntryPoint","urlTemplate":"https:\/\/abspace.yves-rocher.com\/es\/?s={search_term_string}"},"query-input":{"@type":"PropertyValueSpecification","valueRequired":true,"valueName":"search_term_string"}}],"inLanguage":"es-ES"},{"@type":"Person","@id":"https:\/\/abspace.yves-rocher.com\/es\/#\/schema\/person\/59c07ddd5df5beff68afa550f43522c7","name":"pilarnavareno","image":{"@type":"ImageObject","inLanguage":"es-ES","@id":"https:\/\/abspace.yves-rocher.com\/es\/#\/schema\/person\/image\/","url":"https:\/\/secure.gravatar.com\/avatar\/9da9ac53d163fc34aa2c4452a36073f1?s=96&d=mm&r=g","contentUrl":"https:\/\/secure.gravatar.com\/avatar\/9da9ac53d163fc34aa2c4452a36073f1?s=96&d=mm&r=g","caption":"pilarnavareno"},"url":"https:\/\/abspace.yves-rocher.com\/es\/es\/author\/pilarnavareno\/"}]}},"_links":{"self":[{"href":"https:\/\/abspace.yves-rocher.com\/es\/ws\/wp\/v2\/posts\/8019","targetHints":{"allow":["GET"]}}],"collection":[{"href":"https:\/\/abspace.yves-rocher.com\/es\/ws\/wp\/v2\/posts"}],"about":[{"href":"https:\/\/abspace.yves-rocher.com\/es\/ws\/wp\/v2\/types\/post"}],"author":[{"embeddable":true,"href":"https:\/\/abspace.yves-rocher.com\/es\/ws\/wp\/v2\/users\/974201"}],"replies":[{"embeddable":true,"href":"https:\/\/abspace.yves-rocher.com\/es\/ws\/wp\/v2\/comments?post=8019"}],"version-history":[{"count":9,"href":"https:\/\/abspace.yves-rocher.com\/es\/ws\/wp\/v2\/posts\/8019\/revisions"}],"predecessor-version":[{"id":8031,"href":"https:\/\/abspace.yves-rocher.com\/es\/ws\/wp\/v2\/posts\/8019\/revisions\/8031"}],"wp:featuredmedia":[{"embeddable":true,"href":"https:\/\/abspace.yves-rocher.com\/es\/ws\/wp\/v2\/media\/7522"}],"wp:attachment":[{"href":"https:\/\/abspace.yves-rocher.com\/es\/ws\/wp\/v2\/media?parent=8019"}],"wp:term":[{"taxonomy":"category","embeddable":true,"href":"https:\/\/abspace.yves-rocher.com\/es\/ws\/wp\/v2\/categories?post=8019"},{"taxonomy":"post_tag","embeddable":true,"href":"https:\/\/abspace.yves-rocher.com\/es\/ws\/wp\/v2\/tags?post=8019"}],"curies":[{"name":"wp","href":"https:\/\/api.w.org\/{rel}","templated":true}]}}