{"id":1719,"date":"2021-01-29T14:45:24","date_gmt":"2021-01-29T14:45:24","guid":{"rendered":"http:\/\/abspace.yves-rocher.com\/fi\/?p=1719"},"modified":"2022-10-25T13:29:24","modified_gmt":"2022-10-25T13:29:24","slug":"valmistamme-la-gacillyssa-kasvipohjaisia-vesia","status":"publish","type":"post","link":"https:\/\/abspace.yves-rocher.com\/fi\/fi\/valmistamme-la-gacillyssa-kasvipohjaisia-vesia\/","title":{"rendered":"Valmistamme La Gacillyssa kasvipohjaisia vesi\u00e4"},"content":{"rendered":"<div id=\"pl-1719\"  class=\"panel-layout\" ><div id=\"pg-1719-0\"  class=\"panel-grid panel-no-style\" ><div id=\"pgc-1719-0-0\"  class=\"panel-grid-cell\" >            <div class=\"textWidget header-description \">\r\n                <p>Lue, miten valmistamme kasvipohjaisia vesi\u00e4 eli hydrolaatteja*<\/p>\r\n            <\/div>\r\n    <\/div><\/div><div id=\"pg-1719-1\"  class=\"panel-grid panel-no-style\" ><div id=\"pgc-1719-1-0\"  class=\"panel-grid-cell\" ><div id=\"panel-1719-1-0-0\" class=\"so-panel widget widget_sow-editor panel-first-child panel-last-child\" data-index=\"1\" ><div\n\t\t\t\n\t\t\tclass=\"so-widget-sow-editor so-widget-sow-editor-base\"\n\t\t\t\n\t\t>\n<div class=\"siteorigin-widget-tinymce textwidget\">\n\t<p><strong>Yves Rocher on valmistanut kauneustuotteita yli 60 vuoden ajan kunnioittaen ymp\u00e4rist\u00f6\u00e4 ja kaikkia planeettamme asukkeja. <\/strong><\/p>\n<p>T\u00e4t\u00e4 periaatetta noudattaen olemme sijoittaneet ensimm\u00e4isen kasvipohjaisia vesi\u00e4 eli hydrolaatteja* valmistavan verstaamme mahdollisimman l\u00e4helle muita tuotantolaitoksiamme. Kasvipohjaisten vesiemme ainesosat ovat per\u00e4isin omilta luomuviljelmilt\u00e4mme La Gacillysta Bretagnesta, jossa Yves Rocher my\u00f6s aikoinaan aloitti toimintansa.<\/p>\n<p>Yves Rocher\u2019n verstaassa valmistettuja kasvipohjaisia vesi\u00e4 k\u00e4ytet\u00e4\u00e4n l\u00e4hell\u00e4 sijaitsevissa tehtaissa valmistettavien tuotteidemme ainesosina. Siten minimoimme raaka-aineiden kuljetuksiin liittyv\u00e4t hiilidioksidip\u00e4\u00e4st\u00f6t ja pienenn\u00e4mme ymp\u00e4rist\u00f6-, hiili- ja ekologista jalanj\u00e4lke\u00e4mme.<\/p>\n<\/div>\n<\/div><\/div><\/div><div id=\"pgc-1719-1-1\"  class=\"panel-grid-cell\" ><div id=\"panel-1719-1-1-0\" class=\"so-panel widget widget_sow-image panel-first-child panel-last-child\" data-index=\"2\" ><div\n\t\t\t\n\t\t\tclass=\"so-widget-sow-image so-widget-sow-image-default-8b5b6f678277-1719\"\n\t\t\t\n\t\t>\r\n\r\n\r\n<div class=\"sow-image-container\">\r\n    \r\n    <img loading=\"lazy\" decoding=\"async\" src=\"https:\/\/abspace.yves-rocher.com\/fi\/wp-content\/uploads\/sites\/15\/2021\/01\/2102_S_HP_Article-5_Atelier-des-eaux-botaniques_Visuel_1_1100x652.jpg\" width=\"1100\" height=\"652\" srcset=\"\"          class=\"so-widget-image\" \/>\r\n\r\n    \r\n    \r\n    <\/div>\r\n\r\n<\/div><\/div><\/div><\/div><div id=\"pg-1719-2\"  class=\"panel-grid panel-no-style\" ><div id=\"pgc-1719-2-0\"  class=\"panel-grid-cell\" ><div id=\"panel-1719-2-0-0\" class=\"so-panel widget widget_sow-image panel-first-child panel-last-child\" data-index=\"3\" ><div\n\t\t\t\n\t\t\tclass=\"so-widget-sow-image so-widget-sow-image-default-8b5b6f678277-1719\"\n\t\t\t\n\t\t>\r\n\r\n\r\n<div class=\"sow-image-container\">\r\n    \r\n    <img loading=\"lazy\" decoding=\"async\" src=\"https:\/\/abspace.yves-rocher.com\/fi\/wp-content\/uploads\/sites\/15\/2021\/01\/2102_S_HP_Article-5_Atelier-des-eaux-botaniques_Visuel_5_1100x652.jpg\" width=\"1100\" height=\"652\" srcset=\"\"          class=\"so-widget-image\" \/>\r\n\r\n    \r\n    \r\n    <\/div>\r\n\r\n<\/div><\/div><\/div><div id=\"pgc-1719-2-1\"  class=\"panel-grid-cell\" ><div id=\"panel-1719-2-1-0\" class=\"so-panel widget widget_sow-editor panel-first-child panel-last-child\" data-index=\"4\" ><div\n\t\t\t\n\t\t\tclass=\"so-widget-sow-editor so-widget-sow-editor-base\"\n\t\t\t\n\t\t>\n<div class=\"siteorigin-widget-tinymce textwidget\">\n\t<p><strong>Mit\u00e4 hydrolaatti, kasvipohjainen vesi ja kukkaisvesi tarkoittavat? <\/strong><\/p>\n<p>Kasvipohjainen vesi eli hydrolaatti valmistetaan kukkia ja muita kasvin osia tislaamalla. Kukkaisveden valmistukseen k\u00e4ytet\u00e4\u00e4n ainoastaan kukan kukintoja. Kasvipohjaisia vesi\u00e4 valmistaessamme tislaamme esimerkiksi piparmintun lehti\u00e4 sek\u00e4 ruiskaunokin ja kamomillan kukintoja, sill\u00e4 kasvien eri osilla on suotuisia ominaisuuksia.<\/p>\n<\/div>\n<\/div><\/div><\/div><\/div><div id=\"pg-1719-3\"  class=\"panel-grid panel-no-style\" ><div id=\"pgc-1719-3-0\"  class=\"panel-grid-cell\" ><div id=\"panel-1719-3-0-0\" class=\"so-panel widget widget_sow-editor panel-first-child panel-last-child\" data-index=\"5\" ><div\n\t\t\t\n\t\t\tclass=\"so-widget-sow-editor so-widget-sow-editor-base\"\n\t\t\t\n\t\t>\n<div class=\"siteorigin-widget-tinymce textwidget\">\n\t<p><strong> Kukkapelloilta luonnonmukaisiin ja kasvipohjaisiin vesiin<\/strong><\/p>\n<p>Verstaassamme on valmistettu ruiskaunokin, kamomillan ja piparmintun kukkaisvesi\u00e4 kev\u00e4\u00e4st\u00e4 2020 alkaen. Kukkaisvesi\u00e4 ja hydrolaatteja* k\u00e4ytet\u00e4\u00e4n monien Yves Rocher -tuotteiden vaikuttavina ainesosina: esimerkiksi <strong><a href=\"https:\/\/www.yves-rocher.fi\/sensitive-camomille\/c\/SC\">Sensitive Camomille -sarja<\/a><\/strong> ja <strong>Pur Bleuet -sarja <\/strong>sis\u00e4lt\u00e4v\u00e4t ruiskaunokkihydrolaattia ja <strong>puhdistava kasvonaamiomme piparminttuvett\u00e4<\/strong>.<\/p>\n<\/div>\n<\/div><\/div><\/div><div id=\"pgc-1719-3-1\"  class=\"panel-grid-cell\" ><div id=\"panel-1719-3-1-0\" class=\"so-panel widget widget_sow-image panel-first-child panel-last-child\" data-index=\"6\" ><div\n\t\t\t\n\t\t\tclass=\"so-widget-sow-image so-widget-sow-image-default-8b5b6f678277-1719\"\n\t\t\t\n\t\t>\r\n\r\n\r\n<div class=\"sow-image-container\">\r\n    \r\n    <img loading=\"lazy\" decoding=\"async\" src=\"https:\/\/abspace.yves-rocher.com\/fi\/wp-content\/uploads\/sites\/15\/2021\/01\/VISUEL-3_1100x652.jpg\" width=\"1100\" height=\"652\" srcset=\"\" title=\"VISUEL 3_1100x652\"          class=\"so-widget-image\" \/>\r\n\r\n    \r\n    \r\n    <\/div>\r\n\r\n<\/div><\/div><\/div><\/div><div id=\"pg-1719-4\"  class=\"panel-grid panel-no-style\" ><div id=\"pgc-1719-4-0\"  class=\"panel-grid-cell\" ><div id=\"panel-1719-4-0-0\" class=\"so-panel widget widget_sow-image panel-first-child panel-last-child\" data-index=\"7\" ><div\n\t\t\t\n\t\t\tclass=\"so-widget-sow-image so-widget-sow-image-default-8b5b6f678277-1719\"\n\t\t\t\n\t\t>\r\n\r\n\r\n<div class=\"sow-image-container\">\r\n    \r\n    <img loading=\"lazy\" decoding=\"async\" src=\"https:\/\/abspace.yves-rocher.com\/fi\/wp-content\/uploads\/sites\/15\/2021\/01\/VISUEL-4_1100x652.jpg\" width=\"1100\" height=\"652\" srcset=\"\" title=\"VISUEL 4_1100x652\"          class=\"so-widget-image\" \/>\r\n\r\n    \r\n    \r\n    <\/div>\r\n\r\n<\/div><\/div><\/div><div id=\"pgc-1719-4-1\"  class=\"panel-grid-cell\" ><div id=\"panel-1719-4-1-0\" class=\"so-panel widget widget_sow-editor panel-first-child panel-last-child\" data-index=\"8\" ><div\n\t\t\t\n\t\t\tclass=\"so-widget-sow-editor so-widget-sow-editor-base\"\n\t\t\t\n\t\t>\n<div class=\"siteorigin-widget-tinymce textwidget\">\n\t<p><strong>Kasvipohjaisen veden eli hydrolaatin* valmistus<\/strong><\/p>\n<p>Tuotamme kasvipohjaiset vedet agroekologian periaatteiden mukaisesti ja luonnon monimuotoisuutta vaalien. Hydrolaatti valmistetaan tislaamalla ensin kukkia ja kasvin osia kaksi tuntia ja suodattamalla ja past\u00f6roimalla niit\u00e4 sen j\u00e4lkeen 40 minuuttia.<\/p>\n<p><em>*Hydrolaatti valmistetaan tislaamalla kukkia tai muita kasvin osia.\u00a0<\/em><\/p>\n<\/div>\n<\/div><\/div><\/div><\/div><div id=\"pg-1719-5\"  class=\"panel-grid panel-no-style\" ><div id=\"pgc-1719-5-0\"  class=\"panel-grid-cell panel-grid-cell-empty panel-grid-cell-mobile-last\" ><\/div><div id=\"pgc-1719-5-1\"  class=\"panel-grid-cell panel-grid-cell-empty\" ><\/div><\/div><div id=\"pg-1719-6\"  class=\"panel-grid panel-no-style\" ><div id=\"pgc-1719-6-0\"  class=\"panel-grid-cell panel-grid-cell-empty\" ><\/div><\/div><\/div>","protected":false},"excerpt":{"rendered":"<p>Hydrolaattimme valmistetaan omissa tehtaissamme La Gacillyssa<\/p>\n","protected":false},"author":599583,"featured_media":1725,"comment_status":"open","ping_status":"open","sticky":false,"template":"","format":"standard","meta":{"_acf_changed":false,"footnotes":""},"categories":[1],"tags":[19],"class_list":["post-1719","post","type-post","status-publish","format-standard","has-post-thumbnail","hentry","category-uncategorized","tag-lagacilly"],"acf":[],"yoast_head":"<!-- This site is optimized with the Yoast SEO plugin v24.7 - https:\/\/yoast.com\/wordpress\/plugins\/seo\/ -->\n<title>Kukkaisvedet omilta pelloiltamme La Gacillysta | Yves Rocher<\/title>\n<meta name=\"description\" content=\"Lue, miten La Gacillyn luomuviljelmilt\u00e4mme per\u00e4isin olevista kasveista valmistetaan kasvivesi\u00e4 eli hydrolaatteja, joita k\u00e4yt\u00e4mme tuotteidemme ainesosina.\" \/>\n<meta name=\"robots\" content=\"index, follow, max-snippet:-1, max-image-preview:large, max-video-preview:-1\" \/>\n<link rel=\"canonical\" href=\"https:\/\/abspace.yves-rocher.com\/fi\/fi\/valmistamme-la-gacillyssa-kasvipohjaisia-vesia\/\" \/>\n<meta property=\"og:locale\" content=\"fi_FI\" \/>\n<meta property=\"og:type\" content=\"article\" \/>\n<meta property=\"og:title\" content=\"Kukkaisvedet omilta pelloiltamme La Gacillysta | Yves Rocher\" \/>\n<meta property=\"og:description\" content=\"Lue, miten La Gacillyn luomuviljelmilt\u00e4mme per\u00e4isin olevista kasveista valmistetaan kasvivesi\u00e4 eli hydrolaatteja, joita k\u00e4yt\u00e4mme tuotteidemme ainesosina.\" \/>\n<meta property=\"og:url\" content=\"https:\/\/abspace.yves-rocher.com\/fi\/fi\/valmistamme-la-gacillyssa-kasvipohjaisia-vesia\/\" \/>\n<meta property=\"og:site_name\" content=\"Finland YR AB\" \/>\n<meta property=\"article:published_time\" content=\"2021-01-29T14:45:24+00:00\" \/>\n<meta property=\"article:modified_time\" content=\"2022-10-25T13:29:24+00:00\" \/>\n<meta property=\"og:image\" content=\"https:\/\/abspace.yves-rocher.com\/fi\/wp-content\/uploads\/sites\/15\/2021\/01\/2102_S_HP_push_5_Atelier-des-eaux-botaniques_750x1036.jpg\" \/>\n\t<meta property=\"og:image:width\" content=\"750\" \/>\n\t<meta property=\"og:image:height\" content=\"1036\" \/>\n\t<meta property=\"og:image:type\" content=\"image\/jpeg\" \/>\n<meta name=\"author\" content=\"valerieramarozatovo\" \/>\n<meta name=\"twitter:card\" content=\"summary_large_image\" \/>\n<meta name=\"twitter:label1\" content=\"Written by\" \/>\n\t<meta name=\"twitter:data1\" content=\"valerieramarozatovo\" \/>\n\t<meta name=\"twitter:label2\" content=\"Est. reading time\" \/>\n\t<meta name=\"twitter:data2\" content=\"1 minute\" \/>\n<script type=\"application\/ld+json\" class=\"yoast-schema-graph\">{\"@context\":\"https:\/\/schema.org\",\"@graph\":[{\"@type\":\"WebPage\",\"@id\":\"https:\/\/abspace.yves-rocher.com\/fi\/fi\/valmistamme-la-gacillyssa-kasvipohjaisia-vesia\/\",\"url\":\"https:\/\/abspace.yves-rocher.com\/fi\/fi\/valmistamme-la-gacillyssa-kasvipohjaisia-vesia\/\",\"name\":\"Kukkaisvedet omilta pelloiltamme La Gacillysta | Yves Rocher\",\"isPartOf\":{\"@id\":\"https:\/\/abspace.yves-rocher.com\/fi\/#website\"},\"primaryImageOfPage\":{\"@id\":\"https:\/\/abspace.yves-rocher.com\/fi\/fi\/valmistamme-la-gacillyssa-kasvipohjaisia-vesia\/#primaryimage\"},\"image\":{\"@id\":\"https:\/\/abspace.yves-rocher.com\/fi\/fi\/valmistamme-la-gacillyssa-kasvipohjaisia-vesia\/#primaryimage\"},\"thumbnailUrl\":\"https:\/\/abspace.yves-rocher.com\/fi\/wp-content\/uploads\/sites\/15\/2021\/01\/2102_S_HP_push_5_Atelier-des-eaux-botaniques_750x1036.jpg\",\"datePublished\":\"2021-01-29T14:45:24+00:00\",\"dateModified\":\"2022-10-25T13:29:24+00:00\",\"author\":{\"@id\":\"https:\/\/abspace.yves-rocher.com\/fi\/#\/schema\/person\/4d3c10e04acd5e3623a86900ef5c83f9\"},\"description\":\"Lue, miten La Gacillyn luomuviljelmilt\u00e4mme per\u00e4isin olevista kasveista valmistetaan kasvivesi\u00e4 eli hydrolaatteja, joita k\u00e4yt\u00e4mme tuotteidemme ainesosina.\",\"breadcrumb\":{\"@id\":\"https:\/\/abspace.yves-rocher.com\/fi\/fi\/valmistamme-la-gacillyssa-kasvipohjaisia-vesia\/#breadcrumb\"},\"inLanguage\":\"fi\",\"potentialAction\":[{\"@type\":\"ReadAction\",\"target\":[\"https:\/\/abspace.yves-rocher.com\/fi\/fi\/valmistamme-la-gacillyssa-kasvipohjaisia-vesia\/\"]}]},{\"@type\":\"ImageObject\",\"inLanguage\":\"fi\",\"@id\":\"https:\/\/abspace.yves-rocher.com\/fi\/fi\/valmistamme-la-gacillyssa-kasvipohjaisia-vesia\/#primaryimage\",\"url\":\"https:\/\/abspace.yves-rocher.com\/fi\/wp-content\/uploads\/sites\/15\/2021\/01\/2102_S_HP_push_5_Atelier-des-eaux-botaniques_750x1036.jpg\",\"contentUrl\":\"https:\/\/abspace.yves-rocher.com\/fi\/wp-content\/uploads\/sites\/15\/2021\/01\/2102_S_HP_push_5_Atelier-des-eaux-botaniques_750x1036.jpg\",\"width\":750,\"height\":1036},{\"@type\":\"BreadcrumbList\",\"@id\":\"https:\/\/abspace.yves-rocher.com\/fi\/fi\/valmistamme-la-gacillyssa-kasvipohjaisia-vesia\/#breadcrumb\",\"itemListElement\":[{\"@type\":\"ListItem\",\"position\":1,\"name\":\"Home\",\"item\":\"https:\/\/abspace.yves-rocher.com\/fi\/fi\/\"},{\"@type\":\"ListItem\",\"position\":2,\"name\":\"Valmistamme La Gacillyssa kasvipohjaisia vesi\u00e4\"}]},{\"@type\":\"WebSite\",\"@id\":\"https:\/\/abspace.yves-rocher.com\/fi\/#website\",\"url\":\"https:\/\/abspace.yves-rocher.com\/fi\/\",\"name\":\"Finland YR AB\",\"description\":\"Just another Act Beautiful site\",\"potentialAction\":[{\"@type\":\"SearchAction\",\"target\":{\"@type\":\"EntryPoint\",\"urlTemplate\":\"https:\/\/abspace.yves-rocher.com\/fi\/?s={search_term_string}\"},\"query-input\":{\"@type\":\"PropertyValueSpecification\",\"valueRequired\":true,\"valueName\":\"search_term_string\"}}],\"inLanguage\":\"fi\"},{\"@type\":\"Person\",\"@id\":\"https:\/\/abspace.yves-rocher.com\/fi\/#\/schema\/person\/4d3c10e04acd5e3623a86900ef5c83f9\",\"name\":\"valerieramarozatovo\",\"image\":{\"@type\":\"ImageObject\",\"inLanguage\":\"fi\",\"@id\":\"https:\/\/abspace.yves-rocher.com\/fi\/#\/schema\/person\/image\/\",\"url\":\"https:\/\/secure.gravatar.com\/avatar\/8ac7f4e97684591d06b5efb6e80489ae?s=96&d=mm&r=g\",\"contentUrl\":\"https:\/\/secure.gravatar.com\/avatar\/8ac7f4e97684591d06b5efb6e80489ae?s=96&d=mm&r=g\",\"caption\":\"valerieramarozatovo\"},\"url\":\"https:\/\/abspace.yves-rocher.com\/fi\/fi\/author\/valerieramarozatovo\/\"}]}<\/script>\n<!-- \/ Yoast SEO plugin. -->","yoast_head_json":{"title":"Kukkaisvedet omilta pelloiltamme La Gacillysta | Yves Rocher","description":"Lue, miten La Gacillyn luomuviljelmilt\u00e4mme per\u00e4isin olevista kasveista valmistetaan kasvivesi\u00e4 eli hydrolaatteja, joita k\u00e4yt\u00e4mme tuotteidemme ainesosina.","robots":{"index":"index","follow":"follow","max-snippet":"max-snippet:-1","max-image-preview":"max-image-preview:large","max-video-preview":"max-video-preview:-1"},"canonical":"https:\/\/abspace.yves-rocher.com\/fi\/fi\/valmistamme-la-gacillyssa-kasvipohjaisia-vesia\/","og_locale":"fi_FI","og_type":"article","og_title":"Kukkaisvedet omilta pelloiltamme La Gacillysta | Yves Rocher","og_description":"Lue, miten La Gacillyn luomuviljelmilt\u00e4mme per\u00e4isin olevista kasveista valmistetaan kasvivesi\u00e4 eli hydrolaatteja, joita k\u00e4yt\u00e4mme tuotteidemme ainesosina.","og_url":"https:\/\/abspace.yves-rocher.com\/fi\/fi\/valmistamme-la-gacillyssa-kasvipohjaisia-vesia\/","og_site_name":"Finland YR AB","article_published_time":"2021-01-29T14:45:24+00:00","article_modified_time":"2022-10-25T13:29:24+00:00","og_image":[{"width":750,"height":1036,"url":"https:\/\/abspace.yves-rocher.com\/fi\/wp-content\/uploads\/sites\/15\/2021\/01\/2102_S_HP_push_5_Atelier-des-eaux-botaniques_750x1036.jpg","type":"image\/jpeg"}],"author":"valerieramarozatovo","twitter_card":"summary_large_image","twitter_misc":{"Written by":"valerieramarozatovo","Est. reading time":"1 minute"},"schema":{"@context":"https:\/\/schema.org","@graph":[{"@type":"WebPage","@id":"https:\/\/abspace.yves-rocher.com\/fi\/fi\/valmistamme-la-gacillyssa-kasvipohjaisia-vesia\/","url":"https:\/\/abspace.yves-rocher.com\/fi\/fi\/valmistamme-la-gacillyssa-kasvipohjaisia-vesia\/","name":"Kukkaisvedet omilta pelloiltamme La Gacillysta | Yves Rocher","isPartOf":{"@id":"https:\/\/abspace.yves-rocher.com\/fi\/#website"},"primaryImageOfPage":{"@id":"https:\/\/abspace.yves-rocher.com\/fi\/fi\/valmistamme-la-gacillyssa-kasvipohjaisia-vesia\/#primaryimage"},"image":{"@id":"https:\/\/abspace.yves-rocher.com\/fi\/fi\/valmistamme-la-gacillyssa-kasvipohjaisia-vesia\/#primaryimage"},"thumbnailUrl":"https:\/\/abspace.yves-rocher.com\/fi\/wp-content\/uploads\/sites\/15\/2021\/01\/2102_S_HP_push_5_Atelier-des-eaux-botaniques_750x1036.jpg","datePublished":"2021-01-29T14:45:24+00:00","dateModified":"2022-10-25T13:29:24+00:00","author":{"@id":"https:\/\/abspace.yves-rocher.com\/fi\/#\/schema\/person\/4d3c10e04acd5e3623a86900ef5c83f9"},"description":"Lue, miten La Gacillyn luomuviljelmilt\u00e4mme per\u00e4isin olevista kasveista valmistetaan kasvivesi\u00e4 eli hydrolaatteja, joita k\u00e4yt\u00e4mme tuotteidemme ainesosina.","breadcrumb":{"@id":"https:\/\/abspace.yves-rocher.com\/fi\/fi\/valmistamme-la-gacillyssa-kasvipohjaisia-vesia\/#breadcrumb"},"inLanguage":"fi","potentialAction":[{"@type":"ReadAction","target":["https:\/\/abspace.yves-rocher.com\/fi\/fi\/valmistamme-la-gacillyssa-kasvipohjaisia-vesia\/"]}]},{"@type":"ImageObject","inLanguage":"fi","@id":"https:\/\/abspace.yves-rocher.com\/fi\/fi\/valmistamme-la-gacillyssa-kasvipohjaisia-vesia\/#primaryimage","url":"https:\/\/abspace.yves-rocher.com\/fi\/wp-content\/uploads\/sites\/15\/2021\/01\/2102_S_HP_push_5_Atelier-des-eaux-botaniques_750x1036.jpg","contentUrl":"https:\/\/abspace.yves-rocher.com\/fi\/wp-content\/uploads\/sites\/15\/2021\/01\/2102_S_HP_push_5_Atelier-des-eaux-botaniques_750x1036.jpg","width":750,"height":1036},{"@type":"BreadcrumbList","@id":"https:\/\/abspace.yves-rocher.com\/fi\/fi\/valmistamme-la-gacillyssa-kasvipohjaisia-vesia\/#breadcrumb","itemListElement":[{"@type":"ListItem","position":1,"name":"Home","item":"https:\/\/abspace.yves-rocher.com\/fi\/fi\/"},{"@type":"ListItem","position":2,"name":"Valmistamme La Gacillyssa kasvipohjaisia vesi\u00e4"}]},{"@type":"WebSite","@id":"https:\/\/abspace.yves-rocher.com\/fi\/#website","url":"https:\/\/abspace.yves-rocher.com\/fi\/","name":"Finland YR AB","description":"Just another Act Beautiful site","potentialAction":[{"@type":"SearchAction","target":{"@type":"EntryPoint","urlTemplate":"https:\/\/abspace.yves-rocher.com\/fi\/?s={search_term_string}"},"query-input":{"@type":"PropertyValueSpecification","valueRequired":true,"valueName":"search_term_string"}}],"inLanguage":"fi"},{"@type":"Person","@id":"https:\/\/abspace.yves-rocher.com\/fi\/#\/schema\/person\/4d3c10e04acd5e3623a86900ef5c83f9","name":"valerieramarozatovo","image":{"@type":"ImageObject","inLanguage":"fi","@id":"https:\/\/abspace.yves-rocher.com\/fi\/#\/schema\/person\/image\/","url":"https:\/\/secure.gravatar.com\/avatar\/8ac7f4e97684591d06b5efb6e80489ae?s=96&d=mm&r=g","contentUrl":"https:\/\/secure.gravatar.com\/avatar\/8ac7f4e97684591d06b5efb6e80489ae?s=96&d=mm&r=g","caption":"valerieramarozatovo"},"url":"https:\/\/abspace.yves-rocher.com\/fi\/fi\/author\/valerieramarozatovo\/"}]}},"_links":{"self":[{"href":"https:\/\/abspace.yves-rocher.com\/fi\/ws\/wp\/v2\/posts\/1719","targetHints":{"allow":["GET"]}}],"collection":[{"href":"https:\/\/abspace.yves-rocher.com\/fi\/ws\/wp\/v2\/posts"}],"about":[{"href":"https:\/\/abspace.yves-rocher.com\/fi\/ws\/wp\/v2\/types\/post"}],"author":[{"embeddable":true,"href":"https:\/\/abspace.yves-rocher.com\/fi\/ws\/wp\/v2\/users\/599583"}],"replies":[{"embeddable":true,"href":"https:\/\/abspace.yves-rocher.com\/fi\/ws\/wp\/v2\/comments?post=1719"}],"version-history":[{"count":4,"href":"https:\/\/abspace.yves-rocher.com\/fi\/ws\/wp\/v2\/posts\/1719\/revisions"}],"predecessor-version":[{"id":1882,"href":"https:\/\/abspace.yves-rocher.com\/fi\/ws\/wp\/v2\/posts\/1719\/revisions\/1882"}],"wp:featuredmedia":[{"embeddable":true,"href":"https:\/\/abspace.yves-rocher.com\/fi\/ws\/wp\/v2\/media\/1725"}],"wp:attachment":[{"href":"https:\/\/abspace.yves-rocher.com\/fi\/ws\/wp\/v2\/media?parent=1719"}],"wp:term":[{"taxonomy":"category","embeddable":true,"href":"https:\/\/abspace.yves-rocher.com\/fi\/ws\/wp\/v2\/categories?post=1719"},{"taxonomy":"post_tag","embeddable":true,"href":"https:\/\/abspace.yves-rocher.com\/fi\/ws\/wp\/v2\/tags?post=1719"}],"curies":[{"name":"wp","href":"https:\/\/api.w.org\/{rel}","templated":true}]}}