{"id":2106,"date":"2022-03-30T07:19:49","date_gmt":"2022-03-30T07:19:49","guid":{"rendered":"http:\/\/abspace.yves-rocher.com\/fi\/?p=2106"},"modified":"2022-04-12T11:07:15","modified_gmt":"2022-04-12T11:07:15","slug":"hiukset-5-raataloitya-minikokoista-hiusnaamiota","status":"publish","type":"post","link":"https:\/\/abspace.yves-rocher.com\/fi\/fi\/hiukset-5-raataloitya-minikokoista-hiusnaamiota\/","title":{"rendered":"Hiukset: 5 r\u00e4\u00e4t\u00e4l\u00f6ity\u00e4 minikokoista hiusnaamiota!"},"content":{"rendered":"<div id=\"pl-2106\"  class=\"panel-layout\" ><div id=\"pg-2106-0\"  class=\"panel-grid panel-no-style\" ><div id=\"pgc-2106-0-0\"  class=\"panel-grid-cell\" >            <div class=\"textWidget header-description \">\r\n                <p>Tutustu viiteen r\u00e4\u00e4t\u00e4l\u00f6ityyn kasvipohjaiseen hiusnaamioon, joita voit yhdistell\u00e4 hiustesi tarpeiden mukaan. Kerromme lis\u00e4\u00e4!<\/p>\r\n            <\/div>\r\n    <\/div><\/div><div id=\"pg-2106-1\"  class=\"panel-grid panel-no-style\" ><div id=\"pgc-2106-1-0\"  class=\"panel-grid-cell\" ><div id=\"panel-2106-1-0-0\" class=\"so-panel widget widget_sow-editor panel-first-child panel-last-child\" data-index=\"1\" ><div\n\t\t\t\n\t\t\tclass=\"so-widget-sow-editor so-widget-sow-editor-base\"\n\t\t\t\n\t\t>\n<div class=\"siteorigin-widget-tinymce textwidget\">\n\t<h2>L\u00f6yd\u00e4 hiuksillesi sopivat tuotteet!<\/h2>\n<p>Eri hiustyypit tarvitsevat niiden tarpeisiin r\u00e4\u00e4t\u00e4l\u00f6ity\u00e4 hoitoa. Tutustu siis minikokoisten hiusnaamioiden valikoimaan, jonka sis\u00e4lt\u00e4m\u00e4t viisi tuotetta vastaavat eri tarpeisiin:<\/p>\n<p>\u2022 <a href=\"https:\/\/www.yves-rocher.fi\/hiukset\/hiustenhoito\/hiusnaamiot\/hiusnaamio-vaurioituneille-hiuksille-jojobaoljy-35-ml\/p\/17231\">Korjaava naamio<\/a> hiuslatvoille<br \/>\u2022 <a href=\"https:\/\/www.yves-rocher.fi\/hiukset\/hiustenhoito\/hiusnaamiot\/hiusnaamio-kuiville-hiuksille-sisaeltaeae-avokadooljyae-35-ml\/p\/18040\">Ravitseva naamio<\/a> hiuspituuksille<br \/>\u2022 <a href=\"https:\/\/www.yves-rocher.fi\/hiukset\/hiustenhoito\/hiusnaamiot\/hiusnaamio-vaerjaetyille-hiuksille-35-ml\/p\/18756\">Hoitava naamio<\/a> v\u00e4rj\u00e4tyille hiuksille<br \/>\u2022 <a href=\"https:\/\/www.yves-rocher.fi\/hiukset\/hiustenhoito\/hiusnaamiot\/hiusnaamio-rasvoittuville-hiuksille-sisaeltaeae-35-ml-nokkosta\/p\/19369\">Puhdistava naamio<\/a> hiuspohjalle<br \/>\u2022 <a href=\"https:\/\/www.yves-rocher.fi\/hiukset\/hiustenhoito\/hoitotuotteet\/kuorinta-hiuspohjalle-detox-ja-moringan-siemenet-35-ml\/p\/20082\">Kuorinta<\/a> hiuspohjalle<\/p>\n<p>Tuotteilla on erilaiset koostumukset: geeli, savinaamio, t\u00e4ytel\u00e4inen voide jne. Jokainen l\u00f6yt\u00e4\u00e4 niist\u00e4 oman suosikkinsa! Valitse itsellesi parhaiten sopiva yhdistelm\u00e4 ja nauti omiin tarpeisiisi r\u00e4\u00e4t\u00e4l\u00f6idyst\u00e4 hiustenhoidosta. Jos ep\u00e4r\u00f6it, mink\u00e4 tuotteen valitsisit, kysy meilt\u00e4 neuvoa!<\/p>\n<\/div>\n<\/div><\/div><\/div><div id=\"pgc-2106-1-1\"  class=\"panel-grid-cell\" ><div id=\"panel-2106-1-1-0\" class=\"so-panel widget widget_sow-image panel-first-child panel-last-child\" data-index=\"2\" ><div\n\t\t\t\n\t\t\tclass=\"so-widget-sow-image so-widget-sow-image-default-8b5b6f678277-2106\"\n\t\t\t\n\t\t>\r\n\r\n\r\n<div class=\"sow-image-container\">\r\n    \r\n    <img loading=\"lazy\" decoding=\"async\" src=\"https:\/\/abspace.yves-rocher.com\/fi\/wp-content\/uploads\/sites\/15\/2022\/02\/N\u00b01-PRODUCTS-AND-TEXTURES-1100x652-1.jpg\" width=\"1100\" height=\"652\" srcset=\"\" title=\"h\u00e5rinpackningar\"          class=\"so-widget-image\" \/>\r\n\r\n    \r\n    \r\n    <\/div>\r\n\r\n<\/div><\/div><\/div><\/div><div id=\"pg-2106-2\"  class=\"panel-grid panel-no-style\" ><div id=\"pgc-2106-2-0\"  class=\"panel-grid-cell\" ><div id=\"panel-2106-2-0-0\" class=\"so-panel widget widget_sow-image panel-first-child panel-last-child\" data-index=\"3\" ><div\n\t\t\t\n\t\t\tclass=\"so-widget-sow-image so-widget-sow-image-default-8b5b6f678277-2106\"\n\t\t\t\n\t\t>\r\n\r\n\r\n<div class=\"sow-image-container\">\r\n    \r\n    <img loading=\"lazy\" decoding=\"async\" src=\"https:\/\/abspace.yves-rocher.com\/fi\/wp-content\/uploads\/sites\/15\/2022\/02\/N\u00b02-MODEL-1100x652-1.jpg\" width=\"1100\" height=\"652\" srcset=\"\" title=\"N\u00b02 MODEL 1100&#215;652\"          class=\"so-widget-image\" \/>\r\n\r\n    \r\n    \r\n    <\/div>\r\n\r\n<\/div><\/div><\/div><div id=\"pgc-2106-2-1\"  class=\"panel-grid-cell\" ><div id=\"panel-2106-2-1-0\" class=\"so-panel widget widget_sow-editor panel-first-child panel-last-child\" data-index=\"4\" ><div\n\t\t\t\n\t\t\tclass=\"so-widget-sow-editor so-widget-sow-editor-base\"\n\t\t\t\n\t\t>\n<div class=\"siteorigin-widget-tinymce textwidget\">\n\t<h3>Miten hiusnaamioita k\u00e4ytet\u00e4\u00e4n?<\/h3>\n<p>Minikokoisia hiusnaamioita voidaan k\u00e4ytt\u00e4\u00e4 joko erikseen tai niit\u00e4 voidaan yhdistell\u00e4 r\u00e4\u00e4t\u00e4l\u00f6idyksi hoito-ohjelmaksi kotona. L\u00f6yd\u00e4t niiden joukosta sopivat tuotteet niin hiuspohjalle kuin hiuspituuksille.<\/p>\n<p><strong>Rasvoittuvat hiukset ja kuivat hiuspituudet?<\/strong> Levit\u00e4 hiuspohjaan puhdistavaa naamiota ja hiuspituuksiin ravitsevaa naamiota.<\/p>\n<p><strong>Rasittuneet hiukset ja huonokuntoiset latvat?<\/strong> Levit\u00e4 hiuspituuksiin ravitsevaa naamiota ja hiuslatvoihin korjaavaa naamiota.<\/p>\n<p>Naamioita yhdistelem\u00e4ll\u00e4 voit r\u00e4\u00e4t\u00e4l\u00f6id\u00e4 juuri haluamasi hoito-ohjelman!<\/p>\n<\/div>\n<\/div><\/div><\/div><\/div><div id=\"pg-2106-3\"  class=\"panel-grid panel-no-style\" ><div id=\"pgc-2106-3-0\"  class=\"panel-grid-cell\" ><div id=\"panel-2106-3-0-0\" class=\"so-panel widget widget_sow-editor panel-first-child panel-last-child\" data-index=\"5\" ><div\n\t\t\t\n\t\t\tclass=\"so-widget-sow-editor so-widget-sow-editor-base\"\n\t\t\t\n\t\t>\n<div class=\"siteorigin-widget-tinymce textwidget\">\n\t<h3>Sitoumuksemme sinun ja planeettamme hyv\u00e4ksi<\/h3>\n<p><a href=\"https:\/\/www.yves-rocher.fi\/hiukset\/hiustenhoito\/hoitotuotteet\/kuorinta-hiuspohjalle-detox-ja-moringan-siemenet-35-ml\/p\/20082\"><strong>Detoxifying Scrub - Scalp<\/strong><\/a> poistaa ep\u00e4puhtauksia moringan siementen puhdistavien ominaisuuksien ansiosta.<br \/><a href=\"https:\/\/www.yves-rocher.fi\/hiukset\/hiustenhoito\/hiusnaamiot\/hiusnaamio-rasvoittuville-hiuksille-sisaeltaeae-35-ml-nokkosta\/p\/19369\"><strong>Purifying Mask - Roots<\/strong><\/a> sis\u00e4lt\u00e4\u00e4 nokkosta, joka on tunnettu suotuisista vaikutuksistaan hilsett\u00e4 vastaan. Se imee hiuspohjasta talia ja jarruttaa hiusten rasvoittumista.<br \/><a href=\"https:\/\/www.yves-rocher.fi\/hiukset\/hiustenhoito\/hiusnaamiot\/hiusnaamio-vaurioituneille-hiuksille-jojobaoljy-35-ml\/p\/17231\"><strong>Repairing Mask - Ends<\/strong><\/a> sis\u00e4lt\u00e4\u00e4 luonnonmukaista jojoba\u00f6ljy\u00e4. Se korjaa vahingoittuneita hiuslatvoja ja ehk\u00e4isee hiusvaurioita. Hiusten rakenne vahvistuu ja niist\u00e4 tulee 20 kertaa vastustuskykyisemm\u00e4t*. Hiuslatvat silottuvat ja pehmentyv\u00e4t ja saavat kaunista kiiltoa. *Instrumentaalinen testi<br \/><a href=\"https:\/\/www.yves-rocher.fi\/hiukset\/hiustenhoito\/hiusnaamiot\/hiusnaamio-kuiville-hiuksille-sisaeltaeae-avokadooljyae-35-ml\/p\/18040\"><strong>Nourishing Mask - Lengths<\/strong><\/a> on t\u00e4ydellinen kuiville hiuksille. Avokado\u00f6ljy\u00e4 sis\u00e4lt\u00e4v\u00e4 naamio ravitsee hiuspituuksia ja suojaa niit\u00e4 kuivumiselta tekem\u00e4tt\u00e4 hiuksista rasvaisia tai raskaita.<br \/><a href=\"https:\/\/www.yves-rocher.fi\/hiukset\/hiustenhoito\/hiusnaamiot\/hiusnaamio-vaerjaetyille-hiuksille-35-ml\/p\/18756\"><strong>Protective Mask - Color<\/strong><\/a> sis\u00e4lt\u00e4\u00e4 acai-marjan hedelm\u00e4lihan uutetta. Se suojaa hiuksia v\u00e4rj\u00e4yksen aiheuttamilta vaurioilta ja elvytt\u00e4\u00e4 hiusten kiiltoa v\u00e4litt\u00f6m\u00e4sti. Hiuksen pinta silottuu, ja se saa ravitsevaa hoitoa ja ihanaa pehmeytt\u00e4.<\/p>\n<\/div>\n<\/div><\/div><\/div><div id=\"pgc-2106-3-1\"  class=\"panel-grid-cell\" ><div id=\"panel-2106-3-1-0\" class=\"so-panel widget widget_sow-image panel-first-child panel-last-child\" data-index=\"6\" ><div\n\t\t\t\n\t\t\tclass=\"so-widget-sow-image so-widget-sow-image-default-8b5b6f678277-2106\"\n\t\t\t\n\t\t>\r\n\r\n\r\n<div class=\"sow-image-container\">\r\n    \r\n    <img loading=\"lazy\" decoding=\"async\" src=\"https:\/\/abspace.yves-rocher.com\/fi\/wp-content\/uploads\/sites\/15\/2022\/02\/2204_facemasks_image2_1100x652.jpg\" width=\"1100\" height=\"652\" srcset=\"\" title=\"h\u00e5rmasker\"          class=\"so-widget-image\" \/>\r\n\r\n    \r\n    \r\n    <\/div>\r\n\r\n<\/div><\/div><\/div><\/div><div id=\"pg-2106-4\"  class=\"panel-grid panel-no-style\" ><div id=\"pgc-2106-4-0\"  class=\"panel-grid-cell panel-grid-cell-empty\" ><\/div><div id=\"pgc-2106-4-1\"  class=\"panel-grid-cell\" ><div id=\"panel-2106-4-1-0\" class=\"so-panel widget widget_sow-editor panel-first-child panel-last-child\" data-index=\"7\" ><div\n\t\t\t\n\t\t\tclass=\"so-widget-sow-editor so-widget-sow-editor-base\"\n\t\t\t\n\t\t>\n<div class=\"siteorigin-widget-tinymce textwidget\">\n\t<\/div>\n<\/div><\/div><\/div><\/div><div id=\"pg-2106-5\"  class=\"panel-grid panel-no-style\" ><div id=\"pgc-2106-5-0\"  class=\"panel-grid-cell\" ><div id=\"panel-2106-5-0-0\" class=\"so-panel widget panel-first-child panel-last-child\" data-index=\"8\" ><\/div><\/div><\/div><div id=\"pg-2106-6\"  class=\"panel-grid panel-no-style\" ><div id=\"pgc-2106-6-0\"  class=\"panel-grid-cell panel-grid-cell-empty\" ><\/div><div id=\"pgc-2106-6-1\"  class=\"panel-grid-cell panel-grid-cell-mobile-last\" ><div id=\"panel-2106-6-1-0\" class=\"so-panel widget widget_sow-image panel-first-child panel-last-child\" data-index=\"9\" ><div\n\t\t\t\n\t\t\tclass=\"so-widget-sow-image so-widget-sow-image-default-8b5b6f678277-2106\"\n\t\t\t\n\t\t>\r\n\r\n\r\n<div class=\"sow-image-container\">\r\n    \r\n    <img loading=\"lazy\" decoding=\"async\" src=\"https:\/\/abspace.yves-rocher.com\/fi\/wp-content\/uploads\/sites\/15\/2022\/02\/stampsnew.jpg\" width=\"1100\" height=\"652\" srcset=\"\" title=\"stamps\"          class=\"so-widget-image\" \/>\r\n\r\n    \r\n    \r\n    <\/div>\r\n\r\n<\/div><\/div><\/div><div id=\"pgc-2106-6-2\"  class=\"panel-grid-cell panel-grid-cell-empty\" ><\/div><\/div><\/div>","protected":false},"excerpt":{"rendered":"<p>Oletko kokeillut uusia hiusnaamioitamme?<\/p>\n","protected":false},"author":438309,"featured_media":2142,"comment_status":"open","ping_status":"open","sticky":false,"template":"","format":"standard","meta":{"_acf_changed":false,"footnotes":""},"categories":[1],"tags":[95,167],"class_list":["post-2106","post","type-post","status-publish","format-standard","has-post-thumbnail","hentry","category-uncategorized","tag-hiustenhoito","tag-uutuudet"],"acf":[],"yoast_head":"<!-- This site is optimized with the Yoast SEO plugin v24.7 - https:\/\/yoast.com\/wordpress\/plugins\/seo\/ -->\n<title>Tutustu viiteen kasvipohjaiseen hiusnaamioon ja l\u00f6yd\u00e4 oma yhdistelm\u00e4si<\/title>\n<meta name=\"description\" content=\"Korjaa, ravitse ja puhdista hiuksia ja s\u00e4ilyt\u00e4 niiden kaunis v\u00e4ri. N\u00e4in hoidat hiuksiasi juuresta latvaan n\u00e4pp\u00e4rill\u00e4 minikokoisilla hiusnaamioillamme.\" \/>\n<meta name=\"robots\" content=\"index, follow, max-snippet:-1, max-image-preview:large, max-video-preview:-1\" \/>\n<link rel=\"canonical\" href=\"https:\/\/abspace.yves-rocher.com\/fi\/fi\/hiukset-5-raataloitya-minikokoista-hiusnaamiota\/\" \/>\n<meta property=\"og:locale\" content=\"fi_FI\" \/>\n<meta property=\"og:type\" content=\"article\" \/>\n<meta property=\"og:title\" content=\"Tutustu viiteen kasvipohjaiseen hiusnaamioon ja l\u00f6yd\u00e4 oma yhdistelm\u00e4si\" \/>\n<meta property=\"og:description\" content=\"Korjaa, ravitse ja puhdista hiuksia ja s\u00e4ilyt\u00e4 niiden kaunis v\u00e4ri. N\u00e4in hoidat hiuksiasi juuresta latvaan n\u00e4pp\u00e4rill\u00e4 minikokoisilla hiusnaamioillamme.\" \/>\n<meta property=\"og:url\" content=\"https:\/\/abspace.yves-rocher.com\/fi\/fi\/hiukset-5-raataloitya-minikokoista-hiusnaamiota\/\" \/>\n<meta property=\"og:site_name\" content=\"Finland YR AB\" \/>\n<meta property=\"article:published_time\" content=\"2022-03-30T07:19:49+00:00\" \/>\n<meta property=\"article:modified_time\" content=\"2022-04-12T11:07:15+00:00\" \/>\n<meta property=\"og:image\" content=\"https:\/\/abspace.yves-rocher.com\/fi\/wp-content\/uploads\/sites\/15\/2022\/03\/PUSH-HP-N\u00b03-MINI-MASK-750x598-1.jpg\" \/>\n\t<meta property=\"og:image:width\" content=\"750\" \/>\n\t<meta property=\"og:image:height\" content=\"598\" \/>\n\t<meta property=\"og:image:type\" content=\"image\/jpeg\" \/>\n<meta name=\"author\" content=\"nathalierajic\" \/>\n<meta name=\"twitter:card\" content=\"summary_large_image\" \/>\n<meta name=\"twitter:label1\" content=\"Written by\" \/>\n\t<meta name=\"twitter:data1\" content=\"nathalierajic\" \/>\n<script type=\"application\/ld+json\" class=\"yoast-schema-graph\">{\"@context\":\"https:\/\/schema.org\",\"@graph\":[{\"@type\":\"WebPage\",\"@id\":\"https:\/\/abspace.yves-rocher.com\/fi\/fi\/hiukset-5-raataloitya-minikokoista-hiusnaamiota\/\",\"url\":\"https:\/\/abspace.yves-rocher.com\/fi\/fi\/hiukset-5-raataloitya-minikokoista-hiusnaamiota\/\",\"name\":\"Tutustu viiteen kasvipohjaiseen hiusnaamioon ja l\u00f6yd\u00e4 oma yhdistelm\u00e4si\",\"isPartOf\":{\"@id\":\"https:\/\/abspace.yves-rocher.com\/fi\/#website\"},\"primaryImageOfPage\":{\"@id\":\"https:\/\/abspace.yves-rocher.com\/fi\/fi\/hiukset-5-raataloitya-minikokoista-hiusnaamiota\/#primaryimage\"},\"image\":{\"@id\":\"https:\/\/abspace.yves-rocher.com\/fi\/fi\/hiukset-5-raataloitya-minikokoista-hiusnaamiota\/#primaryimage\"},\"thumbnailUrl\":\"https:\/\/abspace.yves-rocher.com\/fi\/wp-content\/uploads\/sites\/15\/2022\/03\/PUSH-HP-N\u00b03-MINI-MASK-750x598-1.jpg\",\"datePublished\":\"2022-03-30T07:19:49+00:00\",\"dateModified\":\"2022-04-12T11:07:15+00:00\",\"author\":{\"@id\":\"https:\/\/abspace.yves-rocher.com\/fi\/#\/schema\/person\/2c5dbfecdf5fda5ca2b8226448d0146e\"},\"description\":\"Korjaa, ravitse ja puhdista hiuksia ja s\u00e4ilyt\u00e4 niiden kaunis v\u00e4ri. N\u00e4in hoidat hiuksiasi juuresta latvaan n\u00e4pp\u00e4rill\u00e4 minikokoisilla hiusnaamioillamme.\",\"breadcrumb\":{\"@id\":\"https:\/\/abspace.yves-rocher.com\/fi\/fi\/hiukset-5-raataloitya-minikokoista-hiusnaamiota\/#breadcrumb\"},\"inLanguage\":\"fi\",\"potentialAction\":[{\"@type\":\"ReadAction\",\"target\":[\"https:\/\/abspace.yves-rocher.com\/fi\/fi\/hiukset-5-raataloitya-minikokoista-hiusnaamiota\/\"]}]},{\"@type\":\"ImageObject\",\"inLanguage\":\"fi\",\"@id\":\"https:\/\/abspace.yves-rocher.com\/fi\/fi\/hiukset-5-raataloitya-minikokoista-hiusnaamiota\/#primaryimage\",\"url\":\"https:\/\/abspace.yves-rocher.com\/fi\/wp-content\/uploads\/sites\/15\/2022\/03\/PUSH-HP-N\u00b03-MINI-MASK-750x598-1.jpg\",\"contentUrl\":\"https:\/\/abspace.yves-rocher.com\/fi\/wp-content\/uploads\/sites\/15\/2022\/03\/PUSH-HP-N\u00b03-MINI-MASK-750x598-1.jpg\",\"width\":750,\"height\":598},{\"@type\":\"BreadcrumbList\",\"@id\":\"https:\/\/abspace.yves-rocher.com\/fi\/fi\/hiukset-5-raataloitya-minikokoista-hiusnaamiota\/#breadcrumb\",\"itemListElement\":[{\"@type\":\"ListItem\",\"position\":1,\"name\":\"Home\",\"item\":\"https:\/\/abspace.yves-rocher.com\/fi\/fi\/\"},{\"@type\":\"ListItem\",\"position\":2,\"name\":\"Hiukset: 5 r\u00e4\u00e4t\u00e4l\u00f6ity\u00e4 minikokoista hiusnaamiota!\"}]},{\"@type\":\"WebSite\",\"@id\":\"https:\/\/abspace.yves-rocher.com\/fi\/#website\",\"url\":\"https:\/\/abspace.yves-rocher.com\/fi\/\",\"name\":\"Finland YR AB\",\"description\":\"Just another Act Beautiful site\",\"potentialAction\":[{\"@type\":\"SearchAction\",\"target\":{\"@type\":\"EntryPoint\",\"urlTemplate\":\"https:\/\/abspace.yves-rocher.com\/fi\/?s={search_term_string}\"},\"query-input\":{\"@type\":\"PropertyValueSpecification\",\"valueRequired\":true,\"valueName\":\"search_term_string\"}}],\"inLanguage\":\"fi\"},{\"@type\":\"Person\",\"@id\":\"https:\/\/abspace.yves-rocher.com\/fi\/#\/schema\/person\/2c5dbfecdf5fda5ca2b8226448d0146e\",\"name\":\"nathalierajic\",\"image\":{\"@type\":\"ImageObject\",\"inLanguage\":\"fi\",\"@id\":\"https:\/\/abspace.yves-rocher.com\/fi\/#\/schema\/person\/image\/\",\"url\":\"https:\/\/secure.gravatar.com\/avatar\/6ce5e59af06ab815f29e940178d8d043?s=96&d=mm&r=g\",\"contentUrl\":\"https:\/\/secure.gravatar.com\/avatar\/6ce5e59af06ab815f29e940178d8d043?s=96&d=mm&r=g\",\"caption\":\"nathalierajic\"},\"url\":\"https:\/\/abspace.yves-rocher.com\/fi\/fi\/author\/nathalierajic\/\"}]}<\/script>\n<!-- \/ Yoast SEO plugin. -->","yoast_head_json":{"title":"Tutustu viiteen kasvipohjaiseen hiusnaamioon ja l\u00f6yd\u00e4 oma yhdistelm\u00e4si","description":"Korjaa, ravitse ja puhdista hiuksia ja s\u00e4ilyt\u00e4 niiden kaunis v\u00e4ri. N\u00e4in hoidat hiuksiasi juuresta latvaan n\u00e4pp\u00e4rill\u00e4 minikokoisilla hiusnaamioillamme.","robots":{"index":"index","follow":"follow","max-snippet":"max-snippet:-1","max-image-preview":"max-image-preview:large","max-video-preview":"max-video-preview:-1"},"canonical":"https:\/\/abspace.yves-rocher.com\/fi\/fi\/hiukset-5-raataloitya-minikokoista-hiusnaamiota\/","og_locale":"fi_FI","og_type":"article","og_title":"Tutustu viiteen kasvipohjaiseen hiusnaamioon ja l\u00f6yd\u00e4 oma yhdistelm\u00e4si","og_description":"Korjaa, ravitse ja puhdista hiuksia ja s\u00e4ilyt\u00e4 niiden kaunis v\u00e4ri. N\u00e4in hoidat hiuksiasi juuresta latvaan n\u00e4pp\u00e4rill\u00e4 minikokoisilla hiusnaamioillamme.","og_url":"https:\/\/abspace.yves-rocher.com\/fi\/fi\/hiukset-5-raataloitya-minikokoista-hiusnaamiota\/","og_site_name":"Finland YR AB","article_published_time":"2022-03-30T07:19:49+00:00","article_modified_time":"2022-04-12T11:07:15+00:00","og_image":[{"width":750,"height":598,"url":"https:\/\/abspace.yves-rocher.com\/fi\/wp-content\/uploads\/sites\/15\/2022\/03\/PUSH-HP-N\u00b03-MINI-MASK-750x598-1.jpg","type":"image\/jpeg"}],"author":"nathalierajic","twitter_card":"summary_large_image","twitter_misc":{"Written by":"nathalierajic"},"schema":{"@context":"https:\/\/schema.org","@graph":[{"@type":"WebPage","@id":"https:\/\/abspace.yves-rocher.com\/fi\/fi\/hiukset-5-raataloitya-minikokoista-hiusnaamiota\/","url":"https:\/\/abspace.yves-rocher.com\/fi\/fi\/hiukset-5-raataloitya-minikokoista-hiusnaamiota\/","name":"Tutustu viiteen kasvipohjaiseen hiusnaamioon ja l\u00f6yd\u00e4 oma yhdistelm\u00e4si","isPartOf":{"@id":"https:\/\/abspace.yves-rocher.com\/fi\/#website"},"primaryImageOfPage":{"@id":"https:\/\/abspace.yves-rocher.com\/fi\/fi\/hiukset-5-raataloitya-minikokoista-hiusnaamiota\/#primaryimage"},"image":{"@id":"https:\/\/abspace.yves-rocher.com\/fi\/fi\/hiukset-5-raataloitya-minikokoista-hiusnaamiota\/#primaryimage"},"thumbnailUrl":"https:\/\/abspace.yves-rocher.com\/fi\/wp-content\/uploads\/sites\/15\/2022\/03\/PUSH-HP-N\u00b03-MINI-MASK-750x598-1.jpg","datePublished":"2022-03-30T07:19:49+00:00","dateModified":"2022-04-12T11:07:15+00:00","author":{"@id":"https:\/\/abspace.yves-rocher.com\/fi\/#\/schema\/person\/2c5dbfecdf5fda5ca2b8226448d0146e"},"description":"Korjaa, ravitse ja puhdista hiuksia ja s\u00e4ilyt\u00e4 niiden kaunis v\u00e4ri. N\u00e4in hoidat hiuksiasi juuresta latvaan n\u00e4pp\u00e4rill\u00e4 minikokoisilla hiusnaamioillamme.","breadcrumb":{"@id":"https:\/\/abspace.yves-rocher.com\/fi\/fi\/hiukset-5-raataloitya-minikokoista-hiusnaamiota\/#breadcrumb"},"inLanguage":"fi","potentialAction":[{"@type":"ReadAction","target":["https:\/\/abspace.yves-rocher.com\/fi\/fi\/hiukset-5-raataloitya-minikokoista-hiusnaamiota\/"]}]},{"@type":"ImageObject","inLanguage":"fi","@id":"https:\/\/abspace.yves-rocher.com\/fi\/fi\/hiukset-5-raataloitya-minikokoista-hiusnaamiota\/#primaryimage","url":"https:\/\/abspace.yves-rocher.com\/fi\/wp-content\/uploads\/sites\/15\/2022\/03\/PUSH-HP-N\u00b03-MINI-MASK-750x598-1.jpg","contentUrl":"https:\/\/abspace.yves-rocher.com\/fi\/wp-content\/uploads\/sites\/15\/2022\/03\/PUSH-HP-N\u00b03-MINI-MASK-750x598-1.jpg","width":750,"height":598},{"@type":"BreadcrumbList","@id":"https:\/\/abspace.yves-rocher.com\/fi\/fi\/hiukset-5-raataloitya-minikokoista-hiusnaamiota\/#breadcrumb","itemListElement":[{"@type":"ListItem","position":1,"name":"Home","item":"https:\/\/abspace.yves-rocher.com\/fi\/fi\/"},{"@type":"ListItem","position":2,"name":"Hiukset: 5 r\u00e4\u00e4t\u00e4l\u00f6ity\u00e4 minikokoista hiusnaamiota!"}]},{"@type":"WebSite","@id":"https:\/\/abspace.yves-rocher.com\/fi\/#website","url":"https:\/\/abspace.yves-rocher.com\/fi\/","name":"Finland YR AB","description":"Just another Act Beautiful site","potentialAction":[{"@type":"SearchAction","target":{"@type":"EntryPoint","urlTemplate":"https:\/\/abspace.yves-rocher.com\/fi\/?s={search_term_string}"},"query-input":{"@type":"PropertyValueSpecification","valueRequired":true,"valueName":"search_term_string"}}],"inLanguage":"fi"},{"@type":"Person","@id":"https:\/\/abspace.yves-rocher.com\/fi\/#\/schema\/person\/2c5dbfecdf5fda5ca2b8226448d0146e","name":"nathalierajic","image":{"@type":"ImageObject","inLanguage":"fi","@id":"https:\/\/abspace.yves-rocher.com\/fi\/#\/schema\/person\/image\/","url":"https:\/\/secure.gravatar.com\/avatar\/6ce5e59af06ab815f29e940178d8d043?s=96&d=mm&r=g","contentUrl":"https:\/\/secure.gravatar.com\/avatar\/6ce5e59af06ab815f29e940178d8d043?s=96&d=mm&r=g","caption":"nathalierajic"},"url":"https:\/\/abspace.yves-rocher.com\/fi\/fi\/author\/nathalierajic\/"}]}},"_links":{"self":[{"href":"https:\/\/abspace.yves-rocher.com\/fi\/ws\/wp\/v2\/posts\/2106","targetHints":{"allow":["GET"]}}],"collection":[{"href":"https:\/\/abspace.yves-rocher.com\/fi\/ws\/wp\/v2\/posts"}],"about":[{"href":"https:\/\/abspace.yves-rocher.com\/fi\/ws\/wp\/v2\/types\/post"}],"author":[{"embeddable":true,"href":"https:\/\/abspace.yves-rocher.com\/fi\/ws\/wp\/v2\/users\/438309"}],"replies":[{"embeddable":true,"href":"https:\/\/abspace.yves-rocher.com\/fi\/ws\/wp\/v2\/comments?post=2106"}],"version-history":[{"count":3,"href":"https:\/\/abspace.yves-rocher.com\/fi\/ws\/wp\/v2\/posts\/2106\/revisions"}],"predecessor-version":[{"id":2135,"href":"https:\/\/abspace.yves-rocher.com\/fi\/ws\/wp\/v2\/posts\/2106\/revisions\/2135"}],"wp:featuredmedia":[{"embeddable":true,"href":"https:\/\/abspace.yves-rocher.com\/fi\/ws\/wp\/v2\/media\/2142"}],"wp:attachment":[{"href":"https:\/\/abspace.yves-rocher.com\/fi\/ws\/wp\/v2\/media?parent=2106"}],"wp:term":[{"taxonomy":"category","embeddable":true,"href":"https:\/\/abspace.yves-rocher.com\/fi\/ws\/wp\/v2\/categories?post=2106"},{"taxonomy":"post_tag","embeddable":true,"href":"https:\/\/abspace.yves-rocher.com\/fi\/ws\/wp\/v2\/tags?post=2106"}],"curies":[{"name":"wp","href":"https:\/\/api.w.org\/{rel}","templated":true}]}}