{"id":2150,"date":"2022-03-24T14:28:22","date_gmt":"2022-03-24T14:28:22","guid":{"rendered":"https:\/\/abspace.yves-rocher.com\/fi\/?p=2150"},"modified":"2022-10-25T09:54:26","modified_gmt":"2022-10-25T09:54:26","slug":"kehakukka","status":"publish","type":"post","link":"https:\/\/abspace.yves-rocher.com\/fi\/fi\/kehakukka\/","title":{"rendered":"Keh\u00e4kukka"},"content":{"rendered":"<div id=\"pl-2150\"  class=\"panel-layout\" ><div id=\"pg-2150-0\"  class=\"panel-grid panel-no-style\" ><div id=\"pgc-2150-0-0\"  class=\"panel-grid-cell\" >            <div class=\"textWidget header-description \">\r\n                <p>Tutustu kauniiseen oranssinv\u00e4riseen kukkaan, joka tekee hyv\u00e4\u00e4 iholle.<\/p>\r\n            <\/div>\r\n    <\/div><\/div><div id=\"pg-2150-1\"  class=\"panel-grid panel-no-style\" ><div id=\"pgc-2150-1-0\"  class=\"panel-grid-cell\" ><div id=\"panel-2150-1-0-0\" class=\"so-panel widget widget_sow-editor panel-first-child panel-last-child\" data-index=\"1\" ><div\n\t\t\t\n\t\t\tclass=\"so-widget-sow-editor so-widget-sow-editor-base\"\n\t\t\t\n\t\t>\n<div class=\"siteorigin-widget-tinymce textwidget\">\n\t<h2 style=\"text-align: left\">TIETOA KASVISTA<\/h2>\n<p><strong>TIETEELLINEN NIMI:<\/strong><\/p>\n<p><em>Calendula officinalis <\/em><\/p>\n<p><strong>SUOMENKIELINEN NIMI:<\/strong><\/p>\n<p><em>Keh\u00e4kukka<\/em><\/p>\n<p><strong>HEIMO:<\/strong><\/p>\n<p><em>Asterikasvit<\/em><\/p>\n<p><strong>ALKUPER\u00c4:<\/strong><\/p>\n<p>V\u00e4limeren alue<\/p>\n<\/div>\n<\/div><\/div><\/div><div id=\"pgc-2150-1-1\"  class=\"panel-grid-cell\" ><div id=\"panel-2150-1-1-0\" class=\"so-panel widget widget_sow-image panel-first-child panel-last-child\" data-index=\"2\" ><div\n\t\t\t\n\t\t\tclass=\"so-widget-sow-image so-widget-sow-image-default-8b5b6f678277-2150\"\n\t\t\t\n\t\t>\r\n\r\n\r\n<div class=\"sow-image-container\">\r\n    \r\n    <img loading=\"lazy\" decoding=\"async\" src=\"https:\/\/abspace.yves-rocher.com\/fi\/wp-content\/uploads\/sites\/15\/2022\/04\/Marigold-EN-1-1100x652-1.jpg\" width=\"1100\" height=\"652\" srcset=\"\" title=\"Marigold-EN 1 &#8211; 1100&#215;652\"          class=\"so-widget-image\" \/>\r\n\r\n    \r\n    \r\n    <\/div>\r\n\r\n<\/div><\/div><\/div><\/div><div id=\"pg-2150-2\"  class=\"panel-grid panel-no-style\" ><div id=\"pgc-2150-2-0\"  class=\"panel-grid-cell\" ><div id=\"panel-2150-2-0-0\" class=\"so-panel widget widget_sow-image panel-first-child panel-last-child\" data-index=\"3\" ><div\n\t\t\t\n\t\t\tclass=\"so-widget-sow-image so-widget-sow-image-default-8b5b6f678277-2150\"\n\t\t\t\n\t\t>\r\n\r\n\r\n<div class=\"sow-image-container\">\r\n    \r\n    <img loading=\"lazy\" decoding=\"async\" src=\"https:\/\/abspace.yves-rocher.com\/fi\/wp-content\/uploads\/sites\/15\/2022\/04\/2206_S_Article-4_Calendula_VISUEL-1_1100x652.jpg\" width=\"1100\" height=\"652\" srcset=\"\" title=\"2206_S_Article 4_Calendula_VISUEL 1_1100x652\"          class=\"so-widget-image\" \/>\r\n\r\n    \r\n    \r\n    <\/div>\r\n\r\n<\/div><\/div><\/div><div id=\"pgc-2150-2-1\"  class=\"panel-grid-cell\" ><div id=\"panel-2150-2-1-0\" class=\"so-panel widget widget_sow-editor panel-first-child panel-last-child\" data-index=\"4\" ><div\n\t\t\t\n\t\t\tclass=\"so-widget-sow-editor so-widget-sow-editor-base\"\n\t\t\t\n\t\t>\n<div class=\"siteorigin-widget-tinymce textwidget\">\n\t<h2 style=\"text-align: left\">KASVIN \u00c4LYKKYYS \u2013 PEHMEYS<\/h2>\n<p>Ymp\u00e4rist\u00f6tekij\u00e4t voivat rasittaa ihoa ja hiuksia siten, ett\u00e4 ihon pehmeys ja hiusten kiilto v\u00e4henev\u00e4t. Keh\u00e4kukka on koriste- ja l\u00e4\u00e4kekasvi, jota on perinteisesti k\u00e4ytetty pehment\u00e4vien ominaisuuksien vuoksi. Se tunnetaan my\u00f6s rauhoittavista ja antioksidanttisista ominaisuuksistaan.<\/p>\n<p>Kasvipohjaisen kauneuden tutkijamme ovat kehitt\u00e4neet menetelm\u00e4n vaikuttavien ainesosien erottamiseksi keh\u00e4kukasta. He voivat siis valvoa kaikkia tuotekehityksen vaiheita kasvista iholle saakka. Keh\u00e4kukasta saatavia vaikuttavia ainesosia k\u00e4ytet\u00e4\u00e4n Yves Rocher -valikoiman hiustenhoito- ja ihonhoitotuotteissa.<\/p>\n<\/div>\n<\/div><\/div><\/div><\/div><div id=\"pg-2150-3\"  class=\"panel-grid panel-no-style\" ><div id=\"pgc-2150-3-0\"  class=\"panel-grid-cell\" ><div id=\"panel-2150-3-0-0\" class=\"so-panel widget widget_sow-editor panel-first-child panel-last-child\" data-index=\"5\" ><div\n\t\t\t\n\t\t\tclass=\"so-widget-sow-editor so-widget-sow-editor-base\"\n\t\t\t\n\t\t>\n<div class=\"siteorigin-widget-tinymce textwidget\">\n\t<h2 style=\"text-align: left\">KASVIN ALKUPER\u00c4<\/h2>\n<p>Keh\u00e4kukka on yksi ensimm\u00e4isist\u00e4 kasveista, joita Yves Rocher alkoi viljell\u00e4 kotikyl\u00e4ss\u00e4\u00e4n La Gacillyssa vuonna 1979. Sen viljelyprosessi on suunniteltu huolellisesti, jotta voidaan varmistaa vaikuttavien ainesosien korkea pitoisuus ja vaalia samalla luonnon monimuotoisuutta. Keh\u00e4kukka kylvet\u00e4\u00e4n huhtikuussa avomaalle. Se tarvitsee vain niukasti vett\u00e4 ja kukkii hein\u00e4-elokuussa, jolloin kukat korjataan talteen k\u00e4sin.<\/p>\n<p>Kukkien varret ja lehdet murskataan ja palautetaan suoraan takaisin maahan. Kest\u00e4v\u00e4\u00e4 kehityst\u00e4 ja agroekologisia periaatteita noudattava luomuviljelymallimme on mahdollistanut UEBT-sertifikaatin keh\u00e4kukallemme ja muille La Gacillyssa viljelemillemme kasveille. Keh\u00e4kukkien varsien ja lehtien murskaus ja sekoittaminen maaper\u00e4\u00e4n tuo siihen mineraaleja, joista on hy\u00f6ty\u00e4 kaikille maaper\u00e4n pienille asukeille.<\/p>\n<\/div>\n<\/div><\/div><\/div><div id=\"pgc-2150-3-1\"  class=\"panel-grid-cell\" ><div id=\"panel-2150-3-1-0\" class=\"so-panel widget widget_sow-image panel-first-child panel-last-child\" data-index=\"6\" ><div\n\t\t\t\n\t\t\tclass=\"so-widget-sow-image so-widget-sow-image-default-8b5b6f678277-2150\"\n\t\t\t\n\t\t>\r\n\r\n\r\n<div class=\"sow-image-container\">\r\n    \r\n    <img loading=\"lazy\" decoding=\"async\" src=\"https:\/\/abspace.yves-rocher.com\/fi\/wp-content\/uploads\/sites\/15\/2022\/04\/2206_S_Article-4_Calendula_VISUEL-2_1100x652.jpg\" width=\"1100\" height=\"652\" srcset=\"\" title=\"2206_S_Article 4_Calendula_VISUEL 2_1100x652\"          class=\"so-widget-image\" \/>\r\n\r\n    \r\n    \r\n    <\/div>\r\n\r\n<\/div><\/div><\/div><\/div><div id=\"pg-2150-4\"  class=\"panel-grid panel-no-style\" ><div id=\"pgc-2150-4-0\"  class=\"panel-grid-cell\" ><div id=\"panel-2150-4-0-0\" class=\"so-panel widget widget_sow-image panel-first-child panel-last-child\" data-index=\"7\" ><div\n\t\t\t\n\t\t\tclass=\"so-widget-sow-image so-widget-sow-image-default-8b5b6f678277-2150\"\n\t\t\t\n\t\t>\r\n\r\n\r\n<div class=\"sow-image-container\">\r\n    \r\n    <img loading=\"lazy\" decoding=\"async\" src=\"https:\/\/abspace.yves-rocher.com\/fi\/wp-content\/uploads\/sites\/15\/2022\/04\/2206_S_Article-4_Calendula_VISUEL-3_1100x652.jpg\" width=\"1100\" height=\"652\" srcset=\"\" title=\"2206_S_Article 4_Calendula_VISUEL 3_1100x652\"          class=\"so-widget-image\" \/>\r\n\r\n    \r\n    \r\n    <\/div>\r\n\r\n<\/div><\/div><\/div><div id=\"pgc-2150-4-1\"  class=\"panel-grid-cell\" ><div id=\"panel-2150-4-1-0\" class=\"so-panel widget widget_sow-editor panel-first-child panel-last-child\" data-index=\"8\" ><div\n\t\t\t\n\t\t\tclass=\"so-widget-sow-editor so-widget-sow-editor-base\"\n\t\t\t\n\t\t>\n<div class=\"siteorigin-widget-tinymce textwidget\">\n\t<h2 style=\"text-align: left\">KASVIUUTTEEMME<\/h2>\n<p>Keh\u00e4kukkaa sis\u00e4lt\u00e4v\u00e4t esimerkiksi seuraavat tuotteemme: <a href=\"https:\/\/www.yves-rocher.fi\/ihonhoito\/ihonhoitotuotteet\/ihonpuhdistus\/puhdistusmaito-silottava-ikaeaentyvaelle-iholle-200ml\/p\/78735\">The Smoothing Makeup Removing Milk<\/a>, <a href=\"https:\/\/www.yves-rocher.fi\/ihonhoito\/ihonhoitotuotteet\/ihonpuhdistus\/kasvovesi-silottava-ikaeaentyvaelle-iholle-200ml\/p\/77412\">The Smoothing Lotion<\/a>, Regenerating Balm Mask ja <a href=\"https:\/\/www.yves-rocher.fi\/hiukset\/toivottu-tulos\/kiiltoa-antava-hoito\/c\/52300\">kiiltoa antava sampoo ja hoitoaine<\/a>. Testit todistivat hiusten kiillon lis\u00e4\u00e4ntyv\u00e4n heti ensimm\u00e4isen sampoopesun j\u00e4lkeen.<\/p>\n<p>Keh\u00e4kukkaa sis\u00e4lt\u00e4\u00e4 my\u00f6s hyv\u00e4\u00e4tekev\u00e4 p\u00e4iv\u00e4- ja y\u00f6voide <a href=\"https:\/\/www.yves-rocher.fi\/ihonhoito\/ihonhoitotuotteet\/paeivaevoiteet-ja-bb-voiteet\/paeivae-ja-yovoide-kehaekukka-mieto-ja-hoitava-50-ml\/p\/12194\">Regenerating Day &amp; Night Cream<\/a>, joka auttaa palauttamaan ihon pehmeyden.<\/p>\n<\/div>\n<\/div><\/div><\/div><\/div><\/div>","protected":false},"excerpt":{"rendered":"<p>Tutustu kauniiseen oranssinv\u00e4riseen kukkaan, joka tekee hyv\u00e4\u00e4 iholle.<\/p>\n","protected":false},"author":974209,"featured_media":2152,"comment_status":"open","ping_status":"open","sticky":false,"template":"","format":"standard","meta":{"_acf_changed":false,"footnotes":""},"categories":[1],"tags":[141,161],"class_list":["post-2150","post","type-post","status-publish","format-standard","has-post-thumbnail","hentry","category-uncategorized","tag-kasvi","tag-kauneuttakasveista"],"acf":[],"yoast_head":"<!-- This site is optimized with the Yoast SEO plugin v24.7 - https:\/\/yoast.com\/wordpress\/plugins\/seo\/ -->\n<title>Pehment\u00e4v\u00e4 ja heleytt\u00e4v\u00e4 keh\u00e4kukka<\/title>\n<meta name=\"description\" content=\"Lue lis\u00e4\u00e4 antioksidanttisesta keh\u00e4kukasta, joka on tunnettu rauhoittavista ominaisuuksistaan, ja tutustu keh\u00e4kukkaa sis\u00e4lt\u00e4viin ihonhoito- ja hiustuotteisiin.\" \/>\n<meta name=\"robots\" content=\"index, follow, max-snippet:-1, max-image-preview:large, max-video-preview:-1\" \/>\n<link rel=\"canonical\" href=\"https:\/\/abspace.yves-rocher.com\/fi\/fi\/kehakukka\/\" \/>\n<meta property=\"og:locale\" content=\"fi_FI\" \/>\n<meta property=\"og:type\" content=\"article\" \/>\n<meta property=\"og:title\" content=\"Pehment\u00e4v\u00e4 ja heleytt\u00e4v\u00e4 keh\u00e4kukka\" \/>\n<meta property=\"og:description\" content=\"Lue lis\u00e4\u00e4 antioksidanttisesta keh\u00e4kukasta, joka on tunnettu rauhoittavista ominaisuuksistaan, ja tutustu keh\u00e4kukkaa sis\u00e4lt\u00e4viin ihonhoito- ja hiustuotteisiin.\" \/>\n<meta property=\"og:url\" content=\"https:\/\/abspace.yves-rocher.com\/fi\/fi\/kehakukka\/\" \/>\n<meta property=\"og:site_name\" content=\"Finland YR AB\" \/>\n<meta property=\"article:published_time\" content=\"2022-03-24T14:28:22+00:00\" \/>\n<meta property=\"article:modified_time\" content=\"2022-10-25T09:54:26+00:00\" \/>\n<meta property=\"og:image\" content=\"https:\/\/abspace.yves-rocher.com\/fi\/wp-content\/uploads\/sites\/15\/2022\/04\/2206_S_Push2_HP_Le_Calendula_750x598.jpg\" \/>\n\t<meta property=\"og:image:width\" content=\"750\" \/>\n\t<meta property=\"og:image:height\" content=\"598\" \/>\n\t<meta property=\"og:image:type\" content=\"image\/jpeg\" \/>\n<meta name=\"author\" content=\"liliandalin\" \/>\n<meta name=\"twitter:card\" content=\"summary_large_image\" \/>\n<meta name=\"twitter:label1\" content=\"Written by\" \/>\n\t<meta name=\"twitter:data1\" content=\"liliandalin\" \/>\n<script type=\"application\/ld+json\" class=\"yoast-schema-graph\">{\"@context\":\"https:\/\/schema.org\",\"@graph\":[{\"@type\":\"WebPage\",\"@id\":\"https:\/\/abspace.yves-rocher.com\/fi\/fi\/kehakukka\/\",\"url\":\"https:\/\/abspace.yves-rocher.com\/fi\/fi\/kehakukka\/\",\"name\":\"Pehment\u00e4v\u00e4 ja heleytt\u00e4v\u00e4 keh\u00e4kukka\",\"isPartOf\":{\"@id\":\"https:\/\/abspace.yves-rocher.com\/fi\/#website\"},\"primaryImageOfPage\":{\"@id\":\"https:\/\/abspace.yves-rocher.com\/fi\/fi\/kehakukka\/#primaryimage\"},\"image\":{\"@id\":\"https:\/\/abspace.yves-rocher.com\/fi\/fi\/kehakukka\/#primaryimage\"},\"thumbnailUrl\":\"https:\/\/abspace.yves-rocher.com\/fi\/wp-content\/uploads\/sites\/15\/2022\/04\/2206_S_Push2_HP_Le_Calendula_750x598.jpg\",\"datePublished\":\"2022-03-24T14:28:22+00:00\",\"dateModified\":\"2022-10-25T09:54:26+00:00\",\"author\":{\"@id\":\"https:\/\/abspace.yves-rocher.com\/fi\/#\/schema\/person\/403ab472e135ad0be111a121592d0623\"},\"description\":\"Lue lis\u00e4\u00e4 antioksidanttisesta keh\u00e4kukasta, joka on tunnettu rauhoittavista ominaisuuksistaan, ja tutustu keh\u00e4kukkaa sis\u00e4lt\u00e4viin ihonhoito- ja hiustuotteisiin.\",\"breadcrumb\":{\"@id\":\"https:\/\/abspace.yves-rocher.com\/fi\/fi\/kehakukka\/#breadcrumb\"},\"inLanguage\":\"fi\",\"potentialAction\":[{\"@type\":\"ReadAction\",\"target\":[\"https:\/\/abspace.yves-rocher.com\/fi\/fi\/kehakukka\/\"]}]},{\"@type\":\"ImageObject\",\"inLanguage\":\"fi\",\"@id\":\"https:\/\/abspace.yves-rocher.com\/fi\/fi\/kehakukka\/#primaryimage\",\"url\":\"https:\/\/abspace.yves-rocher.com\/fi\/wp-content\/uploads\/sites\/15\/2022\/04\/2206_S_Push2_HP_Le_Calendula_750x598.jpg\",\"contentUrl\":\"https:\/\/abspace.yves-rocher.com\/fi\/wp-content\/uploads\/sites\/15\/2022\/04\/2206_S_Push2_HP_Le_Calendula_750x598.jpg\",\"width\":750,\"height\":598,\"caption\":\"calendula sur fond orang\u00e9 par yves rocher\"},{\"@type\":\"BreadcrumbList\",\"@id\":\"https:\/\/abspace.yves-rocher.com\/fi\/fi\/kehakukka\/#breadcrumb\",\"itemListElement\":[{\"@type\":\"ListItem\",\"position\":1,\"name\":\"Home\",\"item\":\"https:\/\/abspace.yves-rocher.com\/fi\/fi\/\"},{\"@type\":\"ListItem\",\"position\":2,\"name\":\"Keh\u00e4kukka\"}]},{\"@type\":\"WebSite\",\"@id\":\"https:\/\/abspace.yves-rocher.com\/fi\/#website\",\"url\":\"https:\/\/abspace.yves-rocher.com\/fi\/\",\"name\":\"Finland YR AB\",\"description\":\"Just another Act Beautiful site\",\"potentialAction\":[{\"@type\":\"SearchAction\",\"target\":{\"@type\":\"EntryPoint\",\"urlTemplate\":\"https:\/\/abspace.yves-rocher.com\/fi\/?s={search_term_string}\"},\"query-input\":{\"@type\":\"PropertyValueSpecification\",\"valueRequired\":true,\"valueName\":\"search_term_string\"}}],\"inLanguage\":\"fi\"},{\"@type\":\"Person\",\"@id\":\"https:\/\/abspace.yves-rocher.com\/fi\/#\/schema\/person\/403ab472e135ad0be111a121592d0623\",\"name\":\"liliandalin\",\"image\":{\"@type\":\"ImageObject\",\"inLanguage\":\"fi\",\"@id\":\"https:\/\/abspace.yves-rocher.com\/fi\/#\/schema\/person\/image\/\",\"url\":\"https:\/\/secure.gravatar.com\/avatar\/265753b0a8382cc72ab418602fda44f6?s=96&d=mm&r=g\",\"contentUrl\":\"https:\/\/secure.gravatar.com\/avatar\/265753b0a8382cc72ab418602fda44f6?s=96&d=mm&r=g\",\"caption\":\"liliandalin\"},\"url\":\"https:\/\/abspace.yves-rocher.com\/fi\/fi\/author\/liliandalin\/\"}]}<\/script>\n<!-- \/ Yoast SEO plugin. -->","yoast_head_json":{"title":"Pehment\u00e4v\u00e4 ja heleytt\u00e4v\u00e4 keh\u00e4kukka","description":"Lue lis\u00e4\u00e4 antioksidanttisesta keh\u00e4kukasta, joka on tunnettu rauhoittavista ominaisuuksistaan, ja tutustu keh\u00e4kukkaa sis\u00e4lt\u00e4viin ihonhoito- ja hiustuotteisiin.","robots":{"index":"index","follow":"follow","max-snippet":"max-snippet:-1","max-image-preview":"max-image-preview:large","max-video-preview":"max-video-preview:-1"},"canonical":"https:\/\/abspace.yves-rocher.com\/fi\/fi\/kehakukka\/","og_locale":"fi_FI","og_type":"article","og_title":"Pehment\u00e4v\u00e4 ja heleytt\u00e4v\u00e4 keh\u00e4kukka","og_description":"Lue lis\u00e4\u00e4 antioksidanttisesta keh\u00e4kukasta, joka on tunnettu rauhoittavista ominaisuuksistaan, ja tutustu keh\u00e4kukkaa sis\u00e4lt\u00e4viin ihonhoito- ja hiustuotteisiin.","og_url":"https:\/\/abspace.yves-rocher.com\/fi\/fi\/kehakukka\/","og_site_name":"Finland YR AB","article_published_time":"2022-03-24T14:28:22+00:00","article_modified_time":"2022-10-25T09:54:26+00:00","og_image":[{"width":750,"height":598,"url":"https:\/\/abspace.yves-rocher.com\/fi\/wp-content\/uploads\/sites\/15\/2022\/04\/2206_S_Push2_HP_Le_Calendula_750x598.jpg","type":"image\/jpeg"}],"author":"liliandalin","twitter_card":"summary_large_image","twitter_misc":{"Written by":"liliandalin"},"schema":{"@context":"https:\/\/schema.org","@graph":[{"@type":"WebPage","@id":"https:\/\/abspace.yves-rocher.com\/fi\/fi\/kehakukka\/","url":"https:\/\/abspace.yves-rocher.com\/fi\/fi\/kehakukka\/","name":"Pehment\u00e4v\u00e4 ja heleytt\u00e4v\u00e4 keh\u00e4kukka","isPartOf":{"@id":"https:\/\/abspace.yves-rocher.com\/fi\/#website"},"primaryImageOfPage":{"@id":"https:\/\/abspace.yves-rocher.com\/fi\/fi\/kehakukka\/#primaryimage"},"image":{"@id":"https:\/\/abspace.yves-rocher.com\/fi\/fi\/kehakukka\/#primaryimage"},"thumbnailUrl":"https:\/\/abspace.yves-rocher.com\/fi\/wp-content\/uploads\/sites\/15\/2022\/04\/2206_S_Push2_HP_Le_Calendula_750x598.jpg","datePublished":"2022-03-24T14:28:22+00:00","dateModified":"2022-10-25T09:54:26+00:00","author":{"@id":"https:\/\/abspace.yves-rocher.com\/fi\/#\/schema\/person\/403ab472e135ad0be111a121592d0623"},"description":"Lue lis\u00e4\u00e4 antioksidanttisesta keh\u00e4kukasta, joka on tunnettu rauhoittavista ominaisuuksistaan, ja tutustu keh\u00e4kukkaa sis\u00e4lt\u00e4viin ihonhoito- ja hiustuotteisiin.","breadcrumb":{"@id":"https:\/\/abspace.yves-rocher.com\/fi\/fi\/kehakukka\/#breadcrumb"},"inLanguage":"fi","potentialAction":[{"@type":"ReadAction","target":["https:\/\/abspace.yves-rocher.com\/fi\/fi\/kehakukka\/"]}]},{"@type":"ImageObject","inLanguage":"fi","@id":"https:\/\/abspace.yves-rocher.com\/fi\/fi\/kehakukka\/#primaryimage","url":"https:\/\/abspace.yves-rocher.com\/fi\/wp-content\/uploads\/sites\/15\/2022\/04\/2206_S_Push2_HP_Le_Calendula_750x598.jpg","contentUrl":"https:\/\/abspace.yves-rocher.com\/fi\/wp-content\/uploads\/sites\/15\/2022\/04\/2206_S_Push2_HP_Le_Calendula_750x598.jpg","width":750,"height":598,"caption":"calendula sur fond orang\u00e9 par yves rocher"},{"@type":"BreadcrumbList","@id":"https:\/\/abspace.yves-rocher.com\/fi\/fi\/kehakukka\/#breadcrumb","itemListElement":[{"@type":"ListItem","position":1,"name":"Home","item":"https:\/\/abspace.yves-rocher.com\/fi\/fi\/"},{"@type":"ListItem","position":2,"name":"Keh\u00e4kukka"}]},{"@type":"WebSite","@id":"https:\/\/abspace.yves-rocher.com\/fi\/#website","url":"https:\/\/abspace.yves-rocher.com\/fi\/","name":"Finland YR AB","description":"Just another Act Beautiful site","potentialAction":[{"@type":"SearchAction","target":{"@type":"EntryPoint","urlTemplate":"https:\/\/abspace.yves-rocher.com\/fi\/?s={search_term_string}"},"query-input":{"@type":"PropertyValueSpecification","valueRequired":true,"valueName":"search_term_string"}}],"inLanguage":"fi"},{"@type":"Person","@id":"https:\/\/abspace.yves-rocher.com\/fi\/#\/schema\/person\/403ab472e135ad0be111a121592d0623","name":"liliandalin","image":{"@type":"ImageObject","inLanguage":"fi","@id":"https:\/\/abspace.yves-rocher.com\/fi\/#\/schema\/person\/image\/","url":"https:\/\/secure.gravatar.com\/avatar\/265753b0a8382cc72ab418602fda44f6?s=96&d=mm&r=g","contentUrl":"https:\/\/secure.gravatar.com\/avatar\/265753b0a8382cc72ab418602fda44f6?s=96&d=mm&r=g","caption":"liliandalin"},"url":"https:\/\/abspace.yves-rocher.com\/fi\/fi\/author\/liliandalin\/"}]}},"_links":{"self":[{"href":"https:\/\/abspace.yves-rocher.com\/fi\/ws\/wp\/v2\/posts\/2150","targetHints":{"allow":["GET"]}}],"collection":[{"href":"https:\/\/abspace.yves-rocher.com\/fi\/ws\/wp\/v2\/posts"}],"about":[{"href":"https:\/\/abspace.yves-rocher.com\/fi\/ws\/wp\/v2\/types\/post"}],"author":[{"embeddable":true,"href":"https:\/\/abspace.yves-rocher.com\/fi\/ws\/wp\/v2\/users\/974209"}],"replies":[{"embeddable":true,"href":"https:\/\/abspace.yves-rocher.com\/fi\/ws\/wp\/v2\/comments?post=2150"}],"version-history":[{"count":3,"href":"https:\/\/abspace.yves-rocher.com\/fi\/ws\/wp\/v2\/posts\/2150\/revisions"}],"predecessor-version":[{"id":2228,"href":"https:\/\/abspace.yves-rocher.com\/fi\/ws\/wp\/v2\/posts\/2150\/revisions\/2228"}],"wp:featuredmedia":[{"embeddable":true,"href":"https:\/\/abspace.yves-rocher.com\/fi\/ws\/wp\/v2\/media\/2152"}],"wp:attachment":[{"href":"https:\/\/abspace.yves-rocher.com\/fi\/ws\/wp\/v2\/media?parent=2150"}],"wp:term":[{"taxonomy":"category","embeddable":true,"href":"https:\/\/abspace.yves-rocher.com\/fi\/ws\/wp\/v2\/categories?post=2150"},{"taxonomy":"post_tag","embeddable":true,"href":"https:\/\/abspace.yves-rocher.com\/fi\/ws\/wp\/v2\/tags?post=2150"}],"curies":[{"name":"wp","href":"https:\/\/api.w.org\/{rel}","templated":true}]}}