{"id":2264,"date":"2022-11-02T10:14:58","date_gmt":"2022-11-02T10:14:58","guid":{"rendered":"https:\/\/abspace.yves-rocher.com\/fi\/?p=2264"},"modified":"2022-11-02T10:14:58","modified_gmt":"2022-11-02T10:14:58","slug":"puhdista-rauhoita-elvyta-ja-heleyta","status":"publish","type":"post","link":"https:\/\/abspace.yves-rocher.com\/fi\/fi\/puhdista-rauhoita-elvyta-ja-heleyta\/","title":{"rendered":"Puhdista, rauhoita, elvyt\u00e4 ja heleyt\u00e4"},"content":{"rendered":"<div id=\"pl-2264\"  class=\"panel-layout\" ><div id=\"pg-2264-0\"  class=\"panel-grid panel-no-style\" ><div id=\"pgc-2264-0-0\"  class=\"panel-grid-cell\" >            <div class=\"textWidget header-description \">\r\n                <p>K\u00e4ytit kasvipohjaisia naamioita sitten yhdess\u00e4 tai erikseen, saavutat niill\u00e4 toivomasi tulokset.<\/p>\r\n            <\/div>\r\n    <\/div><\/div><div id=\"pg-2264-1\"  class=\"panel-grid panel-no-style\" ><div id=\"pgc-2264-1-0\"  class=\"panel-grid-cell\" ><div id=\"panel-2264-1-0-0\" class=\"so-panel widget widget_sow-video panel-first-child panel-last-child\" data-index=\"1\" ><div\n\t\t\t\n\t\t\tclass=\"so-widget-sow-video so-widget-sow-video-default-f379b959fc93-2264\"\n\t\t\t\n\t\t>\n<div class=\"sow-video-wrapper\">\n\t\t\t<video\n\t\t\tid=\"sow-player-1\" class=\"sow-video-widget\" preload=\"auto\" style=\"width:100%;height:100%;\" autoplay playsinline muted=\"1\" controls \t\t>\n\t\t\t\t\t\t\t<source type=\"video\/mp4\" src=\"https:\/\/abspace.yves-rocher.com\/fi\/wp-content\/uploads\/sites\/15\/2022\/11\/3_BENEFIT-COLLECTION-POST__EN.mp4\"\/>\n\t\t\t\t\t<\/video>\n\t<\/div>\n<\/div><\/div><\/div><div id=\"pgc-2264-1-1\"  class=\"panel-grid-cell\" ><div id=\"panel-2264-1-1-0\" class=\"so-panel widget panel-first-child panel-last-child\" data-index=\"2\" ><\/div><\/div><\/div><div id=\"pg-2264-2\"  class=\"panel-grid panel-no-style\" ><div id=\"pgc-2264-2-0\"  class=\"panel-grid-cell\" ><div id=\"panel-2264-2-0-0\" class=\"so-panel widget widget_sow-editor panel-first-child panel-last-child\" data-index=\"3\" ><div\n\t\t\t\n\t\t\tclass=\"so-widget-sow-editor so-widget-sow-editor-base\"\n\t\t\t\n\t\t>\n<div class=\"siteorigin-widget-tinymce textwidget\">\n\t<h2 style=\"text-align: left\"><b>Aika rauhoittua \u2013 rauhoittava kasvonaamio <\/b><\/h2>\n<p><span style=\"font-weight: 400\">Tuntuuko ihosi ep\u00e4mukavalta, kire\u00e4lt\u00e4 tai reagoiko se helposti? Sitten ihosi tarvitsee rauhoittavaa hoitoa.<\/span><a href=\"https:\/\/www.yves-rocher.fi\/ihonhoito\/ihonpuhdistus\/kasvonaamiot-ja-kuorinnat\/kasvonaamio-rauhoittava-vaehentaeae-epaemukavuuden-tunnetta-luomukamomilla\/p\/26769\"> <span style=\"font-weight: 400\">Soothing Foam Mask<\/span><\/a><span style=\"font-weight: 400\"> -naamiossa on vaahtokoostumus, ja se sis\u00e4lt\u00e4\u00e4 luonnonmukaista kamomillaa. Naamio pehment\u00e4\u00e4 ihoa ja tekee siit\u00e4 kimmoisan ja miellytt\u00e4v\u00e4n. Kevyt koostumus imeytyy ihoon helposti ja antaa sille rauhoittavaa hoitoa.<\/span><\/p>\n<p><strong>- 67 % koki kirist\u00e4v\u00e4n tunteen lieventyneen iholla*<\/strong><\/p>\n<p><strong>*Kliininen testi, 17 vapaaehtoista naista heti levitt\u00e4misen j\u00e4lkeen (15 minuuttia levitt\u00e4misest\u00e4).<\/strong><\/p>\n<p><strong>K\u00e4ytt\u00f6ohjeet:<\/strong> <span style=\"font-weight: 400\">Levit\u00e4 ohut kerros naamiota kasvoille kaksi kertaa viikossa. V\u00e4lt\u00e4 silm\u00e4nymp\u00e4ryst\u00e4. Anna vaikuttaa kymmenen minuuttia. Poista ylij\u00e4\u00e4m\u00e4t vanulla.<\/span><\/p>\n<\/div>\n<\/div><\/div><\/div><div id=\"pgc-2264-2-1\"  class=\"panel-grid-cell\" ><div id=\"panel-2264-2-1-0\" class=\"so-panel widget widget_sow-image panel-first-child panel-last-child\" data-index=\"4\" ><div\n\t\t\t\n\t\t\tclass=\"so-widget-sow-image so-widget-sow-image-default-8b5b6f678277-2264\"\n\t\t\t\n\t\t>\r\n\r\n\r\n<div class=\"sow-image-container\">\r\n    \r\n    <img loading=\"lazy\" decoding=\"async\" src=\"https:\/\/abspace.yves-rocher.com\/fi\/wp-content\/uploads\/sites\/15\/2022\/10\/2209_S_Article-N\u00b03-Purifier-apaiser-reveiller-regenerer-_VISUEL-1_1100x652.jpg\" width=\"1100\" height=\"652\" srcset=\"\" title=\"2209_S_Article N\u00b03 &#8211; Purifier, apaiser, r\u00e9veiller, r\u00e9g\u00e9n\u00e9rer _VISUEL 1_1100x652\"          class=\"so-widget-image\" \/>\r\n\r\n    \r\n    \r\n    <\/div>\r\n\r\n<\/div><\/div><\/div><\/div><div id=\"pg-2264-3\"  class=\"panel-grid panel-no-style\" ><div id=\"pgc-2264-3-0\"  class=\"panel-grid-cell\" ><div id=\"panel-2264-3-0-0\" class=\"so-panel widget widget_sow-image panel-first-child panel-last-child\" data-index=\"5\" ><div\n\t\t\t\n\t\t\tclass=\"so-widget-sow-image so-widget-sow-image-default-8b5b6f678277-2264\"\n\t\t\t\n\t\t>\r\n\r\n\r\n<div class=\"sow-image-container\">\r\n    \r\n    <img loading=\"lazy\" decoding=\"async\" src=\"https:\/\/abspace.yves-rocher.com\/fi\/wp-content\/uploads\/sites\/15\/2022\/10\/2209_S_Article-N\u00b03-Purifier-apaiser-reveiller-regenerer-_VISUEL-2_1100x652.jpg\" width=\"1100\" height=\"652\" srcset=\"\" title=\"2209_S_Article N\u00b03 &#8211; Purifier, apaiser, r\u00e9veiller, r\u00e9g\u00e9n\u00e9rer _VISUEL 2_1100x652\"          class=\"so-widget-image\" \/>\r\n\r\n    \r\n    \r\n    <\/div>\r\n\r\n<\/div><\/div><\/div><div id=\"pgc-2264-3-1\"  class=\"panel-grid-cell\" ><div id=\"panel-2264-3-1-0\" class=\"so-panel widget widget_sow-editor panel-first-child panel-last-child\" data-index=\"6\" ><div\n\t\t\t\n\t\t\tclass=\"so-widget-sow-editor so-widget-sow-editor-base\"\n\t\t\t\n\t\t>\n<div class=\"siteorigin-widget-tinymce textwidget\">\n\t<h2 style=\"text-align: left\"><b>Rasvoittuvan ihon pelastus \u2013 puhdistava kasvonaamio<\/b><\/h2>\n<p><span style=\"font-weight: 400\">Tuntuuko ihosi rasvaiselta? Syntyyk\u00f6 ihoosi helposti mustap\u00e4it\u00e4? Sitten voit kokeilla raikasta<\/span><a href=\"https:\/\/www.yves-rocher.fi\/ihonhoito\/ihonpuhdistus\/kasvonaamiot-ja-kuorinnat\/kasvonaamio-puhdistava-virkistaevae-luomupiparminttu\/p\/28091\"> <span style=\"font-weight: 400\">Purifying Gel Mas<\/span><\/a><span style=\"font-weight: 400\">k<\/span><span style=\"font-weight: 400\"> -naamiotamme, joka sis\u00e4lt\u00e4\u00e4 luomupiparminttua. Todella raikas naamio poistaa iholta ep\u00e4puhtaudet ja tekee ihosta v\u00e4litt\u00f6m\u00e4sti puhtaamman sit\u00e4 kuivattamatta. <\/span><\/p>\n<p><strong>88 % naisista koki ihon tuntuvan v\u00e4hemm\u00e4n rasvaiselta ja \u00f6ljyiselt\u00e4* <\/strong><\/p>\n<p><span style=\"font-weight: 400\">*K\u00e4ytt\u00e4j\u00e4testi, 26 naista, nelj\u00e4n viikon k\u00e4yt\u00f6n j\u00e4lkeen<\/span>.<\/p>\n<p><strong>K\u00e4ytt\u00f6ohjeet<\/strong>: <span style=\"font-weight: 400\">Levit\u00e4 ohut kerros naamiota kasvoille tai vain T-alueelle kaksi kertaa viikossa. V\u00e4lt\u00e4 silm\u00e4nymp\u00e4ryst\u00e4. Anna vaikuttaa kymmenen minuuttia. Poista ylij\u00e4\u00e4m\u00e4t vanulla ja huuhtele kasvot tarpeen vaatiessa. <\/span><\/p>\n<\/div>\n<\/div><\/div><\/div><\/div><div id=\"pg-2264-4\"  class=\"panel-grid panel-no-style\" ><div id=\"pgc-2264-4-0\"  class=\"panel-grid-cell\" ><div id=\"panel-2264-4-0-0\" class=\"so-panel widget widget_sow-editor panel-first-child panel-last-child\" data-index=\"7\" ><div\n\t\t\t\n\t\t\tclass=\"so-widget-sow-editor so-widget-sow-editor-base\"\n\t\t\t\n\t\t>\n<div class=\"siteorigin-widget-tinymce textwidget\">\n\t<h2 style=\"text-align: left\"><b>Ratkaisu v\u00e4syneelle iholle: elvytt\u00e4v\u00e4 naamio<\/b><\/h2>\n<p><span style=\"font-weight: 400\">Kun tunnet olevasi stressaantunut tai v\u00e4synyt, ihosi saattaa tarvita erityist\u00e4 energialatausta. Ihastu elvytt\u00e4v\u00e4\u00e4n<\/span> <a href=\"https:\/\/www.yves-rocher.fi\/ihonhoito\/ihonpuhdistus\/kasvonaamiot-ja-kuorinnat\/kasvonaamio-elvyttaevae-ravitseva-luomukehaekukka\/p\/29369\"><span style=\"font-weight: 400\">Balm Mask <\/span><\/a><span style=\"font-weight: 400\">-naamioomme, joka sis\u00e4lt\u00e4\u00e4 luonnonmukaista keh\u00e4kukkaa. Naamio elvytt\u00e4\u00e4 ihoa ja tuo sille ravitsevaa hoitoa. T\u00e4ytel\u00e4inen ja runsas koostumus tekee ihosta pehme\u00e4n, kimmoisan ja miellytt\u00e4v\u00e4n.\u00a0<\/span><\/p>\n<p><strong>92 % naisista totesi, ett\u00e4 iho n\u00e4ytt\u00e4\u00e4 virkistyneen*<\/strong><\/p>\n<p><strong>88 % naisista koki ihon elpyneen ja saaneen ravitsevaa hoitoa*<\/strong><\/p>\n<p><span style=\"font-weight: 400\">*K\u00e4ytt\u00e4j\u00e4testi, 25 naista, nelj\u00e4n viikon k\u00e4yt\u00f6n j\u00e4lkeen<\/span><\/p>\n<p><strong>K\u00e4ytt\u00f6ohjeet<\/strong>: <span style=\"font-weight: 400\">Levit\u00e4 ohut kerros naamiota kasvoille kaksi kertaa viikossa. V\u00e4lt\u00e4 silm\u00e4nymp\u00e4ryst\u00e4. Anna vaikuttaa kymmenen minuuttia. Poista ylij\u00e4\u00e4m\u00e4t vanulla.<\/span><\/p>\n<\/div>\n<\/div><\/div><\/div><div id=\"pgc-2264-4-1\"  class=\"panel-grid-cell\" ><div id=\"panel-2264-4-1-0\" class=\"so-panel widget widget_sow-image panel-first-child panel-last-child\" data-index=\"8\" ><div\n\t\t\t\n\t\t\tclass=\"so-widget-sow-image so-widget-sow-image-default-8b5b6f678277-2264\"\n\t\t\t\n\t\t>\r\n\r\n\r\n<div class=\"sow-image-container\">\r\n    \r\n    <img loading=\"lazy\" decoding=\"async\" src=\"https:\/\/abspace.yves-rocher.com\/fi\/wp-content\/uploads\/sites\/15\/2022\/10\/2209_S_Article-N\u00b03-Purifier-apaiser-reveiller-regenerer-_VISUEL-3_1100x652.jpg\" width=\"1100\" height=\"652\" srcset=\"\" title=\"2209_S_Article N\u00b03 &#8211; Purifier, apaiser, r\u00e9veiller, r\u00e9g\u00e9n\u00e9rer _VISUEL 3_1100x652\"          class=\"so-widget-image\" \/>\r\n\r\n    \r\n    \r\n    <\/div>\r\n\r\n<\/div><\/div><\/div><\/div><div id=\"pg-2264-5\"  class=\"panel-grid panel-no-style\" ><div id=\"pgc-2264-5-0\"  class=\"panel-grid-cell\" ><div id=\"panel-2264-5-0-0\" class=\"so-panel widget widget_sow-image panel-first-child panel-last-child\" data-index=\"9\" ><div\n\t\t\t\n\t\t\tclass=\"so-widget-sow-image so-widget-sow-image-default-8b5b6f678277-2264\"\n\t\t\t\n\t\t>\r\n\r\n\r\n<div class=\"sow-image-container\">\r\n    \r\n    <img loading=\"lazy\" decoding=\"async\" src=\"https:\/\/abspace.yves-rocher.com\/fi\/wp-content\/uploads\/sites\/15\/2022\/10\/2209_S_Article-N\u00b03-Purifier-apaiser-reveiller-regenerer-_VISUEL-4_1100x652.jpg\" width=\"1100\" height=\"652\" srcset=\"\" title=\"2209_S_Article N\u00b03 &#8211; Purifier, apaiser, r\u00e9veiller, r\u00e9g\u00e9n\u00e9rer _VISUEL 4_1100x652\"          class=\"so-widget-image\" \/>\r\n\r\n    \r\n    \r\n    <\/div>\r\n\r\n<\/div><\/div><\/div><div id=\"pgc-2264-5-1\"  class=\"panel-grid-cell\" ><div id=\"panel-2264-5-1-0\" class=\"so-panel widget widget_sow-editor panel-first-child panel-last-child\" data-index=\"10\" ><div\n\t\t\t\n\t\t\tclass=\"so-widget-sow-editor so-widget-sow-editor-base\"\n\t\t\t\n\t\t>\n<div class=\"siteorigin-widget-tinymce textwidget\">\n\t<h2 style=\"text-align: left\"><b>Tasaisempi iho: heleytt\u00e4v\u00e4 kasvokuorinta<\/b><\/h2><p><span style=\"font-weight: 400\">Luonnonmukaista roomalaista kamomillaa sis\u00e4lt\u00e4v\u00e4ss\u00e4 heleytt\u00e4v\u00e4ss\u00e4<\/span><a href=\"https:\/\/www.yves-rocher.se\/ansiktsvard\/produkttyp\/ansiktsmask\/ansiktspeeling-lystergivande-exfolierande-kamomill-30-ml\/p\/93633\"><span style=\"font-weight: 400\">\u00a0<\/span><span style=\"font-weight: 400\">Glow Granita Scrub <\/span><\/a><span style=\"font-weight: 400\">-kuorinta-aineessa on voidemainen koostumus ja mieto tuoksu. Se kuorii ihon hell\u00e4varaisesti poistaen ep\u00e4puhtaudet ja kuolleen solukon. Tuloksena ihon kimmoisuus alkaa palautua luonnollisesti.<\/span><\/p><p><strong>88 % naisista koki ihon saaneen heleytt\u00e4 ja tuntuvan sile\u00e4mm\u00e4lt\u00e4.*<\/strong><\/p><p><span style=\"font-weight: 400\">*K\u00e4ytt\u00e4j\u00e4testi, 25 naista, nelj\u00e4n viikon k\u00e4yt\u00f6n j\u00e4lkeen.<\/span><\/p><p><strong>K\u00e4ytt\u00f6ohjeet:<\/strong> <span style=\"font-weight: 400\">Paras hetki kuorinta-aineen k\u00e4ytt\u00f6\u00f6n on heti liikunnan j\u00e4lkeen. Huokoset ovat silloin laajentuneet, ja tulokset ovat paremmat. Levit\u00e4 voidemaista kuorinta-ainetta kosteille kasvoille kaksi kertaa viikossa ja hiero pehme\u00e4sti. Huuhtele ja kuivaa kasvot. Ei saa k\u00e4ytt\u00e4\u00e4 \u00e4rtyneell\u00e4 eik\u00e4 vahingoittuneella iholla. V\u00e4lt\u00e4 silm\u00e4nymp\u00e4ryst\u00e4.<\/span><\/p><\/div>\n<\/div><\/div><\/div><\/div><div id=\"pg-2264-6\"  class=\"panel-grid panel-no-style\" ><div id=\"pgc-2264-6-0\"  class=\"panel-grid-cell\" ><div id=\"panel-2264-6-0-0\" class=\"so-panel widget widget_sow-editor panel-first-child panel-last-child\" data-index=\"11\" ><div\n\t\t\t\n\t\t\tclass=\"so-widget-sow-editor so-widget-sow-editor-base\"\n\t\t\t\n\t\t>\n<div class=\"siteorigin-widget-tinymce textwidget\">\n\t<h2>\u00a0<\/h2>\n<h2 style=\"text-align: left\"><b>Tarvitsetko kaikkia tuotteita?<\/b><\/h2>\n<p><span style=\"font-weight: 400\">Kuten varmasti tied\u00e4t, iholla on erilaisia tarpeita ja eri ihoalueet tarvitsevat erilaista hoitoa. Oli ihosi sitten rasvoittuva ta kuiva tai elvytt\u00e4v\u00e4n hoidon tarpeessa, meilt\u00e4 l\u00f6yd\u00e4t tuotteet joka tarpeeseen.<\/span><\/p>\n<p><span style=\"font-weight: 400\">N\u00e4iden tuotteiden etu on yhdistelt\u00e4vyys. Voit esimerkiksi k\u00e4ytt\u00e4\u00e4 puhdistavaa naamiota T-alueella, rauhoittavaa naamiota poskilla ja elvytt\u00e4v\u00e4\u00e4 naamiota kaulalla.<\/span><\/p>\n<p><span style=\"font-weight: 400\">Iho saa kymmeness\u00e4 minuutissa kaiken tarvitsemansa.<\/span><\/p>\n<\/div>\n<\/div><\/div><\/div><div id=\"pgc-2264-6-1\"  class=\"panel-grid-cell\" ><div id=\"panel-2264-6-1-0\" class=\"so-panel widget widget_sow-image panel-first-child panel-last-child\" data-index=\"12\" ><div\n\t\t\t\n\t\t\tclass=\"so-widget-sow-image so-widget-sow-image-default-8b5b6f678277-2264\"\n\t\t\t\n\t\t>\r\n\r\n\r\n<div class=\"sow-image-container\">\r\n    \r\n    <img loading=\"lazy\" decoding=\"async\" src=\"https:\/\/abspace.yves-rocher.com\/fi\/wp-content\/uploads\/sites\/15\/2022\/10\/1100.652.png\" width=\"1100\" height=\"652\" srcset=\"\"          class=\"so-widget-image\" \/>\r\n\r\n    \r\n    \r\n    <\/div>\r\n\r\n<\/div><\/div><\/div><\/div><\/div>","protected":false},"excerpt":{"rendered":"<p>Puhdista, rauhoita, elvyt\u00e4 ja heleyt\u00e4<\/p>\n","protected":false},"author":974211,"featured_media":2265,"comment_status":"open","ping_status":"open","sticky":false,"template":"","format":"standard","meta":{"_acf_changed":false,"footnotes":""},"categories":[1],"tags":[97,115],"class_list":["post-2264","post","type-post","status-publish","format-standard","has-post-thumbnail","hentry","category-uncategorized","tag-ihonhoito","tag-kauneusvinkit"],"acf":[],"yoast_head":"<!-- This site is optimized with the Yoast SEO plugin v24.7 - https:\/\/yoast.com\/wordpress\/plugins\/seo\/ -->\n<title>Kasvonaamiot kaikkiin tarpeisiin | Yves Rocher<\/title>\n<meta name=\"description\" content=\"Kasvipohjaiset kasvonaamiot kaikki tarpeisiin ja tilaisuuksiin. Lue, mitk\u00e4 tuotteet sopivat sinun ihollesi.\" \/>\n<meta name=\"robots\" content=\"index, follow, max-snippet:-1, max-image-preview:large, max-video-preview:-1\" \/>\n<link rel=\"canonical\" href=\"https:\/\/abspace.yves-rocher.com\/fi\/fi\/puhdista-rauhoita-elvyta-ja-heleyta\/\" \/>\n<meta property=\"og:locale\" content=\"fi_FI\" \/>\n<meta property=\"og:type\" content=\"article\" \/>\n<meta property=\"og:title\" content=\"Kasvonaamiot kaikkiin tarpeisiin | Yves Rocher\" \/>\n<meta property=\"og:description\" content=\"Kasvipohjaiset kasvonaamiot kaikki tarpeisiin ja tilaisuuksiin. Lue, mitk\u00e4 tuotteet sopivat sinun ihollesi.\" \/>\n<meta property=\"og:url\" content=\"https:\/\/abspace.yves-rocher.com\/fi\/fi\/puhdista-rauhoita-elvyta-ja-heleyta\/\" \/>\n<meta property=\"og:site_name\" content=\"Finland YR AB\" \/>\n<meta property=\"article:published_time\" content=\"2022-11-02T10:14:58+00:00\" \/>\n<meta property=\"og:image\" content=\"https:\/\/abspace.yves-rocher.com\/fi\/wp-content\/uploads\/sites\/15\/2022\/10\/750.598.png\" \/>\n\t<meta property=\"og:image:width\" content=\"750\" \/>\n\t<meta property=\"og:image:height\" content=\"598\" \/>\n\t<meta property=\"og:image:type\" content=\"image\/png\" \/>\n<meta name=\"author\" content=\"muhammedalbagdadi\" \/>\n<meta name=\"twitter:card\" content=\"summary_large_image\" \/>\n<meta name=\"twitter:label1\" content=\"Written by\" \/>\n\t<meta name=\"twitter:data1\" content=\"muhammedalbagdadi\" \/>\n<script type=\"application\/ld+json\" class=\"yoast-schema-graph\">{\"@context\":\"https:\/\/schema.org\",\"@graph\":[{\"@type\":\"WebPage\",\"@id\":\"https:\/\/abspace.yves-rocher.com\/fi\/fi\/puhdista-rauhoita-elvyta-ja-heleyta\/\",\"url\":\"https:\/\/abspace.yves-rocher.com\/fi\/fi\/puhdista-rauhoita-elvyta-ja-heleyta\/\",\"name\":\"Kasvonaamiot kaikkiin tarpeisiin | Yves Rocher\",\"isPartOf\":{\"@id\":\"https:\/\/abspace.yves-rocher.com\/fi\/#website\"},\"primaryImageOfPage\":{\"@id\":\"https:\/\/abspace.yves-rocher.com\/fi\/fi\/puhdista-rauhoita-elvyta-ja-heleyta\/#primaryimage\"},\"image\":{\"@id\":\"https:\/\/abspace.yves-rocher.com\/fi\/fi\/puhdista-rauhoita-elvyta-ja-heleyta\/#primaryimage\"},\"thumbnailUrl\":\"https:\/\/abspace.yves-rocher.com\/fi\/wp-content\/uploads\/sites\/15\/2022\/10\/750.598.png\",\"datePublished\":\"2022-11-02T10:14:58+00:00\",\"author\":{\"@id\":\"https:\/\/abspace.yves-rocher.com\/fi\/#\/schema\/person\/598d485a3937b31456036183a4b6ed40\"},\"description\":\"Kasvipohjaiset kasvonaamiot kaikki tarpeisiin ja tilaisuuksiin. Lue, mitk\u00e4 tuotteet sopivat sinun ihollesi.\",\"breadcrumb\":{\"@id\":\"https:\/\/abspace.yves-rocher.com\/fi\/fi\/puhdista-rauhoita-elvyta-ja-heleyta\/#breadcrumb\"},\"inLanguage\":\"fi\",\"potentialAction\":[{\"@type\":\"ReadAction\",\"target\":[\"https:\/\/abspace.yves-rocher.com\/fi\/fi\/puhdista-rauhoita-elvyta-ja-heleyta\/\"]}]},{\"@type\":\"ImageObject\",\"inLanguage\":\"fi\",\"@id\":\"https:\/\/abspace.yves-rocher.com\/fi\/fi\/puhdista-rauhoita-elvyta-ja-heleyta\/#primaryimage\",\"url\":\"https:\/\/abspace.yves-rocher.com\/fi\/wp-content\/uploads\/sites\/15\/2022\/10\/750.598.png\",\"contentUrl\":\"https:\/\/abspace.yves-rocher.com\/fi\/wp-content\/uploads\/sites\/15\/2022\/10\/750.598.png\",\"width\":750,\"height\":598,\"caption\":\"femme europ\u00e9enne appliquant son masque yves rocher sur visage avec le sourire\"},{\"@type\":\"BreadcrumbList\",\"@id\":\"https:\/\/abspace.yves-rocher.com\/fi\/fi\/puhdista-rauhoita-elvyta-ja-heleyta\/#breadcrumb\",\"itemListElement\":[{\"@type\":\"ListItem\",\"position\":1,\"name\":\"Home\",\"item\":\"https:\/\/abspace.yves-rocher.com\/fi\/fi\/\"},{\"@type\":\"ListItem\",\"position\":2,\"name\":\"Puhdista, rauhoita, elvyt\u00e4 ja heleyt\u00e4\"}]},{\"@type\":\"WebSite\",\"@id\":\"https:\/\/abspace.yves-rocher.com\/fi\/#website\",\"url\":\"https:\/\/abspace.yves-rocher.com\/fi\/\",\"name\":\"Finland YR AB\",\"description\":\"Just another Act Beautiful site\",\"potentialAction\":[{\"@type\":\"SearchAction\",\"target\":{\"@type\":\"EntryPoint\",\"urlTemplate\":\"https:\/\/abspace.yves-rocher.com\/fi\/?s={search_term_string}\"},\"query-input\":{\"@type\":\"PropertyValueSpecification\",\"valueRequired\":true,\"valueName\":\"search_term_string\"}}],\"inLanguage\":\"fi\"},{\"@type\":\"Person\",\"@id\":\"https:\/\/abspace.yves-rocher.com\/fi\/#\/schema\/person\/598d485a3937b31456036183a4b6ed40\",\"name\":\"muhammedalbagdadi\",\"image\":{\"@type\":\"ImageObject\",\"inLanguage\":\"fi\",\"@id\":\"https:\/\/abspace.yves-rocher.com\/fi\/#\/schema\/person\/image\/\",\"url\":\"https:\/\/secure.gravatar.com\/avatar\/85cb7f6bb782db9e156347651e743b99?s=96&d=mm&r=g\",\"contentUrl\":\"https:\/\/secure.gravatar.com\/avatar\/85cb7f6bb782db9e156347651e743b99?s=96&d=mm&r=g\",\"caption\":\"muhammedalbagdadi\"},\"url\":\"https:\/\/abspace.yves-rocher.com\/fi\/fi\/author\/muhammedalbagdadi\/\"}]}<\/script>\n<!-- \/ Yoast SEO plugin. -->","yoast_head_json":{"title":"Kasvonaamiot kaikkiin tarpeisiin | Yves Rocher","description":"Kasvipohjaiset kasvonaamiot kaikki tarpeisiin ja tilaisuuksiin. Lue, mitk\u00e4 tuotteet sopivat sinun ihollesi.","robots":{"index":"index","follow":"follow","max-snippet":"max-snippet:-1","max-image-preview":"max-image-preview:large","max-video-preview":"max-video-preview:-1"},"canonical":"https:\/\/abspace.yves-rocher.com\/fi\/fi\/puhdista-rauhoita-elvyta-ja-heleyta\/","og_locale":"fi_FI","og_type":"article","og_title":"Kasvonaamiot kaikkiin tarpeisiin | Yves Rocher","og_description":"Kasvipohjaiset kasvonaamiot kaikki tarpeisiin ja tilaisuuksiin. Lue, mitk\u00e4 tuotteet sopivat sinun ihollesi.","og_url":"https:\/\/abspace.yves-rocher.com\/fi\/fi\/puhdista-rauhoita-elvyta-ja-heleyta\/","og_site_name":"Finland YR AB","article_published_time":"2022-11-02T10:14:58+00:00","og_image":[{"width":750,"height":598,"url":"https:\/\/abspace.yves-rocher.com\/fi\/wp-content\/uploads\/sites\/15\/2022\/10\/750.598.png","type":"image\/png"}],"author":"muhammedalbagdadi","twitter_card":"summary_large_image","twitter_misc":{"Written by":"muhammedalbagdadi"},"schema":{"@context":"https:\/\/schema.org","@graph":[{"@type":"WebPage","@id":"https:\/\/abspace.yves-rocher.com\/fi\/fi\/puhdista-rauhoita-elvyta-ja-heleyta\/","url":"https:\/\/abspace.yves-rocher.com\/fi\/fi\/puhdista-rauhoita-elvyta-ja-heleyta\/","name":"Kasvonaamiot kaikkiin tarpeisiin | Yves Rocher","isPartOf":{"@id":"https:\/\/abspace.yves-rocher.com\/fi\/#website"},"primaryImageOfPage":{"@id":"https:\/\/abspace.yves-rocher.com\/fi\/fi\/puhdista-rauhoita-elvyta-ja-heleyta\/#primaryimage"},"image":{"@id":"https:\/\/abspace.yves-rocher.com\/fi\/fi\/puhdista-rauhoita-elvyta-ja-heleyta\/#primaryimage"},"thumbnailUrl":"https:\/\/abspace.yves-rocher.com\/fi\/wp-content\/uploads\/sites\/15\/2022\/10\/750.598.png","datePublished":"2022-11-02T10:14:58+00:00","author":{"@id":"https:\/\/abspace.yves-rocher.com\/fi\/#\/schema\/person\/598d485a3937b31456036183a4b6ed40"},"description":"Kasvipohjaiset kasvonaamiot kaikki tarpeisiin ja tilaisuuksiin. Lue, mitk\u00e4 tuotteet sopivat sinun ihollesi.","breadcrumb":{"@id":"https:\/\/abspace.yves-rocher.com\/fi\/fi\/puhdista-rauhoita-elvyta-ja-heleyta\/#breadcrumb"},"inLanguage":"fi","potentialAction":[{"@type":"ReadAction","target":["https:\/\/abspace.yves-rocher.com\/fi\/fi\/puhdista-rauhoita-elvyta-ja-heleyta\/"]}]},{"@type":"ImageObject","inLanguage":"fi","@id":"https:\/\/abspace.yves-rocher.com\/fi\/fi\/puhdista-rauhoita-elvyta-ja-heleyta\/#primaryimage","url":"https:\/\/abspace.yves-rocher.com\/fi\/wp-content\/uploads\/sites\/15\/2022\/10\/750.598.png","contentUrl":"https:\/\/abspace.yves-rocher.com\/fi\/wp-content\/uploads\/sites\/15\/2022\/10\/750.598.png","width":750,"height":598,"caption":"femme europ\u00e9enne appliquant son masque yves rocher sur visage avec le sourire"},{"@type":"BreadcrumbList","@id":"https:\/\/abspace.yves-rocher.com\/fi\/fi\/puhdista-rauhoita-elvyta-ja-heleyta\/#breadcrumb","itemListElement":[{"@type":"ListItem","position":1,"name":"Home","item":"https:\/\/abspace.yves-rocher.com\/fi\/fi\/"},{"@type":"ListItem","position":2,"name":"Puhdista, rauhoita, elvyt\u00e4 ja heleyt\u00e4"}]},{"@type":"WebSite","@id":"https:\/\/abspace.yves-rocher.com\/fi\/#website","url":"https:\/\/abspace.yves-rocher.com\/fi\/","name":"Finland YR AB","description":"Just another Act Beautiful site","potentialAction":[{"@type":"SearchAction","target":{"@type":"EntryPoint","urlTemplate":"https:\/\/abspace.yves-rocher.com\/fi\/?s={search_term_string}"},"query-input":{"@type":"PropertyValueSpecification","valueRequired":true,"valueName":"search_term_string"}}],"inLanguage":"fi"},{"@type":"Person","@id":"https:\/\/abspace.yves-rocher.com\/fi\/#\/schema\/person\/598d485a3937b31456036183a4b6ed40","name":"muhammedalbagdadi","image":{"@type":"ImageObject","inLanguage":"fi","@id":"https:\/\/abspace.yves-rocher.com\/fi\/#\/schema\/person\/image\/","url":"https:\/\/secure.gravatar.com\/avatar\/85cb7f6bb782db9e156347651e743b99?s=96&d=mm&r=g","contentUrl":"https:\/\/secure.gravatar.com\/avatar\/85cb7f6bb782db9e156347651e743b99?s=96&d=mm&r=g","caption":"muhammedalbagdadi"},"url":"https:\/\/abspace.yves-rocher.com\/fi\/fi\/author\/muhammedalbagdadi\/"}]}},"_links":{"self":[{"href":"https:\/\/abspace.yves-rocher.com\/fi\/ws\/wp\/v2\/posts\/2264","targetHints":{"allow":["GET"]}}],"collection":[{"href":"https:\/\/abspace.yves-rocher.com\/fi\/ws\/wp\/v2\/posts"}],"about":[{"href":"https:\/\/abspace.yves-rocher.com\/fi\/ws\/wp\/v2\/types\/post"}],"author":[{"embeddable":true,"href":"https:\/\/abspace.yves-rocher.com\/fi\/ws\/wp\/v2\/users\/974211"}],"replies":[{"embeddable":true,"href":"https:\/\/abspace.yves-rocher.com\/fi\/ws\/wp\/v2\/comments?post=2264"}],"version-history":[{"count":2,"href":"https:\/\/abspace.yves-rocher.com\/fi\/ws\/wp\/v2\/posts\/2264\/revisions"}],"predecessor-version":[{"id":2301,"href":"https:\/\/abspace.yves-rocher.com\/fi\/ws\/wp\/v2\/posts\/2264\/revisions\/2301"}],"wp:featuredmedia":[{"embeddable":true,"href":"https:\/\/abspace.yves-rocher.com\/fi\/ws\/wp\/v2\/media\/2265"}],"wp:attachment":[{"href":"https:\/\/abspace.yves-rocher.com\/fi\/ws\/wp\/v2\/media?parent=2264"}],"wp:term":[{"taxonomy":"category","embeddable":true,"href":"https:\/\/abspace.yves-rocher.com\/fi\/ws\/wp\/v2\/categories?post=2264"},{"taxonomy":"post_tag","embeddable":true,"href":"https:\/\/abspace.yves-rocher.com\/fi\/ws\/wp\/v2\/tags?post=2264"}],"curies":[{"name":"wp","href":"https:\/\/api.w.org\/{rel}","templated":true}]}}