{"id":258,"date":"2018-01-01T16:00:38","date_gmt":"2018-01-01T16:00:38","guid":{"rendered":"http:\/\/abspace.yves-rocher.com\/fi\/?p=258"},"modified":"2021-07-16T13:53:36","modified_gmt":"2021-07-16T13:53:36","slug":"mika-on-paras-tapa-poistaa-meikki","status":"publish","type":"post","link":"https:\/\/abspace.yves-rocher.com\/fi\/fi\/mika-on-paras-tapa-poistaa-meikki\/","title":{"rendered":"Mik\u00e4 on paras tapa poistaa meikki?"},"content":{"rendered":"<div id=\"pl-258\"  class=\"panel-layout\" ><div id=\"pg-258-0\"  class=\"panel-grid panel-no-style\" ><div id=\"pgc-258-0-0\"  class=\"panel-grid-cell\" >            <div class=\"textWidget header-description \">\r\n                <p>Kaunis iho alkaa hyv\u00e4st\u00e4 puhdistusrutiinista. Laiminly\u00f6mme kiireen keskell\u00e4 helposti puhdistuksen. Voit kuitenkin saavuttaa hyvi\u00e4 tuloksia seuraamalla ohjeitamme.<\/p>\r\n            <\/div>\r\n    <\/div><\/div><div id=\"pg-258-1\"  class=\"panel-grid panel-no-style\" ><div id=\"pgc-258-1-0\"  class=\"panel-grid-cell\" ><div id=\"panel-258-1-0-0\" class=\"so-panel widget widget_siteorigin-panels-embedded-video panel-first-child panel-last-child\" data-index=\"1\" ><div class=\"siteorigin-fitvids\"><\/div><\/div><\/div><\/div><div id=\"pg-258-2\"  class=\"panel-grid panel-no-style\" ><div id=\"pgc-258-2-0\"  class=\"panel-grid-cell\" ><div id=\"panel-258-2-0-0\" class=\"so-panel widget widget_sow-image panel-first-child panel-last-child\" data-index=\"2\" ><div\n\t\t\t\n\t\t\tclass=\"so-widget-sow-image so-widget-sow-image-default-8b5b6f678277-258\"\n\t\t\t\n\t\t>\r\n\r\n\r\n<div class=\"sow-image-container\">\r\n    \r\n    <img loading=\"lazy\" decoding=\"async\" src=\"https:\/\/abspace.yves-rocher.com\/fi\/wp-content\/uploads\/sites\/15\/2019\/09\/1804_demaquillage_Image1_750x552_4155063.jpg\" width=\"750\" height=\"552\" srcset=\"\" title=\"1804_demaquillage_Image1_750x552\"          class=\"so-widget-image\" \/>\r\n\r\n    \r\n    \r\n    <\/div>\r\n\r\n<\/div><\/div><\/div><div id=\"pgc-258-2-1\"  class=\"panel-grid-cell\" ><div id=\"panel-258-2-1-0\" class=\"so-panel widget widget_sow-editor panel-first-child panel-last-child\" data-index=\"3\" ><div\n\t\t\t\n\t\t\tclass=\"so-widget-sow-editor so-widget-sow-editor-base\"\n\t\t\t\n\t\t>\n<div class=\"siteorigin-widget-tinymce textwidget\">\n\t<h3><b>Puhdistus<\/b><\/h3>\n<p>Vaikka aika olisi tiukalla, varaa hetki meikin poistamiseen. Ihoa puhdistaessasi et ainoastaan poista meikki\u00e4 vaan my\u00f6s ep\u00e4puhtauksia. Jos ihoa ei puhdisteta kunnolla, sen v\u00e4ri muuttuu sameaksi eiv\u00e4tk\u00e4 muut kauneudenhoitotuotteet imeydy siihen yht\u00e4 tehokkaasti. Kun tavoitteenasi on terve, puhdas ja hyvinvoiva iho, on t\u00e4rke\u00e4 noudattaa p\u00e4ivitt\u00e4ist\u00e4 hoito-ohjelmaa aamuin illoin.<\/p>\n<p>\u00a0<\/p>\n<\/div>\n<\/div><\/div><\/div><\/div><div id=\"pg-258-3\"  class=\"panel-grid panel-no-style\" ><div id=\"pgc-258-3-0\"  class=\"panel-grid-cell\" ><div id=\"panel-258-3-0-0\" class=\"so-panel widget widget_sow-editor panel-first-child panel-last-child\" data-index=\"4\" ><div\n\t\t\t\n\t\t\tclass=\"so-widget-sow-editor so-widget-sow-editor-base\"\n\t\t\t\n\t\t>\n<div class=\"siteorigin-widget-tinymce textwidget\">\n\t<p>Aloita silm\u00e4nymp\u00e4ryksest\u00e4, koska se on herkk\u00e4 alue ja tarvitsee ylim\u00e4\u00e4r\u00e4ist\u00e4 huolenpitoa. Levit\u00e4 pieni m\u00e4\u00e4r\u00e4 puhdistusmaitoa\/geeli\u00e4\/misellivett\u00e4 vanulapulle ja ved\u00e4 lappua varovaisesti edestakaisin liikkein ripsien yli meikin poistamiseksi. <a href=\"https:\/\/www.yves-rocher.fi\/ihonhoito\/ihonhoitotuotteet\/ihonpuhdistus\/puhdistusoljy-misellikoostumus-mieto-ja-pehmentava-150-ml\/p\/57832\">Pure Calmille Micellar Oil<\/a> -puhdistus\u00f6ljy\u00e4 voidaan k\u00e4ytt\u00e4\u00e4 my\u00f6s ilman vanulappua. Voiko helpompaa ollakaan!<\/p>\n<p>Puhdista kasvot aloittamalla T-alueelta ja etene sivuille p\u00e4in. \u00c4l\u00e4 h\u00e4t\u00e4ile vaan varaa puhdistukseen riitt\u00e4v\u00e4sti aikaa. Ihoa ei kannata vahingoittaa vet\u00e4m\u00e4ll\u00e4 tai painamalla liikaa.<\/p>\n<p>Puhdistuskinnas on huipputuote kaikille, joiden arki on kiireist\u00e4 ja hyvin aktiivista. Lis\u00e4\u00e4t vain vett\u00e4, niin meikki tarttuu mikrokuituun ja poistuu iholta.<\/p>\n<\/div>\n<\/div><\/div><\/div><div id=\"pgc-258-3-1\"  class=\"panel-grid-cell\" ><div id=\"panel-258-3-1-0\" class=\"so-panel widget widget_sow-image panel-first-child panel-last-child\" data-index=\"5\" ><div\n\t\t\t\n\t\t\tclass=\"so-widget-sow-image so-widget-sow-image-default-8b5b6f678277-258\"\n\t\t\t\n\t\t>\r\n\r\n\r\n<div class=\"sow-image-container\">\r\n    \r\n    <img loading=\"lazy\" decoding=\"async\" src=\"https:\/\/abspace.yves-rocher.com\/fi\/wp-content\/uploads\/sites\/15\/2019\/09\/1804_demaquillage_Image2_750x552.jpg\" width=\"750\" height=\"552\" srcset=\"\"          class=\"so-widget-image\" \/>\r\n\r\n    \r\n    \r\n    <\/div>\r\n\r\n<\/div><\/div><\/div><\/div><div id=\"pg-258-4\"  class=\"panel-grid panel-no-style\" ><div id=\"pgc-258-4-0\"  class=\"panel-grid-cell\" ><div id=\"panel-258-4-0-0\" class=\"so-panel widget widget_sow-image panel-first-child panel-last-child\" data-index=\"6\" ><div\n\t\t\t\n\t\t\tclass=\"so-widget-sow-image so-widget-sow-image-default-8b5b6f678277-258\"\n\t\t\t\n\t\t>\r\n\r\n\r\n<div class=\"sow-image-container\">\r\n    \r\n    <img loading=\"lazy\" decoding=\"async\" src=\"https:\/\/abspace.yves-rocher.com\/fi\/wp-content\/uploads\/sites\/15\/2019\/09\/1804_demaquillage_Image3_750x552.jpg\" width=\"750\" height=\"552\" srcset=\"\"          class=\"so-widget-image\" \/>\r\n\r\n    \r\n    \r\n    <\/div>\r\n\r\n<\/div><\/div><\/div><div id=\"pgc-258-4-1\"  class=\"panel-grid-cell\" ><div id=\"panel-258-4-1-0\" class=\"so-panel widget widget_sow-editor panel-first-child panel-last-child\" data-index=\"7\" ><div\n\t\t\t\n\t\t\tclass=\"so-widget-sow-editor so-widget-sow-editor-base\"\n\t\t\t\n\t\t>\n<div class=\"siteorigin-widget-tinymce textwidget\">\n\t<h3>Kasvovesi<\/h3>\n<p>Viimeistele puhdistus poistamalla viimeiset meikin j\u00e4\u00e4nteet \u200b\u200bkasvovedell\u00e4. Se virkist\u00e4\u00e4 ja heleytt\u00e4\u00e4 ihoasi.<\/p>\n<p><strong>Sivele ihollesi<\/strong> sopivat hoitotuotteet ennen meikin levitt\u00e4mist\u00e4. L\u00f6yd\u00e4t ihotyypillesi sopivat tuotteet my\u00f6s puhdistustuotevalikoimastamme.<\/p>\n<\/div>\n<\/div><\/div><\/div><\/div><div id=\"pg-258-5\"  class=\"panel-grid panel-no-style\" ><div id=\"pgc-258-5-0\"  class=\"panel-grid-cell\" ><div id=\"panel-258-5-0-0\" class=\"so-panel widget widget_sow-editor panel-first-child panel-last-child\" data-index=\"8\" ><div\n\t\t\t\n\t\t\tclass=\"so-widget-sow-editor so-widget-sow-editor-base\"\n\t\t\t\n\t\t>\n<div class=\"siteorigin-widget-tinymce textwidget\">\n\t<h3><b>Ihoni on kuiva ja\/tai kaipaa kosteutta:<\/b><\/h3>\n<p>Vastaus on Hydra V\u00e9g\u00e9tal. <strong>Moisturizing Tonifying Lotion<\/strong> ja 2 in 1 <strong>Cleansing Micellar Water<\/strong> kosteuttavat ihoasi poistaen ep\u00e4puhtaudet ja meikin j\u00e4\u00e4nteet hell\u00e4varaisesti.<\/p>\n<\/div>\n<\/div><\/div><\/div><div id=\"pgc-258-5-1\"  class=\"panel-grid-cell\" >            <div class=\"webclipping-product-boxes-wrapper\" id=\"82b1dd40-4d2e-4f0c-b56d-382008fca6c4\">\r\n                <div class=\"webclipping-product-boxes\"\r\n                    data-product-ids=\"R98507, R01214, R98618\"\r\n                    data-product-style=\"Standard\"\r\n                    data-slick='{\"variableWidth\": true, \"slidesToShow\": 6,, \"respondTo\": \"min\"}'\r\n                     >\r\n                <\/div>\r\n            <\/div>\r\n\r\n\r\n        <\/div><\/div><div id=\"pg-258-6\"  class=\"panel-grid panel-no-style\" ><div id=\"pgc-258-6-0\"  class=\"panel-grid-cell\" ><div id=\"panel-258-6-0-0\" class=\"so-panel widget widget_sow-editor panel-first-child panel-last-child\" data-index=\"10\" ><div\n\t\t\t\n\t\t\tclass=\"so-widget-sow-editor so-widget-sow-editor-base\"\n\t\t\t\n\t\t>\n<div class=\"siteorigin-widget-tinymce textwidget\">\n\t<h3>\u00a0<\/h3>\n<h3><b>Ihoni on v\u00e4synyt ja ilman ep\u00e4puhtauksien rasittama:<span class=\"Apple-converted-space\">\u00a0<\/span><\/b><\/h3>\n<p>Ota k\u00e4ytt\u00f6\u00f6n<strong> Elixir Jeunesse<\/strong> -sarja. Micellar Cleansing Water antaa iholle v\u00e4litt\u00f6m\u00e4sti detox-vaikutuksen ja tekee siit\u00e4 puhtaan, sile\u00e4n ja kauniin hele\u00e4n.<\/p>\n<\/div>\n<\/div><\/div><\/div><div id=\"pgc-258-6-1\"  class=\"panel-grid-cell\" >            <div class=\"webclipping-product-boxes-wrapper\" id=\"c0b8ee75-e903-4d1c-8ab9-9a4f5e68f6dd\">\r\n                <div class=\"webclipping-product-boxes\"\r\n                    data-product-ids=\"R18821\"\r\n                    data-product-style=\"Standard\"\r\n                    data-slick='{\"variableWidth\": true, \"slidesToShow\": 1,, \"respondTo\": \"min\"}'\r\n                     >\r\n                <\/div>\r\n            <\/div>\r\n\r\n\r\n        <\/div><\/div><div id=\"pg-258-7\"  class=\"panel-grid panel-no-style\" ><div id=\"pgc-258-7-0\"  class=\"panel-grid-cell\" ><div id=\"panel-258-7-0-0\" class=\"so-panel widget widget_sow-editor panel-first-child panel-last-child\" data-index=\"12\" ><div\n\t\t\t\n\t\t\tclass=\"so-widget-sow-editor so-widget-sow-editor-base\"\n\t\t\t\n\t\t>\n<div class=\"siteorigin-widget-tinymce textwidget\">\n\t<h3><b>Minulla on herkk\u00e4 iho:<span class=\"Apple-converted-space\">\u00a0<\/span><\/b><\/h3>\n<p>K\u00e4yt\u00e4 Sensitive V\u00e9g\u00e9tal -sarjan tuotteita.<span class=\"Apple-converted-space\">\u00a0<\/span><\/p>\n<p>Tarpeistasi riippuen voit ottaa k\u00e4ytt\u00f6\u00f6n Sensitive V\u00e9g\u00e9tal Cleansing Cream -puhdistusvoiteen, Soothing Cleansing Milk -puhdistusmaidon tai Soothing Micellar Water 2 in 1 -miselliveden, jotka poistavat meikin ja puhdistavat ihosi.<\/p>\n<p>Suosittelemme herkille silmille <a href=\"https:\/\/www.yves-rocher.fi\/ihonhoito\/ihonhoitotuotteet\/ihonpuhdistus\/silmameikinpoistoaine-herkille-silmille-100-ml\/p\/67351\">Gentle Makeup Remover Sensitive Eyes<\/a> -silm\u00e4meikinpoistoainetta. Se poistaa itsepintaisimmankin meikin ja on samalla mieto ja hell\u00e4varainen ihollesi.<\/p>\n<\/div>\n<\/div><\/div><\/div><div id=\"pgc-258-7-1\"  class=\"panel-grid-cell\" >            <div class=\"webclipping-product-boxes-wrapper\" id=\"dd630549-1b4b-4517-9a7a-71f55b6f549c\">\r\n                <div class=\"webclipping-product-boxes\"\r\n                    data-product-ids=\"R27092, R81921, R56211, R84613, R26596\"\r\n                    data-product-style=\"Standard\"\r\n                    data-slick='{\"variableWidth\": true, \"slidesToShow\": 6,, \"respondTo\": \"min\"}'\r\n                     >\r\n                <\/div>\r\n            <\/div>\r\n\r\n\r\n        <\/div><\/div><div id=\"pg-258-8\"  class=\"panel-grid panel-no-style\" ><div id=\"pgc-258-8-0\"  class=\"panel-grid-cell\" ><div id=\"panel-258-8-0-0\" class=\"so-panel widget widget_sow-editor panel-first-child panel-last-child\" data-index=\"14\" ><div\n\t\t\t\n\t\t\tclass=\"so-widget-sow-editor so-widget-sow-editor-base\"\n\t\t\t\n\t\t>\n<div class=\"siteorigin-widget-tinymce textwidget\">\n\t<h3>\u00a0<\/h3>\n<h3><b>Minulla on normaali tai sekaiho:<\/b><\/h3>\n<p>Ihosi tarvitsee kosteutta my\u00f6s meikki\u00e4 poistettaessa. Pure Calmille -sarjan 2 in 1 Cleanser &amp; Toner kosteuttaa ihoa ja poistaa samalla meikin.<\/p>\n<\/div>\n<\/div><\/div><\/div><div id=\"pgc-258-8-1\"  class=\"panel-grid-cell\" >            <div class=\"webclipping-product-boxes-wrapper\" id=\"fd3c7629-04f5-4445-93d9-0e0a959974dc\">\r\n                <div class=\"webclipping-product-boxes\"\r\n                    data-product-ids=\"R57486, R86551, R28383\"\r\n                    data-product-style=\"Standard\"\r\n                    data-slick='{\"variableWidth\": true, \"slidesToShow\": 1,, \"respondTo\": \"min\"}'\r\n                     >\r\n                <\/div>\r\n            <\/div>\r\n\r\n\r\n        <\/div><\/div><div id=\"pg-258-9\"  class=\"panel-grid panel-no-style\" ><div id=\"pgc-258-9-0\"  class=\"panel-grid-cell\" ><div id=\"panel-258-9-0-0\" class=\"so-panel widget widget_sow-editor panel-first-child panel-last-child\" data-index=\"16\" ><div\n\t\t\t\n\t\t\tclass=\"so-widget-sow-editor so-widget-sow-editor-base\"\n\t\t\t\n\t\t>\n<div class=\"siteorigin-widget-tinymce textwidget\">\n\t<h3><b>Minulla on rasvoittuva tai sekaiho:<span class=\"Apple-converted-space\">\u00a0<\/span><\/b><\/h3>\n<p>Saat apua Sebo V\u00e9g\u00e9tal -sarjan tuotteista. Cleansing Purifying Micellar Water ja Purifying Cleansing Gel auttavat tekem\u00e4\u00e4n ihostasi tasaisen ja mattapintaisen.<\/p>\n<\/div>\n<\/div><\/div><\/div><div id=\"pgc-258-9-1\"  class=\"panel-grid-cell\" >            <div class=\"webclipping-product-boxes-wrapper\" id=\"ccff8ea7-80f9-4d52-9e4e-ce4a54143d7a\">\r\n                <div class=\"webclipping-product-boxes\"\r\n                    data-product-ids=\"R38601, R26147, R25694\"\r\n                    data-product-style=\"Standard\"\r\n                    data-slick='{\"variableWidth\": true, \"slidesToShow\": 6,, \"respondTo\": \"min\"}'\r\n                     >\r\n                <\/div>\r\n            <\/div>\r\n\r\n\r\n        <\/div><\/div><div id=\"pg-258-10\"  class=\"panel-grid panel-no-style\" ><div id=\"pgc-258-10-0\"  class=\"panel-grid-cell\" ><div id=\"panel-258-10-0-0\" class=\"so-panel widget widget_sow-editor panel-first-child panel-last-child\" data-index=\"18\" ><div\n\t\t\t\n\t\t\tclass=\"so-widget-sow-editor so-widget-sow-editor-base\"\n\t\t\t\n\t\t>\n<div class=\"siteorigin-widget-tinymce textwidget\">\n\t<p>Meilt\u00e4 l\u00f6yd\u00e4t oikeat tuotteet my\u00f6s, jos k\u00e4yt\u00e4t mielell\u00e4si puhdistusliinoja. Valikoimassamme on herkk\u00e4\u00e4 ihoa helliv\u00e4t pehme\u00e4t liinat ja muita puhdistusliinoja, joilla on ihoa kosteuttava tai tasoittava vaikutus.<\/p>\n<p>Vedenkest\u00e4v\u00e4lle meikille suosittelemme tehokasta <strong>Pure Calmille Cleansing Micellar Oil<\/strong> -puhdistus\u00f6ljy\u00e4 tai Express Eye Makeup Remover -silm\u00e4meikinpoistoainetta, jonka vaikuttava ainesosa on ruiskaunokki.<\/p>\n<\/div>\n<\/div><\/div><\/div><div id=\"pgc-258-10-1\"  class=\"panel-grid-cell\" >            <div class=\"webclipping-product-boxes-wrapper\" id=\"16bed49f-bb61-41e9-b515-f3be289c8b50\">\r\n                <div class=\"webclipping-product-boxes\"\r\n                    data-product-ids=\"R69347, R39628, R24078, R37163\"\r\n                    data-product-style=\"Standard\"\r\n                    data-slick='{\"variableWidth\": true, \"slidesToShow\": 6,, \"respondTo\": \"min\"}'\r\n                     >\r\n                <\/div>\r\n            <\/div>\r\n\r\n\r\n        <\/div><\/div><div id=\"pg-258-11\"  class=\"panel-grid panel-no-style\" ><div id=\"pgc-258-11-0\"  class=\"panel-grid-cell\" ><div id=\"panel-258-11-0-0\" class=\"so-panel widget panel-first-child panel-last-child\" data-index=\"20\" ><\/div><\/div><\/div><\/div>","protected":false},"excerpt":{"rendered":"<p>Ihon kauneuden salaisuus on huolellinen puhdistus<\/p>\n","protected":false},"author":29670,"featured_media":263,"comment_status":"open","ping_status":"open","sticky":false,"template":"","format":"standard","meta":{"_acf_changed":false,"footnotes":""},"categories":[1],"tags":[97],"class_list":["post-258","post","type-post","status-publish","format-standard","has-post-thumbnail","hentry","category-uncategorized","tag-ihonhoito"],"acf":[],"yoast_head":"<!-- This site is optimized with the Yoast SEO plugin v24.7 - https:\/\/yoast.com\/wordpress\/plugins\/seo\/ -->\n<title>Act beautiful - Comment bien se d\u00e9maquiller - Yves Rocher<\/title>\n<meta name=\"description\" content=\"Se d\u00e9maquiller est l&#039;\u00e9tape incontournable d&#039;une belle peau, ne la n\u00e9gligez pas !\" \/>\n<meta name=\"robots\" content=\"index, follow, max-snippet:-1, max-image-preview:large, max-video-preview:-1\" \/>\n<link rel=\"canonical\" href=\"https:\/\/abspace.yves-rocher.com\/fi\/fi\/mika-on-paras-tapa-poistaa-meikki\/\" \/>\n<meta property=\"og:locale\" content=\"fi_FI\" \/>\n<meta property=\"og:type\" content=\"article\" \/>\n<meta property=\"og:title\" content=\"Act beautiful - Comment bien se d\u00e9maquiller - Yves Rocher\" \/>\n<meta property=\"og:description\" content=\"Se d\u00e9maquiller est l&#039;\u00e9tape incontournable d&#039;une belle peau, ne la n\u00e9gligez pas !\" \/>\n<meta property=\"og:url\" content=\"https:\/\/abspace.yves-rocher.com\/fi\/fi\/mika-on-paras-tapa-poistaa-meikki\/\" \/>\n<meta property=\"og:site_name\" content=\"Finland YR AB\" \/>\n<meta property=\"article:published_time\" content=\"2018-01-01T16:00:38+00:00\" \/>\n<meta property=\"article:modified_time\" content=\"2021-07-16T13:53:36+00:00\" \/>\n<meta property=\"og:image\" content=\"https:\/\/abspace.yves-rocher.com\/fi\/wp-content\/uploads\/sites\/15\/2019\/09\/1804_D_HP-AB-SPACE_Image5_750x1036-1.jpg\" \/>\n\t<meta property=\"og:image:width\" content=\"750\" \/>\n\t<meta property=\"og:image:height\" content=\"1036\" \/>\n\t<meta property=\"og:image:type\" content=\"image\/jpeg\" \/>\n<meta name=\"author\" content=\"mathilde.gerard@yrnet.com\" \/>\n<meta name=\"twitter:card\" content=\"summary_large_image\" \/>\n<meta name=\"twitter:label1\" content=\"Written by\" \/>\n\t<meta name=\"twitter:data1\" content=\"mathilde.gerard@yrnet.com\" \/>\n\t<meta name=\"twitter:label2\" content=\"Est. reading time\" \/>\n\t<meta name=\"twitter:data2\" content=\"3 minutes\" \/>\n<script type=\"application\/ld+json\" class=\"yoast-schema-graph\">{\"@context\":\"https:\/\/schema.org\",\"@graph\":[{\"@type\":\"WebPage\",\"@id\":\"https:\/\/abspace.yves-rocher.com\/fi\/fi\/mika-on-paras-tapa-poistaa-meikki\/\",\"url\":\"https:\/\/abspace.yves-rocher.com\/fi\/fi\/mika-on-paras-tapa-poistaa-meikki\/\",\"name\":\"Act beautiful - Comment bien se d\u00e9maquiller - Yves Rocher\",\"isPartOf\":{\"@id\":\"https:\/\/abspace.yves-rocher.com\/fi\/#website\"},\"primaryImageOfPage\":{\"@id\":\"https:\/\/abspace.yves-rocher.com\/fi\/fi\/mika-on-paras-tapa-poistaa-meikki\/#primaryimage\"},\"image\":{\"@id\":\"https:\/\/abspace.yves-rocher.com\/fi\/fi\/mika-on-paras-tapa-poistaa-meikki\/#primaryimage\"},\"thumbnailUrl\":\"https:\/\/abspace.yves-rocher.com\/fi\/wp-content\/uploads\/sites\/15\/2019\/09\/1804_D_HP-AB-SPACE_Image5_750x1036-1.jpg\",\"datePublished\":\"2018-01-01T16:00:38+00:00\",\"dateModified\":\"2021-07-16T13:53:36+00:00\",\"author\":{\"@id\":\"https:\/\/abspace.yves-rocher.com\/fi\/#\/schema\/person\/55b0e58ef85768f34a76d593d4b84f9b\"},\"description\":\"Se d\u00e9maquiller est l'\u00e9tape incontournable d'une belle peau, ne la n\u00e9gligez pas !\",\"breadcrumb\":{\"@id\":\"https:\/\/abspace.yves-rocher.com\/fi\/fi\/mika-on-paras-tapa-poistaa-meikki\/#breadcrumb\"},\"inLanguage\":\"fi\",\"potentialAction\":[{\"@type\":\"ReadAction\",\"target\":[\"https:\/\/abspace.yves-rocher.com\/fi\/fi\/mika-on-paras-tapa-poistaa-meikki\/\"]}]},{\"@type\":\"ImageObject\",\"inLanguage\":\"fi\",\"@id\":\"https:\/\/abspace.yves-rocher.com\/fi\/fi\/mika-on-paras-tapa-poistaa-meikki\/#primaryimage\",\"url\":\"https:\/\/abspace.yves-rocher.com\/fi\/wp-content\/uploads\/sites\/15\/2019\/09\/1804_D_HP-AB-SPACE_Image5_750x1036-1.jpg\",\"contentUrl\":\"https:\/\/abspace.yves-rocher.com\/fi\/wp-content\/uploads\/sites\/15\/2019\/09\/1804_D_HP-AB-SPACE_Image5_750x1036-1.jpg\",\"width\":750,\"height\":1036},{\"@type\":\"BreadcrumbList\",\"@id\":\"https:\/\/abspace.yves-rocher.com\/fi\/fi\/mika-on-paras-tapa-poistaa-meikki\/#breadcrumb\",\"itemListElement\":[{\"@type\":\"ListItem\",\"position\":1,\"name\":\"Home\",\"item\":\"https:\/\/abspace.yves-rocher.com\/fi\/fi\/\"},{\"@type\":\"ListItem\",\"position\":2,\"name\":\"Mik\u00e4 on paras tapa poistaa meikki?\"}]},{\"@type\":\"WebSite\",\"@id\":\"https:\/\/abspace.yves-rocher.com\/fi\/#website\",\"url\":\"https:\/\/abspace.yves-rocher.com\/fi\/\",\"name\":\"Finland YR AB\",\"description\":\"Just another Act Beautiful site\",\"potentialAction\":[{\"@type\":\"SearchAction\",\"target\":{\"@type\":\"EntryPoint\",\"urlTemplate\":\"https:\/\/abspace.yves-rocher.com\/fi\/?s={search_term_string}\"},\"query-input\":{\"@type\":\"PropertyValueSpecification\",\"valueRequired\":true,\"valueName\":\"search_term_string\"}}],\"inLanguage\":\"fi\"},{\"@type\":\"Person\",\"@id\":\"https:\/\/abspace.yves-rocher.com\/fi\/#\/schema\/person\/55b0e58ef85768f34a76d593d4b84f9b\",\"name\":\"mathilde.gerard@yrnet.com\",\"image\":{\"@type\":\"ImageObject\",\"inLanguage\":\"fi\",\"@id\":\"https:\/\/abspace.yves-rocher.com\/fi\/#\/schema\/person\/image\/\",\"url\":\"https:\/\/secure.gravatar.com\/avatar\/f68d1335e0c5035faec56bc85896dfa1?s=96&d=mm&r=g\",\"contentUrl\":\"https:\/\/secure.gravatar.com\/avatar\/f68d1335e0c5035faec56bc85896dfa1?s=96&d=mm&r=g\",\"caption\":\"mathilde.gerard@yrnet.com\"},\"url\":\"https:\/\/abspace.yves-rocher.com\/fi\/fi\/author\/mathilde-gerardyrnet-com\/\"}]}<\/script>\n<!-- \/ Yoast SEO plugin. -->","yoast_head_json":{"title":"Act beautiful - Comment bien se d\u00e9maquiller - Yves Rocher","description":"Se d\u00e9maquiller est l'\u00e9tape incontournable d'une belle peau, ne la n\u00e9gligez pas !","robots":{"index":"index","follow":"follow","max-snippet":"max-snippet:-1","max-image-preview":"max-image-preview:large","max-video-preview":"max-video-preview:-1"},"canonical":"https:\/\/abspace.yves-rocher.com\/fi\/fi\/mika-on-paras-tapa-poistaa-meikki\/","og_locale":"fi_FI","og_type":"article","og_title":"Act beautiful - Comment bien se d\u00e9maquiller - Yves Rocher","og_description":"Se d\u00e9maquiller est l'\u00e9tape incontournable d'une belle peau, ne la n\u00e9gligez pas !","og_url":"https:\/\/abspace.yves-rocher.com\/fi\/fi\/mika-on-paras-tapa-poistaa-meikki\/","og_site_name":"Finland YR AB","article_published_time":"2018-01-01T16:00:38+00:00","article_modified_time":"2021-07-16T13:53:36+00:00","og_image":[{"width":750,"height":1036,"url":"https:\/\/abspace.yves-rocher.com\/fi\/wp-content\/uploads\/sites\/15\/2019\/09\/1804_D_HP-AB-SPACE_Image5_750x1036-1.jpg","type":"image\/jpeg"}],"author":"mathilde.gerard@yrnet.com","twitter_card":"summary_large_image","twitter_misc":{"Written by":"mathilde.gerard@yrnet.com","Est. reading time":"3 minutes"},"schema":{"@context":"https:\/\/schema.org","@graph":[{"@type":"WebPage","@id":"https:\/\/abspace.yves-rocher.com\/fi\/fi\/mika-on-paras-tapa-poistaa-meikki\/","url":"https:\/\/abspace.yves-rocher.com\/fi\/fi\/mika-on-paras-tapa-poistaa-meikki\/","name":"Act beautiful - Comment bien se d\u00e9maquiller - Yves Rocher","isPartOf":{"@id":"https:\/\/abspace.yves-rocher.com\/fi\/#website"},"primaryImageOfPage":{"@id":"https:\/\/abspace.yves-rocher.com\/fi\/fi\/mika-on-paras-tapa-poistaa-meikki\/#primaryimage"},"image":{"@id":"https:\/\/abspace.yves-rocher.com\/fi\/fi\/mika-on-paras-tapa-poistaa-meikki\/#primaryimage"},"thumbnailUrl":"https:\/\/abspace.yves-rocher.com\/fi\/wp-content\/uploads\/sites\/15\/2019\/09\/1804_D_HP-AB-SPACE_Image5_750x1036-1.jpg","datePublished":"2018-01-01T16:00:38+00:00","dateModified":"2021-07-16T13:53:36+00:00","author":{"@id":"https:\/\/abspace.yves-rocher.com\/fi\/#\/schema\/person\/55b0e58ef85768f34a76d593d4b84f9b"},"description":"Se d\u00e9maquiller est l'\u00e9tape incontournable d'une belle peau, ne la n\u00e9gligez pas !","breadcrumb":{"@id":"https:\/\/abspace.yves-rocher.com\/fi\/fi\/mika-on-paras-tapa-poistaa-meikki\/#breadcrumb"},"inLanguage":"fi","potentialAction":[{"@type":"ReadAction","target":["https:\/\/abspace.yves-rocher.com\/fi\/fi\/mika-on-paras-tapa-poistaa-meikki\/"]}]},{"@type":"ImageObject","inLanguage":"fi","@id":"https:\/\/abspace.yves-rocher.com\/fi\/fi\/mika-on-paras-tapa-poistaa-meikki\/#primaryimage","url":"https:\/\/abspace.yves-rocher.com\/fi\/wp-content\/uploads\/sites\/15\/2019\/09\/1804_D_HP-AB-SPACE_Image5_750x1036-1.jpg","contentUrl":"https:\/\/abspace.yves-rocher.com\/fi\/wp-content\/uploads\/sites\/15\/2019\/09\/1804_D_HP-AB-SPACE_Image5_750x1036-1.jpg","width":750,"height":1036},{"@type":"BreadcrumbList","@id":"https:\/\/abspace.yves-rocher.com\/fi\/fi\/mika-on-paras-tapa-poistaa-meikki\/#breadcrumb","itemListElement":[{"@type":"ListItem","position":1,"name":"Home","item":"https:\/\/abspace.yves-rocher.com\/fi\/fi\/"},{"@type":"ListItem","position":2,"name":"Mik\u00e4 on paras tapa poistaa meikki?"}]},{"@type":"WebSite","@id":"https:\/\/abspace.yves-rocher.com\/fi\/#website","url":"https:\/\/abspace.yves-rocher.com\/fi\/","name":"Finland YR AB","description":"Just another Act Beautiful site","potentialAction":[{"@type":"SearchAction","target":{"@type":"EntryPoint","urlTemplate":"https:\/\/abspace.yves-rocher.com\/fi\/?s={search_term_string}"},"query-input":{"@type":"PropertyValueSpecification","valueRequired":true,"valueName":"search_term_string"}}],"inLanguage":"fi"},{"@type":"Person","@id":"https:\/\/abspace.yves-rocher.com\/fi\/#\/schema\/person\/55b0e58ef85768f34a76d593d4b84f9b","name":"mathilde.gerard@yrnet.com","image":{"@type":"ImageObject","inLanguage":"fi","@id":"https:\/\/abspace.yves-rocher.com\/fi\/#\/schema\/person\/image\/","url":"https:\/\/secure.gravatar.com\/avatar\/f68d1335e0c5035faec56bc85896dfa1?s=96&d=mm&r=g","contentUrl":"https:\/\/secure.gravatar.com\/avatar\/f68d1335e0c5035faec56bc85896dfa1?s=96&d=mm&r=g","caption":"mathilde.gerard@yrnet.com"},"url":"https:\/\/abspace.yves-rocher.com\/fi\/fi\/author\/mathilde-gerardyrnet-com\/"}]}},"_links":{"self":[{"href":"https:\/\/abspace.yves-rocher.com\/fi\/ws\/wp\/v2\/posts\/258","targetHints":{"allow":["GET"]}}],"collection":[{"href":"https:\/\/abspace.yves-rocher.com\/fi\/ws\/wp\/v2\/posts"}],"about":[{"href":"https:\/\/abspace.yves-rocher.com\/fi\/ws\/wp\/v2\/types\/post"}],"author":[{"embeddable":true,"href":"https:\/\/abspace.yves-rocher.com\/fi\/ws\/wp\/v2\/users\/29670"}],"replies":[{"embeddable":true,"href":"https:\/\/abspace.yves-rocher.com\/fi\/ws\/wp\/v2\/comments?post=258"}],"version-history":[{"count":2,"href":"https:\/\/abspace.yves-rocher.com\/fi\/ws\/wp\/v2\/posts\/258\/revisions"}],"predecessor-version":[{"id":705,"href":"https:\/\/abspace.yves-rocher.com\/fi\/ws\/wp\/v2\/posts\/258\/revisions\/705"}],"wp:featuredmedia":[{"embeddable":true,"href":"https:\/\/abspace.yves-rocher.com\/fi\/ws\/wp\/v2\/media\/263"}],"wp:attachment":[{"href":"https:\/\/abspace.yves-rocher.com\/fi\/ws\/wp\/v2\/media?parent=258"}],"wp:term":[{"taxonomy":"category","embeddable":true,"href":"https:\/\/abspace.yves-rocher.com\/fi\/ws\/wp\/v2\/categories?post=258"},{"taxonomy":"post_tag","embeddable":true,"href":"https:\/\/abspace.yves-rocher.com\/fi\/ws\/wp\/v2\/tags?post=258"}],"curies":[{"name":"wp","href":"https:\/\/api.w.org\/{rel}","templated":true}]}}