{"id":65,"date":"2019-07-29T08:35:44","date_gmt":"2019-07-29T08:35:44","guid":{"rendered":"http:\/\/abspace.yves-rocher.com\/fi\/?p=65"},"modified":"2019-07-29T11:48:10","modified_gmt":"2019-07-29T11:48:10","slug":"la-ficoide-glaciale-herbier","status":"publish","type":"post","link":"https:\/\/abspace.yves-rocher.com\/fi\/fi\/la-ficoide-glaciale-herbier\/","title":{"rendered":"LA FICO\u00cfDE GLACIALE HERBIER"},"content":{"rendered":"<div id=\"pl-65\"  class=\"panel-layout\" ><div id=\"pg-65-0\"  class=\"panel-grid panel-no-style\" ><div id=\"pgc-65-0-0\"  class=\"panel-grid-cell\" >            <div class=\"textWidget header-description \">\r\n                <p>La Fico\u00efde<\/p>\r\n            <\/div>\r\n    <\/div><\/div><div id=\"pg-65-1\"  class=\"panel-grid panel-no-style\" ><div id=\"pgc-65-1-0\"  class=\"panel-grid-cell\" ><div id=\"panel-65-1-0-0\" class=\"so-panel widget widget_sow-image panel-first-child panel-last-child\" data-index=\"1\" ><div\n\t\t\t\n\t\t\tclass=\"so-widget-sow-image so-widget-sow-image-default-8b5b6f678277-65\"\n\t\t\t\n\t\t>\r\n\r\n\r\n<div class=\"sow-image-container\">\r\n    \r\n    <img title=\"LA FICO\u00cfDE GLACIALE HERBIER\"          class=\"so-widget-image\" \/>\r\n\r\n    \r\n    \r\n    <\/div>\r\n\r\n<\/div><\/div><\/div><div id=\"pgc-65-1-1\"  class=\"panel-grid-cell\" ><div id=\"panel-65-1-1-0\" class=\"so-panel widget widget_sow-editor panel-first-child panel-last-child\" data-index=\"2\" ><div\n\t\t\t\n\t\t\tclass=\"so-widget-sow-editor so-widget-sow-editor-base\"\n\t\t\t\n\t\t>\n<div class=\"siteorigin-widget-tinymce textwidget\">\n\t<h2 class=\"title_header brown_0 color\">BOTANIQUE<\/h2>\n<p class=\"title_info_title brown_0 color\"><strong>NOM LATIN<\/strong><\/p>\n<p class=\"brown_0 color\">Mesembryanthemum crystallinum<\/p>\n<p class=\"title_info_title brown_0 color\"><strong>NOMS VERNACULAIRES<\/strong><\/p>\n<p class=\"brown_0 color\">Fico\u00efde Glaciale<\/p>\n<p class=\"brown_0 color\"><strong><span class=\"title_info_title\">FAMILLE<\/span><\/strong><\/p>\n<p class=\"brown_0 color\">Aizoaceae<\/p>\n<p class=\"brown_0 color\"><strong><span class=\"title_info_title\">ORIGINES<\/span><\/strong><\/p>\n<p class=\"brown_0 color\">Zones d\u00e9sertiques sud de l\u2019Afrique<\/p>\n<\/div>\n<\/div><\/div><\/div><\/div><div id=\"pg-65-2\"  class=\"panel-grid panel-no-style\" ><div id=\"pgc-65-2-0\"  class=\"panel-grid-cell\" ><div id=\"panel-65-2-0-0\" class=\"so-panel widget widget_sow-editor panel-first-child panel-last-child\" data-index=\"3\" ><div\n\t\t\t\n\t\t\tclass=\"so-widget-sow-editor so-widget-sow-editor-base\"\n\t\t\t\n\t\t>\n<div class=\"siteorigin-widget-tinymce textwidget\">\n\t<h3 class=\"color title_header\">G\u00c9NIE DU V\u00c9G\u00c9TAL L\u2019ADAPTATION<\/h3>\n<p class=\"color readmore--js\">Originaire des zones d\u00e9sertiques du sud de l\u2019Afrique, la\u00a0<strong>Fico\u00efde Glaciale<\/strong>\u00a0peut s\u2019adapter aux conditions extr\u00eames. Au cours des si\u00e8cles, elle a ainsi su se propager jusqu\u2019en Australie, sur les c\u00f4tes am\u00e9ricaines et sur le pourtour m\u00e9diterran\u00e9en. Contrairement aux autres v\u00e9g\u00e9taux qui portent en moyenne 2 s\u00e9ries de chromosomes, la Fico\u00efde en poss\u00e8de jusqu\u2019\u00e0 128\u00a0! Elle dispose d\u2019un jeu de cartes g\u00e9n\u00e9tiques si complet qu\u2019elle a le pouvoir de s\u2019adapter \u00e0 toutes les situations. Cette caract\u00e9ristique exceptionnelle, appel\u00e9e polyplo\u00efdie, a facilit\u00e9 au cours du temps son \u00ab\u00a0ultra-adaptation\u00a0\u00bb aussi bien sur le plan m\u00e9tabolique, physiologique que morphologique. Elle r\u00e9siste, survit, vit. C\u2019est la Plante de Vie.<\/p>\n<\/div>\n<\/div><\/div><\/div><div id=\"pgc-65-2-1\"  class=\"panel-grid-cell\" ><div id=\"panel-65-2-1-0\" class=\"so-panel widget widget_sow-image panel-first-child panel-last-child\" data-index=\"4\" ><div\n\t\t\t\n\t\t\tclass=\"so-widget-sow-image so-widget-sow-image-default-8b5b6f678277-65\"\n\t\t\t\n\t\t>\r\n\r\n\r\n<div class=\"sow-image-container\">\r\n    \r\n    <img title=\"LA FICO\u00cfDE GLACIALE HERBIER\"          class=\"so-widget-image\" \/>\r\n\r\n    \r\n    \r\n    <\/div>\r\n\r\n<\/div><\/div><\/div><\/div><div id=\"pg-65-3\"  class=\"panel-grid panel-no-style\" ><div id=\"pgc-65-3-0\"  class=\"panel-grid-cell\" ><div id=\"panel-65-3-0-0\" class=\"so-panel widget widget_sow-image panel-first-child panel-last-child\" data-index=\"5\" ><div\n\t\t\t\n\t\t\tclass=\"so-widget-sow-image so-widget-sow-image-default-8b5b6f678277-65\"\n\t\t\t\n\t\t>\r\n\r\n\r\n<div class=\"sow-image-container\">\r\n    \r\n    <img title=\"LA FICO\u00cfDE GLACIALE HERBIER\"          class=\"so-widget-image\" \/>\r\n\r\n    \r\n    \r\n    <\/div>\r\n\r\n<\/div><\/div><\/div><div id=\"pgc-65-3-1\"  class=\"panel-grid-cell\" ><div id=\"panel-65-3-1-0\" class=\"so-panel widget widget_sow-editor panel-first-child panel-last-child\" data-index=\"6\" ><div\n\t\t\t\n\t\t\tclass=\"so-widget-sow-editor so-widget-sow-editor-base\"\n\t\t\t\n\t\t>\n<div class=\"siteorigin-widget-tinymce textwidget\">\n\t<h3 class=\"color title_header\">L'ORIGINE DE NOTRE PLANTE<\/h3>\n<p class=\"color chapo\">Adaptable, la\u00a0<strong>Fico\u00efde Glaciale<\/strong>\u00a0peut pousser sous toutes nos latitudes. C\u2019est ce qui permet \u00e0 Yves Rocher de la cultiver sur ses propres terres \u00e0\u00a0<a href=\"https:\/\/www.yves-rocher.fr\/control\/com\/fr\/la-gacilly-un-modele-de-gestion-responsable\" target=\" _self\">La Gacilly<\/a>, en France. C\u2019est le meilleur moyen de l\u2019\u00e9tudier, de suivre sa croissance et de ma\u00eetriser sa culture biologique.<\/p>\n<p class=\"color readmore--js\">D\u00e8s 2008, des \u00e9tudes agronomiques et phytologiques ont \u00e9t\u00e9 men\u00e9es pour d\u00e9terminer les meilleures conditions de culture (arrosage, densit\u00e9 des semis, sablage\u2026) et la p\u00e9riode de r\u00e9colte optimale. R\u00e9sultat\u00a0: la\u00a0<strong>Fico\u00efde Glaciale<\/strong>\u00a0est sem\u00e9e au printemps et r\u00e9colt\u00e9e vers le mois de juillet, apr\u00e8s 10 \u00e0 13 semaines de culture, au moment o\u00f9 elle est la plus riche en compos\u00e9s d\u2019int\u00e9r\u00eat. D\u00e8s la r\u00e9colte, elle est transport\u00e9e par camion frigorifique pour \u00eatre ensuite tr\u00e8s rapidement soumises \u00e0 un proc\u00e9d\u00e9 d\u2019extraction naturel exclusif.<\/p>\n<\/div>\n<\/div><\/div><\/div><\/div><div id=\"pg-65-4\"  class=\"panel-grid panel-no-style\" ><div id=\"pgc-65-4-0\"  class=\"panel-grid-cell\" ><div id=\"panel-65-4-0-0\" class=\"so-panel widget widget_sow-editor panel-first-child panel-last-child\" data-index=\"7\" ><div\n\t\t\t\n\t\t\tclass=\"so-widget-sow-editor so-widget-sow-editor-base\"\n\t\t\t\n\t\t>\n<div class=\"siteorigin-widget-tinymce textwidget\">\n\t<h3 class=\"color title_header\">L'ORIGINE DE NOTRE PLANTE<\/h3>\n<p class=\"color chapo\">Adaptable, la\u00a0<strong>Fico\u00efde Glaciale<\/strong>\u00a0peut pousser sous toutes nos latitudes. C\u2019est ce qui permet \u00e0 Yves Rocher de la cultiver sur ses propres terres \u00e0\u00a0<a href=\"https:\/\/www.yves-rocher.fr\/control\/com\/fr\/la-gacilly-un-modele-de-gestion-responsable\" target=\" _self\">La Gacilly<\/a>, en France. C\u2019est le meilleur moyen de l\u2019\u00e9tudier, de suivre sa croissance et de ma\u00eetriser sa culture biologique.<\/p>\n<p class=\"color readmore--js\">D\u00e8s 2008, des \u00e9tudes agronomiques et phytologiques ont \u00e9t\u00e9 men\u00e9es pour d\u00e9terminer les meilleures conditions de culture (arrosage, densit\u00e9 des semis, sablage\u2026) et la p\u00e9riode de r\u00e9colte optimale. R\u00e9sultat\u00a0: la\u00a0<strong>Fico\u00efde Glaciale<\/strong>\u00a0est sem\u00e9e au printemps et r\u00e9colt\u00e9e vers le mois de juillet, apr\u00e8s 10 \u00e0 13 semaines de culture, au moment o\u00f9 elle est la plus riche en compos\u00e9s d\u2019int\u00e9r\u00eat. D\u00e8s la r\u00e9colte, elle est transport\u00e9e par camion frigorifique pour \u00eatre ensuite tr\u00e8s rapidement soumises \u00e0 un proc\u00e9d\u00e9 d\u2019extraction naturel exclusif.<\/p>\n<\/div>\n<\/div><\/div><\/div><div id=\"pgc-65-4-1\"  class=\"panel-grid-cell\" ><div id=\"panel-65-4-1-0\" class=\"so-panel widget widget_sow-image panel-first-child panel-last-child\" data-index=\"8\" ><div\n\t\t\t\n\t\t\tclass=\"so-widget-sow-image so-widget-sow-image-default-8b5b6f678277-65\"\n\t\t\t\n\t\t>\r\n\r\n\r\n<div class=\"sow-image-container\">\r\n    \r\n    <img title=\"LA FICO\u00cfDE GLACIALE HERBIER\"          class=\"so-widget-image\" \/>\r\n\r\n    \r\n    \r\n    <\/div>\r\n\r\n<\/div><\/div><\/div><\/div><div id=\"pg-65-5\"  class=\"panel-grid panel-no-style\" ><div id=\"pgc-65-5-0\"  class=\"panel-grid-cell\" ><div id=\"panel-65-5-0-0\" class=\"so-panel widget widget_sow-image panel-first-child panel-last-child\" data-index=\"9\" ><div\n\t\t\t\n\t\t\tclass=\"so-widget-sow-image so-widget-sow-image-default-8b5b6f678277-65\"\n\t\t\t\n\t\t>\r\n\r\n\r\n<div class=\"sow-image-container\">\r\n    \r\n    <img title=\"LA FICO\u00cfDE GLACIALE HERBIER\"          class=\"so-widget-image\" \/>\r\n\r\n    \r\n    \r\n    <\/div>\r\n\r\n<\/div><\/div><\/div><div id=\"pgc-65-5-1\"  class=\"panel-grid-cell\" ><div id=\"panel-65-5-1-0\" class=\"so-panel widget widget_sow-editor panel-first-child panel-last-child\" data-index=\"10\" ><div\n\t\t\t\n\t\t\tclass=\"so-widget-sow-editor so-widget-sow-editor-base\"\n\t\t\t\n\t\t>\n<div class=\"siteorigin-widget-tinymce textwidget\">\n\t<h3 class=\"color title_header\">NOTRE EXTRAIT<\/h3>\n<p class=\"color chapo\">La ride, r\u00e9sultat du ralentissement simultan\u00e9 de nombreuses fonctions physiologiques, est l\u2019enjeu majeur de la Cosm\u00e9tique.<\/p>\n<p class=\"color readmore--js\">Pour optimiser l\u2019<a href=\"https:\/\/www.yves-rocher.fr\/control\/com\/fr\/la-passion-du-vegetal\" target=\" _self\">Assimilation<\/a>\u00a0et l\u2019efficacit\u00e9 cutan\u00e9e, la Recherche Yves Rocher a mis au point et brevet\u00e9 un proc\u00e9d\u00e9 exclusif d'extraction naturelle de la\u00a0<strong>Fico\u00efde Glaciale<\/strong>\u00a0: la Cryoextraction enzymatique. La plante est broy\u00e9e \u00e0 une temp\u00e9rature n\u00e9gative (-70\u00b0C) afin de pr\u00e9server l\u2019int\u00e9grit\u00e9 de ses mol\u00e9cules actives. Une fois ce \u00ab\u00a0s\u00e9rum de vie\u00a0\u00bb r\u00e9cup\u00e9r\u00e9, comment agit-il sur les rides\u00a0? Gr\u00e2ce \u00e0 son action sur la prot\u00e9ine mTOR. Celle-ci est un centre de contr\u00f4le biologique qui r\u00e9gule les m\u00e9canismes et fonctions des cellules de la peau\u00a0: protection, d\u00e9fense, r\u00e9g\u00e9n\u00e9ration\u2026 et jouvence\u00a0! L\u2019extrait de\u00a0<strong>Fico\u00efde Glaciale<\/strong>\u00a0mis au point par la Recherche Yves Rocher a d\u00e9montr\u00e9, in vitro, qu\u2019il stimule significativement la prot\u00e9ine mTOR. C\u2019est une premi\u00e8re in\u00e9dite en Cosm\u00e9tique. Dans la Gamme\u00a0<a href=\"https:\/\/serum-vegetal.yves-rocher.fr\/\" target=\" _self\">S\u00e9rum V\u00e9g\u00e9tal<\/a>*, les associations exclusives de l\u2019extrait de\u00a0<strong>Fico\u00efde Glaciale\u00a0<\/strong>avec ceux d\u2019Oryza, d\u2019Argousier et de la Gomme d\u2019Acacia, s\u2019adaptent \u00e0 tous les types de peau et r\u00e9pondent aux besoins de chaque femme\u00a0: l\u2019\u00e9clat, la fermet\u00e9, l\u2019effet lift**.<\/p>\n<p class=\"color readmore--js\">*Tests in vivo<\/p>\n<p class=\"color readmore--js\">**Tests in vivo<\/p>\n<\/div>\n<\/div><\/div><\/div><\/div><\/div>","protected":false},"excerpt":{"rendered":"<p>BOTANIQUENOM LATINMesembryanthemum crystallinumNOMS VERNACULAIRESFico\u00efde GlacialeFAMILLEAizoaceaeORIGINESZones d\u00e9sertiques sud de l\u2019Afrique<\/p>\n","protected":false},"author":935949,"featured_media":0,"comment_status":"open","ping_status":"open","sticky":false,"template":"","format":"standard","meta":{"_acf_changed":false,"footnotes":""},"categories":[1],"tags":[],"class_list":["post-65","post","type-post","status-publish","format-standard","hentry","category-uncategorized"],"acf":[],"yoast_head":"<!-- This site is optimized with the Yoast SEO plugin v24.7 - https:\/\/yoast.com\/wordpress\/plugins\/seo\/ -->\n<title>Act Beautiful - LA FICO\u00cfDE GLACIALE HERBIER - Yves Rocher<\/title>\n<meta name=\"robots\" content=\"index, follow, max-snippet:-1, max-image-preview:large, max-video-preview:-1\" \/>\n<link rel=\"canonical\" href=\"https:\/\/abspace.yves-rocher.com\/fi\/fi\/la-ficoide-glaciale-herbier\/\" \/>\n<meta property=\"og:locale\" content=\"fi_FI\" \/>\n<meta property=\"og:type\" content=\"article\" \/>\n<meta property=\"og:title\" content=\"Act Beautiful - LA FICO\u00cfDE GLACIALE HERBIER - Yves Rocher\" \/>\n<meta property=\"og:url\" content=\"https:\/\/abspace.yves-rocher.com\/fi\/fi\/la-ficoide-glaciale-herbier\/\" \/>\n<meta property=\"og:site_name\" content=\"Finland YR AB\" \/>\n<meta property=\"article:published_time\" content=\"2019-07-29T08:35:44+00:00\" \/>\n<meta property=\"article:modified_time\" content=\"2019-07-29T11:48:10+00:00\" \/>\n<meta name=\"author\" content=\"Alice Mendes\" \/>\n<meta name=\"twitter:card\" content=\"summary_large_image\" \/>\n<meta name=\"twitter:label1\" content=\"Written by\" \/>\n\t<meta name=\"twitter:data1\" content=\"Alice Mendes\" \/>\n<script type=\"application\/ld+json\" class=\"yoast-schema-graph\">{\"@context\":\"https:\/\/schema.org\",\"@graph\":[{\"@type\":\"WebPage\",\"@id\":\"https:\/\/abspace.yves-rocher.com\/fi\/fi\/la-ficoide-glaciale-herbier\/\",\"url\":\"https:\/\/abspace.yves-rocher.com\/fi\/fi\/la-ficoide-glaciale-herbier\/\",\"name\":\"Act Beautiful - LA FICO\u00cfDE GLACIALE HERBIER - Yves Rocher\",\"isPartOf\":{\"@id\":\"https:\/\/abspace.yves-rocher.com\/fi\/#website\"},\"datePublished\":\"2019-07-29T08:35:44+00:00\",\"dateModified\":\"2019-07-29T11:48:10+00:00\",\"author\":{\"@id\":\"https:\/\/abspace.yves-rocher.com\/fi\/#\/schema\/person\/40f8c53003459b41fa1aca086c588e97\"},\"breadcrumb\":{\"@id\":\"https:\/\/abspace.yves-rocher.com\/fi\/fi\/la-ficoide-glaciale-herbier\/#breadcrumb\"},\"inLanguage\":\"fi\",\"potentialAction\":[{\"@type\":\"ReadAction\",\"target\":[\"https:\/\/abspace.yves-rocher.com\/fi\/fi\/la-ficoide-glaciale-herbier\/\"]}]},{\"@type\":\"BreadcrumbList\",\"@id\":\"https:\/\/abspace.yves-rocher.com\/fi\/fi\/la-ficoide-glaciale-herbier\/#breadcrumb\",\"itemListElement\":[{\"@type\":\"ListItem\",\"position\":1,\"name\":\"Home\",\"item\":\"https:\/\/abspace.yves-rocher.com\/fi\/fi\/\"},{\"@type\":\"ListItem\",\"position\":2,\"name\":\"LA FICO\u00cfDE GLACIALE HERBIER\"}]},{\"@type\":\"WebSite\",\"@id\":\"https:\/\/abspace.yves-rocher.com\/fi\/#website\",\"url\":\"https:\/\/abspace.yves-rocher.com\/fi\/\",\"name\":\"Finland YR AB\",\"description\":\"Just another Act Beautiful site\",\"potentialAction\":[{\"@type\":\"SearchAction\",\"target\":{\"@type\":\"EntryPoint\",\"urlTemplate\":\"https:\/\/abspace.yves-rocher.com\/fi\/?s={search_term_string}\"},\"query-input\":{\"@type\":\"PropertyValueSpecification\",\"valueRequired\":true,\"valueName\":\"search_term_string\"}}],\"inLanguage\":\"fi\"},{\"@type\":\"Person\",\"@id\":\"https:\/\/abspace.yves-rocher.com\/fi\/#\/schema\/person\/40f8c53003459b41fa1aca086c588e97\",\"name\":\"Alice Mendes\",\"image\":{\"@type\":\"ImageObject\",\"inLanguage\":\"fi\",\"@id\":\"https:\/\/abspace.yves-rocher.com\/fi\/#\/schema\/person\/image\/\",\"url\":\"https:\/\/secure.gravatar.com\/avatar\/610d2792616e6f74a4f3fbadf5cd6c89?s=96&d=mm&r=g\",\"contentUrl\":\"https:\/\/secure.gravatar.com\/avatar\/610d2792616e6f74a4f3fbadf5cd6c89?s=96&d=mm&r=g\",\"caption\":\"Alice Mendes\"},\"url\":\"https:\/\/abspace.yves-rocher.com\/fi\/fi\/author\/alicemendes\/\"}]}<\/script>\n<!-- \/ Yoast SEO plugin. -->","yoast_head_json":{"title":"Act Beautiful - LA FICO\u00cfDE GLACIALE HERBIER - Yves Rocher","robots":{"index":"index","follow":"follow","max-snippet":"max-snippet:-1","max-image-preview":"max-image-preview:large","max-video-preview":"max-video-preview:-1"},"canonical":"https:\/\/abspace.yves-rocher.com\/fi\/fi\/la-ficoide-glaciale-herbier\/","og_locale":"fi_FI","og_type":"article","og_title":"Act Beautiful - LA FICO\u00cfDE GLACIALE HERBIER - Yves Rocher","og_url":"https:\/\/abspace.yves-rocher.com\/fi\/fi\/la-ficoide-glaciale-herbier\/","og_site_name":"Finland YR AB","article_published_time":"2019-07-29T08:35:44+00:00","article_modified_time":"2019-07-29T11:48:10+00:00","author":"Alice Mendes","twitter_card":"summary_large_image","twitter_misc":{"Written by":"Alice Mendes"},"schema":{"@context":"https:\/\/schema.org","@graph":[{"@type":"WebPage","@id":"https:\/\/abspace.yves-rocher.com\/fi\/fi\/la-ficoide-glaciale-herbier\/","url":"https:\/\/abspace.yves-rocher.com\/fi\/fi\/la-ficoide-glaciale-herbier\/","name":"Act Beautiful - LA FICO\u00cfDE GLACIALE HERBIER - Yves Rocher","isPartOf":{"@id":"https:\/\/abspace.yves-rocher.com\/fi\/#website"},"datePublished":"2019-07-29T08:35:44+00:00","dateModified":"2019-07-29T11:48:10+00:00","author":{"@id":"https:\/\/abspace.yves-rocher.com\/fi\/#\/schema\/person\/40f8c53003459b41fa1aca086c588e97"},"breadcrumb":{"@id":"https:\/\/abspace.yves-rocher.com\/fi\/fi\/la-ficoide-glaciale-herbier\/#breadcrumb"},"inLanguage":"fi","potentialAction":[{"@type":"ReadAction","target":["https:\/\/abspace.yves-rocher.com\/fi\/fi\/la-ficoide-glaciale-herbier\/"]}]},{"@type":"BreadcrumbList","@id":"https:\/\/abspace.yves-rocher.com\/fi\/fi\/la-ficoide-glaciale-herbier\/#breadcrumb","itemListElement":[{"@type":"ListItem","position":1,"name":"Home","item":"https:\/\/abspace.yves-rocher.com\/fi\/fi\/"},{"@type":"ListItem","position":2,"name":"LA FICO\u00cfDE GLACIALE HERBIER"}]},{"@type":"WebSite","@id":"https:\/\/abspace.yves-rocher.com\/fi\/#website","url":"https:\/\/abspace.yves-rocher.com\/fi\/","name":"Finland YR AB","description":"Just another Act Beautiful site","potentialAction":[{"@type":"SearchAction","target":{"@type":"EntryPoint","urlTemplate":"https:\/\/abspace.yves-rocher.com\/fi\/?s={search_term_string}"},"query-input":{"@type":"PropertyValueSpecification","valueRequired":true,"valueName":"search_term_string"}}],"inLanguage":"fi"},{"@type":"Person","@id":"https:\/\/abspace.yves-rocher.com\/fi\/#\/schema\/person\/40f8c53003459b41fa1aca086c588e97","name":"Alice Mendes","image":{"@type":"ImageObject","inLanguage":"fi","@id":"https:\/\/abspace.yves-rocher.com\/fi\/#\/schema\/person\/image\/","url":"https:\/\/secure.gravatar.com\/avatar\/610d2792616e6f74a4f3fbadf5cd6c89?s=96&d=mm&r=g","contentUrl":"https:\/\/secure.gravatar.com\/avatar\/610d2792616e6f74a4f3fbadf5cd6c89?s=96&d=mm&r=g","caption":"Alice Mendes"},"url":"https:\/\/abspace.yves-rocher.com\/fi\/fi\/author\/alicemendes\/"}]}},"_links":{"self":[{"href":"https:\/\/abspace.yves-rocher.com\/fi\/ws\/wp\/v2\/posts\/65","targetHints":{"allow":["GET"]}}],"collection":[{"href":"https:\/\/abspace.yves-rocher.com\/fi\/ws\/wp\/v2\/posts"}],"about":[{"href":"https:\/\/abspace.yves-rocher.com\/fi\/ws\/wp\/v2\/types\/post"}],"author":[{"embeddable":true,"href":"https:\/\/abspace.yves-rocher.com\/fi\/ws\/wp\/v2\/users\/935949"}],"replies":[{"embeddable":true,"href":"https:\/\/abspace.yves-rocher.com\/fi\/ws\/wp\/v2\/comments?post=65"}],"version-history":[{"count":1,"href":"https:\/\/abspace.yves-rocher.com\/fi\/ws\/wp\/v2\/posts\/65\/revisions"}],"predecessor-version":[{"id":66,"href":"https:\/\/abspace.yves-rocher.com\/fi\/ws\/wp\/v2\/posts\/65\/revisions\/66"}],"wp:attachment":[{"href":"https:\/\/abspace.yves-rocher.com\/fi\/ws\/wp\/v2\/media?parent=65"}],"wp:term":[{"taxonomy":"category","embeddable":true,"href":"https:\/\/abspace.yves-rocher.com\/fi\/ws\/wp\/v2\/categories?post=65"},{"taxonomy":"post_tag","embeddable":true,"href":"https:\/\/abspace.yves-rocher.com\/fi\/ws\/wp\/v2\/tags?post=65"}],"curies":[{"name":"wp","href":"https:\/\/api.w.org\/{rel}","templated":true}]}}