{"id":732,"date":"2019-07-15T19:55:51","date_gmt":"2019-07-15T19:55:51","guid":{"rendered":"http:\/\/abspace.yves-rocher.com\/fi\/?p=732"},"modified":"2021-09-23T11:45:03","modified_gmt":"2021-09-23T11:45:03","slug":"kiitos-aiti-maa","status":"publish","type":"post","link":"https:\/\/abspace.yves-rocher.com\/fi\/fi\/kiitos-aiti-maa\/","title":{"rendered":"Kiitos \u00c4iti Maa!"},"content":{"rendered":"<div id=\"pl-732\"  class=\"panel-layout\" ><div id=\"pg-732-0\"  class=\"panel-grid panel-no-style\" ><div id=\"pgc-732-0-0\"  class=\"panel-grid-cell\" >            <div class=\"textWidget header-description \">\r\n                <p>Yves Rocher\u2019n joulukauden teema on t\u00e4n\u00e4 vuonna luonto. Olemme vakuuttuneita siit\u00e4, ett\u00e4 se on todellakin kaikkein arvokkain lahja. Oletko sin\u00e4 samaa mielt\u00e4? <\/p>\r\n            <\/div>\r\n    <\/div><\/div><div id=\"pg-732-1\"  class=\"panel-grid panel-no-style\" ><div id=\"pgc-732-1-0\"  class=\"panel-grid-cell\" ><div class=\"layoutEdito panel-cell-style panel-cell-style-for-732-1-0\" ><div id=\"panel-732-1-0-0\" class=\"so-panel widget widget_sow-video panel-first-child panel-last-child\" data-index=\"1\" ><div\n\t\t\t\n\t\t\tclass=\"so-widget-sow-video so-widget-sow-video-default-f379b959fc93-732\"\n\t\t\t\n\t\t>\n<div class=\"sow-video-wrapper\">\n\t\t\t<video\n\t\t\tid=\"sow-player-1\" class=\"sow-video-widget\" preload=\"auto\" style=\"width:100%;height:100%;\" controls \t\t>\n\t\t\t\t\t<\/video>\n\t<\/div>\n<\/div><\/div><\/div><\/div><\/div><div id=\"pg-732-2\"  class=\"panel-grid panel-no-style\" ><div id=\"pgc-732-2-0\"  class=\"panel-grid-cell\" ><div class=\"layoutEdito panel-cell-style panel-cell-style-for-732-2-0\" ><div id=\"panel-732-2-0-0\" class=\"so-panel widget widget_sow-editor panel-first-child panel-last-child\" data-index=\"2\" ><div\n\t\t\t\n\t\t\tclass=\"so-widget-sow-editor so-widget-sow-editor-base\"\n\t\t\t\n\t\t>\n<div class=\"siteorigin-widget-tinymce textwidget\">\n\t<h2>Luonto on hyvinvoinnin l\u00e4hde:<\/h2>\n<\/div>\n<\/div><\/div><\/div><\/div><\/div><div id=\"pg-732-3\"  class=\"panel-grid panel-no-style\" ><div id=\"pgc-732-3-0\"  class=\"panel-grid-cell\" ><div class=\"layoutEdito panel-cell-style panel-cell-style-for-732-3-0\" ><div id=\"panel-732-3-0-0\" class=\"so-panel widget widget_sow-editor panel-first-child panel-last-child\" data-index=\"3\" ><div\n\t\t\t\n\t\t\tclass=\"so-widget-sow-editor so-widget-sow-editor-base\"\n\t\t\t\n\t\t>\n<div class=\"siteorigin-widget-tinymce textwidget\">\n\t<p><em>K\u00e4vely mets\u00e4ss\u00e4<\/em><\/p>\n<p>Haluaisitko joskus paeta kaupunkiarjen stressi\u00e4 ja ep\u00e4puhdasta ilmaa? Tarvitsetko tauon digimaailmasta ja kaikesta tekniikasta? Ei ole mit\u00e4\u00e4n rentouttavampaa kuin k\u00e4vely mets\u00e4ss\u00e4. Silloin voit nauttia kaikesta luonnon tarjoamasta kauneudesta. Japanilaiset kutsuvat mets\u00e4k\u00e4velyit\u00e4 <strong>\"mets\u00e4uinniksi\"<\/strong> eli \u201dShinrin-yokuksi\u201d. Se on japanilaisen l\u00e4\u00e4ketieteen maailmassa suosittu ja tunnettu termi, ja kokemuksella on todistettu rauhoittava vaikutus.<\/p>\n<p>K\u00e4vele mets\u00e4ss\u00e4 hitaasti, jotta her\u00e4tt\u00e4isit kaikki aistisi miellytt\u00e4v\u00e4sti. Alat v\u00e4hitellen tuntea yhteyden luontoon ja voit keskitty\u00e4 kaikkiin sen rentouttaviin \u00e4\u00e4niin. Huomaa kaikki kauniit v\u00e4rit ymp\u00e4rill\u00e4si ja nauti vihre\u00e4n, ruskean ja keltaisen eri s\u00e4vyist\u00e4. Kuuntele lintujen laulua ja hengit\u00e4 luonnon raikasta tuoksua. Anna luonnon ohjata itse\u00e4si ja rentoudu rauhassa ja hiljaisuudessa. Anna itsellesi aikaa olla l\u00e4sn\u00e4.<\/p>\n<\/div>\n<\/div><\/div><\/div><\/div><div id=\"pgc-732-3-1\"  class=\"panel-grid-cell\" ><div class=\"layoutEdito panel-cell-style panel-cell-style-for-732-3-1\" ><div id=\"panel-732-3-1-0\" class=\"so-panel widget widget_sow-image panel-first-child panel-last-child\" data-index=\"4\" ><div\n\t\t\t\n\t\t\tclass=\"so-widget-sow-image so-widget-sow-image-default-8b5b6f678277-732\"\n\t\t\t\n\t\t>\r\n\r\n\r\n<div class=\"sow-image-container\">\r\n    \r\n    <img loading=\"lazy\" decoding=\"async\" src=\"https:\/\/abspace.yves-rocher.com\/fi\/wp-content\/uploads\/sites\/15\/2019\/11\/1912_lieux_image1_1100x652.jpg\" width=\"1100\" height=\"652\" srcset=\"\"          class=\"so-widget-image\" \/>\r\n\r\n    \r\n    \r\n    <\/div>\r\n\r\n<\/div><\/div><\/div><\/div><\/div><div id=\"pg-732-4\"  class=\"panel-grid panel-no-style\" ><div id=\"pgc-732-4-0\"  class=\"panel-grid-cell\" ><div class=\"layoutEdito panel-cell-style panel-cell-style-for-732-4-0\" ><div id=\"panel-732-4-0-0\" class=\"so-panel widget widget_sow-image panel-first-child panel-last-child\" data-index=\"5\" ><div\n\t\t\t\n\t\t\tclass=\"so-widget-sow-image so-widget-sow-image-default-8b5b6f678277-732\"\n\t\t\t\n\t\t>\r\n\r\n\r\n<div class=\"sow-image-container\">\r\n    \r\n    <img loading=\"lazy\" decoding=\"async\" src=\"https:\/\/abspace.yves-rocher.com\/fi\/wp-content\/uploads\/sites\/15\/2019\/11\/1912_lieux_image2_1100x652-1.jpg\" width=\"1100\" height=\"652\" srcset=\"\" title=\"1912_lieux_image2_1100x652\"          class=\"so-widget-image\" \/>\r\n\r\n    \r\n    \r\n    <\/div>\r\n\r\n<\/div><\/div><\/div><\/div><div id=\"pgc-732-4-1\"  class=\"panel-grid-cell\" ><div class=\"layoutEdito panel-cell-style panel-cell-style-for-732-4-1\" ><div id=\"panel-732-4-1-0\" class=\"so-panel widget widget_sow-editor panel-first-child panel-last-child\" data-index=\"6\" ><div\n\t\t\t\n\t\t\tclass=\"so-widget-sow-editor so-widget-sow-editor-base\"\n\t\t\t\n\t\t>\n<div class=\"siteorigin-widget-tinymce textwidget\">\n\t<p><em>Ryhdy puunhalaajaksi<\/em><\/p>\n<p>Jos et asu mets\u00e4n l\u00e4hell\u00e4 tai olet liian kiireinen ehti\u00e4ksesi sinne, voit kokeilla puiden halaamista, sill\u00e4 se on tehokas tapa lievitt\u00e4\u00e4 stressi\u00e4. Valitse inspiroiva puu mieluiten hiljaisesta ja syrj\u00e4isest\u00e4 paikasta, jossa ei ole h\u00e4iri\u00f6tekij\u00f6it\u00e4. Sulje silm\u00e4si ja halaa puunrunkoa. Anna sormiesi p\u00e4\u00e4st\u00e4 kosketuksiin puun kuoren kanssa ja tunne sen l\u00e4mp\u00f6 k\u00e4siss\u00e4si. Tarkastele puun hiljaista l\u00e4sn\u00e4oloa ja virkist\u00e4v\u00e4\u00e4 energiaa hetken ajan. Tied\u00e4mme, ett\u00e4 t\u00e4m\u00e4 saattaa kuulostaa hiukan oudolta \u2013 mutta uskalla kokeilla, niin n\u00e4et, toimiiko se kohdallasi.<\/p>\n<\/div>\n<\/div><\/div><\/div><\/div><\/div><div id=\"pg-732-5\"  class=\"panel-grid panel-no-style\" ><div id=\"pgc-732-5-0\"  class=\"panel-grid-cell\" ><div class=\"layoutEdito panel-cell-style panel-cell-style-for-732-5-0\" ><div id=\"panel-732-5-0-0\" class=\"so-panel widget widget_sow-editor panel-first-child panel-last-child\" data-index=\"7\" ><div\n\t\t\t\n\t\t\tclass=\"so-widget-sow-editor so-widget-sow-editor-base\"\n\t\t\t\n\t\t>\n<div class=\"siteorigin-widget-tinymce textwidget\">\n\t<p><em>Kuuntele veden \u00e4\u00e4nt\u00e4<\/em><\/p>\n<p>Emme ehk\u00e4 tule aina ajatelleeksi, ett\u00e4 virtaavan veden \u00e4\u00e4ni rentouttaa eritt\u00e4in tehokkaasti. Kohtaamme arkiel\u00e4m\u00e4ss\u00e4 usein stressaavia \u00e4\u00e4ni\u00e4, kuten liikenteen melua tai matkapuhelimen soitto\u00e4\u00e4ni\u00e4. Kuuntelemalla virtaavan veden \u00e4\u00e4nt\u00e4 voit luoda miellytt\u00e4v\u00e4n yhteyden luontoon. Kehomme muistuttaa meit\u00e4 syv\u00e4st\u00e4 yhteydest\u00e4 luonnon elementteihin, jotka lis\u00e4\u00e4v\u00e4t hyvinvointiamme. Luonnon \u00e4\u00e4ni\u00e4 k\u00e4ytet\u00e4\u00e4n usein rentoutumisen ja meditaation yhteydess\u00e4.<\/p>\n<\/div>\n<\/div><\/div><\/div><\/div><div id=\"pgc-732-5-1\"  class=\"panel-grid-cell\" ><div class=\"layoutEdito panel-cell-style panel-cell-style-for-732-5-1\" ><div id=\"panel-732-5-1-0\" class=\"so-panel widget widget_sow-image panel-first-child panel-last-child\" data-index=\"8\" ><div\n\t\t\t\n\t\t\tclass=\"so-widget-sow-image so-widget-sow-image-default-8b5b6f678277-732\"\n\t\t\t\n\t\t>\r\n\r\n\r\n<div class=\"sow-image-container\">\r\n    \r\n    <img loading=\"lazy\" decoding=\"async\" src=\"https:\/\/abspace.yves-rocher.com\/fi\/wp-content\/uploads\/sites\/15\/2019\/11\/1912_lieux_image3_1100x652.jpg\" width=\"1100\" height=\"652\" srcset=\"\"          class=\"so-widget-image\" \/>\r\n\r\n    \r\n    \r\n    <\/div>\r\n\r\n<\/div><\/div><\/div><\/div><\/div><div id=\"pg-732-6\"  class=\"panel-grid panel-no-style\" ><div id=\"pgc-732-6-0\"  class=\"panel-grid-cell\" ><div class=\"layoutEdito panel-cell-style panel-cell-style-for-732-6-0\" ><div id=\"panel-732-6-0-0\" class=\"so-panel widget widget_sow-editor panel-first-child panel-last-child\" data-index=\"9\" ><div\n\t\t\t\n\t\t\tclass=\"so-widget-sow-editor so-widget-sow-editor-base\"\n\t\t\t\n\t\t>\n<div class=\"siteorigin-widget-tinymce textwidget\">\n\t<p>uskomattoman kaunista luontokohdetta, jotka todistavat, ett\u00e4 luonto on lahjoista arvokkain:\u00a0<\/p>\n<h3>\u00a0<\/h3>\n<\/div>\n<\/div><\/div><\/div><\/div><\/div><div id=\"pg-732-7\"  class=\"panel-grid panel-no-style\" ><div id=\"pgc-732-7-0\"  class=\"panel-grid-cell\" ><div class=\"layoutEdito panel-cell-style panel-cell-style-for-732-7-0\" ><div id=\"panel-732-7-0-0\" class=\"so-panel widget widget_sow-image panel-first-child panel-last-child\" data-index=\"10\" ><div\n\t\t\t\n\t\t\tclass=\"so-widget-sow-image so-widget-sow-image-default-8b5b6f678277-732\"\n\t\t\t\n\t\t>\r\n\r\n\r\n<div class=\"sow-image-container\">\r\n    \r\n    <img loading=\"lazy\" decoding=\"async\" src=\"https:\/\/abspace.yves-rocher.com\/fi\/wp-content\/uploads\/sites\/15\/2019\/11\/1912_lieux_image4_1100x652.jpg\" width=\"1100\" height=\"652\" srcset=\"\"          class=\"so-widget-image\" \/>\r\n\r\n    \r\n    \r\n    <\/div>\r\n\r\n<\/div><\/div><\/div><\/div><div id=\"pgc-732-7-1\"  class=\"panel-grid-cell\" ><div class=\"layoutEdito panel-cell-style panel-cell-style-for-732-7-1\" ><div id=\"panel-732-7-1-0\" class=\"so-panel widget widget_sow-editor panel-first-child panel-last-child\" data-index=\"11\" ><div\n\t\t\t\n\t\t\tclass=\"so-widget-sow-editor so-widget-sow-editor-base\"\n\t\t\t\n\t\t>\n<div class=\"siteorigin-widget-tinymce textwidget\">\n\t<p><em>Taiga (Pohjois-Kanada, Ven\u00e4j\u00e4, Skandinavia, Suomi ja It\u00e4-Siperia)<\/em><\/p>\n<p><strong>Taiga<\/strong> eli boreaalinen mets\u00e4vy\u00f6hyke on biologiselta monimuotoisuudeltaan ja kooltaan ainutlaatuinen elinymp\u00e4rist\u00f6. Havupuut (kuuset ja m\u00e4nnyt) sek\u00e4 lehtipuut (koivu ja lepp\u00e4) kasvavat l\u00e4hes 40 000 neli\u00f6kilometrin laajuisella alueella, joka ulottuu Skandinaviasta It\u00e4-Siperiaan ja Pohjois-Ven\u00e4j\u00e4lle. Samantyyppinen mets\u00e4 ulottuu my\u00f6s yli 2 000 neli\u00f6kilometrin alueelle Pohjois-Kanadassa. Mets\u00e4t vaativat jatkuvaa suojaa ja vaalimista, sill\u00e4 ne edustavat noin kolmannesta maapallon pinta-alasta.<\/p>\n<\/div>\n<\/div><\/div><\/div><\/div><\/div><div id=\"pg-732-8\"  class=\"panel-grid panel-no-style\" ><div id=\"pgc-732-8-0\"  class=\"panel-grid-cell\" ><div class=\"layoutEdito panel-cell-style panel-cell-style-for-732-8-0\" ><div id=\"panel-732-8-0-0\" class=\"so-panel widget widget_sow-editor panel-first-child panel-last-child\" data-index=\"12\" ><div\n\t\t\t\n\t\t\tclass=\"so-widget-sow-editor so-widget-sow-editor-base\"\n\t\t\t\n\t\t>\n<div class=\"siteorigin-widget-tinymce textwidget\">\n\t<p><em>Shibazakura-niityt (Japani)<\/em><\/p>\n<p>Huhtikuun puoliv\u00e4list\u00e4 toukokuun alkuun Fuji-vuorta peitt\u00e4\u00e4 800 000 sammalleimua. Vaaleanpunaiset, violetit ja valkoiset kukat ovat levitt\u00e4ytyneet Japanin korkeimman huipun kupeeseen. Kukat ovat t\u00e4rke\u00e4 osa japanilaista kulttuuria, ja joka vuosi t\u00e4ss\u00e4 n\u00e4ytt\u00e4v\u00e4ss\u00e4 paikassa pidet\u00e4\u00e4n yksi Japanin suurimmista kukkafestivaaleista.<\/p>\n<\/div>\n<\/div><\/div><\/div><\/div><div id=\"pgc-732-8-1\"  class=\"panel-grid-cell\" ><div class=\"layoutEdito panel-cell-style panel-cell-style-for-732-8-1\" ><div id=\"panel-732-8-1-0\" class=\"so-panel widget widget_sow-image panel-first-child panel-last-child\" data-index=\"13\" ><div\n\t\t\t\n\t\t\tclass=\"so-widget-sow-image so-widget-sow-image-default-8b5b6f678277-732\"\n\t\t\t\n\t\t>\r\n\r\n\r\n<div class=\"sow-image-container\">\r\n    \r\n    <img loading=\"lazy\" decoding=\"async\" src=\"https:\/\/abspace.yves-rocher.com\/fi\/wp-content\/uploads\/sites\/15\/2019\/11\/1912_lieux_image5_1100x652.jpg\" width=\"1100\" height=\"652\" srcset=\"\"          class=\"so-widget-image\" \/>\r\n\r\n    \r\n    \r\n    <\/div>\r\n\r\n<\/div><\/div><\/div><\/div><\/div><div id=\"pg-732-9\"  class=\"panel-grid panel-no-style\" ><div id=\"pgc-732-9-0\"  class=\"panel-grid-cell\" ><div class=\"layoutEdito panel-cell-style panel-cell-style-for-732-9-0\" ><div id=\"panel-732-9-0-0\" class=\"so-panel widget widget_sow-image panel-first-child panel-last-child\" data-index=\"14\" ><div\n\t\t\t\n\t\t\tclass=\"so-widget-sow-image so-widget-sow-image-default-8b5b6f678277-732\"\n\t\t\t\n\t\t>\r\n\r\n\r\n<div class=\"sow-image-container\">\r\n    \r\n    <img loading=\"lazy\" decoding=\"async\" src=\"https:\/\/abspace.yves-rocher.com\/fi\/wp-content\/uploads\/sites\/15\/2019\/11\/1912_lieux_image6_1100x652.jpg\" width=\"1100\" height=\"652\" srcset=\"\"          class=\"so-widget-image\" \/>\r\n\r\n    \r\n    \r\n    <\/div>\r\n\r\n<\/div><\/div><\/div><\/div><div id=\"pgc-732-9-1\"  class=\"panel-grid-cell\" ><div class=\"layoutEdito panel-cell-style panel-cell-style-for-732-9-1\" ><div id=\"panel-732-9-1-0\" class=\"so-panel widget widget_sow-editor panel-first-child panel-last-child\" data-index=\"15\" ><div\n\t\t\t\n\t\t\tclass=\"so-widget-sow-editor so-widget-sow-editor-base\"\n\t\t\t\n\t\t>\n<div class=\"siteorigin-widget-tinymce textwidget\">\n\t<p><em>Tianzi-vuoret Zhangjiajiessa (Kiina)<\/em><\/p>\n<p>Etel\u00e4-Kiinassa sijaitsevassa <strong>Zhangjiajien<\/strong> kansallispuistossa on eritt\u00e4in korkeita ja hyvin ainutlaatuisia kalkkikivivuoria. Korkeimmat huiput kohoavat yli 1 200 metrin korkeuteen. Ajan my\u00f6t\u00e4 paikasta on tullut t\u00e4ysin ainutlaatuinen maapallollamme, ja vuorilla on paljon erilaisia kukkia, puita, pensaita ja lintuja.<\/p>\n<\/div>\n<\/div><\/div><\/div><\/div><\/div><div id=\"pg-732-10\"  class=\"panel-grid panel-no-style\" ><div id=\"pgc-732-10-0\"  class=\"panel-grid-cell\" ><div class=\"layoutEdito panel-cell-style panel-cell-style-for-732-10-0\" ><div id=\"panel-732-10-0-0\" class=\"so-panel widget widget_sow-editor panel-first-child panel-last-child\" data-index=\"16\" ><div\n\t\t\t\n\t\t\tclass=\"so-widget-sow-editor so-widget-sow-editor-base\"\n\t\t\t\n\t\t>\n<div class=\"siteorigin-widget-tinymce textwidget\">\n\t<p><em>Chamarelin seitsenv\u00e4riset hiekat (Mauritius)<\/em><\/p>\n<p>T\u00e4m\u00e4 poikkeuksellinen <strong>geologinen<\/strong> muodostuma sijaitsee Mauritiuksen etel\u00e4osassa, Chamarelin kyl\u00e4n l\u00e4hell\u00e4. Vulkaanista tuhkaa ja mineraaleja sis\u00e4lt\u00e4viss\u00e4 hiekkadyyneiss\u00e4 on seitsem\u00e4n v\u00e4ris\u00e4vy\u00e4 ruskean, okran, vaaleanpunaisen, violetin ja oranssin vivahteissa. Ilmi\u00f6, jossa v\u00e4rit vaihtuvat p\u00e4ivitt\u00e4in, on sek\u00e4 vaikuttava ett\u00e4 ainutlaatuinen.<\/p>\n<\/div>\n<\/div><\/div><\/div><\/div><div id=\"pgc-732-10-1\"  class=\"panel-grid-cell\" ><div class=\"layoutEdito panel-cell-style panel-cell-style-for-732-10-1\" ><div id=\"panel-732-10-1-0\" class=\"so-panel widget widget_sow-image panel-first-child panel-last-child\" data-index=\"17\" ><div\n\t\t\t\n\t\t\tclass=\"so-widget-sow-image so-widget-sow-image-default-8b5b6f678277-732\"\n\t\t\t\n\t\t>\r\n\r\n\r\n<div class=\"sow-image-container\">\r\n    \r\n    <img loading=\"lazy\" decoding=\"async\" src=\"https:\/\/abspace.yves-rocher.com\/fi\/wp-content\/uploads\/sites\/15\/2019\/11\/1912_lieux_image7_1100x652.jpg\" width=\"1100\" height=\"652\" srcset=\"\"          class=\"so-widget-image\" \/>\r\n\r\n    \r\n    \r\n    <\/div>\r\n\r\n<\/div><\/div><\/div><\/div><\/div><div id=\"pg-732-11\"  class=\"panel-grid panel-no-style\" ><div id=\"pgc-732-11-0\"  class=\"panel-grid-cell panel-grid-cell-empty panel-grid-cell-mobile-last\" ><div class=\"layoutEdito panel-cell-style panel-cell-style-for-732-11-0\" ><\/div><\/div><div id=\"pgc-732-11-1\"  class=\"panel-grid-cell panel-grid-cell-empty\" ><div class=\"layoutEdito panel-cell-style panel-cell-style-for-732-11-1\" ><\/div><\/div><\/div><div id=\"pg-732-12\"  class=\"panel-grid panel-no-style\" ><div id=\"pgc-732-12-0\"  class=\"panel-grid-cell\" ><div class=\"layoutEdito panel-cell-style panel-cell-style-for-732-12-0\" ><div id=\"panel-732-12-0-0\" class=\"so-panel widget panel-first-child panel-last-child\" data-index=\"18\" ><\/div><\/div><\/div><\/div><\/div>","protected":false},"excerpt":{"rendered":"<p>Nautimme luonnon hyvist\u00e4 ominaisuuksista ja ihailemme sen kauneutta p\u00e4ivitt\u00e4in.<\/p>\n","protected":false},"author":935949,"featured_media":743,"comment_status":"open","ping_status":"open","sticky":false,"template":"","format":"standard","meta":{"_acf_changed":false,"footnotes":""},"categories":[1],"tags":[93,167],"class_list":["post-732","post","type-post","status-publish","format-standard","has-post-thumbnail","hentry","category-uncategorized","tag-hidaselama","tag-uutuudet"],"acf":[],"yoast_head":"<!-- This site is optimized with the Yoast SEO plugin v24.7 - https:\/\/yoast.com\/wordpress\/plugins\/seo\/ -->\n<title>Act Beautiful - Kiitos \u00c4iti Maa! - Yves Rocher<\/title>\n<meta name=\"description\" content=\"Nautimme luonnon hyvist\u00e4 ominaisuuksista ja ihailemme sen kauneutta p\u00e4ivitt\u00e4in.\" \/>\n<meta name=\"robots\" content=\"index, follow, max-snippet:-1, max-image-preview:large, max-video-preview:-1\" \/>\n<link rel=\"canonical\" href=\"https:\/\/abspace.yves-rocher.com\/fi\/fi\/kiitos-aiti-maa\/\" \/>\n<meta property=\"og:locale\" content=\"fi_FI\" \/>\n<meta property=\"og:type\" content=\"article\" \/>\n<meta property=\"og:title\" content=\"Act Beautiful - Kiitos \u00c4iti Maa! - Yves Rocher\" \/>\n<meta property=\"og:description\" content=\"Nautimme luonnon hyvist\u00e4 ominaisuuksista ja ihailemme sen kauneutta p\u00e4ivitt\u00e4in.\" \/>\n<meta property=\"og:url\" content=\"https:\/\/abspace.yves-rocher.com\/fi\/fi\/kiitos-aiti-maa\/\" \/>\n<meta property=\"og:site_name\" content=\"Finland YR AB\" \/>\n<meta property=\"article:published_time\" content=\"2019-07-15T19:55:51+00:00\" \/>\n<meta property=\"article:modified_time\" content=\"2021-09-23T11:45:03+00:00\" \/>\n<meta property=\"og:image\" content=\"https:\/\/abspace.yves-rocher.com\/fi\/wp-content\/uploads\/sites\/15\/2019\/11\/1912_D_HP-AB-SPACE_Image1_750x1036.jpg\" \/>\n\t<meta property=\"og:image:width\" content=\"750\" \/>\n\t<meta property=\"og:image:height\" content=\"1036\" \/>\n\t<meta property=\"og:image:type\" content=\"image\/jpeg\" \/>\n<meta name=\"author\" content=\"Alice Mendes\" \/>\n<meta name=\"twitter:card\" content=\"summary_large_image\" \/>\n<meta name=\"twitter:label1\" content=\"Written by\" \/>\n\t<meta name=\"twitter:data1\" content=\"Alice Mendes\" \/>\n\t<meta name=\"twitter:label2\" content=\"Est. reading time\" \/>\n\t<meta name=\"twitter:data2\" content=\"5 minutes\" \/>\n<script type=\"application\/ld+json\" class=\"yoast-schema-graph\">{\"@context\":\"https:\/\/schema.org\",\"@graph\":[{\"@type\":\"WebPage\",\"@id\":\"https:\/\/abspace.yves-rocher.com\/fi\/fi\/kiitos-aiti-maa\/\",\"url\":\"https:\/\/abspace.yves-rocher.com\/fi\/fi\/kiitos-aiti-maa\/\",\"name\":\"Act Beautiful - Kiitos \u00c4iti Maa! - Yves Rocher\",\"isPartOf\":{\"@id\":\"https:\/\/abspace.yves-rocher.com\/fi\/#website\"},\"primaryImageOfPage\":{\"@id\":\"https:\/\/abspace.yves-rocher.com\/fi\/fi\/kiitos-aiti-maa\/#primaryimage\"},\"image\":{\"@id\":\"https:\/\/abspace.yves-rocher.com\/fi\/fi\/kiitos-aiti-maa\/#primaryimage\"},\"thumbnailUrl\":\"https:\/\/abspace.yves-rocher.com\/fi\/wp-content\/uploads\/sites\/15\/2019\/11\/1912_D_HP-AB-SPACE_Image1_750x1036.jpg\",\"datePublished\":\"2019-07-15T19:55:51+00:00\",\"dateModified\":\"2021-09-23T11:45:03+00:00\",\"author\":{\"@id\":\"https:\/\/abspace.yves-rocher.com\/fi\/#\/schema\/person\/40f8c53003459b41fa1aca086c588e97\"},\"description\":\"Nautimme luonnon hyvist\u00e4 ominaisuuksista ja ihailemme sen kauneutta p\u00e4ivitt\u00e4in.\",\"breadcrumb\":{\"@id\":\"https:\/\/abspace.yves-rocher.com\/fi\/fi\/kiitos-aiti-maa\/#breadcrumb\"},\"inLanguage\":\"fi\",\"potentialAction\":[{\"@type\":\"ReadAction\",\"target\":[\"https:\/\/abspace.yves-rocher.com\/fi\/fi\/kiitos-aiti-maa\/\"]}]},{\"@type\":\"ImageObject\",\"inLanguage\":\"fi\",\"@id\":\"https:\/\/abspace.yves-rocher.com\/fi\/fi\/kiitos-aiti-maa\/#primaryimage\",\"url\":\"https:\/\/abspace.yves-rocher.com\/fi\/wp-content\/uploads\/sites\/15\/2019\/11\/1912_D_HP-AB-SPACE_Image1_750x1036.jpg\",\"contentUrl\":\"https:\/\/abspace.yves-rocher.com\/fi\/wp-content\/uploads\/sites\/15\/2019\/11\/1912_D_HP-AB-SPACE_Image1_750x1036.jpg\",\"width\":750,\"height\":1036},{\"@type\":\"BreadcrumbList\",\"@id\":\"https:\/\/abspace.yves-rocher.com\/fi\/fi\/kiitos-aiti-maa\/#breadcrumb\",\"itemListElement\":[{\"@type\":\"ListItem\",\"position\":1,\"name\":\"Home\",\"item\":\"https:\/\/abspace.yves-rocher.com\/fi\/fi\/\"},{\"@type\":\"ListItem\",\"position\":2,\"name\":\"Kiitos \u00c4iti Maa!\"}]},{\"@type\":\"WebSite\",\"@id\":\"https:\/\/abspace.yves-rocher.com\/fi\/#website\",\"url\":\"https:\/\/abspace.yves-rocher.com\/fi\/\",\"name\":\"Finland YR AB\",\"description\":\"Just another Act Beautiful site\",\"potentialAction\":[{\"@type\":\"SearchAction\",\"target\":{\"@type\":\"EntryPoint\",\"urlTemplate\":\"https:\/\/abspace.yves-rocher.com\/fi\/?s={search_term_string}\"},\"query-input\":{\"@type\":\"PropertyValueSpecification\",\"valueRequired\":true,\"valueName\":\"search_term_string\"}}],\"inLanguage\":\"fi\"},{\"@type\":\"Person\",\"@id\":\"https:\/\/abspace.yves-rocher.com\/fi\/#\/schema\/person\/40f8c53003459b41fa1aca086c588e97\",\"name\":\"Alice Mendes\",\"image\":{\"@type\":\"ImageObject\",\"inLanguage\":\"fi\",\"@id\":\"https:\/\/abspace.yves-rocher.com\/fi\/#\/schema\/person\/image\/\",\"url\":\"https:\/\/secure.gravatar.com\/avatar\/610d2792616e6f74a4f3fbadf5cd6c89?s=96&d=mm&r=g\",\"contentUrl\":\"https:\/\/secure.gravatar.com\/avatar\/610d2792616e6f74a4f3fbadf5cd6c89?s=96&d=mm&r=g\",\"caption\":\"Alice Mendes\"},\"url\":\"https:\/\/abspace.yves-rocher.com\/fi\/fi\/author\/alicemendes\/\"}]}<\/script>\n<!-- \/ Yoast SEO plugin. -->","yoast_head_json":{"title":"Act Beautiful - Kiitos \u00c4iti Maa! - Yves Rocher","description":"Nautimme luonnon hyvist\u00e4 ominaisuuksista ja ihailemme sen kauneutta p\u00e4ivitt\u00e4in.","robots":{"index":"index","follow":"follow","max-snippet":"max-snippet:-1","max-image-preview":"max-image-preview:large","max-video-preview":"max-video-preview:-1"},"canonical":"https:\/\/abspace.yves-rocher.com\/fi\/fi\/kiitos-aiti-maa\/","og_locale":"fi_FI","og_type":"article","og_title":"Act Beautiful - Kiitos \u00c4iti Maa! - Yves Rocher","og_description":"Nautimme luonnon hyvist\u00e4 ominaisuuksista ja ihailemme sen kauneutta p\u00e4ivitt\u00e4in.","og_url":"https:\/\/abspace.yves-rocher.com\/fi\/fi\/kiitos-aiti-maa\/","og_site_name":"Finland YR AB","article_published_time":"2019-07-15T19:55:51+00:00","article_modified_time":"2021-09-23T11:45:03+00:00","og_image":[{"width":750,"height":1036,"url":"https:\/\/abspace.yves-rocher.com\/fi\/wp-content\/uploads\/sites\/15\/2019\/11\/1912_D_HP-AB-SPACE_Image1_750x1036.jpg","type":"image\/jpeg"}],"author":"Alice Mendes","twitter_card":"summary_large_image","twitter_misc":{"Written by":"Alice Mendes","Est. reading time":"5 minutes"},"schema":{"@context":"https:\/\/schema.org","@graph":[{"@type":"WebPage","@id":"https:\/\/abspace.yves-rocher.com\/fi\/fi\/kiitos-aiti-maa\/","url":"https:\/\/abspace.yves-rocher.com\/fi\/fi\/kiitos-aiti-maa\/","name":"Act Beautiful - Kiitos \u00c4iti Maa! - Yves Rocher","isPartOf":{"@id":"https:\/\/abspace.yves-rocher.com\/fi\/#website"},"primaryImageOfPage":{"@id":"https:\/\/abspace.yves-rocher.com\/fi\/fi\/kiitos-aiti-maa\/#primaryimage"},"image":{"@id":"https:\/\/abspace.yves-rocher.com\/fi\/fi\/kiitos-aiti-maa\/#primaryimage"},"thumbnailUrl":"https:\/\/abspace.yves-rocher.com\/fi\/wp-content\/uploads\/sites\/15\/2019\/11\/1912_D_HP-AB-SPACE_Image1_750x1036.jpg","datePublished":"2019-07-15T19:55:51+00:00","dateModified":"2021-09-23T11:45:03+00:00","author":{"@id":"https:\/\/abspace.yves-rocher.com\/fi\/#\/schema\/person\/40f8c53003459b41fa1aca086c588e97"},"description":"Nautimme luonnon hyvist\u00e4 ominaisuuksista ja ihailemme sen kauneutta p\u00e4ivitt\u00e4in.","breadcrumb":{"@id":"https:\/\/abspace.yves-rocher.com\/fi\/fi\/kiitos-aiti-maa\/#breadcrumb"},"inLanguage":"fi","potentialAction":[{"@type":"ReadAction","target":["https:\/\/abspace.yves-rocher.com\/fi\/fi\/kiitos-aiti-maa\/"]}]},{"@type":"ImageObject","inLanguage":"fi","@id":"https:\/\/abspace.yves-rocher.com\/fi\/fi\/kiitos-aiti-maa\/#primaryimage","url":"https:\/\/abspace.yves-rocher.com\/fi\/wp-content\/uploads\/sites\/15\/2019\/11\/1912_D_HP-AB-SPACE_Image1_750x1036.jpg","contentUrl":"https:\/\/abspace.yves-rocher.com\/fi\/wp-content\/uploads\/sites\/15\/2019\/11\/1912_D_HP-AB-SPACE_Image1_750x1036.jpg","width":750,"height":1036},{"@type":"BreadcrumbList","@id":"https:\/\/abspace.yves-rocher.com\/fi\/fi\/kiitos-aiti-maa\/#breadcrumb","itemListElement":[{"@type":"ListItem","position":1,"name":"Home","item":"https:\/\/abspace.yves-rocher.com\/fi\/fi\/"},{"@type":"ListItem","position":2,"name":"Kiitos \u00c4iti Maa!"}]},{"@type":"WebSite","@id":"https:\/\/abspace.yves-rocher.com\/fi\/#website","url":"https:\/\/abspace.yves-rocher.com\/fi\/","name":"Finland YR AB","description":"Just another Act Beautiful site","potentialAction":[{"@type":"SearchAction","target":{"@type":"EntryPoint","urlTemplate":"https:\/\/abspace.yves-rocher.com\/fi\/?s={search_term_string}"},"query-input":{"@type":"PropertyValueSpecification","valueRequired":true,"valueName":"search_term_string"}}],"inLanguage":"fi"},{"@type":"Person","@id":"https:\/\/abspace.yves-rocher.com\/fi\/#\/schema\/person\/40f8c53003459b41fa1aca086c588e97","name":"Alice Mendes","image":{"@type":"ImageObject","inLanguage":"fi","@id":"https:\/\/abspace.yves-rocher.com\/fi\/#\/schema\/person\/image\/","url":"https:\/\/secure.gravatar.com\/avatar\/610d2792616e6f74a4f3fbadf5cd6c89?s=96&d=mm&r=g","contentUrl":"https:\/\/secure.gravatar.com\/avatar\/610d2792616e6f74a4f3fbadf5cd6c89?s=96&d=mm&r=g","caption":"Alice Mendes"},"url":"https:\/\/abspace.yves-rocher.com\/fi\/fi\/author\/alicemendes\/"}]}},"_links":{"self":[{"href":"https:\/\/abspace.yves-rocher.com\/fi\/ws\/wp\/v2\/posts\/732","targetHints":{"allow":["GET"]}}],"collection":[{"href":"https:\/\/abspace.yves-rocher.com\/fi\/ws\/wp\/v2\/posts"}],"about":[{"href":"https:\/\/abspace.yves-rocher.com\/fi\/ws\/wp\/v2\/types\/post"}],"author":[{"embeddable":true,"href":"https:\/\/abspace.yves-rocher.com\/fi\/ws\/wp\/v2\/users\/935949"}],"replies":[{"embeddable":true,"href":"https:\/\/abspace.yves-rocher.com\/fi\/ws\/wp\/v2\/comments?post=732"}],"version-history":[{"count":2,"href":"https:\/\/abspace.yves-rocher.com\/fi\/ws\/wp\/v2\/posts\/732\/revisions"}],"predecessor-version":[{"id":1915,"href":"https:\/\/abspace.yves-rocher.com\/fi\/ws\/wp\/v2\/posts\/732\/revisions\/1915"}],"wp:featuredmedia":[{"embeddable":true,"href":"https:\/\/abspace.yves-rocher.com\/fi\/ws\/wp\/v2\/media\/743"}],"wp:attachment":[{"href":"https:\/\/abspace.yves-rocher.com\/fi\/ws\/wp\/v2\/media?parent=732"}],"wp:term":[{"taxonomy":"category","embeddable":true,"href":"https:\/\/abspace.yves-rocher.com\/fi\/ws\/wp\/v2\/categories?post=732"},{"taxonomy":"post_tag","embeddable":true,"href":"https:\/\/abspace.yves-rocher.com\/fi\/ws\/wp\/v2\/tags?post=732"}],"curies":[{"name":"wp","href":"https:\/\/api.w.org\/{rel}","templated":true}]}}