{"id":76,"date":"2018-12-01T14:00:08","date_gmt":"2018-12-01T14:00:08","guid":{"rendered":"http:\/\/abspace.yves-rocher.com\/fi\/?p=76"},"modified":"2021-07-16T13:35:12","modified_gmt":"2021-07-16T13:35:12","slug":"tule-kanssamme-la-gacillyyn-yves-rocher-n","status":"publish","type":"post","link":"https:\/\/abspace.yves-rocher.com\/fi\/fi\/tule-kanssamme-la-gacillyyn-yves-rocher-n\/","title":{"rendered":"Tule kanssamme La Gacillyyn, Yves Rocher\u2019n"},"content":{"rendered":"<div id=\"pl-76\"  class=\"panel-layout\" ><div id=\"pg-76-0\"  class=\"panel-grid panel-no-style\" ><div id=\"pgc-76-0-0\"  class=\"panel-grid-cell\" >            <div class=\"textWidget header-description \">\r\n                <p>Otamme sinut matkalle pieneen La Gacillyn yhteis\u00f6\u00f6n ja n\u00e4yt\u00e4mme kaikki paikat, jotka olivat t\u00e4rkeit\u00e4 Yves Rocherille ja joissa yrityksen historiaa on kirjoitettu l\u00e4hes kuusikymment\u00e4 vuotta.<\/p>\r\n            <\/div>\r\n    <\/div><\/div><div id=\"pg-76-1\"  class=\"panel-grid panel-no-style\" ><div id=\"pgc-76-1-0\"  class=\"panel-grid-cell\" ><div id=\"panel-76-1-0-0\" class=\"so-panel widget widget_sow-image panel-first-child panel-last-child\" data-index=\"1\" ><div\n\t\t\t\n\t\t\tclass=\"so-widget-sow-image so-widget-sow-image-default-8b5b6f678277-76\"\n\t\t\t\n\t\t>\r\n\r\n\r\n<div class=\"sow-image-container\">\r\n    \r\n    <img loading=\"lazy\" decoding=\"async\" src=\"https:\/\/abspace.yves-rocher.com\/fi\/wp-content\/uploads\/sites\/15\/2019\/09\/1902_voyage-gacilly_image1_1100x552_2323623.jpg\" width=\"1100\" height=\"552\" srcset=\"\" title=\"1902_voyage-gacilly_image1_1100x552\"          class=\"so-widget-image\" \/>\r\n\r\n    \r\n    \r\n    <\/div>\r\n\r\n<\/div><\/div><\/div><div id=\"pgc-76-1-1\"  class=\"panel-grid-cell\" ><div id=\"panel-76-1-1-0\" class=\"so-panel widget widget_sow-editor panel-first-child panel-last-child\" data-index=\"2\" ><div\n\t\t\t\n\t\t\tclass=\"so-widget-sow-editor so-widget-sow-editor-base\"\n\t\t\t\n\t\t>\n<div class=\"siteorigin-widget-tinymce textwidget\">\n\t<p>Yves Rocher aloitti yritystoimintansa pieness\u00e4 La Gacillyn kyl\u00e4ss\u00e4, joka sijaitsee Ranskan Bretagnessa Rennesin ja Vannesin v\u00e4limaastossa. Yves Rocher\u2019n kotipaikkaan tutustuu vuosittain 350 000 vierasta. Kerromme sinulle nyt La Gacillyn pikku kyl\u00e4st\u00e4, jossa Yves Rocher -yrityksen tarina on jatkunut jo 60 vuoden ajan. Tervetuloa!\u00a0<\/p>\n<\/div>\n<\/div><\/div><\/div><\/div><div id=\"pg-76-2\"  class=\"panel-grid panel-no-style\" ><div id=\"pgc-76-2-0\"  class=\"panel-grid-cell\" ><div id=\"panel-76-2-0-0\" class=\"so-panel widget widget_sow-editor panel-first-child panel-last-child\" data-index=\"3\" ><div\n\t\t\t\n\t\t\tclass=\"so-widget-sow-editor so-widget-sow-editor-base\"\n\t\t\t\n\t\t>\n<div class=\"siteorigin-widget-tinymce textwidget\">\n\t<p>La Gacillyn kahden hehtaarin laajuinen kasvitieteellinen puutarha perustettiin vuonna 1977. Puutarhamestarimme ja kasviasiantuntijamme vaalivat t\u00e4ss\u00e4 ulkoilmalaboratoriossa yli 1 500 kasvilajia. Kasvitieteellisess\u00e4 puutarhassa on muun muassa etnobotanisia ja eksoottisia viljelmi\u00e4, ranskalaisen kasviensuojeluyhdistyksen CCVS:n kansalliseksi perinn\u00f6ksi luokittelema marunakasviviljelm\u00e4, hyv\u00e4ntuoksuisia pelargoneja, kauneustuotteissa ja tuoksuissa k\u00e4ytett\u00e4vi\u00e4 kasveja, puulajipuisto ja bambuviljelm\u00e4.\u00a0<\/p>\n<p>Puutarhassa viljell\u00e4\u00e4n my\u00f6s harvinaisia ja uhanalaisia kasvilajeja. Yves Rocher\u2019n kasvipohjaisen kauneuden tutkijat ammentavat my\u00f6s paljon inspiraatiota kauniista puutarhasta, joka on avoin yleis\u00f6lle.\u00a0<\/p>\n<\/div>\n<\/div><\/div><\/div><div id=\"pgc-76-2-1\"  class=\"panel-grid-cell\" ><div id=\"panel-76-2-1-0\" class=\"so-panel widget widget_sow-image panel-first-child panel-last-child\" data-index=\"4\" ><div\n\t\t\t\n\t\t\tclass=\"so-widget-sow-image so-widget-sow-image-default-8b5b6f678277-76\"\n\t\t\t\n\t\t>\r\n\r\n\r\n<div class=\"sow-image-container\">\r\n    \r\n    <img loading=\"lazy\" decoding=\"async\" src=\"https:\/\/abspace.yves-rocher.com\/fi\/wp-content\/uploads\/sites\/15\/2019\/09\/1902_voyage-gacilly_image2_1100x652_4575469.jpg\" width=\"1100\" height=\"652\" srcset=\"\" title=\"1902_voyage-gacilly_image2_1100x652\"          class=\"so-widget-image\" \/>\r\n\r\n    \r\n    \r\n    <\/div>\r\n\r\n<\/div><\/div><\/div><\/div><div id=\"pg-76-3\"  class=\"panel-grid panel-no-style\" ><div id=\"pgc-76-3-0\"  class=\"panel-grid-cell\" ><div id=\"panel-76-3-0-0\" class=\"so-panel widget widget_sow-image panel-first-child panel-last-child\" data-index=\"5\" ><div\n\t\t\t\n\t\t\tclass=\"so-widget-sow-image so-widget-sow-image-default-8b5b6f678277-76\"\n\t\t\t\n\t\t>\r\n\r\n\r\n<div class=\"sow-image-container\">\r\n    \r\n    <img loading=\"lazy\" decoding=\"async\" src=\"https:\/\/abspace.yves-rocher.com\/fi\/wp-content\/uploads\/sites\/15\/2019\/09\/1902_voyage-gacilly_image3_1100x552_3434382.jpg\" width=\"1100\" height=\"552\" srcset=\"\" title=\"1902_voyage-gacilly_image3_1100x552\"          class=\"so-widget-image\" \/>\r\n\r\n    \r\n    \r\n    <\/div>\r\n\r\n<\/div><\/div><\/div><div id=\"pgc-76-3-1\"  class=\"panel-grid-cell\" ><div id=\"panel-76-3-1-0\" class=\"so-panel widget widget_sow-editor panel-first-child panel-last-child\" data-index=\"6\" ><div\n\t\t\t\n\t\t\tclass=\"so-widget-sow-editor so-widget-sow-editor-base\"\n\t\t\t\n\t\t>\n<div class=\"siteorigin-widget-tinymce textwidget\">\n\t<h3 style=\"text-align: center\">Kahdeksan luonnonmukaisesti viljelty\u00e4 kasvilajia\u00a0<\/h3>\n<p>La Gacillyssa on kukkaviljelmi\u00e4 l\u00e4hes 60 hehtaaria \u2013 kuin yrityksen vuosijuhlan kunniaksi. Kukkaviljelmien merkitys on suuri, sill\u00e4 ne ovat luonnonmukaisia ja niit\u00e4 hoidetaan t\u00e4ysin luontoa kunnioittaen: Kasviasiantuntijamme ja agronomimme havainnoivat ja tutkivat luontoa p\u00e4ivitt\u00e4in. N\u00e4in kasvatamme kahdeksaa syd\u00e4nt\u00e4mme l\u00e4hell\u00e4 olevaa kasvilajia tasapainossa luonnon kanssa (kamomillasaunio, roomalainen kamomilla, arnikki, keh\u00e4kukka, ruiskaunokki, malva, viikunap\u00e4ivikki ja j\u00e4\u00e4p\u00e4ivikki).\u00a0<\/p>\n<p>Vaalimme peltoja ja ekosysteemi\u00e4, joten kasveista tulee todella elinvoimaisia. Yli 30 % tuotteistamme sis\u00e4lt\u00e4\u00e4 n\u00e4it\u00e4 kahdeksaa luomuviljelmilt\u00e4 per\u00e4isin olevaa kasviainesosaa.<\/p>\n<\/div>\n<\/div><\/div><\/div><\/div><div id=\"pg-76-4\"  class=\"panel-grid panel-no-style\" ><div id=\"pgc-76-4-0\"  class=\"panel-grid-cell\" ><div id=\"panel-76-4-0-0\" class=\"so-panel widget widget_sow-editor panel-first-child panel-last-child\" data-index=\"7\" ><div\n\t\t\t\n\t\t\tclass=\"so-widget-sow-editor so-widget-sow-editor-base\"\n\t\t\t\n\t\t>\n<div class=\"siteorigin-widget-tinymce textwidget\">\n\t<h3 style=\"text-align: center\">Yves Rocher\u2019n tuotantolaitokset, Made in France\u00a0<\/h3>\n<p>Kaikki alkoi vuonna 1959, kun Yves Rocher kehitti ensimm\u00e4isen mukulaleinikki\u00e4 sis\u00e4lt\u00e4v\u00e4n kasvovoiteensa\u00a0 kotitalonsa ullakolla. Yves Rocher\u2019n tuotteet valmistetaan yh\u00e4 60 vuotta my\u00f6hemmin Ranskassa. L\u00f6yd\u00e4t tuotepakkauksistamme merkinn\u00e4n Made in France, mutta tarkemmin sanottuna tuotteet ovat Made in Bretagne, sill\u00e4 yrityksell\u00e4 on kolme tuotantolaitosta Bretagnessa. Croix-des-Archers\u2019n tuotantolaitos sijaitsee La Gacillyssa. Rieux\u2019n tuotantolaitos keskittyy meikkien ja Plo\u00ebrmelin tuotantolaitos tuoksujen valmistukseen. Yves Rocher oli vision\u00e4\u00e4ri ja liikemies, joka osallistui aktiivisesti kotiseutunsa talousel\u00e4m\u00e4n kehitt\u00e4miseen ja paikallisen v\u00e4est\u00f6n ty\u00f6llist\u00e4miseen.\u00a0<\/p>\n<p>Nykyisin Yves Rocher\u2019lla on Bretagnessa 2 700 ty\u00f6ntekij\u00e4\u00e4. Siell\u00e4 valmistetaan vuosittain yli 350 miljoonaa tuotetta, joten 80 % tuotemerkin tuotteista on Made in Bretagne. Lis\u00e4ksi ranskalainen lintujensuojeluj\u00e4rjest\u00f6 on antanut kaikille Bretagnen tuotantolaitoksillemme luokituksen \u201dluonnon monimuotoisuuden suojelualue\u201d.<\/p>\n<\/div>\n<\/div><\/div><\/div><div id=\"pgc-76-4-1\"  class=\"panel-grid-cell\" ><div id=\"panel-76-4-1-0\" class=\"so-panel widget widget_sow-image panel-first-child panel-last-child\" data-index=\"8\" ><div\n\t\t\t\n\t\t\tclass=\"so-widget-sow-image so-widget-sow-image-default-8b5b6f678277-76\"\n\t\t\t\n\t\t>\r\n\r\n\r\n<div class=\"sow-image-container\">\r\n    \r\n    <img loading=\"lazy\" decoding=\"async\" src=\"https:\/\/abspace.yves-rocher.com\/fi\/wp-content\/uploads\/sites\/15\/2019\/09\/1902_voyage-gacilly_image4_1100x552_5062319.jpg\" width=\"1100\" height=\"552\" srcset=\"\" title=\"1902_voyage-gacilly_image4_1100x552\"          class=\"so-widget-image\" \/>\r\n\r\n    \r\n    \r\n    <\/div>\r\n\r\n<\/div><\/div><\/div><\/div><div id=\"pg-76-5\"  class=\"panel-grid panel-no-style\" ><div id=\"pgc-76-5-0\"  class=\"panel-grid-cell\" ><div id=\"panel-76-5-0-0\" class=\"so-panel widget widget_sow-image panel-first-child panel-last-child\" data-index=\"9\" ><div\n\t\t\t\n\t\t\tclass=\"so-widget-sow-image so-widget-sow-image-default-8b5b6f678277-76\"\n\t\t\t\n\t\t>\r\n\r\n\r\n<div class=\"sow-image-container\">\r\n    \r\n    <img loading=\"lazy\" decoding=\"async\" src=\"https:\/\/abspace.yves-rocher.com\/fi\/wp-content\/uploads\/sites\/15\/2019\/09\/1902_voyage-gacilly_image5_1100x652_6823632.jpg\" width=\"1100\" height=\"652\" srcset=\"\" title=\"1902_voyage-gacilly_image5_1100x652\"          class=\"so-widget-image\" \/>\r\n\r\n    \r\n    \r\n    <\/div>\r\n\r\n<\/div><\/div><\/div><div id=\"pgc-76-5-1\"  class=\"panel-grid-cell\" ><div id=\"panel-76-5-1-0\" class=\"so-panel widget widget_sow-editor panel-first-child panel-last-child\" data-index=\"10\" ><div\n\t\t\t\n\t\t\tclass=\"so-widget-sow-editor so-widget-sow-editor-base\"\n\t\t\t\n\t\t>\n<div class=\"siteorigin-widget-tinymce textwidget\">\n\t<h3 style=\"text-align: center\">Luonnon monimuotoisuus kukoistaa La Gacillyssa\u00a0<\/h3>\n<p>Yves Rocher\u2019n kotipaikka La Gacilly tarjoaa ainutlaatuisia luontoel\u00e4myksi\u00e4. Kaikki Bretagnen tuotantolaitoksemme ovat \u201dluonnon monimuotoisuuden suojelualueita\u201d, eik\u00e4 siin\u00e4 kaikki, sill\u00e4 Yves Rocher toimii my\u00f6s yhteisty\u00f6ss\u00e4 ranskalaisen lintujensuojeluj\u00e4rjest\u00f6n kanssa s\u00e4ilytt\u00e4\u00e4kseen La Gacillyn luonnonperinn\u00f6n.\u00a0<\/p>\n<p>Yves Rocher\u2019n sitoumukset ja v\u00e4sym\u00e4t\u00f6n ty\u00f6 luonnon puolesta n\u00e4kyv\u00e4t selke\u00e4sti t\u00e4ss\u00e4 pieness\u00e4 kyl\u00e4ss\u00e4, joka tarjoaa ainutlaatuisia el\u00e4myksi\u00e4 Bretagnen syd\u00e4mess\u00e4. Yves Rocher\u2019lla on kyl\u00e4n kupeessa my\u00f6s ekologinen hotelli, jossa tunnet luonnon l\u00e4heisyyden.\u00a0<\/p>\n<\/div>\n<\/div><\/div><\/div><\/div><div id=\"pg-76-6\"  class=\"panel-grid panel-no-style\" ><div id=\"pgc-76-6-0\"  class=\"panel-grid-cell\" ><div id=\"panel-76-6-0-0\" class=\"so-panel widget widget_sow-editor panel-first-child panel-last-child\" data-index=\"11\" ><div\n\t\t\t\n\t\t\tclass=\"so-widget-sow-editor so-widget-sow-editor-base\"\n\t\t\t\n\t\t>\n<div class=\"siteorigin-widget-tinymce textwidget\">\n\t<h3 style=\"text-align: center\">Ekologinen kylpyl\u00e4hotelli La Gr\u00e9e des Landes\u00a0<\/h3>\n<p>Nauti ja koe yhteys luontoon. Yves Rocher\u2019n poika Jacques toteutti visionsa ekologisesta hotellista, jota ymp\u00e4r\u00f6i 10 hehtaarin viheralue. Hotelli on rauhallinen keidas, jossa voit nauttia kasvien ja el\u00e4inten l\u00e4heisyydest\u00e4 luontoa kunnioittaen.\u00a0<\/p>\n<p>Maisemaan sulautuvan hotellirakennuksen kaikki yksityiskohdat on luotu kest\u00e4v\u00e4n kehityksen periaatteita noudattaen \u2013 niin huoneet, satavuotiaaseen sypressiin rakennettu puumaja, puiston kolme kasvisviitti\u00e4 kuin hotellin kylpyl\u00e4osasto. Hotellin ravintola Les Jardins Sauvages tarjoaa luonnonmukaista l\u00e4hiruokaa, jonka ainekset saadaan paikallisilta tuottajilta ja omasta puutarhasta.\u00a0<\/p>\n<p>Rentouttavassa kylpyl\u00e4ss\u00e4 voit nauttia suloisesta hitaasta el\u00e4m\u00e4st\u00e4 ja ladata akut, ennen kuin l\u00e4hdet nauttimaan ymp\u00e4r\u00f6iv\u00e4st\u00e4 mets\u00e4st\u00e4 tai La Gacillyn valokuvan\u00e4yttelyst\u00e4 ulkoilmassa.\u00a0<\/p>\n<\/div>\n<\/div><\/div><\/div><div id=\"pgc-76-6-1\"  class=\"panel-grid-cell\" ><div id=\"panel-76-6-1-0\" class=\"so-panel widget widget_sow-image panel-first-child panel-last-child\" data-index=\"12\" ><div\n\t\t\t\n\t\t\tclass=\"so-widget-sow-image so-widget-sow-image-default-8b5b6f678277-76\"\n\t\t\t\n\t\t>\r\n\r\n\r\n<div class=\"sow-image-container\">\r\n    \r\n    <img loading=\"lazy\" decoding=\"async\" src=\"https:\/\/abspace.yves-rocher.com\/fi\/wp-content\/uploads\/sites\/15\/2019\/09\/1902_voyage-gacilly_image6_1100x652_8120375.jpg\" width=\"1100\" height=\"652\" srcset=\"\" title=\"1902_voyage-gacilly_image6_1100x652\"          class=\"so-widget-image\" \/>\r\n\r\n    \r\n    \r\n    <\/div>\r\n\r\n<\/div><\/div><\/div><\/div><div id=\"pg-76-7\"  class=\"panel-grid panel-no-style\" ><div id=\"pgc-76-7-0\"  class=\"panel-grid-cell\" ><div id=\"panel-76-7-0-0\" class=\"so-panel widget widget_sow-image panel-first-child panel-last-child\" data-index=\"13\" ><div\n\t\t\t\n\t\t\tclass=\"so-widget-sow-image so-widget-sow-image-default-8b5b6f678277-76\"\n\t\t\t\n\t\t>\r\n\r\n\r\n<div class=\"sow-image-container\">\r\n    \r\n    <img loading=\"lazy\" decoding=\"async\" src=\"https:\/\/abspace.yves-rocher.com\/fi\/wp-content\/uploads\/sites\/15\/2019\/09\/1902_voyage-gacilly_image7_1100x652_2325900.jpg\" width=\"1100\" height=\"652\" srcset=\"\" title=\"1902_voyage-gacilly_image7_1100x652\"          class=\"so-widget-image\" \/>\r\n\r\n    \r\n    \r\n    <\/div>\r\n\r\n<\/div><\/div><\/div><div id=\"pgc-76-7-1\"  class=\"panel-grid-cell\" ><div id=\"panel-76-7-1-0\" class=\"so-panel widget widget_sow-editor panel-first-child panel-last-child\" data-index=\"14\" ><div\n\t\t\t\n\t\t\tclass=\"so-widget-sow-editor so-widget-sow-editor-base\"\n\t\t\t\n\t\t>\n<div class=\"siteorigin-widget-tinymce textwidget\">\n\t<h3 style=\"text-align: center\">La Gacillyn valokuvan\u00e4yttely\u00a0\u00a0<\/h3>\n<p>Valokuvan\u00e4yttely j\u00e4rjestettiin La Gacillyssa ensimm\u00e4isen kerran vuonna 2004. Siit\u00e4 l\u00e4htien La Gacillyn talojen julkisivut ja sein\u00e4m\u00e4t ovat vuosittain luoneet puitteet Euroopan suurimmalle ulkotiloissa j\u00e4rjestett\u00e4v\u00e4lle valokuvan\u00e4yttelylle.\u00a0<\/p>\n<p>Yves Rocher on n\u00e4yttelyn p\u00e4\u00e4sponsori, sill\u00e4 valokuvat nostavat ymp\u00e4rist\u00f6kysymyksi\u00e4 esiin ainutlaatuisen luovalla ja vaikuttavalla tavalla. Valokuvan\u00e4yttelyn ansiosta La Gacillyssa vieraili vuonna 2017 jopa 400 000 k\u00e4vij\u00e4\u00e4, jotka tutustuivat pieneen kyl\u00e4\u00e4n ja valokuvan\u00e4yttelyyn. Lis\u00e4tietoa saat n\u00e4yttelyn <a href=\"https:\/\/www.yves-rocher-fondation.org\/en\/photography-people-nature\/\">kotisivulta<\/a>.\u00a0<\/p>\n<\/div>\n<\/div><\/div><\/div><\/div><div id=\"pg-76-8\"  class=\"panel-grid panel-no-style\" ><div id=\"pgc-76-8-0\"  class=\"panel-grid-cell\" ><div id=\"panel-76-8-0-0\" class=\"so-panel widget widget_sow-editor panel-first-child panel-last-child\" data-index=\"15\" ><div\n\t\t\t\n\t\t\tclass=\"so-widget-sow-editor so-widget-sow-editor-base\"\n\t\t\t\n\t\t>\n<div class=\"siteorigin-widget-tinymce textwidget\">\n\t<h3 style=\"text-align: center\">Maison Yves Rocher\u00a0<\/h3>\n<p>Vuoden 2017 syyskuussa avattiin museo <a href=\"http:\/\/maisonyvesrocher.fr\/\">Maison Yves Rocher<\/a>. Se tarjoaa vierailijalle 45 minuutissa viisiosaisen aistimatkan Yves Rocher -yrityksen syd\u00e4meen. S\u00e4v\u00e4ytt\u00e4v\u00e4t el\u00e4mykset johdattavat tarinaan bretagnelaismiehest\u00e4, joka rakasti luontoa ja ryhtyi rohkeasti toteuttamaan unelmaansa kansainv\u00e4lisest\u00e4 kosmetiikkamerkist\u00e4.\u00a0<\/p>\n<p>Maison Yves Rocher sijaitsee kyl\u00e4n keskustassa. Samassa rakennuksessa on my\u00f6s ravintola Le V\u00e9g\u00e9tarium sek\u00e4 Yves Rocher -myym\u00e4l\u00e4 ja -kauneushoitola.\u00a0<\/p>\n<\/div>\n<\/div><\/div><\/div><div id=\"pgc-76-8-1\"  class=\"panel-grid-cell\" ><div id=\"panel-76-8-1-0\" class=\"so-panel widget widget_sow-image panel-first-child panel-last-child\" data-index=\"16\" ><div\n\t\t\t\n\t\t\tclass=\"so-widget-sow-image so-widget-sow-image-default-8b5b6f678277-76\"\n\t\t\t\n\t\t>\r\n\r\n\r\n<div class=\"sow-image-container\">\r\n    \r\n    <img loading=\"lazy\" decoding=\"async\" src=\"https:\/\/abspace.yves-rocher.com\/fi\/wp-content\/uploads\/sites\/15\/2019\/09\/1902_voyage-gacilly_image8_1100x652_9567633.jpg\" width=\"1100\" height=\"652\" srcset=\"\" title=\"1902_voyage-gacilly_image8_1100x652\"          class=\"so-widget-image\" \/>\r\n\r\n    \r\n    \r\n    <\/div>\r\n\r\n<\/div><\/div><\/div><\/div><div id=\"pg-76-9\"  class=\"panel-grid panel-no-style\" ><div id=\"pgc-76-9-0\"  class=\"panel-grid-cell\" ><div id=\"panel-76-9-0-0\" class=\"so-panel widget panel-first-child panel-last-child\" data-index=\"17\" ><\/div><\/div><\/div><\/div>","protected":false},"excerpt":{"rendered":"<p>Tutustu La Gacillyyn, Yves Rocher\u2019n kotipaikkaan. <\/p>\n","protected":false},"author":188608,"featured_media":77,"comment_status":"open","ping_status":"open","sticky":false,"template":"","format":"standard","meta":{"_acf_changed":false,"footnotes":""},"categories":[1],"tags":[19],"class_list":["post-76","post","type-post","status-publish","format-standard","has-post-thumbnail","hentry","category-uncategorized","tag-lagacilly"],"acf":[],"yoast_head":"<!-- This site is optimized with the Yoast SEO plugin v24.7 - https:\/\/yoast.com\/wordpress\/plugins\/seo\/ -->\n<title>Act Beautiful - Tule kanssamme La Gacillyyn, Yves Rocher\u2019n - Yves Rocher<\/title>\n<meta name=\"description\" content=\"Tutustu La Gacillyyn, Yves Rocher\u2019n kotipaikkaan.\" \/>\n<meta name=\"robots\" content=\"index, follow, max-snippet:-1, max-image-preview:large, max-video-preview:-1\" \/>\n<link rel=\"canonical\" href=\"https:\/\/abspace.yves-rocher.com\/fi\/fi\/tule-kanssamme-la-gacillyyn-yves-rocher-n\/\" \/>\n<meta property=\"og:locale\" content=\"fi_FI\" \/>\n<meta property=\"og:type\" content=\"article\" \/>\n<meta property=\"og:title\" content=\"Act Beautiful - Tule kanssamme La Gacillyyn, Yves Rocher\u2019n - Yves Rocher\" \/>\n<meta property=\"og:description\" content=\"Tutustu La Gacillyyn, Yves Rocher\u2019n kotipaikkaan.\" \/>\n<meta property=\"og:url\" content=\"https:\/\/abspace.yves-rocher.com\/fi\/fi\/tule-kanssamme-la-gacillyyn-yves-rocher-n\/\" \/>\n<meta property=\"og:site_name\" content=\"Finland YR AB\" \/>\n<meta property=\"article:published_time\" content=\"2018-12-01T14:00:08+00:00\" \/>\n<meta property=\"article:modified_time\" content=\"2021-07-16T13:35:12+00:00\" \/>\n<meta property=\"og:image\" content=\"https:\/\/abspace.yves-rocher.com\/fi\/wp-content\/uploads\/sites\/15\/2019\/09\/1903_D_HP-AB-SPACE_Image8_750x776_5972899.jpg\" \/>\n\t<meta property=\"og:image:width\" content=\"750\" \/>\n\t<meta property=\"og:image:height\" content=\"776\" \/>\n\t<meta property=\"og:image:type\" content=\"image\/jpeg\" \/>\n<meta name=\"author\" content=\"nolwenndrevet\" \/>\n<meta name=\"twitter:card\" content=\"summary_large_image\" \/>\n<meta name=\"twitter:label1\" content=\"Written by\" \/>\n\t<meta name=\"twitter:data1\" content=\"nolwenndrevet\" \/>\n<script type=\"application\/ld+json\" class=\"yoast-schema-graph\">{\"@context\":\"https:\/\/schema.org\",\"@graph\":[{\"@type\":\"WebPage\",\"@id\":\"https:\/\/abspace.yves-rocher.com\/fi\/fi\/tule-kanssamme-la-gacillyyn-yves-rocher-n\/\",\"url\":\"https:\/\/abspace.yves-rocher.com\/fi\/fi\/tule-kanssamme-la-gacillyyn-yves-rocher-n\/\",\"name\":\"Act Beautiful - Tule kanssamme La Gacillyyn, Yves Rocher\u2019n - Yves Rocher\",\"isPartOf\":{\"@id\":\"https:\/\/abspace.yves-rocher.com\/fi\/#website\"},\"primaryImageOfPage\":{\"@id\":\"https:\/\/abspace.yves-rocher.com\/fi\/fi\/tule-kanssamme-la-gacillyyn-yves-rocher-n\/#primaryimage\"},\"image\":{\"@id\":\"https:\/\/abspace.yves-rocher.com\/fi\/fi\/tule-kanssamme-la-gacillyyn-yves-rocher-n\/#primaryimage\"},\"thumbnailUrl\":\"https:\/\/abspace.yves-rocher.com\/fi\/wp-content\/uploads\/sites\/15\/2019\/09\/1903_D_HP-AB-SPACE_Image8_750x776_5972899.jpg\",\"datePublished\":\"2018-12-01T14:00:08+00:00\",\"dateModified\":\"2021-07-16T13:35:12+00:00\",\"author\":{\"@id\":\"https:\/\/abspace.yves-rocher.com\/fi\/#\/schema\/person\/8e1970aa5ef24a5ec6bdf6d14f304b4e\"},\"description\":\"Tutustu La Gacillyyn, Yves Rocher\u2019n kotipaikkaan.\",\"breadcrumb\":{\"@id\":\"https:\/\/abspace.yves-rocher.com\/fi\/fi\/tule-kanssamme-la-gacillyyn-yves-rocher-n\/#breadcrumb\"},\"inLanguage\":\"fi\",\"potentialAction\":[{\"@type\":\"ReadAction\",\"target\":[\"https:\/\/abspace.yves-rocher.com\/fi\/fi\/tule-kanssamme-la-gacillyyn-yves-rocher-n\/\"]}]},{\"@type\":\"ImageObject\",\"inLanguage\":\"fi\",\"@id\":\"https:\/\/abspace.yves-rocher.com\/fi\/fi\/tule-kanssamme-la-gacillyyn-yves-rocher-n\/#primaryimage\",\"url\":\"https:\/\/abspace.yves-rocher.com\/fi\/wp-content\/uploads\/sites\/15\/2019\/09\/1903_D_HP-AB-SPACE_Image8_750x776_5972899.jpg\",\"contentUrl\":\"https:\/\/abspace.yves-rocher.com\/fi\/wp-content\/uploads\/sites\/15\/2019\/09\/1903_D_HP-AB-SPACE_Image8_750x776_5972899.jpg\",\"width\":750,\"height\":776},{\"@type\":\"BreadcrumbList\",\"@id\":\"https:\/\/abspace.yves-rocher.com\/fi\/fi\/tule-kanssamme-la-gacillyyn-yves-rocher-n\/#breadcrumb\",\"itemListElement\":[{\"@type\":\"ListItem\",\"position\":1,\"name\":\"Home\",\"item\":\"https:\/\/abspace.yves-rocher.com\/fi\/fi\/\"},{\"@type\":\"ListItem\",\"position\":2,\"name\":\"Tule kanssamme La Gacillyyn, Yves Rocher\u2019n\"}]},{\"@type\":\"WebSite\",\"@id\":\"https:\/\/abspace.yves-rocher.com\/fi\/#website\",\"url\":\"https:\/\/abspace.yves-rocher.com\/fi\/\",\"name\":\"Finland YR AB\",\"description\":\"Just another Act Beautiful site\",\"potentialAction\":[{\"@type\":\"SearchAction\",\"target\":{\"@type\":\"EntryPoint\",\"urlTemplate\":\"https:\/\/abspace.yves-rocher.com\/fi\/?s={search_term_string}\"},\"query-input\":{\"@type\":\"PropertyValueSpecification\",\"valueRequired\":true,\"valueName\":\"search_term_string\"}}],\"inLanguage\":\"fi\"},{\"@type\":\"Person\",\"@id\":\"https:\/\/abspace.yves-rocher.com\/fi\/#\/schema\/person\/8e1970aa5ef24a5ec6bdf6d14f304b4e\",\"name\":\"nolwenndrevet\",\"image\":{\"@type\":\"ImageObject\",\"inLanguage\":\"fi\",\"@id\":\"https:\/\/abspace.yves-rocher.com\/fi\/#\/schema\/person\/image\/\",\"url\":\"https:\/\/secure.gravatar.com\/avatar\/9f52e1a836597aebf5a6bf0f10d4aca5?s=96&d=mm&r=g\",\"contentUrl\":\"https:\/\/secure.gravatar.com\/avatar\/9f52e1a836597aebf5a6bf0f10d4aca5?s=96&d=mm&r=g\",\"caption\":\"nolwenndrevet\"},\"url\":\"https:\/\/abspace.yves-rocher.com\/fi\/fi\/author\/nolwenndrevet\/\"}]}<\/script>\n<!-- \/ Yoast SEO plugin. -->","yoast_head_json":{"title":"Act Beautiful - Tule kanssamme La Gacillyyn, Yves Rocher\u2019n - Yves Rocher","description":"Tutustu La Gacillyyn, Yves Rocher\u2019n kotipaikkaan.","robots":{"index":"index","follow":"follow","max-snippet":"max-snippet:-1","max-image-preview":"max-image-preview:large","max-video-preview":"max-video-preview:-1"},"canonical":"https:\/\/abspace.yves-rocher.com\/fi\/fi\/tule-kanssamme-la-gacillyyn-yves-rocher-n\/","og_locale":"fi_FI","og_type":"article","og_title":"Act Beautiful - Tule kanssamme La Gacillyyn, Yves Rocher\u2019n - Yves Rocher","og_description":"Tutustu La Gacillyyn, Yves Rocher\u2019n kotipaikkaan.","og_url":"https:\/\/abspace.yves-rocher.com\/fi\/fi\/tule-kanssamme-la-gacillyyn-yves-rocher-n\/","og_site_name":"Finland YR AB","article_published_time":"2018-12-01T14:00:08+00:00","article_modified_time":"2021-07-16T13:35:12+00:00","og_image":[{"width":750,"height":776,"url":"https:\/\/abspace.yves-rocher.com\/fi\/wp-content\/uploads\/sites\/15\/2019\/09\/1903_D_HP-AB-SPACE_Image8_750x776_5972899.jpg","type":"image\/jpeg"}],"author":"nolwenndrevet","twitter_card":"summary_large_image","twitter_misc":{"Written by":"nolwenndrevet"},"schema":{"@context":"https:\/\/schema.org","@graph":[{"@type":"WebPage","@id":"https:\/\/abspace.yves-rocher.com\/fi\/fi\/tule-kanssamme-la-gacillyyn-yves-rocher-n\/","url":"https:\/\/abspace.yves-rocher.com\/fi\/fi\/tule-kanssamme-la-gacillyyn-yves-rocher-n\/","name":"Act Beautiful - Tule kanssamme La Gacillyyn, Yves Rocher\u2019n - Yves Rocher","isPartOf":{"@id":"https:\/\/abspace.yves-rocher.com\/fi\/#website"},"primaryImageOfPage":{"@id":"https:\/\/abspace.yves-rocher.com\/fi\/fi\/tule-kanssamme-la-gacillyyn-yves-rocher-n\/#primaryimage"},"image":{"@id":"https:\/\/abspace.yves-rocher.com\/fi\/fi\/tule-kanssamme-la-gacillyyn-yves-rocher-n\/#primaryimage"},"thumbnailUrl":"https:\/\/abspace.yves-rocher.com\/fi\/wp-content\/uploads\/sites\/15\/2019\/09\/1903_D_HP-AB-SPACE_Image8_750x776_5972899.jpg","datePublished":"2018-12-01T14:00:08+00:00","dateModified":"2021-07-16T13:35:12+00:00","author":{"@id":"https:\/\/abspace.yves-rocher.com\/fi\/#\/schema\/person\/8e1970aa5ef24a5ec6bdf6d14f304b4e"},"description":"Tutustu La Gacillyyn, Yves Rocher\u2019n kotipaikkaan.","breadcrumb":{"@id":"https:\/\/abspace.yves-rocher.com\/fi\/fi\/tule-kanssamme-la-gacillyyn-yves-rocher-n\/#breadcrumb"},"inLanguage":"fi","potentialAction":[{"@type":"ReadAction","target":["https:\/\/abspace.yves-rocher.com\/fi\/fi\/tule-kanssamme-la-gacillyyn-yves-rocher-n\/"]}]},{"@type":"ImageObject","inLanguage":"fi","@id":"https:\/\/abspace.yves-rocher.com\/fi\/fi\/tule-kanssamme-la-gacillyyn-yves-rocher-n\/#primaryimage","url":"https:\/\/abspace.yves-rocher.com\/fi\/wp-content\/uploads\/sites\/15\/2019\/09\/1903_D_HP-AB-SPACE_Image8_750x776_5972899.jpg","contentUrl":"https:\/\/abspace.yves-rocher.com\/fi\/wp-content\/uploads\/sites\/15\/2019\/09\/1903_D_HP-AB-SPACE_Image8_750x776_5972899.jpg","width":750,"height":776},{"@type":"BreadcrumbList","@id":"https:\/\/abspace.yves-rocher.com\/fi\/fi\/tule-kanssamme-la-gacillyyn-yves-rocher-n\/#breadcrumb","itemListElement":[{"@type":"ListItem","position":1,"name":"Home","item":"https:\/\/abspace.yves-rocher.com\/fi\/fi\/"},{"@type":"ListItem","position":2,"name":"Tule kanssamme La Gacillyyn, Yves Rocher\u2019n"}]},{"@type":"WebSite","@id":"https:\/\/abspace.yves-rocher.com\/fi\/#website","url":"https:\/\/abspace.yves-rocher.com\/fi\/","name":"Finland YR AB","description":"Just another Act Beautiful site","potentialAction":[{"@type":"SearchAction","target":{"@type":"EntryPoint","urlTemplate":"https:\/\/abspace.yves-rocher.com\/fi\/?s={search_term_string}"},"query-input":{"@type":"PropertyValueSpecification","valueRequired":true,"valueName":"search_term_string"}}],"inLanguage":"fi"},{"@type":"Person","@id":"https:\/\/abspace.yves-rocher.com\/fi\/#\/schema\/person\/8e1970aa5ef24a5ec6bdf6d14f304b4e","name":"nolwenndrevet","image":{"@type":"ImageObject","inLanguage":"fi","@id":"https:\/\/abspace.yves-rocher.com\/fi\/#\/schema\/person\/image\/","url":"https:\/\/secure.gravatar.com\/avatar\/9f52e1a836597aebf5a6bf0f10d4aca5?s=96&d=mm&r=g","contentUrl":"https:\/\/secure.gravatar.com\/avatar\/9f52e1a836597aebf5a6bf0f10d4aca5?s=96&d=mm&r=g","caption":"nolwenndrevet"},"url":"https:\/\/abspace.yves-rocher.com\/fi\/fi\/author\/nolwenndrevet\/"}]}},"_links":{"self":[{"href":"https:\/\/abspace.yves-rocher.com\/fi\/ws\/wp\/v2\/posts\/76","targetHints":{"allow":["GET"]}}],"collection":[{"href":"https:\/\/abspace.yves-rocher.com\/fi\/ws\/wp\/v2\/posts"}],"about":[{"href":"https:\/\/abspace.yves-rocher.com\/fi\/ws\/wp\/v2\/types\/post"}],"author":[{"embeddable":true,"href":"https:\/\/abspace.yves-rocher.com\/fi\/ws\/wp\/v2\/users\/188608"}],"replies":[{"embeddable":true,"href":"https:\/\/abspace.yves-rocher.com\/fi\/ws\/wp\/v2\/comments?post=76"}],"version-history":[{"count":5,"href":"https:\/\/abspace.yves-rocher.com\/fi\/ws\/wp\/v2\/posts\/76\/revisions"}],"predecessor-version":[{"id":2105,"href":"https:\/\/abspace.yves-rocher.com\/fi\/ws\/wp\/v2\/posts\/76\/revisions\/2105"}],"wp:featuredmedia":[{"embeddable":true,"href":"https:\/\/abspace.yves-rocher.com\/fi\/ws\/wp\/v2\/media\/77"}],"wp:attachment":[{"href":"https:\/\/abspace.yves-rocher.com\/fi\/ws\/wp\/v2\/media?parent=76"}],"wp:term":[{"taxonomy":"category","embeddable":true,"href":"https:\/\/abspace.yves-rocher.com\/fi\/ws\/wp\/v2\/categories?post=76"},{"taxonomy":"post_tag","embeddable":true,"href":"https:\/\/abspace.yves-rocher.com\/fi\/ws\/wp\/v2\/tags?post=76"}],"curies":[{"name":"wp","href":"https:\/\/api.w.org\/{rel}","templated":true}]}}