{"id":10571,"date":"2021-07-04T08:30:18","date_gmt":"2021-07-04T07:00:18","guid":{"rendered":"http:\/\/abspace.yves-rocher.com\/fr\/?p=10571"},"modified":"2025-08-12T13:32:45","modified_gmt":"2025-08-12T12:02:45","slug":"make-waterproof-pour-un-maquillage-longue-tenue","status":"publish","type":"post","link":"https:\/\/abspace.yves-rocher.com\/fr\/fr\/make-waterproof-pour-un-maquillage-longue-tenue\/","title":{"rendered":"Make up waterproof : pour un maquillage longue tenue"},"content":{"rendered":"<div id=\"pl-10571\"  class=\"panel-layout\" ><div id=\"pg-10571-0\"  class=\"panel-grid panel-no-style\" ><div id=\"pgc-10571-0-0\"  class=\"panel-grid-cell\" ><div id=\"panel-10571-0-0-0\" class=\"so-panel widget widget_sow-editor panel-first-child panel-last-child\" data-index=\"0\" ><div\n\t\t\t\n\t\t\tclass=\"so-widget-sow-editor so-widget-sow-editor-base\"\n\t\t\t\n\t\t>\n<div class=\"siteorigin-widget-tinymce textwidget\">\n\t<p>L\u2019arriv\u00e9e de l\u2019\u00e9t\u00e9 ne doit pas \u00eatre synonyme de  <a href=\"https:\/\/www.yves-rocher.fr\/maquillage\/yeux\/c\/23000\">maquillage des yeux<\/a> b\u00e2cl\u00e9 ou de make up sans <a href=\"https:\/\/www.yves-rocher.fr\/maquillage\/teint\/fond-de-teint\/c\/21100\">fond de teint<\/a>. Mettez votre beaut\u00e9 \u00e0 l\u2019\u00e9preuve de l\u2019eau et commencez par adopter le maquillage r\u00e9sistant \u00e0 l\u2019eau !<\/p>\n<\/div>\n<\/div><\/div><\/div><\/div><div id=\"pg-10571-1\"  class=\"panel-grid panel-no-style\" ><div id=\"pgc-10571-1-0\"  class=\"panel-grid-cell panel-grid-cell-empty\" ><\/div><div id=\"pgc-10571-1-1\"  class=\"panel-grid-cell panel-grid-cell-mobile-last\" ><div id=\"panel-10571-1-1-0\" class=\"so-panel widget widget_sow-image panel-first-child panel-last-child\" data-index=\"1\" ><div\n\t\t\t\n\t\t\tclass=\"so-widget-sow-image so-widget-sow-image-default-8b5b6f678277-10571\"\n\t\t\t\n\t\t>\r\n\r\n\r\n<div class=\"sow-image-container\">\r\n    \r\n    <img loading=\"lazy\" decoding=\"async\" src=\"https:\/\/abspace.yves-rocher.com\/fr\/wp-content\/uploads\/2021\/07\/Iconographie-f\u00e9minine-mannequin.png\" width=\"1100\" height=\"652\" srcset=\"\" title=\"Iconographie f\u00e9minine mannequin\"          class=\"so-widget-image\" \/>\r\n\r\n    \r\n    \r\n    <\/div>\r\n\r\n<\/div><\/div><\/div><div id=\"pgc-10571-1-2\"  class=\"panel-grid-cell panel-grid-cell-empty\" ><\/div><\/div><div id=\"pg-10571-2\"  class=\"panel-grid panel-no-style\" ><div id=\"pgc-10571-2-0\"  class=\"panel-grid-cell\" ><div id=\"panel-10571-2-0-0\" class=\"so-panel widget widget_sow-editor panel-first-child panel-last-child\" data-index=\"2\" ><div\n\t\t\t\n\t\t\tclass=\"so-widget-sow-editor so-widget-sow-editor-base\"\n\t\t\t\n\t\t>\n<div class=\"siteorigin-widget-tinymce textwidget\">\n\t<p>Attention, que ce soit le fard, l\u2019eye-liner, le <a href=\"https:\/\/www.yves-rocher.fr\/maquillage\/yeux\/mascara\/c\/23100\">mascara<\/a> ou les produits pour le teint, tous sont con\u00e7us \u00e0 base d\u2019actifs naturels et peuvent s\u2019adapter \u00e0 toutes les carnations de peau. C\u2019est le make up id\u00e9al pour toutes les filles qui aiment faire \u00e9voluer leurs looks tout l\u2019\u00e9t\u00e9 ! Chez Yves Rocher nous vous proposons une gamme de produits pour maquiller les yeux sous toutes leurs formes en suivant les tendances summer.<\/p>\n<\/div>\n<\/div><\/div><\/div><\/div><div id=\"pg-10571-3\"  class=\"panel-grid panel-no-style\" ><div id=\"pgc-10571-3-0\"  class=\"panel-grid-cell\" ><div id=\"panel-10571-3-0-0\" class=\"so-panel widget widget_sow-editor panel-first-child panel-last-child\" data-index=\"3\" ><div\n\t\t\t\n\t\t\tclass=\"so-widget-sow-editor so-widget-sow-editor-base\"\n\t\t\t\n\t\t>\n<div class=\"siteorigin-widget-tinymce textwidget\">\n\t<p>Pour un teint id\u00e9al et sans brillance, vous pouvez opter pour une valeur s\u00fbre comme le Fond de Teint Z\u00e9ro D\u00e9faut qui dure jusqu\u2019\u00e0 24 heures. Pour obtenir un effet naturel longue dur\u00e9e, associez-le \u00e0 la Poudre de Teint, disponible dans toutes les teintes, de la plus claire \u00e0 la plus fonc\u00e9e. Les propri\u00e9t\u00e9s matifiantes de la poudre compacte viennent att\u00e9nuer l\u2019effet brillance qui peut appara\u00eetre facilement avec les chaleurs de l\u2019\u00e9t\u00e9.<\/p>\n<ul>\n<li>Poser une base de teint peau parfaite pour am\u00e9liorer la tenue du maquillage<\/li>\n<li>Appliquer une <a href=\"https:\/\/www.yves-rocher.fr\/maquillage\/teint\/poudre\/c\/21300\">poudre compacte<\/a> \u00e0 l\u2019aide d\u2019un pinceau poudre pour fixer parfaitement le teint<\/li>\n<li>Ajouter apr\u00e8s votre <a href=\"https:\/\/www.yves-rocher.fr\/maquillage\/c\/20000\">maquillage<\/a> une petite dose de spray fixateur sur l\u2019ensemble de votre visage. Cette brume permet de pr\u00e9server la fra\u00eecheur de votre teint toute la journ\u00e9e et de maintenir en place votre maquillage.<\/li>\n<\/ul>\n<\/div>\n<\/div><\/div><\/div><div id=\"pgc-10571-3-1\"  class=\"panel-grid-cell\" ><div id=\"panel-10571-3-1-0\" class=\"so-panel widget widget_sow-image panel-first-child panel-last-child\" data-index=\"4\" ><div\n\t\t\t\n\t\t\tclass=\"so-widget-sow-image so-widget-sow-image-default-8b5b6f678277-10571\"\n\t\t\t\n\t\t>\r\n\r\n\r\n<div class=\"sow-image-container\">\r\n    \r\n    <img loading=\"lazy\" decoding=\"async\" src=\"https:\/\/abspace.yves-rocher.com\/fr\/wp-content\/uploads\/2021\/07\/Iconographie-f\u00e9minine-mannequin.jpg\" width=\"1100\" height=\"652\" srcset=\"\" title=\"Iconographie f\u00e9minine mannequin\"          class=\"so-widget-image\" \/>\r\n\r\n    \r\n    \r\n    <\/div>\r\n\r\n<\/div><\/div><\/div><\/div><div id=\"pg-10571-4\"  class=\"panel-grid panel-no-style\" ><div id=\"pgc-10571-4-0\"  class=\"panel-grid-cell\" ><div id=\"panel-10571-4-0-0\" class=\"so-panel widget panel-first-child panel-last-child\" data-index=\"5\" ><\/div><\/div><\/div><div id=\"pg-10571-5\"  class=\"panel-grid panel-no-style\" ><div id=\"pgc-10571-5-0\"  class=\"panel-grid-cell\" ><div id=\"panel-10571-5-0-0\" class=\"so-panel widget widget_sow-editor panel-first-child panel-last-child\" data-index=\"6\" ><div\n\t\t\t\n\t\t\tclass=\"so-widget-sow-editor so-widget-sow-editor-base\"\n\t\t\t\n\t\t>\n<div class=\"siteorigin-widget-tinymce textwidget\">\n\t<h2>Id\u00e9es make up bleu pour l\u2019\u00e9t\u00e9<\/h2>\n<p>L\u2019\u00e9t\u00e9, on a envie de fra\u00eecheur et de couleurs \u00e9lectriques ! Pourquoi ne pas adopter une des nouvelles tendances mode des beaux jours, le make up bleu ! Voici quelques id\u00e9es et astuces pour vous aider \u00e0 maquiller vos yeux :<\/p>\n<\/div>\n<\/div><\/div><\/div><\/div><div id=\"pg-10571-6\"  class=\"panel-grid panel-no-style\" ><div id=\"pgc-10571-6-0\"  class=\"panel-grid-cell\" ><div id=\"panel-10571-6-0-0\" class=\"so-panel widget widget_sow-image panel-first-child panel-last-child\" data-index=\"7\" ><div\n\t\t\t\n\t\t\tclass=\"so-widget-sow-image so-widget-sow-image-default-8b5b6f678277-10571\"\n\t\t\t\n\t\t>\r\n\r\n\r\n<div class=\"sow-image-container\">\r\n    \r\n    <img loading=\"lazy\" decoding=\"async\" src=\"https:\/\/abspace.yves-rocher.com\/fr\/wp-content\/uploads\/2021\/07\/Iconographie-f\u00e9minine-mannequin-1-e1635255509152.jpg\" width=\"280\" height=\"425\" srcset=\"\" title=\"Iconographie f\u00e9minine mannequin 1\"          class=\"so-widget-image\" \/>\r\n\r\n    \r\n    \r\n    <\/div>\r\n\r\n<\/div><\/div><\/div><div id=\"pgc-10571-6-1\"  class=\"panel-grid-cell\" ><div id=\"panel-10571-6-1-0\" class=\"so-panel widget widget_sow-editor panel-first-child panel-last-child\" data-index=\"8\" ><div\n\t\t\t\n\t\t\tclass=\"so-widget-sow-editor so-widget-sow-editor-base\"\n\t\t\t\n\t\t>\n<div class=\"siteorigin-widget-tinymce textwidget\">\n\t<h2>Tuto maquillage bleu facile<\/h2>\n<p>Voici les \u00e9tapes pour <a href=\"https:\/\/www.yves-rocher.fr\/actbeautiful\/comment-maquiller-ses-yeux-selon-leur-couleur\">r\u00e9aliser un maquillage yeux de biche couleur azur<\/a> tendance et faire de l\u2019ombre aux stars :<\/p>\n<ol>\n<li>Appliquer une base \u00e0 paupi\u00e8res fixatrice sur l\u2019ensemble de la paupi\u00e8re<\/li>\n<li>Tracer un trait de stylo bleu au ras des cils sup\u00e9rieurs<\/li>\n<li>D\u00e9poser du <a href=\"https:\/\/www.yves-rocher.fr\/maquillage\/yeux\/fard-a-paupieres-et-fixateur\/c\/23300\">fard \u00e0 paupi\u00e8res<\/a> bleu avec un pinceau et \u00e9tirer la mati\u00e8re<\/li>\n<li>Tracer un trait de stylo ou de fard au ras des cils inf\u00e9rieurs pour intensifier le regard<\/li>\n<li>Appliquer un mascara intense qui agrandit le regard de vos yeux de biche<\/li>\n<\/ol>\n<\/div>\n<\/div><\/div><\/div><\/div><div id=\"pg-10571-7\"  class=\"panel-grid panel-no-style\" ><div id=\"pgc-10571-7-0\"  class=\"panel-grid-cell\" ><div id=\"panel-10571-7-0-0\" class=\"so-panel widget widget_sow-editor panel-first-child panel-last-child\" data-index=\"9\" ><div\n\t\t\t\n\t\t\tclass=\"so-widget-sow-editor so-widget-sow-editor-base\"\n\t\t\t\n\t\t>\n<div class=\"siteorigin-widget-tinymce textwidget\">\n\t<h2>Maquillage de l\u2019\u0153il fa\u00e7on smoky eye<\/h2>\n<p>Que ce soit un <a href=\"https:\/\/www.yves-rocher.fr\/actbeautiful\/tuto-maquillage-charbonneux\">smoky eye<\/a> classique charbonneux noir, ou un smoky pastel ou m\u00eame dor\u00e9, un joli smoky restera toujours \u00e0 la mode peu importent les circonstances et les \u00e9poques. Il va \u00e0 toutes les formes d\u2019yeux, peut \u00eatre l\u00e9ger avec diff\u00e9rents pigments sublim\u00e9s dans notre <a href=\"https:\/\/www.yves-rocher.fr\/maquillage\/yeux\/palette-de-maquillage\/c\/23400\">Palette Couleur<\/a> V\u00e9g\u00e9tale Nude, ou plus sombre avec de beaux tons charbonneux pr\u00e9sents dans la Palette V\u00e9g\u00e9tale Smoky. Pour intensifier le r\u00e9sultat pour un <a href=\"https:\/\/www.yves-rocher.fr\/decouvrez-le-maquillage-de-fetes\/c\/perm-maquillage-de-fete\">maquillage de f\u00eates<\/a> ou un grand moment, une des astuces est de miser sur des faux cils qui allongent encore plus le regard.<\/p>\n<p>L\u00e9ger ou intense, le smoky eye peut se porter aussi bien en journ\u00e9e qu\u2019en soir\u00e9e. Il donne du caract\u00e8re \u00e0 votre look. La meilleure fa\u00e7on de le r\u00e9ussir est de proc\u00e9der par couches successives et d\u2019ajouter les fards progressivement. Vous pouvez ainsi moduler plus ais\u00e9ment l\u2019intensit\u00e9 de votre maquillage.<\/p>\n<\/div>\n<\/div><\/div><\/div><div id=\"pgc-10571-7-1\"  class=\"panel-grid-cell\" ><div id=\"panel-10571-7-1-0\" class=\"so-panel widget widget_sow-image panel-first-child panel-last-child\" data-index=\"10\" ><div\n\t\t\t\n\t\t\tclass=\"so-widget-sow-image so-widget-sow-image-default-8b5b6f678277-10571\"\n\t\t\t\n\t\t>\r\n\r\n\r\n<div class=\"sow-image-container\">\r\n    \r\n    <img loading=\"lazy\" decoding=\"async\" src=\"https:\/\/abspace.yves-rocher.com\/fr\/wp-content\/uploads\/2021\/07\/Palette-Couleur-V\u00e9g\u00e9tale-02.-Smoky.png\" width=\"1100\" height=\"652\" srcset=\"\" title=\"Palette Couleur V\u00e9g\u00e9tale 02. Smoky\"          class=\"so-widget-image\" \/>\r\n\r\n    \r\n    \r\n    <\/div>\r\n\r\n<\/div><\/div><\/div><\/div><div id=\"pg-10571-8\"  class=\"panel-grid panel-no-style\" ><div id=\"pgc-10571-8-0\"  class=\"panel-grid-cell\" ><div id=\"panel-10571-8-0-0\" class=\"so-panel widget widget_sow-image panel-first-child panel-last-child\" data-index=\"11\" ><div\n\t\t\t\n\t\t\tclass=\"so-widget-sow-image so-widget-sow-image-default-8b5b6f678277-10571\"\n\t\t\t\n\t\t>\r\n\r\n\r\n<div class=\"sow-image-container\">\r\n    \r\n    <img loading=\"lazy\" decoding=\"async\" src=\"https:\/\/abspace.yves-rocher.com\/fr\/wp-content\/uploads\/2020\/07\/DIGITAL-Iconographie-mannequin-e1650363438655.jpg\" width=\"494\" height=\"667\" srcset=\"\" title=\"YR-808399\t31\/12\/2023\"          class=\"so-widget-image\" \/>\r\n\r\n    \r\n    \r\n    <\/div>\r\n\r\n<\/div><\/div><\/div><div id=\"pgc-10571-8-1\"  class=\"panel-grid-cell\" ><div id=\"panel-10571-8-1-0\" class=\"so-panel widget widget_sow-editor panel-first-child panel-last-child\" data-index=\"12\" ><div\n\t\t\t\n\t\t\tclass=\"so-widget-sow-editor so-widget-sow-editor-base\"\n\t\t\t\n\t\t>\n<div class=\"siteorigin-widget-tinymce textwidget\">\n\t<h2>Maquillage bleu pour toutes les formes d\u2019yeux<\/h2>\n<p>Si vous voulez agrandir votre regard avec un maquillage aux teintes bleues claires, suivez les \u00e9tapes suivantes :<\/p>\n<ol>\n<li><a href=\"https:\/\/www.yves-rocher.fr\/actbeautiful\/appliquer-son-fard-a-paupieres-le-tuto-make-up\">Appliquer un fard \u00e0 paupi\u00e8res<\/a> (lien vers \"appliquer fard \u00e0 paupi\u00e8res) bleu sur la paupi\u00e8re mobile et une teinte un peu fonc\u00e9e dans le coin externe de l'\u0153il avant d\u2019estomper<\/li>\n<li>Ajouter une ombre \u00e0 paupi\u00e8res blanche brillante ou scintillante dans le coin interne de l'\u0153il et sous l\u2019arcade sourcili\u00e8re<\/li>\n<li>Appliquer un <a href=\"https:\/\/www.yves-rocher.fr\/actbeautiful\/comment-choisir-son-eye-liner\">trait d\u2019eye-liner<\/a> et du mascara intense<\/li>\n<\/ol>\n<p>Pour capter tous les regards, optez pour un maquillage magn\u00e9tique avec du bleu \u00e9lectrique :<\/p>\n<ul>\n<li>Utiliser une ombre \u00e0 paupi\u00e8res brillante ou un crayon pour les yeux scintillant<\/li>\n<li>Appliquer du crayon ultra noir qui allonge les cils dans le pli de l\u2019\u0153il en estompant la trace du crayon avec le fard bleu pour fondre les deux couleurs<\/li>\n<\/ul>\n<p>Autre id\u00e9e pour adapter diff\u00e9rents tons de bleus \u00e0 votre iris, le maquillage bleu fonc\u00e9, id\u00e9al pour un <a href=\"https:\/\/www.yves-rocher.fr\/actbeautiful\/tuto-maquillage-soiree\">maquillage de soir\u00e9e<\/a>. Cependant si vous avez des cernes prononc\u00e9s sous les yeux, les teintes fonc\u00e9es sont d\u00e9conseill\u00e9es. Pr\u00e9f\u00e9rez alors des fards lumineux dans les tons bleus (turquoise, azur\u2026).<\/p>\n<\/div>\n<\/div><\/div><\/div><\/div><div id=\"pg-10571-9\"  class=\"panel-grid panel-no-style\" ><div id=\"pgc-10571-9-0\"  class=\"panel-grid-cell\" ><div id=\"panel-10571-9-0-0\" class=\"so-panel widget panel-first-child panel-last-child\" data-index=\"13\" ><\/div><\/div><\/div><div id=\"pg-10571-10\"  class=\"panel-grid panel-no-style\" ><div id=\"pgc-10571-10-0\"  class=\"panel-grid-cell\" ><div id=\"panel-10571-10-0-0\" class=\"so-panel widget widget_sow-editor panel-first-child panel-last-child\" data-index=\"14\" ><div\n\t\t\t\n\t\t\tclass=\"so-widget-sow-editor so-widget-sow-editor-base\"\n\t\t\t\n\t\t>\n<div class=\"siteorigin-widget-tinymce textwidget\">\n\t<p>D\u00e9couvrez \u00e9galement d\u2019autres conseils maquillage pour les yeux :<\/p>\n<ul>\n<li><a href=\"https:\/\/www.yves-rocher.fr\/actbeautiful\/nos-astuces-pour-reussir-son-trait-de-liner\">R\u00e9ussir son trait d\u2019eye liner<\/a> <\/li>\n<li><a href=\"https:\/\/www.yves-rocher.fr\/actbeautiful\/paupieres-tombantes-astuces-et-conseils-maquillage\">Maquiller des paupi\u00e8res tombantes<\/a><\/li>\n<li><a href=\"https:\/\/www.yves-rocher.fr\/actbeautiful\/quel-maquillage-pour-des-yeux-verts\">Maquiller des yeux verts<\/a><\/li>\n<li><a href=\"https:\/\/www.yves-rocher.fr\/actbeautiful\/astuces-beaute\/maquillage\">Le maquillage parfait<\/a><\/li>\n<li><a href=\"https:\/\/www.yves-rocher.fr\/actbeautiful\/quel-maquillage-pour-yeux-bleus\">Maquiller les yeux bleus<\/a><\/li>\n<li><a href=\"https:\/\/www.yves-rocher.fr\/maquillage\/yeux\/palette-de-maquillage\/c\/23400\">Palette de maquillage pour les yeux<\/a><\/li>\n<li><a href=\"https:\/\/www.yves-rocher.fr\/actbeautiful\/les-couleurs-en-maquillage-comment-les-choisir\">Les couleurs de maquillage<\/a><\/li>\n<\/ul>\n<\/div>\n<\/div><\/div><\/div><div id=\"pgc-10571-10-1\"  class=\"panel-grid-cell\" ><div id=\"panel-10571-10-1-0\" class=\"so-panel widget widget_sow-image panel-first-child panel-last-child\" data-index=\"15\" ><div\n\t\t\t\n\t\t\tclass=\"so-widget-sow-image so-widget-sow-image-default-8b5b6f678277-10571\"\n\t\t\t\n\t\t>\r\n\r\n\r\n<div class=\"sow-image-container\">\r\n    \r\n    <img loading=\"lazy\" decoding=\"async\" src=\"https:\/\/abspace.yves-rocher.com\/fr\/wp-content\/uploads\/2019\/06\/Iconographie-feminine-mannequin-3.jpg\" width=\"1100\" height=\"652\" srcset=\"\" title=\"Iconographie f\u00e9minine mannequin\"          class=\"so-widget-image\" \/>\r\n\r\n    \r\n    \r\n    <\/div>\r\n\r\n<\/div><\/div><\/div><\/div><\/div>","protected":false},"excerpt":{"rendered":"<p>Pour un maquillage qui dure en soir\u00e9e ou en \u00e9t\u00e9, optez pour le waterproof !<\/p>\n","protected":false},"author":969241,"featured_media":10575,"comment_status":"open","ping_status":"open","sticky":false,"template":"","format":"standard","meta":{"_acf_changed":false,"_exactmetrics_skip_tracking":false,"_exactmetrics_sitenote_active":false,"_exactmetrics_sitenote_note":"","_exactmetrics_sitenote_category":0,"footnotes":""},"categories":[1],"tags":[543,272],"class_list":["post-10571","post","type-post","status-publish","format-standard","has-post-thumbnail","hentry","category-uncategorized","tag-astucesbeaute","tag-maquillage"],"acf":[],"yoast_head":"<!-- This site is optimized with the Yoast SEO plugin v24.7 - https:\/\/yoast.com\/wordpress\/plugins\/seo\/ -->\n<title>Make up waterproof : pour un maquillage longue tenue - Yves Rocher<\/title>\n<meta name=\"description\" content=\"D\u00e9couvrez sans plus tarder nos conseils beaut\u00e9 pour rayonner cet \u00e9t\u00e9. Le maquillage waterproof sera votre meilleur alli\u00e9 !\" \/>\n<meta name=\"robots\" content=\"index, follow, max-snippet:-1, max-image-preview:large, max-video-preview:-1\" \/>\n<link rel=\"canonical\" href=\"https:\/\/abspace.yves-rocher.com\/fr\/fr\/make-waterproof-pour-un-maquillage-longue-tenue\/\" \/>\n<meta property=\"og:locale\" content=\"fr_FR\" \/>\n<meta property=\"og:type\" content=\"article\" \/>\n<meta property=\"og:title\" content=\"Make up waterproof : pour un maquillage longue tenue - Yves Rocher\" \/>\n<meta property=\"og:description\" content=\"D\u00e9couvrez sans plus tarder nos conseils beaut\u00e9 pour rayonner cet \u00e9t\u00e9. Le maquillage waterproof sera votre meilleur alli\u00e9 !\" \/>\n<meta property=\"og:url\" content=\"https:\/\/abspace.yves-rocher.com\/fr\/fr\/make-waterproof-pour-un-maquillage-longue-tenue\/\" \/>\n<meta property=\"og:site_name\" content=\"France YR AB\" \/>\n<meta property=\"article:published_time\" content=\"2021-07-04T07:00:18+00:00\" \/>\n<meta property=\"article:modified_time\" content=\"2025-08-12T12:02:45+00:00\" \/>\n<meta property=\"og:image\" content=\"https:\/\/abspace.yves-rocher.com\/fr\/wp-content\/uploads\/2021\/07\/Iconographie-f\u00e9minine-mannequin.png\" \/>\n\t<meta property=\"og:image:width\" content=\"1100\" \/>\n\t<meta property=\"og:image:height\" content=\"652\" \/>\n\t<meta property=\"og:image:type\" content=\"image\/png\" \/>\n<meta name=\"author\" content=\"maiwennkersuzan\" \/>\n<meta name=\"twitter:card\" content=\"summary_large_image\" \/>\n<meta name=\"twitter:label1\" content=\"Written by\" \/>\n\t<meta name=\"twitter:data1\" content=\"maiwennkersuzan\" \/>\n\t<meta name=\"twitter:label2\" content=\"Est. reading time\" \/>\n\t<meta name=\"twitter:data2\" content=\"4 minutes\" \/>\n<script type=\"application\/ld+json\" class=\"yoast-schema-graph\">{\"@context\":\"https:\/\/schema.org\",\"@graph\":[{\"@type\":\"WebPage\",\"@id\":\"https:\/\/abspace.yves-rocher.com\/fr\/fr\/make-waterproof-pour-un-maquillage-longue-tenue\/\",\"url\":\"https:\/\/abspace.yves-rocher.com\/fr\/fr\/make-waterproof-pour-un-maquillage-longue-tenue\/\",\"name\":\"Make up waterproof : pour un maquillage longue tenue - Yves Rocher\",\"isPartOf\":{\"@id\":\"https:\/\/abspace.yves-rocher.com\/fr\/#website\"},\"primaryImageOfPage\":{\"@id\":\"https:\/\/abspace.yves-rocher.com\/fr\/fr\/make-waterproof-pour-un-maquillage-longue-tenue\/#primaryimage\"},\"image\":{\"@id\":\"https:\/\/abspace.yves-rocher.com\/fr\/fr\/make-waterproof-pour-un-maquillage-longue-tenue\/#primaryimage\"},\"thumbnailUrl\":\"https:\/\/abspace.yves-rocher.com\/fr\/wp-content\/uploads\/2021\/07\/Iconographie-f\u00e9minine-mannequin.png\",\"datePublished\":\"2021-07-04T07:00:18+00:00\",\"dateModified\":\"2025-08-12T12:02:45+00:00\",\"author\":{\"@id\":\"https:\/\/abspace.yves-rocher.com\/fr\/#\/schema\/person\/5bc7e968136819ee727c994e198afc43\"},\"description\":\"D\u00e9couvrez sans plus tarder nos conseils beaut\u00e9 pour rayonner cet \u00e9t\u00e9. Le maquillage waterproof sera votre meilleur alli\u00e9 !\",\"breadcrumb\":{\"@id\":\"https:\/\/abspace.yves-rocher.com\/fr\/fr\/make-waterproof-pour-un-maquillage-longue-tenue\/#breadcrumb\"},\"inLanguage\":\"fr-FR\",\"potentialAction\":[{\"@type\":\"ReadAction\",\"target\":[\"https:\/\/abspace.yves-rocher.com\/fr\/fr\/make-waterproof-pour-un-maquillage-longue-tenue\/\"]}]},{\"@type\":\"ImageObject\",\"inLanguage\":\"fr-FR\",\"@id\":\"https:\/\/abspace.yves-rocher.com\/fr\/fr\/make-waterproof-pour-un-maquillage-longue-tenue\/#primaryimage\",\"url\":\"https:\/\/abspace.yves-rocher.com\/fr\/wp-content\/uploads\/2021\/07\/Iconographie-f\u00e9minine-mannequin.png\",\"contentUrl\":\"https:\/\/abspace.yves-rocher.com\/fr\/wp-content\/uploads\/2021\/07\/Iconographie-f\u00e9minine-mannequin.png\",\"width\":1100,\"height\":652},{\"@type\":\"BreadcrumbList\",\"@id\":\"https:\/\/abspace.yves-rocher.com\/fr\/fr\/make-waterproof-pour-un-maquillage-longue-tenue\/#breadcrumb\",\"itemListElement\":[{\"@type\":\"ListItem\",\"position\":1,\"name\":\"Home\",\"item\":\"https:\/\/abspace.yves-rocher.com\/fr\/fr\/\"},{\"@type\":\"ListItem\",\"position\":2,\"name\":\"Make up waterproof : pour un maquillage longue tenue\"}]},{\"@type\":\"WebSite\",\"@id\":\"https:\/\/abspace.yves-rocher.com\/fr\/#website\",\"url\":\"https:\/\/abspace.yves-rocher.com\/fr\/\",\"name\":\"France YR AB\",\"description\":\"France YR AB\",\"potentialAction\":[{\"@type\":\"SearchAction\",\"target\":{\"@type\":\"EntryPoint\",\"urlTemplate\":\"https:\/\/abspace.yves-rocher.com\/fr\/?s={search_term_string}\"},\"query-input\":{\"@type\":\"PropertyValueSpecification\",\"valueRequired\":true,\"valueName\":\"search_term_string\"}}],\"inLanguage\":\"fr-FR\"},{\"@type\":\"Person\",\"@id\":\"https:\/\/abspace.yves-rocher.com\/fr\/#\/schema\/person\/5bc7e968136819ee727c994e198afc43\",\"name\":\"maiwennkersuzan\",\"image\":{\"@type\":\"ImageObject\",\"inLanguage\":\"fr-FR\",\"@id\":\"https:\/\/abspace.yves-rocher.com\/fr\/#\/schema\/person\/image\/\",\"url\":\"https:\/\/secure.gravatar.com\/avatar\/649f1f3da35b26ef188926bf4c5a3aba?s=96&d=mm&r=g\",\"contentUrl\":\"https:\/\/secure.gravatar.com\/avatar\/649f1f3da35b26ef188926bf4c5a3aba?s=96&d=mm&r=g\",\"caption\":\"maiwennkersuzan\"},\"url\":\"https:\/\/abspace.yves-rocher.com\/fr\/fr\/author\/maiwennkersuzan\/\"}]}<\/script>\n<!-- \/ Yoast SEO plugin. -->","yoast_head_json":{"title":"Make up waterproof : pour un maquillage longue tenue - Yves Rocher","description":"D\u00e9couvrez sans plus tarder nos conseils beaut\u00e9 pour rayonner cet \u00e9t\u00e9. Le maquillage waterproof sera votre meilleur alli\u00e9 !","robots":{"index":"index","follow":"follow","max-snippet":"max-snippet:-1","max-image-preview":"max-image-preview:large","max-video-preview":"max-video-preview:-1"},"canonical":"https:\/\/abspace.yves-rocher.com\/fr\/fr\/make-waterproof-pour-un-maquillage-longue-tenue\/","og_locale":"fr_FR","og_type":"article","og_title":"Make up waterproof : pour un maquillage longue tenue - Yves Rocher","og_description":"D\u00e9couvrez sans plus tarder nos conseils beaut\u00e9 pour rayonner cet \u00e9t\u00e9. Le maquillage waterproof sera votre meilleur alli\u00e9 !","og_url":"https:\/\/abspace.yves-rocher.com\/fr\/fr\/make-waterproof-pour-un-maquillage-longue-tenue\/","og_site_name":"France YR AB","article_published_time":"2021-07-04T07:00:18+00:00","article_modified_time":"2025-08-12T12:02:45+00:00","og_image":[{"width":1100,"height":652,"url":"https:\/\/abspace.yves-rocher.com\/fr\/wp-content\/uploads\/2021\/07\/Iconographie-f\u00e9minine-mannequin.png","type":"image\/png"}],"author":"maiwennkersuzan","twitter_card":"summary_large_image","twitter_misc":{"Written by":"maiwennkersuzan","Est. reading time":"4 minutes"},"schema":{"@context":"https:\/\/schema.org","@graph":[{"@type":"WebPage","@id":"https:\/\/abspace.yves-rocher.com\/fr\/fr\/make-waterproof-pour-un-maquillage-longue-tenue\/","url":"https:\/\/abspace.yves-rocher.com\/fr\/fr\/make-waterproof-pour-un-maquillage-longue-tenue\/","name":"Make up waterproof : pour un maquillage longue tenue - Yves Rocher","isPartOf":{"@id":"https:\/\/abspace.yves-rocher.com\/fr\/#website"},"primaryImageOfPage":{"@id":"https:\/\/abspace.yves-rocher.com\/fr\/fr\/make-waterproof-pour-un-maquillage-longue-tenue\/#primaryimage"},"image":{"@id":"https:\/\/abspace.yves-rocher.com\/fr\/fr\/make-waterproof-pour-un-maquillage-longue-tenue\/#primaryimage"},"thumbnailUrl":"https:\/\/abspace.yves-rocher.com\/fr\/wp-content\/uploads\/2021\/07\/Iconographie-f\u00e9minine-mannequin.png","datePublished":"2021-07-04T07:00:18+00:00","dateModified":"2025-08-12T12:02:45+00:00","author":{"@id":"https:\/\/abspace.yves-rocher.com\/fr\/#\/schema\/person\/5bc7e968136819ee727c994e198afc43"},"description":"D\u00e9couvrez sans plus tarder nos conseils beaut\u00e9 pour rayonner cet \u00e9t\u00e9. Le maquillage waterproof sera votre meilleur alli\u00e9 !","breadcrumb":{"@id":"https:\/\/abspace.yves-rocher.com\/fr\/fr\/make-waterproof-pour-un-maquillage-longue-tenue\/#breadcrumb"},"inLanguage":"fr-FR","potentialAction":[{"@type":"ReadAction","target":["https:\/\/abspace.yves-rocher.com\/fr\/fr\/make-waterproof-pour-un-maquillage-longue-tenue\/"]}]},{"@type":"ImageObject","inLanguage":"fr-FR","@id":"https:\/\/abspace.yves-rocher.com\/fr\/fr\/make-waterproof-pour-un-maquillage-longue-tenue\/#primaryimage","url":"https:\/\/abspace.yves-rocher.com\/fr\/wp-content\/uploads\/2021\/07\/Iconographie-f\u00e9minine-mannequin.png","contentUrl":"https:\/\/abspace.yves-rocher.com\/fr\/wp-content\/uploads\/2021\/07\/Iconographie-f\u00e9minine-mannequin.png","width":1100,"height":652},{"@type":"BreadcrumbList","@id":"https:\/\/abspace.yves-rocher.com\/fr\/fr\/make-waterproof-pour-un-maquillage-longue-tenue\/#breadcrumb","itemListElement":[{"@type":"ListItem","position":1,"name":"Home","item":"https:\/\/abspace.yves-rocher.com\/fr\/fr\/"},{"@type":"ListItem","position":2,"name":"Make up waterproof : pour un maquillage longue tenue"}]},{"@type":"WebSite","@id":"https:\/\/abspace.yves-rocher.com\/fr\/#website","url":"https:\/\/abspace.yves-rocher.com\/fr\/","name":"France YR AB","description":"France YR AB","potentialAction":[{"@type":"SearchAction","target":{"@type":"EntryPoint","urlTemplate":"https:\/\/abspace.yves-rocher.com\/fr\/?s={search_term_string}"},"query-input":{"@type":"PropertyValueSpecification","valueRequired":true,"valueName":"search_term_string"}}],"inLanguage":"fr-FR"},{"@type":"Person","@id":"https:\/\/abspace.yves-rocher.com\/fr\/#\/schema\/person\/5bc7e968136819ee727c994e198afc43","name":"maiwennkersuzan","image":{"@type":"ImageObject","inLanguage":"fr-FR","@id":"https:\/\/abspace.yves-rocher.com\/fr\/#\/schema\/person\/image\/","url":"https:\/\/secure.gravatar.com\/avatar\/649f1f3da35b26ef188926bf4c5a3aba?s=96&d=mm&r=g","contentUrl":"https:\/\/secure.gravatar.com\/avatar\/649f1f3da35b26ef188926bf4c5a3aba?s=96&d=mm&r=g","caption":"maiwennkersuzan"},"url":"https:\/\/abspace.yves-rocher.com\/fr\/fr\/author\/maiwennkersuzan\/"}]}},"_links":{"self":[{"href":"https:\/\/abspace.yves-rocher.com\/fr\/ws\/wp\/v2\/posts\/10571","targetHints":{"allow":["GET"]}}],"collection":[{"href":"https:\/\/abspace.yves-rocher.com\/fr\/ws\/wp\/v2\/posts"}],"about":[{"href":"https:\/\/abspace.yves-rocher.com\/fr\/ws\/wp\/v2\/types\/post"}],"author":[{"embeddable":true,"href":"https:\/\/abspace.yves-rocher.com\/fr\/ws\/wp\/v2\/users\/969241"}],"replies":[{"embeddable":true,"href":"https:\/\/abspace.yves-rocher.com\/fr\/ws\/wp\/v2\/comments?post=10571"}],"version-history":[{"count":13,"href":"https:\/\/abspace.yves-rocher.com\/fr\/ws\/wp\/v2\/posts\/10571\/revisions"}],"predecessor-version":[{"id":14864,"href":"https:\/\/abspace.yves-rocher.com\/fr\/ws\/wp\/v2\/posts\/10571\/revisions\/14864"}],"wp:featuredmedia":[{"embeddable":true,"href":"https:\/\/abspace.yves-rocher.com\/fr\/ws\/wp\/v2\/media\/10575"}],"wp:attachment":[{"href":"https:\/\/abspace.yves-rocher.com\/fr\/ws\/wp\/v2\/media?parent=10571"}],"wp:term":[{"taxonomy":"category","embeddable":true,"href":"https:\/\/abspace.yves-rocher.com\/fr\/ws\/wp\/v2\/categories?post=10571"},{"taxonomy":"post_tag","embeddable":true,"href":"https:\/\/abspace.yves-rocher.com\/fr\/ws\/wp\/v2\/tags?post=10571"}],"curies":[{"name":"wp","href":"https:\/\/api.w.org\/{rel}","templated":true}]}}