{"id":11174,"date":"2023-10-08T17:23:22","date_gmt":"2023-10-08T15:53:22","guid":{"rendered":"http:\/\/abspace.yves-rocher.com\/fr\/?p=11174"},"modified":"2025-08-12T13:36:24","modified_gmt":"2025-08-12T12:06:24","slug":"comment-choisir-son-fond-de-teint","status":"publish","type":"post","link":"https:\/\/abspace.yves-rocher.com\/fr\/fr\/comment-choisir-son-fond-de-teint\/","title":{"rendered":"Comment appliquer son fond de teint ?"},"content":{"rendered":"<div id=\"pl-11174\"  class=\"panel-layout\" ><div id=\"pg-11174-0\"  class=\"panel-grid panel-no-style\" ><div id=\"pgc-11174-0-0\"  class=\"panel-grid-cell\" ><div id=\"panel-11174-0-0-0\" class=\"so-panel widget widget_sow-editor panel-first-child panel-last-child\" data-index=\"0\" ><div\n\t\t\t\n\t\t\tclass=\"so-widget-sow-editor so-widget-sow-editor-base\"\n\t\t\t\n\t\t>\n<div class=\"siteorigin-widget-tinymce textwidget\">\n\t<p style=\"text-align: center\">Le <a href=\"https:\/\/www.yves-rocher.fr\/maquillage\/teint\/fond-de-teint\/c\/21100\">fond de teint<\/a> camoufle les imperfections et vous donne bonne mine. Mais avant de l\u2019appliquer, il est essentiel de pr\u00e9parer votre peau avec des soins purifiants et hydratants. Voici quelques \u00e9tapes-cl\u00e9s pour bien nettoyer votre visage et des conseils pour choisir le bon maquillage. Sans oublier l\u2019instant crucial : l\u2019application du fond de teint.<\/p>\n<\/div>\n<\/div><\/div><\/div><\/div><div id=\"pg-11174-1\"  class=\"panel-grid panel-no-style\" ><div id=\"pgc-11174-1-0\"  class=\"panel-grid-cell\" ><div id=\"panel-11174-1-0-0\" class=\"so-panel widget widget_sow-editor panel-first-child panel-last-child\" data-index=\"1\" ><div\n\t\t\t\n\t\t\tclass=\"so-widget-sow-editor so-widget-sow-editor-base\"\n\t\t\t\n\t\t>\n<div class=\"siteorigin-widget-tinymce textwidget\">\n\t<h2 style=\"text-align: left\"><b>Conseils et \u00e9tapes-cl\u00e9s avant de mettre son fond de teint<\/b><\/h2>\n<\/div>\n<\/div><\/div><\/div><\/div><div id=\"pg-11174-2\"  class=\"panel-grid panel-no-style\" ><div id=\"pgc-11174-2-0\"  class=\"panel-grid-cell\" ><div id=\"panel-11174-2-0-0\" class=\"so-panel widget widget_sow-editor panel-first-child panel-last-child\" data-index=\"2\" ><div\n\t\t\t\n\t\t\tclass=\"so-widget-sow-editor so-widget-sow-editor-base\"\n\t\t\t\n\t\t>\n<div class=\"siteorigin-widget-tinymce textwidget\">\n\t<h3 style=\"text-align: left\"><b>Nettoyer le visage et pr\u00e9parer la peau au maquillage<\/b><\/h3>\n<p>Avant d\u2019appliquer une cr\u00e8me de jour et un fond de teint, il faut bien nettoyer sa peau. Sur un visage non pr\u00e9par\u00e9, les r\u00e9sidus s\u2019incrustent. Soins et maquillage emprisonnent les impuret\u00e9s et provoquent, voire aggravent les imperfections cutan\u00e9es.<\/p>\n<p>Une peau propre, quant \u00e0 elle, absorbe efficacement les soins comme les s\u00e9rums, les lotions et les cr\u00e8mes, qui constituent une barri\u00e8re protectrice n\u00e9cessaire \u00e0 la pose et \u00e0 la bonne la tenue du make-up.<\/p>\n<\/div>\n<\/div><\/div><\/div><div id=\"pgc-11174-2-1\"  class=\"panel-grid-cell\" ><div id=\"panel-11174-2-1-0\" class=\"so-panel widget widget_sow-image panel-first-child panel-last-child\" data-index=\"3\" ><div\n\t\t\t\n\t\t\tclass=\"so-widget-sow-image so-widget-sow-image-default-8b5b6f678277-11174\"\n\t\t\t\n\t\t>\r\n\r\n\r\n<div class=\"sow-image-container\">\r\n    \r\n    <img loading=\"lazy\" decoding=\"async\" src=\"https:\/\/abspace.yves-rocher.com\/fr\/wp-content\/uploads\/2022\/02\/FDT_09.jpg\" width=\"640\" height=\"400\" srcset=\"\"          class=\"so-widget-image\" \/>\r\n\r\n    \r\n    \r\n    <\/div>\r\n\r\n<\/div><\/div><\/div><\/div><div id=\"pg-11174-3\"  class=\"panel-grid panel-no-style\" ><div id=\"pgc-11174-3-0\"  class=\"panel-grid-cell\" ><div id=\"panel-11174-3-0-0\" class=\"so-panel widget widget_sow-editor panel-first-child panel-last-child\" data-index=\"4\" ><div\n\t\t\t\n\t\t\tclass=\"so-widget-sow-editor so-widget-sow-editor-base\"\n\t\t\t\n\t\t>\n<div class=\"siteorigin-widget-tinymce textwidget\">\n\t<p>\u200b<b>Voici quelques \u00e9tapes \u00e0 suivre pour purifier votre peau et bien la pr\u00e9parer \u00e0 l\u2019\u00e9tape maquillage :<\/b><\/p>\n<ol>\n<li>D\u00e8s le r\u00e9veil, nettoyez votre visage en douceur avec un gel, une eau micellaire, une huile d\u00e9maquillante et une <a href=\"https:\/\/www.yves-rocher.fr\/soin-visage\/nettoyant-et-demaquillant\/lotion\/c\/16150\">lotion<\/a> adapt\u00e9e aux besoins de votre peau.<\/li>\n<li>1 \u00e0 2 fois par semaine, sur peau mixte ou grasse, d\u00e9sincrustez les pores avec un gommage exfoliant pour \u00e9liminer les impuret\u00e9s. R\u00e9gulez l\u2019exc\u00e8s de s\u00e9bum avec un masque purifiant ou un soin assainissant;<\/li>\n<li>Hydratez votre peau avec un s\u00e9rum ou une cr\u00e8me pour peau s\u00e8che, normale, grasse ou mixte. L\u2019application quotidienne d\u2019un soin adapt\u00e9\u00a0 permet de traiter l\u2019exc\u00e8s de s\u00e9bum comme la s\u00e9cheresse cutan\u00e9e. Sur une peau saine, le maquillage adh\u00e8re plus facilement et tient plus longtemps.<\/li>\n<li>Le soir, nettoyez la peau pour enlever toutes traces de pollution, sueur ou s\u00e9bum. D\u00e9maquillez-vous avec une texture lipophile en massant votre visage, pour de dissoudre toutes les impuret\u00e9s, puis appliquez un produit moussant qui se rince \u00e0 l\u2019eau pour parfaire le nettoyage.<\/li>\n<\/ol>\n<p>Le nettoyage en profondeur combin\u00e9 \u00e0 l\u2019hydratation sont la cl\u00e9 d\u2019un maquillage r\u00e9ussi et d\u2019un teint lumineux\u00a0 ! Adoptez cette routine de soins avant toute application de fond de teint, vous nous remercierez plus tard<\/p>\n<\/div>\n<\/div><\/div><\/div><\/div><div id=\"pg-11174-4\"  class=\"panel-grid panel-no-style\" ><div id=\"pgc-11174-4-0\"  class=\"panel-grid-cell\" ><div id=\"panel-11174-4-0-0\" class=\"so-panel widget widget_sow-image panel-first-child panel-last-child\" data-index=\"5\" ><div\n\t\t\t\n\t\t\tclass=\"so-widget-sow-image so-widget-sow-image-default-8b5b6f678277-11174\"\n\t\t\t\n\t\t>\r\n\r\n\r\n<div class=\"sow-image-container\">\r\n    \r\n    <img loading=\"lazy\" decoding=\"async\" src=\"https:\/\/abspace.yves-rocher.com\/fr\/wp-content\/uploads\/2022\/02\/FDT_10.jpg\" width=\"640\" height=\"400\" srcset=\"\"          class=\"so-widget-image\" \/>\r\n\r\n    \r\n    \r\n    <\/div>\r\n\r\n<\/div><\/div><\/div><div id=\"pgc-11174-4-1\"  class=\"panel-grid-cell\" ><div id=\"panel-11174-4-1-0\" class=\"so-panel widget widget_sow-editor panel-first-child panel-last-child\" data-index=\"6\" ><div\n\t\t\t\n\t\t\tclass=\"so-widget-sow-editor so-widget-sow-editor-base\"\n\t\t\t\n\t\t>\n<div class=\"siteorigin-widget-tinymce textwidget\">\n\t<h3><b>Choisir son fond de teint<\/b><\/h3>\n<p>Votre peau est nettoy\u00e9e, pr\u00eate \u00e0 \u00eatre maquill\u00e9e. Maintenant, reste \u00e0 choisir le bon fond de teint !<\/p>\n<ul>\n<li>Pour un effet naturel, optez pour une nuance de teint adapt\u00e9e \u00e0 proche de votre carnation. Un maquillage beige clair pour les peaux claires, plut\u00f4t qu\u2019un fond de teint brun fonc\u00e9.<\/li>\n<li>S\u00e9lectionnez la texture et la formule qui conviennent \u00e0 votre type de peau, qu\u2019elle soit grasse, s\u00e8che, normale ou mixte.<\/li>\n<li>Adaptez le niveau de couvrance selon vos besoins et le r\u00e9sultat recherch\u00e9 : unifier ou lisser le teint, estomper ou masquer des imperfections cutan\u00e9es.\u00a0<\/li>\n<\/ul>\n<p>D\u00e9couvrez plus en d\u00e9tails <a href=\"https:\/\/www.yves-rocher.fr\/actbeautiful\/quel-fond-de-teint-choisir\">comment choisir son fond de teint<\/a><\/p>\n<\/div>\n<\/div><\/div><\/div><\/div><div id=\"pg-11174-5\"  class=\"panel-grid panel-no-style\" ><div id=\"pgc-11174-5-0\"  class=\"panel-grid-cell\" ><div id=\"panel-11174-5-0-0\" class=\"so-panel widget widget_sow-editor panel-first-child panel-last-child\" data-index=\"7\" ><div\n\t\t\t\n\t\t\tclass=\"so-widget-sow-editor so-widget-sow-editor-base\"\n\t\t\t\n\t\t>\n<div class=\"siteorigin-widget-tinymce textwidget\">\n\t<h2 style=\"text-align: left\"><b>Comment appliquer du fond de teint ?<\/b><\/h2>\n<p>Vous avez choisi votre fond de teint, sa texture et sa couleur ? C\u2019est le moment de l\u2019appliquer, avec les bons gestes et les accessoires appropri\u00e9s.<\/p>\n<p>Au pinceau ou \u00e0 l\u2019<a href=\"https:\/\/www.yves-rocher.fr\/actbeautiful\/bien-se-servir-de-leponge-fond-de-teint\">\u00e9ponge<\/a> : voici comment appliquer votre fond de teint et parfaire les finitions pour obtenir un teint lumineux !<\/p>\n<\/div>\n<\/div><\/div><\/div><\/div><div id=\"pg-11174-6\"  class=\"panel-grid panel-no-style\" ><div id=\"pgc-11174-6-0\"  class=\"panel-grid-cell\" ><div id=\"panel-11174-6-0-0\" class=\"so-panel widget widget_sow-editor panel-first-child panel-last-child\" data-index=\"8\" ><div\n\t\t\t\n\t\t\tclass=\"so-widget-sow-editor so-widget-sow-editor-base\"\n\t\t\t\n\t\t>\n<div class=\"siteorigin-widget-tinymce textwidget\">\n\t<h3><b>L\u2019application du fond de teint au doigt<\/b><\/h3>\n<p>Rapide et pratique, l\u2019application au doigt permet de travailler directement la mati\u00e8re. Elle est aussi tr\u00e8s confortable pour les peaux sensibles en qu\u00eate de douceur. L\u2019avantage : vous ne gaspillez pas de fond de teint et vous n\u2019avez aucun accessoire \u00e0 nettoyer. En revanche, cette application pr\u00e9sente plusieurs inconv\u00e9nients :<\/p>\n<ul>\n<li>Difficult\u00e9s \u00e0 obtenir une couverture uniforme sur l\u2019ensemble du visage<\/li>\n<li>Tenue non optimale, car la texture a tendance \u00e0 \u00eatre trop chauff\u00e9e \u00e0 la chaleur des doigts<\/li>\n<li>P\u00e9n\u00e9tration du produit dans la peau, alors que le fond de teint doit rester \u00e0 la surface<\/li>\n<\/ul>\n<\/div>\n<\/div><\/div><\/div><\/div><div id=\"pg-11174-7\"  class=\"panel-grid panel-no-style\" ><div id=\"pgc-11174-7-0\"  class=\"panel-grid-cell\" ><div id=\"panel-11174-7-0-0\" class=\"so-panel widget widget_sow-editor panel-first-child panel-last-child\" data-index=\"9\" ><div\n\t\t\t\n\t\t\tclass=\"so-widget-sow-editor so-widget-sow-editor-base\"\n\t\t\t\n\t\t>\n<div class=\"siteorigin-widget-tinymce textwidget\">\n\t<h3><b>L\u2019application du fond de teint au pinceau<\/b><\/h3>\n<p>Le pinceau est plus pr\u00e9cis et permet de doser le produit selon l\u2019effet souhait\u00e9. Choisissez votre pinceau en fonction de la densit\u00e9 et de la longueur de ses poils, car, chaque pinceau r\u00e9pond \u00e0 un objectif sp\u00e9cifique : un teint au fini naturel, z\u00e9ro d\u00e9faut ou liss\u00e9.<\/p>\n<p><b>Pour un fini z\u00e9ro d\u00e9faut, <\/b>le <a href=\"https:\/\/www.yves-rocher.fr\/maquillage\/teint\/pinceau-maquillage-et-accessoire\/pinceau-fond-de-teint-universel\/p\/82599\">Pinceau Fond De Teint Universel<\/a> ou pinceau plat s\u2019utilise pour appliquer des fonds de teint avec des textures liquides ou cr\u00e8mes. Ses longs poils, sa coupe d\u00e9grad\u00e9e et arrondie permettent d\u2019\u00e9tirer la mati\u00e8re pour une couvrance maximale.\u00a0<\/p>\n<\/div>\n<\/div><\/div><\/div><div id=\"pgc-11174-7-1\"  class=\"panel-grid-cell\" ><div id=\"panel-11174-7-1-0\" class=\"so-panel widget widget_sow-image panel-first-child panel-last-child\" data-index=\"10\" ><div\n\t\t\t\n\t\t\tclass=\"so-widget-sow-image so-widget-sow-image-default-8b5b6f678277-11174\"\n\t\t\t\n\t\t>\r\n\r\n\r\n<div class=\"sow-image-container\">\r\n    \r\n    <img loading=\"lazy\" decoding=\"async\" src=\"https:\/\/abspace.yves-rocher.com\/fr\/wp-content\/uploads\/2022\/02\/FDT_03.jpg\" width=\"640\" height=\"400\" srcset=\"\"          class=\"so-widget-image\" \/>\r\n\r\n    \r\n    \r\n    <\/div>\r\n\r\n<\/div><\/div><\/div><\/div><div id=\"pg-11174-8\"  class=\"panel-grid panel-no-style\" ><div id=\"pgc-11174-8-0\"  class=\"panel-grid-cell\" ><div id=\"panel-11174-8-0-0\" class=\"so-panel widget widget_sow-editor panel-first-child panel-last-child\" data-index=\"11\" ><div\n\t\t\t\n\t\t\tclass=\"so-widget-sow-editor so-widget-sow-editor-base\"\n\t\t\t\n\t\t>\n<div class=\"siteorigin-widget-tinymce textwidget\">\n\t<p style=\"text-align: left\"><b>Conseils d\u2019application<\/b><\/p>\n<ol>\n<li style=\"text-align: left\">\n<p>\u00a0 Apr\u00e8s avoir appliqu\u00e9 une base illuminatrice, d\u00e9posez 1 ou 2 noisettes de fond de teint sur le dos de la main. Travaillez la texture avec le bout du pinceau pour la faire chauffer.<\/p>\n<\/li>\n<li style=\"text-align: left\">\n<p>\u00a0 Pr\u00e9levez la mati\u00e8re avec le pinceau puis d\u00e9posez de petites touches de fond de teint sur votre visage au niveau du front, du nez, du menton et des joues. Pour un teint unifi\u00e9 z\u00e9ro d\u00e9faut sans d\u00e9marcations, \u00e9tirez le fond de teint par mouvement de lissage, du centre du visage vers l\u2019ext\u00e9rieur. Veillez \u00e0 bien r\u00e9partir la mati\u00e8re sur tout le visage et le cou.<\/p>\n<\/li>\n<li style=\"text-align: left\">\n<p>\u00a0 Finalisez votre maquillage du teint en appliquant une <a href=\"https:\/\/www.yves-rocher.fr\/maquillage\/teint\/poudre\/c\/21300\">poudre compacte<\/a>, un blush, une poudre de soleil et un enlumineur. Tapotez avec le pinceau poudre.\u00a0 ! Pour une touche d\u2019\u00e9clat, utilisez le <a href=\"https:\/\/www.yves-rocher.fr\/maquillage\/teint\/pinceau-maquillage-et-accessoire\/pinceau-fard-a-joues\/p\/82974\">Pinceau Blush<\/a>. Il permet d\u2019appliquer les blushs et enlumineurs gr\u00e2ce \u00e0 sa coupe biseaut\u00e9e qui \u00e9pouse parfaitement les pommettes.<\/p>\n<\/li>\n<\/ol>\n<p style=\"text-align: left\">Pour \u00e9viter les d\u00e9marcations et pour un effet uniforme et l\u00e9ger, il est conseill\u00e9 de chauffer et travailler la mati\u00e8re sur le dos de votre main avant de l\u2019appliquer. On peut ensuite utiliser les doigts pour peaufiner l\u2019application du fond de teint, une fois qu\u2019il a \u00e9t\u00e9 \u00e9tir\u00e9 avec le pinceau ou l\u2019\u00e9ponge.<\/p>\n<p><b>Conseils d'entretien :<\/b> Pour \u00e9viter la prolif\u00e9ration de bact\u00e9ries et conserver son pinceau plus longtemps, pensez \u00e0 le nettoyer r\u00e9guli\u00e8rement avec du savon doux et de l\u2019eau. Puis, laissez s\u00e9cher \u00e0 l'air libre.<\/p>\n<\/div>\n<\/div><\/div><\/div><\/div><div id=\"pg-11174-9\"  class=\"panel-grid panel-no-style\" ><div id=\"pgc-11174-9-0\"  class=\"panel-grid-cell\" ><div id=\"panel-11174-9-0-0\" class=\"so-panel widget widget_siteorigin-panels-embedded-video panel-first-child panel-last-child\" data-index=\"12\" ><div class=\"siteorigin-fitvids\"><iframe loading=\"lazy\" title=\"Tuto N\u00b02 : Comment appliquer son fond de teint au pinceau ?\" width=\"500\" height=\"281\" src=\"https:\/\/www.youtube.com\/embed\/SqZ73CSjP04?feature=oembed\" frameborder=\"0\" allow=\"accelerometer; autoplay; clipboard-write; encrypted-media; gyroscope; picture-in-picture; web-share\" referrerpolicy=\"strict-origin-when-cross-origin\" allowfullscreen><\/iframe><\/div><\/div><\/div><\/div><div id=\"pg-11174-10\"  class=\"panel-grid panel-no-style\" ><div id=\"pgc-11174-10-0\"  class=\"panel-grid-cell\" ><div id=\"panel-11174-10-0-0\" class=\"so-panel widget widget_sow-image panel-first-child panel-last-child\" data-index=\"13\" ><div\n\t\t\t\n\t\t\tclass=\"so-widget-sow-image so-widget-sow-image-default-8b5b6f678277-11174\"\n\t\t\t\n\t\t>\r\n\r\n\r\n<div class=\"sow-image-container\">\r\n    \r\n    <img loading=\"lazy\" decoding=\"async\" src=\"https:\/\/abspace.yves-rocher.com\/fr\/wp-content\/uploads\/2022\/02\/FDT_04.jpg\" width=\"640\" height=\"400\" srcset=\"\"          class=\"so-widget-image\" \/>\r\n\r\n    \r\n    \r\n    <\/div>\r\n\r\n<\/div><\/div><\/div><div id=\"pgc-11174-10-1\"  class=\"panel-grid-cell\" ><div id=\"panel-11174-10-1-0\" class=\"so-panel widget widget_sow-editor panel-first-child panel-last-child\" data-index=\"14\" ><div\n\t\t\t\n\t\t\tclass=\"so-widget-sow-editor so-widget-sow-editor-base\"\n\t\t\t\n\t\t>\n<div class=\"siteorigin-widget-tinymce textwidget\">\n\t<h3 style=\"text-align: left\"><b>L\u2019application du fond de teint \u00e0 l\u2019\u00e9ponge<\/b><\/h3>\n<p><a href=\"https:\/\/www.yves-rocher.fr\/actbeautiful\/bien-se-servir-de-leponge-fond-de-teint\">L\u2019\u00e9ponge \u00e0 fond de teint<\/a> estompe le fond de teint tout en camouflant les cernes et les imperfections. R\u00e9sultat : le maquillage para\u00eet naturel, le teint est unifi\u00e9 et sans d\u00e9marcations. Vous pouvez aussi utiliser un <a href=\"https:\/\/www.yves-rocher.fr\/maquillage\/teint\/pinceau-maquillage-et-accessoire\/pinceau-anticernes\/p\/83173\">pinceau sp\u00e9cial<\/a> pour appliquer l\u2019anti-cernes ou l\u2019estomper en quelques aller-retours. Au revoir regard fatigu\u00e9 !<\/p>\n<p>L'\u00c9ponge Fond De Teint est l'accessoire id\u00e9al pour appliquer un fond de teint liquide ou compacte, ou un anti-cernes. Son embout pointu permet d\u2019appliquer le fond de teint dans les endroits les plus difficiles d\u2019acc\u00e8s comme les ailes du nez, les cernes et les sourcils. Son embout rond, lui, estompe et unifie le teint.<\/p>\n<\/div>\n<\/div><\/div><\/div><\/div><div id=\"pg-11174-11\"  class=\"panel-grid panel-no-style\" ><div id=\"pgc-11174-11-0\"  class=\"panel-grid-cell\" ><div id=\"panel-11174-11-0-0\" class=\"so-panel widget widget_sow-editor panel-first-child panel-last-child\" data-index=\"15\" ><div\n\t\t\t\n\t\t\tclass=\"so-widget-sow-editor so-widget-sow-editor-base\"\n\t\t\t\n\t\t>\n<div class=\"siteorigin-widget-tinymce textwidget\">\n\t<p><b>L\u2019astuce en plus <\/b>: Utilisez notre pinceau anti-cernes pour appliquer ou estomper l'anti-cernes en quelques aller-retours.<\/p>\n<\/div>\n<\/div><\/div><\/div><\/div><div id=\"pg-11174-12\"  class=\"panel-grid panel-no-style\" ><div id=\"pgc-11174-12-0\"  class=\"panel-grid-cell\" ><div id=\"panel-11174-12-0-0\" class=\"so-panel widget panel-first-child panel-last-child\" data-index=\"16\" ><\/div><\/div><\/div><\/div>","protected":false},"excerpt":{"rendered":"<p>D\u00e9couvrez nos conseils pour une application parfaite de votre fond de teint.<\/p>\n","protected":false},"author":969241,"featured_media":13635,"comment_status":"open","ping_status":"open","sticky":false,"template":"","format":"standard","meta":{"_acf_changed":false,"_exactmetrics_skip_tracking":false,"_exactmetrics_sitenote_active":false,"_exactmetrics_sitenote_note":"","_exactmetrics_sitenote_category":0,"footnotes":""},"categories":[1],"tags":[],"class_list":["post-11174","post","type-post","status-publish","format-standard","has-post-thumbnail","hentry","category-uncategorized"],"acf":[],"yoast_head":"<!-- This site is optimized with the Yoast SEO plugin v24.7 - https:\/\/yoast.com\/wordpress\/plugins\/seo\/ -->\n<title>Comment appliquer son fond de teint ? \u2022 Yves Rocher<\/title>\n<meta name=\"description\" content=\"Comment bien mettre du fond de teint ? D\u00e9couvrez nos astuces maquillage et beaut\u00e9. Retrouvez des informations sur le choix de vos accessoires.\" \/>\n<meta name=\"robots\" content=\"index, follow, max-snippet:-1, max-image-preview:large, max-video-preview:-1\" \/>\n<link rel=\"canonical\" href=\"https:\/\/abspace.yves-rocher.com\/fr\/fr\/comment-choisir-son-fond-de-teint\/\" \/>\n<meta property=\"og:locale\" content=\"fr_FR\" \/>\n<meta property=\"og:type\" content=\"article\" \/>\n<meta property=\"og:title\" content=\"Comment appliquer son fond de teint ? \u2022 Yves Rocher\" \/>\n<meta property=\"og:description\" content=\"Comment bien mettre du fond de teint ? D\u00e9couvrez nos astuces maquillage et beaut\u00e9. Retrouvez des informations sur le choix de vos accessoires.\" \/>\n<meta property=\"og:url\" content=\"https:\/\/abspace.yves-rocher.com\/fr\/fr\/comment-choisir-son-fond-de-teint\/\" \/>\n<meta property=\"og:site_name\" content=\"France YR AB\" \/>\n<meta property=\"article:published_time\" content=\"2023-10-08T15:53:22+00:00\" \/>\n<meta property=\"article:modified_time\" content=\"2025-08-12T12:06:24+00:00\" \/>\n<meta property=\"og:image\" content=\"https:\/\/abspace.yves-rocher.com\/fr\/wp-content\/uploads\/2022\/02\/Features_10.jpg\" \/>\n\t<meta property=\"og:image:width\" content=\"750\" \/>\n\t<meta property=\"og:image:height\" content=\"750\" \/>\n\t<meta property=\"og:image:type\" content=\"image\/jpeg\" \/>\n<meta name=\"author\" content=\"maiwennkersuzan\" \/>\n<meta name=\"twitter:card\" content=\"summary_large_image\" \/>\n<meta name=\"twitter:label1\" content=\"Written by\" \/>\n\t<meta name=\"twitter:data1\" content=\"maiwennkersuzan\" \/>\n\t<meta name=\"twitter:label2\" content=\"Est. reading time\" \/>\n\t<meta name=\"twitter:data2\" content=\"6 minutes\" \/>\n<script type=\"application\/ld+json\" class=\"yoast-schema-graph\">{\"@context\":\"https:\/\/schema.org\",\"@graph\":[{\"@type\":\"WebPage\",\"@id\":\"https:\/\/abspace.yves-rocher.com\/fr\/fr\/comment-choisir-son-fond-de-teint\/\",\"url\":\"https:\/\/abspace.yves-rocher.com\/fr\/fr\/comment-choisir-son-fond-de-teint\/\",\"name\":\"Comment appliquer son fond de teint ? \u2022 Yves Rocher\",\"isPartOf\":{\"@id\":\"https:\/\/abspace.yves-rocher.com\/fr\/#website\"},\"primaryImageOfPage\":{\"@id\":\"https:\/\/abspace.yves-rocher.com\/fr\/fr\/comment-choisir-son-fond-de-teint\/#primaryimage\"},\"image\":{\"@id\":\"https:\/\/abspace.yves-rocher.com\/fr\/fr\/comment-choisir-son-fond-de-teint\/#primaryimage\"},\"thumbnailUrl\":\"https:\/\/abspace.yves-rocher.com\/fr\/wp-content\/uploads\/2022\/02\/Features_10.jpg\",\"datePublished\":\"2023-10-08T15:53:22+00:00\",\"dateModified\":\"2025-08-12T12:06:24+00:00\",\"author\":{\"@id\":\"https:\/\/abspace.yves-rocher.com\/fr\/#\/schema\/person\/5bc7e968136819ee727c994e198afc43\"},\"description\":\"Comment bien mettre du fond de teint ? D\u00e9couvrez nos astuces maquillage et beaut\u00e9. Retrouvez des informations sur le choix de vos accessoires.\",\"breadcrumb\":{\"@id\":\"https:\/\/abspace.yves-rocher.com\/fr\/fr\/comment-choisir-son-fond-de-teint\/#breadcrumb\"},\"inLanguage\":\"fr-FR\",\"potentialAction\":[{\"@type\":\"ReadAction\",\"target\":[\"https:\/\/abspace.yves-rocher.com\/fr\/fr\/comment-choisir-son-fond-de-teint\/\"]}]},{\"@type\":\"ImageObject\",\"inLanguage\":\"fr-FR\",\"@id\":\"https:\/\/abspace.yves-rocher.com\/fr\/fr\/comment-choisir-son-fond-de-teint\/#primaryimage\",\"url\":\"https:\/\/abspace.yves-rocher.com\/fr\/wp-content\/uploads\/2022\/02\/Features_10.jpg\",\"contentUrl\":\"https:\/\/abspace.yves-rocher.com\/fr\/wp-content\/uploads\/2022\/02\/Features_10.jpg\",\"width\":750,\"height\":750,\"caption\":\"Swatch fonds de teint\"},{\"@type\":\"BreadcrumbList\",\"@id\":\"https:\/\/abspace.yves-rocher.com\/fr\/fr\/comment-choisir-son-fond-de-teint\/#breadcrumb\",\"itemListElement\":[{\"@type\":\"ListItem\",\"position\":1,\"name\":\"Home\",\"item\":\"https:\/\/abspace.yves-rocher.com\/fr\/fr\/\"},{\"@type\":\"ListItem\",\"position\":2,\"name\":\"Comment appliquer son fond de teint ?\"}]},{\"@type\":\"WebSite\",\"@id\":\"https:\/\/abspace.yves-rocher.com\/fr\/#website\",\"url\":\"https:\/\/abspace.yves-rocher.com\/fr\/\",\"name\":\"France YR AB\",\"description\":\"France YR AB\",\"potentialAction\":[{\"@type\":\"SearchAction\",\"target\":{\"@type\":\"EntryPoint\",\"urlTemplate\":\"https:\/\/abspace.yves-rocher.com\/fr\/?s={search_term_string}\"},\"query-input\":{\"@type\":\"PropertyValueSpecification\",\"valueRequired\":true,\"valueName\":\"search_term_string\"}}],\"inLanguage\":\"fr-FR\"},{\"@type\":\"Person\",\"@id\":\"https:\/\/abspace.yves-rocher.com\/fr\/#\/schema\/person\/5bc7e968136819ee727c994e198afc43\",\"name\":\"maiwennkersuzan\",\"image\":{\"@type\":\"ImageObject\",\"inLanguage\":\"fr-FR\",\"@id\":\"https:\/\/abspace.yves-rocher.com\/fr\/#\/schema\/person\/image\/\",\"url\":\"https:\/\/secure.gravatar.com\/avatar\/649f1f3da35b26ef188926bf4c5a3aba?s=96&d=mm&r=g\",\"contentUrl\":\"https:\/\/secure.gravatar.com\/avatar\/649f1f3da35b26ef188926bf4c5a3aba?s=96&d=mm&r=g\",\"caption\":\"maiwennkersuzan\"},\"url\":\"https:\/\/abspace.yves-rocher.com\/fr\/fr\/author\/maiwennkersuzan\/\"}]}<\/script>\n<!-- \/ Yoast SEO plugin. -->","yoast_head_json":{"title":"Comment appliquer son fond de teint ? \u2022 Yves Rocher","description":"Comment bien mettre du fond de teint ? D\u00e9couvrez nos astuces maquillage et beaut\u00e9. Retrouvez des informations sur le choix de vos accessoires.","robots":{"index":"index","follow":"follow","max-snippet":"max-snippet:-1","max-image-preview":"max-image-preview:large","max-video-preview":"max-video-preview:-1"},"canonical":"https:\/\/abspace.yves-rocher.com\/fr\/fr\/comment-choisir-son-fond-de-teint\/","og_locale":"fr_FR","og_type":"article","og_title":"Comment appliquer son fond de teint ? \u2022 Yves Rocher","og_description":"Comment bien mettre du fond de teint ? D\u00e9couvrez nos astuces maquillage et beaut\u00e9. Retrouvez des informations sur le choix de vos accessoires.","og_url":"https:\/\/abspace.yves-rocher.com\/fr\/fr\/comment-choisir-son-fond-de-teint\/","og_site_name":"France YR AB","article_published_time":"2023-10-08T15:53:22+00:00","article_modified_time":"2025-08-12T12:06:24+00:00","og_image":[{"width":750,"height":750,"url":"https:\/\/abspace.yves-rocher.com\/fr\/wp-content\/uploads\/2022\/02\/Features_10.jpg","type":"image\/jpeg"}],"author":"maiwennkersuzan","twitter_card":"summary_large_image","twitter_misc":{"Written by":"maiwennkersuzan","Est. reading time":"6 minutes"},"schema":{"@context":"https:\/\/schema.org","@graph":[{"@type":"WebPage","@id":"https:\/\/abspace.yves-rocher.com\/fr\/fr\/comment-choisir-son-fond-de-teint\/","url":"https:\/\/abspace.yves-rocher.com\/fr\/fr\/comment-choisir-son-fond-de-teint\/","name":"Comment appliquer son fond de teint ? \u2022 Yves Rocher","isPartOf":{"@id":"https:\/\/abspace.yves-rocher.com\/fr\/#website"},"primaryImageOfPage":{"@id":"https:\/\/abspace.yves-rocher.com\/fr\/fr\/comment-choisir-son-fond-de-teint\/#primaryimage"},"image":{"@id":"https:\/\/abspace.yves-rocher.com\/fr\/fr\/comment-choisir-son-fond-de-teint\/#primaryimage"},"thumbnailUrl":"https:\/\/abspace.yves-rocher.com\/fr\/wp-content\/uploads\/2022\/02\/Features_10.jpg","datePublished":"2023-10-08T15:53:22+00:00","dateModified":"2025-08-12T12:06:24+00:00","author":{"@id":"https:\/\/abspace.yves-rocher.com\/fr\/#\/schema\/person\/5bc7e968136819ee727c994e198afc43"},"description":"Comment bien mettre du fond de teint ? D\u00e9couvrez nos astuces maquillage et beaut\u00e9. Retrouvez des informations sur le choix de vos accessoires.","breadcrumb":{"@id":"https:\/\/abspace.yves-rocher.com\/fr\/fr\/comment-choisir-son-fond-de-teint\/#breadcrumb"},"inLanguage":"fr-FR","potentialAction":[{"@type":"ReadAction","target":["https:\/\/abspace.yves-rocher.com\/fr\/fr\/comment-choisir-son-fond-de-teint\/"]}]},{"@type":"ImageObject","inLanguage":"fr-FR","@id":"https:\/\/abspace.yves-rocher.com\/fr\/fr\/comment-choisir-son-fond-de-teint\/#primaryimage","url":"https:\/\/abspace.yves-rocher.com\/fr\/wp-content\/uploads\/2022\/02\/Features_10.jpg","contentUrl":"https:\/\/abspace.yves-rocher.com\/fr\/wp-content\/uploads\/2022\/02\/Features_10.jpg","width":750,"height":750,"caption":"Swatch fonds de teint"},{"@type":"BreadcrumbList","@id":"https:\/\/abspace.yves-rocher.com\/fr\/fr\/comment-choisir-son-fond-de-teint\/#breadcrumb","itemListElement":[{"@type":"ListItem","position":1,"name":"Home","item":"https:\/\/abspace.yves-rocher.com\/fr\/fr\/"},{"@type":"ListItem","position":2,"name":"Comment appliquer son fond de teint ?"}]},{"@type":"WebSite","@id":"https:\/\/abspace.yves-rocher.com\/fr\/#website","url":"https:\/\/abspace.yves-rocher.com\/fr\/","name":"France YR AB","description":"France YR AB","potentialAction":[{"@type":"SearchAction","target":{"@type":"EntryPoint","urlTemplate":"https:\/\/abspace.yves-rocher.com\/fr\/?s={search_term_string}"},"query-input":{"@type":"PropertyValueSpecification","valueRequired":true,"valueName":"search_term_string"}}],"inLanguage":"fr-FR"},{"@type":"Person","@id":"https:\/\/abspace.yves-rocher.com\/fr\/#\/schema\/person\/5bc7e968136819ee727c994e198afc43","name":"maiwennkersuzan","image":{"@type":"ImageObject","inLanguage":"fr-FR","@id":"https:\/\/abspace.yves-rocher.com\/fr\/#\/schema\/person\/image\/","url":"https:\/\/secure.gravatar.com\/avatar\/649f1f3da35b26ef188926bf4c5a3aba?s=96&d=mm&r=g","contentUrl":"https:\/\/secure.gravatar.com\/avatar\/649f1f3da35b26ef188926bf4c5a3aba?s=96&d=mm&r=g","caption":"maiwennkersuzan"},"url":"https:\/\/abspace.yves-rocher.com\/fr\/fr\/author\/maiwennkersuzan\/"}]}},"_links":{"self":[{"href":"https:\/\/abspace.yves-rocher.com\/fr\/ws\/wp\/v2\/posts\/11174","targetHints":{"allow":["GET"]}}],"collection":[{"href":"https:\/\/abspace.yves-rocher.com\/fr\/ws\/wp\/v2\/posts"}],"about":[{"href":"https:\/\/abspace.yves-rocher.com\/fr\/ws\/wp\/v2\/types\/post"}],"author":[{"embeddable":true,"href":"https:\/\/abspace.yves-rocher.com\/fr\/ws\/wp\/v2\/users\/969241"}],"replies":[{"embeddable":true,"href":"https:\/\/abspace.yves-rocher.com\/fr\/ws\/wp\/v2\/comments?post=11174"}],"version-history":[{"count":15,"href":"https:\/\/abspace.yves-rocher.com\/fr\/ws\/wp\/v2\/posts\/11174\/revisions"}],"predecessor-version":[{"id":14867,"href":"https:\/\/abspace.yves-rocher.com\/fr\/ws\/wp\/v2\/posts\/11174\/revisions\/14867"}],"wp:featuredmedia":[{"embeddable":true,"href":"https:\/\/abspace.yves-rocher.com\/fr\/ws\/wp\/v2\/media\/13635"}],"wp:attachment":[{"href":"https:\/\/abspace.yves-rocher.com\/fr\/ws\/wp\/v2\/media?parent=11174"}],"wp:term":[{"taxonomy":"category","embeddable":true,"href":"https:\/\/abspace.yves-rocher.com\/fr\/ws\/wp\/v2\/categories?post=11174"},{"taxonomy":"post_tag","embeddable":true,"href":"https:\/\/abspace.yves-rocher.com\/fr\/ws\/wp\/v2\/tags?post=11174"}],"curies":[{"name":"wp","href":"https:\/\/api.w.org\/{rel}","templated":true}]}}