{"id":11293,"date":"2022-03-07T13:15:28","date_gmt":"2022-03-07T13:15:28","guid":{"rendered":"http:\/\/abspace.yves-rocher.com\/fr\/?p=11293"},"modified":"2022-04-19T15:54:02","modified_gmt":"2022-04-19T14:24:02","slug":"nos-5-commandements-du-teletravail","status":"publish","type":"post","link":"https:\/\/abspace.yves-rocher.com\/fr\/fr\/nos-5-commandements-du-teletravail\/","title":{"rendered":"Nos 5 commandements du t\u00e9l\u00e9travail"},"content":{"rendered":"<div id=\"pl-11293\"  class=\"panel-layout\" ><div id=\"pg-11293-0\"  class=\"panel-grid panel-no-style\" ><div id=\"pgc-11293-0-0\"  class=\"panel-grid-cell\" >            <div class=\"textWidget header-description \">\r\n                <p>Parce que \u00e7a fait maintenant 2 ans qu\u2019on a tous pu c\u00f4toyer les joies du t\u00e9l\u00e9travail, on peut dire qu\u2019on a acquis une certaine exp\u00e9rience en la mati\u00e8re. On vous livre nos conseils.\u00a0<\/p>\r\n            <\/div>\r\n    <\/div><\/div><div id=\"pg-11293-1\"  class=\"panel-grid panel-no-style\" ><div id=\"pgc-11293-1-0\"  class=\"panel-grid-cell\" ><div id=\"panel-11293-1-0-0\" class=\"so-panel widget widget_sow-editor panel-first-child panel-last-child\" data-index=\"1\" ><div\n\t\t\t\n\t\t\tclass=\"so-widget-sow-editor so-widget-sow-editor-base\"\n\t\t\t\n\t\t>\n<div class=\"siteorigin-widget-tinymce textwidget\">\n\t<h2 style=\"text-align: left\">Point 1 : se pr\u00e9parer c'est important, m\u00eame quand on reste chez soi<\/h2>\n<p>On a d\u00e9j\u00e0 test\u00e9 le travail en pyjama, c'est tentant mais pas tr\u00e8s motivant. <strong>S'habiller le matin s'inscrit dans une routine<\/strong> qui pose une <strong>structure<\/strong>, le fait de rester en jogging peut vite donner envie de ne plus rien faire.<\/p>\n<p>Vous n\u2019\u00eates pas oblig\u00e9(e) de vous habiller exactement comme vous le feriez pour aller travailler, mais, <strong>ne restez pas en pyjama<\/strong>. Votre mental associe ce dernier au fait de se reposer et vous <strong>privera du dynamisme<\/strong> qui vous est <strong>indispensable<\/strong> pour \u00eatre au top de votre <strong>productivit\u00e9<\/strong>.<\/p>\n<p><strong>Si vous avez l\u2019habitude de vous maquiller et\/ou de vous coiffer<\/strong> avant de partir au travail alors <strong>faites-le<\/strong>. <strong>Garder les m\u00eames routines<\/strong> permet de vraiment <strong>mieux travailler depuis son domicile<\/strong>.<\/p>\n<\/div>\n<\/div><\/div><\/div><div id=\"pgc-11293-1-1\"  class=\"panel-grid-cell\" ><div id=\"panel-11293-1-1-0\" class=\"so-panel widget widget_sow-image panel-first-child panel-last-child\" data-index=\"2\" ><div\n\t\t\t\n\t\t\tclass=\"so-widget-sow-image so-widget-sow-image-default-8b5b6f678277-11293\"\n\t\t\t\n\t\t>\r\n\r\n\r\n<div class=\"sow-image-container\">\r\n    \r\n    <img loading=\"lazy\" decoding=\"async\" src=\"https:\/\/abspace.yves-rocher.com\/fr\/wp-content\/uploads\/2022\/03\/2205_teletravail_image1_1100x652.jpg\" width=\"1100\" height=\"652\" srcset=\"\"          class=\"so-widget-image\" \/>\r\n\r\n    \r\n    \r\n    <\/div>\r\n\r\n<\/div><\/div><\/div><\/div><div id=\"pg-11293-2\"  class=\"panel-grid panel-no-style\" ><div id=\"pgc-11293-2-0\"  class=\"panel-grid-cell panel-grid-cell-empty\" ><\/div><div id=\"pgc-11293-2-1\"  class=\"panel-grid-cell panel-grid-cell-mobile-last\" ><div id=\"panel-11293-2-1-0\" class=\"so-panel widget panel-first-child panel-last-child\" data-index=\"3\" ><\/div><\/div><div id=\"pgc-11293-2-2\"  class=\"panel-grid-cell panel-grid-cell-empty\" ><\/div><\/div><div id=\"pg-11293-3\"  class=\"panel-grid panel-no-style\" ><div id=\"pgc-11293-3-0\"  class=\"panel-grid-cell\" ><div id=\"panel-11293-3-0-0\" class=\"so-panel widget widget_sow-image panel-first-child panel-last-child\" data-index=\"4\" ><div\n\t\t\t\n\t\t\tclass=\"so-widget-sow-image so-widget-sow-image-default-8b5b6f678277-11293\"\n\t\t\t\n\t\t>\r\n\r\n\r\n<div class=\"sow-image-container\">\r\n    \r\n    <img loading=\"lazy\" decoding=\"async\" src=\"https:\/\/abspace.yves-rocher.com\/fr\/wp-content\/uploads\/2022\/03\/2205_teletravail_image2_1100x652.jpg\" width=\"1100\" height=\"652\" srcset=\"\"          class=\"so-widget-image\" \/>\r\n\r\n    \r\n    \r\n    <\/div>\r\n\r\n<\/div><\/div><\/div><div id=\"pgc-11293-3-1\"  class=\"panel-grid-cell\" ><div id=\"panel-11293-3-1-0\" class=\"so-panel widget widget_sow-editor panel-first-child panel-last-child\" data-index=\"5\" ><div\n\t\t\t\n\t\t\tclass=\"so-widget-sow-editor so-widget-sow-editor-base\"\n\t\t\t\n\t\t>\n<div class=\"siteorigin-widget-tinymce textwidget\">\n\t<h2 style=\"text-align: left\">Point 2 : un bon espace pour travailler, c'est la clef<\/h2>\n<p style=\"text-align: left\">Un<strong> lieu propice \u00e0 la concentration<\/strong> vous permettra d\u2019\u00eatre <strong>plus productif(ve)<\/strong> dans votre journ\u00e9e. Selon nous c'est <strong>LA r\u00e8gle star<\/strong>\u202f: <strong>transformer une\u202f pi\u00e8ce en\u202fbureau<\/strong>, pour plus de confort, de tranquillit\u00e9.<\/p>\n<p style=\"text-align: left\">Cela nous am\u00e8ne \u00e0 un \u00e9l\u00e9ment important, <strong>la d\u00e9coration de votre espace<\/strong>. Profitez-en, vous pouvez <strong>imaginer le bureau dont vous avez toujours r\u00eav\u00e9<\/strong> sans jamais l'avoir en entreprise !<\/p>\n<p style=\"text-align: left\">Attention \u00e0 ne surtout <strong>pas n\u00e9gliger le confort<\/strong>. Une bonne <strong>chaise<\/strong> est essentielle. Si cela n\u2019est pas possible, n'h\u00e9sitez pas \u00e0 <strong>renforcer l'assise d\u2019une chaise classique<\/strong> par des coussins. Enfin, n'oubliez jamais qu'il est n\u00e9cessaire de garder une <strong>posture droite<\/strong>.<\/p>\n<p style=\"text-align: left\">Autre point important, <strong>limiter les distractions<\/strong>. Le t\u00e9l\u00e9phone, les r\u00e9seaux sociaux, la t\u00e9l\u00e9vision, la console de jeux, sont autant de <strong>parasites<\/strong> qui peuvent bloquer votre productivit\u00e9 et concentration.<\/p>\n<\/div>\n<\/div><\/div><\/div><\/div><div id=\"pg-11293-4\"  class=\"panel-grid panel-no-style\" ><div id=\"pgc-11293-4-0\"  class=\"panel-grid-cell panel-grid-cell-empty\" ><\/div><div id=\"pgc-11293-4-1\"  class=\"panel-grid-cell panel-grid-cell-mobile-last\" ><div id=\"panel-11293-4-1-0\" class=\"so-panel widget panel-first-child panel-last-child\" data-index=\"6\" ><\/div><\/div><div id=\"pgc-11293-4-2\"  class=\"panel-grid-cell panel-grid-cell-empty\" ><\/div><\/div><div id=\"pg-11293-5\"  class=\"panel-grid panel-no-style\" ><div id=\"pgc-11293-5-0\"  class=\"panel-grid-cell\" ><div id=\"panel-11293-5-0-0\" class=\"so-panel widget widget_sow-editor panel-first-child panel-last-child\" data-index=\"7\" ><div\n\t\t\t\n\t\t\tclass=\"so-widget-sow-editor so-widget-sow-editor-base\"\n\t\t\t\n\t\t>\n<div class=\"siteorigin-widget-tinymce textwidget\">\n\t<h2 style=\"text-align: left\">Point 3 : pour mieux vivre le t\u00e9l\u00e9travail, penser au planning<\/h2>\n<p>Le risque \u00e0 la maison c'est, soit de ne pas \u00eatre assez productif(ve), soit au contraire de ne plus voir l'heure passer. D\u00e8s lors, il est plus que vital d\u2019<strong>\u00e9tablir un programme de travail\u202fquotidien \u00e0 respecter.<\/strong><\/p>\n<p>Quand vous t\u00e9l\u00e9travaillez, habituez-vous \u00e0 <strong>suivre un horaire r\u00e9gulier<\/strong> de d\u00e9but et de fin de journ\u00e9e avec des<strong> moments de pause bien d\u00e9finis<\/strong>. Accordez-vous du temps pour souffler et faire autre chose, \u00e0 vous de choisir comment remplacer la pause-caf\u00e9 entre coll\u00e8gues ! \u00c7a peut-\u00eatre des moments avec vos enfants, avec vos proches, des balades en ext\u00e9rieur pour vous d\u00e9fouler et vous changer les id\u00e9es.<\/p>\n<\/div>\n<\/div><\/div><\/div><div id=\"pgc-11293-5-1\"  class=\"panel-grid-cell\" ><div id=\"panel-11293-5-1-0\" class=\"so-panel widget widget_sow-image panel-first-child panel-last-child\" data-index=\"8\" ><div\n\t\t\t\n\t\t\tclass=\"so-widget-sow-image so-widget-sow-image-default-8b5b6f678277-11293\"\n\t\t\t\n\t\t>\r\n\r\n\r\n<div class=\"sow-image-container\">\r\n    \r\n    <img loading=\"lazy\" decoding=\"async\" src=\"https:\/\/abspace.yves-rocher.com\/fr\/wp-content\/uploads\/2022\/03\/2205_teletravail_image3_1100x652.jpg\" width=\"1100\" height=\"652\" srcset=\"\"          class=\"so-widget-image\" \/>\r\n\r\n    \r\n    \r\n    <\/div>\r\n\r\n<\/div><\/div><\/div><\/div><div id=\"pg-11293-6\"  class=\"panel-grid panel-no-style\" ><div id=\"pgc-11293-6-0\"  class=\"panel-grid-cell panel-grid-cell-empty\" ><\/div><div id=\"pgc-11293-6-1\"  class=\"panel-grid-cell panel-grid-cell-mobile-last\" ><div id=\"panel-11293-6-1-0\" class=\"so-panel widget panel-first-child panel-last-child\" data-index=\"9\" ><\/div><\/div><div id=\"pgc-11293-6-2\"  class=\"panel-grid-cell panel-grid-cell-empty\" ><\/div><\/div><div id=\"pg-11293-7\"  class=\"panel-grid panel-no-style\" ><div id=\"pgc-11293-7-0\"  class=\"panel-grid-cell\" ><div id=\"panel-11293-7-0-0\" class=\"so-panel widget widget_sow-image panel-first-child panel-last-child\" data-index=\"10\" ><div\n\t\t\t\n\t\t\tclass=\"so-widget-sow-image so-widget-sow-image-default-8b5b6f678277-11293\"\n\t\t\t\n\t\t>\r\n\r\n\r\n<div class=\"sow-image-container\">\r\n    \r\n    <img loading=\"lazy\" decoding=\"async\" src=\"https:\/\/abspace.yves-rocher.com\/fr\/wp-content\/uploads\/2022\/03\/2205_teletravail_image4_1100x652.jpg\" width=\"1100\" height=\"652\" srcset=\"\"          class=\"so-widget-image\" \/>\r\n\r\n    \r\n    \r\n    <\/div>\r\n\r\n<\/div><\/div><\/div><div id=\"pgc-11293-7-1\"  class=\"panel-grid-cell\" ><div id=\"panel-11293-7-1-0\" class=\"so-panel widget widget_sow-editor panel-first-child panel-last-child\" data-index=\"11\" ><div\n\t\t\t\n\t\t\tclass=\"so-widget-sow-editor so-widget-sow-editor-base\"\n\t\t\t\n\t\t>\n<div class=\"siteorigin-widget-tinymce textwidget\">\n\t<h2 style=\"text-align: left\">Point 4 : ne pas confondre priv\u00e9 et professionnel m\u00eame \u00e0 la maison<\/h2>\n<p>Que ce soit un colocataire, nos enfants, notre partenaire ou m\u00eame nos parents, <strong>on a d\u00e9j\u00e0 tous eu du mal \u00e0 concilier moments priv\u00e9s et moments professionnels<\/strong>. Vous savez quel est le secret ? <strong>La communication !<\/strong><\/p>\n<p>Il est <strong>n\u00e9cessaire que votre entourage soit averti des moments o\u00f9 vous \u00eates disponible<\/strong> et \u00e0 l\u2019inverse o\u00f9 vous ne l\u2019\u00eates pas. Pour cela, nous vous proposons la <strong>visualisation<\/strong>. Par exemple, en cr\u00e9ant un joli <strong>sticker<\/strong> avec et pour vos enfants \u00e0 accrocher <strong>sur la porte<\/strong> pour ne pas \u00eatre d\u00e9rang\u00e9(e) au moment o\u00f9 l\u2019on est en r\u00e9union.<\/p>\n<\/div>\n<\/div><\/div><\/div><\/div><div id=\"pg-11293-8\"  class=\"panel-grid panel-no-style\" ><div id=\"pgc-11293-8-0\"  class=\"panel-grid-cell panel-grid-cell-empty\" ><\/div><div id=\"pgc-11293-8-1\"  class=\"panel-grid-cell panel-grid-cell-mobile-last\" ><div id=\"panel-11293-8-1-0\" class=\"so-panel widget panel-first-child panel-last-child\" data-index=\"12\" ><\/div><\/div><div id=\"pgc-11293-8-2\"  class=\"panel-grid-cell panel-grid-cell-empty\" ><\/div><\/div><div id=\"pg-11293-9\"  class=\"panel-grid panel-no-style\" ><div id=\"pgc-11293-9-0\"  class=\"panel-grid-cell\" ><div id=\"panel-11293-9-0-0\" class=\"so-panel widget widget_sow-editor panel-first-child\" data-index=\"13\" ><div\n\t\t\t\n\t\t\tclass=\"so-widget-sow-editor so-widget-sow-editor-base\"\n\t\t\t\n\t\t>\n<div class=\"siteorigin-widget-tinymce textwidget\">\n\t<h2 style=\"text-align: left\">Point 5 : t\u00e9l\u00e9travailler ne veut pas dire rester seul(e) chez soi<\/h2>\n<p>Ne pas \u00eatre en entreprise ne vous emp\u00eache pas de nouer des relations professionnelles, de <strong>tisser des liens<\/strong>. Que ce soit par <strong>mail<\/strong>, <strong>appel vid\u00e9o<\/strong> ou <strong>r\u00e9seaux sociaux<\/strong>, <strong>rapprochez-vous de vos coll\u00e8gues<\/strong>. Cela peut aussi \u00eatre l\u2019occasion de <strong>pr\u00e9voir des d\u00e9jeuners entre vous, sur vos jours en entreprise<\/strong>.<\/p>\n<p>Vous tournez en rond physiquement et mentalement ? Bonne nouvelle, il vous est maintenant possible de <strong>varier les lieux pour le t\u00e9l\u00e9travail<\/strong> ! Les seuls pr\u00e9requis sont la connexion internet, un casque ou des \u00e9couteurs et un minimum de tranquillit\u00e9.<\/p>\n<\/div>\n<\/div><\/div><div id=\"panel-11293-9-0-1\" class=\"so-panel widget panel-last-child\" data-index=\"14\" ><\/div><\/div><div id=\"pgc-11293-9-1\"  class=\"panel-grid-cell\" ><div id=\"panel-11293-9-1-0\" class=\"so-panel widget widget_sow-image panel-first-child panel-last-child\" data-index=\"15\" ><div\n\t\t\t\n\t\t\tclass=\"so-widget-sow-image so-widget-sow-image-default-8b5b6f678277-11293\"\n\t\t\t\n\t\t>\r\n\r\n\r\n<div class=\"sow-image-container\">\r\n    \r\n    <img loading=\"lazy\" decoding=\"async\" src=\"https:\/\/abspace.yves-rocher.com\/fr\/wp-content\/uploads\/2022\/03\/2205_teletravail_image5_1100x652.jpg\" width=\"1100\" height=\"652\" srcset=\"\"          class=\"so-widget-image\" \/>\r\n\r\n    \r\n    \r\n    <\/div>\r\n\r\n<\/div><\/div><\/div><\/div><div id=\"pg-11293-10\"  class=\"panel-grid panel-no-style\" ><div id=\"pgc-11293-10-0\"  class=\"panel-grid-cell\" ><div id=\"panel-11293-10-0-0\" class=\"so-panel widget widget_sow-image panel-first-child panel-last-child\" data-index=\"16\" ><div\n\t\t\t\n\t\t\tclass=\"so-widget-sow-image so-widget-sow-image-default-8b5b6f678277-11293\"\n\t\t\t\n\t\t>\r\n\r\n\r\n<div class=\"sow-image-container\">\r\n    \r\n    <img loading=\"lazy\" decoding=\"async\" src=\"https:\/\/abspace.yves-rocher.com\/fr\/wp-content\/uploads\/2022\/03\/2205_teletravail_image6_1100x652.jpg\" width=\"1100\" height=\"652\" srcset=\"\"          class=\"so-widget-image\" \/>\r\n\r\n    \r\n    \r\n    <\/div>\r\n\r\n<\/div><\/div><\/div><div id=\"pgc-11293-10-1\"  class=\"panel-grid-cell\" ><div id=\"panel-11293-10-1-0\" class=\"so-panel widget widget_sow-editor panel-first-child\" data-index=\"17\" ><div\n\t\t\t\n\t\t\tclass=\"so-widget-sow-editor so-widget-sow-editor-base\"\n\t\t\t\n\t\t>\n<div class=\"siteorigin-widget-tinymce textwidget\">\n\t<p style=\"text-align: left\">Enfin, on ne pouvait pas terminer cet article sans vous parler <strong>des bienfaits du sport.<\/strong><\/p>\n<p style=\"text-align: left\">La plupart d\u2019entre nous sommes <strong>encore plus s\u00e9dentaires<\/strong> avec ce nouveau mode de travail. Pourtant, faire du sport permet d\u2019<strong>\u00e9vacuer les tensions de la journ\u00e9e<\/strong> et de l\u00e2cher prise !<\/p>\n<\/div>\n<\/div><\/div><div id=\"panel-11293-10-1-1\" class=\"so-panel widget panel-last-child\" data-index=\"18\" ><\/div><\/div><\/div><\/div>","protected":false},"excerpt":{"rendered":"<p>Parce que \u00e7a fait maintenant 2 ans qu\u2019on connait tous les joies du t\u00e9l\u00e9travail.<\/p>\n","protected":false},"author":974209,"featured_media":11294,"comment_status":"open","ping_status":"open","sticky":false,"template":"","format":"standard","meta":{"_acf_changed":false,"_exactmetrics_skip_tracking":false,"_exactmetrics_sitenote_active":false,"_exactmetrics_sitenote_note":"","_exactmetrics_sitenote_category":0,"footnotes":""},"categories":[1],"tags":[],"class_list":["post-11293","post","type-post","status-publish","format-standard","has-post-thumbnail","hentry","category-uncategorized"],"acf":[],"yoast_head":"<!-- This site is optimized with the Yoast SEO plugin v24.7 - https:\/\/yoast.com\/wordpress\/plugins\/seo\/ -->\n<title>Nos 5 commandements du t\u00e9l\u00e9travail - Yves Rocher<\/title>\n<meta name=\"description\" content=\"Parce que \u00e7a fait maintenant 2 ans qu\u2019on connait tous les joies du t\u00e9l\u00e9travail.\" \/>\n<meta name=\"robots\" content=\"index, follow, max-snippet:-1, max-image-preview:large, max-video-preview:-1\" \/>\n<link rel=\"canonical\" href=\"https:\/\/abspace.yves-rocher.com\/fr\/fr\/nos-5-commandements-du-teletravail\/\" \/>\n<meta property=\"og:locale\" content=\"fr_FR\" \/>\n<meta property=\"og:type\" content=\"article\" \/>\n<meta property=\"og:title\" content=\"Nos 5 commandements du t\u00e9l\u00e9travail - Yves Rocher\" \/>\n<meta property=\"og:description\" content=\"Parce que \u00e7a fait maintenant 2 ans qu\u2019on connait tous les joies du t\u00e9l\u00e9travail.\" \/>\n<meta property=\"og:url\" content=\"https:\/\/abspace.yves-rocher.com\/fr\/fr\/nos-5-commandements-du-teletravail\/\" \/>\n<meta property=\"og:site_name\" content=\"France YR AB\" \/>\n<meta property=\"article:published_time\" content=\"2022-03-07T13:15:28+00:00\" \/>\n<meta property=\"article:modified_time\" content=\"2022-04-19T14:24:02+00:00\" \/>\n<meta property=\"og:image\" content=\"https:\/\/abspace.yves-rocher.com\/fr\/wp-content\/uploads\/2022\/03\/2205_D_HP-AB-SPACE_Image3_750x598.jpg\" \/>\n\t<meta property=\"og:image:width\" content=\"750\" \/>\n\t<meta property=\"og:image:height\" content=\"598\" \/>\n\t<meta property=\"og:image:type\" content=\"image\/jpeg\" \/>\n<meta name=\"author\" content=\"liliandalin\" \/>\n<meta name=\"twitter:card\" content=\"summary_large_image\" \/>\n<meta name=\"twitter:label1\" content=\"Written by\" \/>\n\t<meta name=\"twitter:data1\" content=\"liliandalin\" \/>\n\t<meta name=\"twitter:label2\" content=\"Est. reading time\" \/>\n\t<meta name=\"twitter:data2\" content=\"4 minutes\" \/>\n<script type=\"application\/ld+json\" class=\"yoast-schema-graph\">{\"@context\":\"https:\/\/schema.org\",\"@graph\":[{\"@type\":\"WebPage\",\"@id\":\"https:\/\/abspace.yves-rocher.com\/fr\/fr\/nos-5-commandements-du-teletravail\/\",\"url\":\"https:\/\/abspace.yves-rocher.com\/fr\/fr\/nos-5-commandements-du-teletravail\/\",\"name\":\"Nos 5 commandements du t\u00e9l\u00e9travail - Yves Rocher\",\"isPartOf\":{\"@id\":\"https:\/\/abspace.yves-rocher.com\/fr\/#website\"},\"primaryImageOfPage\":{\"@id\":\"https:\/\/abspace.yves-rocher.com\/fr\/fr\/nos-5-commandements-du-teletravail\/#primaryimage\"},\"image\":{\"@id\":\"https:\/\/abspace.yves-rocher.com\/fr\/fr\/nos-5-commandements-du-teletravail\/#primaryimage\"},\"thumbnailUrl\":\"https:\/\/abspace.yves-rocher.com\/fr\/wp-content\/uploads\/2022\/03\/2205_D_HP-AB-SPACE_Image3_750x598.jpg\",\"datePublished\":\"2022-03-07T13:15:28+00:00\",\"dateModified\":\"2022-04-19T14:24:02+00:00\",\"author\":{\"@id\":\"https:\/\/abspace.yves-rocher.com\/fr\/#\/schema\/person\/403ab472e135ad0be111a121592d0623\"},\"description\":\"Parce que \u00e7a fait maintenant 2 ans qu\u2019on connait tous les joies du t\u00e9l\u00e9travail.\",\"breadcrumb\":{\"@id\":\"https:\/\/abspace.yves-rocher.com\/fr\/fr\/nos-5-commandements-du-teletravail\/#breadcrumb\"},\"inLanguage\":\"fr-FR\",\"potentialAction\":[{\"@type\":\"ReadAction\",\"target\":[\"https:\/\/abspace.yves-rocher.com\/fr\/fr\/nos-5-commandements-du-teletravail\/\"]}]},{\"@type\":\"ImageObject\",\"inLanguage\":\"fr-FR\",\"@id\":\"https:\/\/abspace.yves-rocher.com\/fr\/fr\/nos-5-commandements-du-teletravail\/#primaryimage\",\"url\":\"https:\/\/abspace.yves-rocher.com\/fr\/wp-content\/uploads\/2022\/03\/2205_D_HP-AB-SPACE_Image3_750x598.jpg\",\"contentUrl\":\"https:\/\/abspace.yves-rocher.com\/fr\/wp-content\/uploads\/2022\/03\/2205_D_HP-AB-SPACE_Image3_750x598.jpg\",\"width\":750,\"height\":598,\"caption\":\"t\u00e9l\u00e9travail pr\u00e8s de la mer avec femme en conf\u00e9rence pour Yves Rocher\"},{\"@type\":\"BreadcrumbList\",\"@id\":\"https:\/\/abspace.yves-rocher.com\/fr\/fr\/nos-5-commandements-du-teletravail\/#breadcrumb\",\"itemListElement\":[{\"@type\":\"ListItem\",\"position\":1,\"name\":\"Home\",\"item\":\"https:\/\/abspace.yves-rocher.com\/fr\/fr\/\"},{\"@type\":\"ListItem\",\"position\":2,\"name\":\"Nos 5 commandements du t\u00e9l\u00e9travail\"}]},{\"@type\":\"WebSite\",\"@id\":\"https:\/\/abspace.yves-rocher.com\/fr\/#website\",\"url\":\"https:\/\/abspace.yves-rocher.com\/fr\/\",\"name\":\"France YR AB\",\"description\":\"France YR AB\",\"potentialAction\":[{\"@type\":\"SearchAction\",\"target\":{\"@type\":\"EntryPoint\",\"urlTemplate\":\"https:\/\/abspace.yves-rocher.com\/fr\/?s={search_term_string}\"},\"query-input\":{\"@type\":\"PropertyValueSpecification\",\"valueRequired\":true,\"valueName\":\"search_term_string\"}}],\"inLanguage\":\"fr-FR\"},{\"@type\":\"Person\",\"@id\":\"https:\/\/abspace.yves-rocher.com\/fr\/#\/schema\/person\/403ab472e135ad0be111a121592d0623\",\"name\":\"liliandalin\",\"image\":{\"@type\":\"ImageObject\",\"inLanguage\":\"fr-FR\",\"@id\":\"https:\/\/abspace.yves-rocher.com\/fr\/#\/schema\/person\/image\/\",\"url\":\"https:\/\/secure.gravatar.com\/avatar\/265753b0a8382cc72ab418602fda44f6?s=96&d=mm&r=g\",\"contentUrl\":\"https:\/\/secure.gravatar.com\/avatar\/265753b0a8382cc72ab418602fda44f6?s=96&d=mm&r=g\",\"caption\":\"liliandalin\"},\"url\":\"https:\/\/abspace.yves-rocher.com\/fr\/fr\/author\/liliandalin\/\"}]}<\/script>\n<!-- \/ Yoast SEO plugin. -->","yoast_head_json":{"title":"Nos 5 commandements du t\u00e9l\u00e9travail - Yves Rocher","description":"Parce que \u00e7a fait maintenant 2 ans qu\u2019on connait tous les joies du t\u00e9l\u00e9travail.","robots":{"index":"index","follow":"follow","max-snippet":"max-snippet:-1","max-image-preview":"max-image-preview:large","max-video-preview":"max-video-preview:-1"},"canonical":"https:\/\/abspace.yves-rocher.com\/fr\/fr\/nos-5-commandements-du-teletravail\/","og_locale":"fr_FR","og_type":"article","og_title":"Nos 5 commandements du t\u00e9l\u00e9travail - Yves Rocher","og_description":"Parce que \u00e7a fait maintenant 2 ans qu\u2019on connait tous les joies du t\u00e9l\u00e9travail.","og_url":"https:\/\/abspace.yves-rocher.com\/fr\/fr\/nos-5-commandements-du-teletravail\/","og_site_name":"France YR AB","article_published_time":"2022-03-07T13:15:28+00:00","article_modified_time":"2022-04-19T14:24:02+00:00","og_image":[{"width":750,"height":598,"url":"https:\/\/abspace.yves-rocher.com\/fr\/wp-content\/uploads\/2022\/03\/2205_D_HP-AB-SPACE_Image3_750x598.jpg","type":"image\/jpeg"}],"author":"liliandalin","twitter_card":"summary_large_image","twitter_misc":{"Written by":"liliandalin","Est. reading time":"4 minutes"},"schema":{"@context":"https:\/\/schema.org","@graph":[{"@type":"WebPage","@id":"https:\/\/abspace.yves-rocher.com\/fr\/fr\/nos-5-commandements-du-teletravail\/","url":"https:\/\/abspace.yves-rocher.com\/fr\/fr\/nos-5-commandements-du-teletravail\/","name":"Nos 5 commandements du t\u00e9l\u00e9travail - Yves Rocher","isPartOf":{"@id":"https:\/\/abspace.yves-rocher.com\/fr\/#website"},"primaryImageOfPage":{"@id":"https:\/\/abspace.yves-rocher.com\/fr\/fr\/nos-5-commandements-du-teletravail\/#primaryimage"},"image":{"@id":"https:\/\/abspace.yves-rocher.com\/fr\/fr\/nos-5-commandements-du-teletravail\/#primaryimage"},"thumbnailUrl":"https:\/\/abspace.yves-rocher.com\/fr\/wp-content\/uploads\/2022\/03\/2205_D_HP-AB-SPACE_Image3_750x598.jpg","datePublished":"2022-03-07T13:15:28+00:00","dateModified":"2022-04-19T14:24:02+00:00","author":{"@id":"https:\/\/abspace.yves-rocher.com\/fr\/#\/schema\/person\/403ab472e135ad0be111a121592d0623"},"description":"Parce que \u00e7a fait maintenant 2 ans qu\u2019on connait tous les joies du t\u00e9l\u00e9travail.","breadcrumb":{"@id":"https:\/\/abspace.yves-rocher.com\/fr\/fr\/nos-5-commandements-du-teletravail\/#breadcrumb"},"inLanguage":"fr-FR","potentialAction":[{"@type":"ReadAction","target":["https:\/\/abspace.yves-rocher.com\/fr\/fr\/nos-5-commandements-du-teletravail\/"]}]},{"@type":"ImageObject","inLanguage":"fr-FR","@id":"https:\/\/abspace.yves-rocher.com\/fr\/fr\/nos-5-commandements-du-teletravail\/#primaryimage","url":"https:\/\/abspace.yves-rocher.com\/fr\/wp-content\/uploads\/2022\/03\/2205_D_HP-AB-SPACE_Image3_750x598.jpg","contentUrl":"https:\/\/abspace.yves-rocher.com\/fr\/wp-content\/uploads\/2022\/03\/2205_D_HP-AB-SPACE_Image3_750x598.jpg","width":750,"height":598,"caption":"t\u00e9l\u00e9travail pr\u00e8s de la mer avec femme en conf\u00e9rence pour Yves Rocher"},{"@type":"BreadcrumbList","@id":"https:\/\/abspace.yves-rocher.com\/fr\/fr\/nos-5-commandements-du-teletravail\/#breadcrumb","itemListElement":[{"@type":"ListItem","position":1,"name":"Home","item":"https:\/\/abspace.yves-rocher.com\/fr\/fr\/"},{"@type":"ListItem","position":2,"name":"Nos 5 commandements du t\u00e9l\u00e9travail"}]},{"@type":"WebSite","@id":"https:\/\/abspace.yves-rocher.com\/fr\/#website","url":"https:\/\/abspace.yves-rocher.com\/fr\/","name":"France YR AB","description":"France YR AB","potentialAction":[{"@type":"SearchAction","target":{"@type":"EntryPoint","urlTemplate":"https:\/\/abspace.yves-rocher.com\/fr\/?s={search_term_string}"},"query-input":{"@type":"PropertyValueSpecification","valueRequired":true,"valueName":"search_term_string"}}],"inLanguage":"fr-FR"},{"@type":"Person","@id":"https:\/\/abspace.yves-rocher.com\/fr\/#\/schema\/person\/403ab472e135ad0be111a121592d0623","name":"liliandalin","image":{"@type":"ImageObject","inLanguage":"fr-FR","@id":"https:\/\/abspace.yves-rocher.com\/fr\/#\/schema\/person\/image\/","url":"https:\/\/secure.gravatar.com\/avatar\/265753b0a8382cc72ab418602fda44f6?s=96&d=mm&r=g","contentUrl":"https:\/\/secure.gravatar.com\/avatar\/265753b0a8382cc72ab418602fda44f6?s=96&d=mm&r=g","caption":"liliandalin"},"url":"https:\/\/abspace.yves-rocher.com\/fr\/fr\/author\/liliandalin\/"}]}},"_links":{"self":[{"href":"https:\/\/abspace.yves-rocher.com\/fr\/ws\/wp\/v2\/posts\/11293","targetHints":{"allow":["GET"]}}],"collection":[{"href":"https:\/\/abspace.yves-rocher.com\/fr\/ws\/wp\/v2\/posts"}],"about":[{"href":"https:\/\/abspace.yves-rocher.com\/fr\/ws\/wp\/v2\/types\/post"}],"author":[{"embeddable":true,"href":"https:\/\/abspace.yves-rocher.com\/fr\/ws\/wp\/v2\/users\/974209"}],"replies":[{"embeddable":true,"href":"https:\/\/abspace.yves-rocher.com\/fr\/ws\/wp\/v2\/comments?post=11293"}],"version-history":[{"count":3,"href":"https:\/\/abspace.yves-rocher.com\/fr\/ws\/wp\/v2\/posts\/11293\/revisions"}],"predecessor-version":[{"id":11408,"href":"https:\/\/abspace.yves-rocher.com\/fr\/ws\/wp\/v2\/posts\/11293\/revisions\/11408"}],"wp:featuredmedia":[{"embeddable":true,"href":"https:\/\/abspace.yves-rocher.com\/fr\/ws\/wp\/v2\/media\/11294"}],"wp:attachment":[{"href":"https:\/\/abspace.yves-rocher.com\/fr\/ws\/wp\/v2\/media?parent=11293"}],"wp:term":[{"taxonomy":"category","embeddable":true,"href":"https:\/\/abspace.yves-rocher.com\/fr\/ws\/wp\/v2\/categories?post=11293"},{"taxonomy":"post_tag","embeddable":true,"href":"https:\/\/abspace.yves-rocher.com\/fr\/ws\/wp\/v2\/tags?post=11293"}],"curies":[{"name":"wp","href":"https:\/\/api.w.org\/{rel}","templated":true}]}}