{"id":11789,"date":"2022-06-03T15:39:05","date_gmt":"2022-06-03T15:39:05","guid":{"rendered":"https:\/\/abspace.yves-rocher.com\/fr\/?p=11789"},"modified":"2025-08-14T09:43:24","modified_gmt":"2025-08-14T08:13:24","slug":"a-la-decouverte-de-bain-de-nature","status":"publish","type":"post","link":"https:\/\/abspace.yves-rocher.com\/fr\/fr\/a-la-decouverte-de-bain-de-nature\/","title":{"rendered":"\u00c0 la d\u00e9couverte de Bain de Nature"},"content":{"rendered":"<div id=\"pl-11789\"  class=\"panel-layout\" ><div id=\"pg-11789-0\"  class=\"panel-grid panel-no-style\" ><div id=\"pgc-11789-0-0\"  class=\"panel-grid-cell\" >            <div class=\"textWidget header-description \">\r\n                <p>D\u00e9couvrez nos nouveaux produits bains et corps d\u00e9clin\u00e9s en 9 parfums inspir\u00e9s de la nature. Plus de 95% d\u2019ingr\u00e9dients d\u2019origine naturelle (calcul moyen sur tous les produits de la gamme).<\/p>\r\n            <\/div>\r\n    <\/div><\/div><div id=\"pg-11789-1\"  class=\"panel-grid panel-no-style\" ><div id=\"pgc-11789-1-0\"  class=\"panel-grid-cell\" ><div id=\"panel-11789-1-0-0\" class=\"so-panel widget widget_sow-editor panel-first-child panel-last-child\" data-index=\"1\" ><div\n\t\t\t\n\t\t\tclass=\"so-widget-sow-editor so-widget-sow-editor-base\"\n\t\t\t\n\t\t>\n<div class=\"siteorigin-widget-tinymce textwidget\">\n\t<h2 style=\"text-align: left\">Une nouvelle gamme et quelques nouveaut\u00e9s<\/h2>\n<p>Des produits aussi doux pour la nature que pour votre peau. Toutes nos formules sont sans sulfate* ni silicone. Ils ne s\u2019arr\u00eatent pas l\u00e0 et font leur retour dans <strong>de nouveaux packagings en plastique recycl\u00e9 et recyclable<\/strong>.<\/p>\n<p>Toute la collection se d\u00e9cline dans plusieurs <strong>parfums irr\u00e9sistibles<\/strong>\u202f:<\/p>\n<ul>\n<li>Deux nouvelles senteurs inspir\u00e9es par la nature bretonne\u202f: <strong>Algue Sauvage &amp; Criste Marine et Fleur des Pr\u00e8s &amp; Bruy\u00e8re<\/strong>.<\/li>\n<li>Les incontournables \u00e9nergisants\u202f: <strong>Grenade &amp; Baies Roses, et Framboise &amp; Menthe Poivr\u00e9e<\/strong>.<\/li>\n<li>Le relaxant\u202f: <strong>Magnolia &amp; Th\u00e9 Blanc<\/strong>.<\/li>\n<li>Les parfums qui vous font voyager\u202f: <strong>Vanille Bourbon, Noix de Coco et Mangue &amp; Coriandre<\/strong>. Enfin, la senteur <strong>Argan &amp; P\u00e9tales de Rose<\/strong> pour des notes orientales inspir\u00e9es du hammam.<\/li>\n<\/ul>\n<p><em>*sans tensioactif sulfat\u00e9<\/em><\/p>\n<\/div>\n<\/div><\/div><\/div><div id=\"pgc-11789-1-1\"  class=\"panel-grid-cell\" ><div id=\"panel-11789-1-1-0\" class=\"so-panel widget widget_sow-image panel-first-child panel-last-child\" data-index=\"2\" ><div\n\t\t\t\n\t\t\tclass=\"so-widget-sow-image so-widget-sow-image-default-8b5b6f678277-11789\"\n\t\t\t\n\t\t>\r\n\r\n\r\n<div class=\"sow-image-container\">\r\n    \r\n    <img loading=\"lazy\" decoding=\"async\" src=\"https:\/\/abspace.yves-rocher.com\/fr\/wp-content\/uploads\/2022\/06\/2209_S_Article-N\u00b01-A-la-decouverte-de-Bain-de-Nature_VISUEL-1_1100x652.jpg\" width=\"1100\" height=\"652\" srcset=\"\" title=\"2209_S_Article N\u00b01 &#8211; A la d\u00e9couverte de Bain de Nature_VISUEL 1_1100x652\"          class=\"so-widget-image\" \/>\r\n\r\n    \r\n    \r\n    <\/div>\r\n\r\n<\/div><\/div><\/div><\/div><div id=\"pg-11789-2\"  class=\"panel-grid panel-no-style\" ><div id=\"pgc-11789-2-0\"  class=\"panel-grid-cell\" ><div id=\"panel-11789-2-0-0\" class=\"so-panel widget widget_sow-image panel-first-child panel-last-child\" data-index=\"3\" ><div\n\t\t\t\n\t\t\tclass=\"so-widget-sow-image so-widget-sow-image-default-8b5b6f678277-11789\"\n\t\t\t\n\t\t>\r\n\r\n\r\n<div class=\"sow-image-container\">\r\n    \r\n    <img loading=\"lazy\" decoding=\"async\" src=\"https:\/\/abspace.yves-rocher.com\/fr\/wp-content\/uploads\/2022\/06\/2209_S_Article-N\u00b01-A-la-decouverte-de-Bain-de-Nature_VISUEL-2_1080x1080.gif\" width=\"1080\" height=\"1080\" srcset=\"\" title=\"2209_S_Article-N\u00b01 &#8211; A-la-d\u00e9couverte-de-Bain-de-Nature_VISUEL-2_1080x1080\"          class=\"so-widget-image\" \/>\r\n\r\n    \r\n    \r\n    <\/div>\r\n\r\n<\/div><\/div><\/div><div id=\"pgc-11789-2-1\"  class=\"panel-grid-cell\" ><div id=\"panel-11789-2-1-0\" class=\"so-panel widget widget_sow-editor panel-first-child panel-last-child\" data-index=\"4\" ><div\n\t\t\t\n\t\t\tclass=\"so-widget-sow-editor so-widget-sow-editor-base\"\n\t\t\t\n\t\t>\n<div class=\"siteorigin-widget-tinymce textwidget\">\n\t<h2 style=\"text-align: left\">Un moment sensoriel sous la douche<\/h2>\n<p style=\"text-align: left\">Lumi\u00e8re sur nos <a href=\"https:\/\/www.yves-rocher.fr\/corps-et-douche\/bain-et-douche\/gel-douche\/c\/43100\">gels douche<\/a> g\u00e9n\u00e9reux en mousse qui ne dess\u00e8chent pas la peau gr\u00e2ce \u00e0 leur base lavante sans sulfate*. \u00c0 vous de choisir\u202fle format qui vous correspond et la senteur qui vous fait craquer :<\/p>\n<ul>\n<li>Le Bain douche en format 400 ml et ses 12 parfums addictifs. <strong>Une formule biod\u00e9gradable \u00e0 98%, sans colorant et Vegan**<\/strong>.<\/li>\n<li style=\"text-align: left\">Un format 100ml aussi pratique que durable avec le Gel Douche Concentr\u00e9 dans 7 d\u00e9clinaisons. Sa formule permet de r\u00e9duire la consommation d'eau, de plastique et l\u2019empreinte carbone.\u00a0<\/li>\n<li>Le <a href=\"https:\/\/www.yves-rocher.fr\/corps-et-douche\/bain-et-douche\/eco-recharge\/c\/43150\">gel douche rechargeable<\/a> Bain douche sans sulfate au format 600ml, plus \u00e9conomique.<\/li>\n<li style=\"text-align: left\">Adepte des formats solides, on vous propose le <a href=\"https:\/\/www.yves-rocher.fr\/corps-et-douche\/bain-et-douche\/savon\/c\/43320\">savon solide<\/a> sans huile de palme. \u00c0 vous de choisir parmi 7 parfums. Son plus\u202f: il ne dess\u00e8che pas la peau, est biod\u00e9gradable \u00e0 99% et Vegan **.<\/li>\n<\/ul>\n<p style=\"text-align: left\"><em>**Sans ingr\u00e9dient d\u2019origine animale<\/em><\/p>\n<p style=\"text-align: left\">Focus sur nos gommages <strong>pour une exfoliation en douceur<\/strong>, gr\u00e2ce \u00e0 des <strong>grains exfoliants 100% d\u2019origine v\u00e9g\u00e9tale<\/strong>. Deux gommages, deux textures, 5 parfums. Une texture gel fondante d\u00e9licieusement parfum\u00e9e \u00e0 la framboise ou \u00e0 l\u2019algue sauvage. Une texture cr\u00e9meuse enrichie \u00e0 la Coco ou la Fleur des Pr\u00e8s.<\/p>\n<\/div>\n<\/div><\/div><\/div><\/div><div id=\"pg-11789-3\"  class=\"panel-grid panel-no-style\" ><div id=\"pgc-11789-3-0\"  class=\"panel-grid-cell\" ><div id=\"panel-11789-3-0-0\" class=\"so-panel widget widget_sow-editor panel-first-child panel-last-child\" data-index=\"5\" ><div\n\t\t\t\n\t\t\tclass=\"so-widget-sow-editor so-widget-sow-editor-base\"\n\t\t\t\n\t\t>\n<div class=\"siteorigin-widget-tinymce textwidget\">\n\t<h2 style=\"text-align: left\">Et si on prolongeait le plaisir\u202f?<\/h2>\n<p>L'explosion de Nature se poursuit \u00e0 l\u2019\u00e9tape de l\u2019hydratation\u202f:<\/p>\n<p>Adepte des texture fondantes, vous allez adorer Le Lait Corps et ses 7 senteurs. Sa formule \u00e0 <strong>98% d\u2019origine naturelle, sans parab\u00e8ne et vegan**<\/strong>, ne colle pas, ne laisse pas de fini gras.<\/p>\n<p>Pour une texture ultra-sensorielle utilisez l\u2019<strong>Huile Corps et Cheveux<\/strong>. D\u00e9posez quelques gouttes de cette huile Vegan ** dans votre main ou sur votre corps directement.<\/p>\n<p><u>Le r\u00e9sultat\u202f:<\/u> des cheveux et une peau qui sont sublim\u00e9s \u00e0 la d\u00e9licate senteur <strong>Noix de Coco ou Argan &amp; P\u00e9tales de Rose<\/strong>.<\/p>\n<p>\u00c0 d\u00e9poser dans votre salle de bain, le <strong>Gel lavant mains<\/strong> se d\u00e9cline en 6 senteurs. Sa mousse g\u00e9n\u00e9reuse nettoie et parfume la peau sans la dess\u00e9cher.<\/p>\n<p><em>**Sans ingr\u00e9dient d\u2019origine animale<\/em><\/p>\n<\/div>\n<\/div><\/div><\/div><div id=\"pgc-11789-3-1\"  class=\"panel-grid-cell\" ><div id=\"panel-11789-3-1-0\" class=\"so-panel widget widget_sow-image panel-first-child panel-last-child\" data-index=\"6\" ><div\n\t\t\t\n\t\t\tclass=\"so-widget-sow-image so-widget-sow-image-default-8b5b6f678277-11789\"\n\t\t\t\n\t\t>\r\n\r\n\r\n<div class=\"sow-image-container\">\r\n    \r\n    <img loading=\"lazy\" decoding=\"async\" src=\"https:\/\/abspace.yves-rocher.com\/fr\/wp-content\/uploads\/2022\/06\/2209_S_Article-N\u00b01-A-la-decouverte-de-Bain-de-Nature_VISUEL-3_1100x652.jpg\" width=\"1100\" height=\"652\" srcset=\"\" title=\"2209_S_Article N\u00b01 &#8211; A la d\u00e9couverte de Bain de Nature_VISUEL 3_1100x652\"          class=\"so-widget-image\" \/>\r\n\r\n    \r\n    \r\n    <\/div>\r\n\r\n<\/div><\/div><\/div><\/div><div id=\"pg-11789-4\"  class=\"panel-grid panel-no-style\" ><div id=\"pgc-11789-4-0\"  class=\"panel-grid-cell\" ><div id=\"panel-11789-4-0-0\" class=\"so-panel widget widget_sow-image panel-first-child panel-last-child\" data-index=\"7\" ><div\n\t\t\t\n\t\t\tclass=\"so-widget-sow-image so-widget-sow-image-default-8b5b6f678277-11789\"\n\t\t\t\n\t\t>\r\n\r\n\r\n<div class=\"sow-image-container\">\r\n    \r\n    <img loading=\"lazy\" decoding=\"async\" src=\"https:\/\/abspace.yves-rocher.com\/fr\/wp-content\/uploads\/2022\/06\/2209_S_Article-N\u00b01-A-la-decouverte-de-Bain-de-Nature_VISUEL-4_1080x1080.jpg\" width=\"1080\" height=\"1080\" srcset=\"\" title=\"2209_S_Article N\u00b01 &#8211; A la d\u00e9couverte de Bain de Nature_VISUEL 4_1080x1080\"          class=\"so-widget-image\" \/>\r\n\r\n    \r\n    \r\n    <\/div>\r\n\r\n<\/div><\/div><\/div><div id=\"pgc-11789-4-1\"  class=\"panel-grid-cell\" ><div id=\"panel-11789-4-1-0\" class=\"so-panel widget widget_sow-editor panel-first-child panel-last-child\" data-index=\"8\" ><div\n\t\t\t\n\t\t\tclass=\"so-widget-sow-editor so-widget-sow-editor-base\"\n\t\t\t\n\t\t>\n<div class=\"siteorigin-widget-tinymce textwidget\">\n\t<h2 style=\"text-align: left\">Les produits \u00e0 emporter partout avec vous<\/h2>\n<p>Un coup de c\u0153ur pour une des senteurs de la gamme\u202f? Parfumez-vous apr\u00e8s la douche et au cours de la journ\u00e9e avec <strong>les 7 <a href=\"https:\/\/www.yves-rocher.fr\/parfum\/parfum-femme\/brume-parfumee\/c\/43900\">brumes parfum\u00e9es corps &amp; cheveux<\/a><\/strong>.<\/p>\n<p>Le Gel nettoyant mains sans rin\u00e7age qui se d\u00e9cline en 6 senteurs. Il est formul\u00e9 \u00e0 base de <strong>98% d\u2019ingr\u00e9dients d\u2019origine naturelle<\/strong> et compos\u00e9 de 55% d\u2019alcool v\u00e9g\u00e9tal ainsi que de glyc\u00e9rine v\u00e9g\u00e9tale.<\/p>\n<p>Un incontournable, <strong>la <a href=\"https:\/\/www.yves-rocher.fr\/corps-et-douche\/soin-du-corps\/creme-mains\/c\/41500\">cr\u00e8me mains<\/a> sans silicone<\/strong>, ni colorant pour une peau hydrat\u00e9e et d\u00e9licatement <strong>parfum\u00e9e aux 7 senteurs de la collection Bain de Nature<\/strong>.<\/p>\n<p>\u00c0 glisser dans votre sac, des <a href=\"https:\/\/www.yves-rocher.fr\/soin-visage\/type-de-soin\/baume-a-levres\/c\/22400\">baumes \u00e0 l\u00e8vres<\/a> craquants aux parfums addictifs. Baume \u00e0 l\u00e8vres teint\u00e9 ou non, c\u2019est selon vos envies.<\/p>\n<\/div>\n<\/div><\/div><\/div><\/div><\/div>","protected":false},"excerpt":{"rendered":"<p>Nos nouveaux produits bains et corps inspir\u00e9s de la nature<\/p>\n","protected":false},"author":974209,"featured_media":11794,"comment_status":"open","ping_status":"open","sticky":false,"template":"","format":"standard","meta":{"_acf_changed":false,"_exactmetrics_skip_tracking":false,"_exactmetrics_sitenote_active":false,"_exactmetrics_sitenote_note":"","_exactmetrics_sitenote_category":0,"footnotes":""},"categories":[1],"tags":[634,665,534,528],"class_list":["post-11789","post","type-post","status-publish","format-standard","has-post-thumbnail","hentry","category-uncategorized","tag-beautyadvices-fr","tag-bodycare-fr","tag-haircare-fr","tag-skincare-fr"],"acf":[],"yoast_head":"<!-- This site is optimized with the Yoast SEO plugin v24.7 - https:\/\/yoast.com\/wordpress\/plugins\/seo\/ -->\n<title>\u00c0 la d\u00e9couverte de Bain de Nature - Yves Rocher<\/title>\n<meta name=\"description\" content=\"Nos nouveaux produits bains et corps inspir\u00e9s de la nature\" \/>\n<meta name=\"robots\" content=\"index, follow, max-snippet:-1, max-image-preview:large, max-video-preview:-1\" \/>\n<link rel=\"canonical\" href=\"https:\/\/abspace.yves-rocher.com\/fr\/fr\/a-la-decouverte-de-bain-de-nature\/\" \/>\n<meta property=\"og:locale\" content=\"fr_FR\" \/>\n<meta property=\"og:type\" content=\"article\" \/>\n<meta property=\"og:title\" content=\"\u00c0 la d\u00e9couverte de Bain de Nature - Yves Rocher\" \/>\n<meta property=\"og:description\" content=\"Nos nouveaux produits bains et corps inspir\u00e9s de la nature\" \/>\n<meta property=\"og:url\" content=\"https:\/\/abspace.yves-rocher.com\/fr\/fr\/a-la-decouverte-de-bain-de-nature\/\" \/>\n<meta property=\"og:site_name\" content=\"France YR AB\" \/>\n<meta property=\"article:published_time\" content=\"2022-06-03T15:39:05+00:00\" \/>\n<meta property=\"article:modified_time\" content=\"2025-08-14T08:13:24+00:00\" \/>\n<meta property=\"og:image\" content=\"https:\/\/abspace.yves-rocher.com\/fr\/wp-content\/uploads\/2022\/06\/2209_S_Push1_HP_Toiletry_750x1036.jpg\" \/>\n\t<meta property=\"og:image:width\" content=\"750\" \/>\n\t<meta property=\"og:image:height\" content=\"1036\" \/>\n\t<meta property=\"og:image:type\" content=\"image\/jpeg\" \/>\n<meta name=\"author\" content=\"liliandalin\" \/>\n<meta name=\"twitter:card\" content=\"summary_large_image\" \/>\n<meta name=\"twitter:label1\" content=\"Written by\" \/>\n\t<meta name=\"twitter:data1\" content=\"liliandalin\" \/>\n\t<meta name=\"twitter:label2\" content=\"Est. reading time\" \/>\n\t<meta name=\"twitter:data2\" content=\"3 minutes\" \/>\n<script type=\"application\/ld+json\" class=\"yoast-schema-graph\">{\"@context\":\"https:\/\/schema.org\",\"@graph\":[{\"@type\":\"WebPage\",\"@id\":\"https:\/\/abspace.yves-rocher.com\/fr\/fr\/a-la-decouverte-de-bain-de-nature\/\",\"url\":\"https:\/\/abspace.yves-rocher.com\/fr\/fr\/a-la-decouverte-de-bain-de-nature\/\",\"name\":\"\u00c0 la d\u00e9couverte de Bain de Nature - Yves Rocher\",\"isPartOf\":{\"@id\":\"https:\/\/abspace.yves-rocher.com\/fr\/#website\"},\"primaryImageOfPage\":{\"@id\":\"https:\/\/abspace.yves-rocher.com\/fr\/fr\/a-la-decouverte-de-bain-de-nature\/#primaryimage\"},\"image\":{\"@id\":\"https:\/\/abspace.yves-rocher.com\/fr\/fr\/a-la-decouverte-de-bain-de-nature\/#primaryimage\"},\"thumbnailUrl\":\"https:\/\/abspace.yves-rocher.com\/fr\/wp-content\/uploads\/2022\/06\/2209_S_Push1_HP_Toiletry_750x1036.jpg\",\"datePublished\":\"2022-06-03T15:39:05+00:00\",\"dateModified\":\"2025-08-14T08:13:24+00:00\",\"author\":{\"@id\":\"https:\/\/abspace.yves-rocher.com\/fr\/#\/schema\/person\/403ab472e135ad0be111a121592d0623\"},\"description\":\"Nos nouveaux produits bains et corps inspir\u00e9s de la nature\",\"breadcrumb\":{\"@id\":\"https:\/\/abspace.yves-rocher.com\/fr\/fr\/a-la-decouverte-de-bain-de-nature\/#breadcrumb\"},\"inLanguage\":\"fr-FR\",\"potentialAction\":[{\"@type\":\"ReadAction\",\"target\":[\"https:\/\/abspace.yves-rocher.com\/fr\/fr\/a-la-decouverte-de-bain-de-nature\/\"]}]},{\"@type\":\"ImageObject\",\"inLanguage\":\"fr-FR\",\"@id\":\"https:\/\/abspace.yves-rocher.com\/fr\/fr\/a-la-decouverte-de-bain-de-nature\/#primaryimage\",\"url\":\"https:\/\/abspace.yves-rocher.com\/fr\/wp-content\/uploads\/2022\/06\/2209_S_Push1_HP_Toiletry_750x1036.jpg\",\"contentUrl\":\"https:\/\/abspace.yves-rocher.com\/fr\/wp-content\/uploads\/2022\/06\/2209_S_Push1_HP_Toiletry_750x1036.jpg\",\"width\":750,\"height\":1036,\"caption\":\"gamme bain de nature sur fond blanc par yves rocher\"},{\"@type\":\"BreadcrumbList\",\"@id\":\"https:\/\/abspace.yves-rocher.com\/fr\/fr\/a-la-decouverte-de-bain-de-nature\/#breadcrumb\",\"itemListElement\":[{\"@type\":\"ListItem\",\"position\":1,\"name\":\"Home\",\"item\":\"https:\/\/abspace.yves-rocher.com\/fr\/fr\/\"},{\"@type\":\"ListItem\",\"position\":2,\"name\":\"\u00c0 la d\u00e9couverte de Bain de Nature*\"}]},{\"@type\":\"WebSite\",\"@id\":\"https:\/\/abspace.yves-rocher.com\/fr\/#website\",\"url\":\"https:\/\/abspace.yves-rocher.com\/fr\/\",\"name\":\"France YR AB\",\"description\":\"France YR AB\",\"potentialAction\":[{\"@type\":\"SearchAction\",\"target\":{\"@type\":\"EntryPoint\",\"urlTemplate\":\"https:\/\/abspace.yves-rocher.com\/fr\/?s={search_term_string}\"},\"query-input\":{\"@type\":\"PropertyValueSpecification\",\"valueRequired\":true,\"valueName\":\"search_term_string\"}}],\"inLanguage\":\"fr-FR\"},{\"@type\":\"Person\",\"@id\":\"https:\/\/abspace.yves-rocher.com\/fr\/#\/schema\/person\/403ab472e135ad0be111a121592d0623\",\"name\":\"liliandalin\",\"image\":{\"@type\":\"ImageObject\",\"inLanguage\":\"fr-FR\",\"@id\":\"https:\/\/abspace.yves-rocher.com\/fr\/#\/schema\/person\/image\/\",\"url\":\"https:\/\/secure.gravatar.com\/avatar\/265753b0a8382cc72ab418602fda44f6?s=96&d=mm&r=g\",\"contentUrl\":\"https:\/\/secure.gravatar.com\/avatar\/265753b0a8382cc72ab418602fda44f6?s=96&d=mm&r=g\",\"caption\":\"liliandalin\"},\"url\":\"https:\/\/abspace.yves-rocher.com\/fr\/fr\/author\/liliandalin\/\"}]}<\/script>\n<!-- \/ Yoast SEO plugin. -->","yoast_head_json":{"title":"\u00c0 la d\u00e9couverte de Bain de Nature - Yves Rocher","description":"Nos nouveaux produits bains et corps inspir\u00e9s de la nature","robots":{"index":"index","follow":"follow","max-snippet":"max-snippet:-1","max-image-preview":"max-image-preview:large","max-video-preview":"max-video-preview:-1"},"canonical":"https:\/\/abspace.yves-rocher.com\/fr\/fr\/a-la-decouverte-de-bain-de-nature\/","og_locale":"fr_FR","og_type":"article","og_title":"\u00c0 la d\u00e9couverte de Bain de Nature - Yves Rocher","og_description":"Nos nouveaux produits bains et corps inspir\u00e9s de la nature","og_url":"https:\/\/abspace.yves-rocher.com\/fr\/fr\/a-la-decouverte-de-bain-de-nature\/","og_site_name":"France YR AB","article_published_time":"2022-06-03T15:39:05+00:00","article_modified_time":"2025-08-14T08:13:24+00:00","og_image":[{"width":750,"height":1036,"url":"https:\/\/abspace.yves-rocher.com\/fr\/wp-content\/uploads\/2022\/06\/2209_S_Push1_HP_Toiletry_750x1036.jpg","type":"image\/jpeg"}],"author":"liliandalin","twitter_card":"summary_large_image","twitter_misc":{"Written by":"liliandalin","Est. reading time":"3 minutes"},"schema":{"@context":"https:\/\/schema.org","@graph":[{"@type":"WebPage","@id":"https:\/\/abspace.yves-rocher.com\/fr\/fr\/a-la-decouverte-de-bain-de-nature\/","url":"https:\/\/abspace.yves-rocher.com\/fr\/fr\/a-la-decouverte-de-bain-de-nature\/","name":"\u00c0 la d\u00e9couverte de Bain de Nature - Yves Rocher","isPartOf":{"@id":"https:\/\/abspace.yves-rocher.com\/fr\/#website"},"primaryImageOfPage":{"@id":"https:\/\/abspace.yves-rocher.com\/fr\/fr\/a-la-decouverte-de-bain-de-nature\/#primaryimage"},"image":{"@id":"https:\/\/abspace.yves-rocher.com\/fr\/fr\/a-la-decouverte-de-bain-de-nature\/#primaryimage"},"thumbnailUrl":"https:\/\/abspace.yves-rocher.com\/fr\/wp-content\/uploads\/2022\/06\/2209_S_Push1_HP_Toiletry_750x1036.jpg","datePublished":"2022-06-03T15:39:05+00:00","dateModified":"2025-08-14T08:13:24+00:00","author":{"@id":"https:\/\/abspace.yves-rocher.com\/fr\/#\/schema\/person\/403ab472e135ad0be111a121592d0623"},"description":"Nos nouveaux produits bains et corps inspir\u00e9s de la nature","breadcrumb":{"@id":"https:\/\/abspace.yves-rocher.com\/fr\/fr\/a-la-decouverte-de-bain-de-nature\/#breadcrumb"},"inLanguage":"fr-FR","potentialAction":[{"@type":"ReadAction","target":["https:\/\/abspace.yves-rocher.com\/fr\/fr\/a-la-decouverte-de-bain-de-nature\/"]}]},{"@type":"ImageObject","inLanguage":"fr-FR","@id":"https:\/\/abspace.yves-rocher.com\/fr\/fr\/a-la-decouverte-de-bain-de-nature\/#primaryimage","url":"https:\/\/abspace.yves-rocher.com\/fr\/wp-content\/uploads\/2022\/06\/2209_S_Push1_HP_Toiletry_750x1036.jpg","contentUrl":"https:\/\/abspace.yves-rocher.com\/fr\/wp-content\/uploads\/2022\/06\/2209_S_Push1_HP_Toiletry_750x1036.jpg","width":750,"height":1036,"caption":"gamme bain de nature sur fond blanc par yves rocher"},{"@type":"BreadcrumbList","@id":"https:\/\/abspace.yves-rocher.com\/fr\/fr\/a-la-decouverte-de-bain-de-nature\/#breadcrumb","itemListElement":[{"@type":"ListItem","position":1,"name":"Home","item":"https:\/\/abspace.yves-rocher.com\/fr\/fr\/"},{"@type":"ListItem","position":2,"name":"\u00c0 la d\u00e9couverte de Bain de Nature*"}]},{"@type":"WebSite","@id":"https:\/\/abspace.yves-rocher.com\/fr\/#website","url":"https:\/\/abspace.yves-rocher.com\/fr\/","name":"France YR AB","description":"France YR AB","potentialAction":[{"@type":"SearchAction","target":{"@type":"EntryPoint","urlTemplate":"https:\/\/abspace.yves-rocher.com\/fr\/?s={search_term_string}"},"query-input":{"@type":"PropertyValueSpecification","valueRequired":true,"valueName":"search_term_string"}}],"inLanguage":"fr-FR"},{"@type":"Person","@id":"https:\/\/abspace.yves-rocher.com\/fr\/#\/schema\/person\/403ab472e135ad0be111a121592d0623","name":"liliandalin","image":{"@type":"ImageObject","inLanguage":"fr-FR","@id":"https:\/\/abspace.yves-rocher.com\/fr\/#\/schema\/person\/image\/","url":"https:\/\/secure.gravatar.com\/avatar\/265753b0a8382cc72ab418602fda44f6?s=96&d=mm&r=g","contentUrl":"https:\/\/secure.gravatar.com\/avatar\/265753b0a8382cc72ab418602fda44f6?s=96&d=mm&r=g","caption":"liliandalin"},"url":"https:\/\/abspace.yves-rocher.com\/fr\/fr\/author\/liliandalin\/"}]}},"_links":{"self":[{"href":"https:\/\/abspace.yves-rocher.com\/fr\/ws\/wp\/v2\/posts\/11789","targetHints":{"allow":["GET"]}}],"collection":[{"href":"https:\/\/abspace.yves-rocher.com\/fr\/ws\/wp\/v2\/posts"}],"about":[{"href":"https:\/\/abspace.yves-rocher.com\/fr\/ws\/wp\/v2\/types\/post"}],"author":[{"embeddable":true,"href":"https:\/\/abspace.yves-rocher.com\/fr\/ws\/wp\/v2\/users\/974209"}],"replies":[{"embeddable":true,"href":"https:\/\/abspace.yves-rocher.com\/fr\/ws\/wp\/v2\/comments?post=11789"}],"version-history":[{"count":15,"href":"https:\/\/abspace.yves-rocher.com\/fr\/ws\/wp\/v2\/posts\/11789\/revisions"}],"predecessor-version":[{"id":14887,"href":"https:\/\/abspace.yves-rocher.com\/fr\/ws\/wp\/v2\/posts\/11789\/revisions\/14887"}],"wp:featuredmedia":[{"embeddable":true,"href":"https:\/\/abspace.yves-rocher.com\/fr\/ws\/wp\/v2\/media\/11794"}],"wp:attachment":[{"href":"https:\/\/abspace.yves-rocher.com\/fr\/ws\/wp\/v2\/media?parent=11789"}],"wp:term":[{"taxonomy":"category","embeddable":true,"href":"https:\/\/abspace.yves-rocher.com\/fr\/ws\/wp\/v2\/categories?post=11789"},{"taxonomy":"post_tag","embeddable":true,"href":"https:\/\/abspace.yves-rocher.com\/fr\/ws\/wp\/v2\/tags?post=11789"}],"curies":[{"name":"wp","href":"https:\/\/api.w.org\/{rel}","templated":true}]}}