{"id":12228,"date":"2022-10-14T14:07:31","date_gmt":"2022-10-14T12:37:31","guid":{"rendered":"https:\/\/abspace.yves-rocher.com\/fr\/?p=12228"},"modified":"2026-02-03T11:35:31","modified_gmt":"2026-02-03T10:05:31","slug":"bien-choisir-votre-mascara-de-couleur","status":"publish","type":"post","link":"https:\/\/abspace.yves-rocher.com\/fr\/fr\/bien-choisir-votre-mascara-de-couleur\/","title":{"rendered":"Mascara de couleur : comment le choisir ?"},"content":{"rendered":"<div id=\"pl-12228\"  class=\"panel-layout\" ><div id=\"pg-12228-0\"  class=\"panel-grid panel-no-style\" ><div id=\"pgc-12228-0-0\"  class=\"panel-grid-cell\" ><div id=\"panel-12228-0-0-0\" class=\"so-panel widget widget_sow-editor panel-first-child panel-last-child\" data-index=\"0\" ><div\n\t\t\t\n\t\t\tclass=\"so-widget-sow-editor so-widget-sow-editor-base\"\n\t\t\t\n\t\t>\n<div class=\"siteorigin-widget-tinymce textwidget\">\n\t<p style=\"text-align: center;\"><span style=\"font-weight: 400;\">Vous aimeriez mettre davantage de couleur dans votre vie et dans votre maquillage ? Seulement voil\u00e0, vous h\u00e9sitez peut-\u00eatre \u00e0 prendre la bonne teinte de mascara en fonction de celle de vos yeux. Eh oui, on le sait, un beauty faux pas est vite arriv\u00e9. On vous dit tout <\/span><span style=\"font-weight: 400;\">pour bien<\/span><span style=\"font-weight: 400;\"> choisir votre mascara !<\/span><\/p>\n<\/div>\n<\/div><\/div><\/div><\/div><div id=\"pg-12228-1\"  class=\"panel-grid panel-no-style\" ><div id=\"pgc-12228-1-0\"  class=\"panel-grid-cell\" ><div id=\"panel-12228-1-0-0\" class=\"so-panel widget widget_sow-editor panel-first-child panel-last-child\" data-index=\"1\" ><div\n\t\t\t\n\t\t\tclass=\"so-widget-sow-editor so-widget-sow-editor-base\"\n\t\t\t\n\t\t>\n<div class=\"siteorigin-widget-tinymce textwidget\">\n\t<h2><b>Choisir son mascara selon la couleur de ses yeux<\/b><\/h2>\n<p><span style=\"font-weight: 400;\">S\u2019il<\/span><span style=\"font-weight: 400;\">s<\/span><span style=\"font-weight: 400;\"> n\u2019existai<\/span><span style=\"font-weight: 400;\">en<\/span><span style=\"font-weight: 400;\">t \u00e0 la base qu\u2019en noir, le<\/span><span style=\"font-weight: 400;\">s<\/span><span style=\"font-weight: 400;\"> mascara<\/span><span style=\"font-weight: 400;\">s<\/span><span style=\"font-weight: 400;\"> de couleur <\/span><span style=\"font-weight: 400;\">ont<\/span><span style=\"font-weight: 400;\"> connu un regain de notori\u00e9t\u00e9 ces derni\u00e8res ann\u00e9es, avec de tr\u00e8s nombreuses nuances chromatiques \u00e0 la cl\u00e9. Mais toutes <\/span><span style=\"font-weight: 400;\">ne vous <\/span><span style=\"font-weight: 400;\">iront pas. Voici quelques conseils afin d\u2019assortir parfaitement la couleur de votre mascara \u00e0 vos yeux.<\/span><\/p>\n<\/div>\n<\/div><\/div><\/div><\/div><div id=\"pg-12228-2\"  class=\"panel-grid panel-no-style\" ><div id=\"pgc-12228-2-0\"  class=\"panel-grid-cell\" ><div id=\"panel-12228-2-0-0\" class=\"so-panel widget widget_sow-editor panel-first-child panel-last-child\" data-index=\"2\" ><div\n\t\t\t\n\t\t\tclass=\"so-widget-sow-editor so-widget-sow-editor-base\"\n\t\t\t\n\t\t>\n<div class=\"siteorigin-widget-tinymce textwidget\">\n\t<h3><b>Pour les yeux bleus<\/b><\/h3>\n<p><span style=\"font-weight: 400;\">Pour les yeux bleus, le mascara brun garantit un rendu naturel, avec une sensation de cils allong\u00e9s. Plus doux que le mascara noir, le brun maquille tout en subtilit\u00e9 et en finesse.\u00a0<\/span><\/p>\n<p><span style=\"font-weight: 400;\">Pour perfectionner votre maquillage, choisissez une teinte de fard \u00e0 paupi\u00e8res allant du cuivr\u00e9 au dor\u00e9 : ces tons chauds cr\u00e9ent un joli contraste avec les yeux bleus, en particulier si vous recherchez un look plus audacieux en soir\u00e9e.<\/span><\/p>\n<p><span style=\"font-weight: 400;\">Le bleu marine est une excellente couleur pour faire ressortir les yeux bleus. Plus doux que le noir, il offre un contraste qui peut aider \u00e0 accentuer la teinte et les nuances de vos yeux.\u00a0<\/span><\/p>\n<p><span style=\"font-weight: 400;\">Le mascara prune ou violet trouve aussi tout naturellement sa place dans votre trousse \u00e0 maquillage si vous avez les yeux bleus. La raison ? Ces couleurs font partie des teintes situ\u00e9es \u00e0 l\u2019oppos\u00e9 du cercle chromatique par rapport au bleu. Elles peuvent donc aider \u00e0 mettre vos yeux en valeur.\u00a0<\/span><\/p>\n<\/div>\n<\/div><\/div><\/div><div id=\"pgc-12228-2-1\"  class=\"panel-grid-cell\" ><div id=\"panel-12228-2-1-0\" class=\"so-panel widget widget_sow-image panel-first-child panel-last-child\" data-index=\"3\" ><div\n\t\t\t\n\t\t\tclass=\"so-widget-sow-image so-widget-sow-image-default-8b5b6f678277-12228\"\n\t\t\t\n\t\t>\r\n\r\n\r\n<div class=\"sow-image-container\">\r\n    \r\n    <img loading=\"lazy\" decoding=\"async\" src=\"https:\/\/abspace.yves-rocher.com\/fr\/wp-content\/uploads\/2022\/10\/Mascara_17.jpg\" width=\"640\" height=\"400\" srcset=\"\"          class=\"so-widget-image\" \/>\r\n\r\n    \r\n    \r\n    <\/div>\r\n\r\n<\/div><\/div><\/div><\/div><div id=\"pg-12228-3\"  class=\"panel-grid panel-no-style\" ><div id=\"pgc-12228-3-0\"  class=\"panel-grid-cell\" ><div id=\"panel-12228-3-0-0\" class=\"so-panel widget widget_sow-image panel-first-child panel-last-child\" data-index=\"4\" ><div\n\t\t\t\n\t\t\tclass=\"so-widget-sow-image so-widget-sow-image-default-8b5b6f678277-12228\"\n\t\t\t\n\t\t>\r\n\r\n\r\n<div class=\"sow-image-container\">\r\n    \r\n    <img loading=\"lazy\" decoding=\"async\" src=\"https:\/\/abspace.yves-rocher.com\/fr\/wp-content\/uploads\/2022\/10\/Mascara_18.jpg\" width=\"640\" height=\"400\" srcset=\"\"          class=\"so-widget-image\" \/>\r\n\r\n    \r\n    \r\n    <\/div>\r\n\r\n<\/div><\/div><\/div><div id=\"pgc-12228-3-1\"  class=\"panel-grid-cell\" ><div id=\"panel-12228-3-1-0\" class=\"so-panel widget widget_sow-editor panel-first-child panel-last-child\" data-index=\"5\" ><div\n\t\t\t\n\t\t\tclass=\"so-widget-sow-editor so-widget-sow-editor-base\"\n\t\t\t\n\t\t>\n<div class=\"siteorigin-widget-tinymce textwidget\">\n\t<h3><b>Pour les yeux verts<\/b><\/h3>\n<p><span style=\"font-weight: 400;\">Vous avez les yeux verts ? Un mascara brun ou bronze s\u2019accorde parfaitement \u00e0 cette couleur d\u2019yeux, en offrant un joli contraste.\u00a0<\/span><\/p>\n<p><span style=\"font-weight: 400;\">Vos yeux seront ainsi mis en lumi\u00e8re par notre <\/span><a href=\"https:\/\/www.yves-rocher.fr\/maquillage\/yeux\/mascara\/mascara-intense-metamorphose\/p\/48354\"><span style=\"font-weight: 400;\">Mascara Brun Intense M\u00e9tamorphose<\/span><\/a><span style=\"font-weight: 400;\"> qui rel\u00e8ve leur \u00e9clat. Choisissez un fard \u00e0 paupi\u00e8res de couleur prune, dor\u00e9e ou cuivr\u00e9e, afin de bien faire ressortir la couleur verte.<\/span><\/p>\n<p><span style=\"font-weight: 400;\">Vous pouvez aussi oser le mascara vert fonc\u00e9 en soir\u00e9e ou lors d\u2019une occasion sp\u00e9ciale pour un look plus sophistiqu\u00e9.<\/span><\/p>\n<\/div>\n<\/div><\/div><\/div><\/div><div id=\"pg-12228-4\"  class=\"panel-grid panel-no-style\" ><div id=\"pgc-12228-4-0\"  class=\"panel-grid-cell\" ><div id=\"panel-12228-4-0-0\" class=\"so-panel widget widget_sow-editor panel-first-child panel-last-child\" data-index=\"6\" ><div\n\t\t\t\n\t\t\tclass=\"so-widget-sow-editor so-widget-sow-editor-base\"\n\t\t\t\n\t\t>\n<div class=\"siteorigin-widget-tinymce textwidget\">\n\t<h3><b>Pour les yeux marron<\/b><\/h3>\n<p><span style=\"font-weight: 400;\">Parfait pour les yeux marron, le mascara bleu donne beaucoup d\u2019\u00e9clat et de profondeur \u00e0 votre regard. Misez sur des teintes telles que le bleu cobalt vif ou un bleu marine plus intense. <\/span><span style=\"font-weight: 400;\">S<\/span><span style=\"font-weight: 400;\">i vous \u00eates brune, le total look bleu n'est jamais un faux pas. Un eyeliner et un fard \u00e0 paupi\u00e8res bleu s'associent tr\u00e8s bien \u00e0 un mascara de la m\u00eame teinte. \u00c0 savoir : le mascara bleu marine se combine \u00e0 la perfection <\/span><span style=\"font-weight: 400;\">avec<\/span><span style=\"font-weight: 400;\"> tous les fards dor\u00e9s et marron.<\/span><\/p>\n<p><span style=\"font-weight: 400;\">Sachez que vous pouvez tout vous permettre : le<\/span><span style=\"font-weight: 400;\">s<\/span><span style=\"font-weight: 400;\"> mascara<\/span><span style=\"font-weight: 400;\">s<\/span><span style=\"font-weight: 400;\"> prune et violet apport<\/span><span style=\"font-weight: 400;\">ent <\/span><span style=\"font-weight: 400;\">une nouvelle dimension \u00e0 votre maquillage, et le mascara vert donne une touche d\u2019audace et un coup d\u2019\u00e9clat suppl\u00e9mentaire<\/span><span style=\"font-weight: 400;\">s<\/span><span style=\"font-weight: 400;\">.<\/span><\/p>\n<p><span style=\"font-weight: 400;\">Enfin, pour un look plus classique et naturel, misez sur le mascara brun ou noir. Ces deux teintes vous garantissent de ne jamais faire de beauty faux-pas.<\/span><\/p>\n<\/div>\n<\/div><\/div><\/div><div id=\"pgc-12228-4-1\"  class=\"panel-grid-cell\" ><div id=\"panel-12228-4-1-0\" class=\"so-panel widget widget_sow-image panel-first-child panel-last-child\" data-index=\"7\" ><div\n\t\t\t\n\t\t\tclass=\"so-widget-sow-image so-widget-sow-image-default-8b5b6f678277-12228\"\n\t\t\t\n\t\t>\r\n\r\n\r\n<div class=\"sow-image-container\">\r\n    \r\n    <img loading=\"lazy\" decoding=\"async\" src=\"https:\/\/abspace.yves-rocher.com\/fr\/wp-content\/uploads\/2022\/10\/Mascara_19.jpg\" width=\"640\" height=\"400\" srcset=\"\"          class=\"so-widget-image\" \/>\r\n\r\n    \r\n    \r\n    <\/div>\r\n\r\n<\/div><\/div><\/div><\/div><div id=\"pg-12228-5\"  class=\"panel-grid panel-no-style\" ><div id=\"pgc-12228-5-0\"  class=\"panel-grid-cell\" ><div id=\"panel-12228-5-0-0\" class=\"so-panel widget widget_sow-editor panel-first-child panel-last-child\" data-index=\"8\" ><div\n\t\t\t\n\t\t\tclass=\"so-widget-sow-editor so-widget-sow-editor-base\"\n\t\t\t\n\t\t>\n<div class=\"siteorigin-widget-tinymce textwidget\">\n\t<h3><b>Pour les cheveux blonds ou roux<\/b><\/h3>\n<p><span style=\"font-weight: 400;\">Cheveux blonds ou roux, teint clair : optez <\/span><span style=\"font-weight: 400;\">pour<\/span><span style=\"font-weight: 400;\"> le brun ou une teinte douce, y compris pour votre fard \u00e0 paupi\u00e8res. Un mascara noir peut donner un air trop strict et a tendance \u00e0 vieillir si vous avez des cheveux blonds ou roux. Pourquoi ne pas <\/span><span style=\"font-weight: 400;\">appliquer<\/span><span style=\"font-weight: 400;\"> un mascara violet, par exemple ?<\/span><\/p>\n<h3><b>Pour les cheveux bruns<\/b><\/h3>\n<p><span style=\"font-weight: 400;\">Les femmes aux cheveux fonc\u00e9s peuvent choisir un mascara noir ou brun. En fonction de la couleur des yeux, il est \u00e9galement possible d\u2019opter pour du vert, du prune ou du bleu fonc\u00e9.<\/span><\/p>\n<\/div>\n<\/div><\/div><\/div><\/div><div id=\"pg-12228-6\"  class=\"panel-grid panel-no-style\" ><div id=\"pgc-12228-6-0\"  class=\"panel-grid-cell\" ><div id=\"panel-12228-6-0-0\" class=\"so-panel widget widget_sow-editor panel-first-child panel-last-child\" data-index=\"9\" ><div\n\t\t\t\n\t\t\tclass=\"so-widget-sow-editor so-widget-sow-editor-base\"\n\t\t\t\n\t\t>\n<div class=\"siteorigin-widget-tinymce textwidget\">\n\t<h2><b>Choisir son mascara selon les saisons et occasions<\/b><\/h2>\n<p><span style=\"font-weight: 400;\">I<\/span><span style=\"font-weight: 400;\">l y a <\/span><span style=\"font-weight: 400;\">les femmes<\/span><span style=\"font-weight: 400;\"> qui portent du bleu turquoise ou <\/span><span style=\"font-weight: 400;\">des teintes vives<\/span> <span style=\"font-weight: 400;\">uniquement <\/span><span style=\"font-weight: 400;\">quand l\u2019\u00e9t\u00e9 est l\u00e0, et<\/span><span style=\"font-weight: 400;\"> c<\/span><span style=\"font-weight: 400;\">elles qui parent leurs cils de couleurs <\/span><span style=\"font-weight: 400;\">p\u00e9tantes toute l\u2019ann\u00e9e<\/span><span style=\"font-weight: 400;\"> pour contrer la morosit\u00e9 de la rentr\u00e9e et des longues journ\u00e9es d\u2019hiver.<\/span><\/p>\n<p><span style=\"font-weight: 400;\">Pour un maquillage sophistiqu\u00e9 et un regard intense, misez sur le mascara noir, \u00e0 l\u2019image du <\/span><a href=\"https:\/\/www.yves-rocher.fr\/maquillage\/yeux\/mascara\/mascara-intense-metamorphose\/p\/34244\"><span style=\"font-weight: 400;\">Mascara Noir intense M\u00e9tamorphose<\/span><\/a><span style=\"font-weight: 400;\">. Quant au violet ou bleu marine, ce sont les teintes toutes trouv\u00e9es si vous cherchez \u00e0 apporter de la lumi\u00e8re !<\/span><\/p>\n<p><span style=\"font-weight: 400;\">D\u00e9sormais, vous n\u2019avez plus aucune excuse pour ne pas arborer de beaux mascaras color\u00e9s ! <\/span><\/p>\n<\/div>\n<\/div><\/div><\/div><\/div><\/div>","protected":false},"excerpt":{"rendered":"<p>Vous n\u2019y aviez pas pens\u00e9 ? Ou pas os\u00e9 ? On vous dit comment bien l\u2019utiliser.<\/p>\n","protected":false},"author":556493,"featured_media":13504,"comment_status":"open","ping_status":"open","sticky":false,"template":"","format":"standard","meta":{"_acf_changed":false,"_exactmetrics_skip_tracking":false,"_exactmetrics_sitenote_active":false,"_exactmetrics_sitenote_note":"","_exactmetrics_sitenote_category":0,"footnotes":""},"categories":[1],"tags":[543,634,501,272],"class_list":["post-12228","post","type-post","status-publish","format-standard","has-post-thumbnail","hentry","category-uncategorized","tag-astucesbeaute","tag-beautyadvices-fr","tag-makeup-fr","tag-maquillage"],"acf":[],"yoast_head":"<!-- This site is optimized with the Yoast SEO plugin v24.7 - https:\/\/yoast.com\/wordpress\/plugins\/seo\/ -->\n<title>Mascara de couleur : comment le choisir ?<\/title>\n<meta name=\"description\" content=\"Vous n\u2019y aviez pas pens\u00e9 ? Ou pas os\u00e9 ? On vous dit comment bien l\u2019utiliser.\" \/>\n<meta name=\"robots\" content=\"index, follow, max-snippet:-1, max-image-preview:large, max-video-preview:-1\" \/>\n<link rel=\"canonical\" href=\"https:\/\/abspace.yves-rocher.com\/fr\/fr\/bien-choisir-votre-mascara-de-couleur\/\" \/>\n<meta property=\"og:locale\" content=\"fr_FR\" \/>\n<meta property=\"og:type\" content=\"article\" \/>\n<meta property=\"og:title\" content=\"Mascara de couleur : comment le choisir ?\" \/>\n<meta property=\"og:description\" content=\"Vous n\u2019y aviez pas pens\u00e9 ? Ou pas os\u00e9 ? On vous dit comment bien l\u2019utiliser.\" \/>\n<meta property=\"og:url\" content=\"https:\/\/abspace.yves-rocher.com\/fr\/fr\/bien-choisir-votre-mascara-de-couleur\/\" \/>\n<meta property=\"og:site_name\" content=\"France YR AB\" \/>\n<meta property=\"article:published_time\" content=\"2022-10-14T12:37:31+00:00\" \/>\n<meta property=\"article:modified_time\" content=\"2026-02-03T10:05:31+00:00\" \/>\n<meta property=\"og:image\" content=\"https:\/\/abspace.yves-rocher.com\/fr\/wp-content\/uploads\/2022\/10\/Features_05.jpg\" \/>\n\t<meta property=\"og:image:width\" content=\"750\" \/>\n\t<meta property=\"og:image:height\" content=\"750\" \/>\n\t<meta property=\"og:image:type\" content=\"image\/jpeg\" \/>\n<meta name=\"author\" content=\"samuel.giard@yrnet.com\" \/>\n<meta name=\"twitter:card\" content=\"summary_large_image\" \/>\n<meta name=\"twitter:creator\" content=\"@samuel.giard@yrnet.com\" \/>\n<meta name=\"twitter:label1\" content=\"Written by\" \/>\n\t<meta name=\"twitter:data1\" content=\"samuel.giard@yrnet.com\" \/>\n\t<meta name=\"twitter:label2\" content=\"Est. reading time\" \/>\n\t<meta name=\"twitter:data2\" content=\"4 minutes\" \/>\n<script type=\"application\/ld+json\" class=\"yoast-schema-graph\">{\"@context\":\"https:\/\/schema.org\",\"@graph\":[{\"@type\":\"WebPage\",\"@id\":\"https:\/\/abspace.yves-rocher.com\/fr\/fr\/bien-choisir-votre-mascara-de-couleur\/\",\"url\":\"https:\/\/abspace.yves-rocher.com\/fr\/fr\/bien-choisir-votre-mascara-de-couleur\/\",\"name\":\"Mascara de couleur : comment le choisir ?\",\"isPartOf\":{\"@id\":\"https:\/\/abspace.yves-rocher.com\/fr\/#website\"},\"primaryImageOfPage\":{\"@id\":\"https:\/\/abspace.yves-rocher.com\/fr\/fr\/bien-choisir-votre-mascara-de-couleur\/#primaryimage\"},\"image\":{\"@id\":\"https:\/\/abspace.yves-rocher.com\/fr\/fr\/bien-choisir-votre-mascara-de-couleur\/#primaryimage\"},\"thumbnailUrl\":\"https:\/\/abspace.yves-rocher.com\/fr\/wp-content\/uploads\/2022\/10\/Features_05.jpg\",\"datePublished\":\"2022-10-14T12:37:31+00:00\",\"dateModified\":\"2026-02-03T10:05:31+00:00\",\"author\":{\"@id\":\"https:\/\/abspace.yves-rocher.com\/fr\/#\/schema\/person\/7166d509a8bdfcb88558f0cfe5d33d69\"},\"description\":\"Vous n\u2019y aviez pas pens\u00e9 ? Ou pas os\u00e9 ? On vous dit comment bien l\u2019utiliser.\",\"breadcrumb\":{\"@id\":\"https:\/\/abspace.yves-rocher.com\/fr\/fr\/bien-choisir-votre-mascara-de-couleur\/#breadcrumb\"},\"inLanguage\":\"fr-FR\",\"potentialAction\":[{\"@type\":\"ReadAction\",\"target\":[\"https:\/\/abspace.yves-rocher.com\/fr\/fr\/bien-choisir-votre-mascara-de-couleur\/\"]}]},{\"@type\":\"ImageObject\",\"inLanguage\":\"fr-FR\",\"@id\":\"https:\/\/abspace.yves-rocher.com\/fr\/fr\/bien-choisir-votre-mascara-de-couleur\/#primaryimage\",\"url\":\"https:\/\/abspace.yves-rocher.com\/fr\/wp-content\/uploads\/2022\/10\/Features_05.jpg\",\"contentUrl\":\"https:\/\/abspace.yves-rocher.com\/fr\/wp-content\/uploads\/2022\/10\/Features_05.jpg\",\"width\":750,\"height\":750,\"caption\":\"Mascara de couleur\"},{\"@type\":\"BreadcrumbList\",\"@id\":\"https:\/\/abspace.yves-rocher.com\/fr\/fr\/bien-choisir-votre-mascara-de-couleur\/#breadcrumb\",\"itemListElement\":[{\"@type\":\"ListItem\",\"position\":1,\"name\":\"Home\",\"item\":\"https:\/\/abspace.yves-rocher.com\/fr\/fr\/\"},{\"@type\":\"ListItem\",\"position\":2,\"name\":\"Mascara de couleur : comment le choisir ?\"}]},{\"@type\":\"WebSite\",\"@id\":\"https:\/\/abspace.yves-rocher.com\/fr\/#website\",\"url\":\"https:\/\/abspace.yves-rocher.com\/fr\/\",\"name\":\"France YR AB\",\"description\":\"France YR AB\",\"potentialAction\":[{\"@type\":\"SearchAction\",\"target\":{\"@type\":\"EntryPoint\",\"urlTemplate\":\"https:\/\/abspace.yves-rocher.com\/fr\/?s={search_term_string}\"},\"query-input\":{\"@type\":\"PropertyValueSpecification\",\"valueRequired\":true,\"valueName\":\"search_term_string\"}}],\"inLanguage\":\"fr-FR\"},{\"@type\":\"Person\",\"@id\":\"https:\/\/abspace.yves-rocher.com\/fr\/#\/schema\/person\/7166d509a8bdfcb88558f0cfe5d33d69\",\"name\":\"samuel.giard@yrnet.com\",\"image\":{\"@type\":\"ImageObject\",\"inLanguage\":\"fr-FR\",\"@id\":\"https:\/\/abspace.yves-rocher.com\/fr\/#\/schema\/person\/image\/\",\"url\":\"https:\/\/secure.gravatar.com\/avatar\/ef43c54bec0e84c96207b7ab89569915?s=96&d=mm&r=g\",\"contentUrl\":\"https:\/\/secure.gravatar.com\/avatar\/ef43c54bec0e84c96207b7ab89569915?s=96&d=mm&r=g\",\"caption\":\"samuel.giard@yrnet.com\"},\"sameAs\":[\"https:\/\/x.com\/samuel.giard@yrnet.com\"],\"url\":\"https:\/\/abspace.yves-rocher.com\/fr\/fr\/author\/samuel-giardyrnet-com\/\"}]}<\/script>\n<!-- \/ Yoast SEO plugin. -->","yoast_head_json":{"title":"Mascara de couleur : comment le choisir ?","description":"Vous n\u2019y aviez pas pens\u00e9 ? Ou pas os\u00e9 ? On vous dit comment bien l\u2019utiliser.","robots":{"index":"index","follow":"follow","max-snippet":"max-snippet:-1","max-image-preview":"max-image-preview:large","max-video-preview":"max-video-preview:-1"},"canonical":"https:\/\/abspace.yves-rocher.com\/fr\/fr\/bien-choisir-votre-mascara-de-couleur\/","og_locale":"fr_FR","og_type":"article","og_title":"Mascara de couleur : comment le choisir ?","og_description":"Vous n\u2019y aviez pas pens\u00e9 ? Ou pas os\u00e9 ? On vous dit comment bien l\u2019utiliser.","og_url":"https:\/\/abspace.yves-rocher.com\/fr\/fr\/bien-choisir-votre-mascara-de-couleur\/","og_site_name":"France YR AB","article_published_time":"2022-10-14T12:37:31+00:00","article_modified_time":"2026-02-03T10:05:31+00:00","og_image":[{"width":750,"height":750,"url":"https:\/\/abspace.yves-rocher.com\/fr\/wp-content\/uploads\/2022\/10\/Features_05.jpg","type":"image\/jpeg"}],"author":"samuel.giard@yrnet.com","twitter_card":"summary_large_image","twitter_creator":"@samuel.giard@yrnet.com","twitter_misc":{"Written by":"samuel.giard@yrnet.com","Est. reading time":"4 minutes"},"schema":{"@context":"https:\/\/schema.org","@graph":[{"@type":"WebPage","@id":"https:\/\/abspace.yves-rocher.com\/fr\/fr\/bien-choisir-votre-mascara-de-couleur\/","url":"https:\/\/abspace.yves-rocher.com\/fr\/fr\/bien-choisir-votre-mascara-de-couleur\/","name":"Mascara de couleur : comment le choisir ?","isPartOf":{"@id":"https:\/\/abspace.yves-rocher.com\/fr\/#website"},"primaryImageOfPage":{"@id":"https:\/\/abspace.yves-rocher.com\/fr\/fr\/bien-choisir-votre-mascara-de-couleur\/#primaryimage"},"image":{"@id":"https:\/\/abspace.yves-rocher.com\/fr\/fr\/bien-choisir-votre-mascara-de-couleur\/#primaryimage"},"thumbnailUrl":"https:\/\/abspace.yves-rocher.com\/fr\/wp-content\/uploads\/2022\/10\/Features_05.jpg","datePublished":"2022-10-14T12:37:31+00:00","dateModified":"2026-02-03T10:05:31+00:00","author":{"@id":"https:\/\/abspace.yves-rocher.com\/fr\/#\/schema\/person\/7166d509a8bdfcb88558f0cfe5d33d69"},"description":"Vous n\u2019y aviez pas pens\u00e9 ? Ou pas os\u00e9 ? On vous dit comment bien l\u2019utiliser.","breadcrumb":{"@id":"https:\/\/abspace.yves-rocher.com\/fr\/fr\/bien-choisir-votre-mascara-de-couleur\/#breadcrumb"},"inLanguage":"fr-FR","potentialAction":[{"@type":"ReadAction","target":["https:\/\/abspace.yves-rocher.com\/fr\/fr\/bien-choisir-votre-mascara-de-couleur\/"]}]},{"@type":"ImageObject","inLanguage":"fr-FR","@id":"https:\/\/abspace.yves-rocher.com\/fr\/fr\/bien-choisir-votre-mascara-de-couleur\/#primaryimage","url":"https:\/\/abspace.yves-rocher.com\/fr\/wp-content\/uploads\/2022\/10\/Features_05.jpg","contentUrl":"https:\/\/abspace.yves-rocher.com\/fr\/wp-content\/uploads\/2022\/10\/Features_05.jpg","width":750,"height":750,"caption":"Mascara de couleur"},{"@type":"BreadcrumbList","@id":"https:\/\/abspace.yves-rocher.com\/fr\/fr\/bien-choisir-votre-mascara-de-couleur\/#breadcrumb","itemListElement":[{"@type":"ListItem","position":1,"name":"Home","item":"https:\/\/abspace.yves-rocher.com\/fr\/fr\/"},{"@type":"ListItem","position":2,"name":"Mascara de couleur : comment le choisir ?"}]},{"@type":"WebSite","@id":"https:\/\/abspace.yves-rocher.com\/fr\/#website","url":"https:\/\/abspace.yves-rocher.com\/fr\/","name":"France YR AB","description":"France YR AB","potentialAction":[{"@type":"SearchAction","target":{"@type":"EntryPoint","urlTemplate":"https:\/\/abspace.yves-rocher.com\/fr\/?s={search_term_string}"},"query-input":{"@type":"PropertyValueSpecification","valueRequired":true,"valueName":"search_term_string"}}],"inLanguage":"fr-FR"},{"@type":"Person","@id":"https:\/\/abspace.yves-rocher.com\/fr\/#\/schema\/person\/7166d509a8bdfcb88558f0cfe5d33d69","name":"samuel.giard@yrnet.com","image":{"@type":"ImageObject","inLanguage":"fr-FR","@id":"https:\/\/abspace.yves-rocher.com\/fr\/#\/schema\/person\/image\/","url":"https:\/\/secure.gravatar.com\/avatar\/ef43c54bec0e84c96207b7ab89569915?s=96&d=mm&r=g","contentUrl":"https:\/\/secure.gravatar.com\/avatar\/ef43c54bec0e84c96207b7ab89569915?s=96&d=mm&r=g","caption":"samuel.giard@yrnet.com"},"sameAs":["https:\/\/x.com\/samuel.giard@yrnet.com"],"url":"https:\/\/abspace.yves-rocher.com\/fr\/fr\/author\/samuel-giardyrnet-com\/"}]}},"_links":{"self":[{"href":"https:\/\/abspace.yves-rocher.com\/fr\/ws\/wp\/v2\/posts\/12228","targetHints":{"allow":["GET"]}}],"collection":[{"href":"https:\/\/abspace.yves-rocher.com\/fr\/ws\/wp\/v2\/posts"}],"about":[{"href":"https:\/\/abspace.yves-rocher.com\/fr\/ws\/wp\/v2\/types\/post"}],"author":[{"embeddable":true,"href":"https:\/\/abspace.yves-rocher.com\/fr\/ws\/wp\/v2\/users\/556493"}],"replies":[{"embeddable":true,"href":"https:\/\/abspace.yves-rocher.com\/fr\/ws\/wp\/v2\/comments?post=12228"}],"version-history":[{"count":12,"href":"https:\/\/abspace.yves-rocher.com\/fr\/ws\/wp\/v2\/posts\/12228\/revisions"}],"predecessor-version":[{"id":15033,"href":"https:\/\/abspace.yves-rocher.com\/fr\/ws\/wp\/v2\/posts\/12228\/revisions\/15033"}],"wp:featuredmedia":[{"embeddable":true,"href":"https:\/\/abspace.yves-rocher.com\/fr\/ws\/wp\/v2\/media\/13504"}],"wp:attachment":[{"href":"https:\/\/abspace.yves-rocher.com\/fr\/ws\/wp\/v2\/media?parent=12228"}],"wp:term":[{"taxonomy":"category","embeddable":true,"href":"https:\/\/abspace.yves-rocher.com\/fr\/ws\/wp\/v2\/categories?post=12228"},{"taxonomy":"post_tag","embeddable":true,"href":"https:\/\/abspace.yves-rocher.com\/fr\/ws\/wp\/v2\/tags?post=12228"}],"curies":[{"name":"wp","href":"https:\/\/api.w.org\/{rel}","templated":true}]}}