{"id":12400,"date":"2022-11-10T16:07:03","date_gmt":"2022-11-10T14:37:03","guid":{"rendered":"https:\/\/abspace.yves-rocher.com\/fr\/?p=12400"},"modified":"2025-08-14T09:42:38","modified_gmt":"2025-08-14T08:12:38","slug":"les-10-essentiels-cocooning-de-lhiver","status":"publish","type":"post","link":"https:\/\/abspace.yves-rocher.com\/fr\/fr\/les-10-essentiels-cocooning-de-lhiver\/","title":{"rendered":"Les 10 essentiels cocooning de l\u2019hiver"},"content":{"rendered":"<div id=\"pl-12400\"  class=\"panel-layout\" ><div id=\"pg-12400-0\"  class=\"panel-grid panel-no-style\" ><div id=\"pgc-12400-0-0\"  class=\"panel-grid-cell\" >            <div class=\"textWidget header-description \">\r\n                <p>Envie d\u2019un moment de bien-\u00eatre pour faire face \u00e0 la fra\u00eecheur hivernale ? Prenez une pause pour chouchouter votre corps de la t\u00eate aux pieds, gr\u00e2ce \u00e0 notre s\u00e9lection de produits cocooning. <\/p>\r\n            <\/div>\r\n    <\/div><\/div><div id=\"pg-12400-1\"  class=\"panel-grid panel-no-style\" ><div id=\"pgc-12400-1-0\"  class=\"panel-grid-cell\" ><div id=\"panel-12400-1-0-0\" class=\"so-panel widget widget_sow-editor panel-first-child panel-last-child\" data-index=\"1\" ><div\n\t\t\t\n\t\t\tclass=\"so-widget-sow-editor so-widget-sow-editor-base\"\n\t\t\t\n\t\t>\n<div class=\"siteorigin-widget-tinymce textwidget\">\n\t<h3>L\u2019indispensable pour une douche r\u00e9confortante<\/h3>\n<div class=\"ewa-rteLine\">\u00a0<\/div>\n<div class=\"ewa-rteLine\">Pour oublier les temp\u00e9ratures glaciales de l\u2019hiver et se d\u00e9tendre, rien de mieux que d\u2019embuer votre salle de bain en prenant une douche chaude. Faites de cette pause un moment de d\u00e9tente, une immersion en pleine nature avec <strong>les produits de douche Bain de Nature.<\/strong><\/div>\n<div class=\"ewa-rteLine\">\u00a0<\/div>\n<div class=\"ewa-rteLine\">Au choix : une version<strong><a href=\"https:\/\/www.yves-rocher.fr\/corps-et-douche\/bain-et-douche\/gel-douche\/c\/43100\"> gel douche<\/a> ou <a href=\"https:\/\/www.yves-rocher.fr\/corps-et-douche\/bain-et-douche\/savon\/c\/43320\">savon solide pour le corps<\/a>,<\/strong> mais la m\u00eame mousse onctueuse et enveloppante, qui nettoie et parfume la peau sans la dess\u00e9cher. <strong>Sans sulfate* ni silicone, les flacons sont en plastique 100% recycl\u00e9**<\/strong> et sont d\u00e9clin\u00e9s en 9 parfums inspir\u00e9s de la nature, parfaits pour recharger les batteries.<\/div>\n<\/div>\n<\/div><\/div><\/div><div id=\"pgc-12400-1-1\"  class=\"panel-grid-cell\" ><div id=\"panel-12400-1-1-0\" class=\"so-panel widget widget_sow-image panel-first-child panel-last-child\" data-index=\"2\" ><div\n\t\t\t\n\t\t\tclass=\"so-widget-sow-image so-widget-sow-image-default-8b5b6f678277-12400\"\n\t\t\t\n\t\t>\r\n\r\n\r\n<div class=\"sow-image-container\">\r\n    \r\n    <img loading=\"lazy\" decoding=\"async\" src=\"https:\/\/abspace.yves-rocher.com\/fr\/wp-content\/uploads\/2022\/11\/Gels-douche-Bain-Nature.jpg\" width=\"1159\" height=\"652\" srcset=\"\" title=\"Gel douche Bain de Nature\"          class=\"so-widget-image\" \/>\r\n\r\n    \r\n    \r\n    <\/div>\r\n\r\n<\/div><\/div><\/div><\/div><div id=\"pg-12400-2\"  class=\"panel-grid panel-no-style\" ><div id=\"pgc-12400-2-0\"  class=\"panel-grid-cell\" ><div id=\"panel-12400-2-0-0\" class=\"so-panel widget panel-first-child panel-last-child\" data-index=\"3\" ><\/div><\/div><\/div><div id=\"pg-12400-3\"  class=\"panel-grid panel-no-style\" ><div id=\"pgc-12400-3-0\"  class=\"panel-grid-cell\" ><div id=\"panel-12400-3-0-0\" class=\"so-panel widget widget_sow-image panel-first-child panel-last-child\" data-index=\"4\" ><div\n\t\t\t\n\t\t\tclass=\"so-widget-sow-image so-widget-sow-image-default-8b5b6f678277-12400\"\n\t\t\t\n\t\t>\r\n\r\n\r\n<div class=\"sow-image-container\">\r\n    \r\n    <img loading=\"lazy\" decoding=\"async\" src=\"https:\/\/abspace.yves-rocher.com\/fr\/wp-content\/uploads\/2022\/11\/Mannequin-Gommage.jpg\" width=\"1159\" height=\"652\" srcset=\"\" title=\"Gommage Yves Rocher \"          class=\"so-widget-image\" \/>\r\n\r\n    \r\n    \r\n    <\/div>\r\n\r\n<\/div><\/div><\/div><div id=\"pgc-12400-3-1\"  class=\"panel-grid-cell\" ><div id=\"panel-12400-3-1-0\" class=\"so-panel widget widget_sow-editor panel-first-child panel-last-child\" data-index=\"5\" ><div\n\t\t\t\n\t\t\tclass=\"so-widget-sow-editor so-widget-sow-editor-base\"\n\t\t\t\n\t\t>\n<div class=\"siteorigin-widget-tinymce textwidget\">\n\t<h3 class=\"ewa-rteLine\">Un gommage oui, mais lequel ?<\/h3>\n<div class=\"ewa-rteLine\">\u00a0<\/div>\n<div class=\"ewa-rteLine\">Toujours sous la douche, profitez d\u2019avoir la peau humide pour l\u2019exfolier et vous <strong>d\u00e9barrasser des peaux mortes en douceur avec un gommage.<\/strong><\/div>\n<div>\u00a0<\/div>\n<div class=\"ewa-rteLine\">Si vous craquez pour les gommages en<strong> texture gel l\u00e9g\u00e8res et rafraichissantes<\/strong>, ne passez pas \u00e0 c\u00f4t\u00e9 du parfum <strong>Algue &amp; Criste Marine<\/strong> pour profiter de l\u2019\u00e9nergie et de la vitalit\u00e9 des c\u00f4tes bretonnes. Le gommage <strong>Framboise &amp; Menthe Poivr\u00e9e<\/strong> vous transportera au c\u0153ur d\u2019une cueillette dans les bois. Sans oublier un best-seller, le gommage <strong>v\u00e9g\u00e9tal \u00e0 l\u2019abricot<\/strong>, ultra-fondant et enrichi en poudre de noyau d\u2019abricot.<\/div>\n<div class=\"ewa-rteLine\">\u00a0<\/div>\n<\/div>\n<\/div><\/div><\/div><\/div><div id=\"pg-12400-4\"  class=\"panel-grid panel-no-style\" ><div id=\"pgc-12400-4-0\"  class=\"panel-grid-cell\" ><div id=\"panel-12400-4-0-0\" class=\"so-panel widget widget_sow-editor panel-first-child panel-last-child\" data-index=\"6\" ><div\n\t\t\t\n\t\t\tclass=\"so-widget-sow-editor so-widget-sow-editor-base\"\n\t\t\t\n\t\t>\n<div class=\"siteorigin-widget-tinymce textwidget\">\n\t<div class=\"ewa-rteLine\">\n<div class=\"ewa-rteLine\">\n<div class=\"ewa-rteLine\">Les gommages en <strong>cr\u00e8me<\/strong>, eux, vous offrent une texture fondante alliant confort et relaxation. C\u00f4t\u00e9 senteurs, on retrouve la douceur du <strong>karit\u00e9<\/strong>, l\u2019accent bois\u00e9 de la <strong>coco<\/strong> et les sensations relaxantes d\u2019une promenade dans les Landes Bretonnes avec <strong>Fleurs des Pr\u00e8s.<\/strong> Envie d\u2019une action d\u00e9toxifiante ? On vous conseille la <strong>cr\u00e8me exfoliante enrichie en charbon v\u00e9g\u00e9tal.<\/strong><\/div>\n<div class=\"ewa-rteLine\">\u00a0<\/div>\n<div class=\"ewa-rteLine\">Encore plus d\u2019\u00e9vasion avec le <strong>gommage en huile,<\/strong> id\u00e9al pour une exfoliation douce et onctueuse. Au choix, le gommage <strong>Mono\u00ef<\/strong> avec son parfum solaire et ses coques de noix de coco exfoliantes ou les sensations relaxantes d\u2019un hammam avec le gommage <strong>Argan &amp; P\u00e9tales de Rose.<\/strong><\/div>\n<div class=\"ewa-rteLine\">\u00a0<\/div>\n<\/div>\n<div class=\"ewa-rteLine\">\u00a0<\/div>\n<div class=\"ewa-rteLine\"><strong>Conseil :<\/strong> Il est conseill\u00e9 d\u2019exfolier sa peau jusqu\u2019\u00e0 deux fois par semaine. Pour cela, frictionnez votre corps avec votre gommage en gel, cr\u00e8me ou en huile puis rincez abondamment.<\/div>\n<\/div>\n<\/div>\n<\/div><\/div><\/div><\/div><div id=\"pg-12400-5\"  class=\"panel-grid panel-no-style\" ><div id=\"pgc-12400-5-0\"  class=\"panel-grid-cell\" ><div id=\"panel-12400-5-0-0\" class=\"so-panel widget panel-first-child panel-last-child\" data-index=\"7\" ><\/div><\/div><\/div><div id=\"pg-12400-6\"  class=\"panel-grid panel-no-style\" ><div id=\"pgc-12400-6-0\"  class=\"panel-grid-cell\" ><div id=\"panel-12400-6-0-0\" class=\"so-panel widget widget_sow-editor panel-first-child panel-last-child\" data-index=\"8\" ><div\n\t\t\t\n\t\t\tclass=\"so-widget-sow-editor so-widget-sow-editor-base\"\n\t\t\t\n\t\t>\n<div class=\"siteorigin-widget-tinymce textwidget\">\n\t<h3 class=\"ewa-rteLine\">Deux soins hydratants avec un grand H<\/h3>\n<div class=\"ewa-rteLine\">\u00a0<\/div>\n<div class=\"ewa-rteLine\">Une fois votre miroir bien embu\u00e9, il est temps d\u2019hydrater et r\u00e9parer votre peau. Si le temps a rendu votre peau tr\u00e8s s\u00e8che, on vous conseille de combiner l\u2019efficacit\u00e9 d\u2019un <strong>baume hydratant et d\u2019un lait hydratant<\/strong>. Reconnu pour ses propri\u00e9t\u00e9s r\u00e9paratrices, le <strong>baume r\u00e9parateur au Karit\u00e9<\/strong> r\u00e9pare et nourri intens\u00e9ment les peaux s\u00e8ches.<\/div>\n<div class=\"ewa-rteLine\">\u00a0<\/div>\n<div class=\"ewa-rteLine\">Profitez \u00e9galement des vertus apaisantes et protectrices de la <strong>camomille, dans une cr\u00e8me douceur visage et corps<\/strong>. Son + ? Une texture baume fondant qui hydrate et prot\u00e8ge la peau, pour la laisser douce et confortable.<\/div>\n<div class=\"ewa-rteLine\">\u00a0<\/div>\n<div class=\"ewa-rteLine\">Pour continuer \u00e0 soulager les tiraillements, combinez votre baume avec un lait hydratant.<strong> Le Lait R\u00e9parateur au karit\u00e9<\/strong> nourrit intens\u00e9ment la peau, celle-ci est plus lisse et retrouve tout son confort.<\/div>\n<\/div>\n<\/div><\/div><\/div><div id=\"pgc-12400-6-1\"  class=\"panel-grid-cell\" ><div id=\"panel-12400-6-1-0\" class=\"so-panel widget widget_sow-image panel-first-child panel-last-child\" data-index=\"9\" ><div\n\t\t\t\n\t\t\tclass=\"so-widget-sow-image so-widget-sow-image-default-8b5b6f678277-12400\"\n\t\t\t\n\t\t>\r\n\r\n\r\n<div class=\"sow-image-container\">\r\n    \r\n    <img loading=\"lazy\" decoding=\"async\" src=\"https:\/\/abspace.yves-rocher.com\/fr\/wp-content\/uploads\/2022\/11\/Laits-corps-Bain-de-Nature.jpg\" width=\"1101\" height=\"652\" srcset=\"\" title=\"Laits corps Bain de Nature\"          class=\"so-widget-image\" \/>\r\n\r\n    \r\n    \r\n    <\/div>\r\n\r\n<\/div><\/div><\/div><\/div><div id=\"pg-12400-7\"  class=\"panel-grid panel-no-style\" ><div id=\"pgc-12400-7-0\"  class=\"panel-grid-cell\" ><div id=\"panel-12400-7-0-0\" class=\"so-panel widget widget_sow-editor panel-first-child panel-last-child\" data-index=\"10\" ><div\n\t\t\t\n\t\t\tclass=\"so-widget-sow-editor so-widget-sow-editor-base\"\n\t\t\t\n\t\t>\n<div class=\"siteorigin-widget-tinymce textwidget\">\n\t<div class=\"ewa-rteLine\">La collection <strong>Bain de Nature<\/strong> est compl\u00e8te jusqu\u2019au bout et vous offre \u00e9galement une s\u00e9lection de laits hydratants aux <strong>8 senteurs Nature<\/strong>. On les aime car ils adoucissent, assouplissent et hydratent la peau toute la journ\u00e9e, sans laisser de fini gras.<\/div>\n<\/div>\n<\/div><\/div><\/div><\/div><div id=\"pg-12400-8\"  class=\"panel-grid panel-no-style\" ><div id=\"pgc-12400-8-0\"  class=\"panel-grid-cell\" ><div id=\"panel-12400-8-0-0\" class=\"so-panel widget panel-first-child panel-last-child\" data-index=\"11\" ><\/div><\/div><\/div><div id=\"pg-12400-9\"  class=\"panel-grid panel-no-style\" ><div id=\"pgc-12400-9-0\"  class=\"panel-grid-cell\" ><div id=\"panel-12400-9-0-0\" class=\"so-panel widget widget_sow-image panel-first-child panel-last-child\" data-index=\"12\" ><div\n\t\t\t\n\t\t\tclass=\"so-widget-sow-image so-widget-sow-image-default-8b5b6f678277-12400\"\n\t\t\t\n\t\t>\r\n\r\n\r\n<div class=\"sow-image-container\">\r\n    \r\n    <img loading=\"lazy\" decoding=\"async\" src=\"https:\/\/abspace.yves-rocher.com\/fr\/wp-content\/uploads\/2022\/11\/huiles-corps-et-cheveux.jpg\" width=\"1100\" height=\"653\" srcset=\"\" title=\"huiles corps et cheveux Bain de Nature\"          class=\"so-widget-image\" \/>\r\n\r\n    \r\n    \r\n    <\/div>\r\n\r\n<\/div><\/div><\/div><div id=\"pgc-12400-9-1\"  class=\"panel-grid-cell\" ><div id=\"panel-12400-9-1-0\" class=\"so-panel widget widget_sow-editor panel-first-child panel-last-child\" data-index=\"13\" ><div\n\t\t\t\n\t\t\tclass=\"so-widget-sow-editor so-widget-sow-editor-base\"\n\t\t\t\n\t\t>\n<div class=\"siteorigin-widget-tinymce textwidget\">\n\t<h3 class=\"ewa-rteLine\">Une huile corps et cheveux<\/h3>\n<div class=\"ewa-rteLine\">Parfaites pour d\u00e9cupler les effets de ce moment cocooning, les <strong>huiles corps et cheveux<\/strong> s\u2019utilisent en soin quotidien ou en massage. Elles s\u2019appliquent sur peau s\u00e8che sur les zones souhait\u00e9es en massant d\u00e9licatement jusqu'\u00e0 p\u00e9n\u00e9tration compl\u00e8te et sur cheveux secs ou humides, sur les longueurs et pointes.<\/div>\n<div>\u00a0<\/div>\n<div>\n<div class=\"ewa-rteLine\">Pour retrouver les sensations relaxantes d\u2019un hammam traditionnel au parfum oriental envo\u00fbtant, optez pour l\u2019<strong>Huile Corps et Cheveux<\/strong>, enrichie en <strong>huile d\u2019argan et rose bio du Maroc.<\/strong> Une huile \u00e0 <strong>99% d\u2019origine naturelle, sans huile min\u00e9rale, qui nourrit, sublime et parfume d\u00e9licatement.<\/strong><\/div>\n<div class=\"ewa-rteLine\">\u00a0<\/div>\n<div class=\"ewa-rteLine\">Si vous cherchez plut\u00f4t des notes solaires sublim\u00e9es d\u2019accents doux et bois\u00e9s, cette huile est \u00e9galement disponible \u00e0 la noix de coco ou au <a href=\"https:\/\/www.yves-rocher.fr\/monoi\">mono\u00ef<\/a>.<\/div>\n<\/div>\n<\/div>\n<\/div><\/div><\/div><\/div><div id=\"pg-12400-10\"  class=\"panel-grid panel-no-style\" ><div id=\"pgc-12400-10-0\"  class=\"panel-grid-cell\" ><div id=\"panel-12400-10-0-0\" class=\"so-panel widget panel-first-child panel-last-child\" data-index=\"14\" ><\/div><\/div><\/div><div id=\"pg-12400-11\"  class=\"panel-grid panel-no-style\" ><div id=\"pgc-12400-11-0\"  class=\"panel-grid-cell\" ><div id=\"panel-12400-11-0-0\" class=\"so-panel widget widget_sow-editor panel-first-child panel-last-child\" data-index=\"15\" ><div\n\t\t\t\n\t\t\tclass=\"so-widget-sow-editor so-widget-sow-editor-base\"\n\t\t\t\n\t\t>\n<div class=\"siteorigin-widget-tinymce textwidget\">\n\t<h3 class=\"ewa-rteLine\">Trois soins pour des pieds doux et r\u00e9confort\u00e9s<\/h3>\n<div class=\"ewa-rteLine\">\u00a0<\/div>\n<div class=\"ewa-rteLine\">Souvent les oubli\u00e9s des rituels beaut\u00e9, prenez <a href=\"https:\/\/www.yves-rocher.fr\/corps-et-douche\/soin-du-corps\/soin-des-pieds\/c\/41600\">soin de vos pieds<\/a> pendant ce moment de relaxation. D\u00e9barrassez vos pieds des <strong>rugosit\u00e9s et peaux mortes<\/strong> et retrouvez un toucher lisse et doux avec un<strong> gel pieds exfoliant enrichi \u00e0 la Menthe et Mauve bio origine France<\/strong>.<\/div>\n<div>\u00a0<\/div>\n<div class=\"ewa-rteLine\">Vous pouvez continuer votre rituel avec une <strong>cr\u00e8me pieds absorption express<\/strong> pour des pieds intens\u00e9ment nourris, doux et hydrat\u00e9s pendant 24h. Si vous avez les pieds plus secs ou ab\u00eem\u00e9s, pr\u00e9f\u00e9rez le b<strong>aume pieds r\u00e9parateur Pieds enrichi enrichi en\u00a0Menthe Bio, Mauve Bio et Karit\u00e9 Bio<\/strong>\u00a0reconnu pour ses vertus nutritives et r\u00e9paratrices exceptionnelles.<\/div>\n<\/div>\n<\/div><\/div><\/div><div id=\"pgc-12400-11-1\"  class=\"panel-grid-cell\" ><div id=\"panel-12400-11-1-0\" class=\"so-panel widget widget_sow-image panel-first-child panel-last-child\" data-index=\"16\" ><div\n\t\t\t\n\t\t\tclass=\"so-widget-sow-image so-widget-sow-image-default-8b5b6f678277-12400\"\n\t\t\t\n\t\t>\r\n\r\n\r\n<div class=\"sow-image-container\">\r\n    \r\n    <img loading=\"lazy\" decoding=\"async\" src=\"https:\/\/abspace.yves-rocher.com\/fr\/wp-content\/uploads\/2022\/11\/Pieds.jpg\" width=\"1159\" height=\"652\" srcset=\"\" title=\"Soin des pieds Yves Rocher\"          class=\"so-widget-image\" \/>\r\n\r\n    \r\n    \r\n    <\/div>\r\n\r\n<\/div><\/div><\/div><\/div><div id=\"pg-12400-12\"  class=\"panel-grid panel-no-style\" ><div id=\"pgc-12400-12-0\"  class=\"panel-grid-cell\" ><div id=\"panel-12400-12-0-0\" class=\"so-panel widget panel-first-child panel-last-child\" data-index=\"17\" ><\/div><\/div><\/div><div id=\"pg-12400-13\"  class=\"panel-grid panel-no-style\" ><div id=\"pgc-12400-13-0\"  class=\"panel-grid-cell\" ><div id=\"panel-12400-13-0-0\" class=\"so-panel widget widget_sow-image panel-first-child panel-last-child\" data-index=\"18\" ><div\n\t\t\t\n\t\t\tclass=\"so-widget-sow-image so-widget-sow-image-default-8b5b6f678277-12400\"\n\t\t\t\n\t\t>\r\n\r\n\r\n<div class=\"sow-image-container\">\r\n    \r\n    <img loading=\"lazy\" decoding=\"async\" src=\"https:\/\/abspace.yves-rocher.com\/fr\/wp-content\/uploads\/2022\/11\/Mains.jpg\" width=\"1159\" height=\"652\" srcset=\"\" title=\"Soin des mains Yves Rocher\"          class=\"so-widget-image\" \/>\r\n\r\n    \r\n    \r\n    <\/div>\r\n\r\n<\/div><\/div><\/div><div id=\"pgc-12400-13-1\"  class=\"panel-grid-cell\" ><div id=\"panel-12400-13-1-0\" class=\"so-panel widget widget_sow-editor panel-first-child\" data-index=\"19\" ><div\n\t\t\t\n\t\t\tclass=\"so-widget-sow-editor so-widget-sow-editor-base\"\n\t\t\t\n\t\t>\n<div class=\"siteorigin-widget-tinymce textwidget\">\n\t<h3 class=\"ewa-rteLine\">Duo de soins pour de belles mains<\/h3>\n<div class=\"ewa-rteLine\">Terminez ce moment de d\u00e9tente par appliquer une <a href=\"https:\/\/www.yves-rocher.fr\/corps-et-douche\/soin-du-corps\/creme-mains\/c\/41500\">cr\u00e8me pour les mains<\/a>. Malmen\u00e9es par le froid de l\u2019hiver, il est important de leur apporter la nutrition et la protection dont elles ont besoin. Le<strong> Baume Mains R\u00e9parateur \u00e0 l\u2019arnica et karit\u00e9<\/strong> apportera confort et nutrition pour apaiser vos mains. Pour un soin tout au long de la journ\u00e9e, faites d\u2019une pierre deux coups avec la <strong>Cr\u00e8me Mains Nourrisante \u00e0 l\u2019arnica.<\/strong> Cette cr\u00e8me soin, sans parab\u00e8ne, apporte beaut\u00e9 et protection \u00e0 vos mains et vos ongles. Elle lisse votre peau pour sublimer son \u00e9clat.<\/div>\n<div class=\"ewa-rteLine\">\u00a0<\/div>\n<div class=\"ewa-rteLine\">\u00a0<\/div>\n<div class=\"ewa-rteLine\">\u00a0<\/div>\n<\/div>\n<\/div><\/div><div id=\"panel-12400-13-1-1\" class=\"so-panel widget panel-last-child\" data-index=\"20\" ><\/div><\/div><\/div><div id=\"pg-12400-14\"  class=\"panel-grid panel-no-style\" ><div id=\"pgc-12400-14-0\"  class=\"panel-grid-cell panel-grid-cell-empty\" ><\/div><\/div><div id=\"pg-12400-15\"  class=\"panel-grid panel-no-style\" ><div id=\"pgc-12400-15-0\"  class=\"panel-grid-cell\" ><div id=\"panel-12400-15-0-0\" class=\"so-panel widget panel-first-child panel-last-child\" data-index=\"21\" ><\/div><\/div><\/div><\/div>","protected":false},"excerpt":{"rendered":"<p>Faites une pause pour chouchouter votre corps de la t\u00eate aux pieds.<\/p>\n","protected":false},"author":974212,"featured_media":12401,"comment_status":"open","ping_status":"open","sticky":false,"template":"","format":"standard","meta":{"_acf_changed":false,"_exactmetrics_skip_tracking":false,"_exactmetrics_sitenote_active":false,"_exactmetrics_sitenote_note":"","_exactmetrics_sitenote_category":0,"footnotes":""},"categories":[564],"tags":[600,523,584],"class_list":["post-12400","post","type-post","status-publish","format-standard","has-post-thumbnail","hentry","category-uncategorized-fr","tag-bainetdouche","tag-conseilsbeaute-fr","tag-soincorps"],"acf":[],"yoast_head":"<!-- This site is optimized with the Yoast SEO plugin v24.7 - https:\/\/yoast.com\/wordpress\/plugins\/seo\/ -->\n<title>Les 10 essentiels cocooning de l\u2019hiver - Yves Rocher<\/title>\n<meta name=\"description\" content=\"Faites une pause pour chouchouter votre corps de la t\u00eate aux pieds.\" \/>\n<meta name=\"robots\" content=\"index, follow, max-snippet:-1, max-image-preview:large, max-video-preview:-1\" \/>\n<link rel=\"canonical\" href=\"https:\/\/abspace.yves-rocher.com\/fr\/fr\/les-10-essentiels-cocooning-de-lhiver\/\" \/>\n<meta property=\"og:locale\" content=\"fr_FR\" \/>\n<meta property=\"og:type\" content=\"article\" \/>\n<meta property=\"og:title\" content=\"Les 10 essentiels cocooning de l\u2019hiver - Yves Rocher\" \/>\n<meta property=\"og:description\" content=\"Faites une pause pour chouchouter votre corps de la t\u00eate aux pieds.\" \/>\n<meta property=\"og:url\" content=\"https:\/\/abspace.yves-rocher.com\/fr\/fr\/les-10-essentiels-cocooning-de-lhiver\/\" \/>\n<meta property=\"og:site_name\" content=\"France YR AB\" \/>\n<meta property=\"article:published_time\" content=\"2022-11-10T14:37:03+00:00\" \/>\n<meta property=\"article:modified_time\" content=\"2025-08-14T08:12:38+00:00\" \/>\n<meta property=\"og:image\" content=\"https:\/\/abspace.yves-rocher.com\/fr\/wp-content\/uploads\/2022\/11\/Winters-essentials-.jpg\" \/>\n\t<meta property=\"og:image:width\" content=\"750\" \/>\n\t<meta property=\"og:image:height\" content=\"776\" \/>\n\t<meta property=\"og:image:type\" content=\"image\/jpeg\" \/>\n<meta name=\"author\" content=\"camillejouannic\" \/>\n<meta name=\"twitter:card\" content=\"summary_large_image\" \/>\n<meta name=\"twitter:label1\" content=\"Written by\" \/>\n\t<meta name=\"twitter:data1\" content=\"camillejouannic\" \/>\n\t<meta name=\"twitter:label2\" content=\"Est. reading time\" \/>\n\t<meta name=\"twitter:data2\" content=\"5 minutes\" \/>\n<script type=\"application\/ld+json\" class=\"yoast-schema-graph\">{\"@context\":\"https:\/\/schema.org\",\"@graph\":[{\"@type\":\"WebPage\",\"@id\":\"https:\/\/abspace.yves-rocher.com\/fr\/fr\/les-10-essentiels-cocooning-de-lhiver\/\",\"url\":\"https:\/\/abspace.yves-rocher.com\/fr\/fr\/les-10-essentiels-cocooning-de-lhiver\/\",\"name\":\"Les 10 essentiels cocooning de l\u2019hiver - Yves Rocher\",\"isPartOf\":{\"@id\":\"https:\/\/abspace.yves-rocher.com\/fr\/#website\"},\"primaryImageOfPage\":{\"@id\":\"https:\/\/abspace.yves-rocher.com\/fr\/fr\/les-10-essentiels-cocooning-de-lhiver\/#primaryimage\"},\"image\":{\"@id\":\"https:\/\/abspace.yves-rocher.com\/fr\/fr\/les-10-essentiels-cocooning-de-lhiver\/#primaryimage\"},\"thumbnailUrl\":\"https:\/\/abspace.yves-rocher.com\/fr\/wp-content\/uploads\/2022\/11\/Winters-essentials-.jpg\",\"datePublished\":\"2022-11-10T14:37:03+00:00\",\"dateModified\":\"2025-08-14T08:12:38+00:00\",\"author\":{\"@id\":\"https:\/\/abspace.yves-rocher.com\/fr\/#\/schema\/person\/3cd438fbf5d85c941ec18a76492d87c2\"},\"description\":\"Faites une pause pour chouchouter votre corps de la t\u00eate aux pieds.\",\"breadcrumb\":{\"@id\":\"https:\/\/abspace.yves-rocher.com\/fr\/fr\/les-10-essentiels-cocooning-de-lhiver\/#breadcrumb\"},\"inLanguage\":\"fr-FR\",\"potentialAction\":[{\"@type\":\"ReadAction\",\"target\":[\"https:\/\/abspace.yves-rocher.com\/fr\/fr\/les-10-essentiels-cocooning-de-lhiver\/\"]}]},{\"@type\":\"ImageObject\",\"inLanguage\":\"fr-FR\",\"@id\":\"https:\/\/abspace.yves-rocher.com\/fr\/fr\/les-10-essentiels-cocooning-de-lhiver\/#primaryimage\",\"url\":\"https:\/\/abspace.yves-rocher.com\/fr\/wp-content\/uploads\/2022\/11\/Winters-essentials-.jpg\",\"contentUrl\":\"https:\/\/abspace.yves-rocher.com\/fr\/wp-content\/uploads\/2022\/11\/Winters-essentials-.jpg\",\"width\":750,\"height\":776,\"caption\":\"Produits soin cocooning Yves Rocher\"},{\"@type\":\"BreadcrumbList\",\"@id\":\"https:\/\/abspace.yves-rocher.com\/fr\/fr\/les-10-essentiels-cocooning-de-lhiver\/#breadcrumb\",\"itemListElement\":[{\"@type\":\"ListItem\",\"position\":1,\"name\":\"Home\",\"item\":\"https:\/\/abspace.yves-rocher.com\/fr\/fr\/\"},{\"@type\":\"ListItem\",\"position\":2,\"name\":\"Les 10 essentiels cocooning de l\u2019hiver\"}]},{\"@type\":\"WebSite\",\"@id\":\"https:\/\/abspace.yves-rocher.com\/fr\/#website\",\"url\":\"https:\/\/abspace.yves-rocher.com\/fr\/\",\"name\":\"France YR AB\",\"description\":\"France YR AB\",\"potentialAction\":[{\"@type\":\"SearchAction\",\"target\":{\"@type\":\"EntryPoint\",\"urlTemplate\":\"https:\/\/abspace.yves-rocher.com\/fr\/?s={search_term_string}\"},\"query-input\":{\"@type\":\"PropertyValueSpecification\",\"valueRequired\":true,\"valueName\":\"search_term_string\"}}],\"inLanguage\":\"fr-FR\"},{\"@type\":\"Person\",\"@id\":\"https:\/\/abspace.yves-rocher.com\/fr\/#\/schema\/person\/3cd438fbf5d85c941ec18a76492d87c2\",\"name\":\"camillejouannic\",\"image\":{\"@type\":\"ImageObject\",\"inLanguage\":\"fr-FR\",\"@id\":\"https:\/\/abspace.yves-rocher.com\/fr\/#\/schema\/person\/image\/\",\"url\":\"https:\/\/secure.gravatar.com\/avatar\/57b1d94aa890961f2940af4448c70937?s=96&d=mm&r=g\",\"contentUrl\":\"https:\/\/secure.gravatar.com\/avatar\/57b1d94aa890961f2940af4448c70937?s=96&d=mm&r=g\",\"caption\":\"camillejouannic\"},\"url\":\"https:\/\/abspace.yves-rocher.com\/fr\/fr\/author\/camillejouannic\/\"}]}<\/script>\n<!-- \/ Yoast SEO plugin. -->","yoast_head_json":{"title":"Les 10 essentiels cocooning de l\u2019hiver - Yves Rocher","description":"Faites une pause pour chouchouter votre corps de la t\u00eate aux pieds.","robots":{"index":"index","follow":"follow","max-snippet":"max-snippet:-1","max-image-preview":"max-image-preview:large","max-video-preview":"max-video-preview:-1"},"canonical":"https:\/\/abspace.yves-rocher.com\/fr\/fr\/les-10-essentiels-cocooning-de-lhiver\/","og_locale":"fr_FR","og_type":"article","og_title":"Les 10 essentiels cocooning de l\u2019hiver - Yves Rocher","og_description":"Faites une pause pour chouchouter votre corps de la t\u00eate aux pieds.","og_url":"https:\/\/abspace.yves-rocher.com\/fr\/fr\/les-10-essentiels-cocooning-de-lhiver\/","og_site_name":"France YR AB","article_published_time":"2022-11-10T14:37:03+00:00","article_modified_time":"2025-08-14T08:12:38+00:00","og_image":[{"width":750,"height":776,"url":"https:\/\/abspace.yves-rocher.com\/fr\/wp-content\/uploads\/2022\/11\/Winters-essentials-.jpg","type":"image\/jpeg"}],"author":"camillejouannic","twitter_card":"summary_large_image","twitter_misc":{"Written by":"camillejouannic","Est. reading time":"5 minutes"},"schema":{"@context":"https:\/\/schema.org","@graph":[{"@type":"WebPage","@id":"https:\/\/abspace.yves-rocher.com\/fr\/fr\/les-10-essentiels-cocooning-de-lhiver\/","url":"https:\/\/abspace.yves-rocher.com\/fr\/fr\/les-10-essentiels-cocooning-de-lhiver\/","name":"Les 10 essentiels cocooning de l\u2019hiver - Yves Rocher","isPartOf":{"@id":"https:\/\/abspace.yves-rocher.com\/fr\/#website"},"primaryImageOfPage":{"@id":"https:\/\/abspace.yves-rocher.com\/fr\/fr\/les-10-essentiels-cocooning-de-lhiver\/#primaryimage"},"image":{"@id":"https:\/\/abspace.yves-rocher.com\/fr\/fr\/les-10-essentiels-cocooning-de-lhiver\/#primaryimage"},"thumbnailUrl":"https:\/\/abspace.yves-rocher.com\/fr\/wp-content\/uploads\/2022\/11\/Winters-essentials-.jpg","datePublished":"2022-11-10T14:37:03+00:00","dateModified":"2025-08-14T08:12:38+00:00","author":{"@id":"https:\/\/abspace.yves-rocher.com\/fr\/#\/schema\/person\/3cd438fbf5d85c941ec18a76492d87c2"},"description":"Faites une pause pour chouchouter votre corps de la t\u00eate aux pieds.","breadcrumb":{"@id":"https:\/\/abspace.yves-rocher.com\/fr\/fr\/les-10-essentiels-cocooning-de-lhiver\/#breadcrumb"},"inLanguage":"fr-FR","potentialAction":[{"@type":"ReadAction","target":["https:\/\/abspace.yves-rocher.com\/fr\/fr\/les-10-essentiels-cocooning-de-lhiver\/"]}]},{"@type":"ImageObject","inLanguage":"fr-FR","@id":"https:\/\/abspace.yves-rocher.com\/fr\/fr\/les-10-essentiels-cocooning-de-lhiver\/#primaryimage","url":"https:\/\/abspace.yves-rocher.com\/fr\/wp-content\/uploads\/2022\/11\/Winters-essentials-.jpg","contentUrl":"https:\/\/abspace.yves-rocher.com\/fr\/wp-content\/uploads\/2022\/11\/Winters-essentials-.jpg","width":750,"height":776,"caption":"Produits soin cocooning Yves Rocher"},{"@type":"BreadcrumbList","@id":"https:\/\/abspace.yves-rocher.com\/fr\/fr\/les-10-essentiels-cocooning-de-lhiver\/#breadcrumb","itemListElement":[{"@type":"ListItem","position":1,"name":"Home","item":"https:\/\/abspace.yves-rocher.com\/fr\/fr\/"},{"@type":"ListItem","position":2,"name":"Les 10 essentiels cocooning de l\u2019hiver"}]},{"@type":"WebSite","@id":"https:\/\/abspace.yves-rocher.com\/fr\/#website","url":"https:\/\/abspace.yves-rocher.com\/fr\/","name":"France YR AB","description":"France YR AB","potentialAction":[{"@type":"SearchAction","target":{"@type":"EntryPoint","urlTemplate":"https:\/\/abspace.yves-rocher.com\/fr\/?s={search_term_string}"},"query-input":{"@type":"PropertyValueSpecification","valueRequired":true,"valueName":"search_term_string"}}],"inLanguage":"fr-FR"},{"@type":"Person","@id":"https:\/\/abspace.yves-rocher.com\/fr\/#\/schema\/person\/3cd438fbf5d85c941ec18a76492d87c2","name":"camillejouannic","image":{"@type":"ImageObject","inLanguage":"fr-FR","@id":"https:\/\/abspace.yves-rocher.com\/fr\/#\/schema\/person\/image\/","url":"https:\/\/secure.gravatar.com\/avatar\/57b1d94aa890961f2940af4448c70937?s=96&d=mm&r=g","contentUrl":"https:\/\/secure.gravatar.com\/avatar\/57b1d94aa890961f2940af4448c70937?s=96&d=mm&r=g","caption":"camillejouannic"},"url":"https:\/\/abspace.yves-rocher.com\/fr\/fr\/author\/camillejouannic\/"}]}},"_links":{"self":[{"href":"https:\/\/abspace.yves-rocher.com\/fr\/ws\/wp\/v2\/posts\/12400","targetHints":{"allow":["GET"]}}],"collection":[{"href":"https:\/\/abspace.yves-rocher.com\/fr\/ws\/wp\/v2\/posts"}],"about":[{"href":"https:\/\/abspace.yves-rocher.com\/fr\/ws\/wp\/v2\/types\/post"}],"author":[{"embeddable":true,"href":"https:\/\/abspace.yves-rocher.com\/fr\/ws\/wp\/v2\/users\/974212"}],"replies":[{"embeddable":true,"href":"https:\/\/abspace.yves-rocher.com\/fr\/ws\/wp\/v2\/comments?post=12400"}],"version-history":[{"count":7,"href":"https:\/\/abspace.yves-rocher.com\/fr\/ws\/wp\/v2\/posts\/12400\/revisions"}],"predecessor-version":[{"id":14886,"href":"https:\/\/abspace.yves-rocher.com\/fr\/ws\/wp\/v2\/posts\/12400\/revisions\/14886"}],"wp:featuredmedia":[{"embeddable":true,"href":"https:\/\/abspace.yves-rocher.com\/fr\/ws\/wp\/v2\/media\/12401"}],"wp:attachment":[{"href":"https:\/\/abspace.yves-rocher.com\/fr\/ws\/wp\/v2\/media?parent=12400"}],"wp:term":[{"taxonomy":"category","embeddable":true,"href":"https:\/\/abspace.yves-rocher.com\/fr\/ws\/wp\/v2\/categories?post=12400"},{"taxonomy":"post_tag","embeddable":true,"href":"https:\/\/abspace.yves-rocher.com\/fr\/ws\/wp\/v2\/tags?post=12400"}],"curies":[{"name":"wp","href":"https:\/\/api.w.org\/{rel}","templated":true}]}}