{"id":12946,"date":"2023-04-19T10:41:00","date_gmt":"2023-04-19T09:11:00","guid":{"rendered":"https:\/\/abspace.yves-rocher.com\/fr\/?p=12946"},"modified":"2025-08-12T09:30:07","modified_gmt":"2025-08-12T08:00:07","slug":"nos-astuces-pour-bien-appliquer-sa-creme-hydratante","status":"publish","type":"post","link":"https:\/\/abspace.yves-rocher.com\/fr\/fr\/nos-astuces-pour-bien-appliquer-sa-creme-hydratante\/","title":{"rendered":"Nos astuces pour bien appliquer sa cr\u00e8me hydratante"},"content":{"rendered":"<div id=\"pl-12946\"  class=\"panel-layout\" ><div id=\"pg-12946-0\"  class=\"panel-grid panel-no-style\" ><div id=\"pgc-12946-0-0\"  class=\"panel-grid-cell\" ><div id=\"panel-12946-0-0-0\" class=\"so-panel widget widget_sow-editor panel-first-child panel-last-child\" data-index=\"0\" ><div\n\t\t\t\n\t\t\tclass=\"so-widget-sow-editor so-widget-sow-editor-base\"\n\t\t\t\n\t\t>\n<div class=\"siteorigin-widget-tinymce textwidget\">\n\t<p data-ccp-props=\"{&quot;335551550&quot;:6,&quot;335551620&quot;:6,&quot;335559683&quot;:0,&quot;335559685&quot;:0,&quot;335559731&quot;:0,&quot;335559737&quot;:0,&quot;335562764&quot;:2,&quot;335562765&quot;:1,&quot;335562766&quot;:4,&quot;335562767&quot;:0,&quot;335562768&quot;:4,&quot;335562769&quot;:0}\"><span data-scheme-color=\"@000000,1,\" data-usefontface=\"true\" data-contrast=\"none\">Boire de l\u2019eau,\u00a0<\/span><b><span data-scheme-color=\"@000000,1,\" data-usefontface=\"true\" data-contrast=\"none\">appliquer sa cr\u00e8me hydratante\u00a0<\/span><\/b><span data-scheme-color=\"@000000,1,\" data-usefontface=\"true\" data-contrast=\"none\">au\u00a0<\/span><span data-scheme-color=\"@000000,1,\" data-usefontface=\"true\" data-contrast=\"none\">quotidien, sont les 2 excellents r\u00e9flexes que vous\u00a0<\/span><span data-scheme-color=\"@000000,1,\" data-usefontface=\"true\" data-contrast=\"none\">avez adopt\u00e9s&#8239;? C\u2019est tr\u00e8s bien. <\/span>\u200b<\/p>\n<p data-ccp-props=\"{&quot;335551550&quot;:6,&quot;335551620&quot;:6,&quot;335559683&quot;:0,&quot;335559685&quot;:0,&quot;335559731&quot;:0,&quot;335559737&quot;:0,&quot;335562764&quot;:2,&quot;335562765&quot;:1,&quot;335562766&quot;:4,&quot;335562767&quot;:0,&quot;335562768&quot;:4,&quot;335562769&quot;:0}\">\u200b<span data-usefontface=\"true\" data-contrast=\"none\">Vous avez des doutes quant \u00e0 la mani\u00e8re de\u00a0<\/span><span data-usefontface=\"true\" data-contrast=\"none\">correctement hydrater votre peau&#8239;? Vous voulez <\/span><span data-usefontface=\"true\" data-contrast=\"none\">savoir comment maximiser les effets de votre cr\u00e8me\u00a0<\/span><span data-usefontface=\"true\" data-contrast=\"none\">hydratante&#8239;? Vous \u00eates au bon endroit. <\/span>\u200b<\/p>\n<p data-ccp-props=\"{&quot;335551550&quot;:6,&quot;335551620&quot;:6,&quot;335559683&quot;:0,&quot;335559685&quot;:0,&quot;335559731&quot;:0,&quot;335559737&quot;:0,&quot;335562764&quot;:2,&quot;335562765&quot;:1,&quot;335562766&quot;:4,&quot;335562767&quot;:0,&quot;335562768&quot;:4,&quot;335562769&quot;:0}\">\u200b<span data-usefontface=\"true\" data-contrast=\"none\">Nettoyer votre peau, choisir un soin adapt\u00e9, r\u00e9aliser\u00a0<\/span><span data-usefontface=\"true\" data-contrast=\"none\">les bons mouvements&#8239;: d\u00e9couvrez l\u2019art et la texture\u00a0 <\/span><span data-usefontface=\"true\" data-contrast=\"none\">de bien\u00a0<\/span><b><span data-usefontface=\"true\" data-contrast=\"none\">appliquer votre cr\u00e8me hydratante<\/span><\/b><span data-usefontface=\"true\" data-contrast=\"none\">.<\/span>\u200b<\/p>\n<\/div>\n<\/div><\/div><\/div><div id=\"pgc-12946-0-1\"  class=\"panel-grid-cell\" ><div id=\"panel-12946-0-1-0\" class=\"so-panel widget widget_sow-image panel-first-child panel-last-child\" data-index=\"1\" ><div\n\t\t\t\n\t\t\tclass=\"so-widget-sow-image so-widget-sow-image-default-8b5b6f678277-12946\"\n\t\t\t\n\t\t>\r\n\r\n\r\n<div class=\"sow-image-container\">\r\n    \r\n    <img loading=\"lazy\" decoding=\"async\" src=\"https:\/\/abspace.yves-rocher.com\/fr\/wp-content\/uploads\/2023\/03\/SV_01.jpg\" width=\"640\" height=\"400\" srcset=\"\"          class=\"so-widget-image\" \/>\r\n\r\n    \r\n    \r\n    <\/div>\r\n\r\n<\/div><\/div><\/div><\/div><div id=\"pg-12946-1\"  class=\"panel-grid panel-no-style\" ><div id=\"pgc-12946-1-0\"  class=\"panel-grid-cell\" ><div id=\"panel-12946-1-0-0\" class=\"so-panel widget widget_sow-image panel-first-child panel-last-child\" data-index=\"2\" ><div\n\t\t\t\n\t\t\tclass=\"so-widget-sow-image so-widget-sow-image-default-8b5b6f678277-12946\"\n\t\t\t\n\t\t>\r\n\r\n\r\n<div class=\"sow-image-container\">\r\n    \r\n    <img loading=\"lazy\" decoding=\"async\" src=\"https:\/\/abspace.yves-rocher.com\/fr\/wp-content\/uploads\/2023\/03\/SV_02.jpg\" width=\"640\" height=\"400\" srcset=\"\"          class=\"so-widget-image\" \/>\r\n\r\n    \r\n    \r\n    <\/div>\r\n\r\n<\/div><\/div><\/div><div id=\"pgc-12946-1-1\"  class=\"panel-grid-cell\" ><div id=\"panel-12946-1-1-0\" class=\"so-panel widget widget_sow-editor panel-first-child panel-last-child\" data-index=\"3\" ><div\n\t\t\t\n\t\t\tclass=\"so-widget-sow-editor so-widget-sow-editor-base\"\n\t\t\t\n\t\t>\n<div class=\"siteorigin-widget-tinymce textwidget\">\n\t<h2 style=\"text-align: left\" data-ccp-props=\"{&quot;335551550&quot;:1,&quot;335551620&quot;:1,&quot;335559683&quot;:0,&quot;335559685&quot;:0,&quot;335559731&quot;:0,&quot;335559737&quot;:0,&quot;335562764&quot;:2,&quot;335562765&quot;:1,&quot;335562766&quot;:4,&quot;335562767&quot;:0,&quot;335562768&quot;:4,&quot;335562769&quot;:0}\"><span data-usefontface=\"true\" data-contrast=\"none\">Avant toute chose, le nettoyage<\/span>\u200b<\/h2>\n<p data-ccp-props=\"{&quot;335551550&quot;:1,&quot;335551620&quot;:1,&quot;335559683&quot;:0,&quot;335559685&quot;:0,&quot;335559731&quot;:0,&quot;335559737&quot;:0,&quot;335562764&quot;:2,&quot;335562765&quot;:1,&quot;335562766&quot;:4,&quot;335562767&quot;:0,&quot;335562768&quot;:4,&quot;335562769&quot;:0}\">\u200b<span data-scheme-color=\"@000000,1,\" data-usefontface=\"true\" data-contrast=\"none\">Avant d\u2019<\/span><b><span data-scheme-color=\"@000000,1,\" data-usefontface=\"true\" data-contrast=\"none\">appliquer votre cr\u00e8me hydratante<\/span><\/b><span data-scheme-color=\"@000000,1,\" data-usefontface=\"true\" data-contrast=\"none\">, l\u2019\u00e9tape\u00a0<\/span><span data-scheme-color=\"@000000,1,\" data-usefontface=\"true\" data-contrast=\"none\">pr\u00e9alable indispensable est de nettoyer votre\u00a0<\/span><span data-scheme-color=\"@000000,1,\" data-usefontface=\"true\" data-contrast=\"none\">visage.\u00a0<\/span>\u200b<\/p>\n<p data-ccp-props=\"{&quot;335551550&quot;:6,&quot;335551620&quot;:6,&quot;335559683&quot;:0,&quot;335559685&quot;:0,&quot;335559731&quot;:0,&quot;335559737&quot;:0,&quot;335562764&quot;:2,&quot;335562765&quot;:1,&quot;335562766&quot;:4,&quot;335562767&quot;:0,&quot;335562768&quot;:4,&quot;335562769&quot;:0}\"><span data-scheme-color=\"@000000,1,\" data-usefontface=\"true\" data-contrast=\"none\">Appliqu\u00e9e sur une peau non nettoy\u00e9e, la cr\u00e8me\u00a0<\/span><span data-scheme-color=\"@000000,1,\" data-usefontface=\"true\" data-contrast=\"none\">hydratante emprisonne impuret\u00e9s et r\u00e9sidus de\u00a0<\/span><span data-scheme-color=\"@000000,1,\" data-usefontface=\"true\" data-contrast=\"none\">maquillage sous la peau. Bonjour les imperfections! <\/span>\u200b<\/p>\n<p data-ccp-props=\"{&quot;335551550&quot;:6,&quot;335551620&quot;:6,&quot;335559683&quot;:0,&quot;335559685&quot;:0,&quot;335559731&quot;:0,&quot;335559737&quot;:0,&quot;335562764&quot;:2,&quot;335562765&quot;:1,&quot;335562766&quot;:4,&quot;335562767&quot;:0,&quot;335562768&quot;:4,&quot;335562769&quot;:0}\">\u200b<span data-scheme-color=\"@000000,1,\" data-usefontface=\"true\" data-contrast=\"none\">Une peau propre est une peau bien dispos\u00e9e \u00e0\u00a0<\/span><span data-scheme-color=\"@000000,1,\" data-usefontface=\"true\" data-contrast=\"none\">absorber les soins que vous lui donnez :\u00a0<\/span><a href=\"https:\/\/www.yves-rocher.fr\/soin-visage\/nettoyant-et-demaquillant\/lotion\/c\/16150\"><span data-scheme-color=\"@92D050,,\" data-usefontface=\"true\" data-contrast=\"none\">lotion<\/span><\/a><span data-scheme-color=\"@000000,1,\" data-usefontface=\"true\" data-contrast=\"none\">,\u00a0<\/span><a href=\"https:\/\/www.yves-rocher.fr\/soin-visage\/type-de-soin\/contour-des-yeux\/c\/11600\"><span data-scheme-color=\"@92D050,,\" data-usefontface=\"true\" data-contrast=\"none\">contour des yeux<\/span><\/a><span data-scheme-color=\"@000000,1,\" data-usefontface=\"true\" data-contrast=\"none\">,\u00a0<\/span><a href=\"https:\/\/www.yves-rocher.fr\/soin-visage\/type-de-soin\/serum\/c\/11500\"><span data-scheme-color=\"@92D050,,\" data-usefontface=\"true\" data-contrast=\"none\">s\u00e9rum<\/span><\/a><span data-scheme-color=\"@92D050,,\" data-usefontface=\"true\" data-contrast=\"none\">,\u00a0<\/span><a href=\"https:\/\/www.yves-rocher.fr\/soin-visage\/type-de-soin\/creme-de-jour\/c\/11300\"><span data-scheme-color=\"@92D050,,\" data-usefontface=\"true\" data-contrast=\"none\">cr\u00e8me hydratante<\/span><\/a><span data-scheme-color=\"@000000,1,\" data-usefontface=\"true\" data-contrast=\"none\">. Et des\u00a0<\/span><span data-scheme-color=\"@000000,1,\" data-usefontface=\"true\" data-contrast=\"none\">soins bien absorb\u00e9s, ce sont des soins plus efficaces.\u00a0<\/span><span data-scheme-color=\"@000000,1,\" data-usefontface=\"true\" data-contrast=\"none\">CQFD.\u00a0<\/span>\u200b<\/p>\n<p data-ccp-props=\"{&quot;335551550&quot;:6,&quot;335551620&quot;:6,&quot;335559683&quot;:0,&quot;335559685&quot;:0,&quot;335559731&quot;:0,&quot;335559737&quot;:0,&quot;335562764&quot;:2,&quot;335562765&quot;:1,&quot;335562766&quot;:4,&quot;335562767&quot;:0,&quot;335562768&quot;:4,&quot;335562769&quot;:0}\"><span data-scheme-color=\"@000000,1,\" data-usefontface=\"true\" data-contrast=\"none\">Au r\u00e9veil, un nettoyage l\u00e9ger suffit, avec un\u00a0<\/span><a href=\"https:\/\/www.yves-rocher.fr\/soin-visage\/nettoyant-et-demaquillant\/gel-nettoyant-et-mousse\/c\/16300?q=:relevance:brand:AL:brand:PL\"><span data-scheme-color=\"@92D050,,\" data-usefontface=\"true\" data-contrast=\"none\">nettoyant doux<\/span><\/a><a href=\"https:\/\/www.yves-rocher.fr\/soin-visage\/nettoyant-et-demaquillant\/gel-nettoyant-et-mousse\/c\/16300?q=:relevance:brand:AL:brand:PL\"><span data-scheme-color=\"@92D050,,\" data-usefontface=\"true\" data-contrast=\"none\">\u00a0ou une\u00a0<\/span><\/a><a href=\"https:\/\/www.yves-rocher.fr\/soin-visage\/nettoyant-et-demaquillant\/gel-nettoyant-et-mousse\/c\/16300\"><span data-scheme-color=\"@92D050,,\" data-usefontface=\"true\" data-contrast=\"none\">gel\u00e9e nettoyante<\/span><\/a><span data-scheme-color=\"@000000,1,\" data-usefontface=\"true\" data-contrast=\"none\">. Pour une\u00a0<\/span><span data-scheme-color=\"@000000,1,\" data-usefontface=\"true\" data-contrast=\"none\">sensation aussi fra\u00eeche et vivifiante que la ros\u00e9e du\u00a0<\/span><span data-scheme-color=\"@000000,1,\" data-usefontface=\"true\" data-contrast=\"none\">matin, sans quitter votre salle de bains, vaporisez\u00a0<\/span><span data-scheme-color=\"@000000,1,\" data-usefontface=\"true\" data-contrast=\"none\">une eau florale aux notes d\u00e9licates de camomille ou\u00a0<\/span><span data-scheme-color=\"@000000,1,\" data-usefontface=\"true\" data-contrast=\"none\">de bleuet.\u00a0<\/span>\u200b<\/p>\n<\/div>\n<\/div><\/div><\/div><\/div><div id=\"pg-12946-2\"  class=\"panel-grid panel-no-style\" ><div id=\"pgc-12946-2-0\"  class=\"panel-grid-cell\" ><div id=\"panel-12946-2-0-0\" class=\"so-panel widget widget_sow-editor panel-first-child\" data-index=\"4\" ><div\n\t\t\t\n\t\t\tclass=\"so-widget-sow-editor so-widget-sow-editor-base\"\n\t\t\t\n\t\t>\n<div class=\"siteorigin-widget-tinymce textwidget\">\n\t<p data-ccp-props=\"{&quot;335551550&quot;:6,&quot;335551620&quot;:6,&quot;335559683&quot;:0,&quot;335559685&quot;:0,&quot;335559731&quot;:0,&quot;335559737&quot;:0,&quot;335562764&quot;:2,&quot;335562765&quot;:1,&quot;335562766&quot;:4,&quot;335562767&quot;:0,&quot;335562768&quot;:4,&quot;335562769&quot;:0}\"><span data-usefontface=\"true\" data-contrast=\"none\">Le soir, place au nettoyage en 2 phases pour venir \u00e0 bout des r\u00e9sidus de pollution, de sueur et d\u2019exc\u00e8s de\u00a0<\/span><span data-usefontface=\"true\" data-contrast=\"none\">s\u00e9bum. D\u2019abord, d\u00e9maquillez votre visage avec une texture lipophile, huile ou baume. Prenez le temps de bien\u00a0<\/span><span data-usefontface=\"true\" data-contrast=\"none\">appliquer le produit du bout des doigts en massant votre visage, afin de dissoudre un maximum d\u2019impuret\u00e9s.\u00a0<\/span><span data-usefontface=\"true\" data-contrast=\"none\">Nettoyez ensuite votre peau avec une texture hydrophile, gel ou mousse, puis rincez simplement \u00e0 l\u2019eau.\u00a0<\/span>\u200b<\/p>\n<p data-ccp-props=\"{&quot;335551550&quot;:6,&quot;335551620&quot;:6,&quot;335559683&quot;:0,&quot;335559685&quot;:0,&quot;335559731&quot;:0,&quot;335559737&quot;:0,&quot;335562764&quot;:2,&quot;335562765&quot;:1,&quot;335562766&quot;:4,&quot;335562767&quot;:0,&quot;335562768&quot;:4,&quot;335562769&quot;:0}\"><span data-usefontface=\"true\" data-contrast=\"none\">Ce double nettoyage est triplement b\u00e9n\u00e9fique: votre peau est nettoy\u00e9e en profondeur, en douceur et sans <\/span><span data-usefontface=\"true\" data-contrast=\"none\">utiliser de cotons.\u00a0<\/span>\u200b<\/p>\n<\/div>\n<\/div><\/div><div id=\"panel-12946-2-0-1\" class=\"so-panel widget panel-last-child\" data-index=\"5\" ><\/div><\/div><\/div><div id=\"pg-12946-3\"  class=\"panel-grid panel-no-style\" ><div id=\"pgc-12946-3-0\"  class=\"panel-grid-cell\" ><div id=\"panel-12946-3-0-0\" class=\"so-panel widget widget_sow-editor panel-first-child panel-last-child\" data-index=\"6\" ><div\n\t\t\t\n\t\t\tclass=\"so-widget-sow-editor so-widget-sow-editor-base\"\n\t\t\t\n\t\t>\n<div class=\"siteorigin-widget-tinymce textwidget\">\n\t<h2 style=\"text-align: left\" data-ccp-props=\"{&quot;335551550&quot;:1,&quot;335551620&quot;:1,&quot;335559683&quot;:0,&quot;335559685&quot;:0,&quot;335559731&quot;:0,&quot;335559737&quot;:0,&quot;335562764&quot;:2,&quot;335562765&quot;:1,&quot;335562766&quot;:4,&quot;335562767&quot;:0,&quot;335562768&quot;:4,&quot;335562769&quot;:0}\"><span class=\"TextRun BCX8 SCXP234303851\" lang=\"FR-FR\" xml:lang=\"FR-FR\" data-usefontface=\"true\" data-contrast=\"none\"><span class=\"NormalTextRun BCX8 SCXP234303851\">Comment l\u2019appliquer\u202f? La cr\u00e8me de la cr\u00e8me des tutos !<\/span><\/span><span class=\"EOP BCX8 SCXP234303851\">\u200b<\/span>\u200b<\/h2>\n<p data-ccp-props=\"{&quot;335551550&quot;:1,&quot;335551620&quot;:1,&quot;335559683&quot;:0,&quot;335559685&quot;:0,&quot;335559731&quot;:0,&quot;335559737&quot;:0,&quot;335562764&quot;:2,&quot;335562765&quot;:1,&quot;335562766&quot;:4,&quot;335562767&quot;:0,&quot;335562768&quot;:4,&quot;335562769&quot;:0}\">\u200b<span data-scheme-color=\"@000000,1,\" data-usefontface=\"true\" data-contrast=\"none\">Une fois votre peau nettoy\u00e9e, place \u00e0 l\u2019hydratation.\u00a0<\/span>\u200b<\/p>\n<p data-ccp-props=\"{&quot;335551550&quot;:6,&quot;335551620&quot;:6,&quot;335559683&quot;:0,&quot;335559685&quot;:0,&quot;335559731&quot;:0,&quot;335559737&quot;:0,&quot;335562764&quot;:2,&quot;335562765&quot;:1,&quot;335562766&quot;:4,&quot;335562767&quot;:0,&quot;335562768&quot;:4,&quot;335562769&quot;:0}\"><span data-scheme-color=\"@000000,1,\" data-usefontface=\"true\" data-contrast=\"none\">Pour appliquer votre hydratant de fa\u00e7on efficace, suivez\u00a0<\/span><span data-scheme-color=\"@000000,1,\" data-usefontface=\"true\" data-contrast=\"none\">ces \u00e9tapes.<\/span>\u200b<\/p>\n<ol>\n<li data-charcodes=\"65533,0,46\" data-buautonum=\"8\" data-margin=\"360\" data-aria-posinset=\"1\" data-aria-level=\"1\"><span data-scheme-color=\"@000000,1,\" data-usefontface=\"true\" data-contrast=\"none\">Si vous utilisez un s\u00e9rum adapt\u00e9 \u00e0 votre type de\u00a0<\/span><span data-scheme-color=\"@000000,1,\" data-usefontface=\"true\" data-contrast=\"none\">peau, appliquez-le avant le soin hydratant. L\u2019astuce\u00a0<\/span><span data-scheme-color=\"@000000,1,\" data-usefontface=\"true\" data-contrast=\"none\">infaillible pour conna\u00eetre l\u2019ordre d\u2019application des\u00a0<\/span><span data-scheme-color=\"@000000,1,\" data-usefontface=\"true\" data-contrast=\"none\">soins non rinc\u00e9s, la voici: commencer par la texture <\/span><span data-scheme-color=\"@000000,1,\" data-usefontface=\"true\" data-contrast=\"none\">la plus l\u00e9g\u00e8re pour finir par la plus riche. Donc: <\/span><span data-scheme-color=\"@000000,1,\" data-usefontface=\"true\" data-contrast=\"none\">lotion, s\u00e9rum, cr\u00e8me hydratante.\u00a0\u00a0<\/span>\u200b<\/li>\n<li data-charcodes=\"65533,0,46\" data-buautonum=\"8\" data-margin=\"360\" data-aria-posinset=\"2\" data-aria-level=\"1\">\u200b<span data-scheme-color=\"@000000,1,\" data-usefontface=\"true\" data-contrast=\"none\">Pr\u00e9levez ensuite une noisette de cr\u00e8me hydratante,\u00a0<\/span><span data-scheme-color=\"@000000,1,\" data-usefontface=\"true\" data-contrast=\"none\">l\u2019\u00e9quivalent de la pulpe du doigt. Chauffez-la\u00a0<\/span><span data-scheme-color=\"@000000,1,\" data-usefontface=\"true\" data-contrast=\"none\">d\u00e9licatement pour l\u2019amener \u00e0 la temp\u00e9rature du\u00a0<\/span><span data-scheme-color=\"@000000,1,\" data-usefontface=\"true\" data-contrast=\"none\">corps et am\u00e9liorer ainsi sa p\u00e9n\u00e9tration.\u00a0<\/span>\u200b<\/li>\n<\/ol>\n<\/div>\n<\/div><\/div><\/div><div id=\"pgc-12946-3-1\"  class=\"panel-grid-cell\" ><div id=\"panel-12946-3-1-0\" class=\"so-panel widget widget_sow-image panel-first-child panel-last-child\" data-index=\"7\" ><div\n\t\t\t\n\t\t\tclass=\"so-widget-sow-image so-widget-sow-image-default-8b5b6f678277-12946\"\n\t\t\t\n\t\t>\r\n\r\n\r\n<div class=\"sow-image-container\">\r\n    \r\n    <img loading=\"lazy\" decoding=\"async\" src=\"https:\/\/abspace.yves-rocher.com\/fr\/wp-content\/uploads\/2023\/03\/SV_03.jpg\" width=\"640\" height=\"400\" srcset=\"\"          class=\"so-widget-image\" \/>\r\n\r\n    \r\n    \r\n    <\/div>\r\n\r\n<\/div><\/div><\/div><\/div><div id=\"pg-12946-4\"  class=\"panel-grid panel-no-style\" ><div id=\"pgc-12946-4-0\"  class=\"panel-grid-cell\" ><div id=\"panel-12946-4-0-0\" class=\"so-panel widget widget_sow-editor panel-first-child\" data-index=\"8\" ><div\n\t\t\t\n\t\t\tclass=\"so-widget-sow-editor so-widget-sow-editor-base\"\n\t\t\t\n\t\t>\n<div class=\"siteorigin-widget-tinymce textwidget\">\n\t<ol start=\"3\"><li><span data-scheme-color=\"@000000,1,\" data-usefontface=\"true\" data-contrast=\"none\">Appliquez votre cr\u00e8me sur le centre du visage, en commen\u00e7ant par les joues, zones souvent plus s\u00e8ches.\u00a0<\/span><span data-scheme-color=\"@000000,1,\" data-usefontface=\"true\" data-contrast=\"none\">\u00c9tirez la mati\u00e8re, toujours de l\u2019int\u00e9rieur vers l\u2019ext\u00e9rieur \u2013 pas plus de 2 ou 3 passages de la main.\u00a0<\/span>\u200b<\/li><li>\u200b<span data-scheme-color=\"@000000,1,\" data-usefontface=\"true\" data-contrast=\"none\">Massez les tempes en r\u00e9alisant des mouvements circulaires qui favorisent la circulation sanguine et\u00a0<\/span><span data-scheme-color=\"@000000,1,\" data-usefontface=\"true\" data-contrast=\"none\">am\u00e9liorent la tonicit\u00e9 de la peau. \u00c9vitez au maximum le contour des yeux, plus sensible, qui n\u00e9cessite des\u00a0<\/span><span data-scheme-color=\"@000000,1,\" data-usefontface=\"true\" data-contrast=\"none\">soins adapt\u00e9s. Selon vos besoins, vous pouvez choisir le\u00a0<\/span><a href=\"https:\/\/www.yves-rocher.fr\/soin-visage\/type-de-soin\/contour-des-yeux\/gel-frais-defatigant-hydratant\/p\/00284\"><span data-scheme-color=\"@000000,1,\" data-usefontface=\"true\" data-contrast=\"none\">Gel Frais D\u00e9fatigant Hydratant<\/span><\/a><span data-scheme-color=\"@000000,1,\" data-usefontface=\"true\" data-contrast=\"none\"> ou le<\/span><a href=\"https:\/\/www.yves-rocher.fr\/soin-visage\/type-de-soin\/contour-des-yeux\/soin-anti-rides-repulpant-regard\/p\/08534\"><span data-scheme-color=\"@000000,1,\" data-usefontface=\"true\" data-contrast=\"none\">\u00a0<\/span><\/a><a href=\"https:\/\/www.yves-rocher.fr\/soin-visage\/type-de-soin\/contour-des-yeux\/soin-anti-rides-repulpant-regard\/p\/08534\"><span data-scheme-color=\"@000000,1,\" data-usefontface=\"true\" data-contrast=\"none\">Soin Regard Anti-<\/span><\/a><a href=\"https:\/\/www.yves-rocher.fr\/soin-visage\/type-de-soin\/contour-des-yeux\/soin-regard-anti-rides-anti-poches\/p\/52003\"><span data-scheme-color=\"@000000,1,\" data-usefontface=\"true\" data-contrast=\"none\">Rides Anti-Poches<\/span><\/a><span data-scheme-color=\"@000000,1,\" data-usefontface=\"true\" data-contrast=\"none\">.<\/span>\u200b<\/li><li>Pour terminer, concentrez-vous sur la zone T, front, nez, menton. Ici encore, il faut travailler la cr\u00e8me de l\u2019int\u00e9rieur vers l\u2019ext\u00e9rieur et de mani\u00e8re horizontale.<\/li><li>Vous pensiez avoir termin\u00e9 ? Prenez encore quelques secondes pour d\u00e9poser une petite quantit\u00e9 de cr\u00e8me sur le cou et le d\u00e9collet\u00e9. Le <a href=\"https:\/\/www.yves-rocher.fr\/soin-visage\/type-de-soin\/creme-de-jour\/grand-soin-anti-rides-intense\/p\/45846\">Grand Soin Anti-Rides Intense<\/a> stimule la production naturelle d\u2019acide hyaluronique et pr\u00e9vient la perte d\u2019\u00e9lasticit\u00e9 de la peau.<\/li><li>En toutes saisons, il est important de prot\u00e9ger votre peau avec une <a href=\"https:\/\/www.yves-rocher.fr\/corps-et-douche\/soin-solaire\/protection-solaire\/c\/44100\">cr\u00e8me solaire<\/a>. Elle emp\u00eache les rayons UVA et UVB de p\u00e9n\u00e9trer la peau et d'en acc\u00e9l\u00e9rer le vieillissement.<\/li><\/ol><\/div>\n<\/div><\/div><div id=\"panel-12946-4-0-1\" class=\"so-panel widget\" data-index=\"9\" ><\/div><div id=\"panel-12946-4-0-2\" class=\"so-panel widget widget_sow-editor panel-last-child\" data-index=\"10\" ><div\n\t\t\t\n\t\t\tclass=\"so-widget-sow-editor so-widget-sow-editor-base\"\n\t\t\t\n\t\t>\n<div class=\"siteorigin-widget-tinymce textwidget\">\n\t<p data-ccp-props=\"{&quot;335551550&quot;:1,&quot;335551620&quot;:1,&quot;335559683&quot;:0,&quot;335559685&quot;:0,&quot;335559731&quot;:0,&quot;335559737&quot;:0,&quot;335562764&quot;:2,&quot;335562765&quot;:1,&quot;335562766&quot;:4,&quot;335562767&quot;:0,&quot;335562768&quot;:4,&quot;335562769&quot;:0}\"><b><span data-usefontface=\"true\" data-contrast=\"none\">L\u2019astuce infaillible<\/span><\/b>\u200b<\/p>\n<p data-ccp-props=\"{&quot;335551550&quot;:6,&quot;335551620&quot;:6,&quot;335559683&quot;:0,&quot;335559685&quot;:0,&quot;335559731&quot;:0,&quot;335559737&quot;:0,&quot;335562764&quot;:2,&quot;335562765&quot;:1,&quot;335562766&quot;:4,&quot;335562767&quot;:0,&quot;335562768&quot;:4,&quot;335562769&quot;:0}\"><span data-usefontface=\"true\" data-contrast=\"none\">Le matin, nous vous conseillons d\u2019attendre environ 5 minutes, le temps de faire couler votre caf\u00e9,\u00a0<\/span><span data-usefontface=\"true\" data-contrast=\"none\">avant de passer \u00e0 l\u2019\u00e9tape du make-up. C\u2019est le temps minimum qu\u2019il faut \u00e0 votre peau pour absorber\u00a0<\/span><span data-usefontface=\"true\" data-contrast=\"none\">compl\u00e8tement la cr\u00e8me et en tirer les meilleurs bienfaits.<\/span><\/p>\n<\/div>\n<\/div><\/div><\/div><\/div><div id=\"pg-12946-5\"  class=\"panel-grid panel-no-style\" ><div id=\"pgc-12946-5-0\"  class=\"panel-grid-cell\" ><div id=\"panel-12946-5-0-0\" class=\"so-panel widget widget_siteorigin-panels-embedded-video panel-first-child panel-last-child\" data-index=\"11\" ><div class=\"siteorigin-fitvids\"><iframe loading=\"lazy\" title=\"TUTO N\u00b01 : Comment bien appliquer sa cr\u00e8me hydratante ?\" width=\"500\" height=\"281\" src=\"https:\/\/www.youtube.com\/embed\/gTn1SgsvTYI?start=14&feature=oembed\" frameborder=\"0\" allow=\"accelerometer; autoplay; clipboard-write; encrypted-media; gyroscope; picture-in-picture; web-share\" referrerpolicy=\"strict-origin-when-cross-origin\" allowfullscreen><\/iframe><\/div><\/div><\/div><\/div><div id=\"pg-12946-6\"  class=\"panel-grid panel-no-style\" ><div id=\"pgc-12946-6-0\"  class=\"panel-grid-cell\" ><div id=\"panel-12946-6-0-0\" class=\"so-panel widget widget_sow-image panel-first-child panel-last-child\" data-index=\"12\" ><div\n\t\t\t\n\t\t\tclass=\"so-widget-sow-image so-widget-sow-image-default-8b5b6f678277-12946\"\n\t\t\t\n\t\t>\r\n\r\n\r\n<div class=\"sow-image-container\">\r\n    \r\n    <img loading=\"lazy\" decoding=\"async\" src=\"https:\/\/abspace.yves-rocher.com\/fr\/wp-content\/uploads\/2019\/02\/SV_23.jpg\" width=\"640\" height=\"400\" srcset=\"\"          class=\"so-widget-image\" \/>\r\n\r\n    \r\n    \r\n    <\/div>\r\n\r\n<\/div><\/div><\/div><div id=\"pgc-12946-6-1\"  class=\"panel-grid-cell\" ><div id=\"panel-12946-6-1-0\" class=\"so-panel widget widget_sow-editor panel-first-child panel-last-child\" data-index=\"13\" ><div\n\t\t\t\n\t\t\tclass=\"so-widget-sow-editor so-widget-sow-editor-base\"\n\t\t\t\n\t\t>\n<div class=\"siteorigin-widget-tinymce textwidget\">\n\t<h2 style=\"text-align: left\" data-ccp-props=\"{&quot;335551550&quot;:1,&quot;335551620&quot;:1,&quot;335559683&quot;:0,&quot;335559685&quot;:0,&quot;335559731&quot;:0,&quot;335559737&quot;:0,&quot;335562764&quot;:2,&quot;335562765&quot;:1,&quot;335562766&quot;:4,&quot;335562767&quot;:0,&quot;335562768&quot;:4,&quot;335562769&quot;:0}\"><span data-usefontface=\"true\" data-contrast=\"none\">Comprendre sa peau <\/span>\u200b<\/h2>\n<p data-ccp-props=\"{&quot;335551550&quot;:1,&quot;335551620&quot;:1,&quot;335559683&quot;:0,&quot;335559685&quot;:0,&quot;335559731&quot;:0,&quot;335559737&quot;:0,&quot;335562764&quot;:2,&quot;335562765&quot;:1,&quot;335562766&quot;:4,&quot;335562767&quot;:0,&quot;335562768&quot;:4,&quot;335562769&quot;:0}\">\u200b<span data-scheme-color=\"@000000,1,\" data-usefontface=\"true\" data-contrast=\"none\">Maintenant que vous maitrisez les bons gestes, place au\u00a0<\/span><span data-scheme-color=\"@000000,1,\" data-usefontface=\"true\" data-contrast=\"none\">choix des produits. En mati\u00e8re d\u2019hydratation, le plus\u00a0<\/span><span data-scheme-color=\"@000000,1,\" data-usefontface=\"true\" data-contrast=\"none\">important est d\u2019abord de comprendre votre peau pour\u00a0<\/span><span data-scheme-color=\"@000000,1,\" data-usefontface=\"true\" data-contrast=\"none\">choisir le soin adapt\u00e9 \u00e0 ses besoins.\u00a0 Formul\u00e9s \u00e0 partir\u00a0<\/span><span data-scheme-color=\"@000000,1,\" data-usefontface=\"true\" data-contrast=\"none\">d\u2019actifs v\u00e9g\u00e9taux, nos produits s'adaptent \u00e0 toutes les\u00a0<\/span><span data-scheme-color=\"@000000,1,\" data-usefontface=\"true\" data-contrast=\"none\">natures de peau : s\u00e8che, normale, mixte ou grasse.<\/span>\u200b<\/p>\n<p data-ccp-props=\"{&quot;335551550&quot;:6,&quot;335551620&quot;:6,&quot;335559683&quot;:0,&quot;335559685&quot;:0,&quot;335559731&quot;:0,&quot;335559737&quot;:0,&quot;335562764&quot;:2,&quot;335562765&quot;:1,&quot;335562766&quot;:4,&quot;335562767&quot;:0,&quot;335562768&quot;:4,&quot;335562769&quot;:0}\"><span data-usefontface=\"true\" data-contrast=\"none\">Enrichie en poudre de Th\u00e9 Bor\u00e9al, aux vertus\u00a0<\/span><span data-usefontface=\"true\" data-contrast=\"none\">r\u00e9\u00e9quilibrantes<\/span><span data-usefontface=\"true\" data-contrast=\"none\">, le\u00a0<\/span><a href=\"https:\/\/www.yves-rocher.fr\/soin-visage\/type-de-soin\/creme-de-jour\/gel-creme-zero-defaut\/p\/39979\"><span data-scheme-color=\"@92D050,,\" data-usefontface=\"true\" data-contrast=\"none\">Gel Cr\u00e8me Z\u00e9ro D\u00e9fauts<\/span><\/a><span data-usefontface=\"true\" data-contrast=\"none\"> matifie et <\/span><span data-usefontface=\"true\" data-contrast=\"none\">affine visiblement le grain de peau. C\u2019est\u00a0<\/span><span data-usefontface=\"true\" data-contrast=\"none\">incontestablement l\u2019alli\u00e9 des peaux mixtes \u00e0 grasses.<\/span>\u200b<\/p>\n<p data-ccp-props=\"{&quot;335551550&quot;:6,&quot;335551620&quot;:6,&quot;335559683&quot;:0,&quot;335559685&quot;:0,&quot;335559731&quot;:0,&quot;335559737&quot;:0,&quot;335562764&quot;:2,&quot;335562765&quot;:1,&quot;335562766&quot;:4,&quot;335562767&quot;:0,&quot;335562768&quot;:4,&quot;335562769&quot;:0}\">\u200b<span data-scheme-color=\"@000000,1,\" data-usefontface=\"true\" data-contrast=\"none\">Pour les peaux d\u00e9shydrat\u00e9es \u00e0 s\u00e8ches, la\u00a0<\/span><a href=\"https:\/\/www.yves-rocher.fr\/soin-visage\/type-de-soin\/creme-de-jour\/creme-riche-hydratation-non-stop-48h\/p\/56064\"><span data-scheme-color=\"@92D050,,\" data-usefontface=\"true\" data-contrast=\"none\">Cr\u00e8me Riche\u00a0<\/span><span data-scheme-color=\"@92D050,,\" data-usefontface=\"true\" data-contrast=\"none\">Hydratation Non-Stop 48h<\/span><\/a><span data-scheme-color=\"@000000,1,\" data-usefontface=\"true\" data-contrast=\"none\"> apporte un confort unique <\/span><span data-scheme-color=\"@000000,1,\" data-usefontface=\"true\" data-contrast=\"none\">tout au long de la journ\u00e9e. Formul\u00e9e \u00e0 partir d\u2019eau\u00a0<\/span><span data-scheme-color=\"@000000,1,\" data-usefontface=\"true\" data-contrast=\"none\">cellulaire d\u2019<\/span><span data-scheme-color=\"@000000,1,\" data-usefontface=\"true\" data-contrast=\"none\">\u00e9dulis<\/span><span data-scheme-color=\"@000000,1,\" data-usefontface=\"true\" data-contrast=\"none\">\u00a0et de beurre de karit\u00e9, elle hydrate en\u00a0<\/span><span data-scheme-color=\"@000000,1,\" data-usefontface=\"true\" data-contrast=\"none\">profondeur. Fini les tiraillements!<\/span>\u200b<\/p>\n<\/div>\n<\/div><\/div><\/div><\/div><div id=\"pg-12946-7\"  class=\"panel-grid panel-no-style\" ><div id=\"pgc-12946-7-0\"  class=\"panel-grid-cell\" ><div id=\"panel-12946-7-0-0\" class=\"so-panel widget widget_sow-editor panel-first-child\" data-index=\"14\" ><div\n\t\t\t\n\t\t\tclass=\"so-widget-sow-editor so-widget-sow-editor-base\"\n\t\t\t\n\t\t>\n<div class=\"siteorigin-widget-tinymce textwidget\">\n\t<p><strong><span class=\"TextRun BCX8 SCXP232892384\" lang=\"FR-FR\" xml:lang=\"FR-FR\" data-usefontface=\"true\" data-contrast=\"none\"><span class=\"NormalTextRun BCX8 SCXP232892384\">L\u2019astuce infaillible<span data-scheme-color=\"@000000,1,\" data-usefontface=\"true\" data-contrast=\"none\">\u202f<\/span><\/span><\/span><\/strong><span class=\"TextRun BCX8 SCXP232892384\" lang=\"FR-FR\" xml:lang=\"FR-FR\" data-usefontface=\"true\" data-contrast=\"none\"><span class=\"NormalTextRun BCX8 SCXP232892384\"><strong>:<\/strong> Vous avez vraiment la peau tr\u00e8s s\u00e8che ? Ajoutez quelques gouttes de notre <a href=\"https:\/\/www.yves-rocher.fr\/soin-visage\/type-de-soin\/serum\/serum-oleo-infusion-de-rose\/p\/26329\">S\u00e9rum Ol\u00e9o<\/a> <\/span><\/span><span class=\"TextRun BCX8 SCXP232892384\" lang=\"FR-FR\" xml:lang=\"FR-FR\" data-usefontface=\"true\" data-contrast=\"none\"><span class=\"NormalTextRun BCX8 SCXP232892384\">dans votre\u00a0<\/span><\/span><span class=\"TextRun BCX8 SCXP232892384\" lang=\"FR-FR\" xml:lang=\"FR-FR\" data-usefontface=\"true\" data-contrast=\"none\"><span class=\"NormalTextRun BCX8 SCXP232892384\">Cr\u00e8me Riche Hydra V\u00e9g\u00e9tal<\/span><\/span><span class=\"TextRun BCX8 SCXP232892384\" lang=\"FR-FR\" xml:lang=\"FR-FR\" data-usefontface=\"true\" data-contrast=\"none\"><span class=\"NormalTextRun BCX8 SCXP232892384\">\u00a0pour encore plus de confort et de souplesse<\/span><\/span><span class=\"EOP BCX8 SCXP232892384\">\u200b<\/span><\/p>\n<\/div>\n<\/div><\/div><div id=\"panel-12946-7-0-1\" class=\"so-panel widget widget_sow-editor\" data-index=\"15\" ><div\n\t\t\t\n\t\t\tclass=\"so-widget-sow-editor so-widget-sow-editor-base\"\n\t\t\t\n\t\t>\n<div class=\"siteorigin-widget-tinymce textwidget\">\n\t<p data-ccp-props=\"{&quot;335551550&quot;:1,&quot;335551620&quot;:1,&quot;335559683&quot;:0,&quot;335559685&quot;:0,&quot;335559731&quot;:0,&quot;335559737&quot;:0,&quot;335562764&quot;:2,&quot;335562765&quot;:1,&quot;335562766&quot;:4,&quot;335562767&quot;:0,&quot;335562768&quot;:4,&quot;335562769&quot;:0}\"><span data-scheme-color=\"@000000,1,\" data-usefontface=\"true\" data-contrast=\"none\">La nuit, votre peau se r\u00e9g\u00e9n\u00e8re. Optez pour une cr\u00e8me avec une texture et une composition plus riche,\u00a0<\/span><span data-scheme-color=\"@000000,1,\" data-usefontface=\"true\" data-contrast=\"none\">pour nourrir plus intens\u00e9ment la peau. Appliquez la<\/span><span data-scheme-color=\"@92D050,,\" data-usefontface=\"true\" data-contrast=\"none\">\u00a0<\/span><a href=\"https:\/\/www.yves-rocher.fr\/soin-visage\/type-de-soin\/creme-de-nuit\/creme-anti-rides-liftante-nuit\/p\/48846\">Cr\u00e8me Anti-Rides Liftante Nuit<\/a><span data-scheme-color=\"@000000,1,\" data-usefontface=\"true\" data-contrast=\"none\">, formul\u00e9 \u00e0 partir d\u2019Acide\u00a0<\/span><span data-scheme-color=\"@000000,1,\" data-usefontface=\"true\" data-contrast=\"none\">Hyaluronique ou la <\/span><a href=\"https:\/\/www.yves-rocher.fr\/soin-visage\/type-de-soin\/creme-de-nuit\/creme-anti-rides-bienfaisante-nuit\/p\/26393\">Cr\u00e8me Anti Rides Bienfaisante Nuit<\/a><span data-scheme-color=\"@000000,1,\" data-usefontface=\"true\" data-contrast=\"none\">, \u00e0 base d'huiles pr\u00e9cieuses<\/span><span data-scheme-color=\"@000000,1,\" data-usefontface=\"true\" data-contrast=\"none\">.\u00a0<\/span>\u200b<\/p>\n<p data-ccp-props=\"{&quot;335551550&quot;:1,&quot;335551620&quot;:1,&quot;335559683&quot;:0,&quot;335559685&quot;:0,&quot;335559731&quot;:0,&quot;335559737&quot;:0,&quot;335562764&quot;:2,&quot;335562765&quot;:1,&quot;335562766&quot;:4,&quot;335562767&quot;:0,&quot;335562768&quot;:4,&quot;335562769&quot;:0}\">\u200b<span data-scheme-color=\"@000000,1,\" data-usefontface=\"true\" data-contrast=\"none\">Une cr\u00e8me de nuit s'applique au minimum 15 minutes avant d\u2019aller au lit, cela vous \u00e9vitera d\u2019en faire\u00a0<\/span><span data-scheme-color=\"@000000,1,\" data-usefontface=\"true\" data-contrast=\"none\">profiter\u00a0votre oreiller.<\/span>\u200b<\/p>\n<p data-ccp-props=\"{&quot;335551550&quot;:1,&quot;335551620&quot;:1,&quot;335559683&quot;:0,&quot;335559685&quot;:0,&quot;335559731&quot;:0,&quot;335559737&quot;:0,&quot;335562764&quot;:2,&quot;335562765&quot;:1,&quot;335562766&quot;:4,&quot;335562767&quot;:0,&quot;335562768&quot;:4,&quot;335562769&quot;:0}\">\u200b<b><span data-scheme-color=\"@000000,1,\" data-usefontface=\"true\" data-contrast=\"none\">Le saviez-vous\u202f? <\/span><\/b><span data-scheme-color=\"@000000,1,\" data-usefontface=\"true\" data-contrast=\"none\">Une d\u00e9ferlante de taies d\u2019oreillers en soie a envahi les blogs et les magazines beaut\u00e9. Il\u00a0<\/span><span data-scheme-color=\"@000000,1,\" data-usefontface=\"true\" data-contrast=\"none\">s\u2019agirait de l\u2019accessoire indispensable pour parfaire sa routine soins du soir. La raison est simple\u202f: la soie <\/span><span data-scheme-color=\"@000000,1,\" data-usefontface=\"true\" data-contrast=\"none\">est une mati\u00e8re moins absorbante que le coton. Ainsi, l\u2019hydratation de votre peau et l\u2019effet des produits\u00a0<\/span><span data-scheme-color=\"@000000,1,\" data-usefontface=\"true\" data-contrast=\"none\">utilis\u00e9s sont plus efficaces.\u00a0<\/span>\u200b<\/p>\n<p style=\"text-align: center\" data-ccp-props=\"{&quot;335551550&quot;:1,&quot;335551620&quot;:1,&quot;335559683&quot;:0,&quot;335559685&quot;:0,&quot;335559731&quot;:0,&quot;335559737&quot;:0,&quot;335562764&quot;:2,&quot;335562765&quot;:1,&quot;335562766&quot;:4,&quot;335562767&quot;:0,&quot;335562768&quot;:4,&quot;335562769&quot;:0}\">\u200b<a href=\"https:\/\/www.yves-rocher.fr\/soin-visage\/type-de-soin\/creme-de-jour\/c\/11300?q=:relevance:texture:Cr%C3%A8me&amp;currentPage=1\"><b><span data-scheme-color=\"@92D050,,\" data-usefontface=\"true\" data-contrast=\"none\">D\u00e9couvrir toutes nos cr\u00e8mes hydratantes<\/span><\/b><\/a>\u200b<\/p>\n<p data-ccp-props=\"{&quot;335551550&quot;:2,&quot;335551620&quot;:2,&quot;335559683&quot;:0,&quot;335559685&quot;:0,&quot;335559731&quot;:0,&quot;335559737&quot;:0,&quot;335562764&quot;:2,&quot;335562765&quot;:1,&quot;335562766&quot;:4,&quot;335562767&quot;:0,&quot;335562768&quot;:4,&quot;335562769&quot;:0}\">\u200b<span data-usefontface=\"true\" data-contrast=\"none\">Vous avez un doute sur votre type de peau ? D\u00e9couvrez la r\u00e9ponse en quelques minutes gr\u00e2ce \u00e0\u00a0<\/span><a href=\"https:\/\/www.yves-rocher.fr\/diagnostic-soin-accueil\">notre\u00a0<\/a><a href=\"https:\/\/www.yves-rocher.fr\/diagnostic-soin-accueil\">diagnostic, disponible en ligne<\/a><span data-scheme-color=\"@92D050,,\" data-usefontface=\"true\" data-contrast=\"none\">\u00a0<\/span><span data-usefontface=\"true\" data-contrast=\"none\">et dans toutes les boutiques Yves Rocher.<\/span>\u200b<\/p>\n<p data-ccp-props=\"{&quot;335551550&quot;:1,&quot;335551620&quot;:1,&quot;335559683&quot;:0,&quot;335559685&quot;:0,&quot;335559731&quot;:0,&quot;335559737&quot;:0,&quot;335562764&quot;:2,&quot;335562765&quot;:1.15,&quot;335562766&quot;:4,&quot;335562767&quot;:0,&quot;335562768&quot;:4,&quot;335562769&quot;:0}\"><b><span data-usefontface=\"true\" data-contrast=\"none\">L\u2019astuce infaillible\u00a0<\/span><\/b>\u200b<br \/><b><span data-usefontface=\"true\" data-contrast=\"none\">L'<\/span><\/b><b><span data-usefontface=\"true\" data-contrast=\"none\">auto-massage<\/span><\/b><b><span data-usefontface=\"true\" data-contrast=\"none\">\u00a0<\/span><\/b>\u200b<\/p>\n<p data-ccp-props=\"{&quot;335551550&quot;:6,&quot;335551620&quot;:6,&quot;335559683&quot;:0,&quot;335559685&quot;:0,&quot;335559731&quot;:0,&quot;335559737&quot;:0,&quot;335562764&quot;:2,&quot;335562765&quot;:1.15,&quot;335562766&quot;:4,&quot;335562767&quot;:0,&quot;335562768&quot;:4,&quot;335562769&quot;:0}\"><span data-usefontface=\"true\" data-contrast=\"none\">Pour compl\u00e9ter les effets de votre cr\u00e8me hydratante, r\u00e9alisez un\u00a0<\/span><span data-usefontface=\"true\" data-contrast=\"none\">auto-massage<\/span><span data-usefontface=\"true\" data-contrast=\"none\">\u00a0du visage, 3 fois par semaine.\u00a0<\/span><span data-usefontface=\"true\" data-contrast=\"none\">Cette technique relaxante pr\u00e9sente aussi des effets\u00a0<\/span><span data-usefontface=\"true\" data-contrast=\"none\">liftants<\/span><span data-usefontface=\"true\" data-contrast=\"none\">\u00a0et raffermissants pour la peau.\u00a0<\/span>\u200b<\/p>\n<ol>\n<li data-charcodes=\"65533,0,46\" data-buautonum=\"8\" data-margin=\"360\" data-aria-posinset=\"1\" data-aria-level=\"1\"><span data-usefontface=\"true\" data-contrast=\"none\">Commencez par effectuer des mouvements de lissage de bas en haut sur votre cou. <\/span>\u200b<\/li>\n<li data-charcodes=\"65533,0,46\" data-buautonum=\"8\" data-margin=\"360\" data-aria-posinset=\"2\" data-aria-level=\"1\"><span data-usefontface=\"true\" data-contrast=\"none\">Passez ensuite \u00e0 l\u2019ovale du visage en posant vos deux pouces sur le menton et en \u00e9tirant jusqu\u2019aux\u00a0<\/span><span data-usefontface=\"true\" data-contrast=\"none\">oreilles.\u00a0<\/span>\u200b<\/li>\n<li data-charcodes=\"65533,0,46\" data-buautonum=\"8\" data-margin=\"360\" data-aria-posinset=\"3\" data-aria-level=\"1\"><span data-usefontface=\"true\" data-contrast=\"none\">Placez le bout de vos doigts au niveau du creux des l\u00e8vres et \u00e9tirez jusqu\u2019aux oreilles. Faites-en de m\u00eame\u00a0<\/span><span data-usefontface=\"true\" data-contrast=\"none\">au niveau des ailes du nez, en passant bien sous les pommettes et en remontant jusqu\u2019aux tempes.\u00a0<\/span>\u200b<\/li>\n<li data-charcodes=\"65533,0,46\" data-buautonum=\"8\" data-margin=\"360\" data-aria-posinset=\"4\" data-aria-level=\"1\"><span data-usefontface=\"true\" data-contrast=\"none\">Terminez avec le front en effectuant des mouvements de bas en haut du bout des doigts.\u00a0<\/span>\u200b<\/li>\n<\/ol>\n<\/div>\n<\/div><\/div><div id=\"panel-12946-7-0-2\" class=\"so-panel widget widget_sow-editor\" data-index=\"16\" ><div\n\t\t\t\n\t\t\tclass=\"so-widget-sow-editor so-widget-sow-editor-base\"\n\t\t\t\n\t\t>\n<div class=\"siteorigin-widget-tinymce textwidget\">\n\t<p data-ccp-props=\"{&quot;335551550&quot;:6,&quot;335551620&quot;:6,&quot;335559683&quot;:0,&quot;335559685&quot;:0,&quot;335559731&quot;:0,&quot;335559737&quot;:0,&quot;335562764&quot;:2,&quot;335562765&quot;:1.15,&quot;335562766&quot;:4,&quot;335562767&quot;:0,&quot;335562768&quot;:4,&quot;335562769&quot;:0}\"><span data-usefontface=\"false\" data-contrast=\"none\">Pratiquez ces mouvements durant au moins 3 minutes pour des r\u00e9sultats visibles. Enfin, d\u00e9posez la paume de\u00a0<\/span><span data-usefontface=\"false\" data-contrast=\"none\">vos mains sur les diff\u00e9rentes parties de votre visage. Sensation de bien-\u00eatre imm\u00e9diate\u202f! <\/span>\u200b<\/p>\n<p data-ccp-props=\"{&quot;335551550&quot;:6,&quot;335551620&quot;:6,&quot;335559683&quot;:0,&quot;335559685&quot;:0,&quot;335559731&quot;:0,&quot;335559737&quot;:0,&quot;335562764&quot;:2,&quot;335562765&quot;:1.15,&quot;335562766&quot;:4,&quot;335562767&quot;:0,&quot;335562768&quot;:4,&quot;335562769&quot;:0}\">\u200b<span data-usefontface=\"false\" data-contrast=\"none\">Maintenant que ce geste beaut\u00e9 d\u2019apparence si anodin, n\u2019a plus aucun secret pour vous, \u00e0 vos cr\u00e8mes, pr\u00eates\u202f? <\/span><span data-usefontface=\"false\" data-contrast=\"none\">Hydratez! <\/span>\u200b<\/p>\n<\/div>\n<\/div><\/div><div id=\"panel-12946-7-0-3\" class=\"so-panel widget widget_siteorigin-panels-embedded-video panel-last-child\" data-index=\"17\" ><div class=\"siteorigin-fitvids\"><\/div><\/div><\/div><\/div><\/div>","protected":false},"excerpt":{"rendered":"<p>Boire de l\u2019eau,\u00a0appliquer sa cr\u00e8me hydratante\u00a0au\u00a0quotidien, sont les 2 excellents r\u00e9flexes que vous\u00a0avez adopt\u00e9s&#8239;? C\u2019est tr\u00e8s bien. \u200b\u200bVous avez des doutes quant \u00e0 la mani\u00e8re de\u00a0correctement hydrater votre peau&#8239;? Vous voulez savoir comment maximiser les effets de votre cr\u00e8me\u00a0hydratante&#8239;? Vous \u00eates au bon endroit. \u200b\u200bNettoyer votre peau, choisir un soin adapt\u00e9, r\u00e9aliser\u00a0les bons mouvements&#8239;: d\u00e9couvrez &hellip; <a href=\"https:\/\/abspace.yves-rocher.com\/fr\/fr\/nos-astuces-pour-bien-appliquer-sa-creme-hydratante\/\" class=\"more-link\">Continue reading<span class=\"screen-reader-text\"> &#8220;Nos astuces pour bien appliquer sa cr\u00e8me hydratante&#8221;<\/span><\/a><\/p>\n","protected":false},"author":556493,"featured_media":13057,"comment_status":"open","ping_status":"open","sticky":false,"template":"","format":"standard","meta":{"_acf_changed":false,"_exactmetrics_skip_tracking":false,"_exactmetrics_sitenote_active":false,"_exactmetrics_sitenote_note":"","_exactmetrics_sitenote_category":0,"footnotes":""},"categories":[1],"tags":[543,634,582],"class_list":["post-12946","post","type-post","status-publish","format-standard","has-post-thumbnail","hentry","category-uncategorized","tag-astucesbeaute","tag-beautyadvices-fr","tag-soinvisage"],"acf":[],"yoast_head":"<!-- This site is optimized with the Yoast SEO plugin v24.7 - https:\/\/yoast.com\/wordpress\/plugins\/seo\/ -->\n<title>Nos astuces pour bien appliquer sa cr\u00e8me hydratante - Yves Rocher<\/title>\n<meta name=\"description\" content=\"Boire de l\u2019eau,&nbsp;appliquer sa cr\u00e8me hydratante&nbsp;au&nbsp;quotidien, sont les 2 excellents r\u00e9flexes que vous&nbsp;avez adopt\u00e9s\u202f? C\u2019est tr\u00e8s bien. \u200b\" \/>\n<meta name=\"robots\" content=\"index, follow, max-snippet:-1, max-image-preview:large, max-video-preview:-1\" \/>\n<link rel=\"canonical\" href=\"https:\/\/abspace.yves-rocher.com\/fr\/fr\/nos-astuces-pour-bien-appliquer-sa-creme-hydratante\/\" \/>\n<meta property=\"og:locale\" content=\"fr_FR\" \/>\n<meta property=\"og:type\" content=\"article\" \/>\n<meta property=\"og:title\" content=\"Nos astuces pour bien appliquer sa cr\u00e8me hydratante - Yves Rocher\" \/>\n<meta property=\"og:description\" content=\"Boire de l\u2019eau,&nbsp;appliquer sa cr\u00e8me hydratante&nbsp;au&nbsp;quotidien, sont les 2 excellents r\u00e9flexes que vous&nbsp;avez adopt\u00e9s\u202f? C\u2019est tr\u00e8s bien. \u200b\" \/>\n<meta property=\"og:url\" content=\"https:\/\/abspace.yves-rocher.com\/fr\/fr\/nos-astuces-pour-bien-appliquer-sa-creme-hydratante\/\" \/>\n<meta property=\"og:site_name\" content=\"France YR AB\" \/>\n<meta property=\"article:published_time\" content=\"2023-04-19T09:11:00+00:00\" \/>\n<meta property=\"article:modified_time\" content=\"2025-08-12T08:00:07+00:00\" \/>\n<meta property=\"og:image\" content=\"https:\/\/abspace.yves-rocher.com\/fr\/wp-content\/uploads\/2023\/03\/Feature_01.jpg\" \/>\n\t<meta property=\"og:image:width\" content=\"750\" \/>\n\t<meta property=\"og:image:height\" content=\"750\" \/>\n\t<meta property=\"og:image:type\" content=\"image\/jpeg\" \/>\n<meta name=\"author\" content=\"samuel.giard@yrnet.com\" \/>\n<meta name=\"twitter:card\" content=\"summary_large_image\" \/>\n<meta name=\"twitter:creator\" content=\"@samuel.giard@yrnet.com\" \/>\n<meta name=\"twitter:label1\" content=\"Written by\" \/>\n\t<meta name=\"twitter:data1\" content=\"samuel.giard@yrnet.com\" \/>\n\t<meta name=\"twitter:label2\" content=\"Est. reading time\" \/>\n\t<meta name=\"twitter:data2\" content=\"7 minutes\" \/>\n<script type=\"application\/ld+json\" class=\"yoast-schema-graph\">{\"@context\":\"https:\/\/schema.org\",\"@graph\":[{\"@type\":\"WebPage\",\"@id\":\"https:\/\/abspace.yves-rocher.com\/fr\/fr\/nos-astuces-pour-bien-appliquer-sa-creme-hydratante\/\",\"url\":\"https:\/\/abspace.yves-rocher.com\/fr\/fr\/nos-astuces-pour-bien-appliquer-sa-creme-hydratante\/\",\"name\":\"Nos astuces pour bien appliquer sa cr\u00e8me hydratante - Yves Rocher\",\"isPartOf\":{\"@id\":\"https:\/\/abspace.yves-rocher.com\/fr\/#website\"},\"primaryImageOfPage\":{\"@id\":\"https:\/\/abspace.yves-rocher.com\/fr\/fr\/nos-astuces-pour-bien-appliquer-sa-creme-hydratante\/#primaryimage\"},\"image\":{\"@id\":\"https:\/\/abspace.yves-rocher.com\/fr\/fr\/nos-astuces-pour-bien-appliquer-sa-creme-hydratante\/#primaryimage\"},\"thumbnailUrl\":\"https:\/\/abspace.yves-rocher.com\/fr\/wp-content\/uploads\/2023\/03\/Feature_01.jpg\",\"datePublished\":\"2023-04-19T09:11:00+00:00\",\"dateModified\":\"2025-08-12T08:00:07+00:00\",\"author\":{\"@id\":\"https:\/\/abspace.yves-rocher.com\/fr\/#\/schema\/person\/7166d509a8bdfcb88558f0cfe5d33d69\"},\"description\":\"Boire de l\u2019eau,&nbsp;appliquer sa cr\u00e8me hydratante&nbsp;au&nbsp;quotidien, sont les 2 excellents r\u00e9flexes que vous&nbsp;avez adopt\u00e9s\u202f? C\u2019est tr\u00e8s bien. \u200b\",\"breadcrumb\":{\"@id\":\"https:\/\/abspace.yves-rocher.com\/fr\/fr\/nos-astuces-pour-bien-appliquer-sa-creme-hydratante\/#breadcrumb\"},\"inLanguage\":\"fr-FR\",\"potentialAction\":[{\"@type\":\"ReadAction\",\"target\":[\"https:\/\/abspace.yves-rocher.com\/fr\/fr\/nos-astuces-pour-bien-appliquer-sa-creme-hydratante\/\"]}]},{\"@type\":\"ImageObject\",\"inLanguage\":\"fr-FR\",\"@id\":\"https:\/\/abspace.yves-rocher.com\/fr\/fr\/nos-astuces-pour-bien-appliquer-sa-creme-hydratante\/#primaryimage\",\"url\":\"https:\/\/abspace.yves-rocher.com\/fr\/wp-content\/uploads\/2023\/03\/Feature_01.jpg\",\"contentUrl\":\"https:\/\/abspace.yves-rocher.com\/fr\/wp-content\/uploads\/2023\/03\/Feature_01.jpg\",\"width\":750,\"height\":750},{\"@type\":\"BreadcrumbList\",\"@id\":\"https:\/\/abspace.yves-rocher.com\/fr\/fr\/nos-astuces-pour-bien-appliquer-sa-creme-hydratante\/#breadcrumb\",\"itemListElement\":[{\"@type\":\"ListItem\",\"position\":1,\"name\":\"Home\",\"item\":\"https:\/\/abspace.yves-rocher.com\/fr\/fr\/\"},{\"@type\":\"ListItem\",\"position\":2,\"name\":\"Nos astuces pour bien appliquer sa cr\u00e8me hydratante\"}]},{\"@type\":\"WebSite\",\"@id\":\"https:\/\/abspace.yves-rocher.com\/fr\/#website\",\"url\":\"https:\/\/abspace.yves-rocher.com\/fr\/\",\"name\":\"France YR AB\",\"description\":\"France YR AB\",\"potentialAction\":[{\"@type\":\"SearchAction\",\"target\":{\"@type\":\"EntryPoint\",\"urlTemplate\":\"https:\/\/abspace.yves-rocher.com\/fr\/?s={search_term_string}\"},\"query-input\":{\"@type\":\"PropertyValueSpecification\",\"valueRequired\":true,\"valueName\":\"search_term_string\"}}],\"inLanguage\":\"fr-FR\"},{\"@type\":\"Person\",\"@id\":\"https:\/\/abspace.yves-rocher.com\/fr\/#\/schema\/person\/7166d509a8bdfcb88558f0cfe5d33d69\",\"name\":\"samuel.giard@yrnet.com\",\"image\":{\"@type\":\"ImageObject\",\"inLanguage\":\"fr-FR\",\"@id\":\"https:\/\/abspace.yves-rocher.com\/fr\/#\/schema\/person\/image\/\",\"url\":\"https:\/\/secure.gravatar.com\/avatar\/ef43c54bec0e84c96207b7ab89569915?s=96&d=mm&r=g\",\"contentUrl\":\"https:\/\/secure.gravatar.com\/avatar\/ef43c54bec0e84c96207b7ab89569915?s=96&d=mm&r=g\",\"caption\":\"samuel.giard@yrnet.com\"},\"sameAs\":[\"https:\/\/x.com\/samuel.giard@yrnet.com\"],\"url\":\"https:\/\/abspace.yves-rocher.com\/fr\/fr\/author\/samuel-giardyrnet-com\/\"}]}<\/script>\n<!-- \/ Yoast SEO plugin. -->","yoast_head_json":{"title":"Nos astuces pour bien appliquer sa cr\u00e8me hydratante - Yves Rocher","description":"Boire de l\u2019eau,&nbsp;appliquer sa cr\u00e8me hydratante&nbsp;au&nbsp;quotidien, sont les 2 excellents r\u00e9flexes que vous&nbsp;avez adopt\u00e9s\u202f? C\u2019est tr\u00e8s bien. \u200b","robots":{"index":"index","follow":"follow","max-snippet":"max-snippet:-1","max-image-preview":"max-image-preview:large","max-video-preview":"max-video-preview:-1"},"canonical":"https:\/\/abspace.yves-rocher.com\/fr\/fr\/nos-astuces-pour-bien-appliquer-sa-creme-hydratante\/","og_locale":"fr_FR","og_type":"article","og_title":"Nos astuces pour bien appliquer sa cr\u00e8me hydratante - Yves Rocher","og_description":"Boire de l\u2019eau,&nbsp;appliquer sa cr\u00e8me hydratante&nbsp;au&nbsp;quotidien, sont les 2 excellents r\u00e9flexes que vous&nbsp;avez adopt\u00e9s\u202f? C\u2019est tr\u00e8s bien. \u200b","og_url":"https:\/\/abspace.yves-rocher.com\/fr\/fr\/nos-astuces-pour-bien-appliquer-sa-creme-hydratante\/","og_site_name":"France YR AB","article_published_time":"2023-04-19T09:11:00+00:00","article_modified_time":"2025-08-12T08:00:07+00:00","og_image":[{"width":750,"height":750,"url":"https:\/\/abspace.yves-rocher.com\/fr\/wp-content\/uploads\/2023\/03\/Feature_01.jpg","type":"image\/jpeg"}],"author":"samuel.giard@yrnet.com","twitter_card":"summary_large_image","twitter_creator":"@samuel.giard@yrnet.com","twitter_misc":{"Written by":"samuel.giard@yrnet.com","Est. reading time":"7 minutes"},"schema":{"@context":"https:\/\/schema.org","@graph":[{"@type":"WebPage","@id":"https:\/\/abspace.yves-rocher.com\/fr\/fr\/nos-astuces-pour-bien-appliquer-sa-creme-hydratante\/","url":"https:\/\/abspace.yves-rocher.com\/fr\/fr\/nos-astuces-pour-bien-appliquer-sa-creme-hydratante\/","name":"Nos astuces pour bien appliquer sa cr\u00e8me hydratante - Yves Rocher","isPartOf":{"@id":"https:\/\/abspace.yves-rocher.com\/fr\/#website"},"primaryImageOfPage":{"@id":"https:\/\/abspace.yves-rocher.com\/fr\/fr\/nos-astuces-pour-bien-appliquer-sa-creme-hydratante\/#primaryimage"},"image":{"@id":"https:\/\/abspace.yves-rocher.com\/fr\/fr\/nos-astuces-pour-bien-appliquer-sa-creme-hydratante\/#primaryimage"},"thumbnailUrl":"https:\/\/abspace.yves-rocher.com\/fr\/wp-content\/uploads\/2023\/03\/Feature_01.jpg","datePublished":"2023-04-19T09:11:00+00:00","dateModified":"2025-08-12T08:00:07+00:00","author":{"@id":"https:\/\/abspace.yves-rocher.com\/fr\/#\/schema\/person\/7166d509a8bdfcb88558f0cfe5d33d69"},"description":"Boire de l\u2019eau,&nbsp;appliquer sa cr\u00e8me hydratante&nbsp;au&nbsp;quotidien, sont les 2 excellents r\u00e9flexes que vous&nbsp;avez adopt\u00e9s\u202f? C\u2019est tr\u00e8s bien. \u200b","breadcrumb":{"@id":"https:\/\/abspace.yves-rocher.com\/fr\/fr\/nos-astuces-pour-bien-appliquer-sa-creme-hydratante\/#breadcrumb"},"inLanguage":"fr-FR","potentialAction":[{"@type":"ReadAction","target":["https:\/\/abspace.yves-rocher.com\/fr\/fr\/nos-astuces-pour-bien-appliquer-sa-creme-hydratante\/"]}]},{"@type":"ImageObject","inLanguage":"fr-FR","@id":"https:\/\/abspace.yves-rocher.com\/fr\/fr\/nos-astuces-pour-bien-appliquer-sa-creme-hydratante\/#primaryimage","url":"https:\/\/abspace.yves-rocher.com\/fr\/wp-content\/uploads\/2023\/03\/Feature_01.jpg","contentUrl":"https:\/\/abspace.yves-rocher.com\/fr\/wp-content\/uploads\/2023\/03\/Feature_01.jpg","width":750,"height":750},{"@type":"BreadcrumbList","@id":"https:\/\/abspace.yves-rocher.com\/fr\/fr\/nos-astuces-pour-bien-appliquer-sa-creme-hydratante\/#breadcrumb","itemListElement":[{"@type":"ListItem","position":1,"name":"Home","item":"https:\/\/abspace.yves-rocher.com\/fr\/fr\/"},{"@type":"ListItem","position":2,"name":"Nos astuces pour bien appliquer sa cr\u00e8me hydratante"}]},{"@type":"WebSite","@id":"https:\/\/abspace.yves-rocher.com\/fr\/#website","url":"https:\/\/abspace.yves-rocher.com\/fr\/","name":"France YR AB","description":"France YR AB","potentialAction":[{"@type":"SearchAction","target":{"@type":"EntryPoint","urlTemplate":"https:\/\/abspace.yves-rocher.com\/fr\/?s={search_term_string}"},"query-input":{"@type":"PropertyValueSpecification","valueRequired":true,"valueName":"search_term_string"}}],"inLanguage":"fr-FR"},{"@type":"Person","@id":"https:\/\/abspace.yves-rocher.com\/fr\/#\/schema\/person\/7166d509a8bdfcb88558f0cfe5d33d69","name":"samuel.giard@yrnet.com","image":{"@type":"ImageObject","inLanguage":"fr-FR","@id":"https:\/\/abspace.yves-rocher.com\/fr\/#\/schema\/person\/image\/","url":"https:\/\/secure.gravatar.com\/avatar\/ef43c54bec0e84c96207b7ab89569915?s=96&d=mm&r=g","contentUrl":"https:\/\/secure.gravatar.com\/avatar\/ef43c54bec0e84c96207b7ab89569915?s=96&d=mm&r=g","caption":"samuel.giard@yrnet.com"},"sameAs":["https:\/\/x.com\/samuel.giard@yrnet.com"],"url":"https:\/\/abspace.yves-rocher.com\/fr\/fr\/author\/samuel-giardyrnet-com\/"}]}},"_links":{"self":[{"href":"https:\/\/abspace.yves-rocher.com\/fr\/ws\/wp\/v2\/posts\/12946","targetHints":{"allow":["GET"]}}],"collection":[{"href":"https:\/\/abspace.yves-rocher.com\/fr\/ws\/wp\/v2\/posts"}],"about":[{"href":"https:\/\/abspace.yves-rocher.com\/fr\/ws\/wp\/v2\/types\/post"}],"author":[{"embeddable":true,"href":"https:\/\/abspace.yves-rocher.com\/fr\/ws\/wp\/v2\/users\/556493"}],"replies":[{"embeddable":true,"href":"https:\/\/abspace.yves-rocher.com\/fr\/ws\/wp\/v2\/comments?post=12946"}],"version-history":[{"count":19,"href":"https:\/\/abspace.yves-rocher.com\/fr\/ws\/wp\/v2\/posts\/12946\/revisions"}],"predecessor-version":[{"id":14797,"href":"https:\/\/abspace.yves-rocher.com\/fr\/ws\/wp\/v2\/posts\/12946\/revisions\/14797"}],"wp:featuredmedia":[{"embeddable":true,"href":"https:\/\/abspace.yves-rocher.com\/fr\/ws\/wp\/v2\/media\/13057"}],"wp:attachment":[{"href":"https:\/\/abspace.yves-rocher.com\/fr\/ws\/wp\/v2\/media?parent=12946"}],"wp:term":[{"taxonomy":"category","embeddable":true,"href":"https:\/\/abspace.yves-rocher.com\/fr\/ws\/wp\/v2\/categories?post=12946"},{"taxonomy":"post_tag","embeddable":true,"href":"https:\/\/abspace.yves-rocher.com\/fr\/ws\/wp\/v2\/tags?post=12946"}],"curies":[{"name":"wp","href":"https:\/\/api.w.org\/{rel}","templated":true}]}}