{"id":14089,"date":"2024-05-28T13:51:19","date_gmt":"2024-05-28T12:21:19","guid":{"rendered":"https:\/\/abspace.yves-rocher.com\/fr\/?p=14089"},"modified":"2024-05-28T14:26:27","modified_gmt":"2024-05-28T12:56:27","slug":"peau-seche-ou-deshydratee-quelles-differences","status":"publish","type":"post","link":"https:\/\/abspace.yves-rocher.com\/fr\/fr\/peau-seche-ou-deshydratee-quelles-differences\/","title":{"rendered":"Peau s\u00e8che ou d\u00e9shydrat\u00e9e : quelles diff\u00e9rences?"},"content":{"rendered":"<div id=\"pl-14089\"  class=\"panel-layout\" ><div id=\"pg-14089-0\"  class=\"panel-grid panel-no-style\" ><div id=\"pgc-14089-0-0\"  class=\"panel-grid-cell\" ><div id=\"panel-14089-0-0-0\" class=\"so-panel widget widget_sow-editor panel-first-child panel-last-child\" data-index=\"0\" ><div\n\t\t\t\n\t\t\tclass=\"so-widget-sow-editor so-widget-sow-editor-base\"\n\t\t\t\n\t\t>\n<div class=\"siteorigin-widget-tinymce textwidget\">\n\t<p>On confond souvent peau s\u00e8che et d\u00e9shydrat\u00e9e. En r\u00e9alit\u00e9, \u00e7a n\u2019est pas tout \u00e0 fait la m\u00eame chose ! M\u00eame si elles ont des caract\u00e9ristiques communes, elles pr\u00e9sentent des diff\u00e9rences. On va vous expliquer lesquelles et comment en prendre soin.\u00a0<\/p>\n<p>Une peau s\u00e8che manque par nature d\u2019eau et de s\u00e9bum tandis qu\u2019une peau d\u00e9shydrat\u00e9e est principalement en manque d\u2019eau. Dans les deux cas, il faut miser sur l\u2019hydratation !<\/p>\n<h2 style=\"text-align: left\">Comprendre les sp\u00e9cificit\u00e9s de la peau s\u00e8che<\/h2>\n<p>Les peaux s\u00e8ches sont par nature en manque de nutrition et d\u2019hydratation. Ce type de peau est fragile et se d\u00e9fend mal contre les agressions ext\u00e9rieures. Elle n\u00e9cessite des soins nourrissants et hydratants afin d\u2019\u00eatre confortable et de conserver sa beaut\u00e9 et son \u00e9clat. \u00a0 \u00a0 \u00a0 \u00a0<\/p>\n<h3>Causes d\u2019une peau s\u00e8che<\/h3>\n<\/div>\n<\/div><\/div><\/div><\/div><div id=\"pg-14089-1\"  class=\"panel-grid panel-no-style\" ><div id=\"pgc-14089-1-0\"  class=\"panel-grid-cell\" ><div id=\"panel-14089-1-0-0\" class=\"so-panel widget widget_sow-image panel-first-child panel-last-child\" data-index=\"1\" ><div\n\t\t\t\n\t\t\tclass=\"so-widget-sow-image so-widget-sow-image-default-8b5b6f678277-14089\"\n\t\t\t\n\t\t>\r\n\r\n\r\n<div class=\"sow-image-container\">\r\n    \r\n    <img loading=\"lazy\" decoding=\"async\" src=\"https:\/\/abspace.yves-rocher.com\/fr\/wp-content\/uploads\/2024\/05\/C_07.jpg\" width=\"640\" height=\"400\" srcset=\"\"          class=\"so-widget-image\" \/>\r\n\r\n    \r\n    \r\n    <\/div>\r\n\r\n<\/div><\/div><\/div><div id=\"pgc-14089-1-1\"  class=\"panel-grid-cell\" ><div id=\"panel-14089-1-1-0\" class=\"so-panel widget widget_sow-editor panel-first-child panel-last-child\" data-index=\"2\" ><div\n\t\t\t\n\t\t\tclass=\"so-widget-sow-editor so-widget-sow-editor-base\"\n\t\t\t\n\t\t>\n<div class=\"siteorigin-widget-tinymce textwidget\">\n\t<p>La peau s\u00e8che poss\u00e8de un film hydrolipidique trop mince pour retenir l\u2019eau et le s\u00e9bum dans l\u2019\u00e9piderme. Cela l\u2019emp\u00eache de se prot\u00e9ger correctement contre les agressions ext\u00e9rieures. Son taux d\u2019hydratation est alors trop bas pour maintenir l\u2019int\u00e9grit\u00e9 de la barri\u00e8re cutan\u00e9e. Votre peau peut \u00eatre s\u00e8che par nature, mais la s\u00e9cheresse peut aussi se d\u00e9velopper avec l\u2019\u00e2ge. En vieillissant, la peau mature produit moins de lipides et retient moins bien l\u2019eau. Il arrive \u00e9galement qu\u2019elle se dess\u00e8che lorsque l\u2019on utilise des soins trop agressifs et\/ou que l\u2019on s\u2019expose au soleil sans protection. \u00a0\u00a0\u00a0\u00a0\u00a0\u00a0\u00a0\u00a0<\/p>\n<\/div>\n<\/div><\/div><\/div><\/div><div id=\"pg-14089-2\"  class=\"panel-grid panel-no-style\" ><div id=\"pgc-14089-2-0\"  class=\"panel-grid-cell\" ><div id=\"panel-14089-2-0-0\" class=\"so-panel widget widget_sow-editor panel-first-child panel-last-child\" data-index=\"3\" ><div\n\t\t\t\n\t\t\tclass=\"so-widget-sow-editor so-widget-sow-editor-base\"\n\t\t\t\n\t\t>\n<div class=\"siteorigin-widget-tinymce textwidget\">\n\t<h3>Sympt\u00f4mes d\u2019une peau s\u00e8che<\/h3>\n<\/div>\n<\/div><\/div><\/div><\/div><div id=\"pg-14089-3\"  class=\"panel-grid panel-no-style\" ><div id=\"pgc-14089-3-0\"  class=\"panel-grid-cell\" ><div id=\"panel-14089-3-0-0\" class=\"so-panel widget widget_sow-editor panel-first-child panel-last-child\" data-index=\"4\" ><div\n\t\t\t\n\t\t\tclass=\"so-widget-sow-editor so-widget-sow-editor-base\"\n\t\t\t\n\t\t>\n<div class=\"siteorigin-widget-tinymce textwidget\">\n\t<p>Ce type de peau est sujet aux irritations et aux rougeurs, mais aussi aux tiraillements et aux picotements. Elle est source d\u2019inconfort. Si on n'en prend pas soin avec des produits de soin hydratants et nourrissants, elle devient r\u00eache et rugueuse. Elle peut peler, se fissurer et gercer. Mais n\u2019ayez pas peur, on va vous donner quelques conseils pour rem\u00e9dier \u00e0 cela !<\/p>\n<\/div>\n<\/div><\/div><\/div><div id=\"pgc-14089-3-1\"  class=\"panel-grid-cell\" ><div id=\"panel-14089-3-1-0\" class=\"so-panel widget widget_sow-image panel-first-child panel-last-child\" data-index=\"5\" ><div\n\t\t\t\n\t\t\tclass=\"so-widget-sow-image so-widget-sow-image-default-8b5b6f678277-14089\"\n\t\t\t\n\t\t>\r\n\r\n\r\n<div class=\"sow-image-container\">\r\n    \r\n    <img loading=\"lazy\" decoding=\"async\" src=\"https:\/\/abspace.yves-rocher.com\/fr\/wp-content\/uploads\/2024\/05\/C_17nv.jpg\" width=\"640\" height=\"400\" srcset=\"\"          class=\"so-widget-image\" \/>\r\n\r\n    \r\n    \r\n    <\/div>\r\n\r\n<\/div><\/div><\/div><\/div><div id=\"pg-14089-4\"  class=\"panel-grid panel-no-style\" ><div id=\"pgc-14089-4-0\"  class=\"panel-grid-cell\" ><div id=\"panel-14089-4-0-0\" class=\"so-panel widget widget_sow-editor panel-first-child panel-last-child\" data-index=\"6\" ><div\n\t\t\t\n\t\t\tclass=\"so-widget-sow-editor so-widget-sow-editor-base\"\n\t\t\t\n\t\t>\n<div class=\"siteorigin-widget-tinymce textwidget\">\n\t<h2 style=\"text-align: left\">Qu\u2019est-ce qu\u2019une peau d\u00e9shydrat\u00e9e ?<\/h2>\n<p>Contrairement \u00e0 une peau s\u00e8che, la peau d\u00e9shydrat\u00e9e ne manque pas de s\u00e9bum. Il est d\u2019ailleurs fr\u00e9quent qu\u2019une peau grasse ou mixte souffre de d\u00e9shydratation.<\/p>\n<h3>Quelles sont les causes de la d\u00e9shydratation ?<\/h3>\n<p>La peau se d\u00e9shydrate lorsque la barri\u00e8re hydrolipidique est ab\u00eem\u00e9e. L\u2019eau contenue naturellement dans la peau s\u2019\u00e9vapore. Ce ph\u00e9nom\u00e8ne est fr\u00e9quent quand il y a du vent ou qu\u2019il fait froid, qu\u2019on utilise des soins agressifs, ou encore lorsque l\u2019on n\u2019hydrate pas assez sa peau.\u00a0<\/p>\n<h3>Quelles sont les caract\u00e9ristiques d\u2019une peau d\u00e9shydrat\u00e9e<\/h3>\n<p>Une peau d\u00e9shydrat\u00e9e est terne et peut tirailler, voire d\u00e9manger. Elle manque d\u2019\u00e9clat et peut parfois peler. Cet \u00e9tat se traite facilement avec des produits hydratants.<\/p>\n<h2 style=\"text-align: left\">Comment traiter une peau s\u00e8che et une peau d\u00e9shydrat\u00e9e ?<\/h2>\n<p>Pour traiter une peau s\u00e8che et d\u00e9shydrat\u00e9e, le rem\u00e8de le plus efficace reste l\u2019hydratation des couches sup\u00e9rieures de l\u2019\u00e9piderme avec des produits de soin adapt\u00e9s.<\/p>\n<h3>Quels sont les ingr\u00e9dients et les routines \u00e0 adopter pour la peau s\u00e8che ?<\/h3>\n<p>Une peau s\u00e8che a besoin d\u2019eau pour maintenir son taux d\u2019hydratation et de nutrition, car elle manque de lipides.<\/p>\n<\/div>\n<\/div><\/div><\/div><\/div><div id=\"pg-14089-5\"  class=\"panel-grid panel-no-style\" ><div id=\"pgc-14089-5-0\"  class=\"panel-grid-cell\" ><div id=\"panel-14089-5-0-0\" class=\"so-panel widget widget_sow-image panel-first-child panel-last-child\" data-index=\"7\" ><div\n\t\t\t\n\t\t\tclass=\"so-widget-sow-image so-widget-sow-image-default-8b5b6f678277-14089\"\n\t\t\t\n\t\t>\r\n\r\n\r\n<div class=\"sow-image-container\">\r\n    \r\n    <img loading=\"lazy\" decoding=\"async\" src=\"https:\/\/abspace.yves-rocher.com\/fr\/wp-content\/uploads\/2024\/05\/C_06-nv.jpg\" width=\"640\" height=\"400\" srcset=\"\" title=\"C_06 nv\"          class=\"so-widget-image\" \/>\r\n\r\n    \r\n    \r\n    <\/div>\r\n\r\n<\/div><\/div><\/div><div id=\"pgc-14089-5-1\"  class=\"panel-grid-cell\" ><div id=\"panel-14089-5-1-0\" class=\"so-panel widget widget_sow-editor panel-first-child panel-last-child\" data-index=\"8\" ><div\n\t\t\t\n\t\t\tclass=\"so-widget-sow-editor so-widget-sow-editor-base\"\n\t\t\t\n\t\t>\n<div class=\"siteorigin-widget-tinymce textwidget\">\n\t<p>Alors, on privil\u00e9gie des soins hydratants, notamment formul\u00e9s avec de l\u2019eau cellulaire d\u2019Edulis, de la Camomille, du nectar de bourgeon de Syringa, de l\u2019huile aux 1 000 Roses, de la micro-algue Tetraselmis, du Calendula et du Karit\u00e9. Ces ingr\u00e9dients permettent \u00e0 la peau s\u00e8che de stocker l\u2019eau, de stimuler ses d\u00e9fenses, de l\u2019apaiser et de la r\u00e9parer.<\/p>\n<\/div>\n<\/div><\/div><\/div><\/div><div id=\"pg-14089-6\"  class=\"panel-grid panel-no-style\" ><div id=\"pgc-14089-6-0\"  class=\"panel-grid-cell\" ><div id=\"panel-14089-6-0-0\" class=\"so-panel widget widget_sow-editor panel-first-child panel-last-child\" data-index=\"9\" ><div\n\t\t\t\n\t\t\tclass=\"so-widget-sow-editor so-widget-sow-editor-base\"\n\t\t\t\n\t\t>\n<div class=\"siteorigin-widget-tinymce textwidget\">\n\t<p>Si la peau de votre visage est s\u00e8che, on vous conseille d\u2019appliquer un nettoyant doux afin d\u2019enlever les impuret\u00e9s. Rincez-le ensuite \u00e0 l\u2019eau claire, puis tapotez votre peau avec une serviette douce pour la s\u00e9cher sans l\u2019agresser. Tous les soirs, m\u00eame si vous ne portez pas de maquillage, appliquez un produit d\u00e9maquillant. 1 \u00e0 2 fois par semaine, \u00e9liminez les peaux mortes avec un gommage visage. Pr\u00e9levez une noisette de produit et effectuez des petits mouvements circulaires et l\u00e9gers, puis rincez. Posez ensuite un masque hydratant, rincez-le et s\u00e9chez votre peau. Terminez en appliquant une <a href=\"https:\/\/www.yves-rocher.fr\/soin-visage\/type-de-peau\/soin-peau-seche\/c\/13400\">cr\u00e8me visage peau s\u00e8che<\/a>.<\/p>\n<\/div>\n<\/div><\/div><\/div><div id=\"pgc-14089-6-1\"  class=\"panel-grid-cell\" ><div id=\"panel-14089-6-1-0\" class=\"so-panel widget widget_sow-image panel-first-child panel-last-child\" data-index=\"10\" ><div\n\t\t\t\n\t\t\tclass=\"so-widget-sow-image so-widget-sow-image-default-8b5b6f678277-14089\"\n\t\t\t\n\t\t>\r\n\r\n\r\n<div class=\"sow-image-container\">\r\n    \r\n    <img loading=\"lazy\" decoding=\"async\" src=\"https:\/\/abspace.yves-rocher.com\/fr\/wp-content\/uploads\/2024\/05\/C_16.jpg\" width=\"600\" height=\"400\" srcset=\"\"          class=\"so-widget-image\" \/>\r\n\r\n    \r\n    \r\n    <\/div>\r\n\r\n<\/div><\/div><\/div><\/div><div id=\"pg-14089-7\"  class=\"panel-grid panel-no-style\" ><div id=\"pgc-14089-7-0\"  class=\"panel-grid-cell\" ><div id=\"panel-14089-7-0-0\" class=\"so-panel widget widget_sow-editor panel-first-child panel-last-child\" data-index=\"11\" ><div\n\t\t\t\n\t\t\tclass=\"so-widget-sow-editor so-widget-sow-editor-base\"\n\t\t\t\n\t\t>\n<div class=\"siteorigin-widget-tinymce textwidget\">\n\t<p><span style=\"text-decoration: underline\">Astuce<\/span> : si votre peau s\u00e8che a besoin de confort et de souplesse suppl\u00e9mentaires, pensez \u00e0 mettre un s\u00e9rum juste avant votre cr\u00e8me pour le visage. Un s\u00e9rum, notamment lorsqu\u2019il contient de l\u2019acide hyaluronique, booste l\u2019action de la cr\u00e8me hydratante et nourrit intens\u00e9ment l\u2019\u00e9piderme. Il apporte une sensation de confort.<\/p>\n<\/div>\n<\/div><\/div><\/div><\/div><div id=\"pg-14089-8\"  class=\"panel-grid panel-no-style\" ><div id=\"pgc-14089-8-0\"  class=\"panel-grid-cell\" ><div id=\"panel-14089-8-0-0\" class=\"so-panel widget widget_sow-image panel-first-child panel-last-child\" data-index=\"12\" ><div\n\t\t\t\n\t\t\tclass=\"so-widget-sow-image so-widget-sow-image-default-8b5b6f678277-14089\"\n\t\t\t\n\t\t>\r\n\r\n\r\n<div class=\"sow-image-container\">\r\n    \r\n    <img loading=\"lazy\" decoding=\"async\" src=\"https:\/\/abspace.yves-rocher.com\/fr\/wp-content\/uploads\/2024\/05\/C_04.jpg\" width=\"640\" height=\"400\" srcset=\"\"          class=\"so-widget-image\" \/>\r\n\r\n    \r\n    \r\n    <\/div>\r\n\r\n<\/div><\/div><\/div><div id=\"pgc-14089-8-1\"  class=\"panel-grid-cell\" ><div id=\"panel-14089-8-1-0\" class=\"so-panel widget widget_sow-editor panel-first-child panel-last-child\" data-index=\"13\" ><div\n\t\t\t\n\t\t\tclass=\"so-widget-sow-editor so-widget-sow-editor-base\"\n\t\t\t\n\t\t>\n<div class=\"siteorigin-widget-tinymce textwidget\">\n\t<p>Et pour laver la peau s\u00e8che de votre corps, optez pour un nettoyant doux comme une <a href=\"https:\/\/www.yves-rocher.fr\/corps-et-douche\/bain-et-douche\/huile-et-creme-de-douche\/c\/43200\">huile de douche<\/a>. Elle nettoie l\u2019\u00e9piderme en douceur et le soulage des tiraillements. Appliquez ensuite un <a href=\"https:\/\/www.yves-rocher.fr\/corps-et-douche\/soin-du-corps\/lait-hydratant\/c\/41300\">lait hydratant<\/a> ou une <a href=\"https:\/\/www.yves-rocher.fr\/corps-et-douche\/soin-du-corps\/huile-et-soin-reparateur\/c\/41200\">huile corps<\/a> pour nourrir et apporter de l\u2019hydratation. Compl\u00e9tez cette routine beaut\u00e9 avec un gommage 1 \u00e0 2 fois par semaine.<\/p>\n<\/div>\n<\/div><\/div><\/div><\/div><div id=\"pg-14089-9\"  class=\"panel-grid panel-no-style\" ><div id=\"pgc-14089-9-0\"  class=\"panel-grid-cell\" ><div id=\"panel-14089-9-0-0\" class=\"so-panel widget widget_sow-editor panel-first-child panel-last-child\" data-index=\"14\" ><div\n\t\t\t\n\t\t\tclass=\"so-widget-sow-editor so-widget-sow-editor-base\"\n\t\t\t\n\t\t>\n<div class=\"siteorigin-widget-tinymce textwidget\">\n\t<h3>Quels gestes adopter et quels produits pour une peau d\u00e9shydrat\u00e9e ?<\/h3>\n<\/div>\n<\/div><\/div><\/div><\/div><div id=\"pg-14089-10\"  class=\"panel-grid panel-no-style\" ><div id=\"pgc-14089-10-0\"  class=\"panel-grid-cell\" ><div id=\"panel-14089-10-0-0\" class=\"so-panel widget widget_sow-editor panel-first-child panel-last-child\" data-index=\"15\" ><div\n\t\t\t\n\t\t\tclass=\"so-widget-sow-editor so-widget-sow-editor-base\"\n\t\t\t\n\t\t>\n<div class=\"siteorigin-widget-tinymce textwidget\">\n\t<p>Si la peau de votre visage est d\u00e9shydrat\u00e9e, les gestes \u00e0 adopter sont les m\u00eames que ceux associ\u00e9s aux peaux s\u00e8ches. Vous devrez cependant choisir un nettoyant, un d\u00e9maquillant et une cr\u00e8me\u00a0 de jour et de nuit adapt\u00e9s \u00e0 ses besoins sp\u00e9cifiques. Si vous avez la peau grasse, mixte ou normale, privil\u00e9giez des produits non agressifs, qui hydratent sans ass\u00e9cher. Chaque matin, appliquez une cr\u00e8me de jour l\u00e9g\u00e8re pour renforcer la barri\u00e8re cutan\u00e9e. Elle vous permet d\u2019hydrater votre peau sans obstruer les pores.<\/p>\n<\/div>\n<\/div><\/div><\/div><div id=\"pgc-14089-10-1\"  class=\"panel-grid-cell\" ><div id=\"panel-14089-10-1-0\" class=\"so-panel widget widget_sow-image panel-first-child panel-last-child\" data-index=\"16\" ><div\n\t\t\t\n\t\t\tclass=\"so-widget-sow-image so-widget-sow-image-default-8b5b6f678277-14089\"\n\t\t\t\n\t\t>\r\n\r\n\r\n<div class=\"sow-image-container\">\r\n    \r\n    <img loading=\"lazy\" decoding=\"async\" src=\"https:\/\/abspace.yves-rocher.com\/fr\/wp-content\/uploads\/2024\/05\/C_19-nv.jpg\" width=\"640\" height=\"400\" srcset=\"\" title=\"C_19 nv\"          class=\"so-widget-image\" \/>\r\n\r\n    \r\n    \r\n    <\/div>\r\n\r\n<\/div><\/div><\/div><\/div><div id=\"pg-14089-11\"  class=\"panel-grid panel-no-style\" ><div id=\"pgc-14089-11-0\"  class=\"panel-grid-cell\" ><div id=\"panel-14089-11-0-0\" class=\"so-panel widget widget_sow-editor panel-first-child panel-last-child\" data-index=\"17\" ><div\n\t\t\t\n\t\t\tclass=\"so-widget-sow-editor so-widget-sow-editor-base\"\n\t\t\t\n\t\t>\n<div class=\"siteorigin-widget-tinymce textwidget\">\n\t<p>Pour le corps, les \u00e9pidermes d\u00e9shydrat\u00e9s sont r\u00e9confort\u00e9s gr\u00e2ce aux soins pr\u00e9sent\u00e9s ci-apr\u00e8s.\u00a0<\/p>\n<h2 style=\"text-align: left\">Focus sur la gamme \u201cR\u00e9paration\u201d: l\u2019association du beurre de Karit\u00e9 Bio et du Calendula Bio<\/h2>\n<\/div>\n<\/div><\/div><\/div><\/div><div id=\"pg-14089-12\"  class=\"panel-grid panel-no-style\" ><div id=\"pgc-14089-12-0\"  class=\"panel-grid-cell\" ><div id=\"panel-14089-12-0-0\" class=\"so-panel widget widget_sow-image panel-first-child panel-last-child\" data-index=\"18\" ><div\n\t\t\t\n\t\t\tclass=\"so-widget-sow-image so-widget-sow-image-default-8b5b6f678277-14089\"\n\t\t\t\n\t\t>\r\n\r\n\r\n<div class=\"sow-image-container\">\r\n    \r\n    <img loading=\"lazy\" decoding=\"async\" src=\"https:\/\/abspace.yves-rocher.com\/fr\/wp-content\/uploads\/2024\/05\/C_02.jpg\" width=\"640\" height=\"400\" srcset=\"\"          class=\"so-widget-image\" \/>\r\n\r\n    \r\n    \r\n    <\/div>\r\n\r\n<\/div><\/div><\/div><div id=\"pgc-14089-12-1\"  class=\"panel-grid-cell\" ><div id=\"panel-14089-12-1-0\" class=\"so-panel widget widget_sow-editor panel-first-child panel-last-child\" data-index=\"19\" ><div\n\t\t\t\n\t\t\tclass=\"so-widget-sow-editor so-widget-sow-editor-base\"\n\t\t\t\n\t\t>\n<div class=\"siteorigin-widget-tinymce textwidget\">\n\t<p>La gamme R\u00e9paration Yves Rocher s\u2019adresse tout particuli\u00e8rement aux peaux s\u00e8ches, mais peut aussi \u00eatre appliqu\u00e9e sur les peaux d\u00e9shydrat\u00e9es lorsqu\u2019elles en ont besoin. Cette gamme comporte des produits lavants et des soins r\u00e9parateurs et apaisants pour le corps. Elle offre un nettoyage en douceur et une hydratation intense.<\/p>\n<\/div>\n<\/div><\/div><\/div><\/div><div id=\"pg-14089-13\"  class=\"panel-grid panel-no-style\" ><div id=\"pgc-14089-13-0\"  class=\"panel-grid-cell\" ><div id=\"panel-14089-13-0-0\" class=\"so-panel widget widget_sow-editor panel-first-child panel-last-child\" data-index=\"20\" ><div\n\t\t\t\n\t\t\tclass=\"so-widget-sow-editor so-widget-sow-editor-base\"\n\t\t\t\n\t\t>\n<div class=\"siteorigin-widget-tinymce textwidget\">\n\t<p>Cette gamme de soin associe le Karit\u00e9 Bio et le Calendula Bio pour restaurer la barri\u00e8re cutan\u00e9e et offrir du r\u00e9confort aux peaux s\u00e8ches et\/ou d\u00e9shydrat\u00e9es. Le Karit\u00e9 est riche en acide gras comme les om\u00e9ga 9. Il est reconnu pour ses propri\u00e9t\u00e9s \u00e9mollientes, nourrissantes et r\u00e9paratrices. Sa richesse pr\u00e9serve la peau de la d\u00e9shydratation et renforce la barri\u00e8re cutan\u00e9e en la rendant plus r\u00e9sistante aux agressions ext\u00e9rieures.<\/p>\n<\/div>\n<\/div><\/div><\/div><div id=\"pgc-14089-13-1\"  class=\"panel-grid-cell\" ><div id=\"panel-14089-13-1-0\" class=\"so-panel widget widget_sow-image panel-first-child panel-last-child\" data-index=\"21\" ><div\n\t\t\t\n\t\t\tclass=\"so-widget-sow-image so-widget-sow-image-default-8b5b6f678277-14089\"\n\t\t\t\n\t\t>\r\n\r\n\r\n<div class=\"sow-image-container\">\r\n    \r\n    <img loading=\"lazy\" decoding=\"async\" src=\"https:\/\/abspace.yves-rocher.com\/fr\/wp-content\/uploads\/2024\/05\/C_01.jpg\" width=\"640\" height=\"400\" srcset=\"\" title=\"\u00a9 Dominique Rolland - Graines de Karit\u00e9\"          class=\"so-widget-image\" \/>\r\n\r\n    \r\n    \r\n    <\/div>\r\n\r\n<\/div><\/div><\/div><\/div><div id=\"pg-14089-14\"  class=\"panel-grid panel-no-style\" ><div id=\"pgc-14089-14-0\"  class=\"panel-grid-cell\" ><div id=\"panel-14089-14-0-0\" class=\"so-panel widget widget_sow-image panel-first-child panel-last-child\" data-index=\"22\" ><div\n\t\t\t\n\t\t\tclass=\"so-widget-sow-image so-widget-sow-image-default-8b5b6f678277-14089\"\n\t\t\t\n\t\t>\r\n\r\n\r\n<div class=\"sow-image-container\">\r\n    \r\n    <img loading=\"lazy\" decoding=\"async\" src=\"https:\/\/abspace.yves-rocher.com\/fr\/wp-content\/uploads\/2024\/05\/C_03.jpg\" width=\"640\" height=\"400\" srcset=\"\" title=\"France, Morbihan (56), La Gacilly, cueillette du Calendula (Calendula officinalis)\"          class=\"so-widget-image\" \/>\r\n\r\n    \r\n    \r\n    <\/div>\r\n\r\n<\/div><\/div><\/div><div id=\"pgc-14089-14-1\"  class=\"panel-grid-cell\" ><div id=\"panel-14089-14-1-0\" class=\"so-panel widget widget_sow-editor panel-first-child panel-last-child\" data-index=\"23\" ><div\n\t\t\t\n\t\t\tclass=\"so-widget-sow-editor so-widget-sow-editor-base\"\n\t\t\t\n\t\t>\n<div class=\"siteorigin-widget-tinymce textwidget\">\n\t<p>Le Calendula est compos\u00e9 de triterp\u00e8nes et de phytost\u00e9rols aux propri\u00e9t\u00e9s apaisantes. Il a la capacit\u00e9 de r\u00e9duire la production des m\u00e9diateurs de l\u2019inflammation en r\u00e9ponse au stress et aux agressions ext\u00e9rieures. Il permet ainsi de soulager les tiraillements et tous les facteurs d\u2019inconforts des peaux s\u00e8ches et d\u00e9shydrat\u00e9es.<\/p>\n<\/div>\n<\/div><\/div><\/div><\/div><div id=\"pg-14089-15\"  class=\"panel-grid panel-no-style\" ><div id=\"pgc-14089-15-0\"  class=\"panel-grid-cell\" ><div id=\"panel-14089-15-0-0\" class=\"so-panel widget widget_sow-editor panel-first-child panel-last-child\" data-index=\"24\" ><div\n\t\t\t\n\t\t\tclass=\"so-widget-sow-editor so-widget-sow-editor-base\"\n\t\t\t\n\t\t>\n<div class=\"siteorigin-widget-tinymce textwidget\">\n\t<p>Notre Huile Corps Ultra-Nourrissante de la gamme R\u00e9paration est sp\u00e9cialement formul\u00e9e pour apporter une nutrition et une hydratation imm\u00e9diates \u00e0 votre peau s\u00e8che ou d\u00e9shydrat\u00e9e. Sa formule enrichie en Karit\u00e9 et en Calendula contient plus de 99 % d\u2019ingr\u00e9dients naturels. Sans silicone et vegan, sa texture huile soyeuse s\u2019applique apr\u00e8s votre douche en effectuant des massages l\u00e9gers sur la peau pour faciliter son absorption. On vous recommande d\u2019insister sur les zones les plus s\u00e8ches, comme les genoux et les coudes. Jour apr\u00e8s jour, ce soin sublime votre peau, la rend souple et douce. Elle l\u2019enveloppe d\u2019un r\u00e9confort imm\u00e9diat et d\u2019une senteur agr\u00e9able.<\/p>\n<p>Que votre peau soit s\u00e8che par nature ou ponctuellement d\u00e9shydrat\u00e9e, l\u2019essentiel est de l\u2019hydrater et de la nourrir lors de votre routine quotidienne. Apr\u00e8s quelques applications, elle retrouve sa beaut\u00e9 et son \u00e9clat.<\/p>\n<p>Plus de sujets beaut\u00e9 :<\/p>\n<ul>\n<li>Beurre de Karit\u00e9 : ses bienfaits et propri\u00e9t\u00e9s pour la peau s\u00e8che<\/li>\n<li>Tous nos conseils pour prendre soin de sa peau s\u00e8che<\/li>\n<li>Tous nos conseils pour prendre soin de ses pieds secs<\/li>\n<\/ul>\n<\/div>\n<\/div><\/div><\/div><\/div><\/div>","protected":false},"excerpt":{"rendered":"<p>On confond souvent peau s\u00e8che et d\u00e9shydrat\u00e9e. En r\u00e9alit\u00e9, \u00e7a n\u2019est pas tout \u00e0 fait la m\u00eame chose ! M\u00eame si elles ont des caract\u00e9ristiques communes, elles pr\u00e9sentent des diff\u00e9rences. On va vous expliquer lesquelles et comment en prendre soin.\u00a0Une peau s\u00e8che manque par nature d\u2019eau et de s\u00e9bum tandis qu\u2019une peau d\u00e9shydrat\u00e9e est principalement &hellip; <a href=\"https:\/\/abspace.yves-rocher.com\/fr\/fr\/peau-seche-ou-deshydratee-quelles-differences\/\" class=\"more-link\">Continue reading<span class=\"screen-reader-text\"> &#8220;Peau s\u00e8che ou d\u00e9shydrat\u00e9e : quelles diff\u00e9rences?&#8221;<\/span><\/a><\/p>\n","protected":false},"author":556493,"featured_media":14127,"comment_status":"open","ping_status":"open","sticky":false,"template":"","format":"standard","meta":{"_acf_changed":false,"_exactmetrics_skip_tracking":false,"_exactmetrics_sitenote_active":false,"_exactmetrics_sitenote_note":"","_exactmetrics_sitenote_category":0,"footnotes":""},"categories":[1],"tags":[543,280,584],"class_list":["post-14089","post","type-post","status-publish","format-standard","has-post-thumbnail","hentry","category-uncategorized","tag-astucesbeaute","tag-corps","tag-soincorps"],"acf":[],"yoast_head":"<!-- This site is optimized with the Yoast SEO plugin v24.7 - https:\/\/yoast.com\/wordpress\/plugins\/seo\/ -->\n<title>Peaux s\u00e8ches ou d\u00e9shydrat\u00e9es : les diff\u00e9rences \u2022 Yves Rocher<\/title>\n<meta name=\"description\" content=\"M\u00eame si elles ont de nombreux points communs, les peaux s\u00e8ches et d\u00e9shydrat\u00e9es ont des diff\u00e9rences. Les conna\u00eetre permet de choisir des soins adapt\u00e9s.\" \/>\n<meta name=\"robots\" content=\"index, follow, max-snippet:-1, max-image-preview:large, max-video-preview:-1\" \/>\n<link rel=\"canonical\" href=\"https:\/\/abspace.yves-rocher.com\/fr\/fr\/peau-seche-ou-deshydratee-quelles-differences\/\" \/>\n<meta property=\"og:locale\" content=\"fr_FR\" \/>\n<meta property=\"og:type\" content=\"article\" \/>\n<meta property=\"og:title\" content=\"Peaux s\u00e8ches ou d\u00e9shydrat\u00e9es : les diff\u00e9rences \u2022 Yves Rocher\" \/>\n<meta property=\"og:description\" content=\"M\u00eame si elles ont de nombreux points communs, les peaux s\u00e8ches et d\u00e9shydrat\u00e9es ont des diff\u00e9rences. Les conna\u00eetre permet de choisir des soins adapt\u00e9s.\" \/>\n<meta property=\"og:url\" content=\"https:\/\/abspace.yves-rocher.com\/fr\/fr\/peau-seche-ou-deshydratee-quelles-differences\/\" \/>\n<meta property=\"og:site_name\" content=\"France YR AB\" \/>\n<meta property=\"article:published_time\" content=\"2024-05-28T12:21:19+00:00\" \/>\n<meta property=\"article:modified_time\" content=\"2024-05-28T12:56:27+00:00\" \/>\n<meta property=\"og:image\" content=\"https:\/\/abspace.yves-rocher.com\/fr\/wp-content\/uploads\/2024\/05\/Features_C_06.jpg\" \/>\n\t<meta property=\"og:image:width\" content=\"750\" \/>\n\t<meta property=\"og:image:height\" content=\"750\" \/>\n\t<meta property=\"og:image:type\" content=\"image\/jpeg\" \/>\n<meta name=\"author\" content=\"samuel.giard@yrnet.com\" \/>\n<meta name=\"twitter:card\" content=\"summary_large_image\" \/>\n<meta name=\"twitter:creator\" content=\"@samuel.giard@yrnet.com\" \/>\n<meta name=\"twitter:label1\" content=\"Written by\" \/>\n\t<meta name=\"twitter:data1\" content=\"samuel.giard@yrnet.com\" \/>\n\t<meta name=\"twitter:label2\" content=\"Est. reading time\" \/>\n\t<meta name=\"twitter:data2\" content=\"7 minutes\" \/>\n<script type=\"application\/ld+json\" class=\"yoast-schema-graph\">{\"@context\":\"https:\/\/schema.org\",\"@graph\":[{\"@type\":\"WebPage\",\"@id\":\"https:\/\/abspace.yves-rocher.com\/fr\/fr\/peau-seche-ou-deshydratee-quelles-differences\/\",\"url\":\"https:\/\/abspace.yves-rocher.com\/fr\/fr\/peau-seche-ou-deshydratee-quelles-differences\/\",\"name\":\"Peaux s\u00e8ches ou d\u00e9shydrat\u00e9es : les diff\u00e9rences \u2022 Yves Rocher\",\"isPartOf\":{\"@id\":\"https:\/\/abspace.yves-rocher.com\/fr\/#website\"},\"primaryImageOfPage\":{\"@id\":\"https:\/\/abspace.yves-rocher.com\/fr\/fr\/peau-seche-ou-deshydratee-quelles-differences\/#primaryimage\"},\"image\":{\"@id\":\"https:\/\/abspace.yves-rocher.com\/fr\/fr\/peau-seche-ou-deshydratee-quelles-differences\/#primaryimage\"},\"thumbnailUrl\":\"https:\/\/abspace.yves-rocher.com\/fr\/wp-content\/uploads\/2024\/05\/Features_C_06.jpg\",\"datePublished\":\"2024-05-28T12:21:19+00:00\",\"dateModified\":\"2024-05-28T12:56:27+00:00\",\"author\":{\"@id\":\"https:\/\/abspace.yves-rocher.com\/fr\/#\/schema\/person\/7166d509a8bdfcb88558f0cfe5d33d69\"},\"description\":\"M\u00eame si elles ont de nombreux points communs, les peaux s\u00e8ches et d\u00e9shydrat\u00e9es ont des diff\u00e9rences. Les conna\u00eetre permet de choisir des soins adapt\u00e9s.\",\"breadcrumb\":{\"@id\":\"https:\/\/abspace.yves-rocher.com\/fr\/fr\/peau-seche-ou-deshydratee-quelles-differences\/#breadcrumb\"},\"inLanguage\":\"fr-FR\",\"potentialAction\":[{\"@type\":\"ReadAction\",\"target\":[\"https:\/\/abspace.yves-rocher.com\/fr\/fr\/peau-seche-ou-deshydratee-quelles-differences\/\"]}]},{\"@type\":\"ImageObject\",\"inLanguage\":\"fr-FR\",\"@id\":\"https:\/\/abspace.yves-rocher.com\/fr\/fr\/peau-seche-ou-deshydratee-quelles-differences\/#primaryimage\",\"url\":\"https:\/\/abspace.yves-rocher.com\/fr\/wp-content\/uploads\/2024\/05\/Features_C_06.jpg\",\"contentUrl\":\"https:\/\/abspace.yves-rocher.com\/fr\/wp-content\/uploads\/2024\/05\/Features_C_06.jpg\",\"width\":750,\"height\":750},{\"@type\":\"BreadcrumbList\",\"@id\":\"https:\/\/abspace.yves-rocher.com\/fr\/fr\/peau-seche-ou-deshydratee-quelles-differences\/#breadcrumb\",\"itemListElement\":[{\"@type\":\"ListItem\",\"position\":1,\"name\":\"Home\",\"item\":\"https:\/\/abspace.yves-rocher.com\/fr\/fr\/\"},{\"@type\":\"ListItem\",\"position\":2,\"name\":\"Peau s\u00e8che ou d\u00e9shydrat\u00e9e : quelles diff\u00e9rences?\"}]},{\"@type\":\"WebSite\",\"@id\":\"https:\/\/abspace.yves-rocher.com\/fr\/#website\",\"url\":\"https:\/\/abspace.yves-rocher.com\/fr\/\",\"name\":\"France YR AB\",\"description\":\"France YR AB\",\"potentialAction\":[{\"@type\":\"SearchAction\",\"target\":{\"@type\":\"EntryPoint\",\"urlTemplate\":\"https:\/\/abspace.yves-rocher.com\/fr\/?s={search_term_string}\"},\"query-input\":{\"@type\":\"PropertyValueSpecification\",\"valueRequired\":true,\"valueName\":\"search_term_string\"}}],\"inLanguage\":\"fr-FR\"},{\"@type\":\"Person\",\"@id\":\"https:\/\/abspace.yves-rocher.com\/fr\/#\/schema\/person\/7166d509a8bdfcb88558f0cfe5d33d69\",\"name\":\"samuel.giard@yrnet.com\",\"image\":{\"@type\":\"ImageObject\",\"inLanguage\":\"fr-FR\",\"@id\":\"https:\/\/abspace.yves-rocher.com\/fr\/#\/schema\/person\/image\/\",\"url\":\"https:\/\/secure.gravatar.com\/avatar\/ef43c54bec0e84c96207b7ab89569915?s=96&d=mm&r=g\",\"contentUrl\":\"https:\/\/secure.gravatar.com\/avatar\/ef43c54bec0e84c96207b7ab89569915?s=96&d=mm&r=g\",\"caption\":\"samuel.giard@yrnet.com\"},\"sameAs\":[\"https:\/\/x.com\/samuel.giard@yrnet.com\"],\"url\":\"https:\/\/abspace.yves-rocher.com\/fr\/fr\/author\/samuel-giardyrnet-com\/\"}]}<\/script>\n<!-- \/ Yoast SEO plugin. -->","yoast_head_json":{"title":"Peaux s\u00e8ches ou d\u00e9shydrat\u00e9es : les diff\u00e9rences \u2022 Yves Rocher","description":"M\u00eame si elles ont de nombreux points communs, les peaux s\u00e8ches et d\u00e9shydrat\u00e9es ont des diff\u00e9rences. Les conna\u00eetre permet de choisir des soins adapt\u00e9s.","robots":{"index":"index","follow":"follow","max-snippet":"max-snippet:-1","max-image-preview":"max-image-preview:large","max-video-preview":"max-video-preview:-1"},"canonical":"https:\/\/abspace.yves-rocher.com\/fr\/fr\/peau-seche-ou-deshydratee-quelles-differences\/","og_locale":"fr_FR","og_type":"article","og_title":"Peaux s\u00e8ches ou d\u00e9shydrat\u00e9es : les diff\u00e9rences \u2022 Yves Rocher","og_description":"M\u00eame si elles ont de nombreux points communs, les peaux s\u00e8ches et d\u00e9shydrat\u00e9es ont des diff\u00e9rences. Les conna\u00eetre permet de choisir des soins adapt\u00e9s.","og_url":"https:\/\/abspace.yves-rocher.com\/fr\/fr\/peau-seche-ou-deshydratee-quelles-differences\/","og_site_name":"France YR AB","article_published_time":"2024-05-28T12:21:19+00:00","article_modified_time":"2024-05-28T12:56:27+00:00","og_image":[{"width":750,"height":750,"url":"https:\/\/abspace.yves-rocher.com\/fr\/wp-content\/uploads\/2024\/05\/Features_C_06.jpg","type":"image\/jpeg"}],"author":"samuel.giard@yrnet.com","twitter_card":"summary_large_image","twitter_creator":"@samuel.giard@yrnet.com","twitter_misc":{"Written by":"samuel.giard@yrnet.com","Est. reading time":"7 minutes"},"schema":{"@context":"https:\/\/schema.org","@graph":[{"@type":"WebPage","@id":"https:\/\/abspace.yves-rocher.com\/fr\/fr\/peau-seche-ou-deshydratee-quelles-differences\/","url":"https:\/\/abspace.yves-rocher.com\/fr\/fr\/peau-seche-ou-deshydratee-quelles-differences\/","name":"Peaux s\u00e8ches ou d\u00e9shydrat\u00e9es : les diff\u00e9rences \u2022 Yves Rocher","isPartOf":{"@id":"https:\/\/abspace.yves-rocher.com\/fr\/#website"},"primaryImageOfPage":{"@id":"https:\/\/abspace.yves-rocher.com\/fr\/fr\/peau-seche-ou-deshydratee-quelles-differences\/#primaryimage"},"image":{"@id":"https:\/\/abspace.yves-rocher.com\/fr\/fr\/peau-seche-ou-deshydratee-quelles-differences\/#primaryimage"},"thumbnailUrl":"https:\/\/abspace.yves-rocher.com\/fr\/wp-content\/uploads\/2024\/05\/Features_C_06.jpg","datePublished":"2024-05-28T12:21:19+00:00","dateModified":"2024-05-28T12:56:27+00:00","author":{"@id":"https:\/\/abspace.yves-rocher.com\/fr\/#\/schema\/person\/7166d509a8bdfcb88558f0cfe5d33d69"},"description":"M\u00eame si elles ont de nombreux points communs, les peaux s\u00e8ches et d\u00e9shydrat\u00e9es ont des diff\u00e9rences. Les conna\u00eetre permet de choisir des soins adapt\u00e9s.","breadcrumb":{"@id":"https:\/\/abspace.yves-rocher.com\/fr\/fr\/peau-seche-ou-deshydratee-quelles-differences\/#breadcrumb"},"inLanguage":"fr-FR","potentialAction":[{"@type":"ReadAction","target":["https:\/\/abspace.yves-rocher.com\/fr\/fr\/peau-seche-ou-deshydratee-quelles-differences\/"]}]},{"@type":"ImageObject","inLanguage":"fr-FR","@id":"https:\/\/abspace.yves-rocher.com\/fr\/fr\/peau-seche-ou-deshydratee-quelles-differences\/#primaryimage","url":"https:\/\/abspace.yves-rocher.com\/fr\/wp-content\/uploads\/2024\/05\/Features_C_06.jpg","contentUrl":"https:\/\/abspace.yves-rocher.com\/fr\/wp-content\/uploads\/2024\/05\/Features_C_06.jpg","width":750,"height":750},{"@type":"BreadcrumbList","@id":"https:\/\/abspace.yves-rocher.com\/fr\/fr\/peau-seche-ou-deshydratee-quelles-differences\/#breadcrumb","itemListElement":[{"@type":"ListItem","position":1,"name":"Home","item":"https:\/\/abspace.yves-rocher.com\/fr\/fr\/"},{"@type":"ListItem","position":2,"name":"Peau s\u00e8che ou d\u00e9shydrat\u00e9e : quelles diff\u00e9rences?"}]},{"@type":"WebSite","@id":"https:\/\/abspace.yves-rocher.com\/fr\/#website","url":"https:\/\/abspace.yves-rocher.com\/fr\/","name":"France YR AB","description":"France YR AB","potentialAction":[{"@type":"SearchAction","target":{"@type":"EntryPoint","urlTemplate":"https:\/\/abspace.yves-rocher.com\/fr\/?s={search_term_string}"},"query-input":{"@type":"PropertyValueSpecification","valueRequired":true,"valueName":"search_term_string"}}],"inLanguage":"fr-FR"},{"@type":"Person","@id":"https:\/\/abspace.yves-rocher.com\/fr\/#\/schema\/person\/7166d509a8bdfcb88558f0cfe5d33d69","name":"samuel.giard@yrnet.com","image":{"@type":"ImageObject","inLanguage":"fr-FR","@id":"https:\/\/abspace.yves-rocher.com\/fr\/#\/schema\/person\/image\/","url":"https:\/\/secure.gravatar.com\/avatar\/ef43c54bec0e84c96207b7ab89569915?s=96&d=mm&r=g","contentUrl":"https:\/\/secure.gravatar.com\/avatar\/ef43c54bec0e84c96207b7ab89569915?s=96&d=mm&r=g","caption":"samuel.giard@yrnet.com"},"sameAs":["https:\/\/x.com\/samuel.giard@yrnet.com"],"url":"https:\/\/abspace.yves-rocher.com\/fr\/fr\/author\/samuel-giardyrnet-com\/"}]}},"_links":{"self":[{"href":"https:\/\/abspace.yves-rocher.com\/fr\/ws\/wp\/v2\/posts\/14089","targetHints":{"allow":["GET"]}}],"collection":[{"href":"https:\/\/abspace.yves-rocher.com\/fr\/ws\/wp\/v2\/posts"}],"about":[{"href":"https:\/\/abspace.yves-rocher.com\/fr\/ws\/wp\/v2\/types\/post"}],"author":[{"embeddable":true,"href":"https:\/\/abspace.yves-rocher.com\/fr\/ws\/wp\/v2\/users\/556493"}],"replies":[{"embeddable":true,"href":"https:\/\/abspace.yves-rocher.com\/fr\/ws\/wp\/v2\/comments?post=14089"}],"version-history":[{"count":6,"href":"https:\/\/abspace.yves-rocher.com\/fr\/ws\/wp\/v2\/posts\/14089\/revisions"}],"predecessor-version":[{"id":14206,"href":"https:\/\/abspace.yves-rocher.com\/fr\/ws\/wp\/v2\/posts\/14089\/revisions\/14206"}],"wp:featuredmedia":[{"embeddable":true,"href":"https:\/\/abspace.yves-rocher.com\/fr\/ws\/wp\/v2\/media\/14127"}],"wp:attachment":[{"href":"https:\/\/abspace.yves-rocher.com\/fr\/ws\/wp\/v2\/media?parent=14089"}],"wp:term":[{"taxonomy":"category","embeddable":true,"href":"https:\/\/abspace.yves-rocher.com\/fr\/ws\/wp\/v2\/categories?post=14089"},{"taxonomy":"post_tag","embeddable":true,"href":"https:\/\/abspace.yves-rocher.com\/fr\/ws\/wp\/v2\/tags?post=14089"}],"curies":[{"name":"wp","href":"https:\/\/api.w.org\/{rel}","templated":true}]}}