{"id":3703,"date":"2018-04-01T08:00:46","date_gmt":"2018-04-01T06:30:46","guid":{"rendered":"http:\/\/abspace.yves-rocher.com\/fr\/?p=3703"},"modified":"2024-01-26T12:06:16","modified_gmt":"2024-01-26T10:36:16","slug":"zoom-sur-le-monoi","status":"publish","type":"post","link":"https:\/\/abspace.yves-rocher.com\/fr\/fr\/zoom-sur-le-monoi\/","title":{"rendered":"La fleur de tiar\u00e9, l\u2019or parfum\u00e9 de Tahiti"},"content":{"rendered":"<div id=\"pl-3703\"  class=\"panel-layout\" ><div id=\"pg-3703-0\"  class=\"panel-grid panel-no-style\" ><div id=\"pgc-3703-0-0\"  class=\"panel-grid-cell\" ><div id=\"panel-3703-0-0-0\" class=\"so-panel widget widget_sow-editor panel-first-child panel-last-child\" data-index=\"0\" ><div\n\t\t\t\n\t\t\tclass=\"so-widget-sow-editor so-widget-sow-editor-base\"\n\t\t\t\n\t\t>\n<div class=\"siteorigin-widget-tinymce textwidget\">\n\t<p style=\"text-align: center\"><span data-scheme-color=\"@000000,,\" data-usefontface=\"true\" data-contrast=\"none\">On conna\u00eet toutes le\u00a0<\/span> <a href=\"https:\/\/www.yves-rocher.fr\/monoi\"><span data-scheme-color=\"@000000,,\" data-usefontface=\"true\" data-contrast=\"none\">mono\u00ef<\/span><\/a><span data-scheme-color=\"@000000,,\" data-usefontface=\"true\" data-contrast=\"none\"> et son odeur envo\u00fbtante qui nous fait instantan\u00e9ment oublier la grisaille. Eh <\/span><span data-scheme-color=\"@000000,,\" data-usefontface=\"true\" data-contrast=\"none\">oui, le mono\u00ef, c\u2019est le soleil, la mer et les vacances. Mais il n\u2019existerait pas sans la fleur de tiar\u00e9. Symbole de la <\/span><span data-scheme-color=\"@000000,,\" data-usefontface=\"true\" data-contrast=\"none\">Polyn\u00e9sie fran\u00e7aise, elle d\u00e9gage un d\u00e9licieux et puissant parfum. Direction Tahiti \u00e0 la d\u00e9couverte de cette <\/span><span data-scheme-color=\"@000000,,\" data-usefontface=\"true\" data-contrast=\"none\">fameuse fleur si ch\u00e8re au c\u0153ur des Tahitiens et si pr\u00e9cieuse pour la fabrication du mono\u00ef.<\/span>\u200b<\/p>\n<\/div>\n<\/div><\/div><\/div><\/div><div id=\"pg-3703-1\"  class=\"panel-grid panel-no-style\" ><div id=\"pgc-3703-1-0\"  class=\"panel-grid-cell\" ><div id=\"panel-3703-1-0-0\" class=\"so-panel widget widget_sow-editor panel-first-child panel-last-child\" data-index=\"1\" ><div\n\t\t\t\n\t\t\tclass=\"so-widget-sow-editor so-widget-sow-editor-base\"\n\t\t\t\n\t\t>\n<div class=\"siteorigin-widget-tinymce textwidget\">\n\t<h2 style=\"text-align: left\"><b><span data-scheme-color=\"@000000,,\" data-usefontface=\"true\" data-contrast=\"none\">La fleur de tiar\u00e9 : son origine, son histoire<\/span><\/b><\/h2>\n<p><span data-scheme-color=\"@000000,,\" data-usefontface=\"true\" data-contrast=\"none\">La fleur de tiar\u00e9, souvent appel\u00e9e \u00e0 tort \u00ab fleur de Mono\u00ef \u00bb, pousse <\/span><span data-scheme-color=\"@000000,,\" data-usefontface=\"true\" data-contrast=\"none\">principalement sur les terres volcaniques et calcaires de la <\/span><span data-scheme-color=\"@000000,,\" data-usefontface=\"true\" data-contrast=\"none\">Polyn\u00e9sie fran\u00e7aise. On reconnait le tiar\u00e9 \u00e0 ses p\u00e9tales <\/span><span data-scheme-color=\"@000000,,\" data-usefontface=\"true\" data-contrast=\"none\">g\u00e9n\u00e9ralement blancs, parfois jaunes ourl\u00e9s de rose ou de rouge, <\/span><span data-scheme-color=\"@000000,,\" data-usefontface=\"true\" data-contrast=\"none\">et \u00e0 son parfum d\u00e9licat de vanille et de jasmin. Depuis des si\u00e8cles, <\/span><span data-scheme-color=\"@000000,,\" data-usefontface=\"true\" data-contrast=\"none\">les Polyn\u00e9siens utilisent la fleur de tiar\u00e9 comme soin de beaut\u00e9 <\/span><span data-scheme-color=\"@000000,,\" data-usefontface=\"true\" data-contrast=\"none\">dans le mono\u00ef, mais aussi comme soin m\u00e9dicinal, notamment <\/span><span data-scheme-color=\"@000000,,\" data-usefontface=\"true\" data-contrast=\"none\">pour apaiser les coups de soleil.<\/span><\/p>\n<p>\u200b<span data-scheme-color=\"@000000,,\" data-usefontface=\"true\" data-contrast=\"none\">Le tiar\u00e9 est \u00e9galement un signe amical de bienvenue : on remet <\/span><span data-scheme-color=\"@000000,,\" data-usefontface=\"true\" data-contrast=\"none\">une couronne de fleurs \u00e0 chaque personne arrivant en Polyn\u00e9sie <\/span><span data-scheme-color=\"@000000,,\" data-usefontface=\"true\" data-contrast=\"none\">fran\u00e7aise. Les Tahitiens, eux, portent la fleur sur l\u2019oreille, mais pas <\/span><span data-scheme-color=\"@000000,,\" data-usefontface=\"true\" data-contrast=\"none\">n\u2019importe laquelle ! Ouvrez bien les yeux : si elle se trouve sur <\/span><span data-scheme-color=\"@000000,,\" data-usefontface=\"true\" data-contrast=\"none\">l\u2019oreille gauche, le c\u0153ur de la personne est pris. Si c\u2019est l\u2019oreille <\/span><span data-scheme-color=\"@000000,,\" data-usefontface=\"true\" data-contrast=\"none\">droite, son c\u0153ur est \u00e0 prendre.\u00a0\u00a0<\/span>\u200b<\/p>\n<p>\u200b<br \/>\u200b<\/p>\n<\/div>\n<\/div><\/div><\/div><div id=\"pgc-3703-1-1\"  class=\"panel-grid-cell\" ><div id=\"panel-3703-1-1-0\" class=\"so-panel widget widget_sow-image panel-first-child panel-last-child\" data-index=\"2\" ><div\n\t\t\t\n\t\t\tclass=\"so-widget-sow-image so-widget-sow-image-default-8b5b6f678277-3703\"\n\t\t\t\n\t\t>\r\n\r\n\r\n<div class=\"sow-image-container\">\r\n    \r\n    <img loading=\"lazy\" decoding=\"async\" src=\"https:\/\/abspace.yves-rocher.com\/fr\/wp-content\/uploads\/2018\/04\/1807_monoi-sourcing_image1_1100x652.jpg\" width=\"1100\" height=\"652\" srcset=\"\" title=\"copyright : \u00a9 Herenui VARNEY\"          class=\"so-widget-image\" \/>\r\n\r\n    \r\n    \r\n    <\/div>\r\n\r\n<\/div><\/div><\/div><\/div><div id=\"pg-3703-2\"  class=\"panel-grid panel-no-style\" ><div id=\"pgc-3703-2-0\"  class=\"panel-grid-cell\" ><div id=\"panel-3703-2-0-0\" class=\"so-panel widget widget_sow-image panel-first-child panel-last-child\" data-index=\"3\" ><div\n\t\t\t\n\t\t\tclass=\"so-widget-sow-image so-widget-sow-image-default-8b5b6f678277-3703\"\n\t\t\t\n\t\t>\r\n\r\n\r\n<div class=\"sow-image-container\">\r\n    \r\n    <img loading=\"lazy\" decoding=\"async\" src=\"https:\/\/abspace.yves-rocher.com\/fr\/wp-content\/uploads\/2018\/04\/Monoi_13.jpg\" width=\"640\" height=\"400\" srcset=\"\"          class=\"so-widget-image\" \/>\r\n\r\n    \r\n    \r\n    <\/div>\r\n\r\n<\/div><\/div><\/div><div id=\"pgc-3703-2-1\"  class=\"panel-grid-cell\" ><div id=\"panel-3703-2-1-0\" class=\"so-panel widget widget_sow-editor panel-first-child panel-last-child\" data-index=\"4\" ><div\n\t\t\t\n\t\t\tclass=\"so-widget-sow-editor so-widget-sow-editor-base\"\n\t\t\t\n\t\t>\n<div class=\"siteorigin-widget-tinymce textwidget\">\n\t<h2 style=\"text-align: left\"><b><span data-scheme-color=\"@000000,,\" data-usefontface=\"true\" data-contrast=\"none\">Comment pousse la fleur de tiar\u00e9 ?<\/span><\/b><\/h2>\n<p><span data-scheme-color=\"@000000,,\" data-usefontface=\"true\" data-contrast=\"none\">La fleur de tiar\u00e9 provient du <\/span><i><span data-scheme-color=\"@000000,,\" data-usefontface=\"true\" data-contrast=\"none\">Gardenia<\/span><\/i> <i><span data-scheme-color=\"@000000,,\" data-usefontface=\"true\" data-contrast=\"none\">tahitensis<\/span><\/i><span data-scheme-color=\"@000000,,\" data-usefontface=\"true\" data-contrast=\"none\">, un arbuste <\/span><span data-scheme-color=\"@000000,,\" data-usefontface=\"true\" data-contrast=\"none\">tropical qui fleurit toute l\u2019ann\u00e9e, mais qui conna\u00eet un pic de <\/span><span data-scheme-color=\"@000000,,\" data-usefontface=\"true\" data-contrast=\"none\">floraison pendant la p\u00e9riode de l\u2019\u00e9t\u00e9 austral, d\u2019octobre \u00e0 <\/span><span data-scheme-color=\"@000000,,\" data-usefontface=\"true\" data-contrast=\"none\">janvier. La fleur de tiar\u00e9 s\u2019\u00e9panouit \u00e0 la faveur d\u2019un climat <\/span><span data-scheme-color=\"@000000,,\" data-usefontface=\"true\" data-contrast=\"none\">tropical chaud et humide, lorsque la temp\u00e9rature se situe <\/span><span data-scheme-color=\"@000000,,\" data-usefontface=\"true\" data-contrast=\"none\">entre 25 et 30 degr\u00e9s. R\u00e9colt\u00e9e manuellement\u00a0au stade de <\/span><span data-scheme-color=\"@000000,,\" data-usefontface=\"true\" data-contrast=\"none\">bouton, elle d\u00e9ploie 5 \u00e0 9 p\u00e9tales allong\u00e9s et ne dure qu\u2019un <\/span><span data-scheme-color=\"@000000,,\" data-usefontface=\"true\" data-contrast=\"none\">jour ou deux avant de se faner. C\u2019est peut-\u00eatre ce qui la rend si <\/span><span data-scheme-color=\"@000000,,\" data-usefontface=\"true\" data-contrast=\"none\">sp\u00e9ciale !<\/span><\/p>\n<\/div>\n<\/div><\/div><\/div><\/div><div id=\"pg-3703-3\"  class=\"panel-grid panel-no-style\" ><div id=\"pgc-3703-3-0\"  class=\"panel-grid-cell\" ><div id=\"panel-3703-3-0-0\" class=\"so-panel widget widget_sow-editor panel-first-child panel-last-child\" data-index=\"5\" ><div\n\t\t\t\n\t\t\tclass=\"so-widget-sow-editor so-widget-sow-editor-base\"\n\t\t\t\n\t\t>\n<div class=\"siteorigin-widget-tinymce textwidget\">\n\t<h2 style=\"text-align: left\"><b>La fleur de tiar\u00e9, un ingr\u00e9dient indispensable dans la composition du mono\u00ef<\/b><\/h2>\n<p><span data-usefontface=\"true\" data-contrast=\"none\">Aujourd\u2019hui, le Mono\u00ef de Tahiti doit suivre un processus de <\/span><span data-usefontface=\"true\" data-contrast=\"none\">fabrication tr\u00e8s pr\u00e9cis et tr\u00e8s contr\u00f4l\u00e9 pour pouvoir b\u00e9n\u00e9ficier <\/span><span data-usefontface=\"true\" data-contrast=\"none\">du label Appellation d\u2019Origine.\u00a0<\/span><\/p>\n<p>\u200b<span data-usefontface=\"true\" data-contrast=\"none\">Pour r\u00e9colter les boutons de fleurs de tiar\u00e9, il faut d\u2019abord se <\/span><span data-usefontface=\"true\" data-contrast=\"none\">lever \u00e0 l\u2019aube. Oui, car c\u2019est \u00e0 ce moment-l\u00e0 que les fleurs sont <\/span><span data-usefontface=\"true\" data-contrast=\"none\">les plus fra\u00eeches et les plus concentr\u00e9es en actif, id\u00e9al pour la <\/span><span data-usefontface=\"true\" data-contrast=\"none\">fabrication du mono\u00ef. Ensuite, les boutons sont mis en <\/span><span data-usefontface=\"true\" data-contrast=\"none\">mac\u00e9ration dans l\u2019huile de coprah, la pulpe de noix de coco <\/span><span data-usefontface=\"true\" data-contrast=\"none\">s\u00e9ch\u00e9e au soleil, \u00e0 raison de 10 fleurs par litre. Apr\u00e8s plusieurs <\/span><span data-usefontface=\"true\" data-contrast=\"none\">jours, l\u2019ar\u00f4me des fleurs de tiar\u00e9 est distill\u00e9 dans l\u2019huile, <\/span><span data-usefontface=\"true\" data-contrast=\"none\">donnant ainsi la fameuse huile de mono\u00ef. Cette recette <\/span><span data-usefontface=\"true\" data-contrast=\"none\">traditionnelle suit la m\u00e9thode ancestrale de fabrication du <\/span><span data-usefontface=\"true\" data-contrast=\"none\">mono\u00ef, qui consistait \u00e0 mettre les p\u00e9tales de fleurs de tiar\u00e9 <\/span><span data-usefontface=\"true\" data-contrast=\"none\">directement en contact avec la pulpe fra\u00eeche de la noix de <\/span><span data-usefontface=\"true\" data-contrast=\"none\">coco m\u00fbre.<\/span>\u200b<\/p>\n<p>\u200b<br \/>\u200b<br \/>\u200b<\/p>\n<\/div>\n<\/div><\/div><\/div><div id=\"pgc-3703-3-1\"  class=\"panel-grid-cell\" ><div id=\"panel-3703-3-1-0\" class=\"so-panel widget widget_sow-image panel-first-child panel-last-child\" data-index=\"6\" ><div\n\t\t\t\n\t\t\tclass=\"so-widget-sow-image so-widget-sow-image-default-8b5b6f678277-3703\"\n\t\t\t\n\t\t>\r\n\r\n\r\n<div class=\"sow-image-container\">\r\n    \r\n    <img loading=\"lazy\" decoding=\"async\" src=\"https:\/\/abspace.yves-rocher.com\/fr\/wp-content\/uploads\/2018\/04\/Monoi_14.jpg\" width=\"640\" height=\"400\" srcset=\"\"          class=\"so-widget-image\" \/>\r\n\r\n    \r\n    \r\n    <\/div>\r\n\r\n<\/div><\/div><\/div><\/div><div id=\"pg-3703-4\"  class=\"panel-grid panel-no-style\" ><div id=\"pgc-3703-4-0\"  class=\"panel-grid-cell\" ><div id=\"panel-3703-4-0-0\" class=\"so-panel widget widget_sow-editor panel-first-child panel-last-child\" data-index=\"7\" ><div\n\t\t\t\n\t\t\tclass=\"so-widget-sow-editor so-widget-sow-editor-base\"\n\t\t\t\n\t\t>\n<div class=\"siteorigin-widget-tinymce textwidget\">\n\t<h2 style=\"text-align: left\" data-ccp-props=\"{&quot;335551550&quot;:6,&quot;335551620&quot;:6,&quot;335559683&quot;:0,&quot;335559685&quot;:0,&quot;335559731&quot;:0,&quot;335559737&quot;:0,&quot;335562764&quot;:2,&quot;335562765&quot;:1,&quot;335562766&quot;:4,&quot;335562767&quot;:18,&quot;335562768&quot;:4,&quot;335562769&quot;:0}\"><b><span data-scheme-color=\"@000000,,\" data-usefontface=\"true\" data-contrast=\"none\">Comment faire la diff\u00e9rence entre le vrai et le faux Mono\u00ef de Tahiti ?<\/span><\/b><\/h2>\n<p><span data-scheme-color=\"@000000,,\" data-usefontface=\"true\" data-contrast=\"none\">Le Mono\u00ef de Tahiti est une Appellation d\u2019Origine, mais le mot\u00a0 \u00ab\u00a0mono\u00ef\u00a0\u00bb n\u2019est pas prot\u00e9g\u00e9 d\u2019o\u00f9 le nombre important d\u2019\u00e9tiquettes <\/span><span data-scheme-color=\"@000000,,\" data-usefontface=\"true\" data-contrast=\"none\">ambigu\u00ebs indiquant \u00ab\u00a0Huile de Mono\u00ef \u00bb. Quelques pistes pour vous aider \u00e0 flairer la mauvaise affaire\u00a0:<\/span>\u200b<\/p>\n<ul>\n<li data-charcodes=\"8226\" data-font=\"Arial,Sans-Serif\" data-buautonum=\"8\" data-margin=\"270\" data-aria-posinset=\"1\" data-aria-level=\"1\"><span data-scheme-color=\"@000000,,\" data-usefontface=\"true\" data-contrast=\"none\">Pas de mention Mono\u00ef de Tahiti\u00a0sur l\u2019\u00e9tiquette ou le flacon\u00a0? M\u00e9fiance\u00a0!<\/span>\u200b<\/li>\n<li data-charcodes=\"8226\" data-font=\"Arial,Sans-Serif\" data-buautonum=\"8\" data-margin=\"270\" data-aria-posinset=\"2\" data-aria-level=\"1\"><span data-scheme-color=\"@000000,,\" data-usefontface=\"true\" data-contrast=\"none\">Les ingr\u00e9dients <\/span><i><span data-scheme-color=\"@000000,,\" data-usefontface=\"true\" data-contrast=\"none\">cocos <\/span><\/i><i><span data-scheme-color=\"@000000,,\" data-usefontface=\"true\" data-contrast=\"none\">nucifera<\/span><\/i><i><span data-scheme-color=\"@000000,,\" data-usefontface=\"true\" data-contrast=\"none\">\u00a0<\/span><\/i><span data-scheme-color=\"@000000,,\" data-usefontface=\"true\" data-contrast=\"none\">et<\/span><i><span data-scheme-color=\"@000000,,\" data-usefontface=\"true\" data-contrast=\"none\">\u00a0<\/span><\/i><i><span data-scheme-color=\"@000000,,\" data-usefontface=\"true\" data-contrast=\"none\">gardenia<\/span><\/i> <i><span data-scheme-color=\"@000000,,\" data-usefontface=\"true\" data-contrast=\"none\">tahitensis<\/span><\/i><span data-scheme-color=\"@000000,,\" data-usefontface=\"true\" data-contrast=\"none\">,<\/span> <span data-scheme-color=\"@000000,,\" data-usefontface=\"true\" data-contrast=\"none\">(ou<\/span> <i><span data-scheme-color=\"@000000,,\" data-usefontface=\"true\" data-contrast=\"none\">taitensis<\/span><\/i><span data-scheme-color=\"@000000,,\" data-usefontface=\"true\" data-contrast=\"none\">)<\/span> <span data-scheme-color=\"@000000,,\" data-usefontface=\"true\" data-contrast=\"none\">doivent figurer dans la composition de l\u2019huile, sinon, ce n\u2019est <\/span><span data-scheme-color=\"@000000,,\" data-usefontface=\"true\" data-contrast=\"none\">pas un Mono\u00ef de Tahiti<\/span>\u200b<\/li>\n<li data-charcodes=\"8226\" data-font=\"Arial,Sans-Serif\" data-buautonum=\"8\" data-margin=\"270\" data-aria-posinset=\"3\" data-aria-level=\"1\"><span data-scheme-color=\"@000000,,\" data-usefontface=\"true\" data-contrast=\"none\">Le mono\u00ef bio n\u2019existe pas. Une \u00e9tiquette avec le terme \u00ab\u00a0bio\u00a0\u00bb signifie forc\u00e9ment que le produit n\u2019est pas un vrai Mono\u00ef de Tahiti<\/span>\u200b<\/li>\n<\/ul>\n<p><span data-scheme-color=\"@000000,,\" data-usefontface=\"true\" data-contrast=\"none\">Avec son parfum enivrant, le tiar\u00e9 a de bonnes raisons de se jeter des fleurs !<\/span>\u200b<\/p>\n<\/div>\n<\/div><\/div><\/div><\/div><div id=\"pg-3703-5\"  class=\"panel-grid panel-no-style\" ><div id=\"pgc-3703-5-0\"  class=\"panel-grid-cell\" ><div id=\"panel-3703-5-0-0\" class=\"so-panel widget widget_sow-editor panel-first-child panel-last-child\" data-index=\"8\" ><div\n\t\t\t\n\t\t\tclass=\"so-widget-sow-editor so-widget-sow-editor-base\"\n\t\t\t\n\t\t>\n<div class=\"siteorigin-widget-tinymce textwidget\">\n\t<p style=\"text-align: left\"><b><span data-scheme-color=\"@000000,,\" data-usefontface=\"true\" data-contrast=\"none\">Bon \u00e0 savoir, pour ne pas se faire avoir<\/span><\/b>\u200b<\/p>\n<p style=\"text-align: left\"><span data-scheme-color=\"@000000,,\" data-usefontface=\"true\" data-contrast=\"none\">S\u2019il est indiqu\u00e9 sur le flacon Huile au Mono\u00ef, Huile de Mono\u00ef de Tahiti\u00a0ou encore Mono\u00ef 100% huile v\u00e9g\u00e9tale, il ne s\u2019agit pas d\u2019un Mono\u00ef <\/span><span data-scheme-color=\"@000000,,\" data-usefontface=\"true\" data-contrast=\"none\">de Tahiti pur. Le produit est dans ce cas compos\u00e9 \u00e0 50% de Mono\u00ef de Tahiti m\u00e9lang\u00e9 \u00e0 d\u2019autres huiles, parfois b\u00e9n\u00e9fiques pour la peau, <\/span><span data-scheme-color=\"@000000,,\" data-usefontface=\"true\" data-contrast=\"none\">parfois sans autre int\u00e9r\u00eat que celui de faire baisser le co\u00fbt de fabrication du produit.<\/span><\/p>\n<p style=\"text-align: left\">\u200b<span data-scheme-color=\"@000000,,\" data-usefontface=\"true\" data-contrast=\"none\">En r\u00e9sum\u00e9, un Mono\u00ef de Tahiti pur contient au moins 90% de mono\u00ef provenant de Tahiti, alors qu\u2019une huile au Mono\u00ef de Tahiti n\u2019en <\/span><span data-scheme-color=\"@000000,,\" data-usefontface=\"true\" data-contrast=\"none\">contient la plupart du temps que 50%.<\/span>\u200b<\/p>\n<p style=\"text-align: left\">\u200b<br \/>\u200b<\/p>\n<\/div>\n<\/div><\/div><\/div><\/div><div id=\"pg-3703-6\"  class=\"panel-grid panel-no-style\" ><div id=\"pgc-3703-6-0\"  class=\"panel-grid-cell\" ><div id=\"panel-3703-6-0-0\" class=\"so-panel widget panel-first-child panel-last-child\" data-index=\"9\" ><\/div><\/div><\/div><\/div>","protected":false},"excerpt":{"rendered":"<p>L&#8217;histoire de cette petite fleur blanche \u00e0 l&#8217;odeur si envoutante<\/p>\n","protected":false},"author":935949,"featured_media":3704,"comment_status":"open","ping_status":"open","sticky":false,"template":"","format":"standard","meta":{"_acf_changed":false,"_exactmetrics_skip_tracking":false,"_exactmetrics_sitenote_active":false,"_exactmetrics_sitenote_note":"","_exactmetrics_sitenote_category":0,"footnotes":""},"categories":[1],"tags":[543,634,584],"class_list":["post-3703","post","type-post","status-publish","format-standard","has-post-thumbnail","hentry","category-uncategorized","tag-astucesbeaute","tag-beautyadvices-fr","tag-soincorps"],"acf":[],"yoast_head":"<!-- This site is optimized with the Yoast SEO plugin v24.7 - https:\/\/yoast.com\/wordpress\/plugins\/seo\/ -->\n<title>Fleur de tiar\u00e9 : ses origines et son usage dans le mono\u00ef<\/title>\n<meta name=\"description\" content=\"La fleur de Tiar\u00e9 est un ingr\u00e9dient phare de la fabrication du mono\u00ef. Ce que vous devez retenir sur le symbole de la Polyn\u00e9sie fran\u00e7aise\" \/>\n<meta name=\"robots\" content=\"index, follow, max-snippet:-1, max-image-preview:large, max-video-preview:-1\" \/>\n<link rel=\"canonical\" href=\"https:\/\/abspace.yves-rocher.com\/fr\/fr\/zoom-sur-le-monoi\/\" \/>\n<meta property=\"og:locale\" content=\"fr_FR\" \/>\n<meta property=\"og:type\" content=\"article\" \/>\n<meta property=\"og:title\" content=\"Fleur de tiar\u00e9 : ses origines et son usage dans le mono\u00ef\" \/>\n<meta property=\"og:description\" content=\"La fleur de Tiar\u00e9 est un ingr\u00e9dient phare de la fabrication du mono\u00ef. Ce que vous devez retenir sur le symbole de la Polyn\u00e9sie fran\u00e7aise\" \/>\n<meta property=\"og:url\" content=\"https:\/\/abspace.yves-rocher.com\/fr\/fr\/zoom-sur-le-monoi\/\" \/>\n<meta property=\"og:site_name\" content=\"France YR AB\" \/>\n<meta property=\"article:published_time\" content=\"2018-04-01T06:30:46+00:00\" \/>\n<meta property=\"article:modified_time\" content=\"2024-01-26T10:36:16+00:00\" \/>\n<meta property=\"og:image\" content=\"https:\/\/abspace.yves-rocher.com\/fr\/wp-content\/uploads\/2018\/04\/1807_D_HP-AB-SPACE_Image8_750x776.jpg\" \/>\n\t<meta property=\"og:image:width\" content=\"750\" \/>\n\t<meta property=\"og:image:height\" content=\"776\" \/>\n\t<meta property=\"og:image:type\" content=\"image\/jpeg\" \/>\n<meta name=\"author\" content=\"Alice Mendes\" \/>\n<meta name=\"twitter:card\" content=\"summary_large_image\" \/>\n<meta name=\"twitter:label1\" content=\"Written by\" \/>\n\t<meta name=\"twitter:data1\" content=\"Alice Mendes\" \/>\n\t<meta name=\"twitter:label2\" content=\"Est. reading time\" \/>\n\t<meta name=\"twitter:data2\" content=\"2 minutes\" \/>\n<script type=\"application\/ld+json\" class=\"yoast-schema-graph\">{\"@context\":\"https:\/\/schema.org\",\"@graph\":[{\"@type\":\"WebPage\",\"@id\":\"https:\/\/abspace.yves-rocher.com\/fr\/fr\/zoom-sur-le-monoi\/\",\"url\":\"https:\/\/abspace.yves-rocher.com\/fr\/fr\/zoom-sur-le-monoi\/\",\"name\":\"Fleur de tiar\u00e9 : ses origines et son usage dans le mono\u00ef\",\"isPartOf\":{\"@id\":\"https:\/\/abspace.yves-rocher.com\/fr\/#website\"},\"primaryImageOfPage\":{\"@id\":\"https:\/\/abspace.yves-rocher.com\/fr\/fr\/zoom-sur-le-monoi\/#primaryimage\"},\"image\":{\"@id\":\"https:\/\/abspace.yves-rocher.com\/fr\/fr\/zoom-sur-le-monoi\/#primaryimage\"},\"thumbnailUrl\":\"https:\/\/abspace.yves-rocher.com\/fr\/wp-content\/uploads\/2018\/04\/1807_D_HP-AB-SPACE_Image8_750x776.jpg\",\"datePublished\":\"2018-04-01T06:30:46+00:00\",\"dateModified\":\"2024-01-26T10:36:16+00:00\",\"author\":{\"@id\":\"https:\/\/abspace.yves-rocher.com\/fr\/#\/schema\/person\/40f8c53003459b41fa1aca086c588e97\"},\"description\":\"La fleur de Tiar\u00e9 est un ingr\u00e9dient phare de la fabrication du mono\u00ef. Ce que vous devez retenir sur le symbole de la Polyn\u00e9sie fran\u00e7aise\",\"breadcrumb\":{\"@id\":\"https:\/\/abspace.yves-rocher.com\/fr\/fr\/zoom-sur-le-monoi\/#breadcrumb\"},\"inLanguage\":\"fr-FR\",\"potentialAction\":[{\"@type\":\"ReadAction\",\"target\":[\"https:\/\/abspace.yves-rocher.com\/fr\/fr\/zoom-sur-le-monoi\/\"]}]},{\"@type\":\"ImageObject\",\"inLanguage\":\"fr-FR\",\"@id\":\"https:\/\/abspace.yves-rocher.com\/fr\/fr\/zoom-sur-le-monoi\/#primaryimage\",\"url\":\"https:\/\/abspace.yves-rocher.com\/fr\/wp-content\/uploads\/2018\/04\/1807_D_HP-AB-SPACE_Image8_750x776.jpg\",\"contentUrl\":\"https:\/\/abspace.yves-rocher.com\/fr\/wp-content\/uploads\/2018\/04\/1807_D_HP-AB-SPACE_Image8_750x776.jpg\",\"width\":750,\"height\":776},{\"@type\":\"BreadcrumbList\",\"@id\":\"https:\/\/abspace.yves-rocher.com\/fr\/fr\/zoom-sur-le-monoi\/#breadcrumb\",\"itemListElement\":[{\"@type\":\"ListItem\",\"position\":1,\"name\":\"Home\",\"item\":\"https:\/\/abspace.yves-rocher.com\/fr\/fr\/\"},{\"@type\":\"ListItem\",\"position\":2,\"name\":\"La fleur de tiar\u00e9, l\u2019or parfum\u00e9 de Tahiti\"}]},{\"@type\":\"WebSite\",\"@id\":\"https:\/\/abspace.yves-rocher.com\/fr\/#website\",\"url\":\"https:\/\/abspace.yves-rocher.com\/fr\/\",\"name\":\"France YR AB\",\"description\":\"France YR AB\",\"potentialAction\":[{\"@type\":\"SearchAction\",\"target\":{\"@type\":\"EntryPoint\",\"urlTemplate\":\"https:\/\/abspace.yves-rocher.com\/fr\/?s={search_term_string}\"},\"query-input\":{\"@type\":\"PropertyValueSpecification\",\"valueRequired\":true,\"valueName\":\"search_term_string\"}}],\"inLanguage\":\"fr-FR\"},{\"@type\":\"Person\",\"@id\":\"https:\/\/abspace.yves-rocher.com\/fr\/#\/schema\/person\/40f8c53003459b41fa1aca086c588e97\",\"name\":\"Alice Mendes\",\"image\":{\"@type\":\"ImageObject\",\"inLanguage\":\"fr-FR\",\"@id\":\"https:\/\/abspace.yves-rocher.com\/fr\/#\/schema\/person\/image\/\",\"url\":\"https:\/\/secure.gravatar.com\/avatar\/610d2792616e6f74a4f3fbadf5cd6c89?s=96&d=mm&r=g\",\"contentUrl\":\"https:\/\/secure.gravatar.com\/avatar\/610d2792616e6f74a4f3fbadf5cd6c89?s=96&d=mm&r=g\",\"caption\":\"Alice Mendes\"},\"url\":\"https:\/\/abspace.yves-rocher.com\/fr\/fr\/author\/alicemendes\/\"}]}<\/script>\n<!-- \/ Yoast SEO plugin. -->","yoast_head_json":{"title":"Fleur de tiar\u00e9 : ses origines et son usage dans le mono\u00ef","description":"La fleur de Tiar\u00e9 est un ingr\u00e9dient phare de la fabrication du mono\u00ef. Ce que vous devez retenir sur le symbole de la Polyn\u00e9sie fran\u00e7aise","robots":{"index":"index","follow":"follow","max-snippet":"max-snippet:-1","max-image-preview":"max-image-preview:large","max-video-preview":"max-video-preview:-1"},"canonical":"https:\/\/abspace.yves-rocher.com\/fr\/fr\/zoom-sur-le-monoi\/","og_locale":"fr_FR","og_type":"article","og_title":"Fleur de tiar\u00e9 : ses origines et son usage dans le mono\u00ef","og_description":"La fleur de Tiar\u00e9 est un ingr\u00e9dient phare de la fabrication du mono\u00ef. Ce que vous devez retenir sur le symbole de la Polyn\u00e9sie fran\u00e7aise","og_url":"https:\/\/abspace.yves-rocher.com\/fr\/fr\/zoom-sur-le-monoi\/","og_site_name":"France YR AB","article_published_time":"2018-04-01T06:30:46+00:00","article_modified_time":"2024-01-26T10:36:16+00:00","og_image":[{"width":750,"height":776,"url":"https:\/\/abspace.yves-rocher.com\/fr\/wp-content\/uploads\/2018\/04\/1807_D_HP-AB-SPACE_Image8_750x776.jpg","type":"image\/jpeg"}],"author":"Alice Mendes","twitter_card":"summary_large_image","twitter_misc":{"Written by":"Alice Mendes","Est. reading time":"2 minutes"},"schema":{"@context":"https:\/\/schema.org","@graph":[{"@type":"WebPage","@id":"https:\/\/abspace.yves-rocher.com\/fr\/fr\/zoom-sur-le-monoi\/","url":"https:\/\/abspace.yves-rocher.com\/fr\/fr\/zoom-sur-le-monoi\/","name":"Fleur de tiar\u00e9 : ses origines et son usage dans le mono\u00ef","isPartOf":{"@id":"https:\/\/abspace.yves-rocher.com\/fr\/#website"},"primaryImageOfPage":{"@id":"https:\/\/abspace.yves-rocher.com\/fr\/fr\/zoom-sur-le-monoi\/#primaryimage"},"image":{"@id":"https:\/\/abspace.yves-rocher.com\/fr\/fr\/zoom-sur-le-monoi\/#primaryimage"},"thumbnailUrl":"https:\/\/abspace.yves-rocher.com\/fr\/wp-content\/uploads\/2018\/04\/1807_D_HP-AB-SPACE_Image8_750x776.jpg","datePublished":"2018-04-01T06:30:46+00:00","dateModified":"2024-01-26T10:36:16+00:00","author":{"@id":"https:\/\/abspace.yves-rocher.com\/fr\/#\/schema\/person\/40f8c53003459b41fa1aca086c588e97"},"description":"La fleur de Tiar\u00e9 est un ingr\u00e9dient phare de la fabrication du mono\u00ef. Ce que vous devez retenir sur le symbole de la Polyn\u00e9sie fran\u00e7aise","breadcrumb":{"@id":"https:\/\/abspace.yves-rocher.com\/fr\/fr\/zoom-sur-le-monoi\/#breadcrumb"},"inLanguage":"fr-FR","potentialAction":[{"@type":"ReadAction","target":["https:\/\/abspace.yves-rocher.com\/fr\/fr\/zoom-sur-le-monoi\/"]}]},{"@type":"ImageObject","inLanguage":"fr-FR","@id":"https:\/\/abspace.yves-rocher.com\/fr\/fr\/zoom-sur-le-monoi\/#primaryimage","url":"https:\/\/abspace.yves-rocher.com\/fr\/wp-content\/uploads\/2018\/04\/1807_D_HP-AB-SPACE_Image8_750x776.jpg","contentUrl":"https:\/\/abspace.yves-rocher.com\/fr\/wp-content\/uploads\/2018\/04\/1807_D_HP-AB-SPACE_Image8_750x776.jpg","width":750,"height":776},{"@type":"BreadcrumbList","@id":"https:\/\/abspace.yves-rocher.com\/fr\/fr\/zoom-sur-le-monoi\/#breadcrumb","itemListElement":[{"@type":"ListItem","position":1,"name":"Home","item":"https:\/\/abspace.yves-rocher.com\/fr\/fr\/"},{"@type":"ListItem","position":2,"name":"La fleur de tiar\u00e9, l\u2019or parfum\u00e9 de Tahiti"}]},{"@type":"WebSite","@id":"https:\/\/abspace.yves-rocher.com\/fr\/#website","url":"https:\/\/abspace.yves-rocher.com\/fr\/","name":"France YR AB","description":"France YR AB","potentialAction":[{"@type":"SearchAction","target":{"@type":"EntryPoint","urlTemplate":"https:\/\/abspace.yves-rocher.com\/fr\/?s={search_term_string}"},"query-input":{"@type":"PropertyValueSpecification","valueRequired":true,"valueName":"search_term_string"}}],"inLanguage":"fr-FR"},{"@type":"Person","@id":"https:\/\/abspace.yves-rocher.com\/fr\/#\/schema\/person\/40f8c53003459b41fa1aca086c588e97","name":"Alice Mendes","image":{"@type":"ImageObject","inLanguage":"fr-FR","@id":"https:\/\/abspace.yves-rocher.com\/fr\/#\/schema\/person\/image\/","url":"https:\/\/secure.gravatar.com\/avatar\/610d2792616e6f74a4f3fbadf5cd6c89?s=96&d=mm&r=g","contentUrl":"https:\/\/secure.gravatar.com\/avatar\/610d2792616e6f74a4f3fbadf5cd6c89?s=96&d=mm&r=g","caption":"Alice Mendes"},"url":"https:\/\/abspace.yves-rocher.com\/fr\/fr\/author\/alicemendes\/"}]}},"_links":{"self":[{"href":"https:\/\/abspace.yves-rocher.com\/fr\/ws\/wp\/v2\/posts\/3703","targetHints":{"allow":["GET"]}}],"collection":[{"href":"https:\/\/abspace.yves-rocher.com\/fr\/ws\/wp\/v2\/posts"}],"about":[{"href":"https:\/\/abspace.yves-rocher.com\/fr\/ws\/wp\/v2\/types\/post"}],"author":[{"embeddable":true,"href":"https:\/\/abspace.yves-rocher.com\/fr\/ws\/wp\/v2\/users\/935949"}],"replies":[{"embeddable":true,"href":"https:\/\/abspace.yves-rocher.com\/fr\/ws\/wp\/v2\/comments?post=3703"}],"version-history":[{"count":15,"href":"https:\/\/abspace.yves-rocher.com\/fr\/ws\/wp\/v2\/posts\/3703\/revisions"}],"predecessor-version":[{"id":13695,"href":"https:\/\/abspace.yves-rocher.com\/fr\/ws\/wp\/v2\/posts\/3703\/revisions\/13695"}],"wp:featuredmedia":[{"embeddable":true,"href":"https:\/\/abspace.yves-rocher.com\/fr\/ws\/wp\/v2\/media\/3704"}],"wp:attachment":[{"href":"https:\/\/abspace.yves-rocher.com\/fr\/ws\/wp\/v2\/media?parent=3703"}],"wp:term":[{"taxonomy":"category","embeddable":true,"href":"https:\/\/abspace.yves-rocher.com\/fr\/ws\/wp\/v2\/categories?post=3703"},{"taxonomy":"post_tag","embeddable":true,"href":"https:\/\/abspace.yves-rocher.com\/fr\/ws\/wp\/v2\/tags?post=3703"}],"curies":[{"name":"wp","href":"https:\/\/api.w.org\/{rel}","templated":true}]}}