{"id":6007,"date":"2019-04-01T07:00:36","date_gmt":"2019-04-01T07:00:36","guid":{"rendered":"http:\/\/abspace.yves-rocher.com\/fr\/?p=6007"},"modified":"2020-10-28T14:52:02","modified_gmt":"2020-10-28T13:22:02","slug":"expertise-capillaire","status":"publish","type":"post","link":"https:\/\/abspace.yves-rocher.com\/fr\/fr\/expertise-capillaire\/","title":{"rendered":"L\u2019efficacit\u00e9 de nos produits capillaires"},"content":{"rendered":"<div id=\"pl-6007\"  class=\"panel-layout\" ><div id=\"pg-6007-0\"  class=\"panel-grid panel-has-style\" ><div class=\"layoutVideo panel-row-style panel-row-style-for-6007-0\" ><div id=\"pgc-6007-0-0\"  class=\"panel-grid-cell\" >            <div class=\"textWidget header-description header-description\">\r\n                <p>Chez Yves Rocher, nous \u00e9tudions le cheveu depuis plus de 30 ans. Voici notre expertise.\n<\/p>\r\n            <\/div>\r\n    <div id=\"panel-6007-0-0-1\" class=\"so-panel widget widget_sow-video panel-last-child\" data-index=\"1\" ><div\n\t\t\t\n\t\t\tclass=\"so-widget-sow-video so-widget-sow-video-default-f379b959fc93-6007\"\n\t\t\t\n\t\t>\n<div class=\"sow-video-wrapper\">\n\t\t\t<video\n\t\t\tid=\"sow-player-1\" class=\"sow-video-widget\" preload=\"auto\" style=\"width:100%;height:100%;\" autoplay playsinline muted=\"1\" controls \t\t>\n\t\t\t\t\t\t\t<source type=\"video\/mp4\" src=\"https:\/\/abspace.yves-rocher.com\/fr\/wp-content\/uploads\/2019\/06\/yrab0103_1.mp4\"\/>\n\t\t\t\t\t<\/video>\n\t<\/div>\n<\/div><\/div><\/div><\/div><\/div><\/div>","protected":false},"excerpt":{"rendered":"<p>D\u00e9couvrez en vid\u00e9o notre expertise capillaire.<\/p>\n","protected":false},"author":271622,"featured_media":6008,"comment_status":"open","ping_status":"open","sticky":false,"template":"","format":"standard","meta":{"_acf_changed":false,"_exactmetrics_skip_tracking":false,"_exactmetrics_sitenote_active":false,"_exactmetrics_sitenote_note":"","_exactmetrics_sitenote_category":0,"footnotes":""},"categories":[1],"tags":[251],"class_list":["post-6007","post","type-post","status-publish","format-standard","has-post-thumbnail","hentry","category-uncategorized","tag-cheveux"],"acf":[],"yoast_head":"<!-- This site is optimized with the Yoast SEO plugin v24.7 - https:\/\/yoast.com\/wordpress\/plugins\/seo\/ -->\n<title>L\u2019efficacit\u00e9 de nos produits capillaires - Yves Rocher<\/title>\n<meta name=\"description\" content=\"D\u00e9couvrez en vid\u00e9o notre expertise capillaire.\" \/>\n<meta name=\"robots\" content=\"index, follow, max-snippet:-1, max-image-preview:large, max-video-preview:-1\" \/>\n<link rel=\"canonical\" href=\"https:\/\/abspace.yves-rocher.com\/fr\/fr\/expertise-capillaire\/\" \/>\n<meta property=\"og:locale\" content=\"fr_FR\" \/>\n<meta property=\"og:type\" content=\"article\" \/>\n<meta property=\"og:title\" content=\"L\u2019efficacit\u00e9 de nos produits capillaires - Yves Rocher\" \/>\n<meta property=\"og:description\" content=\"D\u00e9couvrez en vid\u00e9o notre expertise capillaire.\" \/>\n<meta property=\"og:url\" content=\"https:\/\/abspace.yves-rocher.com\/fr\/fr\/expertise-capillaire\/\" \/>\n<meta property=\"og:site_name\" content=\"France YR AB\" \/>\n<meta property=\"article:published_time\" content=\"2019-04-01T07:00:36+00:00\" \/>\n<meta property=\"article:modified_time\" content=\"2020-10-28T13:22:02+00:00\" \/>\n<meta property=\"og:image\" content=\"https:\/\/abspace.yves-rocher.com\/fr\/wp-content\/uploads\/2019\/04\/1907_D_HP-AB-SPACE_Image9_750x776.jpg\" \/>\n\t<meta property=\"og:image:width\" content=\"750\" \/>\n\t<meta property=\"og:image:height\" content=\"776\" \/>\n\t<meta property=\"og:image:type\" content=\"image\/jpeg\" \/>\n<meta name=\"author\" content=\"juliettecabanie\" \/>\n<meta name=\"twitter:card\" content=\"summary_large_image\" \/>\n<meta name=\"twitter:label1\" content=\"Written by\" \/>\n\t<meta name=\"twitter:data1\" content=\"juliettecabanie\" \/>\n<script type=\"application\/ld+json\" class=\"yoast-schema-graph\">{\"@context\":\"https:\/\/schema.org\",\"@graph\":[{\"@type\":\"WebPage\",\"@id\":\"https:\/\/abspace.yves-rocher.com\/fr\/fr\/expertise-capillaire\/\",\"url\":\"https:\/\/abspace.yves-rocher.com\/fr\/fr\/expertise-capillaire\/\",\"name\":\"L\u2019efficacit\u00e9 de nos produits capillaires - Yves Rocher\",\"isPartOf\":{\"@id\":\"https:\/\/abspace.yves-rocher.com\/fr\/#website\"},\"primaryImageOfPage\":{\"@id\":\"https:\/\/abspace.yves-rocher.com\/fr\/fr\/expertise-capillaire\/#primaryimage\"},\"image\":{\"@id\":\"https:\/\/abspace.yves-rocher.com\/fr\/fr\/expertise-capillaire\/#primaryimage\"},\"thumbnailUrl\":\"https:\/\/abspace.yves-rocher.com\/fr\/wp-content\/uploads\/2019\/04\/1907_D_HP-AB-SPACE_Image9_750x776.jpg\",\"datePublished\":\"2019-04-01T07:00:36+00:00\",\"dateModified\":\"2020-10-28T13:22:02+00:00\",\"author\":{\"@id\":\"https:\/\/abspace.yves-rocher.com\/fr\/#\/schema\/person\/659e2861dd3c8fe697c0f21088ffee31\"},\"description\":\"D\u00e9couvrez en vid\u00e9o notre expertise capillaire.\",\"breadcrumb\":{\"@id\":\"https:\/\/abspace.yves-rocher.com\/fr\/fr\/expertise-capillaire\/#breadcrumb\"},\"inLanguage\":\"fr-FR\",\"potentialAction\":[{\"@type\":\"ReadAction\",\"target\":[\"https:\/\/abspace.yves-rocher.com\/fr\/fr\/expertise-capillaire\/\"]}]},{\"@type\":\"ImageObject\",\"inLanguage\":\"fr-FR\",\"@id\":\"https:\/\/abspace.yves-rocher.com\/fr\/fr\/expertise-capillaire\/#primaryimage\",\"url\":\"https:\/\/abspace.yves-rocher.com\/fr\/wp-content\/uploads\/2019\/04\/1907_D_HP-AB-SPACE_Image9_750x776.jpg\",\"contentUrl\":\"https:\/\/abspace.yves-rocher.com\/fr\/wp-content\/uploads\/2019\/04\/1907_D_HP-AB-SPACE_Image9_750x776.jpg\",\"width\":750,\"height\":776},{\"@type\":\"BreadcrumbList\",\"@id\":\"https:\/\/abspace.yves-rocher.com\/fr\/fr\/expertise-capillaire\/#breadcrumb\",\"itemListElement\":[{\"@type\":\"ListItem\",\"position\":1,\"name\":\"Home\",\"item\":\"https:\/\/abspace.yves-rocher.com\/fr\/fr\/\"},{\"@type\":\"ListItem\",\"position\":2,\"name\":\"L\u2019efficacit\u00e9 de nos produits capillaires\"}]},{\"@type\":\"WebSite\",\"@id\":\"https:\/\/abspace.yves-rocher.com\/fr\/#website\",\"url\":\"https:\/\/abspace.yves-rocher.com\/fr\/\",\"name\":\"France YR AB\",\"description\":\"France YR AB\",\"potentialAction\":[{\"@type\":\"SearchAction\",\"target\":{\"@type\":\"EntryPoint\",\"urlTemplate\":\"https:\/\/abspace.yves-rocher.com\/fr\/?s={search_term_string}\"},\"query-input\":{\"@type\":\"PropertyValueSpecification\",\"valueRequired\":true,\"valueName\":\"search_term_string\"}}],\"inLanguage\":\"fr-FR\"},{\"@type\":\"Person\",\"@id\":\"https:\/\/abspace.yves-rocher.com\/fr\/#\/schema\/person\/659e2861dd3c8fe697c0f21088ffee31\",\"name\":\"juliettecabanie\",\"image\":{\"@type\":\"ImageObject\",\"inLanguage\":\"fr-FR\",\"@id\":\"https:\/\/abspace.yves-rocher.com\/fr\/#\/schema\/person\/image\/\",\"url\":\"https:\/\/secure.gravatar.com\/avatar\/0140337e1e20d6eb302fc0cc1d74ec6a?s=96&d=mm&r=g\",\"contentUrl\":\"https:\/\/secure.gravatar.com\/avatar\/0140337e1e20d6eb302fc0cc1d74ec6a?s=96&d=mm&r=g\",\"caption\":\"juliettecabanie\"},\"url\":\"https:\/\/abspace.yves-rocher.com\/fr\/fr\/author\/juliettecabanie\/\"}]}<\/script>\n<!-- \/ Yoast SEO plugin. -->","yoast_head_json":{"title":"L\u2019efficacit\u00e9 de nos produits capillaires - Yves Rocher","description":"D\u00e9couvrez en vid\u00e9o notre expertise capillaire.","robots":{"index":"index","follow":"follow","max-snippet":"max-snippet:-1","max-image-preview":"max-image-preview:large","max-video-preview":"max-video-preview:-1"},"canonical":"https:\/\/abspace.yves-rocher.com\/fr\/fr\/expertise-capillaire\/","og_locale":"fr_FR","og_type":"article","og_title":"L\u2019efficacit\u00e9 de nos produits capillaires - Yves Rocher","og_description":"D\u00e9couvrez en vid\u00e9o notre expertise capillaire.","og_url":"https:\/\/abspace.yves-rocher.com\/fr\/fr\/expertise-capillaire\/","og_site_name":"France YR AB","article_published_time":"2019-04-01T07:00:36+00:00","article_modified_time":"2020-10-28T13:22:02+00:00","og_image":[{"width":750,"height":776,"url":"https:\/\/abspace.yves-rocher.com\/fr\/wp-content\/uploads\/2019\/04\/1907_D_HP-AB-SPACE_Image9_750x776.jpg","type":"image\/jpeg"}],"author":"juliettecabanie","twitter_card":"summary_large_image","twitter_misc":{"Written by":"juliettecabanie"},"schema":{"@context":"https:\/\/schema.org","@graph":[{"@type":"WebPage","@id":"https:\/\/abspace.yves-rocher.com\/fr\/fr\/expertise-capillaire\/","url":"https:\/\/abspace.yves-rocher.com\/fr\/fr\/expertise-capillaire\/","name":"L\u2019efficacit\u00e9 de nos produits capillaires - Yves Rocher","isPartOf":{"@id":"https:\/\/abspace.yves-rocher.com\/fr\/#website"},"primaryImageOfPage":{"@id":"https:\/\/abspace.yves-rocher.com\/fr\/fr\/expertise-capillaire\/#primaryimage"},"image":{"@id":"https:\/\/abspace.yves-rocher.com\/fr\/fr\/expertise-capillaire\/#primaryimage"},"thumbnailUrl":"https:\/\/abspace.yves-rocher.com\/fr\/wp-content\/uploads\/2019\/04\/1907_D_HP-AB-SPACE_Image9_750x776.jpg","datePublished":"2019-04-01T07:00:36+00:00","dateModified":"2020-10-28T13:22:02+00:00","author":{"@id":"https:\/\/abspace.yves-rocher.com\/fr\/#\/schema\/person\/659e2861dd3c8fe697c0f21088ffee31"},"description":"D\u00e9couvrez en vid\u00e9o notre expertise capillaire.","breadcrumb":{"@id":"https:\/\/abspace.yves-rocher.com\/fr\/fr\/expertise-capillaire\/#breadcrumb"},"inLanguage":"fr-FR","potentialAction":[{"@type":"ReadAction","target":["https:\/\/abspace.yves-rocher.com\/fr\/fr\/expertise-capillaire\/"]}]},{"@type":"ImageObject","inLanguage":"fr-FR","@id":"https:\/\/abspace.yves-rocher.com\/fr\/fr\/expertise-capillaire\/#primaryimage","url":"https:\/\/abspace.yves-rocher.com\/fr\/wp-content\/uploads\/2019\/04\/1907_D_HP-AB-SPACE_Image9_750x776.jpg","contentUrl":"https:\/\/abspace.yves-rocher.com\/fr\/wp-content\/uploads\/2019\/04\/1907_D_HP-AB-SPACE_Image9_750x776.jpg","width":750,"height":776},{"@type":"BreadcrumbList","@id":"https:\/\/abspace.yves-rocher.com\/fr\/fr\/expertise-capillaire\/#breadcrumb","itemListElement":[{"@type":"ListItem","position":1,"name":"Home","item":"https:\/\/abspace.yves-rocher.com\/fr\/fr\/"},{"@type":"ListItem","position":2,"name":"L\u2019efficacit\u00e9 de nos produits capillaires"}]},{"@type":"WebSite","@id":"https:\/\/abspace.yves-rocher.com\/fr\/#website","url":"https:\/\/abspace.yves-rocher.com\/fr\/","name":"France YR AB","description":"France YR AB","potentialAction":[{"@type":"SearchAction","target":{"@type":"EntryPoint","urlTemplate":"https:\/\/abspace.yves-rocher.com\/fr\/?s={search_term_string}"},"query-input":{"@type":"PropertyValueSpecification","valueRequired":true,"valueName":"search_term_string"}}],"inLanguage":"fr-FR"},{"@type":"Person","@id":"https:\/\/abspace.yves-rocher.com\/fr\/#\/schema\/person\/659e2861dd3c8fe697c0f21088ffee31","name":"juliettecabanie","image":{"@type":"ImageObject","inLanguage":"fr-FR","@id":"https:\/\/abspace.yves-rocher.com\/fr\/#\/schema\/person\/image\/","url":"https:\/\/secure.gravatar.com\/avatar\/0140337e1e20d6eb302fc0cc1d74ec6a?s=96&d=mm&r=g","contentUrl":"https:\/\/secure.gravatar.com\/avatar\/0140337e1e20d6eb302fc0cc1d74ec6a?s=96&d=mm&r=g","caption":"juliettecabanie"},"url":"https:\/\/abspace.yves-rocher.com\/fr\/fr\/author\/juliettecabanie\/"}]}},"_links":{"self":[{"href":"https:\/\/abspace.yves-rocher.com\/fr\/ws\/wp\/v2\/posts\/6007","targetHints":{"allow":["GET"]}}],"collection":[{"href":"https:\/\/abspace.yves-rocher.com\/fr\/ws\/wp\/v2\/posts"}],"about":[{"href":"https:\/\/abspace.yves-rocher.com\/fr\/ws\/wp\/v2\/types\/post"}],"author":[{"embeddable":true,"href":"https:\/\/abspace.yves-rocher.com\/fr\/ws\/wp\/v2\/users\/271622"}],"replies":[{"embeddable":true,"href":"https:\/\/abspace.yves-rocher.com\/fr\/ws\/wp\/v2\/comments?post=6007"}],"version-history":[{"count":2,"href":"https:\/\/abspace.yves-rocher.com\/fr\/ws\/wp\/v2\/posts\/6007\/revisions"}],"predecessor-version":[{"id":6326,"href":"https:\/\/abspace.yves-rocher.com\/fr\/ws\/wp\/v2\/posts\/6007\/revisions\/6326"}],"wp:featuredmedia":[{"embeddable":true,"href":"https:\/\/abspace.yves-rocher.com\/fr\/ws\/wp\/v2\/media\/6008"}],"wp:attachment":[{"href":"https:\/\/abspace.yves-rocher.com\/fr\/ws\/wp\/v2\/media?parent=6007"}],"wp:term":[{"taxonomy":"category","embeddable":true,"href":"https:\/\/abspace.yves-rocher.com\/fr\/ws\/wp\/v2\/categories?post=6007"},{"taxonomy":"post_tag","embeddable":true,"href":"https:\/\/abspace.yves-rocher.com\/fr\/ws\/wp\/v2\/tags?post=6007"}],"curies":[{"name":"wp","href":"https:\/\/api.w.org\/{rel}","templated":true}]}}