{"id":7397,"date":"2020-02-05T11:26:59","date_gmt":"2020-02-05T09:56:59","guid":{"rendered":"http:\/\/abspace.yves-rocher.com\/fr\/?p=7397"},"modified":"2025-08-14T09:36:01","modified_gmt":"2025-08-14T08:06:01","slug":"maquillage-colore","status":"publish","type":"post","link":"https:\/\/abspace.yves-rocher.com\/fr\/fr\/maquillage-colore\/","title":{"rendered":"Tutoriel maquillage : un maquillage color\u00e9 au bureau"},"content":{"rendered":"<div id=\"pl-7397\"  class=\"panel-layout\" ><div id=\"pg-7397-0\"  class=\"panel-grid panel-no-style\" ><div id=\"pgc-7397-0-0\"  class=\"panel-grid-cell\" ><div id=\"panel-7397-0-0-0\" class=\"so-panel widget widget_siteorigin-panels-embedded-video panel-first-child\" data-index=\"0\" ><div class=\"siteorigin-fitvids\"><iframe loading=\"lazy\" title=\"Un makeup color\u00e9 au bureau en une minute - Ep. 01 - UN CHALLENGE, UN MAKE UP | Yves Rocher\" width=\"500\" height=\"281\" src=\"https:\/\/www.youtube.com\/embed\/ZufCPvzhwt8?feature=oembed\" frameborder=\"0\" allow=\"accelerometer; autoplay; clipboard-write; encrypted-media; gyroscope; picture-in-picture; web-share\" referrerpolicy=\"strict-origin-when-cross-origin\" allowfullscreen><\/iframe><\/div><\/div><div id=\"panel-7397-0-0-1\" class=\"so-panel widget widget_sow-editor\" data-index=\"1\" ><div\n\t\t\t\n\t\t\tclass=\"so-widget-sow-editor so-widget-sow-editor-base\"\n\t\t\t\n\t\t>\n<div class=\"siteorigin-widget-tinymce textwidget\">\n\t<p style=\"text-align: center\">Envie d\u2019adopter un maquillage color\u00e9 au bureau ? Ce tutoriel maquillage est fait pour vous. Nous vous montrons qu\u2019il est tout \u00e0 fait possible de r\u00e9aliser un maquillage color\u00e9 simple \u00e0 r\u00e9aliser et facile \u00e0 adopter tous les jours.<\/p>\n<p>Voici les \u00e9tapes \u00e0 suivre pour r\u00e9aliser ce maquillage frais et color\u00e9\u00a0:<\/p>\n<p><strong>1\/ Commencez par travailler votre teint<\/strong><\/p>\n<p>En effet, un teint uniforme mettra en valeur les couleurs de votre maquillage. A l\u2019aide d\u2019un pinceau, estompez votre <a href=\"https:\/\/www.yves-rocher.fr\/maquillage\/teint\/fond-de-teint\/c\/21100\">fond de teint <\/a>sur l\u2019ensemble du visage. N\u2019h\u00e9sitez pas ensuite \u00e0 venir ajouter des touches de correcteurs (<a href=\"https:\/\/www.yves-rocher.fr\/maquillage\/teint\/correcteur-et-anti-cernes\/c\/21200\">anti-cernes<\/a>, anti-rougeurs\u2026) et les estomper \u00e0 l\u2019aide d\u2019un pinceau afin de camoufler vos petites imperfections.<\/p>\n<p>Pour fixer et lisser le teint, d\u00e9posez ensuite de la poudre \u00e0 l\u2019aide d\u2019un Pinceau Poudre sur l\u2019ensemble du visage. Si vous le souhaitez, vous pouvez rehausser votre teint avec un blush adapt\u00e9 \u00e0 votre carnation.<\/p>\n<p><strong>2\/ On colore les yeux pour un regard flashy et frais<\/strong><\/p>\n<p>Choisissez la couleur de crayon que vous souhaitez<a href=\"https:\/\/www.yves-rocher.fr\/actbeautiful\/comment-maquiller-ses-yeux-selon-leur-couleur\">, selon la couleur de vos yeux<\/a> ou vos envies du moment, puis appliquez-la au ras des cils, de l\u2019int\u00e9rieur vers l\u2019ext\u00e9rieur. Vous pouvez aussi opter pour plus d\u2019originalit\u00e9 en choisissant deux nuances d\u2019une m\u00eame teinte :\u00a0 accentuez la virgule de votre trait avec la teinte la plus fonc\u00e9e ou la plus flashy pour encore plus d\u2019effet. Appliquez ensuite votre mascara. N\u2019oubliez pas de travailler vos sourcils !<\/p>\n<\/div>\n<\/div><\/div><div id=\"panel-7397-0-0-2\" class=\"so-panel widget\" data-index=\"2\" ><\/div>            <div class=\"webclipping-product-boxes-wrapper\" id=\"27699475-78a3-42fb-82bb-2f265d64bc09\">\r\n                <div class=\"webclipping-product-boxes\"\r\n                    data-product-ids=\"R84069, R81221, R64324, R36647\"\r\n                    data-product-style=\"Standard\"\r\n                    data-slick='{\"variableWidth\": true, \"slidesToShow\": 1,, \"respondTo\": \"min\"}'\r\n                     >\r\n                <\/div>\r\n            <\/div>\r\n\r\n\r\n        <div id=\"panel-7397-0-0-4\" class=\"so-panel widget widget_sow-editor panel-last-child\" data-index=\"4\" ><div\n\t\t\t\n\t\t\tclass=\"so-widget-sow-editor so-widget-sow-editor-base\"\n\t\t\t\n\t\t>\n<div class=\"siteorigin-widget-tinymce textwidget\">\n\t<p><strong>3\/ On sublime sa bouche avec des l\u00e8vres color\u00e9es<\/strong><\/p>\n<p>Avant de penser \u00e0 colorer vos l\u00e8vres, n\u2019oubliez pas de les hydrater avec un <a href=\"https:\/\/www.yves-rocher.fr\/soin-visage\/type-de-soin\/baume-a-levres\/c\/22400\">baume \u00e0 l\u00e8vres<\/a>. Le <a href=\"https:\/\/www.yves-rocher.fr\/maquillage\/levres\/rouge-a-levres\/c\/22100\">rouge \u00e0 l\u00e8vres<\/a> se posera plus facilement et le rendu sera plus joli. D\u00e9posez ensuite le rouge \u00e0 l\u00e8vres directement sur vos l\u00e8vres ou \u00e0 l\u2019aide d\u2019un pinceau. Vous pouvez rendre plus original votre look, en choisissant un rouge \u00e0 l\u00e8vres mat ou <a href=\"https:\/\/www.yves-rocher.fr\/maquillage\/levres\/gloss\/c\/22200\">un baume liquide<\/a> qui variera l\u2019effet sur vos l\u00e8vres.<\/p>\n<p>Vous avez maintenant toutes les astuces pour r\u00e9aliser un maquillage color\u00e9\u00a0!<\/p>\n<\/div>\n<\/div><\/div><\/div><\/div><\/div>","protected":false},"excerpt":{"rendered":"<p>Envie d\u2019adopter un maquillage color\u00e9 au bureau ?<\/p>\n","protected":false},"author":115207,"featured_media":7409,"comment_status":"open","ping_status":"open","sticky":false,"template":"","format":"standard","meta":{"_acf_changed":false,"_exactmetrics_skip_tracking":false,"_exactmetrics_sitenote_active":false,"_exactmetrics_sitenote_note":"","_exactmetrics_sitenote_category":0,"footnotes":""},"categories":[1],"tags":[272],"class_list":["post-7397","post","type-post","status-publish","format-standard","has-post-thumbnail","hentry","category-uncategorized","tag-maquillage"],"acf":[],"yoast_head":"<!-- This site is optimized with the Yoast SEO plugin v24.7 - https:\/\/yoast.com\/wordpress\/plugins\/seo\/ -->\n<title>Tutoriel maquillage : un maquillage color\u00e9 au bureau - Yves Rocher<\/title>\n<meta name=\"description\" content=\"Vous n\u2019osez pas aller au travail avec un maquillage trop color\u00e9 ? D\u00e9couvrez nos astuces pour adopter le maquillage que vous souhaitez, m\u00eame au bureau.\" \/>\n<meta name=\"robots\" content=\"index, follow, max-snippet:-1, max-image-preview:large, max-video-preview:-1\" \/>\n<link rel=\"canonical\" href=\"https:\/\/abspace.yves-rocher.com\/fr\/fr\/maquillage-colore\/\" \/>\n<meta property=\"og:locale\" content=\"fr_FR\" \/>\n<meta property=\"og:type\" content=\"article\" \/>\n<meta property=\"og:title\" content=\"Tutoriel maquillage : un maquillage color\u00e9 au bureau - Yves Rocher\" \/>\n<meta property=\"og:description\" content=\"Vous n\u2019osez pas aller au travail avec un maquillage trop color\u00e9 ? D\u00e9couvrez nos astuces pour adopter le maquillage que vous souhaitez, m\u00eame au bureau.\" \/>\n<meta property=\"og:url\" content=\"https:\/\/abspace.yves-rocher.com\/fr\/fr\/maquillage-colore\/\" \/>\n<meta property=\"og:site_name\" content=\"France YR AB\" \/>\n<meta property=\"article:published_time\" content=\"2020-02-05T09:56:59+00:00\" \/>\n<meta property=\"article:modified_time\" content=\"2025-08-14T08:06:01+00:00\" \/>\n<meta property=\"og:image\" content=\"https:\/\/abspace.yves-rocher.com\/fr\/wp-content\/uploads\/2020\/02\/Challenge-Chloe\u0301-Carre\u0301.png\" \/>\n\t<meta property=\"og:image:width\" content=\"916\" \/>\n\t<meta property=\"og:image:height\" content=\"944\" \/>\n\t<meta property=\"og:image:type\" content=\"image\/png\" \/>\n<meta name=\"author\" content=\"cedricnicolas2\" \/>\n<meta name=\"twitter:card\" content=\"summary_large_image\" \/>\n<meta name=\"twitter:label1\" content=\"Written by\" \/>\n\t<meta name=\"twitter:data1\" content=\"cedricnicolas2\" \/>\n\t<meta name=\"twitter:label2\" content=\"Est. reading time\" \/>\n\t<meta name=\"twitter:data2\" content=\"2 minutes\" \/>\n<script type=\"application\/ld+json\" class=\"yoast-schema-graph\">{\"@context\":\"https:\/\/schema.org\",\"@graph\":[{\"@type\":\"WebPage\",\"@id\":\"https:\/\/abspace.yves-rocher.com\/fr\/fr\/maquillage-colore\/\",\"url\":\"https:\/\/abspace.yves-rocher.com\/fr\/fr\/maquillage-colore\/\",\"name\":\"Tutoriel maquillage : un maquillage color\u00e9 au bureau - Yves Rocher\",\"isPartOf\":{\"@id\":\"https:\/\/abspace.yves-rocher.com\/fr\/#website\"},\"primaryImageOfPage\":{\"@id\":\"https:\/\/abspace.yves-rocher.com\/fr\/fr\/maquillage-colore\/#primaryimage\"},\"image\":{\"@id\":\"https:\/\/abspace.yves-rocher.com\/fr\/fr\/maquillage-colore\/#primaryimage\"},\"thumbnailUrl\":\"https:\/\/abspace.yves-rocher.com\/fr\/wp-content\/uploads\/2020\/02\/Challenge-Chloe\u0301-Carre\u0301.png\",\"datePublished\":\"2020-02-05T09:56:59+00:00\",\"dateModified\":\"2025-08-14T08:06:01+00:00\",\"author\":{\"@id\":\"https:\/\/abspace.yves-rocher.com\/fr\/#\/schema\/person\/01fef43934cc2d91f49aae8ce8c65581\"},\"description\":\"Vous n\u2019osez pas aller au travail avec un maquillage trop color\u00e9 ? D\u00e9couvrez nos astuces pour adopter le maquillage que vous souhaitez, m\u00eame au bureau.\",\"breadcrumb\":{\"@id\":\"https:\/\/abspace.yves-rocher.com\/fr\/fr\/maquillage-colore\/#breadcrumb\"},\"inLanguage\":\"fr-FR\",\"potentialAction\":[{\"@type\":\"ReadAction\",\"target\":[\"https:\/\/abspace.yves-rocher.com\/fr\/fr\/maquillage-colore\/\"]}]},{\"@type\":\"ImageObject\",\"inLanguage\":\"fr-FR\",\"@id\":\"https:\/\/abspace.yves-rocher.com\/fr\/fr\/maquillage-colore\/#primaryimage\",\"url\":\"https:\/\/abspace.yves-rocher.com\/fr\/wp-content\/uploads\/2020\/02\/Challenge-Chloe\u0301-Carre\u0301.png\",\"contentUrl\":\"https:\/\/abspace.yves-rocher.com\/fr\/wp-content\/uploads\/2020\/02\/Challenge-Chloe\u0301-Carre\u0301.png\",\"width\":916,\"height\":944},{\"@type\":\"BreadcrumbList\",\"@id\":\"https:\/\/abspace.yves-rocher.com\/fr\/fr\/maquillage-colore\/#breadcrumb\",\"itemListElement\":[{\"@type\":\"ListItem\",\"position\":1,\"name\":\"Home\",\"item\":\"https:\/\/abspace.yves-rocher.com\/fr\/fr\/\"},{\"@type\":\"ListItem\",\"position\":2,\"name\":\"Tutoriel maquillage : un maquillage color\u00e9 au bureau\"}]},{\"@type\":\"WebSite\",\"@id\":\"https:\/\/abspace.yves-rocher.com\/fr\/#website\",\"url\":\"https:\/\/abspace.yves-rocher.com\/fr\/\",\"name\":\"France YR AB\",\"description\":\"France YR AB\",\"potentialAction\":[{\"@type\":\"SearchAction\",\"target\":{\"@type\":\"EntryPoint\",\"urlTemplate\":\"https:\/\/abspace.yves-rocher.com\/fr\/?s={search_term_string}\"},\"query-input\":{\"@type\":\"PropertyValueSpecification\",\"valueRequired\":true,\"valueName\":\"search_term_string\"}}],\"inLanguage\":\"fr-FR\"},{\"@type\":\"Person\",\"@id\":\"https:\/\/abspace.yves-rocher.com\/fr\/#\/schema\/person\/01fef43934cc2d91f49aae8ce8c65581\",\"name\":\"cedricnicolas2\",\"image\":{\"@type\":\"ImageObject\",\"inLanguage\":\"fr-FR\",\"@id\":\"https:\/\/abspace.yves-rocher.com\/fr\/#\/schema\/person\/image\/\",\"url\":\"https:\/\/secure.gravatar.com\/avatar\/e69c1809478751e359b3a560839d8c23?s=96&d=mm&r=g\",\"contentUrl\":\"https:\/\/secure.gravatar.com\/avatar\/e69c1809478751e359b3a560839d8c23?s=96&d=mm&r=g\",\"caption\":\"cedricnicolas2\"},\"url\":\"https:\/\/abspace.yves-rocher.com\/fr\/fr\/author\/cedricnicolas2\/\"}]}<\/script>\n<!-- \/ Yoast SEO plugin. -->","yoast_head_json":{"title":"Tutoriel maquillage : un maquillage color\u00e9 au bureau - Yves Rocher","description":"Vous n\u2019osez pas aller au travail avec un maquillage trop color\u00e9 ? D\u00e9couvrez nos astuces pour adopter le maquillage que vous souhaitez, m\u00eame au bureau.","robots":{"index":"index","follow":"follow","max-snippet":"max-snippet:-1","max-image-preview":"max-image-preview:large","max-video-preview":"max-video-preview:-1"},"canonical":"https:\/\/abspace.yves-rocher.com\/fr\/fr\/maquillage-colore\/","og_locale":"fr_FR","og_type":"article","og_title":"Tutoriel maquillage : un maquillage color\u00e9 au bureau - Yves Rocher","og_description":"Vous n\u2019osez pas aller au travail avec un maquillage trop color\u00e9 ? D\u00e9couvrez nos astuces pour adopter le maquillage que vous souhaitez, m\u00eame au bureau.","og_url":"https:\/\/abspace.yves-rocher.com\/fr\/fr\/maquillage-colore\/","og_site_name":"France YR AB","article_published_time":"2020-02-05T09:56:59+00:00","article_modified_time":"2025-08-14T08:06:01+00:00","og_image":[{"width":916,"height":944,"url":"https:\/\/abspace.yves-rocher.com\/fr\/wp-content\/uploads\/2020\/02\/Challenge-Chloe\u0301-Carre\u0301.png","type":"image\/png"}],"author":"cedricnicolas2","twitter_card":"summary_large_image","twitter_misc":{"Written by":"cedricnicolas2","Est. reading time":"2 minutes"},"schema":{"@context":"https:\/\/schema.org","@graph":[{"@type":"WebPage","@id":"https:\/\/abspace.yves-rocher.com\/fr\/fr\/maquillage-colore\/","url":"https:\/\/abspace.yves-rocher.com\/fr\/fr\/maquillage-colore\/","name":"Tutoriel maquillage : un maquillage color\u00e9 au bureau - Yves Rocher","isPartOf":{"@id":"https:\/\/abspace.yves-rocher.com\/fr\/#website"},"primaryImageOfPage":{"@id":"https:\/\/abspace.yves-rocher.com\/fr\/fr\/maquillage-colore\/#primaryimage"},"image":{"@id":"https:\/\/abspace.yves-rocher.com\/fr\/fr\/maquillage-colore\/#primaryimage"},"thumbnailUrl":"https:\/\/abspace.yves-rocher.com\/fr\/wp-content\/uploads\/2020\/02\/Challenge-Chloe\u0301-Carre\u0301.png","datePublished":"2020-02-05T09:56:59+00:00","dateModified":"2025-08-14T08:06:01+00:00","author":{"@id":"https:\/\/abspace.yves-rocher.com\/fr\/#\/schema\/person\/01fef43934cc2d91f49aae8ce8c65581"},"description":"Vous n\u2019osez pas aller au travail avec un maquillage trop color\u00e9 ? D\u00e9couvrez nos astuces pour adopter le maquillage que vous souhaitez, m\u00eame au bureau.","breadcrumb":{"@id":"https:\/\/abspace.yves-rocher.com\/fr\/fr\/maquillage-colore\/#breadcrumb"},"inLanguage":"fr-FR","potentialAction":[{"@type":"ReadAction","target":["https:\/\/abspace.yves-rocher.com\/fr\/fr\/maquillage-colore\/"]}]},{"@type":"ImageObject","inLanguage":"fr-FR","@id":"https:\/\/abspace.yves-rocher.com\/fr\/fr\/maquillage-colore\/#primaryimage","url":"https:\/\/abspace.yves-rocher.com\/fr\/wp-content\/uploads\/2020\/02\/Challenge-Chloe\u0301-Carre\u0301.png","contentUrl":"https:\/\/abspace.yves-rocher.com\/fr\/wp-content\/uploads\/2020\/02\/Challenge-Chloe\u0301-Carre\u0301.png","width":916,"height":944},{"@type":"BreadcrumbList","@id":"https:\/\/abspace.yves-rocher.com\/fr\/fr\/maquillage-colore\/#breadcrumb","itemListElement":[{"@type":"ListItem","position":1,"name":"Home","item":"https:\/\/abspace.yves-rocher.com\/fr\/fr\/"},{"@type":"ListItem","position":2,"name":"Tutoriel maquillage : un maquillage color\u00e9 au bureau"}]},{"@type":"WebSite","@id":"https:\/\/abspace.yves-rocher.com\/fr\/#website","url":"https:\/\/abspace.yves-rocher.com\/fr\/","name":"France YR AB","description":"France YR AB","potentialAction":[{"@type":"SearchAction","target":{"@type":"EntryPoint","urlTemplate":"https:\/\/abspace.yves-rocher.com\/fr\/?s={search_term_string}"},"query-input":{"@type":"PropertyValueSpecification","valueRequired":true,"valueName":"search_term_string"}}],"inLanguage":"fr-FR"},{"@type":"Person","@id":"https:\/\/abspace.yves-rocher.com\/fr\/#\/schema\/person\/01fef43934cc2d91f49aae8ce8c65581","name":"cedricnicolas2","image":{"@type":"ImageObject","inLanguage":"fr-FR","@id":"https:\/\/abspace.yves-rocher.com\/fr\/#\/schema\/person\/image\/","url":"https:\/\/secure.gravatar.com\/avatar\/e69c1809478751e359b3a560839d8c23?s=96&d=mm&r=g","contentUrl":"https:\/\/secure.gravatar.com\/avatar\/e69c1809478751e359b3a560839d8c23?s=96&d=mm&r=g","caption":"cedricnicolas2"},"url":"https:\/\/abspace.yves-rocher.com\/fr\/fr\/author\/cedricnicolas2\/"}]}},"_links":{"self":[{"href":"https:\/\/abspace.yves-rocher.com\/fr\/ws\/wp\/v2\/posts\/7397","targetHints":{"allow":["GET"]}}],"collection":[{"href":"https:\/\/abspace.yves-rocher.com\/fr\/ws\/wp\/v2\/posts"}],"about":[{"href":"https:\/\/abspace.yves-rocher.com\/fr\/ws\/wp\/v2\/types\/post"}],"author":[{"embeddable":true,"href":"https:\/\/abspace.yves-rocher.com\/fr\/ws\/wp\/v2\/users\/115207"}],"replies":[{"embeddable":true,"href":"https:\/\/abspace.yves-rocher.com\/fr\/ws\/wp\/v2\/comments?post=7397"}],"version-history":[{"count":10,"href":"https:\/\/abspace.yves-rocher.com\/fr\/ws\/wp\/v2\/posts\/7397\/revisions"}],"predecessor-version":[{"id":14881,"href":"https:\/\/abspace.yves-rocher.com\/fr\/ws\/wp\/v2\/posts\/7397\/revisions\/14881"}],"wp:featuredmedia":[{"embeddable":true,"href":"https:\/\/abspace.yves-rocher.com\/fr\/ws\/wp\/v2\/media\/7409"}],"wp:attachment":[{"href":"https:\/\/abspace.yves-rocher.com\/fr\/ws\/wp\/v2\/media?parent=7397"}],"wp:term":[{"taxonomy":"category","embeddable":true,"href":"https:\/\/abspace.yves-rocher.com\/fr\/ws\/wp\/v2\/categories?post=7397"},{"taxonomy":"post_tag","embeddable":true,"href":"https:\/\/abspace.yves-rocher.com\/fr\/ws\/wp\/v2\/tags?post=7397"}],"curies":[{"name":"wp","href":"https:\/\/api.w.org\/{rel}","templated":true}]}}