{"id":7405,"date":"2020-02-05T11:37:47","date_gmt":"2020-02-05T10:07:47","guid":{"rendered":"http:\/\/abspace.yves-rocher.com\/fr\/?p=7405"},"modified":"2025-03-07T12:10:14","modified_gmt":"2025-03-07T10:40:14","slug":"cheveux-secs-abimes","status":"publish","type":"post","link":"https:\/\/abspace.yves-rocher.com\/fr\/fr\/cheveux-secs-abimes\/","title":{"rendered":"Cheveux secs ou ab\u00eem\u00e9s : quels soins adopter ?"},"content":{"rendered":"<div id=\"pl-7405\"  class=\"panel-layout\" ><div id=\"pg-7405-0\"  class=\"panel-grid panel-no-style\" ><div id=\"pgc-7405-0-0\"  class=\"panel-grid-cell\" ><div id=\"panel-7405-0-0-0\" class=\"so-panel widget widget_siteorigin-panels-embedded-video panel-first-child\" data-index=\"0\" ><div class=\"siteorigin-fitvids\"><iframe loading=\"lazy\" title=\"Cheveux secs ou ab\u00eem\u00e9s : Cr\u00e8me Nutrition VS. Huile R\u00e9paratrice - Ep. 01 - D\u00c9BAT MASQU\u00c9 | YVES ROCHER\" width=\"500\" height=\"281\" src=\"https:\/\/www.youtube.com\/embed\/TnY5IBoEIHs?feature=oembed\" frameborder=\"0\" allow=\"accelerometer; autoplay; clipboard-write; encrypted-media; gyroscope; picture-in-picture; web-share\" referrerpolicy=\"strict-origin-when-cross-origin\" allowfullscreen><\/iframe><\/div><\/div><div id=\"panel-7405-0-0-1\" class=\"so-panel widget widget_sow-editor panel-last-child\" data-index=\"1\" ><div\n\t\t\t\n\t\t\tclass=\"so-widget-sow-editor so-widget-sow-editor-base\"\n\t\t\t\n\t\t>\n<div class=\"siteorigin-widget-tinymce textwidget\">\n\t<p>Prendre soin de ses cheveux n\u2019est pas chose facile. Ce d\u00e9bat vous aide \u00e0 y voir plus clair : comment nourrir et prendre <a href=\"https:\/\/www.yves-rocher.fr\/cheveux\/type-de-cheveux\/cheveux-fins-ternes\/c\/53120\">soin des cheveux fins<\/a> sans les alourdir ou encore comment r\u00e9parer et prendre <a href=\"https:\/\/www.yves-rocher.fr\/cheveux\/type-de-cheveux\/cheveux-secs\/c\/53300\">soin des cheveux secs<\/a> sans les graisser ? Quels produits utiliser ?<\/p>\n<p>Ici, Christine a les cheveux fins et ternes et elle a adopt\u00e9 le Baume Botanique Light : riche en cr\u00e8me d\u2019avocat, cette cr\u00e8me de jour nourrit les cheveux pour r\u00e9tablir leur \u00e9quilibre et le faire durer 24h. Les fructanes d\u2019agave pr\u00e9sentes dans le produit r\u00e9parent aussi le cuir chevelu pour favoriser la solidit\u00e9 et la repousse des cheveux. Cette cr\u00e8me peut s\u2019appliquer sur cheveux humides apr\u00e8s un <a href=\"https:\/\/www.yves-rocher.fr\/cheveux\/type-de-produit\/shampooing\/c\/51100\">shampoing<\/a> sans rin\u00e7age ou alors sur cheveux secs si besoin.<\/p>\n<p>A l\u2019inverse, Malu a les cheveux \u00e9pais et ab\u00eem\u00e9s et utilise plut\u00f4t le Baume Botanique Universel : son actif v\u00e9g\u00e9tal, l\u2019Huile de Jojoba, aussi appel\u00e9 l\u2019or du d\u00e9sert, reconstitue le cheveux ab\u00eem\u00e9s. Ce soin r\u00e9parateur est aussi riche en fructane d\u2019agave qui r\u00e9\u00e9quilibre le cuir chevelu. Le cheveu devient plus r\u00e9sistant et plus beau et le soin ne laisse aucun effet gras.<\/p>\n<p>Et vous, de quelle team \u00eates-vous\u00a0?<\/p>\n<\/div>\n<\/div><\/div><\/div><\/div><\/div>","protected":false},"excerpt":{"rendered":"<p>Comment nourrir des cheveux fins ?<\/p>\n","protected":false},"author":115207,"featured_media":7412,"comment_status":"open","ping_status":"open","sticky":false,"template":"","format":"standard","meta":{"_acf_changed":false,"_exactmetrics_skip_tracking":false,"_exactmetrics_sitenote_active":false,"_exactmetrics_sitenote_note":"","_exactmetrics_sitenote_category":0,"footnotes":""},"categories":[1],"tags":[],"class_list":["post-7405","post","type-post","status-publish","format-standard","has-post-thumbnail","hentry","category-uncategorized"],"acf":[],"yoast_head":"<!-- This site is optimized with the Yoast SEO plugin v24.7 - https:\/\/yoast.com\/wordpress\/plugins\/seo\/ -->\n<title>Cheveux secs ou ab\u00eem\u00e9s : quels soins adopter ? - Yves Rocher<\/title>\n<meta name=\"description\" content=\"Vos cheveux sont secs ou ab\u00eem\u00e9s et vous ne savez pas quel soin utiliser ? Notre \u00ab D\u00e9bat Masqu\u00e9 \u00bb vous aidera \u00e0 choisir.\" \/>\n<meta name=\"robots\" content=\"index, follow, max-snippet:-1, max-image-preview:large, max-video-preview:-1\" \/>\n<link rel=\"canonical\" href=\"https:\/\/abspace.yves-rocher.com\/fr\/fr\/cheveux-secs-abimes\/\" \/>\n<meta property=\"og:locale\" content=\"fr_FR\" \/>\n<meta property=\"og:type\" content=\"article\" \/>\n<meta property=\"og:title\" content=\"Cheveux secs ou ab\u00eem\u00e9s : quels soins adopter ? - Yves Rocher\" \/>\n<meta property=\"og:description\" content=\"Vos cheveux sont secs ou ab\u00eem\u00e9s et vous ne savez pas quel soin utiliser ? Notre \u00ab D\u00e9bat Masqu\u00e9 \u00bb vous aidera \u00e0 choisir.\" \/>\n<meta property=\"og:url\" content=\"https:\/\/abspace.yves-rocher.com\/fr\/fr\/cheveux-secs-abimes\/\" \/>\n<meta property=\"og:site_name\" content=\"France YR AB\" \/>\n<meta property=\"article:published_time\" content=\"2020-02-05T10:07:47+00:00\" \/>\n<meta property=\"article:modified_time\" content=\"2025-03-07T10:40:14+00:00\" \/>\n<meta property=\"og:image\" content=\"https:\/\/abspace.yves-rocher.com\/fr\/wp-content\/uploads\/2020\/02\/De\u0301bat-Masque\u0301-e1580900492785.png\" \/>\n\t<meta property=\"og:image:width\" content=\"1000\" \/>\n\t<meta property=\"og:image:height\" content=\"561\" \/>\n\t<meta property=\"og:image:type\" content=\"image\/png\" \/>\n<meta name=\"author\" content=\"cedricnicolas2\" \/>\n<meta name=\"twitter:card\" content=\"summary_large_image\" \/>\n<meta name=\"twitter:label1\" content=\"Written by\" \/>\n\t<meta name=\"twitter:data1\" content=\"cedricnicolas2\" \/>\n\t<meta name=\"twitter:label2\" content=\"Est. reading time\" \/>\n\t<meta name=\"twitter:data2\" content=\"1 minute\" \/>\n<script type=\"application\/ld+json\" class=\"yoast-schema-graph\">{\"@context\":\"https:\/\/schema.org\",\"@graph\":[{\"@type\":\"WebPage\",\"@id\":\"https:\/\/abspace.yves-rocher.com\/fr\/fr\/cheveux-secs-abimes\/\",\"url\":\"https:\/\/abspace.yves-rocher.com\/fr\/fr\/cheveux-secs-abimes\/\",\"name\":\"Cheveux secs ou ab\u00eem\u00e9s : quels soins adopter ? - Yves Rocher\",\"isPartOf\":{\"@id\":\"https:\/\/abspace.yves-rocher.com\/fr\/#website\"},\"primaryImageOfPage\":{\"@id\":\"https:\/\/abspace.yves-rocher.com\/fr\/fr\/cheveux-secs-abimes\/#primaryimage\"},\"image\":{\"@id\":\"https:\/\/abspace.yves-rocher.com\/fr\/fr\/cheveux-secs-abimes\/#primaryimage\"},\"thumbnailUrl\":\"https:\/\/abspace.yves-rocher.com\/fr\/wp-content\/uploads\/2020\/02\/De\u0301bat-Masque\u0301-e1580900492785.png\",\"datePublished\":\"2020-02-05T10:07:47+00:00\",\"dateModified\":\"2025-03-07T10:40:14+00:00\",\"author\":{\"@id\":\"https:\/\/abspace.yves-rocher.com\/fr\/#\/schema\/person\/01fef43934cc2d91f49aae8ce8c65581\"},\"description\":\"Vos cheveux sont secs ou ab\u00eem\u00e9s et vous ne savez pas quel soin utiliser ? Notre \u00ab D\u00e9bat Masqu\u00e9 \u00bb vous aidera \u00e0 choisir.\",\"breadcrumb\":{\"@id\":\"https:\/\/abspace.yves-rocher.com\/fr\/fr\/cheveux-secs-abimes\/#breadcrumb\"},\"inLanguage\":\"fr-FR\",\"potentialAction\":[{\"@type\":\"ReadAction\",\"target\":[\"https:\/\/abspace.yves-rocher.com\/fr\/fr\/cheveux-secs-abimes\/\"]}]},{\"@type\":\"ImageObject\",\"inLanguage\":\"fr-FR\",\"@id\":\"https:\/\/abspace.yves-rocher.com\/fr\/fr\/cheveux-secs-abimes\/#primaryimage\",\"url\":\"https:\/\/abspace.yves-rocher.com\/fr\/wp-content\/uploads\/2020\/02\/De\u0301bat-Masque\u0301-e1580900492785.png\",\"contentUrl\":\"https:\/\/abspace.yves-rocher.com\/fr\/wp-content\/uploads\/2020\/02\/De\u0301bat-Masque\u0301-e1580900492785.png\",\"width\":1000,\"height\":561},{\"@type\":\"BreadcrumbList\",\"@id\":\"https:\/\/abspace.yves-rocher.com\/fr\/fr\/cheveux-secs-abimes\/#breadcrumb\",\"itemListElement\":[{\"@type\":\"ListItem\",\"position\":1,\"name\":\"Home\",\"item\":\"https:\/\/abspace.yves-rocher.com\/fr\/fr\/\"},{\"@type\":\"ListItem\",\"position\":2,\"name\":\"Cheveux secs ou ab\u00eem\u00e9s : quels soins adopter ?\"}]},{\"@type\":\"WebSite\",\"@id\":\"https:\/\/abspace.yves-rocher.com\/fr\/#website\",\"url\":\"https:\/\/abspace.yves-rocher.com\/fr\/\",\"name\":\"France YR AB\",\"description\":\"France YR AB\",\"potentialAction\":[{\"@type\":\"SearchAction\",\"target\":{\"@type\":\"EntryPoint\",\"urlTemplate\":\"https:\/\/abspace.yves-rocher.com\/fr\/?s={search_term_string}\"},\"query-input\":{\"@type\":\"PropertyValueSpecification\",\"valueRequired\":true,\"valueName\":\"search_term_string\"}}],\"inLanguage\":\"fr-FR\"},{\"@type\":\"Person\",\"@id\":\"https:\/\/abspace.yves-rocher.com\/fr\/#\/schema\/person\/01fef43934cc2d91f49aae8ce8c65581\",\"name\":\"cedricnicolas2\",\"image\":{\"@type\":\"ImageObject\",\"inLanguage\":\"fr-FR\",\"@id\":\"https:\/\/abspace.yves-rocher.com\/fr\/#\/schema\/person\/image\/\",\"url\":\"https:\/\/secure.gravatar.com\/avatar\/e69c1809478751e359b3a560839d8c23?s=96&d=mm&r=g\",\"contentUrl\":\"https:\/\/secure.gravatar.com\/avatar\/e69c1809478751e359b3a560839d8c23?s=96&d=mm&r=g\",\"caption\":\"cedricnicolas2\"},\"url\":\"https:\/\/abspace.yves-rocher.com\/fr\/fr\/author\/cedricnicolas2\/\"}]}<\/script>\n<!-- \/ Yoast SEO plugin. -->","yoast_head_json":{"title":"Cheveux secs ou ab\u00eem\u00e9s : quels soins adopter ? - Yves Rocher","description":"Vos cheveux sont secs ou ab\u00eem\u00e9s et vous ne savez pas quel soin utiliser ? Notre \u00ab D\u00e9bat Masqu\u00e9 \u00bb vous aidera \u00e0 choisir.","robots":{"index":"index","follow":"follow","max-snippet":"max-snippet:-1","max-image-preview":"max-image-preview:large","max-video-preview":"max-video-preview:-1"},"canonical":"https:\/\/abspace.yves-rocher.com\/fr\/fr\/cheveux-secs-abimes\/","og_locale":"fr_FR","og_type":"article","og_title":"Cheveux secs ou ab\u00eem\u00e9s : quels soins adopter ? - Yves Rocher","og_description":"Vos cheveux sont secs ou ab\u00eem\u00e9s et vous ne savez pas quel soin utiliser ? Notre \u00ab D\u00e9bat Masqu\u00e9 \u00bb vous aidera \u00e0 choisir.","og_url":"https:\/\/abspace.yves-rocher.com\/fr\/fr\/cheveux-secs-abimes\/","og_site_name":"France YR AB","article_published_time":"2020-02-05T10:07:47+00:00","article_modified_time":"2025-03-07T10:40:14+00:00","og_image":[{"width":1000,"height":561,"url":"https:\/\/abspace.yves-rocher.com\/fr\/wp-content\/uploads\/2020\/02\/De\u0301bat-Masque\u0301-e1580900492785.png","type":"image\/png"}],"author":"cedricnicolas2","twitter_card":"summary_large_image","twitter_misc":{"Written by":"cedricnicolas2","Est. reading time":"1 minute"},"schema":{"@context":"https:\/\/schema.org","@graph":[{"@type":"WebPage","@id":"https:\/\/abspace.yves-rocher.com\/fr\/fr\/cheveux-secs-abimes\/","url":"https:\/\/abspace.yves-rocher.com\/fr\/fr\/cheveux-secs-abimes\/","name":"Cheveux secs ou ab\u00eem\u00e9s : quels soins adopter ? - Yves Rocher","isPartOf":{"@id":"https:\/\/abspace.yves-rocher.com\/fr\/#website"},"primaryImageOfPage":{"@id":"https:\/\/abspace.yves-rocher.com\/fr\/fr\/cheveux-secs-abimes\/#primaryimage"},"image":{"@id":"https:\/\/abspace.yves-rocher.com\/fr\/fr\/cheveux-secs-abimes\/#primaryimage"},"thumbnailUrl":"https:\/\/abspace.yves-rocher.com\/fr\/wp-content\/uploads\/2020\/02\/De\u0301bat-Masque\u0301-e1580900492785.png","datePublished":"2020-02-05T10:07:47+00:00","dateModified":"2025-03-07T10:40:14+00:00","author":{"@id":"https:\/\/abspace.yves-rocher.com\/fr\/#\/schema\/person\/01fef43934cc2d91f49aae8ce8c65581"},"description":"Vos cheveux sont secs ou ab\u00eem\u00e9s et vous ne savez pas quel soin utiliser ? Notre \u00ab D\u00e9bat Masqu\u00e9 \u00bb vous aidera \u00e0 choisir.","breadcrumb":{"@id":"https:\/\/abspace.yves-rocher.com\/fr\/fr\/cheveux-secs-abimes\/#breadcrumb"},"inLanguage":"fr-FR","potentialAction":[{"@type":"ReadAction","target":["https:\/\/abspace.yves-rocher.com\/fr\/fr\/cheveux-secs-abimes\/"]}]},{"@type":"ImageObject","inLanguage":"fr-FR","@id":"https:\/\/abspace.yves-rocher.com\/fr\/fr\/cheveux-secs-abimes\/#primaryimage","url":"https:\/\/abspace.yves-rocher.com\/fr\/wp-content\/uploads\/2020\/02\/De\u0301bat-Masque\u0301-e1580900492785.png","contentUrl":"https:\/\/abspace.yves-rocher.com\/fr\/wp-content\/uploads\/2020\/02\/De\u0301bat-Masque\u0301-e1580900492785.png","width":1000,"height":561},{"@type":"BreadcrumbList","@id":"https:\/\/abspace.yves-rocher.com\/fr\/fr\/cheveux-secs-abimes\/#breadcrumb","itemListElement":[{"@type":"ListItem","position":1,"name":"Home","item":"https:\/\/abspace.yves-rocher.com\/fr\/fr\/"},{"@type":"ListItem","position":2,"name":"Cheveux secs ou ab\u00eem\u00e9s : quels soins adopter ?"}]},{"@type":"WebSite","@id":"https:\/\/abspace.yves-rocher.com\/fr\/#website","url":"https:\/\/abspace.yves-rocher.com\/fr\/","name":"France YR AB","description":"France YR AB","potentialAction":[{"@type":"SearchAction","target":{"@type":"EntryPoint","urlTemplate":"https:\/\/abspace.yves-rocher.com\/fr\/?s={search_term_string}"},"query-input":{"@type":"PropertyValueSpecification","valueRequired":true,"valueName":"search_term_string"}}],"inLanguage":"fr-FR"},{"@type":"Person","@id":"https:\/\/abspace.yves-rocher.com\/fr\/#\/schema\/person\/01fef43934cc2d91f49aae8ce8c65581","name":"cedricnicolas2","image":{"@type":"ImageObject","inLanguage":"fr-FR","@id":"https:\/\/abspace.yves-rocher.com\/fr\/#\/schema\/person\/image\/","url":"https:\/\/secure.gravatar.com\/avatar\/e69c1809478751e359b3a560839d8c23?s=96&d=mm&r=g","contentUrl":"https:\/\/secure.gravatar.com\/avatar\/e69c1809478751e359b3a560839d8c23?s=96&d=mm&r=g","caption":"cedricnicolas2"},"url":"https:\/\/abspace.yves-rocher.com\/fr\/fr\/author\/cedricnicolas2\/"}]}},"_links":{"self":[{"href":"https:\/\/abspace.yves-rocher.com\/fr\/ws\/wp\/v2\/posts\/7405","targetHints":{"allow":["GET"]}}],"collection":[{"href":"https:\/\/abspace.yves-rocher.com\/fr\/ws\/wp\/v2\/posts"}],"about":[{"href":"https:\/\/abspace.yves-rocher.com\/fr\/ws\/wp\/v2\/types\/post"}],"author":[{"embeddable":true,"href":"https:\/\/abspace.yves-rocher.com\/fr\/ws\/wp\/v2\/users\/115207"}],"replies":[{"embeddable":true,"href":"https:\/\/abspace.yves-rocher.com\/fr\/ws\/wp\/v2\/comments?post=7405"}],"version-history":[{"count":4,"href":"https:\/\/abspace.yves-rocher.com\/fr\/ws\/wp\/v2\/posts\/7405\/revisions"}],"predecessor-version":[{"id":12463,"href":"https:\/\/abspace.yves-rocher.com\/fr\/ws\/wp\/v2\/posts\/7405\/revisions\/12463"}],"wp:featuredmedia":[{"embeddable":true,"href":"https:\/\/abspace.yves-rocher.com\/fr\/ws\/wp\/v2\/media\/7412"}],"wp:attachment":[{"href":"https:\/\/abspace.yves-rocher.com\/fr\/ws\/wp\/v2\/media?parent=7405"}],"wp:term":[{"taxonomy":"category","embeddable":true,"href":"https:\/\/abspace.yves-rocher.com\/fr\/ws\/wp\/v2\/categories?post=7405"},{"taxonomy":"post_tag","embeddable":true,"href":"https:\/\/abspace.yves-rocher.com\/fr\/ws\/wp\/v2\/tags?post=7405"}],"curies":[{"name":"wp","href":"https:\/\/api.w.org\/{rel}","templated":true}]}}