{"id":7492,"date":"2020-02-16T20:30:11","date_gmt":"2020-02-16T19:00:11","guid":{"rendered":"http:\/\/abspace.yves-rocher.com\/fr\/?p=7492"},"modified":"2024-04-24T11:52:42","modified_gmt":"2024-04-24T10:22:42","slug":"bonnefetemaman","status":"publish","type":"post","link":"https:\/\/abspace.yves-rocher.com\/fr\/fr\/bonnefetemaman\/","title":{"rendered":"Bonne f\u00eate Maman !"},"content":{"rendered":"<div id=\"pl-7492\"  class=\"panel-layout\"><div id=\"pg-7492-0\"  class=\"panel-grid panel-no-style\"><div id=\"pgc-7492-0-0\"  class=\"panel-grid-cell\">            <div class=\"textWidget header-description \">\r\n                <p>C\u2019est bient\u00f4t la f\u00eate des m\u00e8res. Pour cette journ\u00e9e sp\u00e9ciale, en plus de partager vos t\u00e9moignages sur vos mamans, on vous a concoct\u00e9 un petit programme pour une journ\u00e9e id\u00e9ale avec elle !<\/p>\r\n            <\/div>\r\n    <\/div><\/div><div id=\"pg-7492-1\"  class=\"panel-grid panel-no-style\"><div id=\"pgc-7492-1-0\"  class=\"panel-grid-cell\"><div id=\"panel-7492-1-0-0\" class=\"so-panel widget widget_sow-editor panel-first-child panel-last-child\" data-index=\"1\"><div\n\t\t\t\n\t\t\tclass=\"so-widget-sow-editor so-widget-sow-editor-base\">\n<div class=\"siteorigin-widget-tinymce textwidget\">\n\t<h2><strong>Une journ\u00e9e id\u00e9ale avec ma maman<\/strong><\/h2><\/div><\/div><\/div><\/div><\/div><\/div><p> <a href=\"https:\/\/abspace.yves-rocher.com\/fr\/fr\/bonnefetemaman\/#more-7492\" class=\"more-link\">Read More<\/a><\/p>","protected":false},"excerpt":{"rendered":"<p>Concoctez-lui un programme sur mesure ! <\/p>\n","protected":false},"author":555282,"featured_media":7520,"comment_status":"open","ping_status":"open","sticky":false,"template":"","format":"standard","meta":{"_acf_changed":false,"_exactmetrics_skip_tracking":false,"_exactmetrics_sitenote_active":false,"_exactmetrics_sitenote_note":"","_exactmetrics_sitenote_category":0,"footnotes":""},"categories":[1],"tags":[387],"class_list":["post-7492","post","type-post","status-publish","format-standard","has-post-thumbnail","hentry","category-uncategorized","tag-ideescadeaux"],"acf":[],"yoast_head":"<!-- This site is optimized with the Yoast SEO plugin v24.7 - https:\/\/yoast.com\/wordpress\/plugins\/seo\/ -->\n<title>Bonne f\u00eate Maman ! - Yves Rocher<\/title>\n<meta name=\"description\" content=\"C\u2019est bient\u00f4t la f\u00eate des m\u00e8res. Pour cette journ\u00e9e sp\u00e9ciale,on vous a concoct\u00e9 un petit programme pour une journ\u00e9e id\u00e9ale avec elle !\" \/>\n<meta name=\"robots\" content=\"index, follow, max-snippet:-1, max-image-preview:large, max-video-preview:-1\" \/>\n<link rel=\"canonical\" href=\"https:\/\/abspace.yves-rocher.com\/fr\/fr\/bonnefetemaman\/\" \/>\n<meta property=\"og:locale\" content=\"fr_FR\" \/>\n<meta property=\"og:type\" content=\"article\" \/>\n<meta property=\"og:title\" content=\"Bonne f\u00eate Maman ! - Yves Rocher\" \/>\n<meta property=\"og:description\" content=\"C\u2019est bient\u00f4t la f\u00eate des m\u00e8res. Pour cette journ\u00e9e sp\u00e9ciale,on vous a concoct\u00e9 un petit programme pour une journ\u00e9e id\u00e9ale avec elle !\" \/>\n<meta property=\"og:url\" content=\"https:\/\/abspace.yves-rocher.com\/fr\/fr\/bonnefetemaman\/\" \/>\n<meta property=\"og:site_name\" content=\"France YR AB\" \/>\n<meta property=\"article:published_time\" content=\"2020-02-16T19:00:11+00:00\" \/>\n<meta property=\"article:modified_time\" content=\"2024-04-24T10:22:42+00:00\" \/>\n<meta property=\"og:image\" content=\"https:\/\/abspace.yves-rocher.com\/fr\/wp-content\/uploads\/2020\/02\/2005_D_HP-AB-SPACE_Image4_750x776_4225866_7502545_6656665_6526869_3870502.jpg\" \/>\n\t<meta property=\"og:image:width\" content=\"750\" \/>\n\t<meta property=\"og:image:height\" content=\"776\" \/>\n\t<meta property=\"og:image:type\" content=\"image\/jpeg\" \/>\n<meta name=\"author\" content=\"alinedikmedjian\" \/>\n<meta name=\"twitter:card\" content=\"summary_large_image\" \/>\n<meta name=\"twitter:label1\" content=\"Written by\" \/>\n\t<meta name=\"twitter:data1\" content=\"alinedikmedjian\" \/>\n<script type=\"application\/ld+json\" class=\"yoast-schema-graph\">{\"@context\":\"https:\/\/schema.org\",\"@graph\":[{\"@type\":\"WebPage\",\"@id\":\"https:\/\/abspace.yves-rocher.com\/fr\/fr\/bonnefetemaman\/\",\"url\":\"https:\/\/abspace.yves-rocher.com\/fr\/fr\/bonnefetemaman\/\",\"name\":\"Bonne f\u00eate Maman ! - Yves Rocher\",\"isPartOf\":{\"@id\":\"https:\/\/abspace.yves-rocher.com\/fr\/#website\"},\"primaryImageOfPage\":{\"@id\":\"https:\/\/abspace.yves-rocher.com\/fr\/fr\/bonnefetemaman\/#primaryimage\"},\"image\":{\"@id\":\"https:\/\/abspace.yves-rocher.com\/fr\/fr\/bonnefetemaman\/#primaryimage\"},\"thumbnailUrl\":\"https:\/\/abspace.yves-rocher.com\/fr\/wp-content\/uploads\/2020\/02\/2005_D_HP-AB-SPACE_Image4_750x776_4225866_7502545_6656665_6526869_3870502.jpg\",\"datePublished\":\"2020-02-16T19:00:11+00:00\",\"dateModified\":\"2024-04-24T10:22:42+00:00\",\"author\":{\"@id\":\"https:\/\/abspace.yves-rocher.com\/fr\/#\/schema\/person\/840168101732d83c08cd6fbd6d3400a2\"},\"description\":\"C\u2019est bient\u00f4t la f\u00eate des m\u00e8res. Pour cette journ\u00e9e sp\u00e9ciale,on vous a concoct\u00e9 un petit programme pour une journ\u00e9e id\u00e9ale avec elle !\",\"breadcrumb\":{\"@id\":\"https:\/\/abspace.yves-rocher.com\/fr\/fr\/bonnefetemaman\/#breadcrumb\"},\"inLanguage\":\"fr-FR\",\"potentialAction\":[{\"@type\":\"ReadAction\",\"target\":[\"https:\/\/abspace.yves-rocher.com\/fr\/fr\/bonnefetemaman\/\"]}]},{\"@type\":\"ImageObject\",\"inLanguage\":\"fr-FR\",\"@id\":\"https:\/\/abspace.yves-rocher.com\/fr\/fr\/bonnefetemaman\/#primaryimage\",\"url\":\"https:\/\/abspace.yves-rocher.com\/fr\/wp-content\/uploads\/2020\/02\/2005_D_HP-AB-SPACE_Image4_750x776_4225866_7502545_6656665_6526869_3870502.jpg\",\"contentUrl\":\"https:\/\/abspace.yves-rocher.com\/fr\/wp-content\/uploads\/2020\/02\/2005_D_HP-AB-SPACE_Image4_750x776_4225866_7502545_6656665_6526869_3870502.jpg\",\"width\":750,\"height\":776},{\"@type\":\"BreadcrumbList\",\"@id\":\"https:\/\/abspace.yves-rocher.com\/fr\/fr\/bonnefetemaman\/#breadcrumb\",\"itemListElement\":[{\"@type\":\"ListItem\",\"position\":1,\"name\":\"Home\",\"item\":\"https:\/\/abspace.yves-rocher.com\/fr\/fr\/\"},{\"@type\":\"ListItem\",\"position\":2,\"name\":\"Bonne f\u00eate Maman !\"}]},{\"@type\":\"WebSite\",\"@id\":\"https:\/\/abspace.yves-rocher.com\/fr\/#website\",\"url\":\"https:\/\/abspace.yves-rocher.com\/fr\/\",\"name\":\"France YR AB\",\"description\":\"France YR AB\",\"potentialAction\":[{\"@type\":\"SearchAction\",\"target\":{\"@type\":\"EntryPoint\",\"urlTemplate\":\"https:\/\/abspace.yves-rocher.com\/fr\/?s={search_term_string}\"},\"query-input\":{\"@type\":\"PropertyValueSpecification\",\"valueRequired\":true,\"valueName\":\"search_term_string\"}}],\"inLanguage\":\"fr-FR\"},{\"@type\":\"Person\",\"@id\":\"https:\/\/abspace.yves-rocher.com\/fr\/#\/schema\/person\/840168101732d83c08cd6fbd6d3400a2\",\"name\":\"alinedikmedjian\",\"image\":{\"@type\":\"ImageObject\",\"inLanguage\":\"fr-FR\",\"@id\":\"https:\/\/abspace.yves-rocher.com\/fr\/#\/schema\/person\/image\/\",\"url\":\"https:\/\/secure.gravatar.com\/avatar\/b0b8d44e5a94d893d3b5f1976dcb463c?s=96&d=mm&r=g\",\"contentUrl\":\"https:\/\/secure.gravatar.com\/avatar\/b0b8d44e5a94d893d3b5f1976dcb463c?s=96&d=mm&r=g\",\"caption\":\"alinedikmedjian\"},\"url\":\"https:\/\/abspace.yves-rocher.com\/fr\/fr\/author\/alinedikmedjian\/\"}]}<\/script>\n<!-- \/ Yoast SEO plugin. -->","yoast_head_json":{"title":"Bonne f\u00eate Maman ! - Yves Rocher","description":"C\u2019est bient\u00f4t la f\u00eate des m\u00e8res. Pour cette journ\u00e9e sp\u00e9ciale,on vous a concoct\u00e9 un petit programme pour une journ\u00e9e id\u00e9ale avec elle !","robots":{"index":"index","follow":"follow","max-snippet":"max-snippet:-1","max-image-preview":"max-image-preview:large","max-video-preview":"max-video-preview:-1"},"canonical":"https:\/\/abspace.yves-rocher.com\/fr\/fr\/bonnefetemaman\/","og_locale":"fr_FR","og_type":"article","og_title":"Bonne f\u00eate Maman ! - Yves Rocher","og_description":"C\u2019est bient\u00f4t la f\u00eate des m\u00e8res. Pour cette journ\u00e9e sp\u00e9ciale,on vous a concoct\u00e9 un petit programme pour une journ\u00e9e id\u00e9ale avec elle !","og_url":"https:\/\/abspace.yves-rocher.com\/fr\/fr\/bonnefetemaman\/","og_site_name":"France YR AB","article_published_time":"2020-02-16T19:00:11+00:00","article_modified_time":"2024-04-24T10:22:42+00:00","og_image":[{"width":750,"height":776,"url":"https:\/\/abspace.yves-rocher.com\/fr\/wp-content\/uploads\/2020\/02\/2005_D_HP-AB-SPACE_Image4_750x776_4225866_7502545_6656665_6526869_3870502.jpg","type":"image\/jpeg"}],"author":"alinedikmedjian","twitter_card":"summary_large_image","twitter_misc":{"Written by":"alinedikmedjian"},"schema":{"@context":"https:\/\/schema.org","@graph":[{"@type":"WebPage","@id":"https:\/\/abspace.yves-rocher.com\/fr\/fr\/bonnefetemaman\/","url":"https:\/\/abspace.yves-rocher.com\/fr\/fr\/bonnefetemaman\/","name":"Bonne f\u00eate Maman ! - Yves Rocher","isPartOf":{"@id":"https:\/\/abspace.yves-rocher.com\/fr\/#website"},"primaryImageOfPage":{"@id":"https:\/\/abspace.yves-rocher.com\/fr\/fr\/bonnefetemaman\/#primaryimage"},"image":{"@id":"https:\/\/abspace.yves-rocher.com\/fr\/fr\/bonnefetemaman\/#primaryimage"},"thumbnailUrl":"https:\/\/abspace.yves-rocher.com\/fr\/wp-content\/uploads\/2020\/02\/2005_D_HP-AB-SPACE_Image4_750x776_4225866_7502545_6656665_6526869_3870502.jpg","datePublished":"2020-02-16T19:00:11+00:00","dateModified":"2024-04-24T10:22:42+00:00","author":{"@id":"https:\/\/abspace.yves-rocher.com\/fr\/#\/schema\/person\/840168101732d83c08cd6fbd6d3400a2"},"description":"C\u2019est bient\u00f4t la f\u00eate des m\u00e8res. Pour cette journ\u00e9e sp\u00e9ciale,on vous a concoct\u00e9 un petit programme pour une journ\u00e9e id\u00e9ale avec elle !","breadcrumb":{"@id":"https:\/\/abspace.yves-rocher.com\/fr\/fr\/bonnefetemaman\/#breadcrumb"},"inLanguage":"fr-FR","potentialAction":[{"@type":"ReadAction","target":["https:\/\/abspace.yves-rocher.com\/fr\/fr\/bonnefetemaman\/"]}]},{"@type":"ImageObject","inLanguage":"fr-FR","@id":"https:\/\/abspace.yves-rocher.com\/fr\/fr\/bonnefetemaman\/#primaryimage","url":"https:\/\/abspace.yves-rocher.com\/fr\/wp-content\/uploads\/2020\/02\/2005_D_HP-AB-SPACE_Image4_750x776_4225866_7502545_6656665_6526869_3870502.jpg","contentUrl":"https:\/\/abspace.yves-rocher.com\/fr\/wp-content\/uploads\/2020\/02\/2005_D_HP-AB-SPACE_Image4_750x776_4225866_7502545_6656665_6526869_3870502.jpg","width":750,"height":776},{"@type":"BreadcrumbList","@id":"https:\/\/abspace.yves-rocher.com\/fr\/fr\/bonnefetemaman\/#breadcrumb","itemListElement":[{"@type":"ListItem","position":1,"name":"Home","item":"https:\/\/abspace.yves-rocher.com\/fr\/fr\/"},{"@type":"ListItem","position":2,"name":"Bonne f\u00eate Maman !"}]},{"@type":"WebSite","@id":"https:\/\/abspace.yves-rocher.com\/fr\/#website","url":"https:\/\/abspace.yves-rocher.com\/fr\/","name":"France YR AB","description":"France YR AB","potentialAction":[{"@type":"SearchAction","target":{"@type":"EntryPoint","urlTemplate":"https:\/\/abspace.yves-rocher.com\/fr\/?s={search_term_string}"},"query-input":{"@type":"PropertyValueSpecification","valueRequired":true,"valueName":"search_term_string"}}],"inLanguage":"fr-FR"},{"@type":"Person","@id":"https:\/\/abspace.yves-rocher.com\/fr\/#\/schema\/person\/840168101732d83c08cd6fbd6d3400a2","name":"alinedikmedjian","image":{"@type":"ImageObject","inLanguage":"fr-FR","@id":"https:\/\/abspace.yves-rocher.com\/fr\/#\/schema\/person\/image\/","url":"https:\/\/secure.gravatar.com\/avatar\/b0b8d44e5a94d893d3b5f1976dcb463c?s=96&d=mm&r=g","contentUrl":"https:\/\/secure.gravatar.com\/avatar\/b0b8d44e5a94d893d3b5f1976dcb463c?s=96&d=mm&r=g","caption":"alinedikmedjian"},"url":"https:\/\/abspace.yves-rocher.com\/fr\/fr\/author\/alinedikmedjian\/"}]}},"_links":{"self":[{"href":"https:\/\/abspace.yves-rocher.com\/fr\/ws\/wp\/v2\/posts\/7492","targetHints":{"allow":["GET"]}}],"collection":[{"href":"https:\/\/abspace.yves-rocher.com\/fr\/ws\/wp\/v2\/posts"}],"about":[{"href":"https:\/\/abspace.yves-rocher.com\/fr\/ws\/wp\/v2\/types\/post"}],"author":[{"embeddable":true,"href":"https:\/\/abspace.yves-rocher.com\/fr\/ws\/wp\/v2\/users\/555282"}],"replies":[{"embeddable":true,"href":"https:\/\/abspace.yves-rocher.com\/fr\/ws\/wp\/v2\/comments?post=7492"}],"version-history":[{"count":5,"href":"https:\/\/abspace.yves-rocher.com\/fr\/ws\/wp\/v2\/posts\/7492\/revisions"}],"predecessor-version":[{"id":14059,"href":"https:\/\/abspace.yves-rocher.com\/fr\/ws\/wp\/v2\/posts\/7492\/revisions\/14059"}],"wp:featuredmedia":[{"embeddable":true,"href":"https:\/\/abspace.yves-rocher.com\/fr\/ws\/wp\/v2\/media\/7520"}],"wp:attachment":[{"href":"https:\/\/abspace.yves-rocher.com\/fr\/ws\/wp\/v2\/media?parent=7492"}],"wp:term":[{"taxonomy":"category","embeddable":true,"href":"https:\/\/abspace.yves-rocher.com\/fr\/ws\/wp\/v2\/categories?post=7492"},{"taxonomy":"post_tag","embeddable":true,"href":"https:\/\/abspace.yves-rocher.com\/fr\/ws\/wp\/v2\/tags?post=7492"}],"curies":[{"name":"wp","href":"https:\/\/api.w.org\/{rel}","templated":true}]}}