{"id":8013,"date":"2020-04-14T13:05:01","date_gmt":"2020-04-14T11:35:01","guid":{"rendered":"http:\/\/abspace.yves-rocher.com\/fr\/?p=8013"},"modified":"2022-07-04T16:47:04","modified_gmt":"2022-07-04T15:17:04","slug":"prix-terre-de-femmes-2021-cest-parti","status":"publish","type":"post","link":"https:\/\/abspace.yves-rocher.com\/fr\/fr\/prix-terre-de-femmes-2021-cest-parti\/","title":{"rendered":"Prix Terre de Femmes 2021, c&#8217;est parti !"},"content":{"rendered":"<div id=\"pl-8013\"  class=\"panel-layout\" ><div id=\"pg-8013-0\"  class=\"panel-grid panel-no-style\" ><div id=\"pgc-8013-0-0\"  class=\"panel-grid-cell\" >            <div class=\"textWidget header-description \">\r\n                <p>L\u2019appel \u00e0 candidature du Prix Terre de Femmes Fondation Yves Rocher est ouvert du 4 juin au 15 septembre\u00a02020.<\/p>\r\n            <\/div>\r\n    <\/div><\/div><div id=\"pg-8013-1\"  class=\"panel-grid panel-no-style\" ><div id=\"pgc-8013-1-0\"  class=\"panel-grid-cell\" ><div id=\"panel-8013-1-0-0\" class=\"so-panel widget widget_sow-image panel-first-child panel-last-child\" data-index=\"1\" ><div\n\t\t\t\n\t\t\tclass=\"so-widget-sow-image so-widget-sow-image-default-8b5b6f678277-8013\"\n\t\t\t\n\t\t>\r\n\r\n\r\n<div class=\"sow-image-container\">\r\n    \r\n    <img loading=\"lazy\" decoding=\"async\" src=\"https:\/\/abspace.yves-rocher.com\/fr\/wp-content\/uploads\/2020\/06\/2007_S_HP_image1_1100x1481-1.jpg\" width=\"1100\" height=\"652\" srcset=\"\" title=\"2007_S_HP_image1_1100x1481\"          class=\"so-widget-image\" \/>\r\n\r\n    \r\n    \r\n    <\/div>\r\n\r\n<\/div><\/div><\/div><div id=\"pgc-8013-1-1\"  class=\"panel-grid-cell\" ><div id=\"panel-8013-1-1-0\" class=\"so-panel widget widget_sow-editor panel-first-child panel-last-child\" data-index=\"2\" ><div\n\t\t\t\n\t\t\tclass=\"so-widget-sow-editor so-widget-sow-editor-base\"\n\t\t\t\n\t\t>\n<div class=\"siteorigin-widget-tinymce textwidget\">\n\t<p><strong>Depuis 1991, la Fondation Yves Rocher r\u00e9compense chaque ann\u00e9e les femmes engag\u00e9es en faveur de la pr\u00e9servation de l\u2019environnement, et ce dans plus d\u2019une cinquantaine de pays d\u2019actions.<\/strong><\/p>\n<p>Le Programme Terre de Femmes f\u00eatera ses 20 ans en 2021 ! Cette ann\u00e9e sera une nouvelle fois l\u2019occasion de mettre en lumi\u00e8re des <strong>femmes d\u2019exception<\/strong> qui \u0153uvrent au quotidien pour le bien de la plan\u00e8te et des humains. Voici tout ce que vous devez savoir pour cette nouvelle \u00e9dition du <strong>prix Terre de Femmes - Fondation Yves Rocher<\/strong> !<\/p>\n<p>Bonne nouvelle l\u2019appel \u00e0 candidatures est d\u00e9sormais ouvert ! Les candidates sont invit\u00e9es \u00e0 d\u00e9poser leur participation aupr\u00e8s de la <strong>Fondation Yves Rocher, du 4 juin au 15 septembre 2020 minuit<\/strong>. (Retrouvez le lien pour candidater \u00e0 la fin de cet article).<\/p>\n<p>Ing\u00e9nieure agronome, m\u00e9decin, psychologue, enseignante, chercheure, etc : chaque laur\u00e9ate a sa propre histoire, son propre savoir-faire. <br \/><a href=\"https:\/\/www.yves-rocher.fr\/actbeautiful\/les-laureates-terre-de-femmes-2020\/\" target=\"_blank\" rel=\"noopener\">Retrouvez ici les laur\u00e9ates des prix 2020<\/a>.<\/p>\n<\/div>\n<\/div><\/div><\/div><\/div><div id=\"pg-8013-2\"  class=\"panel-grid panel-no-style\" ><div id=\"pgc-8013-2-0\"  class=\"panel-grid-cell\" ><div id=\"panel-8013-2-0-0\" class=\"so-panel widget widget_sow-editor panel-first-child panel-last-child\" data-index=\"3\" ><div\n\t\t\t\n\t\t\tclass=\"so-widget-sow-editor so-widget-sow-editor-base\"\n\t\t\t\n\t\t>\n<div class=\"siteorigin-widget-tinymce textwidget\">\n\t<h2>Les b\u00e9n\u00e9fices pour la laur\u00e9ate<\/h2>\n<p>\u2022 Une dotation financi\u00e8re pouvant aller jusqu\u2019\u00e0 20 000 \u20ac si elle remporte le Grand Prix Terre de Femmes.<br \/>\u2022 Une forte visibilit\u00e9 dans les m\u00e9dias.<br \/>\u2022 Une entr\u00e9e dans une communaut\u00e9 internationale de femmes engag\u00e9es.<br \/>\u2022 Un soutien et une reconnaissance, sources d\u2019\u00e9nergie pour continuer \u00e0 mener \u00e0 bien son projet.<\/p>\n<h2>Un programme f\u00e9minin et pluriel<\/h2>\n<p>Chaque jour, dans l'ombre, des h\u00e9ro\u00efnes ordinaires \u0153uvrent pour changer le monde. <strong>La Fondation Yves Rocher soutient ces femmes, souvent exclues des programmes d\u2019aides et de subventions en mettant en lumi\u00e8re leur engagement gr\u00e2ce au programme Terre de Femmes<\/strong>.<\/p>\n<p>Tous les ans, de nouvelles laur\u00e9ates rejoignent la grande communaut\u00e9 de plus de 450 femmes d\u00e9j\u00e0 prim\u00e9es dans les pays organisateurs (Allemagne-Autriche-Suisse, Belgique-Luxembourg-Pays Bas, Espagne, France, Italie, Maroc, Mexique, Portugal, Russie, Turquie, Ukraine).<\/p>\n<\/div>\n<\/div><\/div><\/div><div id=\"pgc-8013-2-1\"  class=\"panel-grid-cell\" ><div id=\"panel-8013-2-1-0\" class=\"so-panel widget widget_sow-image panel-first-child panel-last-child\" data-index=\"4\" ><div\n\t\t\t\n\t\t\tclass=\"so-widget-sow-image so-widget-sow-image-default-8b5b6f678277-8013\"\n\t\t\t\n\t\t>\r\n\r\n\r\n<div class=\"sow-image-container\">\r\n    \r\n    <img loading=\"lazy\" decoding=\"async\" src=\"https:\/\/abspace.yves-rocher.com\/fr\/wp-content\/uploads\/2020\/06\/2007_S_HP_image2_1100x1481-1.jpg\" width=\"1100\" height=\"652\" srcset=\"\" title=\"2007_S_HP_image2_1100x1481\"          class=\"so-widget-image\" \/>\r\n\r\n    \r\n    \r\n    <\/div>\r\n\r\n<\/div><\/div><\/div><\/div><div id=\"pg-8013-3\"  class=\"panel-grid panel-no-style\" ><div id=\"pgc-8013-3-0\"  class=\"panel-grid-cell\" ><div id=\"panel-8013-3-0-0\" class=\"so-panel widget widget_sow-image panel-first-child panel-last-child\" data-index=\"5\" ><div\n\t\t\t\n\t\t\tclass=\"so-widget-sow-image so-widget-sow-image-default-8b5b6f678277-8013\"\n\t\t\t\n\t\t>\r\n\r\n\r\n<div class=\"sow-image-container\">\r\n    \r\n    <img loading=\"lazy\" decoding=\"async\" src=\"https:\/\/abspace.yves-rocher.com\/fr\/wp-content\/uploads\/2020\/06\/2007_S_HP_image3_1100x1481-1.jpg\" width=\"1100\" height=\"652\" srcset=\"\" title=\"2007_S_HP_image3_1100x1481\"          class=\"so-widget-image\" \/>\r\n\r\n    \r\n    \r\n    <\/div>\r\n\r\n<\/div><\/div><\/div><div id=\"pgc-8013-3-1\"  class=\"panel-grid-cell\" ><div id=\"panel-8013-3-1-0\" class=\"so-panel widget widget_sow-editor panel-first-child panel-last-child\" data-index=\"6\" ><div\n\t\t\t\n\t\t\tclass=\"so-widget-sow-editor so-widget-sow-editor-base\"\n\t\t\t\n\t\t>\n<div class=\"siteorigin-widget-tinymce textwidget\">\n\t<h2>Terre de Femmes - Fondation Yves Rocher<\/h2>\n<p>\u00ab Au bout du monde ou au bout de la rue, on peut tous s\u2019engager pour changer le monde \u00bb, Jacques Rocher, Pr\u00e9sident de la Fondation Yves Rocher.<\/p>\n<p><strong>Terre de Femmes<\/strong> r\u00e9compense chaque ann\u00e9e, depuis 2001, de nouvelles laur\u00e9ates pour <strong>leurs actions et leurs engagements en faveur de l\u2019environnement<\/strong> \u00e0 travers 3 axes forts :<\/p>\n<p>\u2022 Le <strong>soutien financier<\/strong> des projets de femmes engag\u00e9es avec les Prix Terre de Femmes<br \/>\n\u2022 La <strong>mise en avant de leurs projets<\/strong> pour qu\u2019elles puissent \u00eatre source d\u2019inspiration pour tous<br \/>\n\u2022 La <strong>cr\u00e9ation d\u2019une communaut\u00e9<\/strong> et de moments d\u2019\u00e9changes privil\u00e9gi\u00e9s entre toutes<\/p>\n<p>Toutes les initiatives, petites ou grandes, ont leur place au sein de la Fondation Yves Rocher, car mises bout \u00e0 bout elles finissent par faire la diff\u00e9rence.<\/p>\n<\/div>\n<\/div><\/div><\/div><\/div><div id=\"pg-8013-4\"  class=\"panel-grid panel-no-style\" ><div id=\"pgc-8013-4-0\"  class=\"panel-grid-cell\" ><div id=\"panel-8013-4-0-0\" class=\"so-panel widget widget_sow-editor panel-first-child panel-last-child\" data-index=\"7\" ><div\n\t\t\t\n\t\t\tclass=\"so-widget-sow-editor so-widget-sow-editor-base\"\n\t\t\t\n\t\t>\n<div class=\"siteorigin-widget-tinymce textwidget\">\n\t<p style=\"text-align: center\">Vous avez envie de candidater ou connaissez des femmes inspirantes dans votre entourage, n\u2019h\u00e9sitez pas !<\/p>\n<h3 style=\"text-align: center\"><strong>Appel \u00e0 candidatures ouvert du 4 juin au 15 septembre minuit<\/strong>.<\/h3>\n<p style=\"color: #8c951e;text-align: center;font-family: 'Century Gothic',sans-serif !important\">Pour participer :<br \/>https:\/\/www.yves-rocher-fondation.org\/candidater-au-prix-terre-de-femmes\/<\/p>\n<\/div>\n<\/div><\/div><\/div><\/div><div id=\"pg-8013-5\"  class=\"panel-grid panel-no-style\" ><div id=\"pgc-8013-5-0\"  class=\"panel-grid-cell\" ><div id=\"panel-8013-5-0-0\" class=\"so-panel widget panel-first-child panel-last-child\" data-index=\"8\" ><\/div><\/div><\/div><\/div>","protected":false},"excerpt":{"rendered":"<p>R\u00e9alisez votre projet en candidatant \u00e0 ce prix !<\/p>\n","protected":false},"author":599583,"featured_media":8014,"comment_status":"open","ping_status":"open","sticky":false,"template":"","format":"standard","meta":{"_acf_changed":false,"_exactmetrics_skip_tracking":false,"_exactmetrics_sitenote_active":false,"_exactmetrics_sitenote_note":"","_exactmetrics_sitenote_category":0,"footnotes":""},"categories":[1],"tags":[136],"class_list":["post-8013","post","type-post","status-publish","format-standard","has-post-thumbnail","hentry","category-uncategorized","tag-belleetengagee"],"acf":[],"yoast_head":"<!-- This site is optimized with the Yoast SEO plugin v24.7 - https:\/\/yoast.com\/wordpress\/plugins\/seo\/ -->\n<title>Prix Terre de Femmes 2021, c&#039;est parti ! - Yves Rocher<\/title>\n<meta name=\"description\" content=\"R\u00e9alisez votre projet en candidatant \u00e0 ce prix !\" \/>\n<meta name=\"robots\" content=\"index, follow, max-snippet:-1, max-image-preview:large, max-video-preview:-1\" \/>\n<link rel=\"canonical\" href=\"https:\/\/abspace.yves-rocher.com\/fr\/fr\/prix-terre-de-femmes-2021-cest-parti\/\" \/>\n<meta property=\"og:locale\" content=\"fr_FR\" \/>\n<meta property=\"og:type\" content=\"article\" \/>\n<meta property=\"og:title\" content=\"Prix Terre de Femmes 2021, c&#039;est parti ! - Yves Rocher\" \/>\n<meta property=\"og:description\" content=\"R\u00e9alisez votre projet en candidatant \u00e0 ce prix !\" \/>\n<meta property=\"og:url\" content=\"https:\/\/abspace.yves-rocher.com\/fr\/fr\/prix-terre-de-femmes-2021-cest-parti\/\" \/>\n<meta property=\"og:site_name\" content=\"France YR AB\" \/>\n<meta property=\"article:published_time\" content=\"2020-04-14T11:35:01+00:00\" \/>\n<meta property=\"article:modified_time\" content=\"2022-07-04T15:17:04+00:00\" \/>\n<meta property=\"og:image\" content=\"https:\/\/abspace.yves-rocher.com\/fr\/wp-content\/uploads\/2020\/06\/2008_S_HP_push8_750x776.jpg\" \/>\n\t<meta property=\"og:image:width\" content=\"750\" \/>\n\t<meta property=\"og:image:height\" content=\"776\" \/>\n\t<meta property=\"og:image:type\" content=\"image\/jpeg\" \/>\n<meta name=\"author\" content=\"valerieramarozatovo\" \/>\n<meta name=\"twitter:card\" content=\"summary_large_image\" \/>\n<meta name=\"twitter:label1\" content=\"Written by\" \/>\n\t<meta name=\"twitter:data1\" content=\"valerieramarozatovo\" \/>\n<script type=\"application\/ld+json\" class=\"yoast-schema-graph\">{\"@context\":\"https:\/\/schema.org\",\"@graph\":[{\"@type\":\"WebPage\",\"@id\":\"https:\/\/abspace.yves-rocher.com\/fr\/fr\/prix-terre-de-femmes-2021-cest-parti\/\",\"url\":\"https:\/\/abspace.yves-rocher.com\/fr\/fr\/prix-terre-de-femmes-2021-cest-parti\/\",\"name\":\"Prix Terre de Femmes 2021, c'est parti ! - Yves Rocher\",\"isPartOf\":{\"@id\":\"https:\/\/abspace.yves-rocher.com\/fr\/#website\"},\"primaryImageOfPage\":{\"@id\":\"https:\/\/abspace.yves-rocher.com\/fr\/fr\/prix-terre-de-femmes-2021-cest-parti\/#primaryimage\"},\"image\":{\"@id\":\"https:\/\/abspace.yves-rocher.com\/fr\/fr\/prix-terre-de-femmes-2021-cest-parti\/#primaryimage\"},\"thumbnailUrl\":\"https:\/\/abspace.yves-rocher.com\/fr\/wp-content\/uploads\/2020\/06\/2008_S_HP_push8_750x776.jpg\",\"datePublished\":\"2020-04-14T11:35:01+00:00\",\"dateModified\":\"2022-07-04T15:17:04+00:00\",\"author\":{\"@id\":\"https:\/\/abspace.yves-rocher.com\/fr\/#\/schema\/person\/4d3c10e04acd5e3623a86900ef5c83f9\"},\"description\":\"R\u00e9alisez votre projet en candidatant \u00e0 ce prix !\",\"breadcrumb\":{\"@id\":\"https:\/\/abspace.yves-rocher.com\/fr\/fr\/prix-terre-de-femmes-2021-cest-parti\/#breadcrumb\"},\"inLanguage\":\"fr-FR\",\"potentialAction\":[{\"@type\":\"ReadAction\",\"target\":[\"https:\/\/abspace.yves-rocher.com\/fr\/fr\/prix-terre-de-femmes-2021-cest-parti\/\"]}]},{\"@type\":\"ImageObject\",\"inLanguage\":\"fr-FR\",\"@id\":\"https:\/\/abspace.yves-rocher.com\/fr\/fr\/prix-terre-de-femmes-2021-cest-parti\/#primaryimage\",\"url\":\"https:\/\/abspace.yves-rocher.com\/fr\/wp-content\/uploads\/2020\/06\/2008_S_HP_push8_750x776.jpg\",\"contentUrl\":\"https:\/\/abspace.yves-rocher.com\/fr\/wp-content\/uploads\/2020\/06\/2008_S_HP_push8_750x776.jpg\",\"width\":750,\"height\":776},{\"@type\":\"BreadcrumbList\",\"@id\":\"https:\/\/abspace.yves-rocher.com\/fr\/fr\/prix-terre-de-femmes-2021-cest-parti\/#breadcrumb\",\"itemListElement\":[{\"@type\":\"ListItem\",\"position\":1,\"name\":\"Home\",\"item\":\"https:\/\/abspace.yves-rocher.com\/fr\/fr\/\"},{\"@type\":\"ListItem\",\"position\":2,\"name\":\"Prix Terre de Femmes 2021, c&#8217;est parti !\"}]},{\"@type\":\"WebSite\",\"@id\":\"https:\/\/abspace.yves-rocher.com\/fr\/#website\",\"url\":\"https:\/\/abspace.yves-rocher.com\/fr\/\",\"name\":\"France YR AB\",\"description\":\"France YR AB\",\"potentialAction\":[{\"@type\":\"SearchAction\",\"target\":{\"@type\":\"EntryPoint\",\"urlTemplate\":\"https:\/\/abspace.yves-rocher.com\/fr\/?s={search_term_string}\"},\"query-input\":{\"@type\":\"PropertyValueSpecification\",\"valueRequired\":true,\"valueName\":\"search_term_string\"}}],\"inLanguage\":\"fr-FR\"},{\"@type\":\"Person\",\"@id\":\"https:\/\/abspace.yves-rocher.com\/fr\/#\/schema\/person\/4d3c10e04acd5e3623a86900ef5c83f9\",\"name\":\"valerieramarozatovo\",\"image\":{\"@type\":\"ImageObject\",\"inLanguage\":\"fr-FR\",\"@id\":\"https:\/\/abspace.yves-rocher.com\/fr\/#\/schema\/person\/image\/\",\"url\":\"https:\/\/secure.gravatar.com\/avatar\/8ac7f4e97684591d06b5efb6e80489ae?s=96&d=mm&r=g\",\"contentUrl\":\"https:\/\/secure.gravatar.com\/avatar\/8ac7f4e97684591d06b5efb6e80489ae?s=96&d=mm&r=g\",\"caption\":\"valerieramarozatovo\"},\"url\":\"https:\/\/abspace.yves-rocher.com\/fr\/fr\/author\/valerieramarozatovo\/\"}]}<\/script>\n<!-- \/ Yoast SEO plugin. -->","yoast_head_json":{"title":"Prix Terre de Femmes 2021, c'est parti ! - Yves Rocher","description":"R\u00e9alisez votre projet en candidatant \u00e0 ce prix !","robots":{"index":"index","follow":"follow","max-snippet":"max-snippet:-1","max-image-preview":"max-image-preview:large","max-video-preview":"max-video-preview:-1"},"canonical":"https:\/\/abspace.yves-rocher.com\/fr\/fr\/prix-terre-de-femmes-2021-cest-parti\/","og_locale":"fr_FR","og_type":"article","og_title":"Prix Terre de Femmes 2021, c'est parti ! - Yves Rocher","og_description":"R\u00e9alisez votre projet en candidatant \u00e0 ce prix !","og_url":"https:\/\/abspace.yves-rocher.com\/fr\/fr\/prix-terre-de-femmes-2021-cest-parti\/","og_site_name":"France YR AB","article_published_time":"2020-04-14T11:35:01+00:00","article_modified_time":"2022-07-04T15:17:04+00:00","og_image":[{"width":750,"height":776,"url":"https:\/\/abspace.yves-rocher.com\/fr\/wp-content\/uploads\/2020\/06\/2008_S_HP_push8_750x776.jpg","type":"image\/jpeg"}],"author":"valerieramarozatovo","twitter_card":"summary_large_image","twitter_misc":{"Written by":"valerieramarozatovo"},"schema":{"@context":"https:\/\/schema.org","@graph":[{"@type":"WebPage","@id":"https:\/\/abspace.yves-rocher.com\/fr\/fr\/prix-terre-de-femmes-2021-cest-parti\/","url":"https:\/\/abspace.yves-rocher.com\/fr\/fr\/prix-terre-de-femmes-2021-cest-parti\/","name":"Prix Terre de Femmes 2021, c'est parti ! - Yves Rocher","isPartOf":{"@id":"https:\/\/abspace.yves-rocher.com\/fr\/#website"},"primaryImageOfPage":{"@id":"https:\/\/abspace.yves-rocher.com\/fr\/fr\/prix-terre-de-femmes-2021-cest-parti\/#primaryimage"},"image":{"@id":"https:\/\/abspace.yves-rocher.com\/fr\/fr\/prix-terre-de-femmes-2021-cest-parti\/#primaryimage"},"thumbnailUrl":"https:\/\/abspace.yves-rocher.com\/fr\/wp-content\/uploads\/2020\/06\/2008_S_HP_push8_750x776.jpg","datePublished":"2020-04-14T11:35:01+00:00","dateModified":"2022-07-04T15:17:04+00:00","author":{"@id":"https:\/\/abspace.yves-rocher.com\/fr\/#\/schema\/person\/4d3c10e04acd5e3623a86900ef5c83f9"},"description":"R\u00e9alisez votre projet en candidatant \u00e0 ce prix !","breadcrumb":{"@id":"https:\/\/abspace.yves-rocher.com\/fr\/fr\/prix-terre-de-femmes-2021-cest-parti\/#breadcrumb"},"inLanguage":"fr-FR","potentialAction":[{"@type":"ReadAction","target":["https:\/\/abspace.yves-rocher.com\/fr\/fr\/prix-terre-de-femmes-2021-cest-parti\/"]}]},{"@type":"ImageObject","inLanguage":"fr-FR","@id":"https:\/\/abspace.yves-rocher.com\/fr\/fr\/prix-terre-de-femmes-2021-cest-parti\/#primaryimage","url":"https:\/\/abspace.yves-rocher.com\/fr\/wp-content\/uploads\/2020\/06\/2008_S_HP_push8_750x776.jpg","contentUrl":"https:\/\/abspace.yves-rocher.com\/fr\/wp-content\/uploads\/2020\/06\/2008_S_HP_push8_750x776.jpg","width":750,"height":776},{"@type":"BreadcrumbList","@id":"https:\/\/abspace.yves-rocher.com\/fr\/fr\/prix-terre-de-femmes-2021-cest-parti\/#breadcrumb","itemListElement":[{"@type":"ListItem","position":1,"name":"Home","item":"https:\/\/abspace.yves-rocher.com\/fr\/fr\/"},{"@type":"ListItem","position":2,"name":"Prix Terre de Femmes 2021, c&#8217;est parti !"}]},{"@type":"WebSite","@id":"https:\/\/abspace.yves-rocher.com\/fr\/#website","url":"https:\/\/abspace.yves-rocher.com\/fr\/","name":"France YR AB","description":"France YR AB","potentialAction":[{"@type":"SearchAction","target":{"@type":"EntryPoint","urlTemplate":"https:\/\/abspace.yves-rocher.com\/fr\/?s={search_term_string}"},"query-input":{"@type":"PropertyValueSpecification","valueRequired":true,"valueName":"search_term_string"}}],"inLanguage":"fr-FR"},{"@type":"Person","@id":"https:\/\/abspace.yves-rocher.com\/fr\/#\/schema\/person\/4d3c10e04acd5e3623a86900ef5c83f9","name":"valerieramarozatovo","image":{"@type":"ImageObject","inLanguage":"fr-FR","@id":"https:\/\/abspace.yves-rocher.com\/fr\/#\/schema\/person\/image\/","url":"https:\/\/secure.gravatar.com\/avatar\/8ac7f4e97684591d06b5efb6e80489ae?s=96&d=mm&r=g","contentUrl":"https:\/\/secure.gravatar.com\/avatar\/8ac7f4e97684591d06b5efb6e80489ae?s=96&d=mm&r=g","caption":"valerieramarozatovo"},"url":"https:\/\/abspace.yves-rocher.com\/fr\/fr\/author\/valerieramarozatovo\/"}]}},"_links":{"self":[{"href":"https:\/\/abspace.yves-rocher.com\/fr\/ws\/wp\/v2\/posts\/8013","targetHints":{"allow":["GET"]}}],"collection":[{"href":"https:\/\/abspace.yves-rocher.com\/fr\/ws\/wp\/v2\/posts"}],"about":[{"href":"https:\/\/abspace.yves-rocher.com\/fr\/ws\/wp\/v2\/types\/post"}],"author":[{"embeddable":true,"href":"https:\/\/abspace.yves-rocher.com\/fr\/ws\/wp\/v2\/users\/599583"}],"replies":[{"embeddable":true,"href":"https:\/\/abspace.yves-rocher.com\/fr\/ws\/wp\/v2\/comments?post=8013"}],"version-history":[{"count":2,"href":"https:\/\/abspace.yves-rocher.com\/fr\/ws\/wp\/v2\/posts\/8013\/revisions"}],"predecessor-version":[{"id":8795,"href":"https:\/\/abspace.yves-rocher.com\/fr\/ws\/wp\/v2\/posts\/8013\/revisions\/8795"}],"wp:featuredmedia":[{"embeddable":true,"href":"https:\/\/abspace.yves-rocher.com\/fr\/ws\/wp\/v2\/media\/8014"}],"wp:attachment":[{"href":"https:\/\/abspace.yves-rocher.com\/fr\/ws\/wp\/v2\/media?parent=8013"}],"wp:term":[{"taxonomy":"category","embeddable":true,"href":"https:\/\/abspace.yves-rocher.com\/fr\/ws\/wp\/v2\/categories?post=8013"},{"taxonomy":"post_tag","embeddable":true,"href":"https:\/\/abspace.yves-rocher.com\/fr\/ws\/wp\/v2\/tags?post=8013"}],"curies":[{"name":"wp","href":"https:\/\/api.w.org\/{rel}","templated":true}]}}