{"id":8963,"date":"2023-04-20T18:26:48","date_gmt":"2023-04-20T16:56:48","guid":{"rendered":"http:\/\/abspace.yves-rocher.com\/fr\/?p=8963"},"modified":"2025-06-23T14:53:40","modified_gmt":"2025-06-23T13:23:40","slug":"soins-hydratants-pour-le-visage-comment-choisir","status":"publish","type":"post","link":"https:\/\/abspace.yves-rocher.com\/fr\/fr\/soins-hydratants-pour-le-visage-comment-choisir\/","title":{"rendered":"Pourquoi et comment bien hydrater son visage ?"},"content":{"rendered":"<div id=\"pl-8963\"  class=\"panel-layout\" ><div id=\"pg-8963-0\"  class=\"panel-grid panel-no-style\" ><div id=\"pgc-8963-0-0\"  class=\"panel-grid-cell\" ><div id=\"panel-8963-0-0-0\" class=\"so-panel widget widget_sow-editor panel-first-child panel-last-child\" data-index=\"0\" ><div\n\t\t\t\n\t\t\tclass=\"so-widget-sow-editor so-widget-sow-editor-base\"\n\t\t\t\n\t\t>\n<div class=\"siteorigin-widget-tinymce textwidget\">\n\t<p style=\"text-align: left\"><span style=\"font-weight: 400\">Nous l\u2019avons toutes d\u00e9j\u00e0 entendu, dans la qu\u00eate du teint radieux et de la peau z\u00e9ro d\u00e9faut, l\u2019<\/span><span style=\"font-weight: 400\">hydratation du visage<\/span><span style=\"font-weight: 400\"> est cl\u00e9. Cela semble couler de source, oui, mais pourquoi ? Et quels sont les diff\u00e9rents types d\u2019hydratation ? Quels <\/span><a href=\"https:\/\/www.yves-rocher.fr\/soin-visage\/c\/10000\"><span style=\"font-weight: 400\">soins visage<\/span><\/a><span style=\"font-weight: 400\"> hydratants choisir selon votre type de peau ? On vous dit tout sur <\/span><span style=\"font-weight: 400\">comment bien hydrater son visage<\/span><span style=\"font-weight: 400\">.<\/span><\/p>\n<\/div>\n<\/div><\/div><\/div><\/div><div id=\"pg-8963-1\"  class=\"panel-grid panel-no-style\" ><div id=\"pgc-8963-1-0\"  class=\"panel-grid-cell\" ><div id=\"panel-8963-1-0-0\" class=\"so-panel widget widget_sow-editor panel-first-child panel-last-child\" data-index=\"1\" ><div\n\t\t\t\n\t\t\tclass=\"so-widget-sow-editor so-widget-sow-editor-base\"\n\t\t\t\n\t\t>\n<div class=\"siteorigin-widget-tinymce textwidget\">\n\t<h2 style=\"text-align: left\">Pourquoi hydrater son visage ?<\/h2>\n<p><span style=\"font-weight: 400\">Saviez-vous que le corps \u00e9tait compos\u00e9 de plus de 70% d\u2019eau ? Cette eau a besoin d\u2019\u00eatre renouvel\u00e9e, puisque naturellement l\u2019organisme en perd en moyenne 2,5 litres par jour. Hydrater le visage permet \u00e0 la peau de se r\u00e9g\u00e9n\u00e9rer et de faire peau neuve. <\/span><span style=\"font-weight: 400\">C\u2019est aussi simple que cela ! Une bonne hydratation aide \u00e9galement \u00e0 r\u00e9duire l'apparence des rides, en maintenant la peau souple et \u00e9lastique<\/span><span style=\"font-weight: 400\">.<\/span><\/p>\n<p>L'hydratation a aussi d\u2019autres atouts :\u00a0<\/p>\n<ul>\n<li>Elle permet de lutter contre le teint terne ou gris. Si les cellules de la peau manquent d'hydratation, elles ont tendance \u00e0 blanchir.\u00a0<\/li>\n<li>Elle prot\u00e8ge contre les facteurs ext\u00e9rieurs tels que le froid, le chaud ou la pollution en renfor\u00e7ant le film protecteur \u00e0 la surface de la peau.\u00a0<\/li>\n<li>Elle ralentit le vieillissement cutan\u00e9 en permettant \u00e0 la peau de se r\u00e9g\u00e9n\u00e9rer.\u00a0<\/li>\n<\/ul>\n<\/div>\n<\/div><\/div><\/div><div id=\"pgc-8963-1-1\"  class=\"panel-grid-cell\" ><div id=\"panel-8963-1-1-0\" class=\"so-panel widget widget_sow-image panel-first-child panel-last-child\" data-index=\"2\" ><div\n\t\t\t\n\t\t\tclass=\"so-widget-sow-image so-widget-sow-image-default-8b5b6f678277-8963\"\n\t\t\t\n\t\t>\r\n\r\n\r\n<div class=\"sow-image-container\">\r\n    \r\n    <img loading=\"lazy\" decoding=\"async\" src=\"https:\/\/abspace.yves-rocher.com\/fr\/wp-content\/uploads\/2020\/11\/SV_26.jpg\" width=\"640\" height=\"400\" srcset=\"\"          class=\"so-widget-image\" \/>\r\n\r\n    \r\n    \r\n    <\/div>\r\n\r\n<\/div><\/div><\/div><\/div><div id=\"pg-8963-2\"  class=\"panel-grid panel-no-style\" ><div id=\"pgc-8963-2-0\"  class=\"panel-grid-cell\" ><div id=\"panel-8963-2-0-0\" class=\"so-panel widget widget_sow-editor panel-first-child panel-last-child\" data-index=\"3\" ><div\n\t\t\t\n\t\t\tclass=\"so-widget-sow-editor so-widget-sow-editor-base\"\n\t\t\t\n\t\t>\n<div class=\"siteorigin-widget-tinymce textwidget\">\n\t<h2 style=\"text-align: left\">Quels sont les m\u00e9canismes d\u2019hydratation ?<\/h2>\n<p><span style=\"font-weight: 400\">La peau est recouverte d\u2019un film hydrolipidique, emp\u00eachant l\u2019eau de s\u2019\u00e9vaporer et agissant comme une barri\u00e8re contre les agressions externes. Si la peau n\u2019est pas assez hydrat\u00e9e, ce film est alt\u00e9r\u00e9, avec comme cons\u00e9quence des sensations d\u2019inconfort, de tiraillement ou encore l\u2019apparition de rougeurs. A\u00efe ! Il est donc important d\u2019appliquer quotidiennement, une <\/span><a href=\"https:\/\/www.yves-rocher.fr\/soin-visage\/type-de-soin\/creme-de-jour\/c\/11300\"><span style=\"font-weight: 400\">cr\u00e8me de jour<\/span><\/a><span style=\"font-weight: 400\">.<\/span><\/p>\n<p><strong>Le saviez-vous ? <\/strong><span style=\"font-weight: 400\">La nuit, la peau a particuli\u00e8rement besoin de se r\u00e9g\u00e9n\u00e9rer et de maintenir son hydratation. C\u2019est pendant cette p\u00e9riode de repos que la peau active ses m\u00e9canismes de r\u00e9paration et de renouvellement cellulaire. Les soins de nuit, comme les <\/span><a href=\"https:\/\/www.yves-rocher.fr\/soin-visage\/type-de-soin\/creme-de-nuit\/c\/11400\"><span style=\"font-weight: 400\">cr\u00e8mes de nuit<\/span><\/a><span style=\"font-weight: 400\">, jouent donc un r\u00f4le important dans votre routine skin care.<\/span><\/p>\n<p><strong>Astuce : Peau s\u00e8che, peau d\u00e9shydrat\u00e9e, pas le m\u00eame combat<\/strong><\/p>\n<p>Contrairement aux id\u00e9es re\u00e7ues, une peau s\u00e8che et une peau d\u00e9shydrat\u00e9e sont deux choses diff\u00e9rentes. Une peau s\u00e8che est un type de peau qui ne produit pas assez de s\u00e9bum et qui a besoin d\u2019\u00eatre nourrie avec des lipides. La d\u00e9shydratation, quant \u00e0 elle, est un \u00e9tat et peut toucher tous les types de peau, m\u00eame les peaux grasses ou mixtes. Bonne nouvelle : c\u2019est tout \u00e0 fait r\u00e9versible. Alors, on hydrate !<\/p>\n<\/div>\n<\/div><\/div><\/div><\/div><div id=\"pg-8963-3\"  class=\"panel-grid panel-no-style\" ><div id=\"pgc-8963-3-0\"  class=\"panel-grid-cell\" ><div id=\"panel-8963-3-0-0\" class=\"so-panel widget widget_sow-image panel-first-child panel-last-child\" data-index=\"4\" ><div\n\t\t\t\n\t\t\tclass=\"so-widget-sow-image so-widget-sow-image-default-8b5b6f678277-8963\"\n\t\t\t\n\t\t>\r\n\r\n\r\n<div class=\"sow-image-container\">\r\n    \r\n    <img loading=\"lazy\" decoding=\"async\" src=\"https:\/\/abspace.yves-rocher.com\/fr\/wp-content\/uploads\/2023\/03\/SV_03.jpg\" width=\"640\" height=\"400\" srcset=\"\"          class=\"so-widget-image\" \/>\r\n\r\n    \r\n    \r\n    <\/div>\r\n\r\n<\/div><\/div><\/div><div id=\"pgc-8963-3-1\"  class=\"panel-grid-cell\" ><div id=\"panel-8963-3-1-0\" class=\"so-panel widget widget_sow-editor panel-first-child panel-last-child\" data-index=\"5\" ><div\n\t\t\t\n\t\t\tclass=\"so-widget-sow-editor so-widget-sow-editor-base\"\n\t\t\t\n\t\t>\n<div class=\"siteorigin-widget-tinymce textwidget\">\n\t<h2 style=\"text-align: left\">Que faire pour garder la peau du visage hydrat\u00e9e \u202f?<\/h2>\n<p><span style=\"font-weight: 400\">Maintenant que vous connaissez tout sur le processus d\u2019hydratation, place aux solutions ! Appliquer une cr\u00e8me<\/span><span style=\"font-weight: 400\"> ou une huile<\/span><span style=\"font-weight: 400\">, c\u2019est tr\u00e8s bien, mais cela ne suffit pas. Votre peau est souvent le reflet de votre mode de vie. <\/span><span style=\"font-weight: 400\">Alimentation \u00e9quilibr\u00e9e, sommeil de qualit\u00e9, hydratation r\u00e9guli\u00e8re, plusieurs bonnes habitudes sont \u00e0 prendre simultan\u00e9ment<\/span><span style=\"font-weight: 400\">.<\/span><\/p>\n<p><span style=\"font-weight: 400\">Alors, pr\u00eates \u00e0 bien hydrater votre visage et r\u00e9v\u00e9ler tout son \u00e9clat ?<\/span><\/p>\n<\/div>\n<\/div><\/div><\/div><\/div><div id=\"pg-8963-4\"  class=\"panel-grid panel-no-style\" ><div id=\"pgc-8963-4-0\"  class=\"panel-grid-cell\" ><div id=\"panel-8963-4-0-0\" class=\"so-panel widget widget_sow-editor panel-first-child panel-last-child\" data-index=\"6\" ><div\n\t\t\t\n\t\t\tclass=\"so-widget-sow-editor so-widget-sow-editor-base\"\n\t\t\t\n\t\t>\n<div class=\"siteorigin-widget-tinymce textwidget\">\n\t<h3 style=\"text-align: left\"><b>Conseil n\u00b01 : nettoyer sa peau avec des produits adapt\u00e9s<\/b><\/h3>\n<p><span style=\"font-weight: 400\">Le nettoyage du visage est une \u00e9tape essentielle de votre routine beaut\u00e9, et cela, matin et soir. M\u00eame press\u00e9e ou fatigu\u00e9e, ne sautez pas cette \u00e9tape. Elle permet de purifier les pores et de pr\u00e9parer la peau \u00e0 recevoir des <\/span><span style=\"font-weight: 400\">soins<\/span><span style=\"font-weight: 400\">. En plus, si le maquillage n\u2019est pas correctement retir\u00e9, il peut freiner le renouvellement cellulaire et entra\u00eener un mauvais m\u00e9canisme d\u2019hydratation.<\/span><\/p>\n<p><span style=\"font-weight: 400\">Le soir, proc\u00e9dez \u00e0 un double nettoyage en deux phases. D\u2019abord, d\u00e9maquillez votre visage avec un baume ou une huile, puis nettoyez votre peau avec un gel ou une mousse.<\/span><\/p>\n<\/div>\n<\/div><\/div><\/div><div id=\"pgc-8963-4-1\"  class=\"panel-grid-cell\" ><div id=\"panel-8963-4-1-0\" class=\"so-panel widget widget_sow-image panel-first-child panel-last-child\" data-index=\"7\" ><div\n\t\t\t\n\t\t\tclass=\"so-widget-sow-image so-widget-sow-image-default-8b5b6f678277-8963\"\n\t\t\t\n\t\t>\r\n\r\n\r\n<div class=\"sow-image-container\">\r\n    \r\n    <img loading=\"lazy\" decoding=\"async\" src=\"https:\/\/abspace.yves-rocher.com\/fr\/wp-content\/uploads\/2018\/01\/SV_17.jpg\" width=\"640\" height=\"445\" srcset=\"\"          class=\"so-widget-image\" \/>\r\n\r\n    \r\n    \r\n    <\/div>\r\n\r\n<\/div><\/div><\/div><\/div><div id=\"pg-8963-5\"  class=\"panel-grid panel-no-style\" ><div id=\"pgc-8963-5-0\"  class=\"panel-grid-cell\" ><div id=\"panel-8963-5-0-0\" class=\"so-panel widget panel-first-child panel-last-child\" data-index=\"8\" ><\/div><\/div><\/div><div id=\"pg-8963-6\"  class=\"panel-grid panel-no-style\" ><div id=\"pgc-8963-6-0\"  class=\"panel-grid-cell\" ><div id=\"panel-8963-6-0-0\" class=\"so-panel widget widget_sow-editor panel-first-child panel-last-child\" data-index=\"9\" ><div\n\t\t\t\n\t\t\tclass=\"so-widget-sow-editor so-widget-sow-editor-base\"\n\t\t\t\n\t\t>\n<div class=\"siteorigin-widget-tinymce textwidget\">\n\t<h3 style=\"text-align: left\"><strong>Conseil n\u00b02 : Choisir des produits hydratants adapt\u00e9s<\/strong><\/h3>\n<p><span style=\"font-weight: 400\">Une fois la peau nettoy\u00e9e, vient le moment d\u2019appliquer vos soins hydratants. Ils sont \u00e0 choisir selon votre nature de peau.<\/span><\/p>\n<ul>\n<li style=\"font-weight: 400\"><b>Peau s\u00e8che\u00a0:<\/b><span style=\"font-weight: 400\"> optez pour un <a href=\"https:\/\/www.yves-rocher.fr\/soin-visage\/type-de-peau\/soin-peau-seche\/c\/13400\">soin pour peau s\u00e8che<\/a> hydratant et nourrissant \u00e0 la fois. La Cr\u00e8me Riche Hydratation Non-Stop 48h est enrichie en eau cellulaire d\u2019\u00c9dulis, activatrice d\u2019hydratation. Sa texture riche nourrit efficacement la peau et lui redonne tout son \u00e9clat !<\/span><\/li>\n<li style=\"font-weight: 400\"><b>Peau grasse\u00a0:<\/b><span style=\"font-weight: 400\"> les peaux grasses ont tout autant besoin d\u2019hydratation ! Privil\u00e9giez ensuite un soin sp\u00e9cial peaux grasses, \u00e0 l\u2019effet matifiant et non com\u00e9dog\u00e8ne. Le Gel Cr\u00e8me Z\u00e9ro D\u00e9faut resserre les pores et affine le grain de peau tout en vous offrant une hydratation optimale.<\/span><\/li>\n<li style=\"font-weight: 400\"><b>Peau normale\u00a0:<\/b><span style=\"font-weight: 400\"> si vous avez une peau normale, optez pour une cr\u00e8me \u00e0 la texture l\u00e9g\u00e8re. Le Gel Cr\u00e8me Hydratation Non-Stop 48h est tr\u00e8s l\u00e9ger et p\u00e9n\u00e8tre rapidement. D\u00e8s son application, la peau est imm\u00e9diatement gorg\u00e9e d\u2019eau.<\/span><\/li>\n<\/ul>\n<p><b>Astuce infaillible<\/b><\/p>\n<p><span style=\"font-weight: 400\">Pour encore plus d\u2019hydratation, appliquez au pr\u00e9alable le S\u00e9rum Hydratation Non-Stop 100H qui convient \u00e0 tous les types de peau.<\/span><\/p>\n<\/div>\n<\/div><\/div><\/div><\/div><div id=\"pg-8963-7\"  class=\"panel-grid panel-no-style\" ><div id=\"pgc-8963-7-0\"  class=\"panel-grid-cell\" ><div id=\"panel-8963-7-0-0\" class=\"so-panel widget panel-first-child panel-last-child\" data-index=\"10\" ><\/div><\/div><\/div><div id=\"pg-8963-8\"  class=\"panel-grid panel-no-style\" ><div id=\"pgc-8963-8-0\"  class=\"panel-grid-cell\" ><div id=\"panel-8963-8-0-0\" class=\"so-panel widget widget_sow-editor panel-first-child panel-last-child\" data-index=\"11\" ><div\n\t\t\t\n\t\t\tclass=\"so-widget-sow-editor so-widget-sow-editor-base\"\n\t\t\t\n\t\t>\n<div class=\"siteorigin-widget-tinymce textwidget\">\n\t<h3 style=\"text-align: left\"><strong>Conseil n\u00b03 : Faire des masques<\/strong><\/h3>\n<p><span style=\"font-weight: 400\">En plus de votre routine soin quotidienne, faire un masque hydratant 1 fois par semaine est un bon moyen d\u2019hydrater votre visage. Sa formule tr\u00e8s concentr\u00e9e en actifs agit en profondeur sur les diff\u00e9rentes couches de l\u2019\u00e9piderme. Le Masque Hydratant Oxyg\u00e9nant Pure Algue r\u00e9g\u00e9n\u00e8re le film de votre peau. Le r\u00e9sultat ? Une peau \u00e9clatante, comme gorg\u00e9e d\u2019eau.<\/span><\/p>\n<p><b>Astuce infaillible<\/b><\/p>\n<p><span style=\"font-weight: 400\">Pour \u00e9liminer les cellules mortes et favoriser l\u2019action du masque, utilisez le Gommage Eclat Ultra Fraicheur Pure Algue avant de r\u00e9aliser votre masque.<\/span><\/p>\n<\/div>\n<\/div><\/div><\/div><div id=\"pgc-8963-8-1\"  class=\"panel-grid-cell\" ><div id=\"panel-8963-8-1-0\" class=\"so-panel widget widget_sow-image panel-first-child panel-last-child\" data-index=\"12\" ><div\n\t\t\t\n\t\t\tclass=\"so-widget-sow-image so-widget-sow-image-default-8b5b6f678277-8963\"\n\t\t\t\n\t\t>\r\n\r\n\r\n<div class=\"sow-image-container\">\r\n    \r\n    <img loading=\"lazy\" decoding=\"async\" src=\"https:\/\/abspace.yves-rocher.com\/fr\/wp-content\/uploads\/2023\/03\/SV_11.jpg\" width=\"640\" height=\"400\" srcset=\"\"          class=\"so-widget-image\" \/>\r\n\r\n    \r\n    \r\n    <\/div>\r\n\r\n<\/div><\/div><\/div><\/div><div id=\"pg-8963-9\"  class=\"panel-grid panel-no-style\" ><div id=\"pgc-8963-9-0\"  class=\"panel-grid-cell\" ><div id=\"panel-8963-9-0-0\" class=\"so-panel widget panel-first-child panel-last-child\" data-index=\"13\" ><\/div><\/div><\/div><div id=\"pg-8963-10\"  class=\"panel-grid panel-no-style\" ><div id=\"pgc-8963-10-0\"  class=\"panel-grid-cell\" ><div id=\"panel-8963-10-0-0\" class=\"so-panel widget widget_sow-editor panel-first-child panel-last-child\" data-index=\"14\" ><div\n\t\t\t\n\t\t\tclass=\"so-widget-sow-editor so-widget-sow-editor-base\"\n\t\t\t\n\t\t>\n<div class=\"siteorigin-widget-tinymce textwidget\">\n\t<h3 style=\"text-align: left\"><b>Conseil n\u00b04 : \u00c9viter les facteurs dess\u00e9chants<\/b><\/h3>\n<p><span style=\"font-weight: 400\">Ceux-ci peuvent \u00eatre de deux types : externes ou internes. Au banc des accus\u00e9s, il y a la pollution, le tabac, l\u2019alcool, la chaleur, l\u2019exposition au soleil, le froid, les douches et les bains chauds, l'air sec de la climatisation ou encore le vent. Leur m\u00e9fait ? Augmenter l'\u00e9vaporation de l'eau.<\/span><\/p>\n<h3 style=\"text-align: left\"><b>Conseil n\u00b05 : Manger \u00e9quilibr\u00e9<\/b><\/h3>\n<p><span style=\"font-weight: 400\">Une bonne hydratation commence dans l\u2019assiette ! Les oranges, les kiwis ou encore les fraises sont riches en eau et en vitamine C. Cette vitamine aide \u00e0 produire du collag\u00e8ne, \u00e9l\u00e9ment essentiel pour une peau saine. Pour les petits creux, pensez aux noix et aux graines, riches en acides gras om\u00e9ga-3. Ces derniers aident \u00e0 prot\u00e9ger la barri\u00e8re lipidique de la peau. <\/span><span style=\"font-weight: 400\">N\u2019h\u00e9sitez pas \u00e0 consommer des aliments bio et des poissons riches en acides gras essentiels et en vitamine E.<\/span><\/p>\n<\/div>\n<\/div><\/div><\/div><\/div><div id=\"pg-8963-11\"  class=\"panel-grid panel-no-style\" ><div id=\"pgc-8963-11-0\"  class=\"panel-grid-cell\" ><div id=\"panel-8963-11-0-0\" class=\"so-panel widget widget_sow-editor panel-first-child panel-last-child\" data-index=\"15\" ><div\n\t\t\t\n\t\t\tclass=\"so-widget-sow-editor so-widget-sow-editor-base\"\n\t\t\t\n\t\t>\n<div class=\"siteorigin-widget-tinymce textwidget\">\n\t<h3 style=\"text-align: left\"><b>Conseil n\u00b0 6 : S'hydrater aussi de l'int\u00e9rieur<\/b><\/h3>\n<p><span style=\"font-weight: 400\">Comme vous vous en doutez, pour une peau bien hydrat\u00e9e, il faut boire de l\u2019eau, beaucoup d\u2019eau. Tout au long de la journ\u00e9e, veillez \u00e0 boire au moins 1,5 litres d\u2019eau, l\u2019\u00e9quivalent de 6 \u00e0 9 verres d\u2019eau. Rien ne sert d\u2019avaler la bouteille en une seule fois, le mieux est de boire en petites quantit\u00e9s, en continu.<\/span><\/p>\n<\/div>\n<\/div><\/div><\/div><\/div><div id=\"pg-8963-12\"  class=\"panel-grid panel-no-style\" ><div id=\"pgc-8963-12-0\"  class=\"panel-grid-cell\" ><div id=\"panel-8963-12-0-0\" class=\"so-panel widget widget_sow-editor panel-first-child panel-last-child\" data-index=\"16\" ><div\n\t\t\t\n\t\t\tclass=\"so-widget-sow-editor so-widget-sow-editor-base\"\n\t\t\t\n\t\t>\n<div class=\"siteorigin-widget-tinymce textwidget\">\n\t<h3 style=\"text-align: left\"><b>Conseil n\u00b07 : R\u00e9server un soin hydratant en Institut<\/b><\/h3>\n<p><span style=\"font-weight: 400\">En compl\u00e9ment de votre routine quotidienne, accordez-vous un soin en Institut Yves Rocher pour hydrater votre peau en profondeur. Le Soin Hydratant \u00e0 l\u2019Edulis vous invite \u00e0 profiter d\u2019une heure de bien-\u00eatre et de relaxation tout en vous promettant 24 heures d\u2019hydratation non-stop. Les soins de nuit en institut sont particuli\u00e8rement b\u00e9n\u00e9fiques pour une r\u00e9g\u00e9n\u00e9ration maximale. Profitez des fabuleux pouvoirs de l\u2019eau cellulaire d\u2019Edulis, pr\u00e9cieuse source d\u2019hydratation. Apr\u00e8s la brumisation d\u2019un S\u00e9rum concentr\u00e9 en eau cellulaire, le Masque Cr\u00e8me ressour\u00e7ant se transforme en une texture soyeuse qui fond sur votre peau, sous le d\u00e9licat modelage d\u2019une esth\u00e9ticienne experte.<\/span><\/p>\n<\/div>\n<\/div><\/div><\/div><\/div><div id=\"pg-8963-13\"  class=\"panel-grid panel-no-style\" ><div id=\"pgc-8963-13-0\"  class=\"panel-grid-cell\" ><div id=\"panel-8963-13-0-0\" class=\"so-panel widget widget_sow-editor panel-first-child panel-last-child\" data-index=\"17\" ><div\n\t\t\t\n\t\t\tclass=\"so-widget-sow-editor so-widget-sow-editor-base\"\n\t\t\t\n\t\t>\n<div class=\"siteorigin-widget-tinymce textwidget\">\n\t<h3 style=\"text-align: left\"><b>Conseil n\u00b08 : N\u2019oubliez pas les l\u00e8vres et le contour des yeux<\/b><\/h3>\n<p><span style=\"font-weight: 400\">Les l\u00e8vres et le contour des yeux sont des zones souvent n\u00e9glig\u00e9es, mais elles ont \u00e9galement besoin d\u2019hydratation ! Utilisez un <\/span><a href=\"https:\/\/www.yves-rocher.fr\/soin-visage\/type-de-soin\/baume-a-levres\/c\/22400\"><span style=\"font-weight: 400\">baume \u00e0 l\u00e8vres<\/span><\/a><span style=\"font-weight: 400\"> hydratant pour \u00e9viter qu\u2019elles ne se dess\u00e8chent,\u00a0surtout en hiver ou par temps sec. Pour le contour des yeux, optez pour des soins sp\u00e9cifiques hydratants. Et en particulier la nuit, pour pr\u00e9venir les rides et maintenir la peau souple et douce.<\/span><\/p>\n<p><span style=\"font-weight: 400\">Vous reprendrez bien un grand verre d\u2019eau ? Sant\u00e9 !<\/span><\/p>\n<\/div>\n<\/div><\/div><\/div><\/div><\/div>","protected":false},"excerpt":{"rendered":"<p>Nous l\u2019avons toutes d\u00e9j\u00e0 entendu, dans la qu\u00eate du teint radieux et de la peau z\u00e9ro d\u00e9faut, l\u2019hydratation du visage est cl\u00e9. Cela semble couler de source, oui, mais pourquoi ? Et quels sont les diff\u00e9rents types d\u2019hydratation ? Quels soins visage hydratants choisir selon votre type de peau ? On vous dit tout sur &hellip; <a href=\"https:\/\/abspace.yves-rocher.com\/fr\/fr\/soins-hydratants-pour-le-visage-comment-choisir\/\" class=\"more-link\">Continue reading<span class=\"screen-reader-text\"> &#8220;Pourquoi et comment bien hydrater son visage ?&#8221;<\/span><\/a><\/p>\n","protected":false},"author":740627,"featured_media":10943,"comment_status":"open","ping_status":"open","sticky":false,"template":"","format":"standard","meta":{"_acf_changed":false,"_exactmetrics_skip_tracking":false,"_exactmetrics_sitenote_active":false,"_exactmetrics_sitenote_note":"","_exactmetrics_sitenote_category":0,"footnotes":""},"categories":[1],"tags":[543,634,582],"class_list":["post-8963","post","type-post","status-publish","format-standard","has-post-thumbnail","hentry","category-uncategorized","tag-astucesbeaute","tag-beautyadvices-fr","tag-soinvisage"],"acf":[],"yoast_head":"<!-- This site is optimized with the Yoast SEO plugin v24.7 - https:\/\/yoast.com\/wordpress\/plugins\/seo\/ -->\n<title>Comment bien hydrater son visage ? \u2022 Yves Rocher<\/title>\n<meta name=\"description\" content=\"L\u2019hydratation est la cl\u00e9 pour afficher une mine lumineuse. Cr\u00e8mes hydratantes, masques\u2026 On vous dit tout sur les bons gestes \u00e0 adopter !\" \/>\n<meta name=\"robots\" content=\"index, follow, max-snippet:-1, max-image-preview:large, max-video-preview:-1\" \/>\n<link rel=\"canonical\" href=\"https:\/\/abspace.yves-rocher.com\/fr\/fr\/soins-hydratants-pour-le-visage-comment-choisir\/\" \/>\n<meta property=\"og:locale\" content=\"fr_FR\" \/>\n<meta property=\"og:type\" content=\"article\" \/>\n<meta property=\"og:title\" content=\"Comment bien hydrater son visage ? \u2022 Yves Rocher\" \/>\n<meta property=\"og:description\" content=\"L\u2019hydratation est la cl\u00e9 pour afficher une mine lumineuse. Cr\u00e8mes hydratantes, masques\u2026 On vous dit tout sur les bons gestes \u00e0 adopter !\" \/>\n<meta property=\"og:url\" content=\"https:\/\/abspace.yves-rocher.com\/fr\/fr\/soins-hydratants-pour-le-visage-comment-choisir\/\" \/>\n<meta property=\"og:site_name\" content=\"France YR AB\" \/>\n<meta property=\"article:published_time\" content=\"2023-04-20T16:56:48+00:00\" \/>\n<meta property=\"article:modified_time\" content=\"2025-06-23T13:23:40+00:00\" \/>\n<meta property=\"og:image\" content=\"https:\/\/abspace.yves-rocher.com\/fr\/wp-content\/uploads\/2019\/12\/Mannequin-Elixir-Botanique-DIGITAL.jpg\" \/>\n\t<meta property=\"og:image:width\" content=\"561\" \/>\n\t<meta property=\"og:image:height\" content=\"737\" \/>\n\t<meta property=\"og:image:type\" content=\"image\/jpeg\" \/>\n<meta name=\"author\" content=\"elisenicol\" \/>\n<meta name=\"twitter:card\" content=\"summary_large_image\" \/>\n<meta name=\"twitter:label1\" content=\"Written by\" \/>\n\t<meta name=\"twitter:data1\" content=\"elisenicol\" \/>\n\t<meta name=\"twitter:label2\" content=\"Est. reading time\" \/>\n\t<meta name=\"twitter:data2\" content=\"7 minutes\" \/>\n<script type=\"application\/ld+json\" class=\"yoast-schema-graph\">{\"@context\":\"https:\/\/schema.org\",\"@graph\":[{\"@type\":\"WebPage\",\"@id\":\"https:\/\/abspace.yves-rocher.com\/fr\/fr\/soins-hydratants-pour-le-visage-comment-choisir\/\",\"url\":\"https:\/\/abspace.yves-rocher.com\/fr\/fr\/soins-hydratants-pour-le-visage-comment-choisir\/\",\"name\":\"Comment bien hydrater son visage ? \u2022 Yves Rocher\",\"isPartOf\":{\"@id\":\"https:\/\/abspace.yves-rocher.com\/fr\/#website\"},\"primaryImageOfPage\":{\"@id\":\"https:\/\/abspace.yves-rocher.com\/fr\/fr\/soins-hydratants-pour-le-visage-comment-choisir\/#primaryimage\"},\"image\":{\"@id\":\"https:\/\/abspace.yves-rocher.com\/fr\/fr\/soins-hydratants-pour-le-visage-comment-choisir\/#primaryimage\"},\"thumbnailUrl\":\"https:\/\/abspace.yves-rocher.com\/fr\/wp-content\/uploads\/2019\/12\/Mannequin-Elixir-Botanique-DIGITAL.jpg\",\"datePublished\":\"2023-04-20T16:56:48+00:00\",\"dateModified\":\"2025-06-23T13:23:40+00:00\",\"author\":{\"@id\":\"https:\/\/abspace.yves-rocher.com\/fr\/#\/schema\/person\/c0ed367ff57e26003404aeac3f5eba29\"},\"description\":\"L\u2019hydratation est la cl\u00e9 pour afficher une mine lumineuse. Cr\u00e8mes hydratantes, masques\u2026 On vous dit tout sur les bons gestes \u00e0 adopter !\",\"breadcrumb\":{\"@id\":\"https:\/\/abspace.yves-rocher.com\/fr\/fr\/soins-hydratants-pour-le-visage-comment-choisir\/#breadcrumb\"},\"inLanguage\":\"fr-FR\",\"potentialAction\":[{\"@type\":\"ReadAction\",\"target\":[\"https:\/\/abspace.yves-rocher.com\/fr\/fr\/soins-hydratants-pour-le-visage-comment-choisir\/\"]}]},{\"@type\":\"ImageObject\",\"inLanguage\":\"fr-FR\",\"@id\":\"https:\/\/abspace.yves-rocher.com\/fr\/fr\/soins-hydratants-pour-le-visage-comment-choisir\/#primaryimage\",\"url\":\"https:\/\/abspace.yves-rocher.com\/fr\/wp-content\/uploads\/2019\/12\/Mannequin-Elixir-Botanique-DIGITAL.jpg\",\"contentUrl\":\"https:\/\/abspace.yves-rocher.com\/fr\/wp-content\/uploads\/2019\/12\/Mannequin-Elixir-Botanique-DIGITAL.jpg\",\"width\":561,\"height\":737},{\"@type\":\"BreadcrumbList\",\"@id\":\"https:\/\/abspace.yves-rocher.com\/fr\/fr\/soins-hydratants-pour-le-visage-comment-choisir\/#breadcrumb\",\"itemListElement\":[{\"@type\":\"ListItem\",\"position\":1,\"name\":\"Home\",\"item\":\"https:\/\/abspace.yves-rocher.com\/fr\/fr\/\"},{\"@type\":\"ListItem\",\"position\":2,\"name\":\"Pourquoi et comment bien hydrater son visage ?\"}]},{\"@type\":\"WebSite\",\"@id\":\"https:\/\/abspace.yves-rocher.com\/fr\/#website\",\"url\":\"https:\/\/abspace.yves-rocher.com\/fr\/\",\"name\":\"France YR AB\",\"description\":\"France YR AB\",\"potentialAction\":[{\"@type\":\"SearchAction\",\"target\":{\"@type\":\"EntryPoint\",\"urlTemplate\":\"https:\/\/abspace.yves-rocher.com\/fr\/?s={search_term_string}\"},\"query-input\":{\"@type\":\"PropertyValueSpecification\",\"valueRequired\":true,\"valueName\":\"search_term_string\"}}],\"inLanguage\":\"fr-FR\"},{\"@type\":\"Person\",\"@id\":\"https:\/\/abspace.yves-rocher.com\/fr\/#\/schema\/person\/c0ed367ff57e26003404aeac3f5eba29\",\"name\":\"elisenicol\",\"image\":{\"@type\":\"ImageObject\",\"inLanguage\":\"fr-FR\",\"@id\":\"https:\/\/abspace.yves-rocher.com\/fr\/#\/schema\/person\/image\/\",\"url\":\"https:\/\/secure.gravatar.com\/avatar\/32ec9e1517d71dad0fa0b8fd399a3bdc?s=96&d=mm&r=g\",\"contentUrl\":\"https:\/\/secure.gravatar.com\/avatar\/32ec9e1517d71dad0fa0b8fd399a3bdc?s=96&d=mm&r=g\",\"caption\":\"elisenicol\"},\"url\":\"https:\/\/abspace.yves-rocher.com\/fr\/fr\/author\/elisenicol\/\"}]}<\/script>\n<!-- \/ Yoast SEO plugin. -->","yoast_head_json":{"title":"Comment bien hydrater son visage ? \u2022 Yves Rocher","description":"L\u2019hydratation est la cl\u00e9 pour afficher une mine lumineuse. Cr\u00e8mes hydratantes, masques\u2026 On vous dit tout sur les bons gestes \u00e0 adopter !","robots":{"index":"index","follow":"follow","max-snippet":"max-snippet:-1","max-image-preview":"max-image-preview:large","max-video-preview":"max-video-preview:-1"},"canonical":"https:\/\/abspace.yves-rocher.com\/fr\/fr\/soins-hydratants-pour-le-visage-comment-choisir\/","og_locale":"fr_FR","og_type":"article","og_title":"Comment bien hydrater son visage ? \u2022 Yves Rocher","og_description":"L\u2019hydratation est la cl\u00e9 pour afficher une mine lumineuse. Cr\u00e8mes hydratantes, masques\u2026 On vous dit tout sur les bons gestes \u00e0 adopter !","og_url":"https:\/\/abspace.yves-rocher.com\/fr\/fr\/soins-hydratants-pour-le-visage-comment-choisir\/","og_site_name":"France YR AB","article_published_time":"2023-04-20T16:56:48+00:00","article_modified_time":"2025-06-23T13:23:40+00:00","og_image":[{"width":561,"height":737,"url":"https:\/\/abspace.yves-rocher.com\/fr\/wp-content\/uploads\/2019\/12\/Mannequin-Elixir-Botanique-DIGITAL.jpg","type":"image\/jpeg"}],"author":"elisenicol","twitter_card":"summary_large_image","twitter_misc":{"Written by":"elisenicol","Est. reading time":"7 minutes"},"schema":{"@context":"https:\/\/schema.org","@graph":[{"@type":"WebPage","@id":"https:\/\/abspace.yves-rocher.com\/fr\/fr\/soins-hydratants-pour-le-visage-comment-choisir\/","url":"https:\/\/abspace.yves-rocher.com\/fr\/fr\/soins-hydratants-pour-le-visage-comment-choisir\/","name":"Comment bien hydrater son visage ? \u2022 Yves Rocher","isPartOf":{"@id":"https:\/\/abspace.yves-rocher.com\/fr\/#website"},"primaryImageOfPage":{"@id":"https:\/\/abspace.yves-rocher.com\/fr\/fr\/soins-hydratants-pour-le-visage-comment-choisir\/#primaryimage"},"image":{"@id":"https:\/\/abspace.yves-rocher.com\/fr\/fr\/soins-hydratants-pour-le-visage-comment-choisir\/#primaryimage"},"thumbnailUrl":"https:\/\/abspace.yves-rocher.com\/fr\/wp-content\/uploads\/2019\/12\/Mannequin-Elixir-Botanique-DIGITAL.jpg","datePublished":"2023-04-20T16:56:48+00:00","dateModified":"2025-06-23T13:23:40+00:00","author":{"@id":"https:\/\/abspace.yves-rocher.com\/fr\/#\/schema\/person\/c0ed367ff57e26003404aeac3f5eba29"},"description":"L\u2019hydratation est la cl\u00e9 pour afficher une mine lumineuse. Cr\u00e8mes hydratantes, masques\u2026 On vous dit tout sur les bons gestes \u00e0 adopter !","breadcrumb":{"@id":"https:\/\/abspace.yves-rocher.com\/fr\/fr\/soins-hydratants-pour-le-visage-comment-choisir\/#breadcrumb"},"inLanguage":"fr-FR","potentialAction":[{"@type":"ReadAction","target":["https:\/\/abspace.yves-rocher.com\/fr\/fr\/soins-hydratants-pour-le-visage-comment-choisir\/"]}]},{"@type":"ImageObject","inLanguage":"fr-FR","@id":"https:\/\/abspace.yves-rocher.com\/fr\/fr\/soins-hydratants-pour-le-visage-comment-choisir\/#primaryimage","url":"https:\/\/abspace.yves-rocher.com\/fr\/wp-content\/uploads\/2019\/12\/Mannequin-Elixir-Botanique-DIGITAL.jpg","contentUrl":"https:\/\/abspace.yves-rocher.com\/fr\/wp-content\/uploads\/2019\/12\/Mannequin-Elixir-Botanique-DIGITAL.jpg","width":561,"height":737},{"@type":"BreadcrumbList","@id":"https:\/\/abspace.yves-rocher.com\/fr\/fr\/soins-hydratants-pour-le-visage-comment-choisir\/#breadcrumb","itemListElement":[{"@type":"ListItem","position":1,"name":"Home","item":"https:\/\/abspace.yves-rocher.com\/fr\/fr\/"},{"@type":"ListItem","position":2,"name":"Pourquoi et comment bien hydrater son visage ?"}]},{"@type":"WebSite","@id":"https:\/\/abspace.yves-rocher.com\/fr\/#website","url":"https:\/\/abspace.yves-rocher.com\/fr\/","name":"France YR AB","description":"France YR AB","potentialAction":[{"@type":"SearchAction","target":{"@type":"EntryPoint","urlTemplate":"https:\/\/abspace.yves-rocher.com\/fr\/?s={search_term_string}"},"query-input":{"@type":"PropertyValueSpecification","valueRequired":true,"valueName":"search_term_string"}}],"inLanguage":"fr-FR"},{"@type":"Person","@id":"https:\/\/abspace.yves-rocher.com\/fr\/#\/schema\/person\/c0ed367ff57e26003404aeac3f5eba29","name":"elisenicol","image":{"@type":"ImageObject","inLanguage":"fr-FR","@id":"https:\/\/abspace.yves-rocher.com\/fr\/#\/schema\/person\/image\/","url":"https:\/\/secure.gravatar.com\/avatar\/32ec9e1517d71dad0fa0b8fd399a3bdc?s=96&d=mm&r=g","contentUrl":"https:\/\/secure.gravatar.com\/avatar\/32ec9e1517d71dad0fa0b8fd399a3bdc?s=96&d=mm&r=g","caption":"elisenicol"},"url":"https:\/\/abspace.yves-rocher.com\/fr\/fr\/author\/elisenicol\/"}]}},"_links":{"self":[{"href":"https:\/\/abspace.yves-rocher.com\/fr\/ws\/wp\/v2\/posts\/8963","targetHints":{"allow":["GET"]}}],"collection":[{"href":"https:\/\/abspace.yves-rocher.com\/fr\/ws\/wp\/v2\/posts"}],"about":[{"href":"https:\/\/abspace.yves-rocher.com\/fr\/ws\/wp\/v2\/types\/post"}],"author":[{"embeddable":true,"href":"https:\/\/abspace.yves-rocher.com\/fr\/ws\/wp\/v2\/users\/740627"}],"replies":[{"embeddable":true,"href":"https:\/\/abspace.yves-rocher.com\/fr\/ws\/wp\/v2\/comments?post=8963"}],"version-history":[{"count":23,"href":"https:\/\/abspace.yves-rocher.com\/fr\/ws\/wp\/v2\/posts\/8963\/revisions"}],"predecessor-version":[{"id":14698,"href":"https:\/\/abspace.yves-rocher.com\/fr\/ws\/wp\/v2\/posts\/8963\/revisions\/14698"}],"wp:featuredmedia":[{"embeddable":true,"href":"https:\/\/abspace.yves-rocher.com\/fr\/ws\/wp\/v2\/media\/10943"}],"wp:attachment":[{"href":"https:\/\/abspace.yves-rocher.com\/fr\/ws\/wp\/v2\/media?parent=8963"}],"wp:term":[{"taxonomy":"category","embeddable":true,"href":"https:\/\/abspace.yves-rocher.com\/fr\/ws\/wp\/v2\/categories?post=8963"},{"taxonomy":"post_tag","embeddable":true,"href":"https:\/\/abspace.yves-rocher.com\/fr\/ws\/wp\/v2\/tags?post=8963"}],"curies":[{"name":"wp","href":"https:\/\/api.w.org\/{rel}","templated":true}]}}