{"id":9208,"date":"2020-12-07T17:58:04","date_gmt":"2020-12-07T16:28:04","guid":{"rendered":"http:\/\/abspace.yves-rocher.com\/fr\/?p=9208"},"modified":"2023-01-04T16:41:21","modified_gmt":"2023-01-04T15:11:21","slug":"un-parfum-sucre-yves-rocher-pour-une-journee-vitamine","status":"publish","type":"post","link":"https:\/\/abspace.yves-rocher.com\/fr\/fr\/un-parfum-sucre-yves-rocher-pour-une-journee-vitamine\/","title":{"rendered":"Parfum sucr\u00e9 Yves Rocher pour une journ\u00e9e vitamin\u00e9e"},"content":{"rendered":"<div id=\"pl-9208\"  class=\"panel-layout\" ><div id=\"pg-9208-0\"  class=\"panel-grid panel-no-style\" ><div id=\"pgc-9208-0-0\"  class=\"panel-grid-cell\" ><div id=\"panel-9208-0-0-0\" class=\"so-panel widget widget_sow-editor panel-first-child panel-last-child\" data-index=\"0\" ><div\n\t\t\t\n\t\t\tclass=\"so-widget-sow-editor so-widget-sow-editor-base\"\n\t\t\t\n\t\t>\n<div class=\"siteorigin-widget-tinymce textwidget\">\n\t<p>En qu\u00eate d\u2019une senteur ent\u00eatante pour commencer votre journ\u00e9e sur une note sucr\u00e9e ? Vous \u00eates au bon endroit. Les fragrances sucr\u00e9es sont devenues un classique pour la majorit\u00e9 d\u2019entre nous. Nous faisons le point sur les <a href=\"https:\/\/www.yves-rocher.fr\/actbeautiful\/comment-comprendre-les-notes-dun-parfum\">notes de ces parfums<\/a> et \u00e0 qui ils conviennent.<\/p>\n<\/div>\n<\/div><\/div><\/div><\/div><div id=\"pg-9208-1\"  class=\"panel-grid panel-no-style\" ><div id=\"pgc-9208-1-0\"  class=\"panel-grid-cell\" ><div id=\"panel-9208-1-0-0\" class=\"so-panel widget widget_sow-image panel-first-child panel-last-child\" data-index=\"1\" ><div\n\t\t\t\n\t\t\tclass=\"so-widget-sow-image so-widget-sow-image-default-8b5b6f678277-9208\"\n\t\t\t\n\t\t>\r\n\r\n\r\n<div class=\"sow-image-container\">\r\n    \r\n    <img loading=\"lazy\" decoding=\"async\" src=\"https:\/\/abspace.yves-rocher.com\/fr\/wp-content\/uploads\/2020\/12\/Packshot-emblematique-La-Collection-Parfums-Yves-Rocher.png\" width=\"1100\" height=\"652\" srcset=\"\" title=\"Packshot embl\u00e9matique La Collection Parfums Yves Rocher\"          class=\"so-widget-image\" \/>\r\n\r\n    \r\n    \r\n    <\/div>\r\n\r\n<\/div><\/div><\/div><div id=\"pgc-9208-1-1\"  class=\"panel-grid-cell\" ><div id=\"panel-9208-1-1-0\" class=\"so-panel widget widget_sow-editor panel-first-child panel-last-child\" data-index=\"2\" ><div\n\t\t\t\n\t\t\tclass=\"so-widget-sow-editor so-widget-sow-editor-base\"\n\t\t\t\n\t\t>\n<div class=\"siteorigin-widget-tinymce textwidget\">\n\t<h2>Les familles de senteurs des parfums sucr\u00e9s<\/h2>\n<p>Si au premier abord les senteurs sucr\u00e9es peuvent se ressembler quelque peu, elles sont en r\u00e9alit\u00e9 tr\u00e8s vari\u00e9es. Elles peuvent provenir des fruits, de certaines fleurs ou encore de gourmandises issues de la p\u00e2tisserie comme le caramel ou la praline. Ces friandises cr\u00e9atrices de bonheur ont tout naturellement trouv\u00e9 leur place dans la parfumerie. C\u2019est aussi le cas de la barbe \u00e0 papa, du chocolat, de la guimauve et autres bonbons. Les accords de saveurs sucr\u00e9es \u00e0 des senteurs plus sobres sont nombreux.<\/p>\n<p>Les senteurs sucr\u00e9es proviennent \u00e9galement de nombreux fruits : les fruits jaunes comme la p\u00eache ou la mirabelle, qui apportent du velout\u00e9 et de la puissance aux compositions. Les fruits rouges donnent une odeur juteuse, presque sirupeuse, tandis que les fruits comme la pomme et la poire viennent ajouter une touche d\u2019acidit\u00e9 pour \u00e9quilibrer le tout.<\/p>\n<\/div>\n<\/div><\/div><\/div><\/div><div id=\"pg-9208-2\"  class=\"panel-grid panel-no-style\" ><div id=\"pgc-9208-2-0\"  class=\"panel-grid-cell\" ><div id=\"panel-9208-2-0-0\" class=\"so-panel widget widget_sow-editor panel-first-child panel-last-child\" data-index=\"3\" ><div\n\t\t\t\n\t\t\tclass=\"so-widget-sow-editor so-widget-sow-editor-base\"\n\t\t\t\n\t\t>\n<div class=\"siteorigin-widget-tinymce textwidget\">\n\t<p>Bref, les qualit\u00e9s des parfums sucr\u00e9s ne sont plus \u00e0 prouver. Il para\u00eetrait m\u00eame qu\u2019ils auraient un effet antid\u00e9presseur ! En cause : le sucre stimule les m\u00eames neurotransmetteurs que dans les ph\u00e9nom\u00e8nes d\u2019addiction. R\u00e9sultat, sentir le parfum qu\u2019on aime nous plonge dans un \u00e9tat de bien-\u00eatre. De plus, le sucre est naturellement recherch\u00e9 par notre organisme, car il est naturellement riche en \u00e9nergie. Parfait donc en toute saison, pour se donner du courage avant d\u2019affronter nos journ\u00e9es.<\/p>\n<p>Un v\u00e9ritable voyage olfactif pour les plus gourmandes !<\/p>\n<\/div>\n<\/div><\/div><\/div><\/div><div id=\"pg-9208-3\"  class=\"panel-grid panel-no-style\" ><div id=\"pgc-9208-3-0\"  class=\"panel-grid-cell\" ><div id=\"panel-9208-3-0-0\" class=\"so-panel widget widget_sow-editor panel-first-child panel-last-child\" data-index=\"4\" ><div\n\t\t\t\n\t\t\tclass=\"so-widget-sow-editor so-widget-sow-editor-base\"\n\t\t\t\n\t\t>\n<div class=\"siteorigin-widget-tinymce textwidget\">\n\t<h2>Parfums sucr\u00e9s : pour qui et pour quelle occasion ?<\/h2>\n<p>Les parfums sucr\u00e9s sont par essence doux, sensuels et tr\u00e8s f\u00e9minins. Parmi les types de <a href=\"\/\/www.yves-rocher.fr\/parfum\/parfum-femme\/c\/31000\">parfum femmes classiques<\/a>, ils conviennent tr\u00e8s bien aux adolescentes s\u2019ils ne sont pas coupl\u00e9s \u00e0 des odeurs plus animales comme le musc. Une eau de toilette plus fra\u00eeche rappellera l\u2019amour, le c\u0153ur et soulignera la beaut\u00e9 des jeunes femmes. C\u2019est ce que l\u2019on ressent en vaporisant la <a href=\"\/\/www.yves-rocher.fr\/parfum\/parfum-femme\/brume-parfumee\/c\/43900\">Brume Parfum\u00e9e<\/a> Corps et Cheveux \u00e0 la P\u00eache et \u00e0 l\u2019Anis \u00c9toil\u00e9. A utiliser discr\u00e8tement sur les cheveux et le corps, elle diffusera un doux parfum fruit\u00e9 \u00e0 chacun de vos mouvements. Il existe beaucoup d\u2019autres senteurs dans cette toute nouvelle gamme qui vous permettront de laisser libre cours \u00e0 vos envies. A chacune ses go\u00fbts ! Vous avez mati\u00e8re \u00e0 vous amuser.<\/p>\n<p>Si le parfum est plus subtil et associ\u00e9 \u00e0 des senteurs plus suaves, n\u2019h\u00e9sitez pas \u00e0 le porter \u00e0 tout \u00e2ge ! Les senteurs sucr\u00e9es sont merveilleuses lorsqu\u2019on les utilise dans des parfums \u00e0 tendance orientale. L\u2019eau de parfum Cuir de Nuit vous offrira toutes ces odeurs r\u00e9unies dans un flacon. Une v\u00e9ritable ode \u00e0 la sensualit\u00e9 qui vous invite \u00e0 c\u00e9l\u00e9brer la femme p\u00e9tillante et myst\u00e9rieuse qui sommeille en vous.<\/p>\n<\/div>\n<\/div><\/div><\/div><div id=\"pgc-9208-3-1\"  class=\"panel-grid-cell\" ><div id=\"panel-9208-3-1-0\" class=\"so-panel widget widget_sow-image panel-first-child panel-last-child\" data-index=\"5\" ><div\n\t\t\t\n\t\t\tclass=\"so-widget-sow-image so-widget-sow-image-default-8b5b6f678277-9208\"\n\t\t\t\n\t\t>\r\n\r\n\r\n<div class=\"sow-image-container\">\r\n    \r\n    <img loading=\"lazy\" decoding=\"async\" src=\"https:\/\/abspace.yves-rocher.com\/fr\/wp-content\/uploads\/2020\/12\/Mon-Evidence-Leau-de-Parfum-et-CUE.png\" width=\"1100\" height=\"652\" srcset=\"\" title=\"Mon Evidence L&#8217;eau de Parfum et CUE\"          class=\"so-widget-image\" \/>\r\n\r\n    \r\n    \r\n    <\/div>\r\n\r\n<\/div><\/div><\/div><\/div><div id=\"pg-9208-4\"  class=\"panel-grid panel-no-style\" ><div id=\"pgc-9208-4-0\"  class=\"panel-grid-cell\" ><div id=\"panel-9208-4-0-0\" class=\"so-panel widget widget_sow-image panel-first-child panel-last-child\" data-index=\"6\" ><div\n\t\t\t\n\t\t\tclass=\"so-widget-sow-image so-widget-sow-image-default-8b5b6f678277-9208\"\n\t\t\t\n\t\t>\r\n\r\n\r\n<div class=\"sow-image-container\">\r\n    \r\n    <img loading=\"lazy\" decoding=\"async\" src=\"https:\/\/abspace.yves-rocher.com\/fr\/wp-content\/uploads\/2020\/12\/Mannequin-1.png\" width=\"1100\" height=\"652\" srcset=\"\" title=\"Mannequin 1\"          class=\"so-widget-image\" \/>\r\n\r\n    \r\n    \r\n    <\/div>\r\n\r\n<\/div><\/div><\/div><div id=\"pgc-9208-4-1\"  class=\"panel-grid-cell\" ><div id=\"panel-9208-4-1-0\" class=\"so-panel widget widget_sow-editor panel-first-child panel-last-child\" data-index=\"7\" ><div\n\t\t\t\n\t\t\tclass=\"so-widget-sow-editor so-widget-sow-editor-base\"\n\t\t\t\n\t\t>\n<div class=\"siteorigin-widget-tinymce textwidget\">\n\t<h2>Des notes sucr\u00e9es pour un parfum gourmand irr\u00e9sistible<\/h2>\n<p>Si le <a href=\"https:\/\/www.yves-rocher.fr\/actbeautiful\/parfum-poudre-pour-atmosphere-tout-en-douceur\">parfum poudr\u00e9<\/a> \u00e9voque l\u2019\u00e9l\u00e9gance et la f\u00e9minit\u00e9, les parfums sucr\u00e9s, eux, ravivent notre gourmandise. Ils invoquent le plaisir des sens, les petites douceurs et les d\u00e9lices d\u2019enfance. Rien de mieux pour affirmer votre sensualit\u00e9 et votre personnalit\u00e9. Vous pouvez adopter une <a href=\"\/\/www.yves-rocher.fr\/parfum\/parfum-femme\/eau-de-parfum-femme\/c\/31100\">eau de parfum<\/a> intense et sucr\u00e9e, si vous raffolez des senteurs envo\u00fbtantes ou si vous voulez attirer tous les regards. Vous pouvez aussi pr\u00e9f\u00e9rer une <a href=\"\/\/www.yves-rocher.fr\/parfum\/parfum-femme\/eau-de-toilette-femme\/c\/31200\">eau de toilette<\/a> plus l\u00e9g\u00e8re aux notes de fruits rouges, de caramel ou de lait par exemple, pour vous envelopper d\u2019une odeur r\u00e9confortante et rassurante. Intense, medium ou l\u00e9g\u00e8re : chez Yves Rocher, vous disposez de diff\u00e9rentes concentrations, ce qui vous permet de trouver facilement votre <a href=\"https:\/\/www.yves-rocher.fr\/actbeautiful\/comment-choisir-votre-nouveau-parfum\">nouveau parfum<\/a>.<\/p>\n<\/div>\n<\/div><\/div><\/div><\/div><div id=\"pg-9208-5\"  class=\"panel-grid panel-no-style\" ><div id=\"pgc-9208-5-0\"  class=\"panel-grid-cell\" ><div id=\"panel-9208-5-0-0\" class=\"so-panel widget widget_sow-editor panel-first-child panel-last-child\" data-index=\"8\" ><div\n\t\t\t\n\t\t\tclass=\"so-widget-sow-editor so-widget-sow-editor-base\"\n\t\t\t\n\t\t>\n<div class=\"siteorigin-widget-tinymce textwidget\">\n\t<h2>Une collection de fragrances sucr\u00e9es<\/h2>\n<p>Les notes sucr\u00e9es s\u2019harmonisent \u00e0 la perfection avec des accords floraux, fruit\u00e9s ou encore orientaux. Elles apportent de la douceur et de la rondeur. Vanille Bourbon, Noix de coco ou encore Mangue coriandre : voici quelques compositions envo\u00fbtantes de <a href=\"\/\/www.yves-rocher.fr\/actbeautiful\/parfum-cheveux-captivant\">parfum cheveux<\/a>. Quelques pulv\u00e9risations avant de partir au travail, en compl\u00e9ment de votre parfum femme habituel, avant de vous rendre \u00e0 un rendez-vous ou apr\u00e8s une s\u00e9ance de sport, et vous voil\u00e0 au top de votre f\u00e9minit\u00e9 ! Craquante des pieds \u00e0 la t\u00eate.<\/p>\n<p>Succombez aussi \u00e0 l\u2019eau de parfum Cuir de nuit. Cette fragrance sensuelle et g\u00e9n\u00e9reuse s\u2019appuie sur l\u2019onctuosit\u00e9 de la vanille et du caf\u00e9, r\u00e9v\u00e9l\u00e9e par une touche am\u00e8re de cacao. Un vrai d\u00e9lice ! Vous avez envie d\u2019un <a href=\"https:\/\/www.yves-rocher.fr\/actbeautiful\/quel-parfum-floral-est-fait-pour-vous\">parfum floral<\/a> d\u00e9licatement sucr\u00e9 ? Adoptez Garden Party \u00e0 la rose et \u00e0 la menthe, un mariage in\u00e9dit et plaisant. Ou bien craquez pour Mon \u00c9vidence, une eau de parfum rayonnante et r\u00e9confortante \u00e0 base de vanille, de mandarine, de rose et de patchouli.<\/p>\n<\/div>\n<\/div><\/div><\/div><div id=\"pgc-9208-5-1\"  class=\"panel-grid-cell\" ><div id=\"panel-9208-5-1-0\" class=\"so-panel widget widget_sow-image panel-first-child panel-last-child\" data-index=\"9\" ><div\n\t\t\t\n\t\t\tclass=\"so-widget-sow-image so-widget-sow-image-default-8b5b6f678277-9208\"\n\t\t\t\n\t\t>\r\n\r\n\r\n<div class=\"sow-image-container\">\r\n    \r\n    <img loading=\"lazy\" decoding=\"async\" src=\"https:\/\/abspace.yves-rocher.com\/fr\/wp-content\/uploads\/2020\/12\/Mannequin-2.png\" width=\"1100\" height=\"652\" srcset=\"\" title=\"Mannequin 2\"          class=\"so-widget-image\" \/>\r\n\r\n    \r\n    \r\n    <\/div>\r\n\r\n<\/div><\/div><\/div><\/div><div id=\"pg-9208-6\"  class=\"panel-grid panel-no-style\" ><div id=\"pgc-9208-6-0\"  class=\"panel-grid-cell\" ><div id=\"panel-9208-6-0-0\" class=\"so-panel widget widget_sow-image panel-first-child panel-last-child\" data-index=\"10\" ><div\n\t\t\t\n\t\t\tclass=\"so-widget-sow-image so-widget-sow-image-default-8b5b6f678277-9208\"\n\t\t\t\n\t\t>\r\n\r\n\r\n<div class=\"sow-image-container\">\r\n    \r\n    <img loading=\"lazy\" decoding=\"async\" src=\"https:\/\/abspace.yves-rocher.com\/fr\/wp-content\/uploads\/2020\/12\/Emblematique-Brumes-Parfumees-Corps-Cheveux-3-senteurs.png\" width=\"1100\" height=\"652\" srcset=\"\" title=\"Embl\u00e9matique Brumes Parfum\u00e9es Corps &amp; Cheveux 3 senteurs\"          class=\"so-widget-image\" \/>\r\n\r\n    \r\n    \r\n    <\/div>\r\n\r\n<\/div><\/div><\/div><div id=\"pgc-9208-6-1\"  class=\"panel-grid-cell\" ><div id=\"panel-9208-6-1-0\" class=\"so-panel widget widget_sow-editor panel-first-child panel-last-child\" data-index=\"11\" ><div\n\t\t\t\n\t\t\tclass=\"so-widget-sow-editor so-widget-sow-editor-base\"\n\t\t\t\n\t\t>\n<div class=\"siteorigin-widget-tinymce textwidget\">\n\t<h2>Retour \u00e0 l\u2019essentiel avec les eaux fra\u00eeches<\/h2>\n<p>Si vous recherchez une composition rafra\u00eechissante et \u00e9pur\u00e9e aux notes l\u00e9g\u00e8rement sucr\u00e9es, nous vous conseillons notre eau fra\u00eeche, gourmande et romantique, rappelant la cerise et les fleurs foisonnantes des arbres fruitiers au printemps. Avec sa collection d\u2019eaux fra\u00eeches, Yves Rocher se concentre sur les parfums essentiels, qui peuplent nos souvenirs et nous rappellent les bons moments. Fermez les yeux et parcourez les all\u00e9es enivrantes d\u2019un jardin garni de ch\u00e8vrefeuille, de muguet, de th\u00e9 vert ou encore de verveine. Retrouvez tous nos conseils <a href=\"https:\/\/www.yves-rocher.fr\/actbeautiful\/parfum-produit-de-beaute-essentiel\">beaut\u00e9 et parfum<\/a> et d\u00e9couvrez comment bien appliquer votre fragrance ou encore quel moment est le plus propice pour se parfumer.<\/p>\n<p>Rendez-vous chez votre parfumeur Yves Rocher pour trouver <a href=\"\/\/www.yves-rocher.fr\/actbeautiful\/offrir-le-meilleur-parfum-nos-idees\">le meilleur parfum<\/a> !<\/p>\n<\/div>\n<\/div><\/div><\/div><\/div><div id=\"pg-9208-7\"  class=\"panel-grid panel-no-style\" ><div id=\"pgc-9208-7-0\"  class=\"panel-grid-cell\" ><div id=\"panel-9208-7-0-0\" class=\"so-panel widget panel-first-child\" data-index=\"12\" ><\/div><div id=\"panel-9208-7-0-1\" class=\"so-panel widget widget_sow-editor panel-last-child\" data-index=\"13\" ><div\n\t\t\t\n\t\t\tclass=\"so-widget-sow-editor so-widget-sow-editor-base\"\n\t\t\t\n\t\t>\n<div class=\"siteorigin-widget-tinymce textwidget\">\n\t<\/div>\n<\/div><\/div><\/div><\/div><\/div>","protected":false},"excerpt":{"rendered":"<p>Craquez pour l&#8217;un de nos parfums sucr\u00e9s !<\/p>\n","protected":false},"author":740627,"featured_media":9209,"comment_status":"open","ping_status":"open","sticky":false,"template":"","format":"standard","meta":{"_acf_changed":false,"_exactmetrics_skip_tracking":false,"_exactmetrics_sitenote_active":false,"_exactmetrics_sitenote_note":"","_exactmetrics_sitenote_category":0,"footnotes":""},"categories":[1],"tags":[352],"class_list":["post-9208","post","type-post","status-publish","format-standard","has-post-thumbnail","hentry","category-uncategorized","tag-parfum"],"acf":[],"yoast_head":"<!-- This site is optimized with the Yoast SEO plugin v24.7 - https:\/\/yoast.com\/wordpress\/plugins\/seo\/ -->\n<title>Act Beautiful - S\u2019amuser avec des parfums sucr\u00e9s - Yves Rocher<\/title>\n<meta name=\"description\" content=\"Les parfums sucr\u00e9s sont parfaits pour l\u2019\u00e9t\u00e9, rappelant les vacances et le soleil. Yves Rocher propose une large gamme pour satisfaire toutes vos envies.\" \/>\n<meta name=\"robots\" content=\"index, follow, max-snippet:-1, max-image-preview:large, max-video-preview:-1\" \/>\n<link rel=\"canonical\" href=\"https:\/\/abspace.yves-rocher.com\/fr\/fr\/un-parfum-sucre-yves-rocher-pour-une-journee-vitamine\/\" \/>\n<meta property=\"og:locale\" content=\"fr_FR\" \/>\n<meta property=\"og:type\" content=\"article\" \/>\n<meta property=\"og:title\" content=\"Act Beautiful - S\u2019amuser avec des parfums sucr\u00e9s - Yves Rocher\" \/>\n<meta property=\"og:description\" content=\"Les parfums sucr\u00e9s sont parfaits pour l\u2019\u00e9t\u00e9, rappelant les vacances et le soleil. Yves Rocher propose une large gamme pour satisfaire toutes vos envies.\" \/>\n<meta property=\"og:url\" content=\"https:\/\/abspace.yves-rocher.com\/fr\/fr\/un-parfum-sucre-yves-rocher-pour-une-journee-vitamine\/\" \/>\n<meta property=\"og:site_name\" content=\"France YR AB\" \/>\n<meta property=\"article:published_time\" content=\"2020-12-07T16:28:04+00:00\" \/>\n<meta property=\"article:modified_time\" content=\"2023-01-04T15:11:21+00:00\" \/>\n<meta property=\"og:image\" content=\"https:\/\/abspace.yves-rocher.com\/fr\/wp-content\/uploads\/2020\/12\/YR-198960.jpg\" \/>\n\t<meta property=\"og:image:width\" content=\"1100\" \/>\n\t<meta property=\"og:image:height\" content=\"652\" \/>\n\t<meta property=\"og:image:type\" content=\"image\/jpeg\" \/>\n<meta name=\"author\" content=\"elisenicol\" \/>\n<meta name=\"twitter:card\" content=\"summary_large_image\" \/>\n<meta name=\"twitter:label1\" content=\"Written by\" \/>\n\t<meta name=\"twitter:data1\" content=\"elisenicol\" \/>\n\t<meta name=\"twitter:label2\" content=\"Est. reading time\" \/>\n\t<meta name=\"twitter:data2\" content=\"5 minutes\" \/>\n<script type=\"application\/ld+json\" class=\"yoast-schema-graph\">{\"@context\":\"https:\/\/schema.org\",\"@graph\":[{\"@type\":\"WebPage\",\"@id\":\"https:\/\/abspace.yves-rocher.com\/fr\/fr\/un-parfum-sucre-yves-rocher-pour-une-journee-vitamine\/\",\"url\":\"https:\/\/abspace.yves-rocher.com\/fr\/fr\/un-parfum-sucre-yves-rocher-pour-une-journee-vitamine\/\",\"name\":\"Act Beautiful - S\u2019amuser avec des parfums sucr\u00e9s - Yves Rocher\",\"isPartOf\":{\"@id\":\"https:\/\/abspace.yves-rocher.com\/fr\/#website\"},\"primaryImageOfPage\":{\"@id\":\"https:\/\/abspace.yves-rocher.com\/fr\/fr\/un-parfum-sucre-yves-rocher-pour-une-journee-vitamine\/#primaryimage\"},\"image\":{\"@id\":\"https:\/\/abspace.yves-rocher.com\/fr\/fr\/un-parfum-sucre-yves-rocher-pour-une-journee-vitamine\/#primaryimage\"},\"thumbnailUrl\":\"https:\/\/abspace.yves-rocher.com\/fr\/wp-content\/uploads\/2020\/12\/YR-198960.jpg\",\"datePublished\":\"2020-12-07T16:28:04+00:00\",\"dateModified\":\"2023-01-04T15:11:21+00:00\",\"author\":{\"@id\":\"https:\/\/abspace.yves-rocher.com\/fr\/#\/schema\/person\/c0ed367ff57e26003404aeac3f5eba29\"},\"description\":\"Les parfums sucr\u00e9s sont parfaits pour l\u2019\u00e9t\u00e9, rappelant les vacances et le soleil. Yves Rocher propose une large gamme pour satisfaire toutes vos envies.\",\"breadcrumb\":{\"@id\":\"https:\/\/abspace.yves-rocher.com\/fr\/fr\/un-parfum-sucre-yves-rocher-pour-une-journee-vitamine\/#breadcrumb\"},\"inLanguage\":\"fr-FR\",\"potentialAction\":[{\"@type\":\"ReadAction\",\"target\":[\"https:\/\/abspace.yves-rocher.com\/fr\/fr\/un-parfum-sucre-yves-rocher-pour-une-journee-vitamine\/\"]}]},{\"@type\":\"ImageObject\",\"inLanguage\":\"fr-FR\",\"@id\":\"https:\/\/abspace.yves-rocher.com\/fr\/fr\/un-parfum-sucre-yves-rocher-pour-une-journee-vitamine\/#primaryimage\",\"url\":\"https:\/\/abspace.yves-rocher.com\/fr\/wp-content\/uploads\/2020\/12\/YR-198960.jpg\",\"contentUrl\":\"https:\/\/abspace.yves-rocher.com\/fr\/wp-content\/uploads\/2020\/12\/YR-198960.jpg\",\"width\":1100,\"height\":652},{\"@type\":\"BreadcrumbList\",\"@id\":\"https:\/\/abspace.yves-rocher.com\/fr\/fr\/un-parfum-sucre-yves-rocher-pour-une-journee-vitamine\/#breadcrumb\",\"itemListElement\":[{\"@type\":\"ListItem\",\"position\":1,\"name\":\"Home\",\"item\":\"https:\/\/abspace.yves-rocher.com\/fr\/fr\/\"},{\"@type\":\"ListItem\",\"position\":2,\"name\":\"Parfum sucr\u00e9 Yves Rocher pour une journ\u00e9e vitamin\u00e9e\"}]},{\"@type\":\"WebSite\",\"@id\":\"https:\/\/abspace.yves-rocher.com\/fr\/#website\",\"url\":\"https:\/\/abspace.yves-rocher.com\/fr\/\",\"name\":\"France YR AB\",\"description\":\"France YR AB\",\"potentialAction\":[{\"@type\":\"SearchAction\",\"target\":{\"@type\":\"EntryPoint\",\"urlTemplate\":\"https:\/\/abspace.yves-rocher.com\/fr\/?s={search_term_string}\"},\"query-input\":{\"@type\":\"PropertyValueSpecification\",\"valueRequired\":true,\"valueName\":\"search_term_string\"}}],\"inLanguage\":\"fr-FR\"},{\"@type\":\"Person\",\"@id\":\"https:\/\/abspace.yves-rocher.com\/fr\/#\/schema\/person\/c0ed367ff57e26003404aeac3f5eba29\",\"name\":\"elisenicol\",\"image\":{\"@type\":\"ImageObject\",\"inLanguage\":\"fr-FR\",\"@id\":\"https:\/\/abspace.yves-rocher.com\/fr\/#\/schema\/person\/image\/\",\"url\":\"https:\/\/secure.gravatar.com\/avatar\/32ec9e1517d71dad0fa0b8fd399a3bdc?s=96&d=mm&r=g\",\"contentUrl\":\"https:\/\/secure.gravatar.com\/avatar\/32ec9e1517d71dad0fa0b8fd399a3bdc?s=96&d=mm&r=g\",\"caption\":\"elisenicol\"},\"url\":\"https:\/\/abspace.yves-rocher.com\/fr\/fr\/author\/elisenicol\/\"}]}<\/script>\n<!-- \/ Yoast SEO plugin. -->","yoast_head_json":{"title":"Act Beautiful - S\u2019amuser avec des parfums sucr\u00e9s - Yves Rocher","description":"Les parfums sucr\u00e9s sont parfaits pour l\u2019\u00e9t\u00e9, rappelant les vacances et le soleil. Yves Rocher propose une large gamme pour satisfaire toutes vos envies.","robots":{"index":"index","follow":"follow","max-snippet":"max-snippet:-1","max-image-preview":"max-image-preview:large","max-video-preview":"max-video-preview:-1"},"canonical":"https:\/\/abspace.yves-rocher.com\/fr\/fr\/un-parfum-sucre-yves-rocher-pour-une-journee-vitamine\/","og_locale":"fr_FR","og_type":"article","og_title":"Act Beautiful - S\u2019amuser avec des parfums sucr\u00e9s - Yves Rocher","og_description":"Les parfums sucr\u00e9s sont parfaits pour l\u2019\u00e9t\u00e9, rappelant les vacances et le soleil. Yves Rocher propose une large gamme pour satisfaire toutes vos envies.","og_url":"https:\/\/abspace.yves-rocher.com\/fr\/fr\/un-parfum-sucre-yves-rocher-pour-une-journee-vitamine\/","og_site_name":"France YR AB","article_published_time":"2020-12-07T16:28:04+00:00","article_modified_time":"2023-01-04T15:11:21+00:00","og_image":[{"width":1100,"height":652,"url":"https:\/\/abspace.yves-rocher.com\/fr\/wp-content\/uploads\/2020\/12\/YR-198960.jpg","type":"image\/jpeg"}],"author":"elisenicol","twitter_card":"summary_large_image","twitter_misc":{"Written by":"elisenicol","Est. reading time":"5 minutes"},"schema":{"@context":"https:\/\/schema.org","@graph":[{"@type":"WebPage","@id":"https:\/\/abspace.yves-rocher.com\/fr\/fr\/un-parfum-sucre-yves-rocher-pour-une-journee-vitamine\/","url":"https:\/\/abspace.yves-rocher.com\/fr\/fr\/un-parfum-sucre-yves-rocher-pour-une-journee-vitamine\/","name":"Act Beautiful - S\u2019amuser avec des parfums sucr\u00e9s - Yves Rocher","isPartOf":{"@id":"https:\/\/abspace.yves-rocher.com\/fr\/#website"},"primaryImageOfPage":{"@id":"https:\/\/abspace.yves-rocher.com\/fr\/fr\/un-parfum-sucre-yves-rocher-pour-une-journee-vitamine\/#primaryimage"},"image":{"@id":"https:\/\/abspace.yves-rocher.com\/fr\/fr\/un-parfum-sucre-yves-rocher-pour-une-journee-vitamine\/#primaryimage"},"thumbnailUrl":"https:\/\/abspace.yves-rocher.com\/fr\/wp-content\/uploads\/2020\/12\/YR-198960.jpg","datePublished":"2020-12-07T16:28:04+00:00","dateModified":"2023-01-04T15:11:21+00:00","author":{"@id":"https:\/\/abspace.yves-rocher.com\/fr\/#\/schema\/person\/c0ed367ff57e26003404aeac3f5eba29"},"description":"Les parfums sucr\u00e9s sont parfaits pour l\u2019\u00e9t\u00e9, rappelant les vacances et le soleil. Yves Rocher propose une large gamme pour satisfaire toutes vos envies.","breadcrumb":{"@id":"https:\/\/abspace.yves-rocher.com\/fr\/fr\/un-parfum-sucre-yves-rocher-pour-une-journee-vitamine\/#breadcrumb"},"inLanguage":"fr-FR","potentialAction":[{"@type":"ReadAction","target":["https:\/\/abspace.yves-rocher.com\/fr\/fr\/un-parfum-sucre-yves-rocher-pour-une-journee-vitamine\/"]}]},{"@type":"ImageObject","inLanguage":"fr-FR","@id":"https:\/\/abspace.yves-rocher.com\/fr\/fr\/un-parfum-sucre-yves-rocher-pour-une-journee-vitamine\/#primaryimage","url":"https:\/\/abspace.yves-rocher.com\/fr\/wp-content\/uploads\/2020\/12\/YR-198960.jpg","contentUrl":"https:\/\/abspace.yves-rocher.com\/fr\/wp-content\/uploads\/2020\/12\/YR-198960.jpg","width":1100,"height":652},{"@type":"BreadcrumbList","@id":"https:\/\/abspace.yves-rocher.com\/fr\/fr\/un-parfum-sucre-yves-rocher-pour-une-journee-vitamine\/#breadcrumb","itemListElement":[{"@type":"ListItem","position":1,"name":"Home","item":"https:\/\/abspace.yves-rocher.com\/fr\/fr\/"},{"@type":"ListItem","position":2,"name":"Parfum sucr\u00e9 Yves Rocher pour une journ\u00e9e vitamin\u00e9e"}]},{"@type":"WebSite","@id":"https:\/\/abspace.yves-rocher.com\/fr\/#website","url":"https:\/\/abspace.yves-rocher.com\/fr\/","name":"France YR AB","description":"France YR AB","potentialAction":[{"@type":"SearchAction","target":{"@type":"EntryPoint","urlTemplate":"https:\/\/abspace.yves-rocher.com\/fr\/?s={search_term_string}"},"query-input":{"@type":"PropertyValueSpecification","valueRequired":true,"valueName":"search_term_string"}}],"inLanguage":"fr-FR"},{"@type":"Person","@id":"https:\/\/abspace.yves-rocher.com\/fr\/#\/schema\/person\/c0ed367ff57e26003404aeac3f5eba29","name":"elisenicol","image":{"@type":"ImageObject","inLanguage":"fr-FR","@id":"https:\/\/abspace.yves-rocher.com\/fr\/#\/schema\/person\/image\/","url":"https:\/\/secure.gravatar.com\/avatar\/32ec9e1517d71dad0fa0b8fd399a3bdc?s=96&d=mm&r=g","contentUrl":"https:\/\/secure.gravatar.com\/avatar\/32ec9e1517d71dad0fa0b8fd399a3bdc?s=96&d=mm&r=g","caption":"elisenicol"},"url":"https:\/\/abspace.yves-rocher.com\/fr\/fr\/author\/elisenicol\/"}]}},"_links":{"self":[{"href":"https:\/\/abspace.yves-rocher.com\/fr\/ws\/wp\/v2\/posts\/9208","targetHints":{"allow":["GET"]}}],"collection":[{"href":"https:\/\/abspace.yves-rocher.com\/fr\/ws\/wp\/v2\/posts"}],"about":[{"href":"https:\/\/abspace.yves-rocher.com\/fr\/ws\/wp\/v2\/types\/post"}],"author":[{"embeddable":true,"href":"https:\/\/abspace.yves-rocher.com\/fr\/ws\/wp\/v2\/users\/740627"}],"replies":[{"embeddable":true,"href":"https:\/\/abspace.yves-rocher.com\/fr\/ws\/wp\/v2\/comments?post=9208"}],"version-history":[{"count":12,"href":"https:\/\/abspace.yves-rocher.com\/fr\/ws\/wp\/v2\/posts\/9208\/revisions"}],"predecessor-version":[{"id":12185,"href":"https:\/\/abspace.yves-rocher.com\/fr\/ws\/wp\/v2\/posts\/9208\/revisions\/12185"}],"wp:featuredmedia":[{"embeddable":true,"href":"https:\/\/abspace.yves-rocher.com\/fr\/ws\/wp\/v2\/media\/9209"}],"wp:attachment":[{"href":"https:\/\/abspace.yves-rocher.com\/fr\/ws\/wp\/v2\/media?parent=9208"}],"wp:term":[{"taxonomy":"category","embeddable":true,"href":"https:\/\/abspace.yves-rocher.com\/fr\/ws\/wp\/v2\/categories?post=9208"},{"taxonomy":"post_tag","embeddable":true,"href":"https:\/\/abspace.yves-rocher.com\/fr\/ws\/wp\/v2\/tags?post=9208"}],"curies":[{"name":"wp","href":"https:\/\/api.w.org\/{rel}","templated":true}]}}