{"id":4537,"date":"2020-03-10T14:15:08","date_gmt":"2020-03-10T14:15:08","guid":{"rendered":"http:\/\/abspace.yves-rocher.com\/se\/?p=4537"},"modified":"2021-06-30T14:07:01","modified_gmt":"2021-06-30T14:07:01","slug":"var-i-la-gacilly","status":"publish","type":"post","link":"https:\/\/abspace.yves-rocher.com\/se\/sv\/var-i-la-gacilly\/","title":{"rendered":"V\u00e5r i La Gacilly"},"content":{"rendered":"<div id=\"pl-4537\"  class=\"panel-layout\" ><div id=\"pg-4537-0\"  class=\"panel-grid panel-no-style\" ><div id=\"pgc-4537-0-0\"  class=\"panel-grid-cell\" >            <div class=\"textWidget header-description \">\r\n                <p>Vad f\u00f6rsigg\u00e5r p\u00e5 v\u00e5ra f\u00e4lt i La Gacilly s\u00e5h\u00e4r under v\u00e5ren? L\u00e5t oss ta med dig till Bretagne i Frankrike f\u00f6r att l\u00e4ra dig mer om hur vi odlar v\u00e5ra ikoniska v\u00e4xter.<\/p>\r\n            <\/div>\r\n    <\/div><\/div><div id=\"pg-4537-1\"  class=\"panel-grid panel-no-style\" ><div id=\"pgc-4537-1-0\"  class=\"panel-grid-cell\" ><div id=\"panel-4537-1-0-0\" class=\"so-panel widget widget_sow-editor panel-first-child panel-last-child\" data-index=\"1\" ><div\n\t\t\t\n\t\t\tclass=\"so-widget-sow-editor so-widget-sow-editor-base\"\n\t\t\t\n\t\t>\n<div class=\"siteorigin-widget-tinymce textwidget\">\n\t<h2><b>F\u00e4lt odlade med respekt och passion<\/b><\/h2>\n<p>Vi b\u00f6rjar \u00e4ntligen g\u00e5 mot v\u00e5r och La Gacilly har b\u00f6rjat <strong>blomma<\/strong>. Det \u00e4r denna period som avg\u00f6r om det blir en bra s\u00e4song. Allting beh\u00f6ver vara p\u00e5 plats f\u00f6r att f\u00f6rs\u00e4kra om att produktionen g\u00e5r r\u00e4tt till med de <strong>botaniska aktiva ingredienserna<\/strong> i v\u00e5ra produkter.<\/p>\n<p>Innan vi tar oss djupare in i \u00e4mnet s\u00e5 vill vi p\u00e5minna dig om att vi har <strong>60 hektar av botaniska f\u00e4lt<\/strong> i La Gacilly, Bretagne i Frankrike. H\u00e4r odlar vi v\u00e5ra v\u00e4xter <strong>agroekologiskt<\/strong>, vilket inneb\u00e4r att vi respekterar s\u00e5 mycket s\u00e5 m\u00f6jligt av det naturliga ekosystemet i framst\u00e4llningen av v\u00e5ra \u00e5tta signatur v\u00e4xter. Dessa v\u00e4xter omvandlar vi sedan till <strong>botaniskt aktiva ingredienser<\/strong>. Vi anv\u00e4nder dessa v\u00e4xter i \u00f6ver <strong>30% av v\u00e5ra formler<\/strong>.<span class=\"Apple-converted-space\">\u00a0<\/span><\/p>\n<p>Genom att sj\u00e4lva ansvara f\u00f6r odlingen har vi m\u00f6jlighet att se v\u00e4xterna blomma s\u00e4song efter s\u00e4song:\u00a0<strong>Arnica<\/strong> som du finner i v\u00e5r handv\u00e5rd, <strong>ringblomma<\/strong> som berikar v\u00e5rt Radiance Shampoo och Detangling Gel, <strong>Bl\u00e5klint<\/strong> som skonsamt tar bort smink, <strong>middagsblomma<\/strong> f\u00f6r sina \u00e5terfuktande egenskaper och<strong> Is\u00f6rt<\/strong>, bel\u00f6nad f\u00f6r sin anti-rynk-f\u00f6rm\u00e5ga.<span class=\"Apple-converted-space\">\u00a0<\/span><\/p>\n<p>Men det finns fler v\u00e4xter som befinner sig p\u00e5 v\u00e5ra f\u00e4lt s\u00e5h\u00e4r \u00e5rs. I v\u00e5rt agroekologiska tankes\u00e4tt odlar vi \u00e4ven <strong>phacelia, senap, r\u00e4disa och bovete<\/strong> f\u00f6r att t\u00e4cka och berika jorden. Dessa plantor bidrar till biologisk m\u00e5ngfald och hj\u00e4lper v\u00e5ra plantor att skonas fr\u00e5n sjukdomar.<\/p>\n<\/div>\n<\/div><\/div><\/div><div id=\"pgc-4537-1-1\"  class=\"panel-grid-cell\" ><div id=\"panel-4537-1-1-0\" class=\"so-panel widget widget_sow-image panel-first-child panel-last-child\" data-index=\"2\" ><div\n\t\t\t\n\t\t\tclass=\"so-widget-sow-image so-widget-sow-image-default-8b5b6f678277-4537\"\n\t\t\t\n\t\t>\r\n\r\n\r\n<div class=\"sow-image-container\">\r\n    \r\n    <img loading=\"lazy\" decoding=\"async\" src=\"https:\/\/abspace.yves-rocher.com\/se\/wp-content\/uploads\/sites\/12\/2019\/12\/2003_printemps_gacilly_image1_1100x652.jpg\" width=\"1100\" height=\"652\" srcset=\"\"          class=\"so-widget-image\" \/>\r\n\r\n    \r\n    \r\n    <\/div>\r\n\r\n<\/div><\/div><\/div><\/div><div id=\"pg-4537-2\"  class=\"panel-grid panel-no-style\" ><div id=\"pgc-4537-2-0\"  class=\"panel-grid-cell\" ><div id=\"panel-4537-2-0-0\" class=\"so-panel widget widget_sow-image panel-first-child panel-last-child\" data-index=\"3\" ><div\n\t\t\t\n\t\t\tclass=\"so-widget-sow-image so-widget-sow-image-default-8b5b6f678277-4537\"\n\t\t\t\n\t\t>\r\n\r\n\r\n<div class=\"sow-image-container\">\r\n    \r\n    <img loading=\"lazy\" decoding=\"async\" src=\"https:\/\/abspace.yves-rocher.com\/se\/wp-content\/uploads\/sites\/12\/2019\/12\/2003_printemps_gacilly_image3_1100x652.jpg\" width=\"1100\" height=\"652\" srcset=\"\"          class=\"so-widget-image\" \/>\r\n\r\n    \r\n    \r\n    <\/div>\r\n\r\n<\/div><\/div><\/div><div id=\"pgc-4537-2-1\"  class=\"panel-grid-cell\" ><div id=\"panel-4537-2-1-0\" class=\"so-panel widget widget_sow-editor panel-first-child panel-last-child\" data-index=\"4\" ><div\n\t\t\t\n\t\t\tclass=\"so-widget-sow-editor so-widget-sow-editor-base\"\n\t\t\t\n\t\t>\n<div class=\"siteorigin-widget-tinymce textwidget\">\n\t<h2 style=\"text-align: center\"><b>April: Vi s\u00e5r och planterar<span class=\"Apple-converted-space\">\u00a0<\/span><\/b><\/h2>\n<p>L\u00e5t oss bjuda p\u00e5 en snabb <strong>agroekologisk l\u00e4rdom<\/strong>: vissa plantor beh\u00f6ver s\u00e5s medan andra beh\u00f6ver planteras. Vad \u00e4r skillnaden?\u00a0Att s\u00e5 fr\u00f6n inneb\u00e4r att man <strong>placerar fr\u00f6na direkt i jorden ute p\u00e5 v\u00e5ra f\u00e4lt<\/strong>, fram till att blommorna har skapat sm\u00e5 skott.<span class=\"Apple-converted-space\">\u00a0<\/span>Och att plantera? F\u00f6r somliga v\u00e4xter <strong>planteras fr\u00f6na i krukor som sedan v\u00e4xer till sig i v\u00e4xthus<\/strong>. De yngre skotten som \u00e4r starkare kan planteras i jorden ute p\u00e5 f\u00e4lten, d\u00e4r de v\u00e4xer sig \u00e4nnu starkare.<span class=\"Apple-converted-space\">\u00a0<\/span><\/p>\n<p>Det flesta av v\u00e5ra signaturplantor blir s\u00e5dda eller <strong>planterade i april<\/strong>, det \u00e4r enbart <strong>Tysk Kamomill<\/strong> som planteras redan <strong>i starten av mars<\/strong>.<span class=\"Apple-converted-space\">\u00a0<\/span>Odling i ouppv\u00e4rmda v\u00e4xthus sker \u00e4ven <strong>i starten av mars<\/strong>, d\u00e5 vi ansar v\u00e5r <strong>Edulis<\/strong> och b\u00f6rjar att s\u00e5 v\u00e5r <strong>Is\u00f6rt<\/strong>.<span class=\"Apple-converted-space\">\u00a0<\/span><\/p>\n<\/div>\n<\/div><\/div><\/div><\/div><div id=\"pg-4537-3\"  class=\"panel-grid panel-no-style\" ><div id=\"pgc-4537-3-0\"  class=\"panel-grid-cell\" ><div id=\"panel-4537-3-0-0\" class=\"so-panel widget widget_sow-editor panel-first-child panel-last-child\" data-index=\"5\" ><div\n\t\t\t\n\t\t\tclass=\"so-widget-sow-editor so-widget-sow-editor-base\"\n\t\t\t\n\t\t>\n<div class=\"siteorigin-widget-tinymce textwidget\">\n\t<h2><b>Sk\u00f6rden startar i Maj<\/b><\/h2>\n<p>Varje planta v\u00e4xer i sitt eget lilla omr\u00e5de p\u00e5 v\u00e5r mark och sk\u00f6rden p\u00e5g\u00e5r mellan maj till augusti. <strong>Kamomill<\/strong> b\u00f6rjar blomma <strong>i starten av maj<\/strong> och sk\u00f6rdas d\u00e4rf\u00f6r redan i mitten av den m\u00e5naden.<\/p>\n<p><strong>Bl\u00e5klint och ringblomma<\/strong> plockas <strong>i starten av juni<\/strong>. Det finns nog ingenting vackrare att besk\u00e5da \u00e4n de o\u00e4ndliga f\u00e4lten med blommande v\u00e4xter.<span class=\"Apple-converted-space\">\u00a0<\/span><\/p>\n<p><strong>Romersk Kamomill<\/strong> sk\u00f6rdas f\u00f6rst<strong> i slutet av juli och b\u00f6rjan av augusti<\/strong> medan <strong>Malva<\/strong> plockas under <strong>augusti m\u00e5nad<\/strong>.<span class=\"Apple-converted-space\">\u00a0<\/span><\/p>\n<p style=\"margin: 0cm 0cm 21.0pt 0cm\">\u00a0<\/p>\n<\/div>\n<\/div><\/div><\/div><div id=\"pgc-4537-3-1\"  class=\"panel-grid-cell\" ><div id=\"panel-4537-3-1-0\" class=\"so-panel widget widget_sow-video panel-first-child panel-last-child\" data-index=\"6\" ><div\n\t\t\t\n\t\t\tclass=\"so-widget-sow-video so-widget-sow-video-default-f379b959fc93-4537\"\n\t\t\t\n\t\t>\n<div class=\"sow-video-wrapper\">\n\t\t\t<video\n\t\t\tid=\"sow-player-1\" class=\"sow-video-widget\" preload=\"auto\" style=\"width:100%;height:100%;\" controls \t\t>\n\t\t\t\t\t\t\t<source type=\"video\/mp4\" src=\"https:\/\/abspace.yves-rocher.com\/se\/wp-content\/uploads\/sites\/12\/2019\/11\/2003_printemps_gacilly_video_1100x652.mp4\"\/>\n\t\t\t\t\t<\/video>\n\t<\/div>\n<\/div><\/div><\/div><\/div><div id=\"pg-4537-4\"  class=\"panel-grid panel-no-style\" ><div id=\"pgc-4537-4-0\"  class=\"panel-grid-cell\" ><div id=\"panel-4537-4-0-0\" class=\"so-panel widget widget_sow-image panel-first-child panel-last-child\" data-index=\"7\" ><div\n\t\t\t\n\t\t\tclass=\"so-widget-sow-image so-widget-sow-image-default-8b5b6f678277-4537\"\n\t\t\t\n\t\t>\r\n\r\n\r\n<div class=\"sow-image-container\">\r\n    \r\n    <img loading=\"lazy\" decoding=\"async\" src=\"https:\/\/abspace.yves-rocher.com\/se\/wp-content\/uploads\/sites\/12\/2019\/12\/2003_printemps_gacilly_image4_1100x652.jpg\" width=\"1100\" height=\"652\" srcset=\"\"          class=\"so-widget-image\" \/>\r\n\r\n    \r\n    \r\n    <\/div>\r\n\r\n<\/div><\/div><\/div><div id=\"pgc-4537-4-1\"  class=\"panel-grid-cell\" ><div id=\"panel-4537-4-1-0\" class=\"so-panel widget widget_sow-editor panel-first-child panel-last-child\" data-index=\"8\" ><div\n\t\t\t\n\t\t\tclass=\"so-widget-sow-editor so-widget-sow-editor-base\"\n\t\t\t\n\t\t>\n<div class=\"siteorigin-widget-tinymce textwidget\">\n\t<h2 style=\"text-align: center\"><b>Torka<span class=\"Apple-converted-space\">\u00a0<\/span><\/b><\/h2>\n<p>Processen att torka blommorna startar redan <strong>n\u00e4r de sk\u00f6rdas<\/strong>. F\u00e4rska blommor som nyligen blivit plockade har en <strong>fuktighetshalt<\/strong> p\u00e5 mellan <strong>60% till 80%<\/strong>. Blommorna torkas d\u00e4rf\u00f6r i runt <strong>20 timmar i varmluftsugn.<\/strong><span class=\"Apple-converted-space\">\u00a0<\/span><\/p>\n<p>N\u00e4r plantorna har blivit sk\u00f6rdade och f\u00e4rdigtorkade utvinner man <strong>de aktiva ingredienserna<\/strong> f\u00f6r att b\u00f6rja producera produkterna. Men l\u00e5t oss ber\u00e4tta mer om denna process vid ett annat tillf\u00e4lle!<\/p>\n<\/div>\n<\/div><\/div><\/div><\/div><div id=\"pg-4537-5\"  class=\"panel-grid panel-no-style\" ><div id=\"pgc-4537-5-0\"  class=\"panel-grid-cell\" ><div id=\"panel-4537-5-0-0\" class=\"so-panel widget panel-first-child panel-last-child\" data-index=\"9\" ><\/div><\/div><\/div><\/div>","protected":false},"excerpt":{"rendered":"<p>L\u00e5t oss visa dig vad som sker p\u00e5 v\u00e5ra f\u00e4lt under den h\u00e4r s\u00e4songen!<\/p>\n","protected":false},"author":397564,"featured_media":4539,"comment_status":"open","ping_status":"open","sticky":false,"template":"","format":"standard","meta":{"_acf_changed":false,"_exactmetrics_skip_tracking":false,"_exactmetrics_sitenote_active":false,"_exactmetrics_sitenote_note":"","_exactmetrics_sitenote_category":0,"footnotes":""},"categories":[1],"tags":[59],"class_list":["post-4537","post","type-post","status-publish","format-standard","has-post-thumbnail","hentry","category-uncategorized","tag-lagacilly"],"acf":[],"yoast_head":"<!-- This site is optimized with the Yoast SEO plugin v24.7 - https:\/\/yoast.com\/wordpress\/plugins\/seo\/ -->\n<title>Act Beautiful - V\u00e5r i La Gacilly - Yves Rocher<\/title>\n<meta name=\"description\" content=\"L\u00e5t oss visa dig vad som sker p\u00e5 v\u00e5ra f\u00e4lt under den h\u00e4r s\u00e4songen!\" \/>\n<meta name=\"robots\" content=\"index, follow, max-snippet:-1, max-image-preview:large, max-video-preview:-1\" \/>\n<link rel=\"canonical\" href=\"https:\/\/abspace.yves-rocher.com\/se\/sv\/var-i-la-gacilly\/\" \/>\n<meta property=\"og:locale\" content=\"sv_SE\" \/>\n<meta property=\"og:type\" content=\"article\" \/>\n<meta property=\"og:title\" content=\"Act Beautiful - V\u00e5r i La Gacilly - Yves Rocher\" \/>\n<meta property=\"og:description\" content=\"L\u00e5t oss visa dig vad som sker p\u00e5 v\u00e5ra f\u00e4lt under den h\u00e4r s\u00e4songen!\" \/>\n<meta property=\"og:url\" content=\"https:\/\/abspace.yves-rocher.com\/se\/sv\/var-i-la-gacilly\/\" \/>\n<meta property=\"og:site_name\" content=\"Sweden YR AB\" \/>\n<meta property=\"article:published_time\" content=\"2020-03-10T14:15:08+00:00\" \/>\n<meta property=\"article:modified_time\" content=\"2021-06-30T14:07:01+00:00\" \/>\n<meta property=\"og:image\" content=\"https:\/\/abspace.yves-rocher.com\/se\/wp-content\/uploads\/sites\/12\/2019\/12\/2003_D_HP-AB-SPACE_Image5_750x1036.jpg\" \/>\n\t<meta property=\"og:image:width\" content=\"750\" \/>\n\t<meta property=\"og:image:height\" content=\"1036\" \/>\n\t<meta property=\"og:image:type\" content=\"image\/jpeg\" \/>\n<meta name=\"author\" content=\"Claire Mazzella\" \/>\n<meta name=\"twitter:card\" content=\"summary_large_image\" \/>\n<meta name=\"twitter:label1\" content=\"Written by\" \/>\n\t<meta name=\"twitter:data1\" content=\"Claire Mazzella\" \/>\n\t<meta name=\"twitter:label2\" content=\"Est. reading time\" \/>\n\t<meta name=\"twitter:data2\" content=\"3 minutes\" \/>\n<script type=\"application\/ld+json\" class=\"yoast-schema-graph\">{\"@context\":\"https:\/\/schema.org\",\"@graph\":[{\"@type\":\"WebPage\",\"@id\":\"https:\/\/abspace.yves-rocher.com\/se\/sv\/var-i-la-gacilly\/\",\"url\":\"https:\/\/abspace.yves-rocher.com\/se\/sv\/var-i-la-gacilly\/\",\"name\":\"Act Beautiful - V\u00e5r i La Gacilly - Yves Rocher\",\"isPartOf\":{\"@id\":\"https:\/\/abspace.yves-rocher.com\/se\/#website\"},\"primaryImageOfPage\":{\"@id\":\"https:\/\/abspace.yves-rocher.com\/se\/sv\/var-i-la-gacilly\/#primaryimage\"},\"image\":{\"@id\":\"https:\/\/abspace.yves-rocher.com\/se\/sv\/var-i-la-gacilly\/#primaryimage\"},\"thumbnailUrl\":\"https:\/\/abspace.yves-rocher.com\/se\/wp-content\/uploads\/sites\/12\/2019\/12\/2003_D_HP-AB-SPACE_Image5_750x1036.jpg\",\"datePublished\":\"2020-03-10T14:15:08+00:00\",\"dateModified\":\"2021-06-30T14:07:01+00:00\",\"author\":{\"@id\":\"https:\/\/abspace.yves-rocher.com\/se\/#\/schema\/person\/0e0b9549e5675a6d05c0a7b0955fbffc\"},\"description\":\"L\u00e5t oss visa dig vad som sker p\u00e5 v\u00e5ra f\u00e4lt under den h\u00e4r s\u00e4songen!\",\"breadcrumb\":{\"@id\":\"https:\/\/abspace.yves-rocher.com\/se\/sv\/var-i-la-gacilly\/#breadcrumb\"},\"inLanguage\":\"sv-SE\",\"potentialAction\":[{\"@type\":\"ReadAction\",\"target\":[\"https:\/\/abspace.yves-rocher.com\/se\/sv\/var-i-la-gacilly\/\"]}]},{\"@type\":\"ImageObject\",\"inLanguage\":\"sv-SE\",\"@id\":\"https:\/\/abspace.yves-rocher.com\/se\/sv\/var-i-la-gacilly\/#primaryimage\",\"url\":\"https:\/\/abspace.yves-rocher.com\/se\/wp-content\/uploads\/sites\/12\/2019\/12\/2003_D_HP-AB-SPACE_Image5_750x1036.jpg\",\"contentUrl\":\"https:\/\/abspace.yves-rocher.com\/se\/wp-content\/uploads\/sites\/12\/2019\/12\/2003_D_HP-AB-SPACE_Image5_750x1036.jpg\",\"width\":750,\"height\":1036},{\"@type\":\"BreadcrumbList\",\"@id\":\"https:\/\/abspace.yves-rocher.com\/se\/sv\/var-i-la-gacilly\/#breadcrumb\",\"itemListElement\":[{\"@type\":\"ListItem\",\"position\":1,\"name\":\"Home\",\"item\":\"https:\/\/abspace.yves-rocher.com\/se\/sv\/\"},{\"@type\":\"ListItem\",\"position\":2,\"name\":\"V\u00e5r i La Gacilly\"}]},{\"@type\":\"WebSite\",\"@id\":\"https:\/\/abspace.yves-rocher.com\/se\/#website\",\"url\":\"https:\/\/abspace.yves-rocher.com\/se\/\",\"name\":\"Sweden YR AB\",\"description\":\"Just another Act Beautiful site\",\"potentialAction\":[{\"@type\":\"SearchAction\",\"target\":{\"@type\":\"EntryPoint\",\"urlTemplate\":\"https:\/\/abspace.yves-rocher.com\/se\/?s={search_term_string}\"},\"query-input\":{\"@type\":\"PropertyValueSpecification\",\"valueRequired\":true,\"valueName\":\"search_term_string\"}}],\"inLanguage\":\"sv-SE\"},{\"@type\":\"Person\",\"@id\":\"https:\/\/abspace.yves-rocher.com\/se\/#\/schema\/person\/0e0b9549e5675a6d05c0a7b0955fbffc\",\"name\":\"Claire Mazzella\",\"image\":{\"@type\":\"ImageObject\",\"inLanguage\":\"sv-SE\",\"@id\":\"https:\/\/abspace.yves-rocher.com\/se\/#\/schema\/person\/image\/\",\"url\":\"https:\/\/secure.gravatar.com\/avatar\/190d6b6e3ba3aa26c1ec41bf67910097?s=96&d=mm&r=g\",\"contentUrl\":\"https:\/\/secure.gravatar.com\/avatar\/190d6b6e3ba3aa26c1ec41bf67910097?s=96&d=mm&r=g\",\"caption\":\"Claire Mazzella\"},\"url\":\"https:\/\/abspace.yves-rocher.com\/se\/sv\/author\/clairemazella\/\"}]}<\/script>\n<!-- \/ Yoast SEO plugin. -->","yoast_head_json":{"title":"Act Beautiful - V\u00e5r i La Gacilly - Yves Rocher","description":"L\u00e5t oss visa dig vad som sker p\u00e5 v\u00e5ra f\u00e4lt under den h\u00e4r s\u00e4songen!","robots":{"index":"index","follow":"follow","max-snippet":"max-snippet:-1","max-image-preview":"max-image-preview:large","max-video-preview":"max-video-preview:-1"},"canonical":"https:\/\/abspace.yves-rocher.com\/se\/sv\/var-i-la-gacilly\/","og_locale":"sv_SE","og_type":"article","og_title":"Act Beautiful - V\u00e5r i La Gacilly - Yves Rocher","og_description":"L\u00e5t oss visa dig vad som sker p\u00e5 v\u00e5ra f\u00e4lt under den h\u00e4r s\u00e4songen!","og_url":"https:\/\/abspace.yves-rocher.com\/se\/sv\/var-i-la-gacilly\/","og_site_name":"Sweden YR AB","article_published_time":"2020-03-10T14:15:08+00:00","article_modified_time":"2021-06-30T14:07:01+00:00","og_image":[{"width":750,"height":1036,"url":"https:\/\/abspace.yves-rocher.com\/se\/wp-content\/uploads\/sites\/12\/2019\/12\/2003_D_HP-AB-SPACE_Image5_750x1036.jpg","type":"image\/jpeg"}],"author":"Claire Mazzella","twitter_card":"summary_large_image","twitter_misc":{"Written by":"Claire Mazzella","Est. reading time":"3 minutes"},"schema":{"@context":"https:\/\/schema.org","@graph":[{"@type":"WebPage","@id":"https:\/\/abspace.yves-rocher.com\/se\/sv\/var-i-la-gacilly\/","url":"https:\/\/abspace.yves-rocher.com\/se\/sv\/var-i-la-gacilly\/","name":"Act Beautiful - V\u00e5r i La Gacilly - Yves Rocher","isPartOf":{"@id":"https:\/\/abspace.yves-rocher.com\/se\/#website"},"primaryImageOfPage":{"@id":"https:\/\/abspace.yves-rocher.com\/se\/sv\/var-i-la-gacilly\/#primaryimage"},"image":{"@id":"https:\/\/abspace.yves-rocher.com\/se\/sv\/var-i-la-gacilly\/#primaryimage"},"thumbnailUrl":"https:\/\/abspace.yves-rocher.com\/se\/wp-content\/uploads\/sites\/12\/2019\/12\/2003_D_HP-AB-SPACE_Image5_750x1036.jpg","datePublished":"2020-03-10T14:15:08+00:00","dateModified":"2021-06-30T14:07:01+00:00","author":{"@id":"https:\/\/abspace.yves-rocher.com\/se\/#\/schema\/person\/0e0b9549e5675a6d05c0a7b0955fbffc"},"description":"L\u00e5t oss visa dig vad som sker p\u00e5 v\u00e5ra f\u00e4lt under den h\u00e4r s\u00e4songen!","breadcrumb":{"@id":"https:\/\/abspace.yves-rocher.com\/se\/sv\/var-i-la-gacilly\/#breadcrumb"},"inLanguage":"sv-SE","potentialAction":[{"@type":"ReadAction","target":["https:\/\/abspace.yves-rocher.com\/se\/sv\/var-i-la-gacilly\/"]}]},{"@type":"ImageObject","inLanguage":"sv-SE","@id":"https:\/\/abspace.yves-rocher.com\/se\/sv\/var-i-la-gacilly\/#primaryimage","url":"https:\/\/abspace.yves-rocher.com\/se\/wp-content\/uploads\/sites\/12\/2019\/12\/2003_D_HP-AB-SPACE_Image5_750x1036.jpg","contentUrl":"https:\/\/abspace.yves-rocher.com\/se\/wp-content\/uploads\/sites\/12\/2019\/12\/2003_D_HP-AB-SPACE_Image5_750x1036.jpg","width":750,"height":1036},{"@type":"BreadcrumbList","@id":"https:\/\/abspace.yves-rocher.com\/se\/sv\/var-i-la-gacilly\/#breadcrumb","itemListElement":[{"@type":"ListItem","position":1,"name":"Home","item":"https:\/\/abspace.yves-rocher.com\/se\/sv\/"},{"@type":"ListItem","position":2,"name":"V\u00e5r i La Gacilly"}]},{"@type":"WebSite","@id":"https:\/\/abspace.yves-rocher.com\/se\/#website","url":"https:\/\/abspace.yves-rocher.com\/se\/","name":"Sweden YR AB","description":"Just another Act Beautiful site","potentialAction":[{"@type":"SearchAction","target":{"@type":"EntryPoint","urlTemplate":"https:\/\/abspace.yves-rocher.com\/se\/?s={search_term_string}"},"query-input":{"@type":"PropertyValueSpecification","valueRequired":true,"valueName":"search_term_string"}}],"inLanguage":"sv-SE"},{"@type":"Person","@id":"https:\/\/abspace.yves-rocher.com\/se\/#\/schema\/person\/0e0b9549e5675a6d05c0a7b0955fbffc","name":"Claire Mazzella","image":{"@type":"ImageObject","inLanguage":"sv-SE","@id":"https:\/\/abspace.yves-rocher.com\/se\/#\/schema\/person\/image\/","url":"https:\/\/secure.gravatar.com\/avatar\/190d6b6e3ba3aa26c1ec41bf67910097?s=96&d=mm&r=g","contentUrl":"https:\/\/secure.gravatar.com\/avatar\/190d6b6e3ba3aa26c1ec41bf67910097?s=96&d=mm&r=g","caption":"Claire Mazzella"},"url":"https:\/\/abspace.yves-rocher.com\/se\/sv\/author\/clairemazella\/"}]}},"_links":{"self":[{"href":"https:\/\/abspace.yves-rocher.com\/se\/ws\/wp\/v2\/posts\/4537","targetHints":{"allow":["GET"]}}],"collection":[{"href":"https:\/\/abspace.yves-rocher.com\/se\/ws\/wp\/v2\/posts"}],"about":[{"href":"https:\/\/abspace.yves-rocher.com\/se\/ws\/wp\/v2\/types\/post"}],"author":[{"embeddable":true,"href":"https:\/\/abspace.yves-rocher.com\/se\/ws\/wp\/v2\/users\/397564"}],"replies":[{"embeddable":true,"href":"https:\/\/abspace.yves-rocher.com\/se\/ws\/wp\/v2\/comments?post=4537"}],"version-history":[{"count":5,"href":"https:\/\/abspace.yves-rocher.com\/se\/ws\/wp\/v2\/posts\/4537\/revisions"}],"predecessor-version":[{"id":5963,"href":"https:\/\/abspace.yves-rocher.com\/se\/ws\/wp\/v2\/posts\/4537\/revisions\/5963"}],"wp:featuredmedia":[{"embeddable":true,"href":"https:\/\/abspace.yves-rocher.com\/se\/ws\/wp\/v2\/media\/4539"}],"wp:attachment":[{"href":"https:\/\/abspace.yves-rocher.com\/se\/ws\/wp\/v2\/media?parent=4537"}],"wp:term":[{"taxonomy":"category","embeddable":true,"href":"https:\/\/abspace.yves-rocher.com\/se\/ws\/wp\/v2\/categories?post=4537"},{"taxonomy":"post_tag","embeddable":true,"href":"https:\/\/abspace.yves-rocher.com\/se\/ws\/wp\/v2\/tags?post=4537"}],"curies":[{"name":"wp","href":"https:\/\/api.w.org\/{rel}","templated":true}]}}